{"id":2722,"date":"2024-03-22T13:28:45","date_gmt":"2024-03-22T16:28:45","guid":{"rendered":"https:\/\/www.oracaoefe.com\/?p=2722"},"modified":"2024-03-22T13:28:46","modified_gmt":"2024-03-22T16:28:46","slug":"como-a-fe-pode-curar-entenda-o-poder-dentro-de-si","status":"publish","type":"post","link":"https:\/\/www.oracaoefe.com\/fr\/como-a-fe-pode-curar-entenda-o-poder-dentro-de-si\/","title":{"rendered":"Como a f\u00e9 pode curar? Entenda o poder dentro de si"},"content":{"rendered":"<p class=\"wp-block-paragraph\">A f\u00e9 \u00e9 uma for\u00e7a poderosa que tem sido objeto de estudo, debate e pr\u00e1tica ao longo dos s\u00e9culos. Muitas pessoas relatam experi\u00eancias de cura e supera\u00e7\u00e3o atrav\u00e9s da f\u00e9, seja ela religiosa, espiritual ou simplesmente uma cren\u00e7a profunda em algo maior do que n\u00f3s mesmos. Mas como exatamente a f\u00e9 pode curar? Vamos entender essa quest\u00e3o e o poder que reside dentro de cada um de n\u00f3s.<\/p>\n\n\n\n<h2 class=\"wp-block-heading\">A Natureza da F\u00e9<\/h2>\n\n\n\n<p class=\"wp-block-paragraph\">Antes de mergulharmos na rela\u00e7\u00e3o entre f\u00e9 e cura, \u00e9 importante compreender o que exatamente \u00e9 a f\u00e9. A f\u00e9 pode ser definida como uma cren\u00e7a inabal\u00e1vel em algo que n\u00e3o pode ser comprovado pela raz\u00e3o ou pela ci\u00eancia. Ela vai al\u00e9m da compreens\u00e3o intelectual e alcan\u00e7a o \u00e2mago do ser humano, muitas vezes transcendendo as barreiras da l\u00f3gica e da evid\u00eancia emp\u00edrica.<\/p>\n\n\n\n<p class=\"wp-block-paragraph\">A f\u00e9 pode assumir diversas formas, desde a f\u00e9 religiosa em um poder superior at\u00e9 a f\u00e9 no potencial humano ou na capacidade de supera\u00e7\u00e3o. Independentemente da forma que ela assume, a f\u00e9 compartilha uma caracter\u00edstica fundamental: a capacidade de inspirar esperan\u00e7a, coragem e perseveran\u00e7a.<\/p>\n\n\n\n<h2 class=\"wp-block-heading\">O Poder da Mente sobre o Corpo<\/h2>\n\n\n\n<p class=\"wp-block-paragraph\">Numerosos estudos t\u00eam investigado a rela\u00e7\u00e3o entre mente e corpo, e cada vez mais evid\u00eancias sugerem que nossos pensamentos, emo\u00e7\u00f5es e cren\u00e7as podem influenciar diretamente nossa sa\u00fade f\u00edsica. A mente e o corpo est\u00e3o interconectados de maneiras complexas, e a maneira como pensamos e sentimos pode afetar diretamente nosso bem-estar f\u00edsico.<\/p>\n\n\n\n<p class=\"wp-block-paragraph\">Aqui \u00e9 onde a f\u00e9 entra em cena. Quando algu\u00e9m possui uma forte f\u00e9 na possibilidade de cura, seja atrav\u00e9s da ora\u00e7\u00e3o, medita\u00e7\u00e3o, visualiza\u00e7\u00e3o ou simplesmente confian\u00e7a na pr\u00f3pria capacidade de se recuperar, essa cren\u00e7a pode desencadear uma s\u00e9rie de processos fisiol\u00f3gicos que promovem a cura. A f\u00e9 pode reduzir o estresse, fortalecer o sistema imunol\u00f3gico, aumentar a produ\u00e7\u00e3o de subst\u00e2ncias qu\u00edmicas no c\u00e9rebro associadas ao bem-estar e at\u00e9 mesmo influenciar a express\u00e3o de genes relacionados \u00e0 sa\u00fade.<\/p>\n\n\n\n<figure class=\"wp-block-image size-large\"><img loading=\"lazy\" decoding=\"async\" width=\"1024\" height=\"537\" src=\"https:\/\/www.oracaoefe.com\/wp-content\/uploads\/2024\/03\/image-1-1024x537.png\" alt=\"\" class=\"wp-image-2723\" srcset=\"https:\/\/www.oracaoefe.com\/wp-content\/uploads\/2024\/03\/image-1-1024x537.png 1024w, https:\/\/www.oracaoefe.com\/wp-content\/uploads\/2024\/03\/image-1-300x157.png 300w, https:\/\/www.oracaoefe.com\/wp-content\/uploads\/2024\/03\/image-1-768x403.png 768w, https:\/\/www.oracaoefe.com\/wp-content\/uploads\/2024\/03\/image-1-18x9.png 18w, https:\/\/www.oracaoefe.com\/wp-content\/uploads\/2024\/03\/image-1.png 1280w\" sizes=\"auto, (max-width: 1024px) 100vw, 1024px\" \/><\/figure>\n\n\n\n<h2 class=\"wp-block-heading\">O Papel da Esperan\u00e7a e do Prop\u00f3sito<\/h2>\n\n\n\n<p class=\"wp-block-paragraph\">Al\u00e9m dos efeitos diretos sobre o corpo, a f\u00e9 tamb\u00e9m pode nutrir a esperan\u00e7a e o prop\u00f3sito na vida de uma pessoa. A esperan\u00e7a \u00e9 um poderoso motivador que pode impulsionar algu\u00e9m a buscar tratamentos m\u00e9dicos, adotar h\u00e1bitos de vida saud\u00e1veis \u200b\u200be enfrentar os desafios com resili\u00eancia. O prop\u00f3sito, por sua vez, d\u00e1 significado \u00e0 vida e pode fornecer uma \u00e2ncora emocional durante tempos dif\u00edceis.<\/p>\n\n\n\n<p class=\"wp-block-paragraph\">Quando algu\u00e9m encontra significado e prop\u00f3sito em sua f\u00e9, isso pode fornecer uma fonte de for\u00e7a e consolo inabal\u00e1vel, mesmo nas circunst\u00e2ncias mais adversas. Essa sensa\u00e7\u00e3o de conex\u00e3o com algo maior do que n\u00f3s mesmos pode proporcionar uma sensa\u00e7\u00e3o de paz interior que \u00e9 profundamente curativa.<\/p>\n\n\n\n<h2 class=\"wp-block-heading\">Integrando F\u00e9 e Ci\u00eancia<\/h2>\n\n\n\n<p class=\"wp-block-paragraph\">\u00c9 importante ressaltar que a f\u00e9 n\u00e3o \u00e9 uma panaceia para todas as doen\u00e7as, e n\u00e3o substitui os cuidados m\u00e9dicos adequados. No entanto, a ci\u00eancia est\u00e1 come\u00e7ando a reconhecer cada vez mais o papel da mente e do esp\u00edrito na sa\u00fade e na cura. Integrar abordagens baseadas na f\u00e9 com os cuidados m\u00e9dicos convencionais pode oferecer uma abordagem hol\u00edstica e abrangente para o bem-estar geral.<\/p>\n\n\n\n<h2 class=\"wp-block-heading\">Descubra o Poder Dentro de Si<\/h2>\n\n\n\n<p class=\"wp-block-paragraph\">Em \u00faltima an\u00e1lise, a quest\u00e3o de como a f\u00e9 pode curar \u00e9 complexa e multifacetada. A f\u00e9 pode n\u00e3o apenas influenciar diretamente a sa\u00fade f\u00edsica, mas tamb\u00e9m fortalecer a resili\u00eancia emocional, nutrir a esperan\u00e7a e o prop\u00f3sito, e proporcionar uma sensa\u00e7\u00e3o de conex\u00e3o e significado.<\/p>\n\n\n\n<p class=\"wp-block-paragraph\">Independentemente de suas cren\u00e7as individuais, \u00e9 importante reconhecer o poder que reside dentro de cada um de n\u00f3s para cultivar uma f\u00e9 que inspire cura e transforma\u00e7\u00e3o. Ao nutrir nossa f\u00e9 e nossa conex\u00e3o com algo maior do que n\u00f3s mesmos, podemos acessar um reservat\u00f3rio de for\u00e7a e resili\u00eancia que pode nos ajudar a enfrentar os desafios da vida com coragem e gratid\u00e3o.<\/p>\n\n\n\n<p class=\"wp-block-paragraph\">Que possamos todos descobrir e cultivar o poder da f\u00e9 dentro de n\u00f3s, e que esse poder nos guie em nossa jornada de cura e crescimento pessoal.<\/p>\n\n\n\n<p class=\"wp-block-paragraph\">Se voc\u00ea gostou deste artigo, compartilhe-o com amigos e familiares. Deixe seus coment\u00e1rios abaixo e vamos continuar essa conversa sobre o poder da f\u00e9 e da cura!<\/p>\n\n\n\n<p class=\"wp-block-paragraph\"><strong>Voir aussi\u00a0: <a href=\"https:\/\/www.oracaoefe.com\/fr\/como-a-fe-nos-prepara-para-os-desafios-da-vida\/\">Como a F\u00e9 nos Prepara para os Desafios da Vida<\/a><\/strong><\/p>\n\n\n\n<p class=\"wp-block-paragraph\">22 de mar\u00e7o de 2024<\/p>","protected":false},"excerpt":{"rendered":"<p>A f\u00e9 \u00e9 uma for\u00e7a poderosa que tem sido objeto de estudo, debate e pr\u00e1tica ao longo dos s\u00e9culos. Muitas pessoas relatam experi\u00eancias de cura e supera\u00e7\u00e3o atrav\u00e9s da f\u00e9, seja ela religiosa, espiritual ou simplesmente uma cren\u00e7a profunda em algo maior do que n\u00f3s mesmos. Mas como exatamente a f\u00e9 pode curar? Vamos entender&hellip;&nbsp;<\/p>","protected":false},"author":3,"featured_media":2723,"comment_status":"closed","ping_status":"closed","sticky":false,"template":"","format":"standard","meta":{"neve_meta_sidebar":"","neve_meta_container":"","neve_meta_enable_content_width":"","neve_meta_content_width":0,"neve_meta_title_alignment":"","neve_meta_author_avatar":"","neve_post_elements_order":"","neve_meta_disable_header":"","neve_meta_disable_footer":"","neve_meta_disable_title":"","footnotes":""},"categories":[3],"tags":[],"class_list":["post-2722","post","type-post","status-publish","format-standard","has-post-thumbnail","hentry","category-fe"],"yoast_head":"<!-- This site is optimized with the Yoast SEO plugin v28.4 - https:\/\/yoast.com\/product\/yoast-seo-wordpress\/ -->\n<title>Como a f\u00e9 pode curar? Entenda o poder dentro de si - Ora\u00e7\u00e3o e F\u00e9<\/title>\n<meta name=\"description\" content=\"Deus tem pra voc\u00ea uma palavra de vida!\" \/>\n<meta name=\"robots\" content=\"index, follow, max-snippet:-1, max-image-preview:large, max-video-preview:-1\" \/>\n<link rel=\"canonical\" href=\"https:\/\/www.oracaoefe.com\/fr\/como-a-fe-pode-curar-entenda-o-poder-dentro-de-si\/\" \/>\n<meta property=\"og:locale\" content=\"fr_FR\" \/>\n<meta property=\"og:type\" content=\"article\" \/>\n<meta property=\"og:title\" content=\"Como a f\u00e9 pode curar? Entenda o poder dentro de si - Ora\u00e7\u00e3o e F\u00e9\" \/>\n<meta property=\"og:description\" content=\"Deus tem pra voc\u00ea uma palavra de vida!\" \/>\n<meta property=\"og:url\" content=\"https:\/\/www.oracaoefe.com\/fr\/como-a-fe-pode-curar-entenda-o-poder-dentro-de-si\/\" \/>\n<meta property=\"og:site_name\" content=\"Ora\u00e7\u00e3o e F\u00e9\" \/>\n<meta property=\"article:published_time\" content=\"2024-03-22T16:28:45+00:00\" \/>\n<meta property=\"article:modified_time\" content=\"2024-03-22T16:28:46+00:00\" \/>\n<meta property=\"og:image\" content=\"https:\/\/www.oracaoefe.com\/wp-content\/uploads\/2024\/03\/image-1.png\" \/>\n\t<meta property=\"og:image:width\" content=\"1280\" \/>\n\t<meta property=\"og:image:height\" content=\"671\" \/>\n\t<meta property=\"og:image:type\" content=\"image\/png\" \/>\n<meta name=\"author\" content=\"Michele Azevedo\" \/>\n<meta name=\"twitter:card\" content=\"summary_large_image\" \/>\n<meta name=\"twitter:label1\" content=\"\u00c9crit par\" \/>\n\t<meta name=\"twitter:data1\" content=\"Michele Azevedo\" \/>\n\t<meta name=\"twitter:label2\" content=\"Dur\u00e9e de lecture estim\u00e9e\" \/>\n\t<meta name=\"twitter:data2\" content=\"4 minutes\" \/>\n<script type=\"application\/ld+json\" class=\"yoast-schema-graph\">{\"@context\":\"https:\\\/\\\/schema.org\",\"@graph\":[{\"@type\":\"Article\",\"@id\":\"https:\\\/\\\/www.oracaoefe.com\\\/como-a-fe-pode-curar-entenda-o-poder-dentro-de-si\\\/#article\",\"isPartOf\":{\"@id\":\"https:\\\/\\\/www.oracaoefe.com\\\/como-a-fe-pode-curar-entenda-o-poder-dentro-de-si\\\/\"},\"author\":{\"name\":\"Michele Azevedo\",\"@id\":\"https:\\\/\\\/www.oracaoefe.com\\\/#\\\/schema\\\/person\\\/17283c669442cf005c4d5bb58adfb7f5\"},\"headline\":\"Como a f\u00e9 pode curar? Entenda o poder dentro de si\",\"datePublished\":\"2024-03-22T16:28:45+00:00\",\"dateModified\":\"2024-03-22T16:28:46+00:00\",\"mainEntityOfPage\":{\"@id\":\"https:\\\/\\\/www.oracaoefe.com\\\/como-a-fe-pode-curar-entenda-o-poder-dentro-de-si\\\/\"},\"wordCount\":795,\"image\":{\"@id\":\"https:\\\/\\\/www.oracaoefe.com\\\/como-a-fe-pode-curar-entenda-o-poder-dentro-de-si\\\/#primaryimage\"},\"thumbnailUrl\":\"https:\\\/\\\/www.oracaoefe.com\\\/wp-content\\\/uploads\\\/2024\\\/03\\\/image-1.png\",\"articleSection\":[\"F\u00e9\"],\"inLanguage\":\"fr-FR\"},{\"@type\":\"WebPage\",\"@id\":\"https:\\\/\\\/www.oracaoefe.com\\\/como-a-fe-pode-curar-entenda-o-poder-dentro-de-si\\\/\",\"url\":\"https:\\\/\\\/www.oracaoefe.com\\\/como-a-fe-pode-curar-entenda-o-poder-dentro-de-si\\\/\",\"name\":\"Como a f\u00e9 pode curar? Entenda o poder dentro de si - Ora\u00e7\u00e3o e F\u00e9\",\"isPartOf\":{\"@id\":\"https:\\\/\\\/www.oracaoefe.com\\\/#website\"},\"primaryImageOfPage\":{\"@id\":\"https:\\\/\\\/www.oracaoefe.com\\\/como-a-fe-pode-curar-entenda-o-poder-dentro-de-si\\\/#primaryimage\"},\"image\":{\"@id\":\"https:\\\/\\\/www.oracaoefe.com\\\/como-a-fe-pode-curar-entenda-o-poder-dentro-de-si\\\/#primaryimage\"},\"thumbnailUrl\":\"https:\\\/\\\/www.oracaoefe.com\\\/wp-content\\\/uploads\\\/2024\\\/03\\\/image-1.png\",\"datePublished\":\"2024-03-22T16:28:45+00:00\",\"dateModified\":\"2024-03-22T16:28:46+00:00\",\"author\":{\"@id\":\"https:\\\/\\\/www.oracaoefe.com\\\/#\\\/schema\\\/person\\\/17283c669442cf005c4d5bb58adfb7f5\"},\"description\":\"Deus tem pra voc\u00ea uma palavra de vida!\",\"breadcrumb\":{\"@id\":\"https:\\\/\\\/www.oracaoefe.com\\\/como-a-fe-pode-curar-entenda-o-poder-dentro-de-si\\\/#breadcrumb\"},\"inLanguage\":\"fr-FR\",\"potentialAction\":[{\"@type\":\"ReadAction\",\"target\":[\"https:\\\/\\\/www.oracaoefe.com\\\/como-a-fe-pode-curar-entenda-o-poder-dentro-de-si\\\/\"]}]},{\"@type\":\"ImageObject\",\"inLanguage\":\"fr-FR\",\"@id\":\"https:\\\/\\\/www.oracaoefe.com\\\/como-a-fe-pode-curar-entenda-o-poder-dentro-de-si\\\/#primaryimage\",\"url\":\"https:\\\/\\\/www.oracaoefe.com\\\/wp-content\\\/uploads\\\/2024\\\/03\\\/image-1.png\",\"contentUrl\":\"https:\\\/\\\/www.oracaoefe.com\\\/wp-content\\\/uploads\\\/2024\\\/03\\\/image-1.png\",\"width\":1280,\"height\":671},{\"@type\":\"BreadcrumbList\",\"@id\":\"https:\\\/\\\/www.oracaoefe.com\\\/como-a-fe-pode-curar-entenda-o-poder-dentro-de-si\\\/#breadcrumb\",\"itemListElement\":[{\"@type\":\"ListItem\",\"position\":1,\"name\":\"Home\",\"item\":\"https:\\\/\\\/www.oracaoefe.com\\\/\"},{\"@type\":\"ListItem\",\"position\":2,\"name\":\"F\u00e9\",\"item\":\"https:\\\/\\\/www.oracaoefe.com\\\/es\\\/categoria\\\/fe\\\/\"},{\"@type\":\"ListItem\",\"position\":3,\"name\":\"Como a f\u00e9 pode curar? Entenda o poder dentro de si\"}]},{\"@type\":\"WebSite\",\"@id\":\"https:\\\/\\\/www.oracaoefe.com\\\/#website\",\"url\":\"https:\\\/\\\/www.oracaoefe.com\\\/\",\"name\":\"Ora\u00e7\u00e3o e F\u00e9\",\"description\":\"\",\"potentialAction\":[{\"@type\":\"SearchAction\",\"target\":{\"@type\":\"EntryPoint\",\"urlTemplate\":\"https:\\\/\\\/www.oracaoefe.com\\\/?s={search_term_string}\"},\"query-input\":{\"@type\":\"PropertyValueSpecification\",\"valueRequired\":true,\"valueName\":\"search_term_string\"}}],\"inLanguage\":\"fr-FR\"},{\"@type\":\"Person\",\"@id\":\"https:\\\/\\\/www.oracaoefe.com\\\/#\\\/schema\\\/person\\\/17283c669442cf005c4d5bb58adfb7f5\",\"name\":\"Michele Azevedo\",\"image\":{\"@type\":\"ImageObject\",\"inLanguage\":\"fr-FR\",\"@id\":\"https:\\\/\\\/secure.gravatar.com\\\/avatar\\\/6b0eb9d22841282815e2cd856a0061c45e1761cd54b22e952d98c4746939aa85?s=96&d=mm&r=g\",\"url\":\"https:\\\/\\\/secure.gravatar.com\\\/avatar\\\/6b0eb9d22841282815e2cd856a0061c45e1761cd54b22e952d98c4746939aa85?s=96&d=mm&r=g\",\"contentUrl\":\"https:\\\/\\\/secure.gravatar.com\\\/avatar\\\/6b0eb9d22841282815e2cd856a0061c45e1761cd54b22e952d98c4746939aa85?s=96&d=mm&r=g\",\"caption\":\"Michele Azevedo\"},\"description\":\"Formada em Letras - Portugu\u00eas\\\/ Ingl\u00eas pela Universidade Estadual de Ponta Grossa (UEPG), p\u00f3s-graduada em Arte na Educa\u00e7\u00e3o (FAPI) e Psicopedagogia Escolar (FAPI), idealizadora e propriet\u00e1ria do site Escritora de Sucesso, possui experi\u00eancia em escrita para blogs em geral e atua como redatora e revisora dos conte\u00fados do Ora\u00e7\u00e3o e F\u00e9.\",\"url\":\"https:\\\/\\\/www.oracaoefe.com\\\/fr\\\/author\\\/michele-azevedo\\\/\"}]}<\/script>\n<!-- \/ Yoast SEO plugin. -->","yoast_head_json":{"title":"Como a f\u00e9 pode curar? Entenda o poder dentro de si - Ora\u00e7\u00e3o e F\u00e9","description":"Dieu a une parole de vie pour vous !","robots":{"index":"index","follow":"follow","max-snippet":"max-snippet:-1","max-image-preview":"max-image-preview:large","max-video-preview":"max-video-preview:-1"},"canonical":"https:\/\/www.oracaoefe.com\/fr\/como-a-fe-pode-curar-entenda-o-poder-dentro-de-si\/","og_locale":"fr_FR","og_type":"article","og_title":"Como a f\u00e9 pode curar? Entenda o poder dentro de si - Ora\u00e7\u00e3o e F\u00e9","og_description":"Deus tem pra voc\u00ea uma palavra de vida!","og_url":"https:\/\/www.oracaoefe.com\/fr\/como-a-fe-pode-curar-entenda-o-poder-dentro-de-si\/","og_site_name":"Ora\u00e7\u00e3o e F\u00e9","article_published_time":"2024-03-22T16:28:45+00:00","article_modified_time":"2024-03-22T16:28:46+00:00","og_image":[{"width":1280,"height":671,"url":"https:\/\/www.oracaoefe.com\/wp-content\/uploads\/2024\/03\/image-1.png","type":"image\/png"}],"author":"Michele Azevedo","twitter_card":"summary_large_image","twitter_misc":{"\u00c9crit par":"Michele Azevedo","Dur\u00e9e de lecture estim\u00e9e":"4 minutes"},"schema":{"@context":"https:\/\/schema.org","@graph":[{"@type":"Article","@id":"https:\/\/www.oracaoefe.com\/como-a-fe-pode-curar-entenda-o-poder-dentro-de-si\/#article","isPartOf":{"@id":"https:\/\/www.oracaoefe.com\/como-a-fe-pode-curar-entenda-o-poder-dentro-de-si\/"},"author":{"name":"Michele Azevedo","@id":"https:\/\/www.oracaoefe.com\/#\/schema\/person\/17283c669442cf005c4d5bb58adfb7f5"},"headline":"Como a f\u00e9 pode curar? Entenda o poder dentro de si","datePublished":"2024-03-22T16:28:45+00:00","dateModified":"2024-03-22T16:28:46+00:00","mainEntityOfPage":{"@id":"https:\/\/www.oracaoefe.com\/como-a-fe-pode-curar-entenda-o-poder-dentro-de-si\/"},"wordCount":795,"image":{"@id":"https:\/\/www.oracaoefe.com\/como-a-fe-pode-curar-entenda-o-poder-dentro-de-si\/#primaryimage"},"thumbnailUrl":"https:\/\/www.oracaoefe.com\/wp-content\/uploads\/2024\/03\/image-1.png","articleSection":["F\u00e9"],"inLanguage":"fr-FR"},{"@type":"WebPage","@id":"https:\/\/www.oracaoefe.com\/como-a-fe-pode-curar-entenda-o-poder-dentro-de-si\/","url":"https:\/\/www.oracaoefe.com\/como-a-fe-pode-curar-entenda-o-poder-dentro-de-si\/","name":"Como a f\u00e9 pode curar? Entenda o poder dentro de si - Ora\u00e7\u00e3o e F\u00e9","isPartOf":{"@id":"https:\/\/www.oracaoefe.com\/#website"},"primaryImageOfPage":{"@id":"https:\/\/www.oracaoefe.com\/como-a-fe-pode-curar-entenda-o-poder-dentro-de-si\/#primaryimage"},"image":{"@id":"https:\/\/www.oracaoefe.com\/como-a-fe-pode-curar-entenda-o-poder-dentro-de-si\/#primaryimage"},"thumbnailUrl":"https:\/\/www.oracaoefe.com\/wp-content\/uploads\/2024\/03\/image-1.png","datePublished":"2024-03-22T16:28:45+00:00","dateModified":"2024-03-22T16:28:46+00:00","author":{"@id":"https:\/\/www.oracaoefe.com\/#\/schema\/person\/17283c669442cf005c4d5bb58adfb7f5"},"description":"Dieu a une parole de vie pour vous !","breadcrumb":{"@id":"https:\/\/www.oracaoefe.com\/como-a-fe-pode-curar-entenda-o-poder-dentro-de-si\/#breadcrumb"},"inLanguage":"fr-FR","potentialAction":[{"@type":"ReadAction","target":["https:\/\/www.oracaoefe.com\/como-a-fe-pode-curar-entenda-o-poder-dentro-de-si\/"]}]},{"@type":"ImageObject","inLanguage":"fr-FR","@id":"https:\/\/www.oracaoefe.com\/como-a-fe-pode-curar-entenda-o-poder-dentro-de-si\/#primaryimage","url":"https:\/\/www.oracaoefe.com\/wp-content\/uploads\/2024\/03\/image-1.png","contentUrl":"https:\/\/www.oracaoefe.com\/wp-content\/uploads\/2024\/03\/image-1.png","width":1280,"height":671},{"@type":"BreadcrumbList","@id":"https:\/\/www.oracaoefe.com\/como-a-fe-pode-curar-entenda-o-poder-dentro-de-si\/#breadcrumb","itemListElement":[{"@type":"ListItem","position":1,"name":"Home","item":"https:\/\/www.oracaoefe.com\/"},{"@type":"ListItem","position":2,"name":"F\u00e9","item":"https:\/\/www.oracaoefe.com\/es\/categoria\/fe\/"},{"@type":"ListItem","position":3,"name":"Como a f\u00e9 pode curar? Entenda o poder dentro de si"}]},{"@type":"WebSite","@id":"https:\/\/www.oracaoefe.com\/#website","url":"https:\/\/www.oracaoefe.com\/","name":"Pri\u00e8re et foi","description":"","potentialAction":[{"@type":"SearchAction","target":{"@type":"EntryPoint","urlTemplate":"https:\/\/www.oracaoefe.com\/?s={search_term_string}"},"query-input":{"@type":"PropertyValueSpecification","valueRequired":true,"valueName":"search_term_string"}}],"inLanguage":"fr-FR"},{"@type":"Person","@id":"https:\/\/www.oracaoefe.com\/#\/schema\/person\/17283c669442cf005c4d5bb58adfb7f5","name":"Michele Azevedo","image":{"@type":"ImageObject","inLanguage":"fr-FR","@id":"https:\/\/secure.gravatar.com\/avatar\/6b0eb9d22841282815e2cd856a0061c45e1761cd54b22e952d98c4746939aa85?s=96&d=mm&r=g","url":"https:\/\/secure.gravatar.com\/avatar\/6b0eb9d22841282815e2cd856a0061c45e1761cd54b22e952d98c4746939aa85?s=96&d=mm&r=g","contentUrl":"https:\/\/secure.gravatar.com\/avatar\/6b0eb9d22841282815e2cd856a0061c45e1761cd54b22e952d98c4746939aa85?s=96&d=mm&r=g","caption":"Michele Azevedo"},"description":"Dipl\u00f4m\u00e9e en litt\u00e9rature portugaise\/anglaise de l&#039;Universit\u00e9 d&#039;\u00c9tat de Ponta Grossa (UEPG), avec des dipl\u00f4mes de troisi\u00e8me cycle en art dans l&#039;\u00e9ducation (FAPI) et en psychop\u00e9dagogie scolaire (FAPI), elle est la cr\u00e9atrice et propri\u00e9taire du site web Escritora de Sucesso, a de l&#039;exp\u00e9rience dans l&#039;\u00e9criture pour les blogs en g\u00e9n\u00e9ral et travaille comme r\u00e9dactrice et \u00e9ditrice du contenu pour Ora\u00e7\u00e3o e F\u00e9.","url":"https:\/\/www.oracaoefe.com\/fr\/author\/michele-azevedo\/"}]}},"_links":{"self":[{"href":"https:\/\/www.oracaoefe.com\/fr\/wp-json\/wp\/v2\/posts\/2722","targetHints":{"allow":["GET"]}}],"collection":[{"href":"https:\/\/www.oracaoefe.com\/fr\/wp-json\/wp\/v2\/posts"}],"about":[{"href":"https:\/\/www.oracaoefe.com\/fr\/wp-json\/wp\/v2\/types\/post"}],"author":[{"embeddable":true,"href":"https:\/\/www.oracaoefe.com\/fr\/wp-json\/wp\/v2\/users\/3"}],"replies":[{"embeddable":true,"href":"https:\/\/www.oracaoefe.com\/fr\/wp-json\/wp\/v2\/comments?post=2722"}],"version-history":[{"count":1,"href":"https:\/\/www.oracaoefe.com\/fr\/wp-json\/wp\/v2\/posts\/2722\/revisions"}],"predecessor-version":[{"id":2724,"href":"https:\/\/www.oracaoefe.com\/fr\/wp-json\/wp\/v2\/posts\/2722\/revisions\/2724"}],"wp:featuredmedia":[{"embeddable":true,"href":"https:\/\/www.oracaoefe.com\/fr\/wp-json\/wp\/v2\/media\/2723"}],"wp:attachment":[{"href":"https:\/\/www.oracaoefe.com\/fr\/wp-json\/wp\/v2\/media?parent=2722"}],"wp:term":[{"taxonomy":"category","embeddable":true,"href":"https:\/\/www.oracaoefe.com\/fr\/wp-json\/wp\/v2\/categories?post=2722"},{"taxonomy":"post_tag","embeddable":true,"href":"https:\/\/www.oracaoefe.com\/fr\/wp-json\/wp\/v2\/tags?post=2722"}],"curies":[{"name":"wp","href":"https:\/\/api.w.org\/{rel}","templated":true}]}}