{"id":2641,"date":"2024-03-19T21:32:33","date_gmt":"2024-03-20T00:32:33","guid":{"rendered":"https:\/\/www.oracaoefe.com\/?p=2641"},"modified":"2024-03-19T21:32:34","modified_gmt":"2024-03-20T00:32:34","slug":"orar-pode-mudar-tudo-entenda-as-razoes-desse-fato","status":"publish","type":"post","link":"https:\/\/www.oracaoefe.com\/fr\/orar-pode-mudar-tudo-entenda-as-razoes-desse-fato\/","title":{"rendered":"Orar pode mudar tudo; entenda as raz\u00f5es desse fato"},"content":{"rendered":"<p class=\"wp-block-paragraph\">A pr\u00e1tica da ora\u00e7\u00e3o \u00e9 uma constante em diversas tradi\u00e7\u00f5es religiosas e espirituais ao redor do mundo. Desde tempos imemoriais, as pessoas recorrem \u00e0 ora\u00e7\u00e3o em momentos de necessidade, gratid\u00e3o, reflex\u00e3o ou simplesmente para buscar uma conex\u00e3o mais profunda com o divino. Mas al\u00e9m de ser uma express\u00e3o de devo\u00e7\u00e3o ou f\u00e9, a ora\u00e7\u00e3o tamb\u00e9m tem sido associada a mudan\u00e7as reais e palp\u00e1veis nas vidas daqueles que a praticam.&nbsp;<\/p>\n\n\n\n<h2 class=\"wp-block-heading\">A Natureza da Ora\u00e7\u00e3o<\/h2>\n\n\n\n<p class=\"wp-block-paragraph\">Antes de mergulharmos nas raz\u00f5es pelas quais a ora\u00e7\u00e3o pode ter um impacto t\u00e3o significativo, \u00e9 importante compreendermos a natureza dessa pr\u00e1tica. A ora\u00e7\u00e3o \u00e9 muito mais do que simplesmente fazer pedidos ou expressar gratid\u00e3o. Ela envolve uma profunda conex\u00e3o com o eu interior e com o divino, seja qual for a forma que essa divindade assuma para o praticante.<\/p>\n\n\n\n<h2 class=\"wp-block-heading\">Foco e Clareza Mental<\/h2>\n\n\n\n<p class=\"wp-block-paragraph\">Quando nos dedicamos \u00e0 ora\u00e7\u00e3o, estamos direcionando nossa aten\u00e7\u00e3o para algo maior do que n\u00f3s mesmos. Esse ato de focalizar nossos pensamentos e inten\u00e7\u00f5es pode ajudar a clarear nossa mente e a concentrar nossas energias naquilo que realmente importa. Ao inv\u00e9s de nos deixarmos levar pelo caos e pela confus\u00e3o do mundo exterior, a ora\u00e7\u00e3o nos permite encontrar um espa\u00e7o de tranquilidade interior, onde podemos refletir e discernir com clareza.<\/p>\n\n\n\n<h2 class=\"wp-block-heading\">Manifesta\u00e7\u00e3o de Inten\u00e7\u00f5es<\/h2>\n\n\n\n<p class=\"wp-block-paragraph\">Muitas tradi\u00e7\u00f5es espirituais ensinam que a ora\u00e7\u00e3o tem o poder de manifestar nossas inten\u00e7\u00f5es no mundo f\u00edsico. Ao expressarmos nossos desejos mais profundos com sinceridade e convic\u00e7\u00e3o, estamos enviando uma mensagem ao universo sobre aquilo que verdadeiramente buscamos. Essa energia direcionada pode, por sua vez, atrair circunst\u00e2ncias e oportunidades que estejam alinhadas com nossos objetivos e aspira\u00e7\u00f5es.<\/p>\n\n\n\n<figure class=\"wp-block-image size-large\"><img loading=\"lazy\" decoding=\"async\" width=\"1024\" height=\"683\" src=\"https:\/\/www.oracaoefe.com\/wp-content\/uploads\/2024\/03\/image-1024x683.png\" alt=\"\" class=\"wp-image-2642\" srcset=\"https:\/\/www.oracaoefe.com\/wp-content\/uploads\/2024\/03\/image-1024x683.png 1024w, https:\/\/www.oracaoefe.com\/wp-content\/uploads\/2024\/03\/image-300x200.png 300w, https:\/\/www.oracaoefe.com\/wp-content\/uploads\/2024\/03\/image-768x512.png 768w, https:\/\/www.oracaoefe.com\/wp-content\/uploads\/2024\/03\/image-18x12.png 18w, https:\/\/www.oracaoefe.com\/wp-content\/uploads\/2024\/03\/image.png 1280w\" sizes=\"auto, (max-width: 1024px) 100vw, 1024px\" \/><\/figure>\n\n\n\n<h2 class=\"wp-block-heading\">Fortalecimento do Sentimento de Comunidade<\/h2>\n\n\n\n<p class=\"wp-block-paragraph\">A ora\u00e7\u00e3o tamb\u00e9m tem um aspecto social e comunit\u00e1rio muito importante. Quando nos unimos em ora\u00e7\u00e3o com outras pessoas, estamos compartilhando n\u00e3o apenas nossas esperan\u00e7as e preocupa\u00e7\u00f5es, mas tamb\u00e9m nossa energia e inten\u00e7\u00e3o coletiva. Esse senso de comunidade fortalece os la\u00e7os entre os praticantes e cria um ambiente de apoio m\u00fatuo, onde todos se sentem amparados e compreendidos.<\/p>\n\n\n\n<h2 class=\"wp-block-heading\">Al\u00edvio do Estresse e da Ansiedade<\/h2>\n\n\n\n<p class=\"wp-block-paragraph\">Em um mundo cada vez mais fren\u00e9tico e exigente, a pr\u00e1tica da ora\u00e7\u00e3o pode ser um b\u00e1lsamo para a alma. Ao reservarmos um tempo para nos conectar com o divino e para nos interiorizarmos, estamos nos dando permiss\u00e3o para relaxar e liberar o estresse acumulado. A ora\u00e7\u00e3o pode ser um ref\u00fagio seguro em meio \u00e0s tempestades da vida, um momento de paz e serenidade que nos ajuda a enfrentar os desafios com mais equil\u00edbrio e confian\u00e7a.<\/p>\n\n\n\n<h2 class=\"wp-block-heading\">Transforma\u00e7\u00e3o Pessoal e Espiritual<\/h2>\n\n\n\n<p class=\"wp-block-paragraph\">Um dos aspectos mais poderosos da ora\u00e7\u00e3o \u00e9 seu potencial de promover uma transforma\u00e7\u00e3o profunda em n\u00f3s mesmos. Ao nos abrirmos para a orienta\u00e7\u00e3o e inspira\u00e7\u00e3o divinas, estamos convidando a mudan\u00e7a em nossas vidas, permitindo que nos tornemos vers\u00f5es melhores e mais aut\u00eanticas de quem somos. Esse processo de crescimento espiritual pode nos levar a uma compreens\u00e3o mais profunda do nosso prop\u00f3sito e significado na vida, bem como a uma maior harmonia com o universo ao nosso redor.<\/p>\n\n\n\n<h2 class=\"wp-block-heading\">Uma ora\u00e7\u00e3o pode mudar tudo<\/h2>\n\n\n\n<p class=\"wp-block-paragraph\">Em \u00faltima an\u00e1lise, a for\u00e7a da f\u00e9 \u00e9 o motor que move montanhas e impulsiona a mudan\u00e7a em nossas vidas. A ora\u00e7\u00e3o, como manifesta\u00e7\u00e3o dessa f\u00e9, possui um poder transformador que transcende as barreiras do tempo e do espa\u00e7o.&nbsp;<\/p>\n\n\n\n<p class=\"wp-block-paragraph\">Ao nos conectarmos com o divino por meio da <a href=\"https:\/\/www.youversion.com\/the-bible-app\/\">ora\u00e7\u00e3o<\/a>, estamos abrindo portas para possibilidades infinitas, guiados pela convic\u00e7\u00e3o de que, sim, a ora\u00e7\u00e3o pode mudar tudo. Que possamos, portanto, continuar a cultivar essa pr\u00e1tica com confian\u00e7a e devo\u00e7\u00e3o, sabendo que estamos sempre envoltos pelo amor e pela sabedoria divina.<\/p>\n\n\n\n<p class=\"wp-block-paragraph\"><strong>Voir aussi\u00a0: <a href=\"https:\/\/www.oracaoefe.com\/fr\/oracoes-intercessorias-como-rezar-pelos-outros-eficazmente\/\">Ora\u00e7\u00f5es Intercess\u00f3rias: Como Rezar pelos Outros Eficazmente<\/a><\/strong><\/p>\n\n\n\n<p class=\"wp-block-paragraph\">19 de mar\u00e7o de 2024<\/p>","protected":false},"excerpt":{"rendered":"<p>A pr\u00e1tica da ora\u00e7\u00e3o \u00e9 uma constante em diversas tradi\u00e7\u00f5es religiosas e espirituais ao redor do mundo. Desde tempos imemoriais, as pessoas recorrem \u00e0 ora\u00e7\u00e3o em momentos de necessidade, gratid\u00e3o, reflex\u00e3o ou simplesmente para buscar uma conex\u00e3o mais profunda com o divino. Mas al\u00e9m de ser uma express\u00e3o de devo\u00e7\u00e3o ou f\u00e9, a ora\u00e7\u00e3o tamb\u00e9m&hellip;&nbsp;<\/p>","protected":false},"author":3,"featured_media":2642,"comment_status":"closed","ping_status":"closed","sticky":false,"template":"","format":"standard","meta":{"neve_meta_sidebar":"","neve_meta_container":"","neve_meta_enable_content_width":"","neve_meta_content_width":0,"neve_meta_title_alignment":"","neve_meta_author_avatar":"","neve_post_elements_order":"","neve_meta_disable_header":"","neve_meta_disable_footer":"","neve_meta_disable_title":"","footnotes":""},"categories":[1],"tags":[],"class_list":["post-2641","post","type-post","status-publish","format-standard","has-post-thumbnail","hentry","category-curiosidades"],"yoast_head":"<!-- This site is optimized with the Yoast SEO plugin v28.4 - https:\/\/yoast.com\/product\/yoast-seo-wordpress\/ -->\n<title>Orar pode mudar tudo; entenda as raz\u00f5es desse fato - Ora\u00e7\u00e3o e F\u00e9<\/title>\n<meta name=\"description\" content=\"Deus tem pra voc\u00ea uma palavra de vida!\" \/>\n<meta name=\"robots\" content=\"index, follow, max-snippet:-1, max-image-preview:large, max-video-preview:-1\" \/>\n<link rel=\"canonical\" href=\"https:\/\/www.oracaoefe.com\/fr\/orar-pode-mudar-tudo-entenda-as-razoes-desse-fato\/\" \/>\n<meta property=\"og:locale\" content=\"fr_FR\" \/>\n<meta property=\"og:type\" content=\"article\" \/>\n<meta property=\"og:title\" content=\"Orar pode mudar tudo; entenda as raz\u00f5es desse fato - Ora\u00e7\u00e3o e F\u00e9\" \/>\n<meta property=\"og:description\" content=\"Deus tem pra voc\u00ea uma palavra de vida!\" \/>\n<meta property=\"og:url\" content=\"https:\/\/www.oracaoefe.com\/fr\/orar-pode-mudar-tudo-entenda-as-razoes-desse-fato\/\" \/>\n<meta property=\"og:site_name\" content=\"Ora\u00e7\u00e3o e F\u00e9\" \/>\n<meta property=\"article:published_time\" content=\"2024-03-20T00:32:33+00:00\" \/>\n<meta property=\"article:modified_time\" content=\"2024-03-20T00:32:34+00:00\" \/>\n<meta property=\"og:image\" content=\"https:\/\/www.oracaoefe.com\/wp-content\/uploads\/2024\/03\/image-1024x683.png\" \/>\n\t<meta property=\"og:image:width\" content=\"1024\" \/>\n\t<meta property=\"og:image:height\" content=\"683\" \/>\n\t<meta property=\"og:image:type\" content=\"image\/png\" \/>\n<meta name=\"author\" content=\"Michele Azevedo\" \/>\n<meta name=\"twitter:card\" content=\"summary_large_image\" \/>\n<meta name=\"twitter:label1\" content=\"\u00c9crit par\" \/>\n\t<meta name=\"twitter:data1\" content=\"Michele Azevedo\" \/>\n\t<meta name=\"twitter:label2\" content=\"Dur\u00e9e de lecture estim\u00e9e\" \/>\n\t<meta name=\"twitter:data2\" content=\"3 minutes\" \/>\n<script type=\"application\/ld+json\" class=\"yoast-schema-graph\">{\"@context\":\"https:\\\/\\\/schema.org\",\"@graph\":[{\"@type\":\"Article\",\"@id\":\"https:\\\/\\\/www.oracaoefe.com\\\/orar-pode-mudar-tudo-entenda-as-razoes-desse-fato\\\/#article\",\"isPartOf\":{\"@id\":\"https:\\\/\\\/www.oracaoefe.com\\\/orar-pode-mudar-tudo-entenda-as-razoes-desse-fato\\\/\"},\"author\":{\"name\":\"Michele Azevedo\",\"@id\":\"https:\\\/\\\/www.oracaoefe.com\\\/#\\\/schema\\\/person\\\/17283c669442cf005c4d5bb58adfb7f5\"},\"headline\":\"Orar pode mudar tudo; entenda as raz\u00f5es desse fato\",\"datePublished\":\"2024-03-20T00:32:33+00:00\",\"dateModified\":\"2024-03-20T00:32:34+00:00\",\"mainEntityOfPage\":{\"@id\":\"https:\\\/\\\/www.oracaoefe.com\\\/orar-pode-mudar-tudo-entenda-as-razoes-desse-fato\\\/\"},\"wordCount\":693,\"image\":{\"@id\":\"https:\\\/\\\/www.oracaoefe.com\\\/orar-pode-mudar-tudo-entenda-as-razoes-desse-fato\\\/#primaryimage\"},\"thumbnailUrl\":\"https:\\\/\\\/www.oracaoefe.com\\\/wp-content\\\/uploads\\\/2024\\\/03\\\/image.png\",\"articleSection\":[\"Curiosidades\"],\"inLanguage\":\"fr-FR\"},{\"@type\":\"WebPage\",\"@id\":\"https:\\\/\\\/www.oracaoefe.com\\\/orar-pode-mudar-tudo-entenda-as-razoes-desse-fato\\\/\",\"url\":\"https:\\\/\\\/www.oracaoefe.com\\\/orar-pode-mudar-tudo-entenda-as-razoes-desse-fato\\\/\",\"name\":\"Orar pode mudar tudo; entenda as raz\u00f5es desse fato - Ora\u00e7\u00e3o e F\u00e9\",\"isPartOf\":{\"@id\":\"https:\\\/\\\/www.oracaoefe.com\\\/#website\"},\"primaryImageOfPage\":{\"@id\":\"https:\\\/\\\/www.oracaoefe.com\\\/orar-pode-mudar-tudo-entenda-as-razoes-desse-fato\\\/#primaryimage\"},\"image\":{\"@id\":\"https:\\\/\\\/www.oracaoefe.com\\\/orar-pode-mudar-tudo-entenda-as-razoes-desse-fato\\\/#primaryimage\"},\"thumbnailUrl\":\"https:\\\/\\\/www.oracaoefe.com\\\/wp-content\\\/uploads\\\/2024\\\/03\\\/image.png\",\"datePublished\":\"2024-03-20T00:32:33+00:00\",\"dateModified\":\"2024-03-20T00:32:34+00:00\",\"author\":{\"@id\":\"https:\\\/\\\/www.oracaoefe.com\\\/#\\\/schema\\\/person\\\/17283c669442cf005c4d5bb58adfb7f5\"},\"description\":\"Deus tem pra voc\u00ea uma palavra de vida!\",\"breadcrumb\":{\"@id\":\"https:\\\/\\\/www.oracaoefe.com\\\/orar-pode-mudar-tudo-entenda-as-razoes-desse-fato\\\/#breadcrumb\"},\"inLanguage\":\"fr-FR\",\"potentialAction\":[{\"@type\":\"ReadAction\",\"target\":[\"https:\\\/\\\/www.oracaoefe.com\\\/orar-pode-mudar-tudo-entenda-as-razoes-desse-fato\\\/\"]}]},{\"@type\":\"ImageObject\",\"inLanguage\":\"fr-FR\",\"@id\":\"https:\\\/\\\/www.oracaoefe.com\\\/orar-pode-mudar-tudo-entenda-as-razoes-desse-fato\\\/#primaryimage\",\"url\":\"https:\\\/\\\/www.oracaoefe.com\\\/wp-content\\\/uploads\\\/2024\\\/03\\\/image.png\",\"contentUrl\":\"https:\\\/\\\/www.oracaoefe.com\\\/wp-content\\\/uploads\\\/2024\\\/03\\\/image.png\",\"width\":1280,\"height\":854},{\"@type\":\"BreadcrumbList\",\"@id\":\"https:\\\/\\\/www.oracaoefe.com\\\/orar-pode-mudar-tudo-entenda-as-razoes-desse-fato\\\/#breadcrumb\",\"itemListElement\":[{\"@type\":\"ListItem\",\"position\":1,\"name\":\"Home\",\"item\":\"https:\\\/\\\/www.oracaoefe.com\\\/\"},{\"@type\":\"ListItem\",\"position\":2,\"name\":\"Curiosidades\",\"item\":\"https:\\\/\\\/www.oracaoefe.com\\\/es\\\/categoria\\\/curiosidades\\\/\"},{\"@type\":\"ListItem\",\"position\":3,\"name\":\"Orar pode mudar tudo; entenda as raz\u00f5es desse fato\"}]},{\"@type\":\"WebSite\",\"@id\":\"https:\\\/\\\/www.oracaoefe.com\\\/#website\",\"url\":\"https:\\\/\\\/www.oracaoefe.com\\\/\",\"name\":\"Ora\u00e7\u00e3o e F\u00e9\",\"description\":\"\",\"potentialAction\":[{\"@type\":\"SearchAction\",\"target\":{\"@type\":\"EntryPoint\",\"urlTemplate\":\"https:\\\/\\\/www.oracaoefe.com\\\/?s={search_term_string}\"},\"query-input\":{\"@type\":\"PropertyValueSpecification\",\"valueRequired\":true,\"valueName\":\"search_term_string\"}}],\"inLanguage\":\"fr-FR\"},{\"@type\":\"Person\",\"@id\":\"https:\\\/\\\/www.oracaoefe.com\\\/#\\\/schema\\\/person\\\/17283c669442cf005c4d5bb58adfb7f5\",\"name\":\"Michele Azevedo\",\"image\":{\"@type\":\"ImageObject\",\"inLanguage\":\"fr-FR\",\"@id\":\"https:\\\/\\\/secure.gravatar.com\\\/avatar\\\/6b0eb9d22841282815e2cd856a0061c45e1761cd54b22e952d98c4746939aa85?s=96&d=mm&r=g\",\"url\":\"https:\\\/\\\/secure.gravatar.com\\\/avatar\\\/6b0eb9d22841282815e2cd856a0061c45e1761cd54b22e952d98c4746939aa85?s=96&d=mm&r=g\",\"contentUrl\":\"https:\\\/\\\/secure.gravatar.com\\\/avatar\\\/6b0eb9d22841282815e2cd856a0061c45e1761cd54b22e952d98c4746939aa85?s=96&d=mm&r=g\",\"caption\":\"Michele Azevedo\"},\"description\":\"Formada em Letras - Portugu\u00eas\\\/ Ingl\u00eas pela Universidade Estadual de Ponta Grossa (UEPG), p\u00f3s-graduada em Arte na Educa\u00e7\u00e3o (FAPI) e Psicopedagogia Escolar (FAPI), idealizadora e propriet\u00e1ria do site Escritora de Sucesso, possui experi\u00eancia em escrita para blogs em geral e atua como redatora e revisora dos conte\u00fados do Ora\u00e7\u00e3o e F\u00e9.\",\"url\":\"https:\\\/\\\/www.oracaoefe.com\\\/fr\\\/author\\\/michele-azevedo\\\/\"}]}<\/script>\n<!-- \/ Yoast SEO plugin. -->","yoast_head_json":{"title":"Orar pode mudar tudo; entenda as raz\u00f5es desse fato - Ora\u00e7\u00e3o e F\u00e9","description":"Dieu a une parole de vie pour vous !","robots":{"index":"index","follow":"follow","max-snippet":"max-snippet:-1","max-image-preview":"max-image-preview:large","max-video-preview":"max-video-preview:-1"},"canonical":"https:\/\/www.oracaoefe.com\/fr\/orar-pode-mudar-tudo-entenda-as-razoes-desse-fato\/","og_locale":"fr_FR","og_type":"article","og_title":"Orar pode mudar tudo; entenda as raz\u00f5es desse fato - Ora\u00e7\u00e3o e F\u00e9","og_description":"Deus tem pra voc\u00ea uma palavra de vida!","og_url":"https:\/\/www.oracaoefe.com\/fr\/orar-pode-mudar-tudo-entenda-as-razoes-desse-fato\/","og_site_name":"Ora\u00e7\u00e3o e F\u00e9","article_published_time":"2024-03-20T00:32:33+00:00","article_modified_time":"2024-03-20T00:32:34+00:00","og_image":[{"width":1024,"height":683,"url":"https:\/\/www.oracaoefe.com\/wp-content\/uploads\/2024\/03\/image-1024x683.png","type":"image\/png"}],"author":"Michele Azevedo","twitter_card":"summary_large_image","twitter_misc":{"\u00c9crit par":"Michele Azevedo","Dur\u00e9e de lecture estim\u00e9e":"3 minutes"},"schema":{"@context":"https:\/\/schema.org","@graph":[{"@type":"Article","@id":"https:\/\/www.oracaoefe.com\/orar-pode-mudar-tudo-entenda-as-razoes-desse-fato\/#article","isPartOf":{"@id":"https:\/\/www.oracaoefe.com\/orar-pode-mudar-tudo-entenda-as-razoes-desse-fato\/"},"author":{"name":"Michele Azevedo","@id":"https:\/\/www.oracaoefe.com\/#\/schema\/person\/17283c669442cf005c4d5bb58adfb7f5"},"headline":"Orar pode mudar tudo; entenda as raz\u00f5es desse fato","datePublished":"2024-03-20T00:32:33+00:00","dateModified":"2024-03-20T00:32:34+00:00","mainEntityOfPage":{"@id":"https:\/\/www.oracaoefe.com\/orar-pode-mudar-tudo-entenda-as-razoes-desse-fato\/"},"wordCount":693,"image":{"@id":"https:\/\/www.oracaoefe.com\/orar-pode-mudar-tudo-entenda-as-razoes-desse-fato\/#primaryimage"},"thumbnailUrl":"https:\/\/www.oracaoefe.com\/wp-content\/uploads\/2024\/03\/image.png","articleSection":["Curiosidades"],"inLanguage":"fr-FR"},{"@type":"WebPage","@id":"https:\/\/www.oracaoefe.com\/orar-pode-mudar-tudo-entenda-as-razoes-desse-fato\/","url":"https:\/\/www.oracaoefe.com\/orar-pode-mudar-tudo-entenda-as-razoes-desse-fato\/","name":"Orar pode mudar tudo; entenda as raz\u00f5es desse fato - Ora\u00e7\u00e3o e F\u00e9","isPartOf":{"@id":"https:\/\/www.oracaoefe.com\/#website"},"primaryImageOfPage":{"@id":"https:\/\/www.oracaoefe.com\/orar-pode-mudar-tudo-entenda-as-razoes-desse-fato\/#primaryimage"},"image":{"@id":"https:\/\/www.oracaoefe.com\/orar-pode-mudar-tudo-entenda-as-razoes-desse-fato\/#primaryimage"},"thumbnailUrl":"https:\/\/www.oracaoefe.com\/wp-content\/uploads\/2024\/03\/image.png","datePublished":"2024-03-20T00:32:33+00:00","dateModified":"2024-03-20T00:32:34+00:00","author":{"@id":"https:\/\/www.oracaoefe.com\/#\/schema\/person\/17283c669442cf005c4d5bb58adfb7f5"},"description":"Dieu a une parole de vie pour vous !","breadcrumb":{"@id":"https:\/\/www.oracaoefe.com\/orar-pode-mudar-tudo-entenda-as-razoes-desse-fato\/#breadcrumb"},"inLanguage":"fr-FR","potentialAction":[{"@type":"ReadAction","target":["https:\/\/www.oracaoefe.com\/orar-pode-mudar-tudo-entenda-as-razoes-desse-fato\/"]}]},{"@type":"ImageObject","inLanguage":"fr-FR","@id":"https:\/\/www.oracaoefe.com\/orar-pode-mudar-tudo-entenda-as-razoes-desse-fato\/#primaryimage","url":"https:\/\/www.oracaoefe.com\/wp-content\/uploads\/2024\/03\/image.png","contentUrl":"https:\/\/www.oracaoefe.com\/wp-content\/uploads\/2024\/03\/image.png","width":1280,"height":854},{"@type":"BreadcrumbList","@id":"https:\/\/www.oracaoefe.com\/orar-pode-mudar-tudo-entenda-as-razoes-desse-fato\/#breadcrumb","itemListElement":[{"@type":"ListItem","position":1,"name":"Home","item":"https:\/\/www.oracaoefe.com\/"},{"@type":"ListItem","position":2,"name":"Curiosidades","item":"https:\/\/www.oracaoefe.com\/es\/categoria\/curiosidades\/"},{"@type":"ListItem","position":3,"name":"Orar pode mudar tudo; entenda as raz\u00f5es desse fato"}]},{"@type":"WebSite","@id":"https:\/\/www.oracaoefe.com\/#website","url":"https:\/\/www.oracaoefe.com\/","name":"Pri\u00e8re et foi","description":"","potentialAction":[{"@type":"SearchAction","target":{"@type":"EntryPoint","urlTemplate":"https:\/\/www.oracaoefe.com\/?s={search_term_string}"},"query-input":{"@type":"PropertyValueSpecification","valueRequired":true,"valueName":"search_term_string"}}],"inLanguage":"fr-FR"},{"@type":"Person","@id":"https:\/\/www.oracaoefe.com\/#\/schema\/person\/17283c669442cf005c4d5bb58adfb7f5","name":"Michele Azevedo","image":{"@type":"ImageObject","inLanguage":"fr-FR","@id":"https:\/\/secure.gravatar.com\/avatar\/6b0eb9d22841282815e2cd856a0061c45e1761cd54b22e952d98c4746939aa85?s=96&d=mm&r=g","url":"https:\/\/secure.gravatar.com\/avatar\/6b0eb9d22841282815e2cd856a0061c45e1761cd54b22e952d98c4746939aa85?s=96&d=mm&r=g","contentUrl":"https:\/\/secure.gravatar.com\/avatar\/6b0eb9d22841282815e2cd856a0061c45e1761cd54b22e952d98c4746939aa85?s=96&d=mm&r=g","caption":"Michele Azevedo"},"description":"Dipl\u00f4m\u00e9e en litt\u00e9rature portugaise\/anglaise de l&#039;Universit\u00e9 d&#039;\u00c9tat de Ponta Grossa (UEPG), avec des dipl\u00f4mes de troisi\u00e8me cycle en art dans l&#039;\u00e9ducation (FAPI) et en psychop\u00e9dagogie scolaire (FAPI), elle est la cr\u00e9atrice et propri\u00e9taire du site web Escritora de Sucesso, a de l&#039;exp\u00e9rience dans l&#039;\u00e9criture pour les blogs en g\u00e9n\u00e9ral et travaille comme r\u00e9dactrice et \u00e9ditrice du contenu pour Ora\u00e7\u00e3o e F\u00e9.","url":"https:\/\/www.oracaoefe.com\/fr\/author\/michele-azevedo\/"}]}},"_links":{"self":[{"href":"https:\/\/www.oracaoefe.com\/fr\/wp-json\/wp\/v2\/posts\/2641","targetHints":{"allow":["GET"]}}],"collection":[{"href":"https:\/\/www.oracaoefe.com\/fr\/wp-json\/wp\/v2\/posts"}],"about":[{"href":"https:\/\/www.oracaoefe.com\/fr\/wp-json\/wp\/v2\/types\/post"}],"author":[{"embeddable":true,"href":"https:\/\/www.oracaoefe.com\/fr\/wp-json\/wp\/v2\/users\/3"}],"replies":[{"embeddable":true,"href":"https:\/\/www.oracaoefe.com\/fr\/wp-json\/wp\/v2\/comments?post=2641"}],"version-history":[{"count":1,"href":"https:\/\/www.oracaoefe.com\/fr\/wp-json\/wp\/v2\/posts\/2641\/revisions"}],"predecessor-version":[{"id":2643,"href":"https:\/\/www.oracaoefe.com\/fr\/wp-json\/wp\/v2\/posts\/2641\/revisions\/2643"}],"wp:featuredmedia":[{"embeddable":true,"href":"https:\/\/www.oracaoefe.com\/fr\/wp-json\/wp\/v2\/media\/2642"}],"wp:attachment":[{"href":"https:\/\/www.oracaoefe.com\/fr\/wp-json\/wp\/v2\/media?parent=2641"}],"wp:term":[{"taxonomy":"category","embeddable":true,"href":"https:\/\/www.oracaoefe.com\/fr\/wp-json\/wp\/v2\/categories?post=2641"},{"taxonomy":"post_tag","embeddable":true,"href":"https:\/\/www.oracaoefe.com\/fr\/wp-json\/wp\/v2\/tags?post=2641"}],"curies":[{"name":"wp","href":"https:\/\/api.w.org\/{rel}","templated":true}]}}