{"id":2638,"date":"2021-03-17T19:49:00","date_gmt":"2021-03-17T22:49:00","guid":{"rendered":"https:\/\/www.oracaoefe.com\/?p=2638"},"modified":"2026-08-14T15:04:10","modified_gmt":"2026-08-14T18:04:10","slug":"termos-de-uso","status":"publish","type":"post","link":"https:\/\/www.oracaoefe.com\/fr\/termos-de-uso\/","title":{"rendered":"Conditions d'utilisation"},"content":{"rendered":"<h2 class=\"wp-block-heading\">1. les conditions<\/h2>\n\n\n\n<p class=\"wp-block-paragraph\">Ao acessar ao site Ora\u00e7\u00e3o e F\u00e9, concorda em cumprir estes termos de servi\u00e7o, todas as leis e regulamentos aplic\u00e1veis \u200b\u200be concorda que \u00e9 respons\u00e1vel pelo cumprimento de todas as leis locais aplic\u00e1veis.<\/p>\n\n\n\n<p class=\"wp-block-paragraph\">Se voc\u00ea n\u00e3o concordar com algum desses termos, est\u00e1 proibido de usar ou acessar este site. Os materiais contidos neste site s\u00e3o protegidos pelas leis de direitos autorais e marcas comerciais aplic\u00e1veis.<\/p>\n\n\n\n<h2 class=\"wp-block-heading\">2. Utilisation de la licence<\/h2>\n\n\n\n<p class=\"wp-block-paragraph\">L'autorisation est accord\u00e9e de t\u00e9l\u00e9charger temporairement une copie du mat\u00e9riel (informations ou logiciels) du site web de Pri\u00e8re et Foi pour une visualisation transitoire personnelle et non commerciale uniquement.<\/p>\n\n\n\n<p class=\"wp-block-paragraph\">Esta \u00e9 a concess\u00e3o de uma licen\u00e7a, n\u00e3o uma transfer\u00eancia de t\u00edtulo e, sob esta licen\u00e7a, voc\u00ea n\u00e3o pode:&nbsp;&nbsp; modificar ou copiar os materiais;&nbsp; usar os materiais para qualquer finalidade comercial ou para exibi\u00e7\u00e3o p\u00fablica (comercial ou n\u00e3o comercial);&nbsp; tentar descompilar ou fazer engenharia reversa de qualquer software contido no site Ora\u00e7\u00e3o e F\u00e9;&nbsp; remover quaisquer direitos autorais ou outras nota\u00e7\u00f5es de propriedade dos materiais; ou&nbsp; transferir os materiais para outra pessoa ou &#8216;espelhe' os materiais em qualquer outro servidor.&nbsp;<\/p>\n\n\n\n<p class=\"wp-block-paragraph\">Cette licence sera automatiquement r\u00e9sili\u00e9e si vous violez l'une de ces restrictions et peut \u00eatre r\u00e9sili\u00e9e par Pri\u00e8re et Foi \u00e0 tout moment. Lorsque vous cessez de consulter ces documents ou que la pr\u00e9sente licence prend fin, vous devez supprimer tous les documents t\u00e9l\u00e9charg\u00e9s en votre possession, que ce soit sous forme \u00e9lectronique ou imprim\u00e9e.<\/p>\n\n\n\n<h2 class=\"wp-block-heading\">3. Clause de non-responsabilit\u00e9<\/h2>\n\n\n\n<p class=\"wp-block-paragraph\">Os materiais no site da Ora\u00e7\u00e3o e F\u00e9 s\u00e3o fornecidos &#8216;como est\u00e3o'. Ora\u00e7\u00e3o e F\u00e9 n\u00e3o oferece garantias, expressas ou impl\u00edcitas, e, por este meio, isenta e nega todas as outras garantias, incluindo, sem limita\u00e7\u00e3o, garantias impl\u00edcitas ou condi\u00e7\u00f5es de comercializa\u00e7\u00e3o, adequa\u00e7\u00e3o a um fim espec\u00edfico ou n\u00e3o viola\u00e7\u00e3o de propriedade intelectual ou outra viola\u00e7\u00e3o de direitos.&nbsp;<\/p>\n\n\n\n<p class=\"wp-block-paragraph\">En outre, Pri\u00e8re et Foi ne garantit ni ne fait aucune d\u00e9claration concernant l'exactitude, les r\u00e9sultats probables ou la fiabilit\u00e9 de l'utilisation des mat\u00e9riaux sur son site web ou autrement li\u00e9s \u00e0 ces mat\u00e9riaux ou \u00e0 tout site li\u00e9 \u00e0 ce site.\u00a0<\/p>\n\n\n\n<h2 class=\"wp-block-heading\">4. Limites<\/h2>\n\n\n\n<p class=\"wp-block-paragraph\"><div id=\"op3-designer-element\" data-op3-funnel-page-template=\"0\"><div data-op3-children=\"4\" data-jquery-mmdnd-droppable=\"op3-query\"><div id=\"op3-element-qMqkHvSf\" class=\"op3-element\" data-op3-uuid=\"qMqkHvSf\" data-op3-gid=\"\" data-op3-element-type=\"section\" data-op3-element-spec=\"\" data-op3-element-caption=\"Section #qMqkHvSf\" data-op-visibility-hidden=\"0\" data-op-element-hidden=\"0\" data-op3-style-id=\"\" data-op3-custom-experiences-element-uuid=\"\" data-op3-custom-experiences-caption=\"\" data-op3-custom-experiences-hide-default=\"\" data-op3-code-before=\"\" data-op3-code-after=\"\" data-op3-has-children=\"1\" data-jquery-mmdnd-droppable=\"op3-query\"><div data-op3-element-container=\"\" data-op-animation-trigger=\"none\" data-op-animation-style=\"\" data-op-animation-loop=\"0\" data-op-timer-minutes=\"0\" data-op-timer-seconds=\"0\" data-op3-sticky=\"0\" data-op3-sticky-active-desktop=\"1\" data-op3-sticky-active-tablet=\"1\" data-op3-sticky-active-mobile=\"0\" data-op3-sticky-top-desktop=\"0px\" data-op3-sticky-top-tablet=\"0px\" data-op3-sticky-top-mobile=\"0px\" data-op3-sticky-until=\"0\" data-op3-sticky-until-element=\"\"><div data-op3-children=\"3\"><div id=\"op3-element-TrNl6ij8\" class=\"op3-element\" data-op3-uuid=\"TrNl6ij8\" data-op3-gid=\"\" data-op3-element-type=\"row\" data-op3-element-spec=\"\" data-op3-element-caption=\"Row #TrNl6ij8\" data-op-visibility-hidden=\"0\" data-op-element-hidden=\"0\" data-op3-style-id=\"\" data-op3-custom-experiences-element-uuid=\"\" data-op3-custom-experiences-caption=\"\" data-op3-custom-experiences-hide-default=\"\" data-op3-code-before=\"\" data-op3-code-after=\"\" data-op3-has-children=\"1\" data-jquery-mmdnd-droppable=\"op3-query\"><div data-op3-element-container=\"\" data-op-animation-trigger=\"none\" data-op-animation-style=\"\" data-op-animation-loop=\"0\" data-op-timer-minutes=\"0\" data-op-timer-seconds=\"0\" data-op3-sticky=\"0\" data-op3-sticky-active-desktop=\"1\" data-op3-sticky-active-tablet=\"1\" data-op3-sticky-active-mobile=\"0\" data-op3-sticky-top-desktop=\"0px\" data-op3-sticky-top-tablet=\"0px\" data-op3-sticky-top-mobile=\"0px\" data-op3-sticky-until=\"0\" data-op3-sticky-until-element=\"\"><div data-op3-children=\"1\" data-op3-stack-columns-desktop=\"0\" data-op3-stack-columns-desktop-reverse=\"0\" data-op3-stack-columns-tablet=\"0\" data-op3-stack-columns-tablet-reverse=\"0\" data-op3-stack-columns-mobile=\"1\" data-op3-stack-columns-mobile-reverse=\"0\" data-op3-wrap-columns-desktop=\"0\" data-op3-wrap-columns-tablet=\"0\" data-op3-wrap-columns-mobile=\"0\" class=\"jquery-flex-grid-cell-sizer\"><div id=\"op3-element-uCQ0Ok3F\" class=\"op3-element jquery-flex-grid-cell-sizer-cell jquery-flex-grid-cell-sizer-grid-last-row jquery-flex-grid-cell-sizer-grid-last-column\" data-op3-uuid=\"uCQ0Ok3F\" data-op3-gid=\"\" data-op3-element-type=\"column\" data-op3-element-spec=\"\" data-op3-element-caption=\"Column #uCQ0Ok3F\" data-op-visibility-hidden=\"0\" data-op-element-hidden=\"0\" data-op3-style-id=\"\" data-op3-custom-experiences-element-uuid=\"\" data-op3-custom-experiences-caption=\"\" data-op3-custom-experiences-hide-default=\"\" data-op3-code-before=\"\" data-op3-code-after=\"\" data-op3-has-children=\"1\" data-jquery-mmdnd-droppable=\"op3-query\" data-jquery-flex-grid-cell-sizer-grid=\"0,0\"><div class=\"op3-column-content op3-background-parent\" data-op-animation-trigger=\"none\" data-op-animation-style=\"\" data-op-animation-loop=\"0\" data-op-timer-minutes=\"0\" data-op-timer-seconds=\"0\"><div data-op3-element-container=\"\"><div data-op3-children=\"9\"><div id=\"op3-element-69P11l52\" class=\"op3-element op3-focus\" data-op3-uuid=\"69P11l52\" data-op3-gid=\"\" data-op3-element-type=\"text\" data-op3-element-spec=\"\" data-op3-element-caption=\"Text Editor #69P11l52\" data-op-visibility-hidden=\"0\" data-op-element-hidden=\"0\" data-op3-style-id=\"\" data-op3-custom-experiences-element-uuid=\"\" data-op3-custom-experiences-caption=\"\" data-op3-custom-experiences-hide-default=\"\" data-op3-code-before=\"\" data-op3-code-after=\"\" data-op3-has-children=\"0\" data-op3-ice-editor=\"\"><div class=\"op3-text-wrapper jquery-paddingdrag\" data-op-animation-trigger=\"none\" data-op-animation-style=\"\" data-op-animation-loop=\"0\" data-op-timer-minutes=\"0\" data-op-timer-seconds=\"0\"><div data-op3-contenteditable=\"\" data-floatbar-element-type=\"text\" data-floatbar-element-spec=\"\" data-floatbar-element-path=\"\/section\/row\/column\/text\" class=\"ice-editor\" contenteditable=\"true\"><p>Em nenhum caso o Ora\u00e7\u00e3o e F\u00e9 ou seus fornecedores ser\u00e3o respons\u00e1veis  \u200b\u200bpor quaisquer danos (incluindo, sem limita\u00e7\u00e3o, danos por perda de  dados ou lucro ou devido a interrup\u00e7\u00e3o dos neg\u00f3cios) decorrentes do uso  ou da incapacidade de usar os materiais em Ora\u00e7\u00e3o e F\u00e9, mesmo que Ora\u00e7\u00e3o  e F\u00e9 ou um representante autorizado da Ora\u00e7\u00e3o e F\u00e9 tenha sido  notificado oralmente ou por escrito da possibilidade de tais danos. <\/p><\/div><\/div><\/div><\/div><\/div><\/div><\/div><\/div><\/div><\/div><\/div><\/div><\/div><\/div><\/div>Como  algumas jurisdi\u00e7\u00f5es n\u00e3o permitem limita\u00e7\u00f5es em garantias impl\u00edcitas, ou  limita\u00e7\u00f5es de responsabilidade por danos consequentes ou incidentais,  essas limita\u00e7\u00f5es podem n\u00e3o se aplicar a voc\u00ea. <\/p>\n\n\n\n<h2 class=\"wp-block-heading\">5. Exactitude des mat\u00e9riaux<\/h2>\n\n\n\n<p class=\"wp-block-paragraph\">Le mat\u00e9riel figurant sur le site web de Pri\u00e8re et Foi peut comporter des erreurs techniques, typographiques ou photographiques. Pri\u00e8re et Foi ne garantit pas que les \u00e9l\u00e9ments de son site web sont exacts, complets ou actuels.<\/p>\n\n\n\n<p class=\"wp-block-paragraph\">Pri\u00e8re et Foi peut apporter des modifications au mat\u00e9riel contenu sur son site web \u00e0 tout moment sans pr\u00e9avis. Toutefois, Pri\u00e8re et Foi ne s'engage pas \u00e0 mettre \u00e0 jour ces documents.<\/p>\n\n\n\n<h2 class=\"wp-block-heading\">6. Liens<\/h2>\n\n\n\n<p class=\"wp-block-paragraph\">Pri\u00e8re et Foi n'a pas examin\u00e9 tous les sites li\u00e9s \u00e0 son site Internet et n'est pas responsable du contenu de ces sites. L'inclusion d'un lien n'implique pas que Pri\u00e8re et Foi approuve le site en question.<\/p>\n\n\n\n<p class=\"wp-block-paragraph\">L'utilisation de tout site li\u00e9 se fait aux risques et p\u00e9rils de l'utilisateur.  Modifications Pri\u00e8re et Foi peut r\u00e9viser les conditions de service de ce site \u00e0 tout moment sans pr\u00e9avis.<\/p>\n\n\n\n<p class=\"wp-block-paragraph\">En utilisant ce site, vous acceptez d'\u00eatre li\u00e9 par la version actuelle de ces conditions de service. Loi applicable Les pr\u00e9sentes conditions sont r\u00e9gies et interpr\u00e9t\u00e9es conform\u00e9ment aux lois de l'\u00c9tat de la pri\u00e8re et de la foi et vous vous soumettez irr\u00e9vocablement \u00e0 la comp\u00e9tence exclusive des tribunaux de cet \u00c9tat ou de cette localit\u00e9.<\/p>\n\n\n<section id=\"amb-administradora\"><h2>Identifica\u00e7\u00e3o da administradora<\/h2><p>Este site \u00e9 administrado por <strong>AMB DIGITAL SOLUTION LLC<\/strong>, EIN <strong>37-2110748<\/strong>, com endere\u00e7o em <strong>1549 NE 123RD ST, NORTH MIAMI, FL 33161-6029, Estados Unidos<\/strong>.<\/p><p>Para solicita\u00e7\u00f5es relacionadas a privacidade, conte\u00fado, publicidade ou uso do site, utilize o canal dispon\u00edvel na p\u00e1gina <a href=\"\/fr\/fale-conosco\/\">Nous contacter<\/a>.<\/p><\/section><!-- amb-administradora-v1 -->","protected":false},"excerpt":{"rendered":"<p>1. Termos Ao acessar ao site Ora\u00e7\u00e3o e F\u00e9, concorda em cumprir estes termos de servi\u00e7o, todas as leis e regulamentos aplic\u00e1veis \u200b\u200be concorda que \u00e9 respons\u00e1vel pelo cumprimento de todas as leis locais aplic\u00e1veis. Se voc\u00ea n\u00e3o concordar com algum desses termos, est\u00e1 proibido de usar ou acessar este site. Os materiais contidos neste&hellip;&nbsp;<\/p>","protected":false},"author":1,"featured_media":162,"comment_status":"closed","ping_status":"closed","sticky":false,"template":"","format":"standard","meta":{"neve_meta_sidebar":"","neve_meta_container":"","neve_meta_enable_content_width":"","neve_meta_content_width":0,"neve_meta_title_alignment":"","neve_meta_author_avatar":"","neve_post_elements_order":"","neve_meta_disable_header":"","neve_meta_disable_footer":"","neve_meta_disable_title":"","footnotes":""},"categories":[1],"tags":[],"class_list":["post-2638","post","type-post","status-publish","format-standard","has-post-thumbnail","hentry","category-curiosidades"],"yoast_head":"<!-- This site is optimized with the Yoast SEO plugin v28.4 - https:\/\/yoast.com\/product\/yoast-seo-wordpress\/ -->\n<title>Termos de Uso - Ora\u00e7\u00e3o e F\u00e9<\/title>\n<meta name=\"description\" content=\"Deus tem pra voc\u00ea uma palavra de vida!\" \/>\n<meta name=\"robots\" content=\"index, follow, max-snippet:-1, max-image-preview:large, max-video-preview:-1\" \/>\n<link rel=\"canonical\" href=\"https:\/\/www.oracaoefe.com\/fr\/termos-de-uso\/\" \/>\n<meta property=\"og:locale\" content=\"fr_FR\" \/>\n<meta property=\"og:type\" content=\"article\" \/>\n<meta property=\"og:title\" content=\"Termos de Uso - Ora\u00e7\u00e3o e F\u00e9\" \/>\n<meta property=\"og:description\" content=\"Deus tem pra voc\u00ea uma palavra de vida!\" \/>\n<meta property=\"og:url\" content=\"https:\/\/www.oracaoefe.com\/fr\/termos-de-uso\/\" \/>\n<meta property=\"og:site_name\" content=\"Ora\u00e7\u00e3o e F\u00e9\" \/>\n<meta property=\"article:published_time\" content=\"2021-03-17T22:49:00+00:00\" \/>\n<meta property=\"article:modified_time\" content=\"2026-08-14T18:04:10+00:00\" \/>\n<meta property=\"og:image\" content=\"https:\/\/www.oracaoefe.com\/wp-content\/uploads\/2022\/09\/oracao-e-fe.png\" \/>\n\t<meta property=\"og:image:width\" content=\"400\" \/>\n\t<meta property=\"og:image:height\" content=\"200\" \/>\n\t<meta property=\"og:image:type\" content=\"image\/png\" \/>\n<meta name=\"author\" content=\"Maria\" \/>\n<meta name=\"twitter:card\" content=\"summary_large_image\" \/>\n<meta name=\"twitter:label1\" content=\"\u00c9crit par\" \/>\n\t<meta name=\"twitter:data1\" content=\"Maria\" \/>\n\t<meta name=\"twitter:label2\" content=\"Dur\u00e9e de lecture estim\u00e9e\" \/>\n\t<meta name=\"twitter:data2\" content=\"4 minutes\" \/>\n<script type=\"application\/ld+json\" class=\"yoast-schema-graph\">{\"@context\":\"https:\\\/\\\/schema.org\",\"@graph\":[{\"@type\":\"Article\",\"@id\":\"https:\\\/\\\/www.oracaoefe.com\\\/termos-de-uso\\\/#article\",\"isPartOf\":{\"@id\":\"https:\\\/\\\/www.oracaoefe.com\\\/termos-de-uso\\\/\"},\"author\":{\"name\":\"Maria\",\"@id\":\"https:\\\/\\\/www.oracaoefe.com\\\/#\\\/schema\\\/person\\\/27873f1e6043866689f5091b5139f23d\"},\"headline\":\"Termos de Uso\",\"datePublished\":\"2021-03-17T22:49:00+00:00\",\"dateModified\":\"2026-08-14T18:04:10+00:00\",\"mainEntityOfPage\":{\"@id\":\"https:\\\/\\\/www.oracaoefe.com\\\/termos-de-uso\\\/\"},\"wordCount\":769,\"image\":{\"@id\":\"https:\\\/\\\/www.oracaoefe.com\\\/termos-de-uso\\\/#primaryimage\"},\"thumbnailUrl\":\"https:\\\/\\\/www.oracaoefe.com\\\/wp-content\\\/uploads\\\/2022\\\/09\\\/oracao-e-fe.png\",\"articleSection\":[\"Curiosidades\"],\"inLanguage\":\"fr-FR\"},{\"@type\":\"WebPage\",\"@id\":\"https:\\\/\\\/www.oracaoefe.com\\\/termos-de-uso\\\/\",\"url\":\"https:\\\/\\\/www.oracaoefe.com\\\/termos-de-uso\\\/\",\"name\":\"Termos de Uso - Ora\u00e7\u00e3o e F\u00e9\",\"isPartOf\":{\"@id\":\"https:\\\/\\\/www.oracaoefe.com\\\/#website\"},\"primaryImageOfPage\":{\"@id\":\"https:\\\/\\\/www.oracaoefe.com\\\/termos-de-uso\\\/#primaryimage\"},\"image\":{\"@id\":\"https:\\\/\\\/www.oracaoefe.com\\\/termos-de-uso\\\/#primaryimage\"},\"thumbnailUrl\":\"https:\\\/\\\/www.oracaoefe.com\\\/wp-content\\\/uploads\\\/2022\\\/09\\\/oracao-e-fe.png\",\"datePublished\":\"2021-03-17T22:49:00+00:00\",\"dateModified\":\"2026-08-14T18:04:10+00:00\",\"author\":{\"@id\":\"https:\\\/\\\/www.oracaoefe.com\\\/#\\\/schema\\\/person\\\/27873f1e6043866689f5091b5139f23d\"},\"description\":\"Deus tem pra voc\u00ea uma palavra de vida!\",\"breadcrumb\":{\"@id\":\"https:\\\/\\\/www.oracaoefe.com\\\/termos-de-uso\\\/#breadcrumb\"},\"inLanguage\":\"fr-FR\",\"potentialAction\":[{\"@type\":\"ReadAction\",\"target\":[\"https:\\\/\\\/www.oracaoefe.com\\\/termos-de-uso\\\/\"]}]},{\"@type\":\"ImageObject\",\"inLanguage\":\"fr-FR\",\"@id\":\"https:\\\/\\\/www.oracaoefe.com\\\/termos-de-uso\\\/#primaryimage\",\"url\":\"https:\\\/\\\/www.oracaoefe.com\\\/wp-content\\\/uploads\\\/2022\\\/09\\\/oracao-e-fe.png\",\"contentUrl\":\"https:\\\/\\\/www.oracaoefe.com\\\/wp-content\\\/uploads\\\/2022\\\/09\\\/oracao-e-fe.png\",\"width\":400,\"height\":200,\"caption\":\"oracao e fe\"},{\"@type\":\"BreadcrumbList\",\"@id\":\"https:\\\/\\\/www.oracaoefe.com\\\/termos-de-uso\\\/#breadcrumb\",\"itemListElement\":[{\"@type\":\"ListItem\",\"position\":1,\"name\":\"Home\",\"item\":\"https:\\\/\\\/www.oracaoefe.com\\\/\"},{\"@type\":\"ListItem\",\"position\":2,\"name\":\"Curiosidades\",\"item\":\"https:\\\/\\\/www.oracaoefe.com\\\/es\\\/categoria\\\/curiosidades\\\/\"},{\"@type\":\"ListItem\",\"position\":3,\"name\":\"Termos de Uso\"}]},{\"@type\":\"WebSite\",\"@id\":\"https:\\\/\\\/www.oracaoefe.com\\\/#website\",\"url\":\"https:\\\/\\\/www.oracaoefe.com\\\/\",\"name\":\"Ora\u00e7\u00e3o e F\u00e9\",\"description\":\"\",\"potentialAction\":[{\"@type\":\"SearchAction\",\"target\":{\"@type\":\"EntryPoint\",\"urlTemplate\":\"https:\\\/\\\/www.oracaoefe.com\\\/?s={search_term_string}\"},\"query-input\":{\"@type\":\"PropertyValueSpecification\",\"valueRequired\":true,\"valueName\":\"search_term_string\"}}],\"inLanguage\":\"fr-FR\"},{\"@type\":\"Person\",\"@id\":\"https:\\\/\\\/www.oracaoefe.com\\\/#\\\/schema\\\/person\\\/27873f1e6043866689f5091b5139f23d\",\"name\":\"Maria\",\"image\":{\"@type\":\"ImageObject\",\"inLanguage\":\"fr-FR\",\"@id\":\"https:\\\/\\\/secure.gravatar.com\\\/avatar\\\/4cac5ea56d40d599bd7348d330a83b1c84cd229296d1613cd1c7f6740561d0c9?s=96&d=mm&r=g\",\"url\":\"https:\\\/\\\/secure.gravatar.com\\\/avatar\\\/4cac5ea56d40d599bd7348d330a83b1c84cd229296d1613cd1c7f6740561d0c9?s=96&d=mm&r=g\",\"contentUrl\":\"https:\\\/\\\/secure.gravatar.com\\\/avatar\\\/4cac5ea56d40d599bd7348d330a83b1c84cd229296d1613cd1c7f6740561d0c9?s=96&d=mm&r=g\",\"caption\":\"Maria\"},\"description\":\"Meu nome \u00e9 Maria e sou apaixonada por teologia, espiritualidade e estudos religiosos. H\u00e1 mais de 5 anos escrevo sobre o universo da f\u00e9, pesquisando diferentes religi\u00f5es, doutrinas, tradi\u00e7\u00f5es espirituais e curiosidades religiosas ao redor do mundo. Tenho grande interesse em compreender como a f\u00e9 e a religiosidade se manifestam em diferentes culturas, pa\u00edses e idiomas, sempre buscando aprender mais sobre os costumes, cren\u00e7as e hist\u00f3rias que influenciam milh\u00f5es de pessoas diariamente. Atualmente, atuo como redatora no portal Ora\u00e7\u00e3o e F\u00e9, onde compartilho conte\u00fados informativos, reflexivos e inspiradores voltados ao universo religioso e espiritual. Meu objetivo \u00e9 levar conhecimento, curiosidades e mensagens enriquecedoras para leitores que desejam aprofundar sua compreens\u00e3o sobre f\u00e9, religi\u00e3o e espiritualidade no mundo moderno.\",\"sameAs\":[\"https:\\\/\\\/www.oracaoefe.com\"],\"url\":\"https:\\\/\\\/www.oracaoefe.com\\\/fr\\\/author\\\/admin\\\/\"}]}<\/script>\n<!-- \/ Yoast SEO plugin. -->","yoast_head_json":{"title":"Conditions d'utilisation - Prayer and Faith","description":"Dieu a une parole de vie pour vous !","robots":{"index":"index","follow":"follow","max-snippet":"max-snippet:-1","max-image-preview":"max-image-preview:large","max-video-preview":"max-video-preview:-1"},"canonical":"https:\/\/www.oracaoefe.com\/fr\/termos-de-uso\/","og_locale":"fr_FR","og_type":"article","og_title":"Termos de Uso - Ora\u00e7\u00e3o e F\u00e9","og_description":"Deus tem pra voc\u00ea uma palavra de vida!","og_url":"https:\/\/www.oracaoefe.com\/fr\/termos-de-uso\/","og_site_name":"Ora\u00e7\u00e3o e F\u00e9","article_published_time":"2021-03-17T22:49:00+00:00","article_modified_time":"2026-08-14T18:04:10+00:00","og_image":[{"width":400,"height":200,"url":"https:\/\/www.oracaoefe.com\/wp-content\/uploads\/2022\/09\/oracao-e-fe.png","type":"image\/png"}],"author":"Maria","twitter_card":"summary_large_image","twitter_misc":{"\u00c9crit par":"Maria","Dur\u00e9e de lecture estim\u00e9e":"4 minutes"},"schema":{"@context":"https:\/\/schema.org","@graph":[{"@type":"Article","@id":"https:\/\/www.oracaoefe.com\/termos-de-uso\/#article","isPartOf":{"@id":"https:\/\/www.oracaoefe.com\/termos-de-uso\/"},"author":{"name":"Maria","@id":"https:\/\/www.oracaoefe.com\/#\/schema\/person\/27873f1e6043866689f5091b5139f23d"},"headline":"Termos de Uso","datePublished":"2021-03-17T22:49:00+00:00","dateModified":"2026-08-14T18:04:10+00:00","mainEntityOfPage":{"@id":"https:\/\/www.oracaoefe.com\/termos-de-uso\/"},"wordCount":769,"image":{"@id":"https:\/\/www.oracaoefe.com\/termos-de-uso\/#primaryimage"},"thumbnailUrl":"https:\/\/www.oracaoefe.com\/wp-content\/uploads\/2022\/09\/oracao-e-fe.png","articleSection":["Curiosidades"],"inLanguage":"fr-FR"},{"@type":"WebPage","@id":"https:\/\/www.oracaoefe.com\/termos-de-uso\/","url":"https:\/\/www.oracaoefe.com\/termos-de-uso\/","name":"Conditions d'utilisation - Prayer and Faith","isPartOf":{"@id":"https:\/\/www.oracaoefe.com\/#website"},"primaryImageOfPage":{"@id":"https:\/\/www.oracaoefe.com\/termos-de-uso\/#primaryimage"},"image":{"@id":"https:\/\/www.oracaoefe.com\/termos-de-uso\/#primaryimage"},"thumbnailUrl":"https:\/\/www.oracaoefe.com\/wp-content\/uploads\/2022\/09\/oracao-e-fe.png","datePublished":"2021-03-17T22:49:00+00:00","dateModified":"2026-08-14T18:04:10+00:00","author":{"@id":"https:\/\/www.oracaoefe.com\/#\/schema\/person\/27873f1e6043866689f5091b5139f23d"},"description":"Dieu a une parole de vie pour vous !","breadcrumb":{"@id":"https:\/\/www.oracaoefe.com\/termos-de-uso\/#breadcrumb"},"inLanguage":"fr-FR","potentialAction":[{"@type":"ReadAction","target":["https:\/\/www.oracaoefe.com\/termos-de-uso\/"]}]},{"@type":"ImageObject","inLanguage":"fr-FR","@id":"https:\/\/www.oracaoefe.com\/termos-de-uso\/#primaryimage","url":"https:\/\/www.oracaoefe.com\/wp-content\/uploads\/2022\/09\/oracao-e-fe.png","contentUrl":"https:\/\/www.oracaoefe.com\/wp-content\/uploads\/2022\/09\/oracao-e-fe.png","width":400,"height":200,"caption":"oracao e fe"},{"@type":"BreadcrumbList","@id":"https:\/\/www.oracaoefe.com\/termos-de-uso\/#breadcrumb","itemListElement":[{"@type":"ListItem","position":1,"name":"Home","item":"https:\/\/www.oracaoefe.com\/"},{"@type":"ListItem","position":2,"name":"Curiosidades","item":"https:\/\/www.oracaoefe.com\/es\/categoria\/curiosidades\/"},{"@type":"ListItem","position":3,"name":"Termos de Uso"}]},{"@type":"WebSite","@id":"https:\/\/www.oracaoefe.com\/#website","url":"https:\/\/www.oracaoefe.com\/","name":"Pri\u00e8re et foi","description":"","potentialAction":[{"@type":"SearchAction","target":{"@type":"EntryPoint","urlTemplate":"https:\/\/www.oracaoefe.com\/?s={search_term_string}"},"query-input":{"@type":"PropertyValueSpecification","valueRequired":true,"valueName":"search_term_string"}}],"inLanguage":"fr-FR"},{"@type":"Person","@id":"https:\/\/www.oracaoefe.com\/#\/schema\/person\/27873f1e6043866689f5091b5139f23d","name":"Maria","image":{"@type":"ImageObject","inLanguage":"fr-FR","@id":"https:\/\/secure.gravatar.com\/avatar\/4cac5ea56d40d599bd7348d330a83b1c84cd229296d1613cd1c7f6740561d0c9?s=96&d=mm&r=g","url":"https:\/\/secure.gravatar.com\/avatar\/4cac5ea56d40d599bd7348d330a83b1c84cd229296d1613cd1c7f6740561d0c9?s=96&d=mm&r=g","contentUrl":"https:\/\/secure.gravatar.com\/avatar\/4cac5ea56d40d599bd7348d330a83b1c84cd229296d1613cd1c7f6740561d0c9?s=96&d=mm&r=g","caption":"Maria"},"description":"Meu nome \u00e9 Maria e sou apaixonada por teologia, espiritualidade e estudos religiosos. H\u00e1 mais de 5 anos escrevo sobre o universo da f\u00e9, pesquisando diferentes religi\u00f5es, doutrinas, tradi\u00e7\u00f5es espirituais e curiosidades religiosas ao redor do mundo. Tenho grande interesse em compreender como a f\u00e9 e a religiosidade se manifestam em diferentes culturas, pa\u00edses e idiomas, sempre buscando aprender mais sobre os costumes, cren\u00e7as e hist\u00f3rias que influenciam milh\u00f5es de pessoas diariamente. Atualmente, atuo como redatora no portal Ora\u00e7\u00e3o e F\u00e9, onde compartilho conte\u00fados informativos, reflexivos e inspiradores voltados ao universo religioso e espiritual. Meu objetivo \u00e9 levar conhecimento, curiosidades e mensagens enriquecedoras para leitores que desejam aprofundar sua compreens\u00e3o sobre f\u00e9, religi\u00e3o e espiritualidade no mundo moderno.","sameAs":["https:\/\/www.oracaoefe.com"],"url":"https:\/\/www.oracaoefe.com\/fr\/author\/admin\/"}]}},"_links":{"self":[{"href":"https:\/\/www.oracaoefe.com\/fr\/wp-json\/wp\/v2\/posts\/2638","targetHints":{"allow":["GET"]}}],"collection":[{"href":"https:\/\/www.oracaoefe.com\/fr\/wp-json\/wp\/v2\/posts"}],"about":[{"href":"https:\/\/www.oracaoefe.com\/fr\/wp-json\/wp\/v2\/types\/post"}],"author":[{"embeddable":true,"href":"https:\/\/www.oracaoefe.com\/fr\/wp-json\/wp\/v2\/users\/1"}],"replies":[{"embeddable":true,"href":"https:\/\/www.oracaoefe.com\/fr\/wp-json\/wp\/v2\/comments?post=2638"}],"version-history":[{"count":2,"href":"https:\/\/www.oracaoefe.com\/fr\/wp-json\/wp\/v2\/posts\/2638\/revisions"}],"predecessor-version":[{"id":4059,"href":"https:\/\/www.oracaoefe.com\/fr\/wp-json\/wp\/v2\/posts\/2638\/revisions\/4059"}],"wp:featuredmedia":[{"embeddable":true,"href":"https:\/\/www.oracaoefe.com\/fr\/wp-json\/wp\/v2\/media\/162"}],"wp:attachment":[{"href":"https:\/\/www.oracaoefe.com\/fr\/wp-json\/wp\/v2\/media?parent=2638"}],"wp:term":[{"taxonomy":"category","embeddable":true,"href":"https:\/\/www.oracaoefe.com\/fr\/wp-json\/wp\/v2\/categories?post=2638"},{"taxonomy":"post_tag","embeddable":true,"href":"https:\/\/www.oracaoefe.com\/fr\/wp-json\/wp\/v2\/tags?post=2638"}],"curies":[{"name":"wp","href":"https:\/\/api.w.org\/{rel}","templated":true}]}}