{"id":2632,"date":"2021-03-17T19:42:00","date_gmt":"2021-03-17T22:42:00","guid":{"rendered":"https:\/\/www.oracaoefe.com\/?p=2632"},"modified":"2026-08-14T15:04:09","modified_gmt":"2026-08-14T18:04:09","slug":"politicas-de-privacidade","status":"publish","type":"post","link":"https:\/\/www.oracaoefe.com\/fr\/politicas-de-privacidade\/","title":{"rendered":"Politique de confidentialit\u00e9"},"content":{"rendered":"<p class=\"wp-block-paragraph\">Votre vie priv\u00e9e est importante pour nous. C'est la politique de <a href=\"https:\/\/www.oracaoefe.com\/fr\/\">Pri\u00e8re et foi<\/a> respeitar a sua privacidade em rela\u00e7\u00e3o a qualquer informa\u00e7\u00e3o sua que possamos coletar no site Ora\u00e7\u00e3o e F\u00e9, e outros sites que possu\u00edmos e operamos.<\/p>\n\n\n\n<p class=\"wp-block-paragraph\">Solicitamos informa\u00e7\u00f5es pessoais apenas quando realmente precisamos delas para lhe fornecer um servi\u00e7o. Fazemo-lo por meios justos e legais, com o seu conhecimento e consentimento. Tamb\u00e9m informamos por que estamos coletando e como ser\u00e1 usado.&nbsp; Apenas retemos as informa\u00e7\u00f5es coletadas pelo tempo necess\u00e1rio para fornecer o servi\u00e7o solicitado.<\/p>\n\n\n\n<p class=\"wp-block-paragraph\">Quando armazenamos dados, protegemos dentro de meios comercialmente aceit\u00e1veis \u200b\u200bpara evitar perdas e roubos, bem como acesso, divulga\u00e7\u00e3o, c\u00f3pia, uso ou modifica\u00e7\u00e3o n\u00e3o autorizados. N\u00e3o compartilhamos informa\u00e7\u00f5es de identifica\u00e7\u00e3o pessoal publicamente ou com terceiros, exceto quando exigido por lei. O nosso site pode ter links para sites externos que n\u00e3o s\u00e3o operados por n\u00f3s.<\/p>\n\n\n\n<p class=\"wp-block-paragraph\">Esteja ciente de que n\u00e3o temos controle sobre o conte\u00fado e pr\u00e1ticas desses sites e n\u00e3o podemos aceitar responsabilidade por suas respectivas pol\u00edticas de privacidade.&nbsp; Voc\u00ea \u00e9 livre para recusar a nossa solicita\u00e7\u00e3o de informa\u00e7\u00f5es pessoais, entendendo que talvez n\u00e3o possamos fornecer alguns dos servi\u00e7os desejados.<\/p>\n\n\n\n<p class=\"wp-block-paragraph\">O uso continuado de nosso site ser\u00e1 considerado como aceita\u00e7\u00e3o de nossas pr\u00e1ticas em torno de privacidade e informa\u00e7\u00f5es pessoais. Se voc\u00ea tiver alguma d\u00favida sobre como lidamos com dados do usu\u00e1rio e informa\u00e7\u00f5es pessoais, entre em contato conosco.<\/p>\n\n\n\n<h2 class=\"wp-block-heading\"><strong>Politique en mati\u00e8re de cookies Pri\u00e8re et foi Que sont les cookies ?<\/strong><\/h2>\n\n\n\n<p class=\"wp-block-paragraph\">Utilizamos cookies por v\u00e1rios motivos, detalhados abaixo. Infelizmente, na maioria dos casos, n\u00e3o existem op\u00e7\u00f5es padr\u00e3o do setor para desativar os cookies sem desativar completamente a funcionalidade e os recursos que eles adicionam a este site. \u00c9 recomend\u00e1vel que voc\u00ea deixe todos os cookies se n\u00e3o tiver certeza se precisa ou n\u00e3o deles, caso sejam usados \u200b\u200bpara fornecer um servi\u00e7o que voc\u00ea usa. Desativar cookies<\/p>\n\n\n\n<p class=\"wp-block-paragraph\">Voc\u00ea pode impedir a configura\u00e7\u00e3o de cookies ajustando as configura\u00e7\u00f5es do seu navegador (consulte a Ajuda do navegador para saber como fazer isso). Esteja ciente de que a desativa\u00e7\u00e3o de cookies afetar\u00e1 a funcionalidade deste e de muitos outros sites que voc\u00ea visita. A desativa\u00e7\u00e3o de cookies geralmente resultar\u00e1 na desativa\u00e7\u00e3o de determinadas funcionalidades e recursos deste site.<\/p>\n\n\n\n<p class=\"wp-block-paragraph\">Par cons\u00e9quent, il est recommand\u00e9 de ne pas d\u00e9sactiver les cookies. Les cookies que nous utilisons :\u00a0<\/p>\n\n\n\n<h2 class=\"wp-block-heading\"><strong>Comment utilisons-nous les cookies ?<\/strong><\/h2>\n\n\n\n<p class=\"wp-block-paragraph\">Utilizamos cookies por v\u00e1rios motivos, detalhados abaixo. Infelizmente, na maioria dos casos, n\u00e3o existem op\u00e7\u00f5es padr\u00e3o do setor para desativar os cookies sem desativar completamente a funcionalidade e os recursos que eles adicionam a este site. \u00c9 recomend\u00e1vel que voc\u00ea deixe todos os cookies se n\u00e3o tiver certeza se precisa ou n\u00e3o deles, caso sejam usados \u200b\u200bpara fornecer um servi\u00e7o que voc\u00ea usa.<br><\/p>\n\n\n\n<p class=\"wp-block-paragraph\"><strong>D\u00e9sactiver les cookies<\/strong><br>Voc\u00ea pode impedir a configura\u00e7\u00e3o de cookies ajustando as configura\u00e7\u00f5es do seu navegador (consulte a Ajuda do navegador para saber como fazer isso). Esteja ciente de que a desativa\u00e7\u00e3o de cookies afetar\u00e1 a funcionalidade deste e de muitos outros sites que voc\u00ea visita. A desativa\u00e7\u00e3o de cookies geralmente resultar\u00e1 na desativa\u00e7\u00e3o de determinadas funcionalidades e recursos deste site. Portanto, \u00e9 recomend\u00e1vel que voc\u00ea n\u00e3o desative os cookies.<\/p>\n\n\n\n<p class=\"wp-block-paragraph\"><strong>Cookies que nous utilisons<\/strong><\/p>\n\n\n\n<p class=\"wp-block-paragraph\"><strong>Cookies li\u00e9s au compte<\/strong><\/p>\n\n\n\n<p class=\"wp-block-paragraph\">Si vous cr\u00e9ez un compte chez nous, nous utilisons des cookies pour g\u00e9rer le processus d'inscription et l'administration g\u00e9n\u00e9rale. Ces cookies sont g\u00e9n\u00e9ralement supprim\u00e9s lorsque vous vous d\u00e9connectez. Toutefois, dans certains cas, ils peuvent rester par la suite pour m\u00e9moriser vos pr\u00e9f\u00e9rences de site lorsque vous vous d\u00e9connectez.&nbsp;&nbsp;<\/p>\n\n\n\n<p class=\"wp-block-paragraph\"><strong>Cookies li\u00e9s \u00e0 la connexion<\/strong><\/p>\n\n\n\n<p class=\"wp-block-paragraph\">Nous utilisons des cookies lorsque vous \u00eates connect\u00e9 afin de pouvoir nous souvenir de cette action. Cela vous \u00e9vite de devoir vous connecter \u00e0 chaque fois que vous visitez une nouvelle page. Ces cookies sont g\u00e9n\u00e9ralement supprim\u00e9s ou effac\u00e9s lorsque vous vous d\u00e9connectez, afin de garantir que vous ne puissiez acc\u00e9der qu'aux fonctions et aux zones restreintes lorsque vous vous connectez.&nbsp;&nbsp;<\/p>\n\n\n\n<p class=\"wp-block-paragraph\"><strong>Cookies relatifs aux bulletins d'information \u00e9lectroniques<\/strong><\/p>\n\n\n\n<p class=\"wp-block-paragraph\">Ce site propose des services d'abonnement \u00e0 des bulletins d'information ou \u00e0 des courriels et des cookies peuvent \u00eatre utilis\u00e9s pour se souvenir si vous \u00eates d\u00e9j\u00e0 inscrit et pour afficher certaines notifications valables uniquement pour les utilisateurs inscrits ou d\u00e9sinscrits.   Cookies li\u00e9s au traitement des commandes Ce site offre des facilit\u00e9s de commerce \u00e9lectronique ou de paiement et certains cookies sont essentiels pour garantir que votre commande est m\u00e9moris\u00e9e entre les pages afin que nous puissions la traiter correctement.&nbsp;&nbsp;<\/p>\n\n\n\n<p class=\"wp-block-paragraph\"><strong>Cookies li\u00e9s \u00e0 la recherche<\/strong><\/p>\n\n\n\n<p class=\"wp-block-paragraph\">Nous proposons p\u00e9riodiquement des enqu\u00eates et des questionnaires pour vous fournir des informations int\u00e9ressantes, des outils utiles ou pour mieux comprendre notre base d'utilisateurs. Ces enqu\u00eates peuvent utiliser des cookies pour se souvenir des personnes qui ont d\u00e9j\u00e0 particip\u00e9 \u00e0 une enqu\u00eate ou pour fournir des r\u00e9sultats pr\u00e9cis apr\u00e8s un changement de page.&nbsp;&nbsp;<\/p>\n\n\n\n<p class=\"wp-block-paragraph\"><strong>Cookies li\u00e9s aux formulaires<\/strong><\/p>\n\n\n\n<p class=\"wp-block-paragraph\">Lorsque vous soumettez des donn\u00e9es par le biais d'un formulaire, comme ceux que l'on trouve sur les pages de contact ou les formulaires de commentaires, des cookies peuvent \u00eatre install\u00e9s pour m\u00e9moriser les d\u00e9tails de l'utilisateur en vue d'une correspondance ult\u00e9rieure.&nbsp;&nbsp;<\/p>\n\n\n\n<p class=\"wp-block-paragraph\"><strong>Cookies de pr\u00e9f\u00e9rence de site web<\/strong><\/p>\n\n\n\n<p class=\"wp-block-paragraph\">Pour vous offrir une exp\u00e9rience agr\u00e9able sur ce site, nous vous proposons une fonctionnalit\u00e9 qui vous permet de d\u00e9finir vos pr\u00e9f\u00e9rences quant au fonctionnement de ce site lorsque vous l'utilisez. Pour m\u00e9moriser vos pr\u00e9f\u00e9rences, nous devons installer des cookies afin que ces informations puissent \u00eatre appel\u00e9es chaque fois que vous interagissez avec une page affect\u00e9e par vos pr\u00e9f\u00e9rences.\u00a0\u00a0<br><br><\/p>\n\n\n\n<h2 class=\"wp-block-heading\"><strong>Cookies de tiers<\/strong><\/h2>\n\n\n\n<p class=\"wp-block-paragraph\">Em alguns casos especiais, tamb\u00e9m usamos cookies fornecidos por terceiros confi\u00e1veis. A se\u00e7\u00e3o a seguir detalha quais cookies de terceiros voc\u00ea pode encontrar atrav\u00e9s deste site.&nbsp;&nbsp; Este site usa o Google Analytics, que \u00e9 uma das solu\u00e7\u00f5es de an\u00e1lise mais difundidas e confi\u00e1veis \u200b\u200bda Web, para nos ajudar a entender como voc\u00ea usa o site e como podemos melhorar sua experi\u00eancia. Esses cookies podem rastrear itens como quanto tempo voc\u00ea gasta no site e as p\u00e1ginas visitadas, para que possamos continuar produzindo conte\u00fado atraente.&nbsp;&nbsp;<\/p>\n\n\n\n<p class=\"wp-block-paragraph\">Para mais informa\u00e7\u00f5es sobre cookies do Google Analytics, consulte a p\u00e1gina oficial do Google Analytics.&nbsp;&nbsp; As an\u00e1lises de terceiros s\u00e3o usadas para rastrear e medir o uso deste site, para que possamos continuar produzindo conte\u00fado atrativo. Esses cookies podem rastrear itens como o tempo que voc\u00ea passa no site ou as p\u00e1ginas visitadas, o que nos ajuda a entender como podemos melhorar o site para voc\u00ea.&nbsp;<\/p>\n\n\n\n<p class=\"wp-block-paragraph\">Periodicamente, testamos novos recursos e fazemos altera\u00e7\u00f5es na maneira como o site se apresenta. Quando ainda estamos testando novos recursos, esses cookies podem ser usados \u200b\u200bpara garantir que voc\u00ea receba uma experi\u00eancia consistente enquanto estiver no site, enquanto entendemos quais otimiza\u00e7\u00f5es os nossos usu\u00e1rios mais apreciam.&nbsp;<\/p>\n\n\n\n<p class=\"wp-block-paragraph\">\u00c0 medida que vendemos produtos, \u00e9 importante entendermos as estat\u00edsticas sobre quantos visitantes de nosso site realmente compram e, portanto, esse \u00e9 o tipo de dados que esses cookies rastrear\u00e3o. Isso \u00e9 importante para voc\u00ea, pois significa que podemos fazer previs\u00f5es de neg\u00f3cios com precis\u00e3o que nos permitem analisar nossos custos de publicidade e produtos para garantir o melhor pre\u00e7o poss\u00edvel.\u00a0<br><\/p>\n\n\n\n<h2 class=\"wp-block-heading\"><strong>Cookies de tiers<\/strong><\/h2>\n\n\n\n<p class=\"wp-block-paragraph\">O usu\u00e1rio se compromete a fazer uso adequado dos conte\u00fados e da informa\u00e7\u00e3o que o Ora\u00e7\u00e3o e F\u00e9 oferece no site e com car\u00e1ter enunciativo, mas n\u00e3o limitativo:&nbsp;<\/p>\n\n\n\n<p class=\"wp-block-paragraph\">A) Ne pas se livrer \u00e0 des activit\u00e9s ill\u00e9gales ou contraires \u00e0 la bonne foi et \u00e0 l'ordre public ;<\/p>\n\n\n\n<p class=\"wp-block-paragraph\">B) N\u00e3o difundir propaganda ou conte\u00fado de natureza racista, xenof\u00f3bica, ou casas de apostas, jogos de sorte e azar, qualquer tipo de pornografia ilegal, de apologia ao terrorismo ou contra os direitos humanos;<\/p>\n\n\n\n<p class=\"wp-block-paragraph\">C) N\u00e3o causar danos aos sistemas f\u00edsicos (hardwares) e l\u00f3gicos (softwares) do Ora\u00e7\u00e3o e F\u00e9, de seus fornecedores ou terceiros, para introduzir ou disseminar v\u00edrus inform\u00e1ticos ou quaisquer outros sistemas de hardware ou software que sejam capazes de causar danos anteriormente mencionados.&nbsp; Mais informa\u00e7\u00f5es Esperemos que esteja esclarecido e, como mencionado anteriormente, se houver algo que voc\u00ea n\u00e3o tem certeza se precisa ou n\u00e3o, geralmente \u00e9 mais seguro deixar os cookies ativados, caso interaja com um dos recursos que voc\u00ea usa em nosso site.<\/p>\n\n\n\n<p class=\"wp-block-paragraph\">Cette politique est effective \u00e0 partir de septembre 2022.<br><\/p>\n\n\n\n<h2 class=\"wp-block-heading\">Politique de confidentialit\u00e9 des tiers<br><\/h2>\n\n\n\n<p class=\"wp-block-paragraph\">La politique de confidentialit\u00e9 d'oracaoefe.com ne s'applique pas aux autres annonceurs ou sites web. En cons\u00e9quence, nous vous conseillons de consulter les politiques de confidentialit\u00e9 respectives de ces serveurs publicitaires tiers pour obtenir des informations plus d\u00e9taill\u00e9es. Il peut comprendre leurs pratiques et des instructions sur la mani\u00e8re de d\u00e9sactiver certaines options.<\/p>\n\n\n\n<p class=\"wp-block-paragraph\">Voc\u00ea pode optar por desabilitar os cookies atrav\u00e9s das op\u00e7\u00f5es individuais do seu navegador.\u00a0Para saber informa\u00e7\u00f5es mais detalhadas sobre o gerenciamento de cookies com navegadores espec\u00edficos, pode ser encontrada nos respectivos sites dos navegadores.<\/p>\n\n\n\n<p class=\"wp-block-paragraph\"><\/p>\n\n\n\n<h2 class=\"wp-block-heading\">Plus d'informations<\/h2>\n\n\n\n<p class=\"wp-block-paragraph\">Nous esp\u00e9rons que cela a \u00e9t\u00e9 \u00e9clairci et, comme mentionn\u00e9 pr\u00e9c\u00e9demment, si vous n'\u00eates pas s\u00fbr d'avoir besoin de quelque chose ou non, il est g\u00e9n\u00e9ralement plus s\u00fbr de laisser les cookies activ\u00e9s si vous interagissez avec l'une des fonctions que vous utilisez sur notre site.&nbsp;<\/p>\n\n\n\n<p class=\"wp-block-paragraph\">Google utilise des cookies ou des identificateurs d'appareils uniques, en combinaison avec vos propres donn\u00e9es, pour diffuser des annonces en fonction de votre visite sur oracaoefe.com et d'autres sites. Vous pouvez annuler l'utilisation des cookies de Google en consultant les r\u00e8gles de confidentialit\u00e9 de Google correspondantes.&nbsp;<\/p>\n\n\n\n<p class=\"wp-block-paragraph\">Pour plus d'informations sur les publicit\u00e9s cibl\u00e9es et sur la mani\u00e8re de les refuser avec votre navigateur et votre appareil sp\u00e9cifiques, rendez-vous sur le site D<a href=\"https:\/\/optout.aboutads.info\/?c=2&lang=EN\" target=\"_blank\" rel=\"noreferrer noopener\">V\u00e9rification du navigateur AA Webchoices<\/a> e <a href=\"https:\/\/optout.networkadvertising.org\/?c=1\" target=\"_blank\" rel=\"noreferrer noopener\">NAI Opt Out of Interest-Based Advertising<\/a>.<\/p>\n\n\n<section id=\"amb-administradora\"><h2>Identifica\u00e7\u00e3o da administradora<\/h2><p>Este site \u00e9 administrado por <strong>AMB DIGITAL SOLUTION LLC<\/strong>, EIN <strong>37-2110748<\/strong>, com endere\u00e7o em <strong>1549 NE 123RD ST, NORTH MIAMI, FL 33161-6029, Estados Unidos<\/strong>.<\/p><p>Para solicita\u00e7\u00f5es relacionadas a privacidade, conte\u00fado, publicidade ou uso do site, utilize o canal dispon\u00edvel na p\u00e1gina <a href=\"\/fr\/fale-conosco\/\">Nous contacter<\/a>.<\/p><\/section><!-- amb-administradora-v1 -->","protected":false},"excerpt":{"rendered":"<p>A sua privacidade \u00e9 importante para n\u00f3s. \u00c9 pol\u00edtica do Ora\u00e7\u00e3o e F\u00e9 respeitar a sua privacidade em rela\u00e7\u00e3o a qualquer informa\u00e7\u00e3o sua que possamos coletar no site Ora\u00e7\u00e3o e F\u00e9, e outros sites que possu\u00edmos e operamos. Solicitamos informa\u00e7\u00f5es pessoais apenas quando realmente precisamos delas para lhe fornecer um servi\u00e7o. Fazemo-lo por meios justos&hellip;&nbsp;<\/p>","protected":false},"author":1,"featured_media":162,"comment_status":"closed","ping_status":"closed","sticky":false,"template":"","format":"standard","meta":{"neve_meta_sidebar":"","neve_meta_container":"","neve_meta_enable_content_width":"","neve_meta_content_width":0,"neve_meta_title_alignment":"","neve_meta_author_avatar":"","neve_post_elements_order":"","neve_meta_disable_header":"","neve_meta_disable_footer":"","neve_meta_disable_title":"","footnotes":""},"categories":[1],"tags":[],"class_list":["post-2632","post","type-post","status-publish","format-standard","has-post-thumbnail","hentry","category-curiosidades"],"yoast_head":"<!-- This site is optimized with the Yoast SEO plugin v28.4 - https:\/\/yoast.com\/product\/yoast-seo-wordpress\/ -->\n<title>Pol\u00edticas de Privacidade - Ora\u00e7\u00e3o e F\u00e9<\/title>\n<meta name=\"description\" content=\"Deus tem pra voc\u00ea uma palavra de vida!\" \/>\n<meta name=\"robots\" content=\"index, follow, max-snippet:-1, max-image-preview:large, max-video-preview:-1\" \/>\n<link rel=\"canonical\" href=\"https:\/\/www.oracaoefe.com\/fr\/politicas-de-privacidade\/\" \/>\n<meta property=\"og:locale\" content=\"fr_FR\" \/>\n<meta property=\"og:type\" content=\"article\" \/>\n<meta property=\"og:title\" content=\"Pol\u00edticas de Privacidade - Ora\u00e7\u00e3o e F\u00e9\" \/>\n<meta property=\"og:description\" content=\"Deus tem pra voc\u00ea uma palavra de vida!\" \/>\n<meta property=\"og:url\" content=\"https:\/\/www.oracaoefe.com\/fr\/politicas-de-privacidade\/\" \/>\n<meta property=\"og:site_name\" content=\"Ora\u00e7\u00e3o e F\u00e9\" \/>\n<meta property=\"article:published_time\" content=\"2021-03-17T22:42:00+00:00\" \/>\n<meta property=\"article:modified_time\" content=\"2026-08-14T18:04:09+00:00\" \/>\n<meta property=\"og:image\" content=\"https:\/\/www.oracaoefe.com\/wp-content\/uploads\/2022\/09\/oracao-e-fe.png\" \/>\n\t<meta property=\"og:image:width\" content=\"400\" \/>\n\t<meta property=\"og:image:height\" content=\"200\" \/>\n\t<meta property=\"og:image:type\" content=\"image\/png\" \/>\n<meta name=\"author\" content=\"Maria\" \/>\n<meta name=\"twitter:card\" content=\"summary_large_image\" \/>\n<meta name=\"twitter:label1\" content=\"\u00c9crit par\" \/>\n\t<meta name=\"twitter:data1\" content=\"Maria\" \/>\n\t<meta name=\"twitter:label2\" content=\"Dur\u00e9e de lecture estim\u00e9e\" \/>\n\t<meta name=\"twitter:data2\" content=\"9 minutes\" \/>\n<script type=\"application\/ld+json\" class=\"yoast-schema-graph\">{\"@context\":\"https:\\\/\\\/schema.org\",\"@graph\":[{\"@type\":\"Article\",\"@id\":\"https:\\\/\\\/www.oracaoefe.com\\\/politicas-de-privacidade\\\/#article\",\"isPartOf\":{\"@id\":\"https:\\\/\\\/www.oracaoefe.com\\\/politicas-de-privacidade\\\/\"},\"author\":{\"name\":\"Maria\",\"@id\":\"https:\\\/\\\/www.oracaoefe.com\\\/#\\\/schema\\\/person\\\/27873f1e6043866689f5091b5139f23d\"},\"headline\":\"Pol\u00edticas de Privacidade\",\"datePublished\":\"2021-03-17T22:42:00+00:00\",\"dateModified\":\"2026-08-14T18:04:09+00:00\",\"mainEntityOfPage\":{\"@id\":\"https:\\\/\\\/www.oracaoefe.com\\\/politicas-de-privacidade\\\/\"},\"wordCount\":1715,\"image\":{\"@id\":\"https:\\\/\\\/www.oracaoefe.com\\\/politicas-de-privacidade\\\/#primaryimage\"},\"thumbnailUrl\":\"https:\\\/\\\/www.oracaoefe.com\\\/wp-content\\\/uploads\\\/2022\\\/09\\\/oracao-e-fe.png\",\"articleSection\":[\"Curiosidades\"],\"inLanguage\":\"fr-FR\"},{\"@type\":\"WebPage\",\"@id\":\"https:\\\/\\\/www.oracaoefe.com\\\/politicas-de-privacidade\\\/\",\"url\":\"https:\\\/\\\/www.oracaoefe.com\\\/politicas-de-privacidade\\\/\",\"name\":\"Pol\u00edticas de Privacidade - Ora\u00e7\u00e3o e F\u00e9\",\"isPartOf\":{\"@id\":\"https:\\\/\\\/www.oracaoefe.com\\\/#website\"},\"primaryImageOfPage\":{\"@id\":\"https:\\\/\\\/www.oracaoefe.com\\\/politicas-de-privacidade\\\/#primaryimage\"},\"image\":{\"@id\":\"https:\\\/\\\/www.oracaoefe.com\\\/politicas-de-privacidade\\\/#primaryimage\"},\"thumbnailUrl\":\"https:\\\/\\\/www.oracaoefe.com\\\/wp-content\\\/uploads\\\/2022\\\/09\\\/oracao-e-fe.png\",\"datePublished\":\"2021-03-17T22:42:00+00:00\",\"dateModified\":\"2026-08-14T18:04:09+00:00\",\"author\":{\"@id\":\"https:\\\/\\\/www.oracaoefe.com\\\/#\\\/schema\\\/person\\\/27873f1e6043866689f5091b5139f23d\"},\"description\":\"Deus tem pra voc\u00ea uma palavra de vida!\",\"breadcrumb\":{\"@id\":\"https:\\\/\\\/www.oracaoefe.com\\\/politicas-de-privacidade\\\/#breadcrumb\"},\"inLanguage\":\"fr-FR\",\"potentialAction\":[{\"@type\":\"ReadAction\",\"target\":[\"https:\\\/\\\/www.oracaoefe.com\\\/politicas-de-privacidade\\\/\"]}]},{\"@type\":\"ImageObject\",\"inLanguage\":\"fr-FR\",\"@id\":\"https:\\\/\\\/www.oracaoefe.com\\\/politicas-de-privacidade\\\/#primaryimage\",\"url\":\"https:\\\/\\\/www.oracaoefe.com\\\/wp-content\\\/uploads\\\/2022\\\/09\\\/oracao-e-fe.png\",\"contentUrl\":\"https:\\\/\\\/www.oracaoefe.com\\\/wp-content\\\/uploads\\\/2022\\\/09\\\/oracao-e-fe.png\",\"width\":400,\"height\":200,\"caption\":\"oracao e fe\"},{\"@type\":\"BreadcrumbList\",\"@id\":\"https:\\\/\\\/www.oracaoefe.com\\\/politicas-de-privacidade\\\/#breadcrumb\",\"itemListElement\":[{\"@type\":\"ListItem\",\"position\":1,\"name\":\"Home\",\"item\":\"https:\\\/\\\/www.oracaoefe.com\\\/\"},{\"@type\":\"ListItem\",\"position\":2,\"name\":\"Curiosidades\",\"item\":\"https:\\\/\\\/www.oracaoefe.com\\\/es\\\/categoria\\\/curiosidades\\\/\"},{\"@type\":\"ListItem\",\"position\":3,\"name\":\"Pol\u00edticas de Privacidade\"}]},{\"@type\":\"WebSite\",\"@id\":\"https:\\\/\\\/www.oracaoefe.com\\\/#website\",\"url\":\"https:\\\/\\\/www.oracaoefe.com\\\/\",\"name\":\"Ora\u00e7\u00e3o e F\u00e9\",\"description\":\"\",\"potentialAction\":[{\"@type\":\"SearchAction\",\"target\":{\"@type\":\"EntryPoint\",\"urlTemplate\":\"https:\\\/\\\/www.oracaoefe.com\\\/?s={search_term_string}\"},\"query-input\":{\"@type\":\"PropertyValueSpecification\",\"valueRequired\":true,\"valueName\":\"search_term_string\"}}],\"inLanguage\":\"fr-FR\"},{\"@type\":\"Person\",\"@id\":\"https:\\\/\\\/www.oracaoefe.com\\\/#\\\/schema\\\/person\\\/27873f1e6043866689f5091b5139f23d\",\"name\":\"Maria\",\"image\":{\"@type\":\"ImageObject\",\"inLanguage\":\"fr-FR\",\"@id\":\"https:\\\/\\\/secure.gravatar.com\\\/avatar\\\/4cac5ea56d40d599bd7348d330a83b1c84cd229296d1613cd1c7f6740561d0c9?s=96&d=mm&r=g\",\"url\":\"https:\\\/\\\/secure.gravatar.com\\\/avatar\\\/4cac5ea56d40d599bd7348d330a83b1c84cd229296d1613cd1c7f6740561d0c9?s=96&d=mm&r=g\",\"contentUrl\":\"https:\\\/\\\/secure.gravatar.com\\\/avatar\\\/4cac5ea56d40d599bd7348d330a83b1c84cd229296d1613cd1c7f6740561d0c9?s=96&d=mm&r=g\",\"caption\":\"Maria\"},\"description\":\"Meu nome \u00e9 Maria e sou apaixonada por teologia, espiritualidade e estudos religiosos. H\u00e1 mais de 5 anos escrevo sobre o universo da f\u00e9, pesquisando diferentes religi\u00f5es, doutrinas, tradi\u00e7\u00f5es espirituais e curiosidades religiosas ao redor do mundo. Tenho grande interesse em compreender como a f\u00e9 e a religiosidade se manifestam em diferentes culturas, pa\u00edses e idiomas, sempre buscando aprender mais sobre os costumes, cren\u00e7as e hist\u00f3rias que influenciam milh\u00f5es de pessoas diariamente. Atualmente, atuo como redatora no portal Ora\u00e7\u00e3o e F\u00e9, onde compartilho conte\u00fados informativos, reflexivos e inspiradores voltados ao universo religioso e espiritual. Meu objetivo \u00e9 levar conhecimento, curiosidades e mensagens enriquecedoras para leitores que desejam aprofundar sua compreens\u00e3o sobre f\u00e9, religi\u00e3o e espiritualidade no mundo moderno.\",\"sameAs\":[\"https:\\\/\\\/www.oracaoefe.com\"],\"url\":\"https:\\\/\\\/www.oracaoefe.com\\\/fr\\\/author\\\/admin\\\/\"}]}<\/script>\n<!-- \/ Yoast SEO plugin. -->","yoast_head_json":{"title":"Politique de confidentialit\u00e9 - Pri\u00e8re et Foi","description":"Dieu a une parole de vie pour vous !","robots":{"index":"index","follow":"follow","max-snippet":"max-snippet:-1","max-image-preview":"max-image-preview:large","max-video-preview":"max-video-preview:-1"},"canonical":"https:\/\/www.oracaoefe.com\/fr\/politicas-de-privacidade\/","og_locale":"fr_FR","og_type":"article","og_title":"Pol\u00edticas de Privacidade - Ora\u00e7\u00e3o e F\u00e9","og_description":"Deus tem pra voc\u00ea uma palavra de vida!","og_url":"https:\/\/www.oracaoefe.com\/fr\/politicas-de-privacidade\/","og_site_name":"Ora\u00e7\u00e3o e F\u00e9","article_published_time":"2021-03-17T22:42:00+00:00","article_modified_time":"2026-08-14T18:04:09+00:00","og_image":[{"width":400,"height":200,"url":"https:\/\/www.oracaoefe.com\/wp-content\/uploads\/2022\/09\/oracao-e-fe.png","type":"image\/png"}],"author":"Maria","twitter_card":"summary_large_image","twitter_misc":{"\u00c9crit par":"Maria","Dur\u00e9e de lecture estim\u00e9e":"9 minutes"},"schema":{"@context":"https:\/\/schema.org","@graph":[{"@type":"Article","@id":"https:\/\/www.oracaoefe.com\/politicas-de-privacidade\/#article","isPartOf":{"@id":"https:\/\/www.oracaoefe.com\/politicas-de-privacidade\/"},"author":{"name":"Maria","@id":"https:\/\/www.oracaoefe.com\/#\/schema\/person\/27873f1e6043866689f5091b5139f23d"},"headline":"Pol\u00edticas de Privacidade","datePublished":"2021-03-17T22:42:00+00:00","dateModified":"2026-08-14T18:04:09+00:00","mainEntityOfPage":{"@id":"https:\/\/www.oracaoefe.com\/politicas-de-privacidade\/"},"wordCount":1715,"image":{"@id":"https:\/\/www.oracaoefe.com\/politicas-de-privacidade\/#primaryimage"},"thumbnailUrl":"https:\/\/www.oracaoefe.com\/wp-content\/uploads\/2022\/09\/oracao-e-fe.png","articleSection":["Curiosidades"],"inLanguage":"fr-FR"},{"@type":"WebPage","@id":"https:\/\/www.oracaoefe.com\/politicas-de-privacidade\/","url":"https:\/\/www.oracaoefe.com\/politicas-de-privacidade\/","name":"Politique de confidentialit\u00e9 - Pri\u00e8re et Foi","isPartOf":{"@id":"https:\/\/www.oracaoefe.com\/#website"},"primaryImageOfPage":{"@id":"https:\/\/www.oracaoefe.com\/politicas-de-privacidade\/#primaryimage"},"image":{"@id":"https:\/\/www.oracaoefe.com\/politicas-de-privacidade\/#primaryimage"},"thumbnailUrl":"https:\/\/www.oracaoefe.com\/wp-content\/uploads\/2022\/09\/oracao-e-fe.png","datePublished":"2021-03-17T22:42:00+00:00","dateModified":"2026-08-14T18:04:09+00:00","author":{"@id":"https:\/\/www.oracaoefe.com\/#\/schema\/person\/27873f1e6043866689f5091b5139f23d"},"description":"Dieu a une parole de vie pour vous !","breadcrumb":{"@id":"https:\/\/www.oracaoefe.com\/politicas-de-privacidade\/#breadcrumb"},"inLanguage":"fr-FR","potentialAction":[{"@type":"ReadAction","target":["https:\/\/www.oracaoefe.com\/politicas-de-privacidade\/"]}]},{"@type":"ImageObject","inLanguage":"fr-FR","@id":"https:\/\/www.oracaoefe.com\/politicas-de-privacidade\/#primaryimage","url":"https:\/\/www.oracaoefe.com\/wp-content\/uploads\/2022\/09\/oracao-e-fe.png","contentUrl":"https:\/\/www.oracaoefe.com\/wp-content\/uploads\/2022\/09\/oracao-e-fe.png","width":400,"height":200,"caption":"oracao e fe"},{"@type":"BreadcrumbList","@id":"https:\/\/www.oracaoefe.com\/politicas-de-privacidade\/#breadcrumb","itemListElement":[{"@type":"ListItem","position":1,"name":"Home","item":"https:\/\/www.oracaoefe.com\/"},{"@type":"ListItem","position":2,"name":"Curiosidades","item":"https:\/\/www.oracaoefe.com\/es\/categoria\/curiosidades\/"},{"@type":"ListItem","position":3,"name":"Pol\u00edticas de Privacidade"}]},{"@type":"WebSite","@id":"https:\/\/www.oracaoefe.com\/#website","url":"https:\/\/www.oracaoefe.com\/","name":"Pri\u00e8re et foi","description":"","potentialAction":[{"@type":"SearchAction","target":{"@type":"EntryPoint","urlTemplate":"https:\/\/www.oracaoefe.com\/?s={search_term_string}"},"query-input":{"@type":"PropertyValueSpecification","valueRequired":true,"valueName":"search_term_string"}}],"inLanguage":"fr-FR"},{"@type":"Person","@id":"https:\/\/www.oracaoefe.com\/#\/schema\/person\/27873f1e6043866689f5091b5139f23d","name":"Maria","image":{"@type":"ImageObject","inLanguage":"fr-FR","@id":"https:\/\/secure.gravatar.com\/avatar\/4cac5ea56d40d599bd7348d330a83b1c84cd229296d1613cd1c7f6740561d0c9?s=96&d=mm&r=g","url":"https:\/\/secure.gravatar.com\/avatar\/4cac5ea56d40d599bd7348d330a83b1c84cd229296d1613cd1c7f6740561d0c9?s=96&d=mm&r=g","contentUrl":"https:\/\/secure.gravatar.com\/avatar\/4cac5ea56d40d599bd7348d330a83b1c84cd229296d1613cd1c7f6740561d0c9?s=96&d=mm&r=g","caption":"Maria"},"description":"Meu nome \u00e9 Maria e sou apaixonada por teologia, espiritualidade e estudos religiosos. H\u00e1 mais de 5 anos escrevo sobre o universo da f\u00e9, pesquisando diferentes religi\u00f5es, doutrinas, tradi\u00e7\u00f5es espirituais e curiosidades religiosas ao redor do mundo. Tenho grande interesse em compreender como a f\u00e9 e a religiosidade se manifestam em diferentes culturas, pa\u00edses e idiomas, sempre buscando aprender mais sobre os costumes, cren\u00e7as e hist\u00f3rias que influenciam milh\u00f5es de pessoas diariamente. Atualmente, atuo como redatora no portal Ora\u00e7\u00e3o e F\u00e9, onde compartilho conte\u00fados informativos, reflexivos e inspiradores voltados ao universo religioso e espiritual. Meu objetivo \u00e9 levar conhecimento, curiosidades e mensagens enriquecedoras para leitores que desejam aprofundar sua compreens\u00e3o sobre f\u00e9, religi\u00e3o e espiritualidade no mundo moderno.","sameAs":["https:\/\/www.oracaoefe.com"],"url":"https:\/\/www.oracaoefe.com\/fr\/author\/admin\/"}]}},"_links":{"self":[{"href":"https:\/\/www.oracaoefe.com\/fr\/wp-json\/wp\/v2\/posts\/2632","targetHints":{"allow":["GET"]}}],"collection":[{"href":"https:\/\/www.oracaoefe.com\/fr\/wp-json\/wp\/v2\/posts"}],"about":[{"href":"https:\/\/www.oracaoefe.com\/fr\/wp-json\/wp\/v2\/types\/post"}],"author":[{"embeddable":true,"href":"https:\/\/www.oracaoefe.com\/fr\/wp-json\/wp\/v2\/users\/1"}],"replies":[{"embeddable":true,"href":"https:\/\/www.oracaoefe.com\/fr\/wp-json\/wp\/v2\/comments?post=2632"}],"version-history":[{"count":2,"href":"https:\/\/www.oracaoefe.com\/fr\/wp-json\/wp\/v2\/posts\/2632\/revisions"}],"predecessor-version":[{"id":4057,"href":"https:\/\/www.oracaoefe.com\/fr\/wp-json\/wp\/v2\/posts\/2632\/revisions\/4057"}],"wp:featuredmedia":[{"embeddable":true,"href":"https:\/\/www.oracaoefe.com\/fr\/wp-json\/wp\/v2\/media\/162"}],"wp:attachment":[{"href":"https:\/\/www.oracaoefe.com\/fr\/wp-json\/wp\/v2\/media?parent=2632"}],"wp:term":[{"taxonomy":"category","embeddable":true,"href":"https:\/\/www.oracaoefe.com\/fr\/wp-json\/wp\/v2\/categories?post=2632"},{"taxonomy":"post_tag","embeddable":true,"href":"https:\/\/www.oracaoefe.com\/fr\/wp-json\/wp\/v2\/tags?post=2632"}],"curies":[{"name":"wp","href":"https:\/\/api.w.org\/{rel}","templated":true}]}}