{"id":2581,"date":"2024-03-10T01:01:00","date_gmt":"2024-03-10T04:01:00","guid":{"rendered":"https:\/\/www.oracaoefe.com\/?p=2581"},"modified":"2024-02-18T20:40:42","modified_gmt":"2024-02-18T23:40:42","slug":"oracoes-intercessorias-como-rezar-pelos-outros-eficazmente","status":"publish","type":"post","link":"https:\/\/www.oracaoefe.com\/fr\/oracoes-intercessorias-como-rezar-pelos-outros-eficazmente\/","title":{"rendered":"Ora\u00e7\u00f5es Intercess\u00f3rias: Como Rezar pelos Outros Eficazmente"},"content":{"rendered":"<p class=\"wp-block-paragraph\">A pr\u00e1tica de rezar pelos outros \u00e9 uma tradi\u00e7\u00e3o profundamente enraizada em v\u00e1rias religi\u00f5es ao redor do mundo. As ora\u00e7\u00f5es intercess\u00f3rias, como s\u00e3o conhecidas, representam um ato de amor e empatia, estendendo nossos desejos e preces em favor de algu\u00e9m al\u00e9m de n\u00f3s mesmos. Este ato de f\u00e9 n\u00e3o apenas beneficia aqueles pelos quais rezamos, mas tamb\u00e9m pode enriquecer nossa pr\u00f3pria vida espiritual, promovendo uma sensa\u00e7\u00e3o de comunidade e conex\u00e3o com o divino.<\/p>\n\n\n\n<h2 class=\"wp-block-heading\">O que s\u00e3o Ora\u00e7\u00f5es Intercess\u00f3rias?<\/h2>\n\n\n\n<p class=\"wp-block-paragraph\">As ora\u00e7\u00f5es intercess\u00f3rias s\u00e3o preces feitas por uma pessoa em favor de outra ou de um grupo de pessoas. Diferentemente da ora\u00e7\u00e3o pessoal, que se concentra em nossas pr\u00f3prias necessidades, preocupa\u00e7\u00f5es e agradecimentos, a ora\u00e7\u00e3o intercess\u00f3ria foca no bem-estar dos outros. Ela pode ser dirigida por necessidades espec\u00edficas, como sa\u00fade, consolo, prote\u00e7\u00e3o ou at\u00e9 mesmo por b\u00ean\u00e7\u00e3os gerais de prosperidade e felicidade.<\/p>\n\n\n\n<h3 class=\"wp-block-heading\">A Import\u00e2ncia da Inten\u00e7\u00e3o<\/h3>\n\n\n\n<p class=\"wp-block-paragraph\">O cora\u00e7\u00e3o da ora\u00e7\u00e3o intercess\u00f3ria \u00e9 a inten\u00e7\u00e3o com a qual ela \u00e9 feita. A sinceridade e a pureza de cora\u00e7\u00e3o ao apresentar os pedidos a Deus (ou a qualquer for\u00e7a superior em que se acredite) s\u00e3o cruciais para a efic\u00e1cia dessas ora\u00e7\u00f5es. N\u00e3o se trata de recitar palavras vazias, mas de conectar-se profundamente com o desejo de auxiliar o pr\u00f3ximo, colocando essas inten\u00e7\u00f5es nas m\u00e3os do divino.<\/p>\n\n\n\n<h2 class=\"wp-block-heading\">Como Rezar pelos Outros Eficazmente<\/h2>\n\n\n\n<p class=\"wp-block-paragraph\">Ao abordarmos a nobre pr\u00e1tica de rezar pelos outros, adentramos um campo de profunda empatia e conex\u00e3o espiritual. A intercess\u00e3o por meio da ora\u00e7\u00e3o n\u00e3o \u00e9 apenas um gesto de amor ao pr\u00f3ximo, mas tamb\u00e9m um caminho para fortalecer nossa pr\u00f3pria f\u00e9 e compreens\u00e3o do poder transcendental da prece. A efic\u00e1cia dessas ora\u00e7\u00f5es, contudo, pode variar significativamente, dependendo de como s\u00e3o realizadas.<\/p>\n\n\n\n<h3 class=\"wp-block-heading\">1. Seja Espec\u00edfico<\/h3>\n\n\n\n<p class=\"wp-block-paragraph\">Quando rezamos pelos outros, \u00e9 \u00fatil ser o mais espec\u00edfico poss\u00edvel em nossas peti\u00e7\u00f5es. Isso ajuda a focar nossas inten\u00e7\u00f5es e a tornar a ora\u00e7\u00e3o mais pessoal e significativa. Por exemplo, ao inv\u00e9s de apenas pedir pela &#8220;sa\u00fade&#8221; de algu\u00e9m, voc\u00ea pode orar por sua recupera\u00e7\u00e3o r\u00e1pida de uma cirurgia espec\u00edfica ou pelo al\u00edvio de uma determinada dor ou doen\u00e7a.<\/p>\n\n\n\n<figure class=\"wp-block-image size-large\"><img loading=\"lazy\" decoding=\"async\" width=\"1024\" height=\"683\" src=\"https:\/\/www.oracaoefe.com\/wp-content\/uploads\/2024\/02\/image-8-1024x683.png\" alt=\"\" class=\"wp-image-2601\" srcset=\"https:\/\/www.oracaoefe.com\/wp-content\/uploads\/2024\/02\/image-8-1024x683.png 1024w, https:\/\/www.oracaoefe.com\/wp-content\/uploads\/2024\/02\/image-8-300x200.png 300w, https:\/\/www.oracaoefe.com\/wp-content\/uploads\/2024\/02\/image-8-768x512.png 768w, https:\/\/www.oracaoefe.com\/wp-content\/uploads\/2024\/02\/image-8-18x12.png 18w, https:\/\/www.oracaoefe.com\/wp-content\/uploads\/2024\/02\/image-8.png 1280w\" sizes=\"auto, (max-width: 1024px) 100vw, 1024px\" \/><\/figure>\n\n\n\n<h3 class=\"wp-block-heading\">2. Use Escrituras ou Ora\u00e7\u00f5es Consagradas<\/h3>\n\n\n\n<p class=\"wp-block-paragraph\">Incorporar escrituras ou ora\u00e7\u00f5es consagradas em suas preces pode enriquecer suas ora\u00e7\u00f5es intercess\u00f3rias. Muitas tradi\u00e7\u00f5es religiosas oferecem textos espec\u00edficos que podem ser adaptados para orar pelos outros. Estes textos podem fornecer conforto e for\u00e7a, tanto para quem ora quanto para quem \u00e9 objeto da ora\u00e7\u00e3o.<\/p>\n\n\n\n<h3 class=\"wp-block-heading\">3. Mantenha um Di\u00e1rio de Ora\u00e7\u00e3o<\/h3>\n\n\n\n<p class=\"wp-block-paragraph\">Manter um di\u00e1rio de ora\u00e7\u00e3o pode ser uma pr\u00e1tica poderosa para acompanhar por quem voc\u00ea est\u00e1 orando e os pedidos espec\u00edficos que voc\u00ea fez. Isso n\u00e3o apenas ajuda a manter suas ora\u00e7\u00f5es organizadas, mas tamb\u00e9m oferece um registro do cuidado e do amor que voc\u00ea est\u00e1 estendendo aos outros. Al\u00e9m disso, revisitar seu di\u00e1rio pode ser uma fonte de encorajamento, ao ver como suas ora\u00e7\u00f5es foram atendidas ao longo do tempo.<\/p>\n\n\n\n<h3 class=\"wp-block-heading\">4. Ore com F\u00e9, Mas Aceite a Vontade Divina<\/h3>\n\n\n\n<p class=\"wp-block-paragraph\">\u00c9 essencial orar com f\u00e9, acreditando que suas preces podem trazer mudan\u00e7as. No entanto, tamb\u00e9m \u00e9 importante reconhecer e aceitar que a resposta \u00e0s suas ora\u00e7\u00f5es pode n\u00e3o vir da forma esperada. A aceita\u00e7\u00e3o da vontade divina, seja ela qual for, \u00e9 uma parte crucial da ora\u00e7\u00e3o intercess\u00f3ria. Isso n\u00e3o diminui o poder de sua ora\u00e7\u00e3o, mas reconhece que, em \u00faltima an\u00e1lise, estamos nas m\u00e3os de uma sabedoria maior que a nossa.<\/p>\n\n\n\n<h3 class=\"wp-block-heading\">5. Comprometa-se com a A\u00e7\u00e3o<\/h3>\n\n\n\n<p class=\"wp-block-paragraph\">Embora a ora\u00e7\u00e3o seja poderosa, combinar suas preces com a\u00e7\u00f5es concretas pode ampliar seu impacto. Se voc\u00ea est\u00e1 orando por algu\u00e9m que est\u00e1 doente, al\u00e9m de suas ora\u00e7\u00f5es, ofere\u00e7a visitas, prepare refei\u00e7\u00f5es ou ofere\u00e7a ajuda de maneira pr\u00e1tica. A ora\u00e7\u00e3o intercess\u00f3ria, acompanhada de a\u00e7\u00f5es significativas, demonstra um compromisso profundo com o bem-estar dos outros.<\/p>\n\n\n\n<h2 class=\"wp-block-heading\">Ora\u00e7\u00f5es intercess\u00f3rias que fortalecem<\/h2>\n\n\n\n<p class=\"wp-block-paragraph\">As ora\u00e7\u00f5es intercess\u00f3rias s\u00e3o uma forma bela e poderosa de servir aos outros e fortalecer nossa conex\u00e3o com o divino. Ao rezar pelos outros, n\u00e3o apenas pedimos ajuda divina em seu favor, mas tamb\u00e9m cultivamos em n\u00f3s mesmos qualidades de compaix\u00e3o, empatia e amor.&nbsp;<\/p>\n\n\n\n<p class=\"wp-block-paragraph\">Lembre-se de que a efic\u00e1cia dessas ora\u00e7\u00f5es n\u00e3o se mede apenas pelos resultados vis\u00edveis, mas tamb\u00e9m pelo amor e pela f\u00e9 que colocamos nelas. Ao adotar essa pr\u00e1tica, podemos fazer uma diferen\u00e7a significativa na vida das pessoas e experimentar um crescimento espiritual profundo.<\/p>\n\n\n\n<p class=\"wp-block-paragraph\"><strong>Voir aussi\u00a0: <a href=\"https:\/\/www.oracaoefe.com\/fr\/efeitos-beneficos-da-fe-comprovados-por-estudos-veja-mais\/\">Efeitos ben\u00e9ficos da f\u00e9 comprovados por estudos; veja mais<\/a><\/strong><\/p>\n\n\n\n<p class=\"wp-block-paragraph\">10 de mar\u00e7o de 2024<\/p>","protected":false},"excerpt":{"rendered":"<p>A pr\u00e1tica de rezar pelos outros \u00e9 uma tradi\u00e7\u00e3o profundamente enraizada em v\u00e1rias religi\u00f5es ao redor do mundo. As ora\u00e7\u00f5es intercess\u00f3rias, como s\u00e3o conhecidas, representam um ato de amor e empatia, estendendo nossos desejos e preces em favor de algu\u00e9m al\u00e9m de n\u00f3s mesmos. Este ato de f\u00e9 n\u00e3o apenas beneficia aqueles pelos quais rezamos,&hellip;&nbsp;<\/p>","protected":false},"author":3,"featured_media":2601,"comment_status":"closed","ping_status":"closed","sticky":false,"template":"","format":"standard","meta":{"neve_meta_sidebar":"","neve_meta_container":"","neve_meta_enable_content_width":"","neve_meta_content_width":0,"neve_meta_title_alignment":"","neve_meta_author_avatar":"","neve_post_elements_order":"","neve_meta_disable_header":"","neve_meta_disable_footer":"","neve_meta_disable_title":"","footnotes":""},"categories":[2],"tags":[],"class_list":["post-2581","post","type-post","status-publish","format-standard","has-post-thumbnail","hentry","category-oracao"],"yoast_head":"<!-- This site is optimized with the Yoast SEO plugin v28.4 - https:\/\/yoast.com\/product\/yoast-seo-wordpress\/ -->\n<title>Ora\u00e7\u00f5es Intercess\u00f3rias: Como Rezar pelos Outros Eficazmente - Ora\u00e7\u00e3o e F\u00e9<\/title>\n<meta name=\"description\" content=\"Deus tem pra voc\u00ea uma palavra de vida!\" \/>\n<meta name=\"robots\" content=\"index, follow, max-snippet:-1, max-image-preview:large, max-video-preview:-1\" \/>\n<link rel=\"canonical\" href=\"https:\/\/www.oracaoefe.com\/fr\/oracoes-intercessorias-como-rezar-pelos-outros-eficazmente\/\" \/>\n<meta property=\"og:locale\" content=\"fr_FR\" \/>\n<meta property=\"og:type\" content=\"article\" \/>\n<meta property=\"og:title\" content=\"Ora\u00e7\u00f5es Intercess\u00f3rias: Como Rezar pelos Outros Eficazmente - Ora\u00e7\u00e3o e F\u00e9\" \/>\n<meta property=\"og:description\" content=\"Deus tem pra voc\u00ea uma palavra de vida!\" \/>\n<meta property=\"og:url\" content=\"https:\/\/www.oracaoefe.com\/fr\/oracoes-intercessorias-como-rezar-pelos-outros-eficazmente\/\" \/>\n<meta property=\"og:site_name\" content=\"Ora\u00e7\u00e3o e F\u00e9\" \/>\n<meta property=\"article:published_time\" content=\"2024-03-10T04:01:00+00:00\" \/>\n<meta property=\"og:image\" content=\"https:\/\/www.oracaoefe.com\/wp-content\/uploads\/2024\/02\/image-8.png\" \/>\n\t<meta property=\"og:image:width\" content=\"1280\" \/>\n\t<meta property=\"og:image:height\" content=\"854\" \/>\n\t<meta property=\"og:image:type\" content=\"image\/png\" \/>\n<meta name=\"author\" content=\"Michele Azevedo\" \/>\n<meta name=\"twitter:card\" content=\"summary_large_image\" \/>\n<meta name=\"twitter:label1\" content=\"\u00c9crit par\" \/>\n\t<meta name=\"twitter:data1\" content=\"Michele Azevedo\" \/>\n\t<meta name=\"twitter:label2\" content=\"Dur\u00e9e de lecture estim\u00e9e\" \/>\n\t<meta name=\"twitter:data2\" content=\"4 minutes\" \/>\n<script type=\"application\/ld+json\" class=\"yoast-schema-graph\">{\"@context\":\"https:\\\/\\\/schema.org\",\"@graph\":[{\"@type\":\"Article\",\"@id\":\"https:\\\/\\\/www.oracaoefe.com\\\/oracoes-intercessorias-como-rezar-pelos-outros-eficazmente\\\/#article\",\"isPartOf\":{\"@id\":\"https:\\\/\\\/www.oracaoefe.com\\\/oracoes-intercessorias-como-rezar-pelos-outros-eficazmente\\\/\"},\"author\":{\"name\":\"Michele Azevedo\",\"@id\":\"https:\\\/\\\/www.oracaoefe.com\\\/#\\\/schema\\\/person\\\/17283c669442cf005c4d5bb58adfb7f5\"},\"headline\":\"Ora\u00e7\u00f5es Intercess\u00f3rias: Como Rezar pelos Outros Eficazmente\",\"datePublished\":\"2024-03-10T04:01:00+00:00\",\"mainEntityOfPage\":{\"@id\":\"https:\\\/\\\/www.oracaoefe.com\\\/oracoes-intercessorias-como-rezar-pelos-outros-eficazmente\\\/\"},\"wordCount\":847,\"image\":{\"@id\":\"https:\\\/\\\/www.oracaoefe.com\\\/oracoes-intercessorias-como-rezar-pelos-outros-eficazmente\\\/#primaryimage\"},\"thumbnailUrl\":\"https:\\\/\\\/www.oracaoefe.com\\\/wp-content\\\/uploads\\\/2024\\\/02\\\/image-8.png\",\"articleSection\":[\"Ora\u00e7\u00e3o\"],\"inLanguage\":\"fr-FR\"},{\"@type\":\"WebPage\",\"@id\":\"https:\\\/\\\/www.oracaoefe.com\\\/oracoes-intercessorias-como-rezar-pelos-outros-eficazmente\\\/\",\"url\":\"https:\\\/\\\/www.oracaoefe.com\\\/oracoes-intercessorias-como-rezar-pelos-outros-eficazmente\\\/\",\"name\":\"Ora\u00e7\u00f5es Intercess\u00f3rias: Como Rezar pelos Outros Eficazmente - Ora\u00e7\u00e3o e F\u00e9\",\"isPartOf\":{\"@id\":\"https:\\\/\\\/www.oracaoefe.com\\\/#website\"},\"primaryImageOfPage\":{\"@id\":\"https:\\\/\\\/www.oracaoefe.com\\\/oracoes-intercessorias-como-rezar-pelos-outros-eficazmente\\\/#primaryimage\"},\"image\":{\"@id\":\"https:\\\/\\\/www.oracaoefe.com\\\/oracoes-intercessorias-como-rezar-pelos-outros-eficazmente\\\/#primaryimage\"},\"thumbnailUrl\":\"https:\\\/\\\/www.oracaoefe.com\\\/wp-content\\\/uploads\\\/2024\\\/02\\\/image-8.png\",\"datePublished\":\"2024-03-10T04:01:00+00:00\",\"author\":{\"@id\":\"https:\\\/\\\/www.oracaoefe.com\\\/#\\\/schema\\\/person\\\/17283c669442cf005c4d5bb58adfb7f5\"},\"description\":\"Deus tem pra voc\u00ea uma palavra de vida!\",\"breadcrumb\":{\"@id\":\"https:\\\/\\\/www.oracaoefe.com\\\/oracoes-intercessorias-como-rezar-pelos-outros-eficazmente\\\/#breadcrumb\"},\"inLanguage\":\"fr-FR\",\"potentialAction\":[{\"@type\":\"ReadAction\",\"target\":[\"https:\\\/\\\/www.oracaoefe.com\\\/oracoes-intercessorias-como-rezar-pelos-outros-eficazmente\\\/\"]}]},{\"@type\":\"ImageObject\",\"inLanguage\":\"fr-FR\",\"@id\":\"https:\\\/\\\/www.oracaoefe.com\\\/oracoes-intercessorias-como-rezar-pelos-outros-eficazmente\\\/#primaryimage\",\"url\":\"https:\\\/\\\/www.oracaoefe.com\\\/wp-content\\\/uploads\\\/2024\\\/02\\\/image-8.png\",\"contentUrl\":\"https:\\\/\\\/www.oracaoefe.com\\\/wp-content\\\/uploads\\\/2024\\\/02\\\/image-8.png\",\"width\":1280,\"height\":854},{\"@type\":\"BreadcrumbList\",\"@id\":\"https:\\\/\\\/www.oracaoefe.com\\\/oracoes-intercessorias-como-rezar-pelos-outros-eficazmente\\\/#breadcrumb\",\"itemListElement\":[{\"@type\":\"ListItem\",\"position\":1,\"name\":\"Home\",\"item\":\"https:\\\/\\\/www.oracaoefe.com\\\/\"},{\"@type\":\"ListItem\",\"position\":2,\"name\":\"Ora\u00e7\u00e3o\",\"item\":\"https:\\\/\\\/www.oracaoefe.com\\\/category\\\/oracao\\\/\"},{\"@type\":\"ListItem\",\"position\":3,\"name\":\"Ora\u00e7\u00f5es Intercess\u00f3rias: Como Rezar pelos Outros Eficazmente\"}]},{\"@type\":\"WebSite\",\"@id\":\"https:\\\/\\\/www.oracaoefe.com\\\/#website\",\"url\":\"https:\\\/\\\/www.oracaoefe.com\\\/\",\"name\":\"Ora\u00e7\u00e3o e F\u00e9\",\"description\":\"\",\"potentialAction\":[{\"@type\":\"SearchAction\",\"target\":{\"@type\":\"EntryPoint\",\"urlTemplate\":\"https:\\\/\\\/www.oracaoefe.com\\\/?s={search_term_string}\"},\"query-input\":{\"@type\":\"PropertyValueSpecification\",\"valueRequired\":true,\"valueName\":\"search_term_string\"}}],\"inLanguage\":\"fr-FR\"},{\"@type\":\"Person\",\"@id\":\"https:\\\/\\\/www.oracaoefe.com\\\/#\\\/schema\\\/person\\\/17283c669442cf005c4d5bb58adfb7f5\",\"name\":\"Michele Azevedo\",\"image\":{\"@type\":\"ImageObject\",\"inLanguage\":\"fr-FR\",\"@id\":\"https:\\\/\\\/secure.gravatar.com\\\/avatar\\\/6b0eb9d22841282815e2cd856a0061c45e1761cd54b22e952d98c4746939aa85?s=96&d=mm&r=g\",\"url\":\"https:\\\/\\\/secure.gravatar.com\\\/avatar\\\/6b0eb9d22841282815e2cd856a0061c45e1761cd54b22e952d98c4746939aa85?s=96&d=mm&r=g\",\"contentUrl\":\"https:\\\/\\\/secure.gravatar.com\\\/avatar\\\/6b0eb9d22841282815e2cd856a0061c45e1761cd54b22e952d98c4746939aa85?s=96&d=mm&r=g\",\"caption\":\"Michele Azevedo\"},\"description\":\"Formada em Letras - Portugu\u00eas\\\/ Ingl\u00eas pela Universidade Estadual de Ponta Grossa (UEPG), p\u00f3s-graduada em Arte na Educa\u00e7\u00e3o (FAPI) e Psicopedagogia Escolar (FAPI), idealizadora e propriet\u00e1ria do site Escritora de Sucesso, possui experi\u00eancia em escrita para blogs em geral e atua como redatora e revisora dos conte\u00fados do Ora\u00e7\u00e3o e F\u00e9.\",\"url\":\"https:\\\/\\\/www.oracaoefe.com\\\/fr\\\/author\\\/michele-azevedo\\\/\"}]}<\/script>\n<!-- \/ Yoast SEO plugin. -->","yoast_head_json":{"title":"Ora\u00e7\u00f5es Intercess\u00f3rias: Como Rezar pelos Outros Eficazmente - Ora\u00e7\u00e3o e F\u00e9","description":"Dieu a une parole de vie pour vous !","robots":{"index":"index","follow":"follow","max-snippet":"max-snippet:-1","max-image-preview":"max-image-preview:large","max-video-preview":"max-video-preview:-1"},"canonical":"https:\/\/www.oracaoefe.com\/fr\/oracoes-intercessorias-como-rezar-pelos-outros-eficazmente\/","og_locale":"fr_FR","og_type":"article","og_title":"Ora\u00e7\u00f5es Intercess\u00f3rias: Como Rezar pelos Outros Eficazmente - Ora\u00e7\u00e3o e F\u00e9","og_description":"Deus tem pra voc\u00ea uma palavra de vida!","og_url":"https:\/\/www.oracaoefe.com\/fr\/oracoes-intercessorias-como-rezar-pelos-outros-eficazmente\/","og_site_name":"Ora\u00e7\u00e3o e F\u00e9","article_published_time":"2024-03-10T04:01:00+00:00","og_image":[{"width":1280,"height":854,"url":"https:\/\/www.oracaoefe.com\/wp-content\/uploads\/2024\/02\/image-8.png","type":"image\/png"}],"author":"Michele Azevedo","twitter_card":"summary_large_image","twitter_misc":{"\u00c9crit par":"Michele Azevedo","Dur\u00e9e de lecture estim\u00e9e":"4 minutes"},"schema":{"@context":"https:\/\/schema.org","@graph":[{"@type":"Article","@id":"https:\/\/www.oracaoefe.com\/oracoes-intercessorias-como-rezar-pelos-outros-eficazmente\/#article","isPartOf":{"@id":"https:\/\/www.oracaoefe.com\/oracoes-intercessorias-como-rezar-pelos-outros-eficazmente\/"},"author":{"name":"Michele Azevedo","@id":"https:\/\/www.oracaoefe.com\/#\/schema\/person\/17283c669442cf005c4d5bb58adfb7f5"},"headline":"Ora\u00e7\u00f5es Intercess\u00f3rias: Como Rezar pelos Outros Eficazmente","datePublished":"2024-03-10T04:01:00+00:00","mainEntityOfPage":{"@id":"https:\/\/www.oracaoefe.com\/oracoes-intercessorias-como-rezar-pelos-outros-eficazmente\/"},"wordCount":847,"image":{"@id":"https:\/\/www.oracaoefe.com\/oracoes-intercessorias-como-rezar-pelos-outros-eficazmente\/#primaryimage"},"thumbnailUrl":"https:\/\/www.oracaoefe.com\/wp-content\/uploads\/2024\/02\/image-8.png","articleSection":["Ora\u00e7\u00e3o"],"inLanguage":"fr-FR"},{"@type":"WebPage","@id":"https:\/\/www.oracaoefe.com\/oracoes-intercessorias-como-rezar-pelos-outros-eficazmente\/","url":"https:\/\/www.oracaoefe.com\/oracoes-intercessorias-como-rezar-pelos-outros-eficazmente\/","name":"Ora\u00e7\u00f5es Intercess\u00f3rias: Como Rezar pelos Outros Eficazmente - Ora\u00e7\u00e3o e F\u00e9","isPartOf":{"@id":"https:\/\/www.oracaoefe.com\/#website"},"primaryImageOfPage":{"@id":"https:\/\/www.oracaoefe.com\/oracoes-intercessorias-como-rezar-pelos-outros-eficazmente\/#primaryimage"},"image":{"@id":"https:\/\/www.oracaoefe.com\/oracoes-intercessorias-como-rezar-pelos-outros-eficazmente\/#primaryimage"},"thumbnailUrl":"https:\/\/www.oracaoefe.com\/wp-content\/uploads\/2024\/02\/image-8.png","datePublished":"2024-03-10T04:01:00+00:00","author":{"@id":"https:\/\/www.oracaoefe.com\/#\/schema\/person\/17283c669442cf005c4d5bb58adfb7f5"},"description":"Dieu a une parole de vie pour vous !","breadcrumb":{"@id":"https:\/\/www.oracaoefe.com\/oracoes-intercessorias-como-rezar-pelos-outros-eficazmente\/#breadcrumb"},"inLanguage":"fr-FR","potentialAction":[{"@type":"ReadAction","target":["https:\/\/www.oracaoefe.com\/oracoes-intercessorias-como-rezar-pelos-outros-eficazmente\/"]}]},{"@type":"ImageObject","inLanguage":"fr-FR","@id":"https:\/\/www.oracaoefe.com\/oracoes-intercessorias-como-rezar-pelos-outros-eficazmente\/#primaryimage","url":"https:\/\/www.oracaoefe.com\/wp-content\/uploads\/2024\/02\/image-8.png","contentUrl":"https:\/\/www.oracaoefe.com\/wp-content\/uploads\/2024\/02\/image-8.png","width":1280,"height":854},{"@type":"BreadcrumbList","@id":"https:\/\/www.oracaoefe.com\/oracoes-intercessorias-como-rezar-pelos-outros-eficazmente\/#breadcrumb","itemListElement":[{"@type":"ListItem","position":1,"name":"Home","item":"https:\/\/www.oracaoefe.com\/"},{"@type":"ListItem","position":2,"name":"Ora\u00e7\u00e3o","item":"https:\/\/www.oracaoefe.com\/category\/oracao\/"},{"@type":"ListItem","position":3,"name":"Ora\u00e7\u00f5es Intercess\u00f3rias: Como Rezar pelos Outros Eficazmente"}]},{"@type":"WebSite","@id":"https:\/\/www.oracaoefe.com\/#website","url":"https:\/\/www.oracaoefe.com\/","name":"Pri\u00e8re et foi","description":"","potentialAction":[{"@type":"SearchAction","target":{"@type":"EntryPoint","urlTemplate":"https:\/\/www.oracaoefe.com\/?s={search_term_string}"},"query-input":{"@type":"PropertyValueSpecification","valueRequired":true,"valueName":"search_term_string"}}],"inLanguage":"fr-FR"},{"@type":"Person","@id":"https:\/\/www.oracaoefe.com\/#\/schema\/person\/17283c669442cf005c4d5bb58adfb7f5","name":"Michele Azevedo","image":{"@type":"ImageObject","inLanguage":"fr-FR","@id":"https:\/\/secure.gravatar.com\/avatar\/6b0eb9d22841282815e2cd856a0061c45e1761cd54b22e952d98c4746939aa85?s=96&d=mm&r=g","url":"https:\/\/secure.gravatar.com\/avatar\/6b0eb9d22841282815e2cd856a0061c45e1761cd54b22e952d98c4746939aa85?s=96&d=mm&r=g","contentUrl":"https:\/\/secure.gravatar.com\/avatar\/6b0eb9d22841282815e2cd856a0061c45e1761cd54b22e952d98c4746939aa85?s=96&d=mm&r=g","caption":"Michele Azevedo"},"description":"Dipl\u00f4m\u00e9e en litt\u00e9rature portugaise\/anglaise de l&#039;Universit\u00e9 d&#039;\u00c9tat de Ponta Grossa (UEPG), avec des dipl\u00f4mes de troisi\u00e8me cycle en art dans l&#039;\u00e9ducation (FAPI) et en psychop\u00e9dagogie scolaire (FAPI), elle est la cr\u00e9atrice et propri\u00e9taire du site web Escritora de Sucesso, a de l&#039;exp\u00e9rience dans l&#039;\u00e9criture pour les blogs en g\u00e9n\u00e9ral et travaille comme r\u00e9dactrice et \u00e9ditrice du contenu pour Ora\u00e7\u00e3o e F\u00e9.","url":"https:\/\/www.oracaoefe.com\/fr\/author\/michele-azevedo\/"}]}},"_links":{"self":[{"href":"https:\/\/www.oracaoefe.com\/fr\/wp-json\/wp\/v2\/posts\/2581","targetHints":{"allow":["GET"]}}],"collection":[{"href":"https:\/\/www.oracaoefe.com\/fr\/wp-json\/wp\/v2\/posts"}],"about":[{"href":"https:\/\/www.oracaoefe.com\/fr\/wp-json\/wp\/v2\/types\/post"}],"author":[{"embeddable":true,"href":"https:\/\/www.oracaoefe.com\/fr\/wp-json\/wp\/v2\/users\/3"}],"replies":[{"embeddable":true,"href":"https:\/\/www.oracaoefe.com\/fr\/wp-json\/wp\/v2\/comments?post=2581"}],"version-history":[{"count":2,"href":"https:\/\/www.oracaoefe.com\/fr\/wp-json\/wp\/v2\/posts\/2581\/revisions"}],"predecessor-version":[{"id":2602,"href":"https:\/\/www.oracaoefe.com\/fr\/wp-json\/wp\/v2\/posts\/2581\/revisions\/2602"}],"wp:featuredmedia":[{"embeddable":true,"href":"https:\/\/www.oracaoefe.com\/fr\/wp-json\/wp\/v2\/media\/2601"}],"wp:attachment":[{"href":"https:\/\/www.oracaoefe.com\/fr\/wp-json\/wp\/v2\/media?parent=2581"}],"wp:term":[{"taxonomy":"category","embeddable":true,"href":"https:\/\/www.oracaoefe.com\/fr\/wp-json\/wp\/v2\/categories?post=2581"},{"taxonomy":"post_tag","embeddable":true,"href":"https:\/\/www.oracaoefe.com\/fr\/wp-json\/wp\/v2\/tags?post=2581"}],"curies":[{"name":"wp","href":"https:\/\/api.w.org\/{rel}","templated":true}]}}