{"id":2579,"date":"2024-03-07T01:01:00","date_gmt":"2024-03-07T04:01:00","guid":{"rendered":"https:\/\/www.oracaoefe.com\/?p=2579"},"modified":"2024-02-18T20:39:47","modified_gmt":"2024-02-18T23:39:47","slug":"como-a-tecnologia-esta-transformando-a-pratica-religiosa","status":"publish","type":"post","link":"https:\/\/www.oracaoefe.com\/fr\/como-a-tecnologia-esta-transformando-a-pratica-religiosa\/","title":{"rendered":"Como a Tecnologia Est\u00e1 Transformando a Pr\u00e1tica Religiosa"},"content":{"rendered":"<p class=\"wp-block-paragraph\">A era digital trouxe consigo uma revolu\u00e7\u00e3o em v\u00e1rias esferas da sociedade, e a pr\u00e1tica religiosa n\u00e3o ficou de fora dessa transforma\u00e7\u00e3o. A tecnologia, com seu avan\u00e7o constante, vem remodelando a forma como as comunidades de f\u00e9 se conectam, praticam suas cren\u00e7as e realizam suas tradi\u00e7\u00f5es.<\/p>\n\n\n\n<h2 class=\"wp-block-heading\">Como a Tecnologia Est\u00e1 Transformando a Pr\u00e1tica Religiosa<\/h2>\n\n\n\n<p class=\"wp-block-paragraph\">Na era contempor\u00e2nea, a tecnologia tem sido uma for\u00e7a transformadora em in\u00fameros aspectos da vida cotidiana, redefinindo desde a maneira como nos comunicamos at\u00e9 como trabalhamos e aprendemos. No entanto, sua influ\u00eancia n\u00e3o se limita apenas ao \u00e2mbito secular; ela tamb\u00e9m penetrou profundamente nas pr\u00e1ticas religiosas, oferecendo novas perspectivas e oportunidades para a express\u00e3o da f\u00e9.<\/p>\n\n\n\n<h3 class=\"wp-block-heading\">Acesso Ampliado atrav\u00e9s da Transmiss\u00e3o Online<\/h3>\n\n\n\n<p class=\"wp-block-paragraph\">Uma das mudan\u00e7as mais not\u00e1veis \u00e9 o acesso ampliado aos servi\u00e7os religiosos atrav\u00e9s da transmiss\u00e3o online. Igrejas, sinagogas, mesquitas e templos de v\u00e1rias f\u00e9s est\u00e3o utilizando plataformas de streaming para transmitir suas cerim\u00f4nias, permitindo que fi\u00e9is de todo o mundo participem de cultos e rituais, independentemente de sua localiza\u00e7\u00e3o f\u00edsica.&nbsp;<\/p>\n\n\n\n<p class=\"wp-block-paragraph\">Esta pr\u00e1tica, que ganhou for\u00e7a durante a pandemia de COVID-19, mostrou-se uma ferramenta valiosa para manter as comunidades religiosas conectadas, mesmo quando n\u00e3o podem estar fisicamente juntas.<\/p>\n\n\n\n<h3 class=\"wp-block-heading\">Aplicativos e Plataformas Digitais<\/h3>\n\n\n\n<p class=\"wp-block-paragraph\">O desenvolvimento de aplicativos e plataformas digitais espec\u00edficos para comunidades de f\u00e9 \u00e9 outra \u00e1rea em que a tecnologia est\u00e1 fazendo uma grande diferen\u00e7a. Existem aplicativos que oferecem leituras di\u00e1rias de textos sagrados, medita\u00e7\u00f5es guiadas baseadas em princ\u00edpios religiosos, calend\u00e1rios de feriados religiosos e muito mais.\u00a0<\/p>\n\n\n\n<figure class=\"wp-block-image size-large\"><img loading=\"lazy\" decoding=\"async\" width=\"1024\" height=\"682\" src=\"https:\/\/www.oracaoefe.com\/wp-content\/uploads\/2024\/02\/image-7-1024x682.png\" alt=\"\" class=\"wp-image-2599\" srcset=\"https:\/\/www.oracaoefe.com\/wp-content\/uploads\/2024\/02\/image-7-1024x682.png 1024w, https:\/\/www.oracaoefe.com\/wp-content\/uploads\/2024\/02\/image-7-300x200.png 300w, https:\/\/www.oracaoefe.com\/wp-content\/uploads\/2024\/02\/image-7-768x512.png 768w, https:\/\/www.oracaoefe.com\/wp-content\/uploads\/2024\/02\/image-7-18x12.png 18w, https:\/\/www.oracaoefe.com\/wp-content\/uploads\/2024\/02\/image-7.png 1280w\" sizes=\"auto, (max-width: 1024px) 100vw, 1024px\" \/><\/figure>\n\n\n\n<p class=\"wp-block-paragraph\">Al\u00e9m disso, algumas plataformas facilitam a pr\u00e1tica de d\u00edzimos e doa\u00e7\u00f5es digitais, tornando mais f\u00e1cil para os membros contribu\u00edrem com suas comunidades religiosas de forma conveniente e segura.<\/p>\n\n\n\n<h3 class=\"wp-block-heading\">Realidade Virtual e Aumentada na Pr\u00e1tica Religiosa<\/h3>\n\n\n\n<p class=\"wp-block-paragraph\">A tecnologia de realidade virtual (VR) e realidade aumentada (AR) est\u00e1 come\u00e7ando a ser explorada por comunidades religiosas como uma maneira de enriquecer a experi\u00eancia de f\u00e9.&nbsp;<\/p>\n\n\n\n<p class=\"wp-block-paragraph\">Por exemplo, a VR pode transportar fi\u00e9is para r\u00e9plicas virtuais de locais sagrados, permitindo-lhes realizar peregrina\u00e7\u00f5es ou visitas espirituais sem sair de casa. A AR, por sua vez, pode ser usada em locais sagrados reais para fornecer informa\u00e7\u00f5es adicionais, hist\u00f3rias e contextos sobre o local, enriquecendo a experi\u00eancia de visita.<\/p>\n\n\n\n<h3 class=\"wp-block-heading\">Educa\u00e7\u00e3o Religiosa e Forma\u00e7\u00e3o de F\u00e9 Online<\/h3>\n\n\n\n<p class=\"wp-block-paragraph\">A tecnologia tamb\u00e9m est\u00e1 transformando a educa\u00e7\u00e3o religiosa e a forma\u00e7\u00e3o de f\u00e9. Cursos online, webinars e semin\u00e1rios permitem que pessoas de todas as idades aprendam mais sobre sua f\u00e9 e pr\u00e1ticas religiosas em seu pr\u00f3prio ritmo e de acordo com sua disponibilidade. Isso n\u00e3o s\u00f3 facilita o acesso ao aprendizado religioso mas tamb\u00e9m permite uma troca rica de conhecimentos e experi\u00eancias entre indiv\u00edduos de diferentes partes do mundo.<\/p>\n\n\n\n<h3 class=\"wp-block-heading\">Desafios e Considera\u00e7\u00f5es \u00c9ticas<\/h3>\n\n\n\n<p class=\"wp-block-paragraph\">Embora a tecnologia ofere\u00e7a muitas oportunidades para enriquecer a pr\u00e1tica religiosa, ela tamb\u00e9m apresenta desafios e considera\u00e7\u00f5es \u00e9ticas. Quest\u00f5es de privacidade de dados, a autenticidade da comunidade online em compara\u00e7\u00e3o com a intera\u00e7\u00e3o face a face, e a poss\u00edvel sobre-relian\u00e7a em solu\u00e7\u00f5es tecnol\u00f3gicas s\u00e3o preocupa\u00e7\u00f5es v\u00e1lidas.&nbsp;<\/p>\n\n\n\n<p class=\"wp-block-paragraph\">As comunidades religiosas est\u00e3o navegando por essas quest\u00f5es, buscando maneiras de integrar a tecnologia de forma que complemente e enrique\u00e7a a pr\u00e1tica religiosa, mantendo seus valores e tradi\u00e7\u00f5es fundamentais.<\/p>\n\n\n\n<h2 class=\"wp-block-heading\">Transforme a pr\u00e1tica religiosa com a tecnologia<\/h2>\n\n\n\n<p class=\"wp-block-paragraph\">A tecnologia est\u00e1, sem d\u00favida, transformando a pr\u00e1tica religiosa de maneiras antes inimagin\u00e1veis. Ela oferece novas formas de acesso, participa\u00e7\u00e3o e explora\u00e7\u00e3o da f\u00e9, tornando a espiritualidade mais acess\u00edvel a uma audi\u00eancia global.&nbsp;<\/p>\n\n\n\n<p class=\"wp-block-paragraph\">Enquanto as comunidades religiosas enfrentam os desafios dessa integra\u00e7\u00e3o, o potencial para uma pr\u00e1tica religiosa mais inclusiva e diversificada \u00e9 imenso. \u00c0 medida que continuamos a navegar na interse\u00e7\u00e3o entre f\u00e9 e tecnologia, \u00e9 prov\u00e1vel que vejamos ainda mais inova\u00e7\u00f5es que transformar\u00e3o a forma como vivenciamos e praticamos nossas cren\u00e7as.<\/p>\n\n\n\n<p class=\"wp-block-paragraph\"><strong>Voir aussi\u00a0: <a href=\"https:\/\/www.oracaoefe.com\/fr\/efeitos-beneficos-da-fe-comprovados-por-estudos-veja-mais\/\">Efeitos ben\u00e9ficos da f\u00e9 comprovados por estudos; veja mais<\/a><\/strong><\/p>\n\n\n\n<p class=\"wp-block-paragraph\">7 de mar\u00e7o de 2024<\/p>","protected":false},"excerpt":{"rendered":"<p>A era digital trouxe consigo uma revolu\u00e7\u00e3o em v\u00e1rias esferas da sociedade, e a pr\u00e1tica religiosa n\u00e3o ficou de fora dessa transforma\u00e7\u00e3o. A tecnologia, com seu avan\u00e7o constante, vem remodelando a forma como as comunidades de f\u00e9 se conectam, praticam suas cren\u00e7as e realizam suas tradi\u00e7\u00f5es. Como a Tecnologia Est\u00e1 Transformando a Pr\u00e1tica Religiosa Na&hellip;&nbsp;<\/p>","protected":false},"author":3,"featured_media":2599,"comment_status":"closed","ping_status":"closed","sticky":false,"template":"","format":"standard","meta":{"neve_meta_sidebar":"","neve_meta_container":"","neve_meta_enable_content_width":"","neve_meta_content_width":0,"neve_meta_title_alignment":"","neve_meta_author_avatar":"","neve_post_elements_order":"","neve_meta_disable_header":"","neve_meta_disable_footer":"","neve_meta_disable_title":"","footnotes":""},"categories":[4],"tags":[],"class_list":["post-2579","post","type-post","status-publish","format-standard","has-post-thumbnail","hentry","category-fique-por-dentro"],"yoast_head":"<!-- This site is optimized with the Yoast SEO plugin v28.4 - https:\/\/yoast.com\/product\/yoast-seo-wordpress\/ -->\n<title>Como a Tecnologia Est\u00e1 Transformando a Pr\u00e1tica Religiosa - Ora\u00e7\u00e3o e F\u00e9<\/title>\n<meta name=\"description\" content=\"Deus tem pra voc\u00ea uma palavra de vida!\" \/>\n<meta name=\"robots\" content=\"index, follow, max-snippet:-1, max-image-preview:large, max-video-preview:-1\" \/>\n<link rel=\"canonical\" href=\"https:\/\/www.oracaoefe.com\/fr\/como-a-tecnologia-esta-transformando-a-pratica-religiosa\/\" \/>\n<meta property=\"og:locale\" content=\"fr_FR\" \/>\n<meta property=\"og:type\" content=\"article\" \/>\n<meta property=\"og:title\" content=\"Como a Tecnologia Est\u00e1 Transformando a Pr\u00e1tica Religiosa - Ora\u00e7\u00e3o e F\u00e9\" \/>\n<meta property=\"og:description\" content=\"Deus tem pra voc\u00ea uma palavra de vida!\" \/>\n<meta property=\"og:url\" content=\"https:\/\/www.oracaoefe.com\/fr\/como-a-tecnologia-esta-transformando-a-pratica-religiosa\/\" \/>\n<meta property=\"og:site_name\" content=\"Ora\u00e7\u00e3o e F\u00e9\" \/>\n<meta property=\"article:published_time\" content=\"2024-03-07T04:01:00+00:00\" \/>\n<meta property=\"og:image\" content=\"https:\/\/www.oracaoefe.com\/wp-content\/uploads\/2024\/02\/image-7.png\" \/>\n\t<meta property=\"og:image:width\" content=\"1280\" \/>\n\t<meta property=\"og:image:height\" content=\"853\" \/>\n\t<meta property=\"og:image:type\" content=\"image\/png\" \/>\n<meta name=\"author\" content=\"Michele Azevedo\" \/>\n<meta name=\"twitter:card\" content=\"summary_large_image\" \/>\n<meta name=\"twitter:label1\" content=\"\u00c9crit par\" \/>\n\t<meta name=\"twitter:data1\" content=\"Michele Azevedo\" \/>\n\t<meta name=\"twitter:label2\" content=\"Dur\u00e9e de lecture estim\u00e9e\" \/>\n\t<meta name=\"twitter:data2\" content=\"4 minutes\" \/>\n<script type=\"application\/ld+json\" class=\"yoast-schema-graph\">{\"@context\":\"https:\\\/\\\/schema.org\",\"@graph\":[{\"@type\":\"Article\",\"@id\":\"https:\\\/\\\/www.oracaoefe.com\\\/como-a-tecnologia-esta-transformando-a-pratica-religiosa\\\/#article\",\"isPartOf\":{\"@id\":\"https:\\\/\\\/www.oracaoefe.com\\\/como-a-tecnologia-esta-transformando-a-pratica-religiosa\\\/\"},\"author\":{\"name\":\"Michele Azevedo\",\"@id\":\"https:\\\/\\\/www.oracaoefe.com\\\/#\\\/schema\\\/person\\\/17283c669442cf005c4d5bb58adfb7f5\"},\"headline\":\"Como a Tecnologia Est\u00e1 Transformando a Pr\u00e1tica Religiosa\",\"datePublished\":\"2024-03-07T04:01:00+00:00\",\"mainEntityOfPage\":{\"@id\":\"https:\\\/\\\/www.oracaoefe.com\\\/como-a-tecnologia-esta-transformando-a-pratica-religiosa\\\/\"},\"wordCount\":727,\"image\":{\"@id\":\"https:\\\/\\\/www.oracaoefe.com\\\/como-a-tecnologia-esta-transformando-a-pratica-religiosa\\\/#primaryimage\"},\"thumbnailUrl\":\"https:\\\/\\\/www.oracaoefe.com\\\/wp-content\\\/uploads\\\/2024\\\/02\\\/image-7.png\",\"articleSection\":[\"Fique por Dentro\"],\"inLanguage\":\"fr-FR\"},{\"@type\":\"WebPage\",\"@id\":\"https:\\\/\\\/www.oracaoefe.com\\\/como-a-tecnologia-esta-transformando-a-pratica-religiosa\\\/\",\"url\":\"https:\\\/\\\/www.oracaoefe.com\\\/como-a-tecnologia-esta-transformando-a-pratica-religiosa\\\/\",\"name\":\"Como a Tecnologia Est\u00e1 Transformando a Pr\u00e1tica Religiosa - Ora\u00e7\u00e3o e F\u00e9\",\"isPartOf\":{\"@id\":\"https:\\\/\\\/www.oracaoefe.com\\\/#website\"},\"primaryImageOfPage\":{\"@id\":\"https:\\\/\\\/www.oracaoefe.com\\\/como-a-tecnologia-esta-transformando-a-pratica-religiosa\\\/#primaryimage\"},\"image\":{\"@id\":\"https:\\\/\\\/www.oracaoefe.com\\\/como-a-tecnologia-esta-transformando-a-pratica-religiosa\\\/#primaryimage\"},\"thumbnailUrl\":\"https:\\\/\\\/www.oracaoefe.com\\\/wp-content\\\/uploads\\\/2024\\\/02\\\/image-7.png\",\"datePublished\":\"2024-03-07T04:01:00+00:00\",\"author\":{\"@id\":\"https:\\\/\\\/www.oracaoefe.com\\\/#\\\/schema\\\/person\\\/17283c669442cf005c4d5bb58adfb7f5\"},\"description\":\"Deus tem pra voc\u00ea uma palavra de vida!\",\"breadcrumb\":{\"@id\":\"https:\\\/\\\/www.oracaoefe.com\\\/como-a-tecnologia-esta-transformando-a-pratica-religiosa\\\/#breadcrumb\"},\"inLanguage\":\"fr-FR\",\"potentialAction\":[{\"@type\":\"ReadAction\",\"target\":[\"https:\\\/\\\/www.oracaoefe.com\\\/como-a-tecnologia-esta-transformando-a-pratica-religiosa\\\/\"]}]},{\"@type\":\"ImageObject\",\"inLanguage\":\"fr-FR\",\"@id\":\"https:\\\/\\\/www.oracaoefe.com\\\/como-a-tecnologia-esta-transformando-a-pratica-religiosa\\\/#primaryimage\",\"url\":\"https:\\\/\\\/www.oracaoefe.com\\\/wp-content\\\/uploads\\\/2024\\\/02\\\/image-7.png\",\"contentUrl\":\"https:\\\/\\\/www.oracaoefe.com\\\/wp-content\\\/uploads\\\/2024\\\/02\\\/image-7.png\",\"width\":1280,\"height\":853},{\"@type\":\"BreadcrumbList\",\"@id\":\"https:\\\/\\\/www.oracaoefe.com\\\/como-a-tecnologia-esta-transformando-a-pratica-religiosa\\\/#breadcrumb\",\"itemListElement\":[{\"@type\":\"ListItem\",\"position\":1,\"name\":\"Home\",\"item\":\"https:\\\/\\\/www.oracaoefe.com\\\/\"},{\"@type\":\"ListItem\",\"position\":2,\"name\":\"Fique por Dentro\",\"item\":\"https:\\\/\\\/www.oracaoefe.com\\\/category\\\/fique-por-dentro\\\/\"},{\"@type\":\"ListItem\",\"position\":3,\"name\":\"Como a Tecnologia Est\u00e1 Transformando a Pr\u00e1tica Religiosa\"}]},{\"@type\":\"WebSite\",\"@id\":\"https:\\\/\\\/www.oracaoefe.com\\\/#website\",\"url\":\"https:\\\/\\\/www.oracaoefe.com\\\/\",\"name\":\"Ora\u00e7\u00e3o e F\u00e9\",\"description\":\"\",\"potentialAction\":[{\"@type\":\"SearchAction\",\"target\":{\"@type\":\"EntryPoint\",\"urlTemplate\":\"https:\\\/\\\/www.oracaoefe.com\\\/?s={search_term_string}\"},\"query-input\":{\"@type\":\"PropertyValueSpecification\",\"valueRequired\":true,\"valueName\":\"search_term_string\"}}],\"inLanguage\":\"fr-FR\"},{\"@type\":\"Person\",\"@id\":\"https:\\\/\\\/www.oracaoefe.com\\\/#\\\/schema\\\/person\\\/17283c669442cf005c4d5bb58adfb7f5\",\"name\":\"Michele Azevedo\",\"image\":{\"@type\":\"ImageObject\",\"inLanguage\":\"fr-FR\",\"@id\":\"https:\\\/\\\/secure.gravatar.com\\\/avatar\\\/6b0eb9d22841282815e2cd856a0061c45e1761cd54b22e952d98c4746939aa85?s=96&d=mm&r=g\",\"url\":\"https:\\\/\\\/secure.gravatar.com\\\/avatar\\\/6b0eb9d22841282815e2cd856a0061c45e1761cd54b22e952d98c4746939aa85?s=96&d=mm&r=g\",\"contentUrl\":\"https:\\\/\\\/secure.gravatar.com\\\/avatar\\\/6b0eb9d22841282815e2cd856a0061c45e1761cd54b22e952d98c4746939aa85?s=96&d=mm&r=g\",\"caption\":\"Michele Azevedo\"},\"description\":\"Formada em Letras - Portugu\u00eas\\\/ Ingl\u00eas pela Universidade Estadual de Ponta Grossa (UEPG), p\u00f3s-graduada em Arte na Educa\u00e7\u00e3o (FAPI) e Psicopedagogia Escolar (FAPI), idealizadora e propriet\u00e1ria do site Escritora de Sucesso, possui experi\u00eancia em escrita para blogs em geral e atua como redatora e revisora dos conte\u00fados do Ora\u00e7\u00e3o e F\u00e9.\",\"url\":\"https:\\\/\\\/www.oracaoefe.com\\\/fr\\\/author\\\/michele-azevedo\\\/\"}]}<\/script>\n<!-- \/ Yoast SEO plugin. -->","yoast_head_json":{"title":"Como a Tecnologia Est\u00e1 Transformando a Pr\u00e1tica Religiosa - Ora\u00e7\u00e3o e F\u00e9","description":"Dieu a une parole de vie pour vous !","robots":{"index":"index","follow":"follow","max-snippet":"max-snippet:-1","max-image-preview":"max-image-preview:large","max-video-preview":"max-video-preview:-1"},"canonical":"https:\/\/www.oracaoefe.com\/fr\/como-a-tecnologia-esta-transformando-a-pratica-religiosa\/","og_locale":"fr_FR","og_type":"article","og_title":"Como a Tecnologia Est\u00e1 Transformando a Pr\u00e1tica Religiosa - Ora\u00e7\u00e3o e F\u00e9","og_description":"Deus tem pra voc\u00ea uma palavra de vida!","og_url":"https:\/\/www.oracaoefe.com\/fr\/como-a-tecnologia-esta-transformando-a-pratica-religiosa\/","og_site_name":"Ora\u00e7\u00e3o e F\u00e9","article_published_time":"2024-03-07T04:01:00+00:00","og_image":[{"width":1280,"height":853,"url":"https:\/\/www.oracaoefe.com\/wp-content\/uploads\/2024\/02\/image-7.png","type":"image\/png"}],"author":"Michele Azevedo","twitter_card":"summary_large_image","twitter_misc":{"\u00c9crit par":"Michele Azevedo","Dur\u00e9e de lecture estim\u00e9e":"4 minutes"},"schema":{"@context":"https:\/\/schema.org","@graph":[{"@type":"Article","@id":"https:\/\/www.oracaoefe.com\/como-a-tecnologia-esta-transformando-a-pratica-religiosa\/#article","isPartOf":{"@id":"https:\/\/www.oracaoefe.com\/como-a-tecnologia-esta-transformando-a-pratica-religiosa\/"},"author":{"name":"Michele Azevedo","@id":"https:\/\/www.oracaoefe.com\/#\/schema\/person\/17283c669442cf005c4d5bb58adfb7f5"},"headline":"Como a Tecnologia Est\u00e1 Transformando a Pr\u00e1tica Religiosa","datePublished":"2024-03-07T04:01:00+00:00","mainEntityOfPage":{"@id":"https:\/\/www.oracaoefe.com\/como-a-tecnologia-esta-transformando-a-pratica-religiosa\/"},"wordCount":727,"image":{"@id":"https:\/\/www.oracaoefe.com\/como-a-tecnologia-esta-transformando-a-pratica-religiosa\/#primaryimage"},"thumbnailUrl":"https:\/\/www.oracaoefe.com\/wp-content\/uploads\/2024\/02\/image-7.png","articleSection":["Fique por Dentro"],"inLanguage":"fr-FR"},{"@type":"WebPage","@id":"https:\/\/www.oracaoefe.com\/como-a-tecnologia-esta-transformando-a-pratica-religiosa\/","url":"https:\/\/www.oracaoefe.com\/como-a-tecnologia-esta-transformando-a-pratica-religiosa\/","name":"Como a Tecnologia Est\u00e1 Transformando a Pr\u00e1tica Religiosa - Ora\u00e7\u00e3o e F\u00e9","isPartOf":{"@id":"https:\/\/www.oracaoefe.com\/#website"},"primaryImageOfPage":{"@id":"https:\/\/www.oracaoefe.com\/como-a-tecnologia-esta-transformando-a-pratica-religiosa\/#primaryimage"},"image":{"@id":"https:\/\/www.oracaoefe.com\/como-a-tecnologia-esta-transformando-a-pratica-religiosa\/#primaryimage"},"thumbnailUrl":"https:\/\/www.oracaoefe.com\/wp-content\/uploads\/2024\/02\/image-7.png","datePublished":"2024-03-07T04:01:00+00:00","author":{"@id":"https:\/\/www.oracaoefe.com\/#\/schema\/person\/17283c669442cf005c4d5bb58adfb7f5"},"description":"Dieu a une parole de vie pour vous !","breadcrumb":{"@id":"https:\/\/www.oracaoefe.com\/como-a-tecnologia-esta-transformando-a-pratica-religiosa\/#breadcrumb"},"inLanguage":"fr-FR","potentialAction":[{"@type":"ReadAction","target":["https:\/\/www.oracaoefe.com\/como-a-tecnologia-esta-transformando-a-pratica-religiosa\/"]}]},{"@type":"ImageObject","inLanguage":"fr-FR","@id":"https:\/\/www.oracaoefe.com\/como-a-tecnologia-esta-transformando-a-pratica-religiosa\/#primaryimage","url":"https:\/\/www.oracaoefe.com\/wp-content\/uploads\/2024\/02\/image-7.png","contentUrl":"https:\/\/www.oracaoefe.com\/wp-content\/uploads\/2024\/02\/image-7.png","width":1280,"height":853},{"@type":"BreadcrumbList","@id":"https:\/\/www.oracaoefe.com\/como-a-tecnologia-esta-transformando-a-pratica-religiosa\/#breadcrumb","itemListElement":[{"@type":"ListItem","position":1,"name":"Home","item":"https:\/\/www.oracaoefe.com\/"},{"@type":"ListItem","position":2,"name":"Fique por Dentro","item":"https:\/\/www.oracaoefe.com\/category\/fique-por-dentro\/"},{"@type":"ListItem","position":3,"name":"Como a Tecnologia Est\u00e1 Transformando a Pr\u00e1tica Religiosa"}]},{"@type":"WebSite","@id":"https:\/\/www.oracaoefe.com\/#website","url":"https:\/\/www.oracaoefe.com\/","name":"Pri\u00e8re et foi","description":"","potentialAction":[{"@type":"SearchAction","target":{"@type":"EntryPoint","urlTemplate":"https:\/\/www.oracaoefe.com\/?s={search_term_string}"},"query-input":{"@type":"PropertyValueSpecification","valueRequired":true,"valueName":"search_term_string"}}],"inLanguage":"fr-FR"},{"@type":"Person","@id":"https:\/\/www.oracaoefe.com\/#\/schema\/person\/17283c669442cf005c4d5bb58adfb7f5","name":"Michele Azevedo","image":{"@type":"ImageObject","inLanguage":"fr-FR","@id":"https:\/\/secure.gravatar.com\/avatar\/6b0eb9d22841282815e2cd856a0061c45e1761cd54b22e952d98c4746939aa85?s=96&d=mm&r=g","url":"https:\/\/secure.gravatar.com\/avatar\/6b0eb9d22841282815e2cd856a0061c45e1761cd54b22e952d98c4746939aa85?s=96&d=mm&r=g","contentUrl":"https:\/\/secure.gravatar.com\/avatar\/6b0eb9d22841282815e2cd856a0061c45e1761cd54b22e952d98c4746939aa85?s=96&d=mm&r=g","caption":"Michele Azevedo"},"description":"Dipl\u00f4m\u00e9e en litt\u00e9rature portugaise\/anglaise de l&#039;Universit\u00e9 d&#039;\u00c9tat de Ponta Grossa (UEPG), avec des dipl\u00f4mes de troisi\u00e8me cycle en art dans l&#039;\u00e9ducation (FAPI) et en psychop\u00e9dagogie scolaire (FAPI), elle est la cr\u00e9atrice et propri\u00e9taire du site web Escritora de Sucesso, a de l&#039;exp\u00e9rience dans l&#039;\u00e9criture pour les blogs en g\u00e9n\u00e9ral et travaille comme r\u00e9dactrice et \u00e9ditrice du contenu pour Ora\u00e7\u00e3o e F\u00e9.","url":"https:\/\/www.oracaoefe.com\/fr\/author\/michele-azevedo\/"}]}},"_links":{"self":[{"href":"https:\/\/www.oracaoefe.com\/fr\/wp-json\/wp\/v2\/posts\/2579","targetHints":{"allow":["GET"]}}],"collection":[{"href":"https:\/\/www.oracaoefe.com\/fr\/wp-json\/wp\/v2\/posts"}],"about":[{"href":"https:\/\/www.oracaoefe.com\/fr\/wp-json\/wp\/v2\/types\/post"}],"author":[{"embeddable":true,"href":"https:\/\/www.oracaoefe.com\/fr\/wp-json\/wp\/v2\/users\/3"}],"replies":[{"embeddable":true,"href":"https:\/\/www.oracaoefe.com\/fr\/wp-json\/wp\/v2\/comments?post=2579"}],"version-history":[{"count":2,"href":"https:\/\/www.oracaoefe.com\/fr\/wp-json\/wp\/v2\/posts\/2579\/revisions"}],"predecessor-version":[{"id":2600,"href":"https:\/\/www.oracaoefe.com\/fr\/wp-json\/wp\/v2\/posts\/2579\/revisions\/2600"}],"wp:featuredmedia":[{"embeddable":true,"href":"https:\/\/www.oracaoefe.com\/fr\/wp-json\/wp\/v2\/media\/2599"}],"wp:attachment":[{"href":"https:\/\/www.oracaoefe.com\/fr\/wp-json\/wp\/v2\/media?parent=2579"}],"wp:term":[{"taxonomy":"category","embeddable":true,"href":"https:\/\/www.oracaoefe.com\/fr\/wp-json\/wp\/v2\/categories?post=2579"},{"taxonomy":"post_tag","embeddable":true,"href":"https:\/\/www.oracaoefe.com\/fr\/wp-json\/wp\/v2\/tags?post=2579"}],"curies":[{"name":"wp","href":"https:\/\/api.w.org\/{rel}","templated":true}]}}