{"id":2577,"date":"2024-03-04T01:01:00","date_gmt":"2024-03-04T04:01:00","guid":{"rendered":"https:\/\/www.oracaoefe.com\/?p=2577"},"modified":"2024-02-18T20:11:09","modified_gmt":"2024-02-18T23:11:09","slug":"como-a-fe-nos-prepara-para-os-desafios-da-vida","status":"publish","type":"post","link":"https:\/\/www.oracaoefe.com\/fr\/como-a-fe-nos-prepara-para-os-desafios-da-vida\/","title":{"rendered":"Como a F\u00e9 nos Prepara para os Desafios da Vida"},"content":{"rendered":"<p class=\"wp-block-paragraph\">A vida \u00e9 uma jornada repleta de altos e baixos, onde cada desafio apresenta uma oportunidade para crescimento e aprendizado. No entanto, enfrentar esses obst\u00e1culos pode ser intimidador e, \u00e0s vezes, esmagador. \u00c9 aqui que a f\u00e9 se torna uma \u00e2ncora, oferecendo n\u00e3o apenas conforto, mas tamb\u00e9m a for\u00e7a e a resili\u00eancia necess\u00e1rias para superar as adversidades.&nbsp;<\/p>\n\n\n\n<h2 class=\"wp-block-heading\">Como a F\u00e9 nos Prepara para os Desafios da Vida<\/h2>\n\n\n\n<p class=\"wp-block-paragraph\">A f\u00e9, seja ela ancorada em cren\u00e7as religiosas, espirituais, ou mesmo em convic\u00e7\u00f5es pessoais profundas, emerge como uma b\u00fassola essencial nessa busca. Ela n\u00e3o apenas ilumina o caminho durante os momentos de escurid\u00e3o, mas tamb\u00e9m nos fortalece, equipando-nos com a resili\u00eancia necess\u00e1ria para enfrentar as tempestades da vida.<\/p>\n\n\n\n<h3 class=\"wp-block-heading\">A Funda\u00e7\u00e3o da Resili\u00eancia<\/h3>\n\n\n\n<p class=\"wp-block-paragraph\">A f\u00e9, seja ela espiritual, religiosa ou uma cren\u00e7a profunda em valores pessoais, atua como a funda\u00e7\u00e3o da resili\u00eancia. Em momentos de crise ou dificuldade, a f\u00e9 oferece uma b\u00fassola moral e emocional que guia os indiv\u00edduos atrav\u00e9s das tempestades. Ela ensina a paci\u00eancia, a perseveran\u00e7a e a aceita\u00e7\u00e3o, mostrando que, mesmo nas adversidades, h\u00e1 li\u00e7\u00f5es valiosas a serem aprendidas e for\u00e7as a serem descobertas.<\/p>\n\n\n\n<h3 class=\"wp-block-heading\">Fonte de Conforto e Esperan\u00e7a<\/h3>\n\n\n\n<p class=\"wp-block-paragraph\">Um dos aspectos mais poderosos da f\u00e9 \u00e9 sua capacidade de oferecer conforto e esperan\u00e7a. Saber que n\u00e3o estamos sozinhos em nossas lutas e que h\u00e1 uma for\u00e7a maior ou um prop\u00f3sito al\u00e9m do nosso entendimento imediato pode ser profundamente consolador. A f\u00e9 nos encoraja a olhar al\u00e9m das circunst\u00e2ncias atuais e a manter a esperan\u00e7a de que dias melhores vir\u00e3o.<\/p>\n\n\n\n<figure class=\"wp-block-image size-large\"><img loading=\"lazy\" decoding=\"async\" width=\"1024\" height=\"580\" src=\"https:\/\/www.oracaoefe.com\/wp-content\/uploads\/2024\/02\/image-6-1024x580.png\" alt=\"\" class=\"wp-image-2597\" srcset=\"https:\/\/www.oracaoefe.com\/wp-content\/uploads\/2024\/02\/image-6-1024x580.png 1024w, https:\/\/www.oracaoefe.com\/wp-content\/uploads\/2024\/02\/image-6-300x170.png 300w, https:\/\/www.oracaoefe.com\/wp-content\/uploads\/2024\/02\/image-6-768x435.png 768w, https:\/\/www.oracaoefe.com\/wp-content\/uploads\/2024\/02\/image-6-18x10.png 18w, https:\/\/www.oracaoefe.com\/wp-content\/uploads\/2024\/02\/image-6.png 1280w\" sizes=\"auto, (max-width: 1024px) 100vw, 1024px\" \/><\/figure>\n\n\n\n<h3 class=\"wp-block-heading\">Fortalecendo as Rela\u00e7\u00f5es Comunit\u00e1rias<\/h3>\n\n\n\n<p class=\"wp-block-paragraph\">A f\u00e9 muitas vezes nos conecta a uma comunidade de indiv\u00edduos que compartilham cren\u00e7as e valores semelhantes. Essas comunidades fornecem suporte emocional, espiritual e, \u00e0s vezes, f\u00edsico durante tempos dif\u00edceis. A sensa\u00e7\u00e3o de pertencimento e o apoio m\u00fatuo encontrado nessas comunidades podem ser inestim\u00e1veis, especialmente quando enfrentamos desafios que parecem insuper\u00e1veis.<\/p>\n\n\n\n<h3 class=\"wp-block-heading\">Promovendo o Altru\u00edsmo e a Empatia<\/h3>\n\n\n\n<p class=\"wp-block-paragraph\">Al\u00e9m de nos preparar internamente para os desafios, a f\u00e9 tamb\u00e9m incentiva o altru\u00edsmo e a empatia. Ela nos ensina a olhar para fora de n\u00f3s mesmos, a servir aos outros e a estender a m\u00e3o para aqueles que est\u00e3o em necessidade. Ao fazer isso, n\u00e3o s\u00f3 ajudamos os outros, mas tamb\u00e9m ganhamos uma perspectiva e um prop\u00f3sito maiores, o que pode ser extremamente fortalecedor diante de dificuldades pessoais.<\/p>\n\n\n\n<h3 class=\"wp-block-heading\">Encontrando Significado nos Desafios<\/h3>\n\n\n\n<p class=\"wp-block-paragraph\">Um dos aspectos mais transformadores da f\u00e9 \u00e9 sua capacidade de ajudar a encontrar significado nos desafios. Em vez de ver as adversidades como puni\u00e7\u00f5es ou infort\u00fanios sem sentido, a f\u00e9 pode nos ajudar a ver esses momentos como oportunidades para o crescimento espiritual, pessoal e emocional. Esse reenquadramento pode mudar drasticamente nossa experi\u00eancia de sofrimento, transformando a dor em um caminho para a profundidade e o enriquecimento da vida.<\/p>\n\n\n\n<h3 class=\"wp-block-heading\">Cultivando a Paz Interior<\/h3>\n\n\n\n<p class=\"wp-block-paragraph\">Finalmente, a f\u00e9 nos ensina a cultivar a paz interior, mesmo diante da tempestade externa. Atrav\u00e9s da ora\u00e7\u00e3o, medita\u00e7\u00e3o, reflex\u00e3o ou simplesmente mantendo-se firme em nossas cren\u00e7as, podemos encontrar um senso de calma e clareza. Essa paz interior nos permite enfrentar os desafios com uma mente mais equilibrada e um cora\u00e7\u00e3o mais aberto, aumentando nossa capacidade de navegar pelas dificuldades com gra\u00e7a e determina\u00e7\u00e3o.<\/p>\n\n\n\n<h2 class=\"wp-block-heading\">Uma ferramenta de poder<\/h2>\n\n\n\n<p class=\"wp-block-paragraph\">A f\u00e9, em suas muitas formas, \u00e9 uma ferramenta poderosa para preparar e fortalecer os indiv\u00edduos diante dos desafios da vida. Ela oferece conforto, esperan\u00e7a, conex\u00e3o comunit\u00e1ria, incentiva o altru\u00edsmo, ajuda a encontrar significado nas adversidades e cultiva a paz interior.&nbsp;<\/p>\n\n\n\n<p class=\"wp-block-paragraph\">Ao abra\u00e7ar a f\u00e9, podemos n\u00e3o apenas sobreviver aos tempos dif\u00edceis, mas tamb\u00e9m emergir deles mais fortes, mais s\u00e1bios e mais compassivos. Em \u00faltima an\u00e1lise, a f\u00e9 nos equipa n\u00e3o apenas para enfrentar os desafios da vida, mas para transform\u00e1-los em oportunidades para um crescimento profundo e duradouro.<\/p>\n\n\n\n<p class=\"wp-block-paragraph\"><strong>Voir aussi\u00a0: <a href=\"https:\/\/www.oracaoefe.com\/fr\/efeitos-beneficos-da-fe-comprovados-por-estudos-veja-mais\/\">Efeitos ben\u00e9ficos da f\u00e9 comprovados por estudos; veja mais<\/a><\/strong><\/p>\n\n\n\n<p class=\"wp-block-paragraph\">4 de mar\u00e7o de 2024<\/p>","protected":false},"excerpt":{"rendered":"<p>A vida \u00e9 uma jornada repleta de altos e baixos, onde cada desafio apresenta uma oportunidade para crescimento e aprendizado. No entanto, enfrentar esses obst\u00e1culos pode ser intimidador e, \u00e0s vezes, esmagador. \u00c9 aqui que a f\u00e9 se torna uma \u00e2ncora, oferecendo n\u00e3o apenas conforto, mas tamb\u00e9m a for\u00e7a e a resili\u00eancia necess\u00e1rias para superar&hellip;&nbsp;<\/p>","protected":false},"author":3,"featured_media":2597,"comment_status":"closed","ping_status":"closed","sticky":false,"template":"","format":"standard","meta":{"neve_meta_sidebar":"","neve_meta_container":"","neve_meta_enable_content_width":"","neve_meta_content_width":0,"neve_meta_title_alignment":"","neve_meta_author_avatar":"","neve_post_elements_order":"","neve_meta_disable_header":"","neve_meta_disable_footer":"","neve_meta_disable_title":"","footnotes":""},"categories":[3],"tags":[],"class_list":["post-2577","post","type-post","status-publish","format-standard","has-post-thumbnail","hentry","category-fe"],"yoast_head":"<!-- This site is optimized with the Yoast SEO plugin v28.4 - https:\/\/yoast.com\/product\/yoast-seo-wordpress\/ -->\n<title>Como a F\u00e9 nos Prepara para os Desafios da Vida - Ora\u00e7\u00e3o e F\u00e9<\/title>\n<meta name=\"description\" content=\"Deus tem pra voc\u00ea uma palavra de vida!\" \/>\n<meta name=\"robots\" content=\"index, follow, max-snippet:-1, max-image-preview:large, max-video-preview:-1\" \/>\n<link rel=\"canonical\" href=\"https:\/\/www.oracaoefe.com\/fr\/como-a-fe-nos-prepara-para-os-desafios-da-vida\/\" \/>\n<meta property=\"og:locale\" content=\"fr_FR\" \/>\n<meta property=\"og:type\" content=\"article\" \/>\n<meta property=\"og:title\" content=\"Como a F\u00e9 nos Prepara para os Desafios da Vida - Ora\u00e7\u00e3o e F\u00e9\" \/>\n<meta property=\"og:description\" content=\"Deus tem pra voc\u00ea uma palavra de vida!\" \/>\n<meta property=\"og:url\" content=\"https:\/\/www.oracaoefe.com\/fr\/como-a-fe-nos-prepara-para-os-desafios-da-vida\/\" \/>\n<meta property=\"og:site_name\" content=\"Ora\u00e7\u00e3o e F\u00e9\" \/>\n<meta property=\"article:published_time\" content=\"2024-03-04T04:01:00+00:00\" \/>\n<meta property=\"og:image\" content=\"https:\/\/www.oracaoefe.com\/wp-content\/uploads\/2024\/02\/image-6.png\" \/>\n\t<meta property=\"og:image:width\" content=\"1280\" \/>\n\t<meta property=\"og:image:height\" content=\"725\" \/>\n\t<meta property=\"og:image:type\" content=\"image\/png\" \/>\n<meta name=\"author\" content=\"Michele Azevedo\" \/>\n<meta name=\"twitter:card\" content=\"summary_large_image\" \/>\n<meta name=\"twitter:label1\" content=\"\u00c9crit par\" \/>\n\t<meta name=\"twitter:data1\" content=\"Michele Azevedo\" \/>\n\t<meta name=\"twitter:label2\" content=\"Dur\u00e9e de lecture estim\u00e9e\" \/>\n\t<meta name=\"twitter:data2\" content=\"4 minutes\" \/>\n<script type=\"application\/ld+json\" class=\"yoast-schema-graph\">{\"@context\":\"https:\\\/\\\/schema.org\",\"@graph\":[{\"@type\":\"Article\",\"@id\":\"https:\\\/\\\/www.oracaoefe.com\\\/como-a-fe-nos-prepara-para-os-desafios-da-vida\\\/#article\",\"isPartOf\":{\"@id\":\"https:\\\/\\\/www.oracaoefe.com\\\/como-a-fe-nos-prepara-para-os-desafios-da-vida\\\/\"},\"author\":{\"name\":\"Michele Azevedo\",\"@id\":\"https:\\\/\\\/www.oracaoefe.com\\\/#\\\/schema\\\/person\\\/17283c669442cf005c4d5bb58adfb7f5\"},\"headline\":\"Como a F\u00e9 nos Prepara para os Desafios da Vida\",\"datePublished\":\"2024-03-04T04:01:00+00:00\",\"mainEntityOfPage\":{\"@id\":\"https:\\\/\\\/www.oracaoefe.com\\\/como-a-fe-nos-prepara-para-os-desafios-da-vida\\\/\"},\"wordCount\":720,\"image\":{\"@id\":\"https:\\\/\\\/www.oracaoefe.com\\\/como-a-fe-nos-prepara-para-os-desafios-da-vida\\\/#primaryimage\"},\"thumbnailUrl\":\"https:\\\/\\\/www.oracaoefe.com\\\/wp-content\\\/uploads\\\/2024\\\/02\\\/image-6.png\",\"articleSection\":[\"F\u00e9\"],\"inLanguage\":\"fr-FR\"},{\"@type\":\"WebPage\",\"@id\":\"https:\\\/\\\/www.oracaoefe.com\\\/como-a-fe-nos-prepara-para-os-desafios-da-vida\\\/\",\"url\":\"https:\\\/\\\/www.oracaoefe.com\\\/como-a-fe-nos-prepara-para-os-desafios-da-vida\\\/\",\"name\":\"Como a F\u00e9 nos Prepara para os Desafios da Vida - Ora\u00e7\u00e3o e F\u00e9\",\"isPartOf\":{\"@id\":\"https:\\\/\\\/www.oracaoefe.com\\\/#website\"},\"primaryImageOfPage\":{\"@id\":\"https:\\\/\\\/www.oracaoefe.com\\\/como-a-fe-nos-prepara-para-os-desafios-da-vida\\\/#primaryimage\"},\"image\":{\"@id\":\"https:\\\/\\\/www.oracaoefe.com\\\/como-a-fe-nos-prepara-para-os-desafios-da-vida\\\/#primaryimage\"},\"thumbnailUrl\":\"https:\\\/\\\/www.oracaoefe.com\\\/wp-content\\\/uploads\\\/2024\\\/02\\\/image-6.png\",\"datePublished\":\"2024-03-04T04:01:00+00:00\",\"author\":{\"@id\":\"https:\\\/\\\/www.oracaoefe.com\\\/#\\\/schema\\\/person\\\/17283c669442cf005c4d5bb58adfb7f5\"},\"description\":\"Deus tem pra voc\u00ea uma palavra de vida!\",\"breadcrumb\":{\"@id\":\"https:\\\/\\\/www.oracaoefe.com\\\/como-a-fe-nos-prepara-para-os-desafios-da-vida\\\/#breadcrumb\"},\"inLanguage\":\"fr-FR\",\"potentialAction\":[{\"@type\":\"ReadAction\",\"target\":[\"https:\\\/\\\/www.oracaoefe.com\\\/como-a-fe-nos-prepara-para-os-desafios-da-vida\\\/\"]}]},{\"@type\":\"ImageObject\",\"inLanguage\":\"fr-FR\",\"@id\":\"https:\\\/\\\/www.oracaoefe.com\\\/como-a-fe-nos-prepara-para-os-desafios-da-vida\\\/#primaryimage\",\"url\":\"https:\\\/\\\/www.oracaoefe.com\\\/wp-content\\\/uploads\\\/2024\\\/02\\\/image-6.png\",\"contentUrl\":\"https:\\\/\\\/www.oracaoefe.com\\\/wp-content\\\/uploads\\\/2024\\\/02\\\/image-6.png\",\"width\":1280,\"height\":725},{\"@type\":\"BreadcrumbList\",\"@id\":\"https:\\\/\\\/www.oracaoefe.com\\\/como-a-fe-nos-prepara-para-os-desafios-da-vida\\\/#breadcrumb\",\"itemListElement\":[{\"@type\":\"ListItem\",\"position\":1,\"name\":\"Home\",\"item\":\"https:\\\/\\\/www.oracaoefe.com\\\/\"},{\"@type\":\"ListItem\",\"position\":2,\"name\":\"F\u00e9\",\"item\":\"https:\\\/\\\/www.oracaoefe.com\\\/es\\\/categoria\\\/fe\\\/\"},{\"@type\":\"ListItem\",\"position\":3,\"name\":\"Como a F\u00e9 nos Prepara para os Desafios da Vida\"}]},{\"@type\":\"WebSite\",\"@id\":\"https:\\\/\\\/www.oracaoefe.com\\\/#website\",\"url\":\"https:\\\/\\\/www.oracaoefe.com\\\/\",\"name\":\"Ora\u00e7\u00e3o e F\u00e9\",\"description\":\"\",\"potentialAction\":[{\"@type\":\"SearchAction\",\"target\":{\"@type\":\"EntryPoint\",\"urlTemplate\":\"https:\\\/\\\/www.oracaoefe.com\\\/?s={search_term_string}\"},\"query-input\":{\"@type\":\"PropertyValueSpecification\",\"valueRequired\":true,\"valueName\":\"search_term_string\"}}],\"inLanguage\":\"fr-FR\"},{\"@type\":\"Person\",\"@id\":\"https:\\\/\\\/www.oracaoefe.com\\\/#\\\/schema\\\/person\\\/17283c669442cf005c4d5bb58adfb7f5\",\"name\":\"Michele Azevedo\",\"image\":{\"@type\":\"ImageObject\",\"inLanguage\":\"fr-FR\",\"@id\":\"https:\\\/\\\/secure.gravatar.com\\\/avatar\\\/6b0eb9d22841282815e2cd856a0061c45e1761cd54b22e952d98c4746939aa85?s=96&d=mm&r=g\",\"url\":\"https:\\\/\\\/secure.gravatar.com\\\/avatar\\\/6b0eb9d22841282815e2cd856a0061c45e1761cd54b22e952d98c4746939aa85?s=96&d=mm&r=g\",\"contentUrl\":\"https:\\\/\\\/secure.gravatar.com\\\/avatar\\\/6b0eb9d22841282815e2cd856a0061c45e1761cd54b22e952d98c4746939aa85?s=96&d=mm&r=g\",\"caption\":\"Michele Azevedo\"},\"description\":\"Formada em Letras - Portugu\u00eas\\\/ Ingl\u00eas pela Universidade Estadual de Ponta Grossa (UEPG), p\u00f3s-graduada em Arte na Educa\u00e7\u00e3o (FAPI) e Psicopedagogia Escolar (FAPI), idealizadora e propriet\u00e1ria do site Escritora de Sucesso, possui experi\u00eancia em escrita para blogs em geral e atua como redatora e revisora dos conte\u00fados do Ora\u00e7\u00e3o e F\u00e9.\",\"url\":\"https:\\\/\\\/www.oracaoefe.com\\\/fr\\\/author\\\/michele-azevedo\\\/\"}]}<\/script>\n<!-- \/ Yoast SEO plugin. -->","yoast_head_json":{"title":"Como a F\u00e9 nos Prepara para os Desafios da Vida - Ora\u00e7\u00e3o e F\u00e9","description":"Dieu a une parole de vie pour vous !","robots":{"index":"index","follow":"follow","max-snippet":"max-snippet:-1","max-image-preview":"max-image-preview:large","max-video-preview":"max-video-preview:-1"},"canonical":"https:\/\/www.oracaoefe.com\/fr\/como-a-fe-nos-prepara-para-os-desafios-da-vida\/","og_locale":"fr_FR","og_type":"article","og_title":"Como a F\u00e9 nos Prepara para os Desafios da Vida - Ora\u00e7\u00e3o e F\u00e9","og_description":"Deus tem pra voc\u00ea uma palavra de vida!","og_url":"https:\/\/www.oracaoefe.com\/fr\/como-a-fe-nos-prepara-para-os-desafios-da-vida\/","og_site_name":"Ora\u00e7\u00e3o e F\u00e9","article_published_time":"2024-03-04T04:01:00+00:00","og_image":[{"width":1280,"height":725,"url":"https:\/\/www.oracaoefe.com\/wp-content\/uploads\/2024\/02\/image-6.png","type":"image\/png"}],"author":"Michele Azevedo","twitter_card":"summary_large_image","twitter_misc":{"\u00c9crit par":"Michele Azevedo","Dur\u00e9e de lecture estim\u00e9e":"4 minutes"},"schema":{"@context":"https:\/\/schema.org","@graph":[{"@type":"Article","@id":"https:\/\/www.oracaoefe.com\/como-a-fe-nos-prepara-para-os-desafios-da-vida\/#article","isPartOf":{"@id":"https:\/\/www.oracaoefe.com\/como-a-fe-nos-prepara-para-os-desafios-da-vida\/"},"author":{"name":"Michele Azevedo","@id":"https:\/\/www.oracaoefe.com\/#\/schema\/person\/17283c669442cf005c4d5bb58adfb7f5"},"headline":"Como a F\u00e9 nos Prepara para os Desafios da Vida","datePublished":"2024-03-04T04:01:00+00:00","mainEntityOfPage":{"@id":"https:\/\/www.oracaoefe.com\/como-a-fe-nos-prepara-para-os-desafios-da-vida\/"},"wordCount":720,"image":{"@id":"https:\/\/www.oracaoefe.com\/como-a-fe-nos-prepara-para-os-desafios-da-vida\/#primaryimage"},"thumbnailUrl":"https:\/\/www.oracaoefe.com\/wp-content\/uploads\/2024\/02\/image-6.png","articleSection":["F\u00e9"],"inLanguage":"fr-FR"},{"@type":"WebPage","@id":"https:\/\/www.oracaoefe.com\/como-a-fe-nos-prepara-para-os-desafios-da-vida\/","url":"https:\/\/www.oracaoefe.com\/como-a-fe-nos-prepara-para-os-desafios-da-vida\/","name":"Como a F\u00e9 nos Prepara para os Desafios da Vida - Ora\u00e7\u00e3o e F\u00e9","isPartOf":{"@id":"https:\/\/www.oracaoefe.com\/#website"},"primaryImageOfPage":{"@id":"https:\/\/www.oracaoefe.com\/como-a-fe-nos-prepara-para-os-desafios-da-vida\/#primaryimage"},"image":{"@id":"https:\/\/www.oracaoefe.com\/como-a-fe-nos-prepara-para-os-desafios-da-vida\/#primaryimage"},"thumbnailUrl":"https:\/\/www.oracaoefe.com\/wp-content\/uploads\/2024\/02\/image-6.png","datePublished":"2024-03-04T04:01:00+00:00","author":{"@id":"https:\/\/www.oracaoefe.com\/#\/schema\/person\/17283c669442cf005c4d5bb58adfb7f5"},"description":"Dieu a une parole de vie pour vous !","breadcrumb":{"@id":"https:\/\/www.oracaoefe.com\/como-a-fe-nos-prepara-para-os-desafios-da-vida\/#breadcrumb"},"inLanguage":"fr-FR","potentialAction":[{"@type":"ReadAction","target":["https:\/\/www.oracaoefe.com\/como-a-fe-nos-prepara-para-os-desafios-da-vida\/"]}]},{"@type":"ImageObject","inLanguage":"fr-FR","@id":"https:\/\/www.oracaoefe.com\/como-a-fe-nos-prepara-para-os-desafios-da-vida\/#primaryimage","url":"https:\/\/www.oracaoefe.com\/wp-content\/uploads\/2024\/02\/image-6.png","contentUrl":"https:\/\/www.oracaoefe.com\/wp-content\/uploads\/2024\/02\/image-6.png","width":1280,"height":725},{"@type":"BreadcrumbList","@id":"https:\/\/www.oracaoefe.com\/como-a-fe-nos-prepara-para-os-desafios-da-vida\/#breadcrumb","itemListElement":[{"@type":"ListItem","position":1,"name":"Home","item":"https:\/\/www.oracaoefe.com\/"},{"@type":"ListItem","position":2,"name":"F\u00e9","item":"https:\/\/www.oracaoefe.com\/es\/categoria\/fe\/"},{"@type":"ListItem","position":3,"name":"Como a F\u00e9 nos Prepara para os Desafios da Vida"}]},{"@type":"WebSite","@id":"https:\/\/www.oracaoefe.com\/#website","url":"https:\/\/www.oracaoefe.com\/","name":"Pri\u00e8re et foi","description":"","potentialAction":[{"@type":"SearchAction","target":{"@type":"EntryPoint","urlTemplate":"https:\/\/www.oracaoefe.com\/?s={search_term_string}"},"query-input":{"@type":"PropertyValueSpecification","valueRequired":true,"valueName":"search_term_string"}}],"inLanguage":"fr-FR"},{"@type":"Person","@id":"https:\/\/www.oracaoefe.com\/#\/schema\/person\/17283c669442cf005c4d5bb58adfb7f5","name":"Michele Azevedo","image":{"@type":"ImageObject","inLanguage":"fr-FR","@id":"https:\/\/secure.gravatar.com\/avatar\/6b0eb9d22841282815e2cd856a0061c45e1761cd54b22e952d98c4746939aa85?s=96&d=mm&r=g","url":"https:\/\/secure.gravatar.com\/avatar\/6b0eb9d22841282815e2cd856a0061c45e1761cd54b22e952d98c4746939aa85?s=96&d=mm&r=g","contentUrl":"https:\/\/secure.gravatar.com\/avatar\/6b0eb9d22841282815e2cd856a0061c45e1761cd54b22e952d98c4746939aa85?s=96&d=mm&r=g","caption":"Michele Azevedo"},"description":"Dipl\u00f4m\u00e9e en litt\u00e9rature portugaise\/anglaise de l&#039;Universit\u00e9 d&#039;\u00c9tat de Ponta Grossa (UEPG), avec des dipl\u00f4mes de troisi\u00e8me cycle en art dans l&#039;\u00e9ducation (FAPI) et en psychop\u00e9dagogie scolaire (FAPI), elle est la cr\u00e9atrice et propri\u00e9taire du site web Escritora de Sucesso, a de l&#039;exp\u00e9rience dans l&#039;\u00e9criture pour les blogs en g\u00e9n\u00e9ral et travaille comme r\u00e9dactrice et \u00e9ditrice du contenu pour Ora\u00e7\u00e3o e F\u00e9.","url":"https:\/\/www.oracaoefe.com\/fr\/author\/michele-azevedo\/"}]}},"_links":{"self":[{"href":"https:\/\/www.oracaoefe.com\/fr\/wp-json\/wp\/v2\/posts\/2577","targetHints":{"allow":["GET"]}}],"collection":[{"href":"https:\/\/www.oracaoefe.com\/fr\/wp-json\/wp\/v2\/posts"}],"about":[{"href":"https:\/\/www.oracaoefe.com\/fr\/wp-json\/wp\/v2\/types\/post"}],"author":[{"embeddable":true,"href":"https:\/\/www.oracaoefe.com\/fr\/wp-json\/wp\/v2\/users\/3"}],"replies":[{"embeddable":true,"href":"https:\/\/www.oracaoefe.com\/fr\/wp-json\/wp\/v2\/comments?post=2577"}],"version-history":[{"count":2,"href":"https:\/\/www.oracaoefe.com\/fr\/wp-json\/wp\/v2\/posts\/2577\/revisions"}],"predecessor-version":[{"id":2598,"href":"https:\/\/www.oracaoefe.com\/fr\/wp-json\/wp\/v2\/posts\/2577\/revisions\/2598"}],"wp:featuredmedia":[{"embeddable":true,"href":"https:\/\/www.oracaoefe.com\/fr\/wp-json\/wp\/v2\/media\/2597"}],"wp:attachment":[{"href":"https:\/\/www.oracaoefe.com\/fr\/wp-json\/wp\/v2\/media?parent=2577"}],"wp:term":[{"taxonomy":"category","embeddable":true,"href":"https:\/\/www.oracaoefe.com\/fr\/wp-json\/wp\/v2\/categories?post=2577"},{"taxonomy":"post_tag","embeddable":true,"href":"https:\/\/www.oracaoefe.com\/fr\/wp-json\/wp\/v2\/tags?post=2577"}],"curies":[{"name":"wp","href":"https:\/\/api.w.org\/{rel}","templated":true}]}}