{"id":2570,"date":"2024-02-24T01:01:00","date_gmt":"2024-02-24T04:01:00","guid":{"rendered":"https:\/\/www.oracaoefe.com\/?p=2570"},"modified":"2024-02-18T20:08:27","modified_gmt":"2024-02-18T23:08:27","slug":"7-guias-de-oracao-para-momentos-dificeis","status":"publish","type":"post","link":"https:\/\/www.oracaoefe.com\/fr\/7-guias-de-oracao-para-momentos-dificeis\/","title":{"rendered":"7 Guias de Ora\u00e7\u00e3o para Momentos Dif\u00edceis"},"content":{"rendered":"<p class=\"wp-block-paragraph\">Neste mundo tumultuado, enfrentamos in\u00fameros desafios que testam nossa f\u00e9, paci\u00eancia e resili\u00eancia. Seja lidando com perdas, doen\u00e7as, estresse no trabalho ou rela\u00e7\u00f5es fraturadas, \u00e9 nos momentos de adversidade que nossa necessidade de apoio e orienta\u00e7\u00e3o se intensifica. A ora\u00e7\u00e3o se destaca como uma b\u00fassola poderosa nessas horas, oferecendo conforto, esperan\u00e7a e a for\u00e7a para perseverar.&nbsp;<\/p>\n\n\n\n<h2 class=\"wp-block-heading\">Guias de ora\u00e7\u00e3o para momentos dif\u00edceis<\/h2>\n\n\n\n<p class=\"wp-block-paragraph\">A ora\u00e7\u00e3o se apresenta como uma ponte poderosa nesses momentos, conectando-nos com o divino e proporcionando um caminho para expressar nossos medos, esperan\u00e7as e gratid\u00e3o. Ela nos permite mergulhar profundamente em nossa f\u00e9, buscando paz, sabedoria e for\u00e7a al\u00e9m de nossa capacidade humana.<\/p>\n\n\n\n<p class=\"wp-block-paragraph\">Os guias de ora\u00e7\u00e3o a seguir s\u00e3o pensados para servir como far\u00f3is de luz em tempos de escurid\u00e3o, oferecendo palavras de esperan\u00e7a e encorajamento. Eles s\u00e3o moldados para abranger v\u00e1rias circunst\u00e2ncias que nos levam a buscar orienta\u00e7\u00e3o divina, reconhecendo que, embora nossas lutas sejam \u00fanicas, o poder da ora\u00e7\u00e3o em trazer consolo e dire\u00e7\u00e3o \u00e9 universal.<\/p>\n\n\n\n<h3 class=\"wp-block-heading\">1. Ora\u00e7\u00e3o por Paz Interior<\/h3>\n\n\n\n<p class=\"wp-block-paragraph\">Em meio ao caos, encontrar a paz interior pode parecer uma tarefa herc\u00falea. A ora\u00e7\u00e3o por paz interior \u00e9 um convite \u00e0 calma e \u00e0 confian\u00e7a, mesmo nas circunst\u00e2ncias mais turbulentas.<\/p>\n\n\n\n<p class=\"wp-block-paragraph\">Ora\u00e7\u00e3o: Senhor, em meio \u00e0s tempestades da vida, pe\u00e7o por Sua paz que excede todo entendimento. Guia-me ao sil\u00eancio interior, onde encontro ref\u00fagio e for\u00e7a em Tua presen\u00e7a. Ajuda-me a soltar as preocupa\u00e7\u00f5es e a confiar em Tua provid\u00eancia.<\/p>\n\n\n\n<figure class=\"wp-block-image size-large\"><img loading=\"lazy\" decoding=\"async\" width=\"1024\" height=\"682\" src=\"https:\/\/www.oracaoefe.com\/wp-content\/uploads\/2024\/02\/image-3-1024x682.png\" alt=\"\" class=\"wp-image-2591\" srcset=\"https:\/\/www.oracaoefe.com\/wp-content\/uploads\/2024\/02\/image-3-1024x682.png 1024w, https:\/\/www.oracaoefe.com\/wp-content\/uploads\/2024\/02\/image-3-300x200.png 300w, https:\/\/www.oracaoefe.com\/wp-content\/uploads\/2024\/02\/image-3-768x512.png 768w, https:\/\/www.oracaoefe.com\/wp-content\/uploads\/2024\/02\/image-3-18x12.png 18w, https:\/\/www.oracaoefe.com\/wp-content\/uploads\/2024\/02\/image-3.png 1280w\" sizes=\"auto, (max-width: 1024px) 100vw, 1024px\" \/><\/figure>\n\n\n\n<h3 class=\"wp-block-heading\">2. Ora\u00e7\u00e3o por For\u00e7a e Coragem<\/h3>\n\n\n\n<p class=\"wp-block-paragraph\">Enfrentar os desafios requer mais do que apenas vontade; requer for\u00e7a e coragem, dons que muitas vezes precisamos pedir em ora\u00e7\u00e3o.<\/p>\n\n\n\n<p class=\"wp-block-paragraph\">Ora\u00e7\u00e3o: Pai Celestial, diante das adversidades, pe\u00e7o por for\u00e7a para suportar e coragem para enfrentar meus medos. Que eu me lembre de Tua fidelidade em todos os momentos e encontre a determina\u00e7\u00e3o para seguir em frente, apoiado em Tua for\u00e7a.<\/p>\n\n\n\n<h3 class=\"wp-block-heading\">3. Ora\u00e7\u00e3o por Cura<\/h3>\n\n\n\n<p class=\"wp-block-paragraph\">A dor, seja f\u00edsica ou emocional, pode ser debilitante. Uma ora\u00e7\u00e3o por cura n\u00e3o apenas busca al\u00edvio, mas tamb\u00e9m compreens\u00e3o e paci\u00eancia durante o processo de cura.<\/p>\n\n\n\n<p class=\"wp-block-paragraph\">Ora\u00e7\u00e3o: Deus de amor e miseric\u00f3rdia, pe\u00e7o Tua cura sobre as minhas dores. Toca-me com Tuas m\u00e3os curadoras e restaura meu corpo e esp\u00edrito. Ensina-me a aceitar Tua vontade e a encontrar consolo em Tua presen\u00e7a.<\/p>\n\n\n\n<h3 class=\"wp-block-heading\">4. Ora\u00e7\u00e3o por Sabedoria e Dire\u00e7\u00e3o<\/h3>\n\n\n\n<p class=\"wp-block-paragraph\">Quando nos sentimos perdidos, a orienta\u00e7\u00e3o divina \u00e9 um farol que pode nos guiar de volta ao caminho certo.<\/p>\n\n\n\n<p class=\"wp-block-paragraph\">Ora\u00e7\u00e3o: Senhor da sabedoria, em momentos de incerteza, pe\u00e7o Tua orienta\u00e7\u00e3o clara. Ilumina meu caminho com Tua luz e concede-me a sabedoria para tomar decis\u00f5es que estejam alinhadas com Tua vontade.<\/p>\n\n\n\n<h3 class=\"wp-block-heading\">5. Ora\u00e7\u00e3o por Provis\u00e3o<\/h3>\n\n\n\n<p class=\"wp-block-paragraph\">Seja em tempos de escassez financeira ou de necessidades emocionais, pedir pela provis\u00e3o divina \u00e9 reconhecer que todas as nossas necessidades s\u00e3o atendidas por uma fonte maior.<\/p>\n\n\n\n<p class=\"wp-block-paragraph\">Ora\u00e7\u00e3o: Pai provedor, em meus momentos de necessidade, coloco minhas preocupa\u00e7\u00f5es diante de Ti. Abre as portas da provis\u00e3o e ensina-me a confiar em Tua generosidade infinita para suprir todas as minhas necessidades.<\/p>\n\n\n\n<h3 class=\"wp-block-heading\">6. Ora\u00e7\u00e3o por Relacionamentos<\/h3>\n\n\n\n<p class=\"wp-block-paragraph\">Rela\u00e7\u00f5es fraturadas trazem grande sofrimento. Uma ora\u00e7\u00e3o por restaura\u00e7\u00e3o e harmonia nos relacionamentos pode abrir caminhos para a reconcilia\u00e7\u00e3o e o entendimento m\u00fatuo.<\/p>\n\n\n\n<p class=\"wp-block-paragraph\">Ora\u00e7\u00e3o: Deus de reconcilia\u00e7\u00e3o, pe\u00e7o Tua interven\u00e7\u00e3o nos meus relacionamentos. Cura as feridas, remove o orgulho e o ressentimento, e traz a paz e a compreens\u00e3o que s\u00f3 podem vir de Ti.<\/p>\n\n\n\n<h3 class=\"wp-block-heading\">7. Ora\u00e7\u00e3o por Prote\u00e7\u00e3o<\/h3>\n\n\n\n<p class=\"wp-block-paragraph\">Em tempos de perigo ou incerteza, pedir prote\u00e7\u00e3o divina \u00e9 um lembrete de que n\u00e3o estamos sozinhos, mesmo nos momentos mais escuros.<\/p>\n\n\n\n<p class=\"wp-block-paragraph\">Ora\u00e7\u00e3o: Senhor de poder e prote\u00e7\u00e3o, envolve-me com Tua presen\u00e7a protetora. Guarda-me e aos meus entes queridos de todo mal e guia-nos por um caminho seguro sob Tua vigil\u00e2ncia.<\/p>\n\n\n\n<h2 class=\"wp-block-heading\">Momentos dif\u00edceis com f\u00e9<\/h2>\n\n\n\n<p class=\"wp-block-paragraph\">Cada uma dessas ora\u00e7\u00f5es serve como um guia para navegar os momentos dif\u00edceis com f\u00e9 e esperan\u00e7a. Lembre-se, a ora\u00e7\u00e3o n\u00e3o \u00e9 apenas um pedido por ajuda; \u00e9 uma express\u00e3o de confian\u00e7a na bondade e no poder do Divino. Que estas 7 Guias de Ora\u00e7\u00e3o para Momentos Dif\u00edceis ofere\u00e7am conforto, orienta\u00e7\u00e3o e a certeza de que, mesmo nas prova\u00e7\u00f5es, n\u00e3o estamos sozinhos.<\/p>\n\n\n\n<p class=\"wp-block-paragraph\"><strong>Voir aussi\u00a0: <a href=\"https:\/\/www.oracaoefe.com\/fr\/efeitos-beneficos-da-fe-comprovados-por-estudos-veja-mais\/\">Efeitos ben\u00e9ficos da f\u00e9 comprovados por estudos; veja mais<\/a><\/strong><\/p>\n\n\n\n<p class=\"wp-block-paragraph\">24 de fevereiro de 2024<\/p>","protected":false},"excerpt":{"rendered":"<p>Neste mundo tumultuado, enfrentamos in\u00fameros desafios que testam nossa f\u00e9, paci\u00eancia e resili\u00eancia. Seja lidando com perdas, doen\u00e7as, estresse no trabalho ou rela\u00e7\u00f5es fraturadas, \u00e9 nos momentos de adversidade que nossa necessidade de apoio e orienta\u00e7\u00e3o se intensifica. A ora\u00e7\u00e3o se destaca como uma b\u00fassola poderosa nessas horas, oferecendo conforto, esperan\u00e7a e a for\u00e7a para&hellip;&nbsp;<\/p>","protected":false},"author":3,"featured_media":2591,"comment_status":"closed","ping_status":"closed","sticky":false,"template":"","format":"standard","meta":{"neve_meta_sidebar":"","neve_meta_container":"","neve_meta_enable_content_width":"","neve_meta_content_width":0,"neve_meta_title_alignment":"","neve_meta_author_avatar":"","neve_post_elements_order":"","neve_meta_disable_header":"","neve_meta_disable_footer":"","neve_meta_disable_title":"","footnotes":""},"categories":[2],"tags":[],"class_list":["post-2570","post","type-post","status-publish","format-standard","has-post-thumbnail","hentry","category-oracao"],"yoast_head":"<!-- This site is optimized with the Yoast SEO plugin v28.4 - https:\/\/yoast.com\/product\/yoast-seo-wordpress\/ -->\n<title>7 Guias de Ora\u00e7\u00e3o para Momentos Dif\u00edceis - Ora\u00e7\u00e3o e F\u00e9<\/title>\n<meta name=\"description\" content=\"Deus tem pra voc\u00ea uma palavra de vida!\" \/>\n<meta name=\"robots\" content=\"index, follow, max-snippet:-1, max-image-preview:large, max-video-preview:-1\" \/>\n<link rel=\"canonical\" href=\"https:\/\/www.oracaoefe.com\/fr\/7-guias-de-oracao-para-momentos-dificeis\/\" \/>\n<meta property=\"og:locale\" content=\"fr_FR\" \/>\n<meta property=\"og:type\" content=\"article\" \/>\n<meta property=\"og:title\" content=\"7 Guias de Ora\u00e7\u00e3o para Momentos Dif\u00edceis - Ora\u00e7\u00e3o e F\u00e9\" \/>\n<meta property=\"og:description\" content=\"Deus tem pra voc\u00ea uma palavra de vida!\" \/>\n<meta property=\"og:url\" content=\"https:\/\/www.oracaoefe.com\/fr\/7-guias-de-oracao-para-momentos-dificeis\/\" \/>\n<meta property=\"og:site_name\" content=\"Ora\u00e7\u00e3o e F\u00e9\" \/>\n<meta property=\"article:published_time\" content=\"2024-02-24T04:01:00+00:00\" \/>\n<meta property=\"og:image\" content=\"https:\/\/www.oracaoefe.com\/wp-content\/uploads\/2024\/02\/image-3.png\" \/>\n\t<meta property=\"og:image:width\" content=\"1280\" \/>\n\t<meta property=\"og:image:height\" content=\"853\" \/>\n\t<meta property=\"og:image:type\" content=\"image\/png\" \/>\n<meta name=\"author\" content=\"Michele Azevedo\" \/>\n<meta name=\"twitter:card\" content=\"summary_large_image\" \/>\n<meta name=\"twitter:label1\" content=\"\u00c9crit par\" \/>\n\t<meta name=\"twitter:data1\" content=\"Michele Azevedo\" \/>\n\t<meta name=\"twitter:label2\" content=\"Dur\u00e9e de lecture estim\u00e9e\" \/>\n\t<meta name=\"twitter:data2\" content=\"4 minutes\" \/>\n<script type=\"application\/ld+json\" class=\"yoast-schema-graph\">{\"@context\":\"https:\\\/\\\/schema.org\",\"@graph\":[{\"@type\":\"Article\",\"@id\":\"https:\\\/\\\/www.oracaoefe.com\\\/7-guias-de-oracao-para-momentos-dificeis\\\/#article\",\"isPartOf\":{\"@id\":\"https:\\\/\\\/www.oracaoefe.com\\\/7-guias-de-oracao-para-momentos-dificeis\\\/\"},\"author\":{\"name\":\"Michele Azevedo\",\"@id\":\"https:\\\/\\\/www.oracaoefe.com\\\/#\\\/schema\\\/person\\\/17283c669442cf005c4d5bb58adfb7f5\"},\"headline\":\"7 Guias de Ora\u00e7\u00e3o para Momentos Dif\u00edceis\",\"datePublished\":\"2024-02-24T04:01:00+00:00\",\"mainEntityOfPage\":{\"@id\":\"https:\\\/\\\/www.oracaoefe.com\\\/7-guias-de-oracao-para-momentos-dificeis\\\/\"},\"wordCount\":788,\"image\":{\"@id\":\"https:\\\/\\\/www.oracaoefe.com\\\/7-guias-de-oracao-para-momentos-dificeis\\\/#primaryimage\"},\"thumbnailUrl\":\"https:\\\/\\\/www.oracaoefe.com\\\/wp-content\\\/uploads\\\/2024\\\/02\\\/image-3.png\",\"articleSection\":[\"Ora\u00e7\u00e3o\"],\"inLanguage\":\"fr-FR\"},{\"@type\":\"WebPage\",\"@id\":\"https:\\\/\\\/www.oracaoefe.com\\\/7-guias-de-oracao-para-momentos-dificeis\\\/\",\"url\":\"https:\\\/\\\/www.oracaoefe.com\\\/7-guias-de-oracao-para-momentos-dificeis\\\/\",\"name\":\"7 Guias de Ora\u00e7\u00e3o para Momentos Dif\u00edceis - Ora\u00e7\u00e3o e F\u00e9\",\"isPartOf\":{\"@id\":\"https:\\\/\\\/www.oracaoefe.com\\\/#website\"},\"primaryImageOfPage\":{\"@id\":\"https:\\\/\\\/www.oracaoefe.com\\\/7-guias-de-oracao-para-momentos-dificeis\\\/#primaryimage\"},\"image\":{\"@id\":\"https:\\\/\\\/www.oracaoefe.com\\\/7-guias-de-oracao-para-momentos-dificeis\\\/#primaryimage\"},\"thumbnailUrl\":\"https:\\\/\\\/www.oracaoefe.com\\\/wp-content\\\/uploads\\\/2024\\\/02\\\/image-3.png\",\"datePublished\":\"2024-02-24T04:01:00+00:00\",\"author\":{\"@id\":\"https:\\\/\\\/www.oracaoefe.com\\\/#\\\/schema\\\/person\\\/17283c669442cf005c4d5bb58adfb7f5\"},\"description\":\"Deus tem pra voc\u00ea uma palavra de vida!\",\"breadcrumb\":{\"@id\":\"https:\\\/\\\/www.oracaoefe.com\\\/7-guias-de-oracao-para-momentos-dificeis\\\/#breadcrumb\"},\"inLanguage\":\"fr-FR\",\"potentialAction\":[{\"@type\":\"ReadAction\",\"target\":[\"https:\\\/\\\/www.oracaoefe.com\\\/7-guias-de-oracao-para-momentos-dificeis\\\/\"]}]},{\"@type\":\"ImageObject\",\"inLanguage\":\"fr-FR\",\"@id\":\"https:\\\/\\\/www.oracaoefe.com\\\/7-guias-de-oracao-para-momentos-dificeis\\\/#primaryimage\",\"url\":\"https:\\\/\\\/www.oracaoefe.com\\\/wp-content\\\/uploads\\\/2024\\\/02\\\/image-3.png\",\"contentUrl\":\"https:\\\/\\\/www.oracaoefe.com\\\/wp-content\\\/uploads\\\/2024\\\/02\\\/image-3.png\",\"width\":1280,\"height\":853},{\"@type\":\"BreadcrumbList\",\"@id\":\"https:\\\/\\\/www.oracaoefe.com\\\/7-guias-de-oracao-para-momentos-dificeis\\\/#breadcrumb\",\"itemListElement\":[{\"@type\":\"ListItem\",\"position\":1,\"name\":\"Home\",\"item\":\"https:\\\/\\\/www.oracaoefe.com\\\/\"},{\"@type\":\"ListItem\",\"position\":2,\"name\":\"Ora\u00e7\u00e3o\",\"item\":\"https:\\\/\\\/www.oracaoefe.com\\\/category\\\/oracao\\\/\"},{\"@type\":\"ListItem\",\"position\":3,\"name\":\"7 Guias de Ora\u00e7\u00e3o para Momentos Dif\u00edceis\"}]},{\"@type\":\"WebSite\",\"@id\":\"https:\\\/\\\/www.oracaoefe.com\\\/#website\",\"url\":\"https:\\\/\\\/www.oracaoefe.com\\\/\",\"name\":\"Ora\u00e7\u00e3o e F\u00e9\",\"description\":\"\",\"potentialAction\":[{\"@type\":\"SearchAction\",\"target\":{\"@type\":\"EntryPoint\",\"urlTemplate\":\"https:\\\/\\\/www.oracaoefe.com\\\/?s={search_term_string}\"},\"query-input\":{\"@type\":\"PropertyValueSpecification\",\"valueRequired\":true,\"valueName\":\"search_term_string\"}}],\"inLanguage\":\"fr-FR\"},{\"@type\":\"Person\",\"@id\":\"https:\\\/\\\/www.oracaoefe.com\\\/#\\\/schema\\\/person\\\/17283c669442cf005c4d5bb58adfb7f5\",\"name\":\"Michele Azevedo\",\"image\":{\"@type\":\"ImageObject\",\"inLanguage\":\"fr-FR\",\"@id\":\"https:\\\/\\\/secure.gravatar.com\\\/avatar\\\/6b0eb9d22841282815e2cd856a0061c45e1761cd54b22e952d98c4746939aa85?s=96&d=mm&r=g\",\"url\":\"https:\\\/\\\/secure.gravatar.com\\\/avatar\\\/6b0eb9d22841282815e2cd856a0061c45e1761cd54b22e952d98c4746939aa85?s=96&d=mm&r=g\",\"contentUrl\":\"https:\\\/\\\/secure.gravatar.com\\\/avatar\\\/6b0eb9d22841282815e2cd856a0061c45e1761cd54b22e952d98c4746939aa85?s=96&d=mm&r=g\",\"caption\":\"Michele Azevedo\"},\"description\":\"Formada em Letras - Portugu\u00eas\\\/ Ingl\u00eas pela Universidade Estadual de Ponta Grossa (UEPG), p\u00f3s-graduada em Arte na Educa\u00e7\u00e3o (FAPI) e Psicopedagogia Escolar (FAPI), idealizadora e propriet\u00e1ria do site Escritora de Sucesso, possui experi\u00eancia em escrita para blogs em geral e atua como redatora e revisora dos conte\u00fados do Ora\u00e7\u00e3o e F\u00e9.\",\"url\":\"https:\\\/\\\/www.oracaoefe.com\\\/fr\\\/author\\\/michele-azevedo\\\/\"}]}<\/script>\n<!-- \/ Yoast SEO plugin. -->","yoast_head_json":{"title":"7 Guias de Ora\u00e7\u00e3o para Momentos Dif\u00edceis - Ora\u00e7\u00e3o e F\u00e9","description":"Dieu a une parole de vie pour vous !","robots":{"index":"index","follow":"follow","max-snippet":"max-snippet:-1","max-image-preview":"max-image-preview:large","max-video-preview":"max-video-preview:-1"},"canonical":"https:\/\/www.oracaoefe.com\/fr\/7-guias-de-oracao-para-momentos-dificeis\/","og_locale":"fr_FR","og_type":"article","og_title":"7 Guias de Ora\u00e7\u00e3o para Momentos Dif\u00edceis - Ora\u00e7\u00e3o e F\u00e9","og_description":"Deus tem pra voc\u00ea uma palavra de vida!","og_url":"https:\/\/www.oracaoefe.com\/fr\/7-guias-de-oracao-para-momentos-dificeis\/","og_site_name":"Ora\u00e7\u00e3o e F\u00e9","article_published_time":"2024-02-24T04:01:00+00:00","og_image":[{"width":1280,"height":853,"url":"https:\/\/www.oracaoefe.com\/wp-content\/uploads\/2024\/02\/image-3.png","type":"image\/png"}],"author":"Michele Azevedo","twitter_card":"summary_large_image","twitter_misc":{"\u00c9crit par":"Michele Azevedo","Dur\u00e9e de lecture estim\u00e9e":"4 minutes"},"schema":{"@context":"https:\/\/schema.org","@graph":[{"@type":"Article","@id":"https:\/\/www.oracaoefe.com\/7-guias-de-oracao-para-momentos-dificeis\/#article","isPartOf":{"@id":"https:\/\/www.oracaoefe.com\/7-guias-de-oracao-para-momentos-dificeis\/"},"author":{"name":"Michele Azevedo","@id":"https:\/\/www.oracaoefe.com\/#\/schema\/person\/17283c669442cf005c4d5bb58adfb7f5"},"headline":"7 Guias de Ora\u00e7\u00e3o para Momentos Dif\u00edceis","datePublished":"2024-02-24T04:01:00+00:00","mainEntityOfPage":{"@id":"https:\/\/www.oracaoefe.com\/7-guias-de-oracao-para-momentos-dificeis\/"},"wordCount":788,"image":{"@id":"https:\/\/www.oracaoefe.com\/7-guias-de-oracao-para-momentos-dificeis\/#primaryimage"},"thumbnailUrl":"https:\/\/www.oracaoefe.com\/wp-content\/uploads\/2024\/02\/image-3.png","articleSection":["Ora\u00e7\u00e3o"],"inLanguage":"fr-FR"},{"@type":"WebPage","@id":"https:\/\/www.oracaoefe.com\/7-guias-de-oracao-para-momentos-dificeis\/","url":"https:\/\/www.oracaoefe.com\/7-guias-de-oracao-para-momentos-dificeis\/","name":"7 Guias de Ora\u00e7\u00e3o para Momentos Dif\u00edceis - Ora\u00e7\u00e3o e F\u00e9","isPartOf":{"@id":"https:\/\/www.oracaoefe.com\/#website"},"primaryImageOfPage":{"@id":"https:\/\/www.oracaoefe.com\/7-guias-de-oracao-para-momentos-dificeis\/#primaryimage"},"image":{"@id":"https:\/\/www.oracaoefe.com\/7-guias-de-oracao-para-momentos-dificeis\/#primaryimage"},"thumbnailUrl":"https:\/\/www.oracaoefe.com\/wp-content\/uploads\/2024\/02\/image-3.png","datePublished":"2024-02-24T04:01:00+00:00","author":{"@id":"https:\/\/www.oracaoefe.com\/#\/schema\/person\/17283c669442cf005c4d5bb58adfb7f5"},"description":"Dieu a une parole de vie pour vous !","breadcrumb":{"@id":"https:\/\/www.oracaoefe.com\/7-guias-de-oracao-para-momentos-dificeis\/#breadcrumb"},"inLanguage":"fr-FR","potentialAction":[{"@type":"ReadAction","target":["https:\/\/www.oracaoefe.com\/7-guias-de-oracao-para-momentos-dificeis\/"]}]},{"@type":"ImageObject","inLanguage":"fr-FR","@id":"https:\/\/www.oracaoefe.com\/7-guias-de-oracao-para-momentos-dificeis\/#primaryimage","url":"https:\/\/www.oracaoefe.com\/wp-content\/uploads\/2024\/02\/image-3.png","contentUrl":"https:\/\/www.oracaoefe.com\/wp-content\/uploads\/2024\/02\/image-3.png","width":1280,"height":853},{"@type":"BreadcrumbList","@id":"https:\/\/www.oracaoefe.com\/7-guias-de-oracao-para-momentos-dificeis\/#breadcrumb","itemListElement":[{"@type":"ListItem","position":1,"name":"Home","item":"https:\/\/www.oracaoefe.com\/"},{"@type":"ListItem","position":2,"name":"Ora\u00e7\u00e3o","item":"https:\/\/www.oracaoefe.com\/category\/oracao\/"},{"@type":"ListItem","position":3,"name":"7 Guias de Ora\u00e7\u00e3o para Momentos Dif\u00edceis"}]},{"@type":"WebSite","@id":"https:\/\/www.oracaoefe.com\/#website","url":"https:\/\/www.oracaoefe.com\/","name":"Pri\u00e8re et foi","description":"","potentialAction":[{"@type":"SearchAction","target":{"@type":"EntryPoint","urlTemplate":"https:\/\/www.oracaoefe.com\/?s={search_term_string}"},"query-input":{"@type":"PropertyValueSpecification","valueRequired":true,"valueName":"search_term_string"}}],"inLanguage":"fr-FR"},{"@type":"Person","@id":"https:\/\/www.oracaoefe.com\/#\/schema\/person\/17283c669442cf005c4d5bb58adfb7f5","name":"Michele Azevedo","image":{"@type":"ImageObject","inLanguage":"fr-FR","@id":"https:\/\/secure.gravatar.com\/avatar\/6b0eb9d22841282815e2cd856a0061c45e1761cd54b22e952d98c4746939aa85?s=96&d=mm&r=g","url":"https:\/\/secure.gravatar.com\/avatar\/6b0eb9d22841282815e2cd856a0061c45e1761cd54b22e952d98c4746939aa85?s=96&d=mm&r=g","contentUrl":"https:\/\/secure.gravatar.com\/avatar\/6b0eb9d22841282815e2cd856a0061c45e1761cd54b22e952d98c4746939aa85?s=96&d=mm&r=g","caption":"Michele Azevedo"},"description":"Dipl\u00f4m\u00e9e en litt\u00e9rature portugaise\/anglaise de l&#039;Universit\u00e9 d&#039;\u00c9tat de Ponta Grossa (UEPG), avec des dipl\u00f4mes de troisi\u00e8me cycle en art dans l&#039;\u00e9ducation (FAPI) et en psychop\u00e9dagogie scolaire (FAPI), elle est la cr\u00e9atrice et propri\u00e9taire du site web Escritora de Sucesso, a de l&#039;exp\u00e9rience dans l&#039;\u00e9criture pour les blogs en g\u00e9n\u00e9ral et travaille comme r\u00e9dactrice et \u00e9ditrice du contenu pour Ora\u00e7\u00e3o e F\u00e9.","url":"https:\/\/www.oracaoefe.com\/fr\/author\/michele-azevedo\/"}]}},"_links":{"self":[{"href":"https:\/\/www.oracaoefe.com\/fr\/wp-json\/wp\/v2\/posts\/2570","targetHints":{"allow":["GET"]}}],"collection":[{"href":"https:\/\/www.oracaoefe.com\/fr\/wp-json\/wp\/v2\/posts"}],"about":[{"href":"https:\/\/www.oracaoefe.com\/fr\/wp-json\/wp\/v2\/types\/post"}],"author":[{"embeddable":true,"href":"https:\/\/www.oracaoefe.com\/fr\/wp-json\/wp\/v2\/users\/3"}],"replies":[{"embeddable":true,"href":"https:\/\/www.oracaoefe.com\/fr\/wp-json\/wp\/v2\/comments?post=2570"}],"version-history":[{"count":2,"href":"https:\/\/www.oracaoefe.com\/fr\/wp-json\/wp\/v2\/posts\/2570\/revisions"}],"predecessor-version":[{"id":2592,"href":"https:\/\/www.oracaoefe.com\/fr\/wp-json\/wp\/v2\/posts\/2570\/revisions\/2592"}],"wp:featuredmedia":[{"embeddable":true,"href":"https:\/\/www.oracaoefe.com\/fr\/wp-json\/wp\/v2\/media\/2591"}],"wp:attachment":[{"href":"https:\/\/www.oracaoefe.com\/fr\/wp-json\/wp\/v2\/media?parent=2570"}],"wp:term":[{"taxonomy":"category","embeddable":true,"href":"https:\/\/www.oracaoefe.com\/fr\/wp-json\/wp\/v2\/categories?post=2570"},{"taxonomy":"post_tag","embeddable":true,"href":"https:\/\/www.oracaoefe.com\/fr\/wp-json\/wp\/v2\/tags?post=2570"}],"curies":[{"name":"wp","href":"https:\/\/api.w.org\/{rel}","templated":true}]}}