{"id":257,"date":"2022-09-24T19:45:29","date_gmt":"2022-09-24T22:45:29","guid":{"rendered":"https:\/\/www.oracaoefe.com\/?p=257"},"modified":"2022-09-25T21:54:22","modified_gmt":"2022-09-26T00:54:22","slug":"paz-de-espirito-em-um-mundo-conturbado","status":"publish","type":"post","link":"https:\/\/www.oracaoefe.com\/fr\/paz-de-espirito-em-um-mundo-conturbado\/","title":{"rendered":"La paix de l'esprit dans un monde troubl\u00e9"},"content":{"rendered":"<div class=\"wp-block-post-date\"><time datetime=\"2022-09-24T19:45:29-03:00\">24 septembre 2022<\/time><\/div>\n\n\n<p class=\"wp-block-paragraph\">La paix, o\u00f9 est la paix ? La paix dans nos pays, nos foyers et surtout dans nos c\u0153urs et nos esprits ? Ce cri de d\u00e9sespoir r\u00e9sonne \u00e0 travers les si\u00e8cles. Est-ce aussi le cri de votre c\u0153ur ?<\/p>\n\n\n\n<p class=\"wp-block-paragraph\">Le monde est us\u00e9 et plein de soucis. Il a besoin de direction et de conseils, de s\u00e9curit\u00e9 et de confiance. Ce dont nous avons besoin et ce que nous d\u00e9sirons, c'est un esprit tranquille, en paix.<\/p>\n\n\n\n<h2 class=\"wp-block-heading\">La paix de l'esprit dans un monde troubl\u00e9<\/h2>\n\n\n\n<p class=\"wp-block-paragraph\">Nous vivons dans un monde troubl\u00e9. Et nos probl\u00e8mes n'ont fait que s'aggraver avec la pand\u00e9mie de coronavirus et ses variantes. En outre, l'\u00e9conomie de toutes les nations est s\u00e9rieusement affect\u00e9e. Certains experts affirment que nous sommes aujourd'hui confront\u00e9s \u00e0 une grave crise de la sant\u00e9 mentale.&nbsp;<\/p>\n\n\n\n<p class=\"wp-block-paragraph\">Face \u00e0 l'ampleur de cette nouvelle r\u00e9alit\u00e9 et aux bouleversements sociaux qu'elle entra\u00eene, les gens ont du mal \u00e0 s'en sortir. Nombre d'entre eux d\u00e9clarent que le niveau actuel d'incertitude leur cause du stress et que les difficult\u00e9s auxquelles ils sont confront\u00e9s sont \u00e9crasantes. Les probl\u00e8mes ne disparaissent pas, ils s'accumulent.<\/p>\n\n\n\n<p class=\"wp-block-paragraph\">Comment pouvons-nous survivre aux \u00e9preuves et aux difficult\u00e9s de cette p\u00e9riode troubl\u00e9e ? Comment lutter contre le d\u00e9couragement accablant auquel beaucoup sont confront\u00e9s ?&nbsp;<\/p>\n\n\n\n<p class=\"wp-block-paragraph\">Souvent, dans notre monde s\u00e9culier, l'outil le plus utile pour g\u00e9rer le stress est compl\u00e8tement ignor\u00e9, voire \u00e9cart\u00e9. Pourtant, c'est quelque chose que chacun peut utiliser pour trouver la paix de l'esprit dans un monde en d\u00e9tresse.<\/p>\n\n\n\n<h2 class=\"wp-block-heading\">Versets bibliques sur la paix de l'esprit<\/h2>\n\n\n\n<p class=\"wp-block-paragraph\"><strong>Jean 14:27&nbsp;<\/strong><\/p>\n\n\n\n<p class=\"wp-block-paragraph\">Je vous laisse la paix, je vous donne ma paix. Je ne vous le donne pas comme le monde le donne. Que votre c\u0153ur ne soit pas troubl\u00e9 et qu'il ne s'effraie pas.<\/p>\n\n\n\n<p class=\"wp-block-paragraph\"><strong>Jean 16:33&nbsp;<\/strong><\/p>\n\n\n\n<p class=\"wp-block-paragraph\">Je vous ai dit ces choses, afin que vous ayez la paix en moi. Vous aurez des tribulations dans le monde ; mais prenez courage, j'ai vaincu le monde.<\/p>\n\n\n\n<p class=\"wp-block-paragraph\"><strong>Esa\u00efe 26:3&nbsp;<\/strong><\/p>\n\n\n\n<p class=\"wp-block-paragraph\">A celui qui est ferme dans ses sentiments, Tu assures la paix, parce qu'il se confie en Toi.<\/p>\n\n\n\n<p class=\"wp-block-paragraph\"><strong>Romains 16:20&nbsp;<\/strong><\/p>\n\n\n\n<p class=\"wp-block-paragraph\">Le Dieu de la paix \u00e9crasera bient\u00f4t Satan sous vos pieds. Que la gr\u00e2ce de notre Seigneur J\u00e9sus-Christ soit avec vous !<\/p>\n\n\n\n<p class=\"wp-block-paragraph\"><strong>Romains 8:6&nbsp;<\/strong><\/p>\n\n\n\n<p class=\"wp-block-paragraph\">Et l'affection de la chair, c'est la mort, tandis que l'affection de l'esprit, c'est la vie et la paix ;<\/p>\n\n\n\n<p class=\"wp-block-paragraph\"><strong>Matthieu 7:7&nbsp;<\/strong><\/p>\n\n\n\n<p class=\"wp-block-paragraph\">Demandez, et l'on vous donnera ; cherchez, et vous trouverez ; frappez, et l'on vous ouvrira.<\/p>\n\n\n\n<p class=\"wp-block-paragraph\"><strong>Romains 5:1&nbsp;<\/strong><\/p>\n\n\n\n<p class=\"wp-block-paragraph\">Ainsi, \u00e9tant justifi\u00e9s par la foi, nous avons la paix avec Dieu par notre Seigneur J\u00e9sus-Christ,<\/p>\n\n\n\n<p class=\"wp-block-paragraph\"><strong>Psaume 55:22&nbsp;<\/strong><\/p>\n\n\n\n<p class=\"wp-block-paragraph\">Remettez votre destin \u00e0 l'\u00c9ternel, et Il vous soutiendra, Il ne laissera jamais le juste vaciller.<\/p>\n\n\n\n<p class=\"wp-block-paragraph\"><strong>H\u00e9breux 12:14&nbsp;<\/strong><\/p>\n\n\n\n<p class=\"wp-block-paragraph\">Recherchez la paix avec tous et la sanctification, sans laquelle personne ne verra le Seigneur.<\/p>\n\n\n\n<p class=\"wp-block-paragraph\"><strong>Psaume 23, 1-6&nbsp;<\/strong><\/p>\n\n\n\n<p class=\"wp-block-paragraph\">Le chant de David. Le Seigneur est mon berger, je ne manquerai de rien. Il me fait reposer dans de verts p\u00e2turages, Il me conduit pr\u00e8s des eaux tranquilles. Il restaure mon \u00e2me, il me conduit dans les sentiers de la justice \u00e0 cause de son nom.&nbsp;<\/p>\n\n\n\n<p class=\"wp-block-paragraph\">Quand je marche dans la vall\u00e9e de l'ombre de la mort, je ne crains aucun mal, car tu es avec moi, ta houlette et ton b\u00e2ton me rassurent. Tu pr\u00e9pares une table pour moi, devant mes adversaires ; Tu oins d'huile ma t\u00eate, et ma coupe d\u00e9borde. Oui, le bonheur et la gr\u00e2ce m'accompagneront tous les jours de ma vie, Et j'habiterai dans la maison du Seigneur jusqu'\u00e0 la fin de mes jours.<\/p>\n\n\n\n<p class=\"wp-block-paragraph\"><strong>Luc 2:14&nbsp;<\/strong><\/p>\n\n\n\n<p class=\"wp-block-paragraph\">Gloire \u00e0 Dieu au plus haut des cieux, et paix sur terre aux hommes qu'il accueille !<\/p>\n\n\n\n<p class=\"wp-block-paragraph\"><strong>Romains 5:1-2<\/strong><\/p>\n\n\n\n<p class=\"wp-block-paragraph\">Ainsi, justifi\u00e9s par la foi, nous avons la paix avec Dieu par notre Seigneur J\u00e9sus-Christ, \u00e0 qui nous devons l'acc\u00e8s par la foi \u00e0 cette gr\u00e2ce dans laquelle nous nous trouvons et nous nous r\u00e9jouissons dans l'esp\u00e9rance de la gloire de Dieu.<\/p>\n\n\n\n<p class=\"wp-block-paragraph\"><strong>Jean 1:12<\/strong><\/p>\n\n\n\n<p class=\"wp-block-paragraph\">Mais \u00e0 tous ceux qui l'ont re\u00e7ue, \u00e0 ceux qui ont cru en son nom, elle a donn\u00e9 le pouvoir de devenir enfants de Dieu,<\/p>\n\n\n\n<p class=\"wp-block-paragraph\"><strong>Jean 3:16-17<\/strong><\/p>\n\n\n\n<p class=\"wp-block-paragraph\">Car Dieu a tant aim\u00e9 le monde qu'il a donn\u00e9 son Fils unique, afin que quiconque croit en lui ne p\u00e9risse pas mais ait la vie \u00e9ternelle. Car Dieu n'a pas envoy\u00e9 son Fils dans le monde pour juger le monde, mais pour sauver le monde par lui.<\/p>","protected":false},"excerpt":{"rendered":"<p>La paix, o\u00f9 est la paix ? La paix dans nos pays, nos foyers et surtout dans nos c\u0153urs et nos esprits ? Ce cri de d\u00e9sespoir r\u00e9sonne \u00e0 travers les si\u00e8cles. Est-ce aussi le cri de votre c\u0153ur ?<\/p>","protected":false},"author":1,"featured_media":327,"comment_status":"open","ping_status":"closed","sticky":false,"template":"","format":"standard","meta":{"neve_meta_sidebar":"","neve_meta_container":"","neve_meta_enable_content_width":"","neve_meta_content_width":0,"neve_meta_title_alignment":"","neve_meta_author_avatar":"","neve_post_elements_order":"","neve_meta_disable_header":"","neve_meta_disable_footer":"","neve_meta_disable_title":"","footnotes":""},"categories":[3],"tags":[43,17],"class_list":["post-257","post","type-post","status-publish","format-standard","has-post-thumbnail","hentry","category-fe","tag-espirito","tag-paz"],"yoast_head":"<!-- This site is optimized with the Yoast SEO plugin v28.4 - https:\/\/yoast.com\/product\/yoast-seo-wordpress\/ -->\n<title>Paz de esp\u00edrito em um mundo conturbado - Ora\u00e7\u00e3o e F\u00e9<\/title>\n<meta name=\"description\" content=\"Paz, onde est\u00e1 a paz? Paz em nossos pa\u00edses, nossos lares e especialmente em nossos cora\u00e7\u00f5es e mentes? Este grito de desespero ressoa...\" \/>\n<meta name=\"robots\" content=\"index, follow, max-snippet:-1, max-image-preview:large, max-video-preview:-1\" \/>\n<link rel=\"canonical\" href=\"https:\/\/www.oracaoefe.com\/fr\/paz-de-espirito-em-um-mundo-conturbado\/\" \/>\n<meta property=\"og:locale\" content=\"fr_FR\" \/>\n<meta property=\"og:type\" content=\"article\" \/>\n<meta property=\"og:title\" content=\"Paz de esp\u00edrito em um mundo conturbado - Ora\u00e7\u00e3o e F\u00e9\" \/>\n<meta property=\"og:description\" content=\"Paz, onde est\u00e1 a paz? Paz em nossos pa\u00edses, nossos lares e especialmente em nossos cora\u00e7\u00f5es e mentes? Este grito de desespero ressoa...\" \/>\n<meta property=\"og:url\" content=\"https:\/\/www.oracaoefe.com\/fr\/paz-de-espirito-em-um-mundo-conturbado\/\" \/>\n<meta property=\"og:site_name\" content=\"Ora\u00e7\u00e3o e F\u00e9\" \/>\n<meta property=\"article:published_time\" content=\"2022-09-24T22:45:29+00:00\" \/>\n<meta property=\"article:modified_time\" content=\"2022-09-26T00:54:22+00:00\" \/>\n<meta property=\"og:image\" content=\"https:\/\/www.oracaoefe.com\/wp-content\/uploads\/2022\/09\/Paz-de-espirito-em-um-mundo-conturbado-02.jpg\" \/>\n\t<meta property=\"og:image:width\" content=\"1200\" \/>\n\t<meta property=\"og:image:height\" content=\"675\" \/>\n\t<meta property=\"og:image:type\" content=\"image\/jpeg\" \/>\n<meta name=\"author\" content=\"Maria\" \/>\n<meta name=\"twitter:card\" content=\"summary_large_image\" \/>\n<meta name=\"twitter:label1\" content=\"\u00c9crit par\" \/>\n\t<meta name=\"twitter:data1\" content=\"Maria\" \/>\n\t<meta name=\"twitter:label2\" content=\"Dur\u00e9e de lecture estim\u00e9e\" \/>\n\t<meta name=\"twitter:data2\" content=\"3 minutes\" \/>\n<script type=\"application\/ld+json\" class=\"yoast-schema-graph\">{\"@context\":\"https:\\\/\\\/schema.org\",\"@graph\":[{\"@type\":\"Article\",\"@id\":\"https:\\\/\\\/www.oracaoefe.com\\\/paz-de-espirito-em-um-mundo-conturbado\\\/#article\",\"isPartOf\":{\"@id\":\"https:\\\/\\\/www.oracaoefe.com\\\/paz-de-espirito-em-um-mundo-conturbado\\\/\"},\"author\":{\"name\":\"Maria\",\"@id\":\"https:\\\/\\\/www.oracaoefe.com\\\/#\\\/schema\\\/person\\\/27873f1e6043866689f5091b5139f23d\"},\"headline\":\"Paz de esp\u00edrito em um mundo conturbado\",\"datePublished\":\"2022-09-24T22:45:29+00:00\",\"dateModified\":\"2022-09-26T00:54:22+00:00\",\"mainEntityOfPage\":{\"@id\":\"https:\\\/\\\/www.oracaoefe.com\\\/paz-de-espirito-em-um-mundo-conturbado\\\/\"},\"wordCount\":705,\"commentCount\":0,\"image\":{\"@id\":\"https:\\\/\\\/www.oracaoefe.com\\\/paz-de-espirito-em-um-mundo-conturbado\\\/#primaryimage\"},\"thumbnailUrl\":\"https:\\\/\\\/www.oracaoefe.com\\\/wp-content\\\/uploads\\\/2022\\\/09\\\/Paz-de-espirito-em-um-mundo-conturbado-02.jpg\",\"keywords\":[\"espirito\",\"paz\"],\"articleSection\":[\"F\u00e9\"],\"inLanguage\":\"fr-FR\",\"potentialAction\":[{\"@type\":\"CommentAction\",\"name\":\"Comment\",\"target\":[\"https:\\\/\\\/www.oracaoefe.com\\\/paz-de-espirito-em-um-mundo-conturbado\\\/#respond\"]}]},{\"@type\":\"WebPage\",\"@id\":\"https:\\\/\\\/www.oracaoefe.com\\\/paz-de-espirito-em-um-mundo-conturbado\\\/\",\"url\":\"https:\\\/\\\/www.oracaoefe.com\\\/paz-de-espirito-em-um-mundo-conturbado\\\/\",\"name\":\"Paz de esp\u00edrito em um mundo conturbado - Ora\u00e7\u00e3o e F\u00e9\",\"isPartOf\":{\"@id\":\"https:\\\/\\\/www.oracaoefe.com\\\/#website\"},\"primaryImageOfPage\":{\"@id\":\"https:\\\/\\\/www.oracaoefe.com\\\/paz-de-espirito-em-um-mundo-conturbado\\\/#primaryimage\"},\"image\":{\"@id\":\"https:\\\/\\\/www.oracaoefe.com\\\/paz-de-espirito-em-um-mundo-conturbado\\\/#primaryimage\"},\"thumbnailUrl\":\"https:\\\/\\\/www.oracaoefe.com\\\/wp-content\\\/uploads\\\/2022\\\/09\\\/Paz-de-espirito-em-um-mundo-conturbado-02.jpg\",\"datePublished\":\"2022-09-24T22:45:29+00:00\",\"dateModified\":\"2022-09-26T00:54:22+00:00\",\"author\":{\"@id\":\"https:\\\/\\\/www.oracaoefe.com\\\/#\\\/schema\\\/person\\\/27873f1e6043866689f5091b5139f23d\"},\"description\":\"Paz, onde est\u00e1 a paz? Paz em nossos pa\u00edses, nossos lares e especialmente em nossos cora\u00e7\u00f5es e mentes? Este grito de desespero ressoa...\",\"breadcrumb\":{\"@id\":\"https:\\\/\\\/www.oracaoefe.com\\\/paz-de-espirito-em-um-mundo-conturbado\\\/#breadcrumb\"},\"inLanguage\":\"fr-FR\",\"potentialAction\":[{\"@type\":\"ReadAction\",\"target\":[\"https:\\\/\\\/www.oracaoefe.com\\\/paz-de-espirito-em-um-mundo-conturbado\\\/\"]}]},{\"@type\":\"ImageObject\",\"inLanguage\":\"fr-FR\",\"@id\":\"https:\\\/\\\/www.oracaoefe.com\\\/paz-de-espirito-em-um-mundo-conturbado\\\/#primaryimage\",\"url\":\"https:\\\/\\\/www.oracaoefe.com\\\/wp-content\\\/uploads\\\/2022\\\/09\\\/Paz-de-espirito-em-um-mundo-conturbado-02.jpg\",\"contentUrl\":\"https:\\\/\\\/www.oracaoefe.com\\\/wp-content\\\/uploads\\\/2022\\\/09\\\/Paz-de-espirito-em-um-mundo-conturbado-02.jpg\",\"width\":1200,\"height\":675,\"caption\":\"Paz de esp\u00edrito em um mundo conturbado\"},{\"@type\":\"BreadcrumbList\",\"@id\":\"https:\\\/\\\/www.oracaoefe.com\\\/paz-de-espirito-em-um-mundo-conturbado\\\/#breadcrumb\",\"itemListElement\":[{\"@type\":\"ListItem\",\"position\":1,\"name\":\"Home\",\"item\":\"https:\\\/\\\/www.oracaoefe.com\\\/\"},{\"@type\":\"ListItem\",\"position\":2,\"name\":\"F\u00e9\",\"item\":\"https:\\\/\\\/www.oracaoefe.com\\\/es\\\/categoria\\\/fe\\\/\"},{\"@type\":\"ListItem\",\"position\":3,\"name\":\"Paz de esp\u00edrito em um mundo conturbado\"}]},{\"@type\":\"WebSite\",\"@id\":\"https:\\\/\\\/www.oracaoefe.com\\\/#website\",\"url\":\"https:\\\/\\\/www.oracaoefe.com\\\/\",\"name\":\"Ora\u00e7\u00e3o e F\u00e9\",\"description\":\"\",\"potentialAction\":[{\"@type\":\"SearchAction\",\"target\":{\"@type\":\"EntryPoint\",\"urlTemplate\":\"https:\\\/\\\/www.oracaoefe.com\\\/?s={search_term_string}\"},\"query-input\":{\"@type\":\"PropertyValueSpecification\",\"valueRequired\":true,\"valueName\":\"search_term_string\"}}],\"inLanguage\":\"fr-FR\"},{\"@type\":\"Person\",\"@id\":\"https:\\\/\\\/www.oracaoefe.com\\\/#\\\/schema\\\/person\\\/27873f1e6043866689f5091b5139f23d\",\"name\":\"Maria\",\"image\":{\"@type\":\"ImageObject\",\"inLanguage\":\"fr-FR\",\"@id\":\"https:\\\/\\\/secure.gravatar.com\\\/avatar\\\/4cac5ea56d40d599bd7348d330a83b1c84cd229296d1613cd1c7f6740561d0c9?s=96&d=mm&r=g\",\"url\":\"https:\\\/\\\/secure.gravatar.com\\\/avatar\\\/4cac5ea56d40d599bd7348d330a83b1c84cd229296d1613cd1c7f6740561d0c9?s=96&d=mm&r=g\",\"contentUrl\":\"https:\\\/\\\/secure.gravatar.com\\\/avatar\\\/4cac5ea56d40d599bd7348d330a83b1c84cd229296d1613cd1c7f6740561d0c9?s=96&d=mm&r=g\",\"caption\":\"Maria\"},\"description\":\"Meu nome \u00e9 Maria e sou apaixonada por teologia, espiritualidade e estudos religiosos. H\u00e1 mais de 5 anos escrevo sobre o universo da f\u00e9, pesquisando diferentes religi\u00f5es, doutrinas, tradi\u00e7\u00f5es espirituais e curiosidades religiosas ao redor do mundo. Tenho grande interesse em compreender como a f\u00e9 e a religiosidade se manifestam em diferentes culturas, pa\u00edses e idiomas, sempre buscando aprender mais sobre os costumes, cren\u00e7as e hist\u00f3rias que influenciam milh\u00f5es de pessoas diariamente. Atualmente, atuo como redatora no portal Ora\u00e7\u00e3o e F\u00e9, onde compartilho conte\u00fados informativos, reflexivos e inspiradores voltados ao universo religioso e espiritual. Meu objetivo \u00e9 levar conhecimento, curiosidades e mensagens enriquecedoras para leitores que desejam aprofundar sua compreens\u00e3o sobre f\u00e9, religi\u00e3o e espiritualidade no mundo moderno.\",\"sameAs\":[\"https:\\\/\\\/www.oracaoefe.com\"],\"url\":\"https:\\\/\\\/www.oracaoefe.com\\\/fr\\\/author\\\/admin\\\/\"}]}<\/script>\n<!-- \/ Yoast SEO plugin. -->","yoast_head_json":{"title":"La paix de l'esprit dans un monde troubl\u00e9 - Pri\u00e8re et foi","description":"La paix, o\u00f9 est la paix ? La paix dans nos pays, nos foyers et surtout dans nos c\u0153urs et nos esprits ? Ce cri de d\u00e9sespoir r\u00e9sonne","robots":{"index":"index","follow":"follow","max-snippet":"max-snippet:-1","max-image-preview":"max-image-preview:large","max-video-preview":"max-video-preview:-1"},"canonical":"https:\/\/www.oracaoefe.com\/fr\/paz-de-espirito-em-um-mundo-conturbado\/","og_locale":"fr_FR","og_type":"article","og_title":"Paz de esp\u00edrito em um mundo conturbado - Ora\u00e7\u00e3o e F\u00e9","og_description":"Paz, onde est\u00e1 a paz? Paz em nossos pa\u00edses, nossos lares e especialmente em nossos cora\u00e7\u00f5es e mentes? Este grito de desespero ressoa...","og_url":"https:\/\/www.oracaoefe.com\/fr\/paz-de-espirito-em-um-mundo-conturbado\/","og_site_name":"Ora\u00e7\u00e3o e F\u00e9","article_published_time":"2022-09-24T22:45:29+00:00","article_modified_time":"2022-09-26T00:54:22+00:00","og_image":[{"width":1200,"height":675,"url":"https:\/\/www.oracaoefe.com\/wp-content\/uploads\/2022\/09\/Paz-de-espirito-em-um-mundo-conturbado-02.jpg","type":"image\/jpeg"}],"author":"Maria","twitter_card":"summary_large_image","twitter_misc":{"\u00c9crit par":"Maria","Dur\u00e9e de lecture estim\u00e9e":"3 minutes"},"schema":{"@context":"https:\/\/schema.org","@graph":[{"@type":"Article","@id":"https:\/\/www.oracaoefe.com\/paz-de-espirito-em-um-mundo-conturbado\/#article","isPartOf":{"@id":"https:\/\/www.oracaoefe.com\/paz-de-espirito-em-um-mundo-conturbado\/"},"author":{"name":"Maria","@id":"https:\/\/www.oracaoefe.com\/#\/schema\/person\/27873f1e6043866689f5091b5139f23d"},"headline":"Paz de esp\u00edrito em um mundo conturbado","datePublished":"2022-09-24T22:45:29+00:00","dateModified":"2022-09-26T00:54:22+00:00","mainEntityOfPage":{"@id":"https:\/\/www.oracaoefe.com\/paz-de-espirito-em-um-mundo-conturbado\/"},"wordCount":705,"commentCount":0,"image":{"@id":"https:\/\/www.oracaoefe.com\/paz-de-espirito-em-um-mundo-conturbado\/#primaryimage"},"thumbnailUrl":"https:\/\/www.oracaoefe.com\/wp-content\/uploads\/2022\/09\/Paz-de-espirito-em-um-mundo-conturbado-02.jpg","keywords":["espirito","paz"],"articleSection":["F\u00e9"],"inLanguage":"fr-FR","potentialAction":[{"@type":"CommentAction","name":"Comment","target":["https:\/\/www.oracaoefe.com\/paz-de-espirito-em-um-mundo-conturbado\/#respond"]}]},{"@type":"WebPage","@id":"https:\/\/www.oracaoefe.com\/paz-de-espirito-em-um-mundo-conturbado\/","url":"https:\/\/www.oracaoefe.com\/paz-de-espirito-em-um-mundo-conturbado\/","name":"La paix de l'esprit dans un monde troubl\u00e9 - Pri\u00e8re et foi","isPartOf":{"@id":"https:\/\/www.oracaoefe.com\/#website"},"primaryImageOfPage":{"@id":"https:\/\/www.oracaoefe.com\/paz-de-espirito-em-um-mundo-conturbado\/#primaryimage"},"image":{"@id":"https:\/\/www.oracaoefe.com\/paz-de-espirito-em-um-mundo-conturbado\/#primaryimage"},"thumbnailUrl":"https:\/\/www.oracaoefe.com\/wp-content\/uploads\/2022\/09\/Paz-de-espirito-em-um-mundo-conturbado-02.jpg","datePublished":"2022-09-24T22:45:29+00:00","dateModified":"2022-09-26T00:54:22+00:00","author":{"@id":"https:\/\/www.oracaoefe.com\/#\/schema\/person\/27873f1e6043866689f5091b5139f23d"},"description":"La paix, o\u00f9 est la paix ? La paix dans nos pays, nos foyers et surtout dans nos c\u0153urs et nos esprits ? Ce cri de d\u00e9sespoir r\u00e9sonne","breadcrumb":{"@id":"https:\/\/www.oracaoefe.com\/paz-de-espirito-em-um-mundo-conturbado\/#breadcrumb"},"inLanguage":"fr-FR","potentialAction":[{"@type":"ReadAction","target":["https:\/\/www.oracaoefe.com\/paz-de-espirito-em-um-mundo-conturbado\/"]}]},{"@type":"ImageObject","inLanguage":"fr-FR","@id":"https:\/\/www.oracaoefe.com\/paz-de-espirito-em-um-mundo-conturbado\/#primaryimage","url":"https:\/\/www.oracaoefe.com\/wp-content\/uploads\/2022\/09\/Paz-de-espirito-em-um-mundo-conturbado-02.jpg","contentUrl":"https:\/\/www.oracaoefe.com\/wp-content\/uploads\/2022\/09\/Paz-de-espirito-em-um-mundo-conturbado-02.jpg","width":1200,"height":675,"caption":"Paz de esp\u00edrito em um mundo conturbado"},{"@type":"BreadcrumbList","@id":"https:\/\/www.oracaoefe.com\/paz-de-espirito-em-um-mundo-conturbado\/#breadcrumb","itemListElement":[{"@type":"ListItem","position":1,"name":"Home","item":"https:\/\/www.oracaoefe.com\/"},{"@type":"ListItem","position":2,"name":"F\u00e9","item":"https:\/\/www.oracaoefe.com\/es\/categoria\/fe\/"},{"@type":"ListItem","position":3,"name":"Paz de esp\u00edrito em um mundo conturbado"}]},{"@type":"WebSite","@id":"https:\/\/www.oracaoefe.com\/#website","url":"https:\/\/www.oracaoefe.com\/","name":"Pri\u00e8re et foi","description":"","potentialAction":[{"@type":"SearchAction","target":{"@type":"EntryPoint","urlTemplate":"https:\/\/www.oracaoefe.com\/?s={search_term_string}"},"query-input":{"@type":"PropertyValueSpecification","valueRequired":true,"valueName":"search_term_string"}}],"inLanguage":"fr-FR"},{"@type":"Person","@id":"https:\/\/www.oracaoefe.com\/#\/schema\/person\/27873f1e6043866689f5091b5139f23d","name":"Maria","image":{"@type":"ImageObject","inLanguage":"fr-FR","@id":"https:\/\/secure.gravatar.com\/avatar\/4cac5ea56d40d599bd7348d330a83b1c84cd229296d1613cd1c7f6740561d0c9?s=96&d=mm&r=g","url":"https:\/\/secure.gravatar.com\/avatar\/4cac5ea56d40d599bd7348d330a83b1c84cd229296d1613cd1c7f6740561d0c9?s=96&d=mm&r=g","contentUrl":"https:\/\/secure.gravatar.com\/avatar\/4cac5ea56d40d599bd7348d330a83b1c84cd229296d1613cd1c7f6740561d0c9?s=96&d=mm&r=g","caption":"Maria"},"description":"Meu nome \u00e9 Maria e sou apaixonada por teologia, espiritualidade e estudos religiosos. H\u00e1 mais de 5 anos escrevo sobre o universo da f\u00e9, pesquisando diferentes religi\u00f5es, doutrinas, tradi\u00e7\u00f5es espirituais e curiosidades religiosas ao redor do mundo. Tenho grande interesse em compreender como a f\u00e9 e a religiosidade se manifestam em diferentes culturas, pa\u00edses e idiomas, sempre buscando aprender mais sobre os costumes, cren\u00e7as e hist\u00f3rias que influenciam milh\u00f5es de pessoas diariamente. Atualmente, atuo como redatora no portal Ora\u00e7\u00e3o e F\u00e9, onde compartilho conte\u00fados informativos, reflexivos e inspiradores voltados ao universo religioso e espiritual. Meu objetivo \u00e9 levar conhecimento, curiosidades e mensagens enriquecedoras para leitores que desejam aprofundar sua compreens\u00e3o sobre f\u00e9, religi\u00e3o e espiritualidade no mundo moderno.","sameAs":["https:\/\/www.oracaoefe.com"],"url":"https:\/\/www.oracaoefe.com\/fr\/author\/admin\/"}]}},"_links":{"self":[{"href":"https:\/\/www.oracaoefe.com\/fr\/wp-json\/wp\/v2\/posts\/257","targetHints":{"allow":["GET"]}}],"collection":[{"href":"https:\/\/www.oracaoefe.com\/fr\/wp-json\/wp\/v2\/posts"}],"about":[{"href":"https:\/\/www.oracaoefe.com\/fr\/wp-json\/wp\/v2\/types\/post"}],"author":[{"embeddable":true,"href":"https:\/\/www.oracaoefe.com\/fr\/wp-json\/wp\/v2\/users\/1"}],"replies":[{"embeddable":true,"href":"https:\/\/www.oracaoefe.com\/fr\/wp-json\/wp\/v2\/comments?post=257"}],"version-history":[{"count":3,"href":"https:\/\/www.oracaoefe.com\/fr\/wp-json\/wp\/v2\/posts\/257\/revisions"}],"predecessor-version":[{"id":438,"href":"https:\/\/www.oracaoefe.com\/fr\/wp-json\/wp\/v2\/posts\/257\/revisions\/438"}],"wp:featuredmedia":[{"embeddable":true,"href":"https:\/\/www.oracaoefe.com\/fr\/wp-json\/wp\/v2\/media\/327"}],"wp:attachment":[{"href":"https:\/\/www.oracaoefe.com\/fr\/wp-json\/wp\/v2\/media?parent=257"}],"wp:term":[{"taxonomy":"category","embeddable":true,"href":"https:\/\/www.oracaoefe.com\/fr\/wp-json\/wp\/v2\/categories?post=257"},{"taxonomy":"post_tag","embeddable":true,"href":"https:\/\/www.oracaoefe.com\/fr\/wp-json\/wp\/v2\/tags?post=257"}],"curies":[{"name":"wp","href":"https:\/\/api.w.org\/{rel}","templated":true}]}}