{"id":2568,"date":"2024-02-21T01:01:00","date_gmt":"2024-02-21T04:01:00","guid":{"rendered":"https:\/\/www.oracaoefe.com\/?p=2568"},"modified":"2024-02-18T20:07:31","modified_gmt":"2024-02-18T23:07:31","slug":"conheca-as-ultimas-tendencias-em-musica-e-arte-sacra","status":"publish","type":"post","link":"https:\/\/www.oracaoefe.com\/fr\/conheca-as-ultimas-tendencias-em-musica-e-arte-sacra\/","title":{"rendered":"Conhe\u00e7a as \u00daltimas Tend\u00eancias em M\u00fasica e Arte Sacra"},"content":{"rendered":"<p class=\"wp-block-paragraph\">A m\u00fasica e a arte sacra t\u00eam sido pilares da express\u00e3o cultural e espiritual da humanidade h\u00e1 mil\u00eanios, evoluindo continuamente para refletir as mudan\u00e7as nas cren\u00e7as, tecnologias e sociedades. Este post visa explorar as \u00faltimas tend\u00eancias neste campo, mergulhando nas novas dire\u00e7\u00f5es que artistas e m\u00fasicos est\u00e3o tomando para inspirar f\u00e9 e devo\u00e7\u00e3o nos tempos modernos.<\/p>\n\n\n\n<h2 class=\"wp-block-heading\">As \u00faltimas tend\u00eancias em m\u00fasica e arte sacra<\/h2>\n\n\n\n<p class=\"wp-block-paragraph\">\u00c0 medida que navegamos pelo s\u00e9culo XXI, a m\u00fasica e a arte sacra est\u00e3o passando por uma transforma\u00e7\u00e3o not\u00e1vel, refletindo as mudan\u00e7as r\u00e1pidas em nossa sociedade e tecnologia. Essa evolu\u00e7\u00e3o \u00e9 impulsionada por uma busca cont\u00ednua por novas formas de express\u00e3o que se alinham tanto com as tradi\u00e7\u00f5es espirituais quanto com as sensibilidades modernas.&nbsp;<\/p>\n\n\n\n<p class=\"wp-block-paragraph\">As \u00faltimas tend\u00eancias em m\u00fasica e arte sacra s\u00e3o um testemunho da capacidade infinita do ser humano de reinventar e adaptar suas pr\u00e1ticas art\u00edsticas e espirituais aos novos desafios e oportunidades de seu tempo.<\/p>\n\n\n\n<p class=\"wp-block-paragraph\">Este panorama vibrante e em constante mudan\u00e7a n\u00e3o apenas revitaliza formas de adora\u00e7\u00e3o, mas tamb\u00e9m oferece novas perspectivas sobre o sagrado, convidando a uma reflex\u00e3o profunda sobre o que significa ser espiritual no mundo contempor\u00e2neo.<\/p>\n\n\n\n<h3 class=\"wp-block-heading\">A Fus\u00e3o de G\u00eaneros na M\u00fasica Sacra<\/h3>\n\n\n\n<p class=\"wp-block-paragraph\">Nos \u00faltimos anos, testemunhamos uma fus\u00e3o fascinante de g\u00eaneros na m\u00fasica sacra. Compositores e m\u00fasicos est\u00e3o cada vez mais incorporando elementos de jazz, m\u00fasica eletr\u00f4nica e at\u00e9 rock em suas composi\u00e7\u00f5es sacras. Esta tend\u00eancia n\u00e3o s\u00f3 atrai um p\u00fablico mais jovem e diversificado, mas tamb\u00e9m reflete uma abordagem mais inclusiva e experimental \u00e0 m\u00fasica religiosa. O resultado \u00e9 uma m\u00fasica sacra que \u00e9 ao mesmo tempo reverente e inovadora, capaz de tocar cora\u00e7\u00f5es de maneiras surpreendentemente novas.<\/p>\n\n\n\n<h3 class=\"wp-block-heading\">Arte Sacra Digital: Novas Formas de Express\u00e3o Espiritual<\/h3>\n\n\n\n<p class=\"wp-block-paragraph\">A arte sacra est\u00e1 se expandindo al\u00e9m das tradicionais pinturas e esculturas para incluir formas digitais de express\u00e3o. Artistas est\u00e3o usando softwares de design gr\u00e1fico e t\u00e9cnicas de realidade aumentada para criar obras sacras que s\u00e3o din\u00e2micas e interativas. Essas novas formas permitem que os espectadores experimentem hist\u00f3rias e simbolismos religiosos de maneira mais imersiva, promovendo uma conex\u00e3o mais profunda com o divino.<\/p>\n\n\n\n<h3 class=\"wp-block-heading\">Sustentabilidade na Arte Sacra<\/h3>\n\n\n\n<p class=\"wp-block-paragraph\">A sustentabilidade tornou-se um tema central em muitos aspectos da vida, e a arte sacra n\u00e3o \u00e9 exce\u00e7\u00e3o. Artistas est\u00e3o cada vez mais utilizando materiais reciclados ou sustent\u00e1veis em suas obras. Esta abordagem n\u00e3o s\u00f3 responde \u00e0s preocupa\u00e7\u00f5es ambientais, mas tamb\u00e9m adiciona uma camada de significado \u00e0s pe\u00e7as, refletindo a import\u00e2ncia da conserva\u00e7\u00e3o e do cuidado com a cria\u00e7\u00e3o como um valor espiritual.<\/p>\n\n\n\n<figure class=\"wp-block-image size-large\"><img loading=\"lazy\" decoding=\"async\" width=\"1024\" height=\"673\" src=\"https:\/\/www.oracaoefe.com\/wp-content\/uploads\/2024\/02\/image-2-1024x673.png\" alt=\"\" class=\"wp-image-2589\" srcset=\"https:\/\/www.oracaoefe.com\/wp-content\/uploads\/2024\/02\/image-2-1024x673.png 1024w, https:\/\/www.oracaoefe.com\/wp-content\/uploads\/2024\/02\/image-2-300x197.png 300w, https:\/\/www.oracaoefe.com\/wp-content\/uploads\/2024\/02\/image-2-768x505.png 768w, https:\/\/www.oracaoefe.com\/wp-content\/uploads\/2024\/02\/image-2-18x12.png 18w, https:\/\/www.oracaoefe.com\/wp-content\/uploads\/2024\/02\/image-2.png 1280w\" sizes=\"auto, (max-width: 1024px) 100vw, 1024px\" \/><\/figure>\n\n\n\n<h3 class=\"wp-block-heading\">A Globaliza\u00e7\u00e3o da M\u00fasica Sacra<\/h3>\n\n\n\n<p class=\"wp-block-paragraph\">A globaliza\u00e7\u00e3o da m\u00fasica sacra \u00e9 outra tend\u00eancia not\u00e1vel. M\u00fasicos e compositores est\u00e3o cada vez mais buscando inspira\u00e7\u00e3o em tradi\u00e7\u00f5es musicais de todo o mundo, criando uma fus\u00e3o cultural que enriquece o repert\u00f3rio sacro. Essa tend\u00eancia reflete um desejo crescente de entender e celebrar a diversidade da experi\u00eancia espiritual humana.<\/p>\n\n\n\n<h2 class=\"wp-block-heading\">O Papel das Redes Sociais e Plataformas Digitais<\/h2>\n\n\n\n<p class=\"wp-block-paragraph\">As redes sociais e as plataformas digitais est\u00e3o desempenhando um papel crucial na divulga\u00e7\u00e3o da m\u00fasica e da arte sacra. Artistas e m\u00fasicos podem agora alcan\u00e7ar uma audi\u00eancia global instantaneamente, compartilhando suas obras e inspirando di\u00e1logos sobre f\u00e9 e espiritualidade. Al\u00e9m disso, muitas comunidades religiosas est\u00e3o utilizando essas plataformas para transmitir servi\u00e7os e eventos, tornando a arte sacra mais acess\u00edvel do que nunca.<\/p>\n\n\n\n<p class=\"wp-block-paragraph\">As \u00faltimas tend\u00eancias em m\u00fasica e arte sacra refletem uma busca cont\u00ednua por express\u00e3o espiritual que seja relevante e ressonante em um mundo em constante mudan\u00e7a. Ao incorporar novas tecnologias, abordagens sustent\u00e1veis e influ\u00eancias culturais diversas, artistas e m\u00fasicos est\u00e3o criando obras que n\u00e3o apenas honram tradi\u00e7\u00f5es religiosas, mas tamb\u00e9m as reimaginam para uma nova era. Este \u00e9 um momento emocionante para a m\u00fasica e a arte sacra, pois essas tend\u00eancias apontam para um futuro onde a f\u00e9 e a criatividade continuam a se entrela\u00e7ar de maneiras profundamente significativas e inovadoras.<\/p>\n\n\n\n<p class=\"wp-block-paragraph\"><strong>Voir aussi\u00a0: <a href=\"https:\/\/www.oracaoefe.com\/fr\/efeitos-beneficos-da-fe-comprovados-por-estudos-veja-mais\/\">Efeitos ben\u00e9ficos da f\u00e9 comprovados por estudos; veja mais<\/a><\/strong><\/p>\n\n\n\n<p class=\"wp-block-paragraph\">21 de fevereiro de 2024<\/p>","protected":false},"excerpt":{"rendered":"<p>A m\u00fasica e a arte sacra t\u00eam sido pilares da express\u00e3o cultural e espiritual da humanidade h\u00e1 mil\u00eanios, evoluindo continuamente para refletir as mudan\u00e7as nas cren\u00e7as, tecnologias e sociedades. Este post visa explorar as \u00faltimas tend\u00eancias neste campo, mergulhando nas novas dire\u00e7\u00f5es que artistas e m\u00fasicos est\u00e3o tomando para inspirar f\u00e9 e devo\u00e7\u00e3o nos tempos&hellip;&nbsp;<\/p>","protected":false},"author":3,"featured_media":2589,"comment_status":"closed","ping_status":"closed","sticky":false,"template":"","format":"standard","meta":{"neve_meta_sidebar":"","neve_meta_container":"","neve_meta_enable_content_width":"","neve_meta_content_width":0,"neve_meta_title_alignment":"","neve_meta_author_avatar":"","neve_post_elements_order":"","neve_meta_disable_header":"","neve_meta_disable_footer":"","neve_meta_disable_title":"","footnotes":""},"categories":[4],"tags":[],"class_list":["post-2568","post","type-post","status-publish","format-standard","has-post-thumbnail","hentry","category-fique-por-dentro"],"yoast_head":"<!-- This site is optimized with the Yoast SEO plugin v28.4 - https:\/\/yoast.com\/product\/yoast-seo-wordpress\/ -->\n<title>Conhe\u00e7a as \u00daltimas Tend\u00eancias em M\u00fasica e Arte Sacra - Ora\u00e7\u00e3o e F\u00e9<\/title>\n<meta name=\"description\" content=\"Deus tem pra voc\u00ea uma palavra de vida!\" \/>\n<meta name=\"robots\" content=\"index, follow, max-snippet:-1, max-image-preview:large, max-video-preview:-1\" \/>\n<link rel=\"canonical\" href=\"https:\/\/www.oracaoefe.com\/fr\/conheca-as-ultimas-tendencias-em-musica-e-arte-sacra\/\" \/>\n<meta property=\"og:locale\" content=\"fr_FR\" \/>\n<meta property=\"og:type\" content=\"article\" \/>\n<meta property=\"og:title\" content=\"Conhe\u00e7a as \u00daltimas Tend\u00eancias em M\u00fasica e Arte Sacra - Ora\u00e7\u00e3o e F\u00e9\" \/>\n<meta property=\"og:description\" content=\"Deus tem pra voc\u00ea uma palavra de vida!\" \/>\n<meta property=\"og:url\" content=\"https:\/\/www.oracaoefe.com\/fr\/conheca-as-ultimas-tendencias-em-musica-e-arte-sacra\/\" \/>\n<meta property=\"og:site_name\" content=\"Ora\u00e7\u00e3o e F\u00e9\" \/>\n<meta property=\"article:published_time\" content=\"2024-02-21T04:01:00+00:00\" \/>\n<meta property=\"og:image\" content=\"https:\/\/www.oracaoefe.com\/wp-content\/uploads\/2024\/02\/image-2.png\" \/>\n\t<meta property=\"og:image:width\" content=\"1280\" \/>\n\t<meta property=\"og:image:height\" content=\"841\" \/>\n\t<meta property=\"og:image:type\" content=\"image\/png\" \/>\n<meta name=\"author\" content=\"Michele Azevedo\" \/>\n<meta name=\"twitter:card\" content=\"summary_large_image\" \/>\n<meta name=\"twitter:label1\" content=\"\u00c9crit par\" \/>\n\t<meta name=\"twitter:data1\" content=\"Michele Azevedo\" \/>\n\t<meta name=\"twitter:label2\" content=\"Dur\u00e9e de lecture estim\u00e9e\" \/>\n\t<meta name=\"twitter:data2\" content=\"4 minutes\" \/>\n<script type=\"application\/ld+json\" class=\"yoast-schema-graph\">{\"@context\":\"https:\\\/\\\/schema.org\",\"@graph\":[{\"@type\":\"Article\",\"@id\":\"https:\\\/\\\/www.oracaoefe.com\\\/conheca-as-ultimas-tendencias-em-musica-e-arte-sacra\\\/#article\",\"isPartOf\":{\"@id\":\"https:\\\/\\\/www.oracaoefe.com\\\/conheca-as-ultimas-tendencias-em-musica-e-arte-sacra\\\/\"},\"author\":{\"name\":\"Michele Azevedo\",\"@id\":\"https:\\\/\\\/www.oracaoefe.com\\\/#\\\/schema\\\/person\\\/17283c669442cf005c4d5bb58adfb7f5\"},\"headline\":\"Conhe\u00e7a as \u00daltimas Tend\u00eancias em M\u00fasica e Arte Sacra\",\"datePublished\":\"2024-02-21T04:01:00+00:00\",\"mainEntityOfPage\":{\"@id\":\"https:\\\/\\\/www.oracaoefe.com\\\/conheca-as-ultimas-tendencias-em-musica-e-arte-sacra\\\/\"},\"wordCount\":761,\"image\":{\"@id\":\"https:\\\/\\\/www.oracaoefe.com\\\/conheca-as-ultimas-tendencias-em-musica-e-arte-sacra\\\/#primaryimage\"},\"thumbnailUrl\":\"https:\\\/\\\/www.oracaoefe.com\\\/wp-content\\\/uploads\\\/2024\\\/02\\\/image-2.png\",\"articleSection\":[\"Fique por Dentro\"],\"inLanguage\":\"fr-FR\"},{\"@type\":\"WebPage\",\"@id\":\"https:\\\/\\\/www.oracaoefe.com\\\/conheca-as-ultimas-tendencias-em-musica-e-arte-sacra\\\/\",\"url\":\"https:\\\/\\\/www.oracaoefe.com\\\/conheca-as-ultimas-tendencias-em-musica-e-arte-sacra\\\/\",\"name\":\"Conhe\u00e7a as \u00daltimas Tend\u00eancias em M\u00fasica e Arte Sacra - Ora\u00e7\u00e3o e F\u00e9\",\"isPartOf\":{\"@id\":\"https:\\\/\\\/www.oracaoefe.com\\\/#website\"},\"primaryImageOfPage\":{\"@id\":\"https:\\\/\\\/www.oracaoefe.com\\\/conheca-as-ultimas-tendencias-em-musica-e-arte-sacra\\\/#primaryimage\"},\"image\":{\"@id\":\"https:\\\/\\\/www.oracaoefe.com\\\/conheca-as-ultimas-tendencias-em-musica-e-arte-sacra\\\/#primaryimage\"},\"thumbnailUrl\":\"https:\\\/\\\/www.oracaoefe.com\\\/wp-content\\\/uploads\\\/2024\\\/02\\\/image-2.png\",\"datePublished\":\"2024-02-21T04:01:00+00:00\",\"author\":{\"@id\":\"https:\\\/\\\/www.oracaoefe.com\\\/#\\\/schema\\\/person\\\/17283c669442cf005c4d5bb58adfb7f5\"},\"description\":\"Deus tem pra voc\u00ea uma palavra de vida!\",\"breadcrumb\":{\"@id\":\"https:\\\/\\\/www.oracaoefe.com\\\/conheca-as-ultimas-tendencias-em-musica-e-arte-sacra\\\/#breadcrumb\"},\"inLanguage\":\"fr-FR\",\"potentialAction\":[{\"@type\":\"ReadAction\",\"target\":[\"https:\\\/\\\/www.oracaoefe.com\\\/conheca-as-ultimas-tendencias-em-musica-e-arte-sacra\\\/\"]}]},{\"@type\":\"ImageObject\",\"inLanguage\":\"fr-FR\",\"@id\":\"https:\\\/\\\/www.oracaoefe.com\\\/conheca-as-ultimas-tendencias-em-musica-e-arte-sacra\\\/#primaryimage\",\"url\":\"https:\\\/\\\/www.oracaoefe.com\\\/wp-content\\\/uploads\\\/2024\\\/02\\\/image-2.png\",\"contentUrl\":\"https:\\\/\\\/www.oracaoefe.com\\\/wp-content\\\/uploads\\\/2024\\\/02\\\/image-2.png\",\"width\":1280,\"height\":841},{\"@type\":\"BreadcrumbList\",\"@id\":\"https:\\\/\\\/www.oracaoefe.com\\\/conheca-as-ultimas-tendencias-em-musica-e-arte-sacra\\\/#breadcrumb\",\"itemListElement\":[{\"@type\":\"ListItem\",\"position\":1,\"name\":\"Home\",\"item\":\"https:\\\/\\\/www.oracaoefe.com\\\/\"},{\"@type\":\"ListItem\",\"position\":2,\"name\":\"Fique por Dentro\",\"item\":\"https:\\\/\\\/www.oracaoefe.com\\\/category\\\/fique-por-dentro\\\/\"},{\"@type\":\"ListItem\",\"position\":3,\"name\":\"Conhe\u00e7a as \u00daltimas Tend\u00eancias em M\u00fasica e Arte Sacra\"}]},{\"@type\":\"WebSite\",\"@id\":\"https:\\\/\\\/www.oracaoefe.com\\\/#website\",\"url\":\"https:\\\/\\\/www.oracaoefe.com\\\/\",\"name\":\"Ora\u00e7\u00e3o e F\u00e9\",\"description\":\"\",\"potentialAction\":[{\"@type\":\"SearchAction\",\"target\":{\"@type\":\"EntryPoint\",\"urlTemplate\":\"https:\\\/\\\/www.oracaoefe.com\\\/?s={search_term_string}\"},\"query-input\":{\"@type\":\"PropertyValueSpecification\",\"valueRequired\":true,\"valueName\":\"search_term_string\"}}],\"inLanguage\":\"fr-FR\"},{\"@type\":\"Person\",\"@id\":\"https:\\\/\\\/www.oracaoefe.com\\\/#\\\/schema\\\/person\\\/17283c669442cf005c4d5bb58adfb7f5\",\"name\":\"Michele Azevedo\",\"image\":{\"@type\":\"ImageObject\",\"inLanguage\":\"fr-FR\",\"@id\":\"https:\\\/\\\/secure.gravatar.com\\\/avatar\\\/6b0eb9d22841282815e2cd856a0061c45e1761cd54b22e952d98c4746939aa85?s=96&d=mm&r=g\",\"url\":\"https:\\\/\\\/secure.gravatar.com\\\/avatar\\\/6b0eb9d22841282815e2cd856a0061c45e1761cd54b22e952d98c4746939aa85?s=96&d=mm&r=g\",\"contentUrl\":\"https:\\\/\\\/secure.gravatar.com\\\/avatar\\\/6b0eb9d22841282815e2cd856a0061c45e1761cd54b22e952d98c4746939aa85?s=96&d=mm&r=g\",\"caption\":\"Michele Azevedo\"},\"description\":\"Formada em Letras - Portugu\u00eas\\\/ Ingl\u00eas pela Universidade Estadual de Ponta Grossa (UEPG), p\u00f3s-graduada em Arte na Educa\u00e7\u00e3o (FAPI) e Psicopedagogia Escolar (FAPI), idealizadora e propriet\u00e1ria do site Escritora de Sucesso, possui experi\u00eancia em escrita para blogs em geral e atua como redatora e revisora dos conte\u00fados do Ora\u00e7\u00e3o e F\u00e9.\",\"url\":\"https:\\\/\\\/www.oracaoefe.com\\\/fr\\\/author\\\/michele-azevedo\\\/\"}]}<\/script>\n<!-- \/ Yoast SEO plugin. -->","yoast_head_json":{"title":"Conhe\u00e7a as \u00daltimas Tend\u00eancias em M\u00fasica e Arte Sacra - Ora\u00e7\u00e3o e F\u00e9","description":"Dieu a une parole de vie pour vous !","robots":{"index":"index","follow":"follow","max-snippet":"max-snippet:-1","max-image-preview":"max-image-preview:large","max-video-preview":"max-video-preview:-1"},"canonical":"https:\/\/www.oracaoefe.com\/fr\/conheca-as-ultimas-tendencias-em-musica-e-arte-sacra\/","og_locale":"fr_FR","og_type":"article","og_title":"Conhe\u00e7a as \u00daltimas Tend\u00eancias em M\u00fasica e Arte Sacra - Ora\u00e7\u00e3o e F\u00e9","og_description":"Deus tem pra voc\u00ea uma palavra de vida!","og_url":"https:\/\/www.oracaoefe.com\/fr\/conheca-as-ultimas-tendencias-em-musica-e-arte-sacra\/","og_site_name":"Ora\u00e7\u00e3o e F\u00e9","article_published_time":"2024-02-21T04:01:00+00:00","og_image":[{"width":1280,"height":841,"url":"https:\/\/www.oracaoefe.com\/wp-content\/uploads\/2024\/02\/image-2.png","type":"image\/png"}],"author":"Michele Azevedo","twitter_card":"summary_large_image","twitter_misc":{"\u00c9crit par":"Michele Azevedo","Dur\u00e9e de lecture estim\u00e9e":"4 minutes"},"schema":{"@context":"https:\/\/schema.org","@graph":[{"@type":"Article","@id":"https:\/\/www.oracaoefe.com\/conheca-as-ultimas-tendencias-em-musica-e-arte-sacra\/#article","isPartOf":{"@id":"https:\/\/www.oracaoefe.com\/conheca-as-ultimas-tendencias-em-musica-e-arte-sacra\/"},"author":{"name":"Michele Azevedo","@id":"https:\/\/www.oracaoefe.com\/#\/schema\/person\/17283c669442cf005c4d5bb58adfb7f5"},"headline":"Conhe\u00e7a as \u00daltimas Tend\u00eancias em M\u00fasica e Arte Sacra","datePublished":"2024-02-21T04:01:00+00:00","mainEntityOfPage":{"@id":"https:\/\/www.oracaoefe.com\/conheca-as-ultimas-tendencias-em-musica-e-arte-sacra\/"},"wordCount":761,"image":{"@id":"https:\/\/www.oracaoefe.com\/conheca-as-ultimas-tendencias-em-musica-e-arte-sacra\/#primaryimage"},"thumbnailUrl":"https:\/\/www.oracaoefe.com\/wp-content\/uploads\/2024\/02\/image-2.png","articleSection":["Fique por Dentro"],"inLanguage":"fr-FR"},{"@type":"WebPage","@id":"https:\/\/www.oracaoefe.com\/conheca-as-ultimas-tendencias-em-musica-e-arte-sacra\/","url":"https:\/\/www.oracaoefe.com\/conheca-as-ultimas-tendencias-em-musica-e-arte-sacra\/","name":"Conhe\u00e7a as \u00daltimas Tend\u00eancias em M\u00fasica e Arte Sacra - Ora\u00e7\u00e3o e F\u00e9","isPartOf":{"@id":"https:\/\/www.oracaoefe.com\/#website"},"primaryImageOfPage":{"@id":"https:\/\/www.oracaoefe.com\/conheca-as-ultimas-tendencias-em-musica-e-arte-sacra\/#primaryimage"},"image":{"@id":"https:\/\/www.oracaoefe.com\/conheca-as-ultimas-tendencias-em-musica-e-arte-sacra\/#primaryimage"},"thumbnailUrl":"https:\/\/www.oracaoefe.com\/wp-content\/uploads\/2024\/02\/image-2.png","datePublished":"2024-02-21T04:01:00+00:00","author":{"@id":"https:\/\/www.oracaoefe.com\/#\/schema\/person\/17283c669442cf005c4d5bb58adfb7f5"},"description":"Dieu a une parole de vie pour vous !","breadcrumb":{"@id":"https:\/\/www.oracaoefe.com\/conheca-as-ultimas-tendencias-em-musica-e-arte-sacra\/#breadcrumb"},"inLanguage":"fr-FR","potentialAction":[{"@type":"ReadAction","target":["https:\/\/www.oracaoefe.com\/conheca-as-ultimas-tendencias-em-musica-e-arte-sacra\/"]}]},{"@type":"ImageObject","inLanguage":"fr-FR","@id":"https:\/\/www.oracaoefe.com\/conheca-as-ultimas-tendencias-em-musica-e-arte-sacra\/#primaryimage","url":"https:\/\/www.oracaoefe.com\/wp-content\/uploads\/2024\/02\/image-2.png","contentUrl":"https:\/\/www.oracaoefe.com\/wp-content\/uploads\/2024\/02\/image-2.png","width":1280,"height":841},{"@type":"BreadcrumbList","@id":"https:\/\/www.oracaoefe.com\/conheca-as-ultimas-tendencias-em-musica-e-arte-sacra\/#breadcrumb","itemListElement":[{"@type":"ListItem","position":1,"name":"Home","item":"https:\/\/www.oracaoefe.com\/"},{"@type":"ListItem","position":2,"name":"Fique por Dentro","item":"https:\/\/www.oracaoefe.com\/category\/fique-por-dentro\/"},{"@type":"ListItem","position":3,"name":"Conhe\u00e7a as \u00daltimas Tend\u00eancias em M\u00fasica e Arte Sacra"}]},{"@type":"WebSite","@id":"https:\/\/www.oracaoefe.com\/#website","url":"https:\/\/www.oracaoefe.com\/","name":"Pri\u00e8re et foi","description":"","potentialAction":[{"@type":"SearchAction","target":{"@type":"EntryPoint","urlTemplate":"https:\/\/www.oracaoefe.com\/?s={search_term_string}"},"query-input":{"@type":"PropertyValueSpecification","valueRequired":true,"valueName":"search_term_string"}}],"inLanguage":"fr-FR"},{"@type":"Person","@id":"https:\/\/www.oracaoefe.com\/#\/schema\/person\/17283c669442cf005c4d5bb58adfb7f5","name":"Michele Azevedo","image":{"@type":"ImageObject","inLanguage":"fr-FR","@id":"https:\/\/secure.gravatar.com\/avatar\/6b0eb9d22841282815e2cd856a0061c45e1761cd54b22e952d98c4746939aa85?s=96&d=mm&r=g","url":"https:\/\/secure.gravatar.com\/avatar\/6b0eb9d22841282815e2cd856a0061c45e1761cd54b22e952d98c4746939aa85?s=96&d=mm&r=g","contentUrl":"https:\/\/secure.gravatar.com\/avatar\/6b0eb9d22841282815e2cd856a0061c45e1761cd54b22e952d98c4746939aa85?s=96&d=mm&r=g","caption":"Michele Azevedo"},"description":"Dipl\u00f4m\u00e9e en litt\u00e9rature portugaise\/anglaise de l&#039;Universit\u00e9 d&#039;\u00c9tat de Ponta Grossa (UEPG), avec des dipl\u00f4mes de troisi\u00e8me cycle en art dans l&#039;\u00e9ducation (FAPI) et en psychop\u00e9dagogie scolaire (FAPI), elle est la cr\u00e9atrice et propri\u00e9taire du site web Escritora de Sucesso, a de l&#039;exp\u00e9rience dans l&#039;\u00e9criture pour les blogs en g\u00e9n\u00e9ral et travaille comme r\u00e9dactrice et \u00e9ditrice du contenu pour Ora\u00e7\u00e3o e F\u00e9.","url":"https:\/\/www.oracaoefe.com\/fr\/author\/michele-azevedo\/"}]}},"_links":{"self":[{"href":"https:\/\/www.oracaoefe.com\/fr\/wp-json\/wp\/v2\/posts\/2568","targetHints":{"allow":["GET"]}}],"collection":[{"href":"https:\/\/www.oracaoefe.com\/fr\/wp-json\/wp\/v2\/posts"}],"about":[{"href":"https:\/\/www.oracaoefe.com\/fr\/wp-json\/wp\/v2\/types\/post"}],"author":[{"embeddable":true,"href":"https:\/\/www.oracaoefe.com\/fr\/wp-json\/wp\/v2\/users\/3"}],"replies":[{"embeddable":true,"href":"https:\/\/www.oracaoefe.com\/fr\/wp-json\/wp\/v2\/comments?post=2568"}],"version-history":[{"count":2,"href":"https:\/\/www.oracaoefe.com\/fr\/wp-json\/wp\/v2\/posts\/2568\/revisions"}],"predecessor-version":[{"id":2590,"href":"https:\/\/www.oracaoefe.com\/fr\/wp-json\/wp\/v2\/posts\/2568\/revisions\/2590"}],"wp:featuredmedia":[{"embeddable":true,"href":"https:\/\/www.oracaoefe.com\/fr\/wp-json\/wp\/v2\/media\/2589"}],"wp:attachment":[{"href":"https:\/\/www.oracaoefe.com\/fr\/wp-json\/wp\/v2\/media?parent=2568"}],"wp:term":[{"taxonomy":"category","embeddable":true,"href":"https:\/\/www.oracaoefe.com\/fr\/wp-json\/wp\/v2\/categories?post=2568"},{"taxonomy":"post_tag","embeddable":true,"href":"https:\/\/www.oracaoefe.com\/fr\/wp-json\/wp\/v2\/tags?post=2568"}],"curies":[{"name":"wp","href":"https:\/\/api.w.org\/{rel}","templated":true}]}}