{"id":2566,"date":"2024-02-18T20:06:08","date_gmt":"2024-02-18T23:06:08","guid":{"rendered":"https:\/\/www.oracaoefe.com\/?p=2566"},"modified":"2024-02-18T20:07:00","modified_gmt":"2024-02-18T23:07:00","slug":"fortalecendo-sua-fe-em-tempos-de-duvida-entenda-o-que-fazer","status":"publish","type":"post","link":"https:\/\/www.oracaoefe.com\/fr\/fortalecendo-sua-fe-em-tempos-de-duvida-entenda-o-que-fazer\/","title":{"rendered":"Fortalecendo sua F\u00e9 em Tempos de D\u00favida: Entenda O Que Fazer"},"content":{"rendered":"<p class=\"wp-block-paragraph\">Em nossa jornada pela vida, enfrentamos in\u00fameras situa\u00e7\u00f5es desafiadoras que testam nossa f\u00e9 e cren\u00e7as mais profundas. Seja diante de perdas, dificuldades financeiras, problemas de sa\u00fade ou mesmo crises existenciais, \u00e9 comum nos depararmos com momentos de d\u00favida e incerteza. Nessas horas, fortalecer nossa f\u00e9 pode se tornar um desafio, mas tamb\u00e9m uma oportunidade de crescimento pessoal e espiritual. <\/p>\n\n\n\n<h2 class=\"wp-block-heading\">Fortalecendo sua F\u00e9 em Tempos de D\u00favida: Entenda O Que Fazer<\/h2>\n\n\n\n<p class=\"wp-block-paragraph\">Seja diante de adversidades pessoais, crises globais, ou simplesmente durante per\u00edodos de reflex\u00e3o \u00edntima, enfrentamos questionamentos que podem abalar nossas cren\u00e7as mais profundas. Nestes momentos, encontrar for\u00e7as para reafirmar e fortalecer nossa f\u00e9 se torna essencial, mas muitos de n\u00f3s podem se sentir perdidos sobre por onde come\u00e7ar.<\/p>\n\n\n\n<h3 class=\"wp-block-heading\">Aceite suas D\u00favidas<\/h3>\n\n\n\n<p class=\"wp-block-paragraph\">O primeiro passo para fortalecer sua f\u00e9 em tempos de d\u00favida \u00e9 aceitar que ter d\u00favidas \u00e9 uma parte natural do processo de f\u00e9. Questionar suas cren\u00e7as n\u00e3o significa que voc\u00ea as perdeu; pelo contr\u00e1rio, pode ser um sinal de que voc\u00ea est\u00e1 procurando entender e aprofundar seu relacionamento com sua f\u00e9. Permita-se explorar essas d\u00favidas sem julgamento, entendendo que elas podem levar a um entendimento e conex\u00e3o mais profundos.<\/p>\n\n\n\n<h3 class=\"wp-block-heading\">Busque Comunh\u00e3o<\/h3>\n\n\n\n<p class=\"wp-block-paragraph\">A solid\u00e3o pode ampliar nossas d\u00favidas e medos, enquanto a comunh\u00e3o com outros que compartilham de nossas cren\u00e7as pode oferecer suporte e compreens\u00e3o. Participe de grupos de estudo, cultos, ou encontros comunit\u00e1rios onde voc\u00ea possa compartilhar suas inquieta\u00e7\u00f5es e ouvir as experi\u00eancias de outros. A troca de experi\u00eancias e o apoio m\u00fatuo s\u00e3o fundamentais para fortalecer sua f\u00e9.<\/p>\n\n\n\n<figure class=\"wp-block-image size-large\"><img loading=\"lazy\" decoding=\"async\" width=\"1024\" height=\"682\" src=\"https:\/\/www.oracaoefe.com\/wp-content\/uploads\/2024\/02\/image-1-1024x682.png\" alt=\"\" class=\"wp-image-2587\" srcset=\"https:\/\/www.oracaoefe.com\/wp-content\/uploads\/2024\/02\/image-1-1024x682.png 1024w, https:\/\/www.oracaoefe.com\/wp-content\/uploads\/2024\/02\/image-1-300x200.png 300w, https:\/\/www.oracaoefe.com\/wp-content\/uploads\/2024\/02\/image-1-768x512.png 768w, https:\/\/www.oracaoefe.com\/wp-content\/uploads\/2024\/02\/image-1-18x12.png 18w, https:\/\/www.oracaoefe.com\/wp-content\/uploads\/2024\/02\/image-1.png 1280w\" sizes=\"auto, (max-width: 1024px) 100vw, 1024px\" \/><\/figure>\n\n\n\n<h3 class=\"wp-block-heading\">Pratique a Medita\u00e7\u00e3o e a Ora\u00e7\u00e3o<\/h3>\n\n\n\n<p class=\"wp-block-paragraph\">A medita\u00e7\u00e3o e a ora\u00e7\u00e3o s\u00e3o ferramentas poderosas para conectar-se com o divino e encontrar paz interior. Dedique um tempo diariamente para essas pr\u00e1ticas, focando em sua respira\u00e7\u00e3o, expressando gratid\u00e3o, e buscando orienta\u00e7\u00e3o espiritual. Esses momentos de quietude e reflex\u00e3o podem ajud\u00e1-lo a se reorientar e encontrar respostas para suas d\u00favidas.<\/p>\n\n\n\n<h3 class=\"wp-block-heading\">Estude suas Escrituras<\/h3>\n\n\n\n<p class=\"wp-block-paragraph\">Independentemente de sua f\u00e9, estudar as escrituras sagradas pode oferecer conforto e orienta\u00e7\u00e3o. Textos religiosos est\u00e3o repletos de hist\u00f3rias de indiv\u00edduos que enfrentaram d\u00favidas e desafios, mas encontraram for\u00e7a e sabedoria para super\u00e1-los. Busque passagens que ressoem com suas experi\u00eancias atuais e reflita sobre as li\u00e7\u00f5es que elas podem ensinar.<\/p>\n\n\n\n<h3 class=\"wp-block-heading\">Envolva-se em Atos de Servi\u00e7o<\/h3>\n\n\n\n<p class=\"wp-block-paragraph\">Frequentemente, quando nos focamos em ajudar os outros, nossos pr\u00f3prios problemas parecem menores e mais gerenci\u00e1veis. O ato de servir pode n\u00e3o apenas trazer alegria e prop\u00f3sito para sua vida, mas tamb\u00e9m refor\u00e7ar sua f\u00e9 atrav\u00e9s da pr\u00e1tica de ensinamentos religiosos sobre compaix\u00e3o e caridade. Encontre maneiras de contribuir para sua comunidade ou para causas que estejam alinhadas com seus valores espirituais.<\/p>\n\n\n\n<h3 class=\"wp-block-heading\">Procure Orienta\u00e7\u00e3o Espiritual<\/h3>\n\n\n\n<p class=\"wp-block-paragraph\">Se suas d\u00favidas persistirem, considerar buscar orienta\u00e7\u00e3o de um l\u00edder espiritual ou conselheiro religioso. Esses indiv\u00edduos podem oferecer uma perspectiva diferente, al\u00e9m de orienta\u00e7\u00e3o e suporte para ajud\u00e1-lo a navegar por seus questionamentos. N\u00e3o tenha receio de buscar ajuda; fazer isso \u00e9 um sinal de for\u00e7a e desejo de crescer em sua f\u00e9.<\/p>\n\n\n\n<h3 class=\"wp-block-heading\">Cultive a Paci\u00eancia e a Persist\u00eancia<\/h3>\n\n\n\n<p class=\"wp-block-paragraph\">Fortalecer sua f\u00e9 em tempos de d\u00favida \u00e9 um processo, n\u00e3o um evento \u00fanico. Seja paciente consigo mesmo e persista em suas pr\u00e1ticas espirituais, mesmo quando parecer dif\u00edcil. Com o tempo, voc\u00ea pode descobrir que suas d\u00favidas lhe proporcionaram uma oportunidade \u00fanica de crescer e aprofundar sua compreens\u00e3o e conex\u00e3o com sua f\u00e9.<\/p>\n\n\n\n<h2 class=\"wp-block-heading\">Fortale\u00e7a sua f\u00e9<\/h2>\n\n\n\n<p class=\"wp-block-paragraph\">Enfrentar d\u00favidas \u00e9 uma parte natural da experi\u00eancia humana e pode servir como um catalisador para o crescimento espiritual. Ao aceitar suas d\u00favidas, buscar comunh\u00e3o, praticar a medita\u00e7\u00e3o e a ora\u00e7\u00e3o, estudar as escrituras, envolver-se em atos de servi\u00e7o, procurar orienta\u00e7\u00e3o espiritual, e cultivar a paci\u00eancia, voc\u00ea pode fortalecer sua f\u00e9 de maneiras que talvez nunca tenha imaginado.&nbsp;<\/p>\n\n\n\n<p class=\"wp-block-paragraph\">Lembre-se de que voc\u00ea n\u00e3o est\u00e1 sozinho em sua jornada; h\u00e1 recursos e comunidades dispon\u00edveis para apoi\u00e1-lo em cada passo do caminho. Com determina\u00e7\u00e3o e abertura, voc\u00ea pode encontrar luz mesmo nos momentos mais sombrios e emergir com uma f\u00e9 mais forte e resiliente.<\/p>\n\n\n\n<p class=\"wp-block-paragraph\"><strong>Voir aussi\u00a0: <a href=\"https:\/\/www.oracaoefe.com\/fr\/efeitos-beneficos-da-fe-comprovados-por-estudos-veja-mais\/\">Efeitos ben\u00e9ficos da f\u00e9 comprovados por estudos; veja mais<\/a><\/strong><\/p>\n\n\n\n<p class=\"wp-block-paragraph\">18 de fevereiro de 2024<\/p>","protected":false},"excerpt":{"rendered":"<p>Em nossa jornada pela vida, enfrentamos in\u00fameras situa\u00e7\u00f5es desafiadoras que testam nossa f\u00e9 e cren\u00e7as mais profundas. Seja diante de perdas, dificuldades financeiras, problemas de sa\u00fade ou mesmo crises existenciais, \u00e9 comum nos depararmos com momentos de d\u00favida e incerteza. Nessas horas, fortalecer nossa f\u00e9 pode se tornar um desafio, mas tamb\u00e9m uma oportunidade de&hellip;&nbsp;<\/p>","protected":false},"author":3,"featured_media":2587,"comment_status":"closed","ping_status":"closed","sticky":false,"template":"","format":"standard","meta":{"neve_meta_sidebar":"","neve_meta_container":"","neve_meta_enable_content_width":"","neve_meta_content_width":0,"neve_meta_title_alignment":"","neve_meta_author_avatar":"","neve_post_elements_order":"","neve_meta_disable_header":"","neve_meta_disable_footer":"","neve_meta_disable_title":"","footnotes":""},"categories":[3],"tags":[],"class_list":["post-2566","post","type-post","status-publish","format-standard","has-post-thumbnail","hentry","category-fe"],"yoast_head":"<!-- This site is optimized with the Yoast SEO plugin v28.4 - https:\/\/yoast.com\/product\/yoast-seo-wordpress\/ -->\n<title>Fortalecendo sua F\u00e9 em Tempos de D\u00favida: Entenda O Que Fazer - Ora\u00e7\u00e3o e F\u00e9<\/title>\n<meta name=\"description\" content=\"Deus tem pra voc\u00ea uma palavra de vida!\" \/>\n<meta name=\"robots\" content=\"index, follow, max-snippet:-1, max-image-preview:large, max-video-preview:-1\" \/>\n<link rel=\"canonical\" href=\"https:\/\/www.oracaoefe.com\/fr\/fortalecendo-sua-fe-em-tempos-de-duvida-entenda-o-que-fazer\/\" \/>\n<meta property=\"og:locale\" content=\"fr_FR\" \/>\n<meta property=\"og:type\" content=\"article\" \/>\n<meta property=\"og:title\" content=\"Fortalecendo sua F\u00e9 em Tempos de D\u00favida: Entenda O Que Fazer - Ora\u00e7\u00e3o e F\u00e9\" \/>\n<meta property=\"og:description\" content=\"Deus tem pra voc\u00ea uma palavra de vida!\" \/>\n<meta property=\"og:url\" content=\"https:\/\/www.oracaoefe.com\/fr\/fortalecendo-sua-fe-em-tempos-de-duvida-entenda-o-que-fazer\/\" \/>\n<meta property=\"og:site_name\" content=\"Ora\u00e7\u00e3o e F\u00e9\" \/>\n<meta property=\"article:published_time\" content=\"2024-02-18T23:06:08+00:00\" \/>\n<meta property=\"article:modified_time\" content=\"2024-02-18T23:07:00+00:00\" \/>\n<meta property=\"og:image\" content=\"https:\/\/www.oracaoefe.com\/wp-content\/uploads\/2024\/02\/image-1.png\" \/>\n\t<meta property=\"og:image:width\" content=\"1280\" \/>\n\t<meta property=\"og:image:height\" content=\"853\" \/>\n\t<meta property=\"og:image:type\" content=\"image\/png\" \/>\n<meta name=\"author\" content=\"Michele Azevedo\" \/>\n<meta name=\"twitter:card\" content=\"summary_large_image\" \/>\n<meta name=\"twitter:label1\" content=\"\u00c9crit par\" \/>\n\t<meta name=\"twitter:data1\" content=\"Michele Azevedo\" \/>\n\t<meta name=\"twitter:label2\" content=\"Dur\u00e9e de lecture estim\u00e9e\" \/>\n\t<meta name=\"twitter:data2\" content=\"4 minutes\" \/>\n<script type=\"application\/ld+json\" class=\"yoast-schema-graph\">{\"@context\":\"https:\\\/\\\/schema.org\",\"@graph\":[{\"@type\":\"Article\",\"@id\":\"https:\\\/\\\/www.oracaoefe.com\\\/fortalecendo-sua-fe-em-tempos-de-duvida-entenda-o-que-fazer\\\/#article\",\"isPartOf\":{\"@id\":\"https:\\\/\\\/www.oracaoefe.com\\\/fortalecendo-sua-fe-em-tempos-de-duvida-entenda-o-que-fazer\\\/\"},\"author\":{\"name\":\"Michele Azevedo\",\"@id\":\"https:\\\/\\\/www.oracaoefe.com\\\/#\\\/schema\\\/person\\\/17283c669442cf005c4d5bb58adfb7f5\"},\"headline\":\"Fortalecendo sua F\u00e9 em Tempos de D\u00favida: Entenda O Que Fazer\",\"datePublished\":\"2024-02-18T23:06:08+00:00\",\"dateModified\":\"2024-02-18T23:07:00+00:00\",\"mainEntityOfPage\":{\"@id\":\"https:\\\/\\\/www.oracaoefe.com\\\/fortalecendo-sua-fe-em-tempos-de-duvida-entenda-o-que-fazer\\\/\"},\"wordCount\":768,\"image\":{\"@id\":\"https:\\\/\\\/www.oracaoefe.com\\\/fortalecendo-sua-fe-em-tempos-de-duvida-entenda-o-que-fazer\\\/#primaryimage\"},\"thumbnailUrl\":\"https:\\\/\\\/www.oracaoefe.com\\\/wp-content\\\/uploads\\\/2024\\\/02\\\/image-1.png\",\"articleSection\":[\"F\u00e9\"],\"inLanguage\":\"fr-FR\"},{\"@type\":\"WebPage\",\"@id\":\"https:\\\/\\\/www.oracaoefe.com\\\/fortalecendo-sua-fe-em-tempos-de-duvida-entenda-o-que-fazer\\\/\",\"url\":\"https:\\\/\\\/www.oracaoefe.com\\\/fortalecendo-sua-fe-em-tempos-de-duvida-entenda-o-que-fazer\\\/\",\"name\":\"Fortalecendo sua F\u00e9 em Tempos de D\u00favida: Entenda O Que Fazer - Ora\u00e7\u00e3o e F\u00e9\",\"isPartOf\":{\"@id\":\"https:\\\/\\\/www.oracaoefe.com\\\/#website\"},\"primaryImageOfPage\":{\"@id\":\"https:\\\/\\\/www.oracaoefe.com\\\/fortalecendo-sua-fe-em-tempos-de-duvida-entenda-o-que-fazer\\\/#primaryimage\"},\"image\":{\"@id\":\"https:\\\/\\\/www.oracaoefe.com\\\/fortalecendo-sua-fe-em-tempos-de-duvida-entenda-o-que-fazer\\\/#primaryimage\"},\"thumbnailUrl\":\"https:\\\/\\\/www.oracaoefe.com\\\/wp-content\\\/uploads\\\/2024\\\/02\\\/image-1.png\",\"datePublished\":\"2024-02-18T23:06:08+00:00\",\"dateModified\":\"2024-02-18T23:07:00+00:00\",\"author\":{\"@id\":\"https:\\\/\\\/www.oracaoefe.com\\\/#\\\/schema\\\/person\\\/17283c669442cf005c4d5bb58adfb7f5\"},\"description\":\"Deus tem pra voc\u00ea uma palavra de vida!\",\"breadcrumb\":{\"@id\":\"https:\\\/\\\/www.oracaoefe.com\\\/fortalecendo-sua-fe-em-tempos-de-duvida-entenda-o-que-fazer\\\/#breadcrumb\"},\"inLanguage\":\"fr-FR\",\"potentialAction\":[{\"@type\":\"ReadAction\",\"target\":[\"https:\\\/\\\/www.oracaoefe.com\\\/fortalecendo-sua-fe-em-tempos-de-duvida-entenda-o-que-fazer\\\/\"]}]},{\"@type\":\"ImageObject\",\"inLanguage\":\"fr-FR\",\"@id\":\"https:\\\/\\\/www.oracaoefe.com\\\/fortalecendo-sua-fe-em-tempos-de-duvida-entenda-o-que-fazer\\\/#primaryimage\",\"url\":\"https:\\\/\\\/www.oracaoefe.com\\\/wp-content\\\/uploads\\\/2024\\\/02\\\/image-1.png\",\"contentUrl\":\"https:\\\/\\\/www.oracaoefe.com\\\/wp-content\\\/uploads\\\/2024\\\/02\\\/image-1.png\",\"width\":1280,\"height\":853},{\"@type\":\"BreadcrumbList\",\"@id\":\"https:\\\/\\\/www.oracaoefe.com\\\/fortalecendo-sua-fe-em-tempos-de-duvida-entenda-o-que-fazer\\\/#breadcrumb\",\"itemListElement\":[{\"@type\":\"ListItem\",\"position\":1,\"name\":\"Home\",\"item\":\"https:\\\/\\\/www.oracaoefe.com\\\/\"},{\"@type\":\"ListItem\",\"position\":2,\"name\":\"F\u00e9\",\"item\":\"https:\\\/\\\/www.oracaoefe.com\\\/es\\\/categoria\\\/fe\\\/\"},{\"@type\":\"ListItem\",\"position\":3,\"name\":\"Fortalecendo sua F\u00e9 em Tempos de D\u00favida: Entenda O Que Fazer\"}]},{\"@type\":\"WebSite\",\"@id\":\"https:\\\/\\\/www.oracaoefe.com\\\/#website\",\"url\":\"https:\\\/\\\/www.oracaoefe.com\\\/\",\"name\":\"Ora\u00e7\u00e3o e F\u00e9\",\"description\":\"\",\"potentialAction\":[{\"@type\":\"SearchAction\",\"target\":{\"@type\":\"EntryPoint\",\"urlTemplate\":\"https:\\\/\\\/www.oracaoefe.com\\\/?s={search_term_string}\"},\"query-input\":{\"@type\":\"PropertyValueSpecification\",\"valueRequired\":true,\"valueName\":\"search_term_string\"}}],\"inLanguage\":\"fr-FR\"},{\"@type\":\"Person\",\"@id\":\"https:\\\/\\\/www.oracaoefe.com\\\/#\\\/schema\\\/person\\\/17283c669442cf005c4d5bb58adfb7f5\",\"name\":\"Michele Azevedo\",\"image\":{\"@type\":\"ImageObject\",\"inLanguage\":\"fr-FR\",\"@id\":\"https:\\\/\\\/secure.gravatar.com\\\/avatar\\\/6b0eb9d22841282815e2cd856a0061c45e1761cd54b22e952d98c4746939aa85?s=96&d=mm&r=g\",\"url\":\"https:\\\/\\\/secure.gravatar.com\\\/avatar\\\/6b0eb9d22841282815e2cd856a0061c45e1761cd54b22e952d98c4746939aa85?s=96&d=mm&r=g\",\"contentUrl\":\"https:\\\/\\\/secure.gravatar.com\\\/avatar\\\/6b0eb9d22841282815e2cd856a0061c45e1761cd54b22e952d98c4746939aa85?s=96&d=mm&r=g\",\"caption\":\"Michele Azevedo\"},\"description\":\"Formada em Letras - Portugu\u00eas\\\/ Ingl\u00eas pela Universidade Estadual de Ponta Grossa (UEPG), p\u00f3s-graduada em Arte na Educa\u00e7\u00e3o (FAPI) e Psicopedagogia Escolar (FAPI), idealizadora e propriet\u00e1ria do site Escritora de Sucesso, possui experi\u00eancia em escrita para blogs em geral e atua como redatora e revisora dos conte\u00fados do Ora\u00e7\u00e3o e F\u00e9.\",\"url\":\"https:\\\/\\\/www.oracaoefe.com\\\/fr\\\/author\\\/michele-azevedo\\\/\"}]}<\/script>\n<!-- \/ Yoast SEO plugin. -->","yoast_head_json":{"title":"Fortalecendo sua F\u00e9 em Tempos de D\u00favida: Entenda O Que Fazer - Ora\u00e7\u00e3o e F\u00e9","description":"Dieu a une parole de vie pour vous !","robots":{"index":"index","follow":"follow","max-snippet":"max-snippet:-1","max-image-preview":"max-image-preview:large","max-video-preview":"max-video-preview:-1"},"canonical":"https:\/\/www.oracaoefe.com\/fr\/fortalecendo-sua-fe-em-tempos-de-duvida-entenda-o-que-fazer\/","og_locale":"fr_FR","og_type":"article","og_title":"Fortalecendo sua F\u00e9 em Tempos de D\u00favida: Entenda O Que Fazer - Ora\u00e7\u00e3o e F\u00e9","og_description":"Deus tem pra voc\u00ea uma palavra de vida!","og_url":"https:\/\/www.oracaoefe.com\/fr\/fortalecendo-sua-fe-em-tempos-de-duvida-entenda-o-que-fazer\/","og_site_name":"Ora\u00e7\u00e3o e F\u00e9","article_published_time":"2024-02-18T23:06:08+00:00","article_modified_time":"2024-02-18T23:07:00+00:00","og_image":[{"width":1280,"height":853,"url":"https:\/\/www.oracaoefe.com\/wp-content\/uploads\/2024\/02\/image-1.png","type":"image\/png"}],"author":"Michele Azevedo","twitter_card":"summary_large_image","twitter_misc":{"\u00c9crit par":"Michele Azevedo","Dur\u00e9e de lecture estim\u00e9e":"4 minutes"},"schema":{"@context":"https:\/\/schema.org","@graph":[{"@type":"Article","@id":"https:\/\/www.oracaoefe.com\/fortalecendo-sua-fe-em-tempos-de-duvida-entenda-o-que-fazer\/#article","isPartOf":{"@id":"https:\/\/www.oracaoefe.com\/fortalecendo-sua-fe-em-tempos-de-duvida-entenda-o-que-fazer\/"},"author":{"name":"Michele Azevedo","@id":"https:\/\/www.oracaoefe.com\/#\/schema\/person\/17283c669442cf005c4d5bb58adfb7f5"},"headline":"Fortalecendo sua F\u00e9 em Tempos de D\u00favida: Entenda O Que Fazer","datePublished":"2024-02-18T23:06:08+00:00","dateModified":"2024-02-18T23:07:00+00:00","mainEntityOfPage":{"@id":"https:\/\/www.oracaoefe.com\/fortalecendo-sua-fe-em-tempos-de-duvida-entenda-o-que-fazer\/"},"wordCount":768,"image":{"@id":"https:\/\/www.oracaoefe.com\/fortalecendo-sua-fe-em-tempos-de-duvida-entenda-o-que-fazer\/#primaryimage"},"thumbnailUrl":"https:\/\/www.oracaoefe.com\/wp-content\/uploads\/2024\/02\/image-1.png","articleSection":["F\u00e9"],"inLanguage":"fr-FR"},{"@type":"WebPage","@id":"https:\/\/www.oracaoefe.com\/fortalecendo-sua-fe-em-tempos-de-duvida-entenda-o-que-fazer\/","url":"https:\/\/www.oracaoefe.com\/fortalecendo-sua-fe-em-tempos-de-duvida-entenda-o-que-fazer\/","name":"Fortalecendo sua F\u00e9 em Tempos de D\u00favida: Entenda O Que Fazer - Ora\u00e7\u00e3o e F\u00e9","isPartOf":{"@id":"https:\/\/www.oracaoefe.com\/#website"},"primaryImageOfPage":{"@id":"https:\/\/www.oracaoefe.com\/fortalecendo-sua-fe-em-tempos-de-duvida-entenda-o-que-fazer\/#primaryimage"},"image":{"@id":"https:\/\/www.oracaoefe.com\/fortalecendo-sua-fe-em-tempos-de-duvida-entenda-o-que-fazer\/#primaryimage"},"thumbnailUrl":"https:\/\/www.oracaoefe.com\/wp-content\/uploads\/2024\/02\/image-1.png","datePublished":"2024-02-18T23:06:08+00:00","dateModified":"2024-02-18T23:07:00+00:00","author":{"@id":"https:\/\/www.oracaoefe.com\/#\/schema\/person\/17283c669442cf005c4d5bb58adfb7f5"},"description":"Dieu a une parole de vie pour vous !","breadcrumb":{"@id":"https:\/\/www.oracaoefe.com\/fortalecendo-sua-fe-em-tempos-de-duvida-entenda-o-que-fazer\/#breadcrumb"},"inLanguage":"fr-FR","potentialAction":[{"@type":"ReadAction","target":["https:\/\/www.oracaoefe.com\/fortalecendo-sua-fe-em-tempos-de-duvida-entenda-o-que-fazer\/"]}]},{"@type":"ImageObject","inLanguage":"fr-FR","@id":"https:\/\/www.oracaoefe.com\/fortalecendo-sua-fe-em-tempos-de-duvida-entenda-o-que-fazer\/#primaryimage","url":"https:\/\/www.oracaoefe.com\/wp-content\/uploads\/2024\/02\/image-1.png","contentUrl":"https:\/\/www.oracaoefe.com\/wp-content\/uploads\/2024\/02\/image-1.png","width":1280,"height":853},{"@type":"BreadcrumbList","@id":"https:\/\/www.oracaoefe.com\/fortalecendo-sua-fe-em-tempos-de-duvida-entenda-o-que-fazer\/#breadcrumb","itemListElement":[{"@type":"ListItem","position":1,"name":"Home","item":"https:\/\/www.oracaoefe.com\/"},{"@type":"ListItem","position":2,"name":"F\u00e9","item":"https:\/\/www.oracaoefe.com\/es\/categoria\/fe\/"},{"@type":"ListItem","position":3,"name":"Fortalecendo sua F\u00e9 em Tempos de D\u00favida: Entenda O Que Fazer"}]},{"@type":"WebSite","@id":"https:\/\/www.oracaoefe.com\/#website","url":"https:\/\/www.oracaoefe.com\/","name":"Pri\u00e8re et foi","description":"","potentialAction":[{"@type":"SearchAction","target":{"@type":"EntryPoint","urlTemplate":"https:\/\/www.oracaoefe.com\/?s={search_term_string}"},"query-input":{"@type":"PropertyValueSpecification","valueRequired":true,"valueName":"search_term_string"}}],"inLanguage":"fr-FR"},{"@type":"Person","@id":"https:\/\/www.oracaoefe.com\/#\/schema\/person\/17283c669442cf005c4d5bb58adfb7f5","name":"Michele Azevedo","image":{"@type":"ImageObject","inLanguage":"fr-FR","@id":"https:\/\/secure.gravatar.com\/avatar\/6b0eb9d22841282815e2cd856a0061c45e1761cd54b22e952d98c4746939aa85?s=96&d=mm&r=g","url":"https:\/\/secure.gravatar.com\/avatar\/6b0eb9d22841282815e2cd856a0061c45e1761cd54b22e952d98c4746939aa85?s=96&d=mm&r=g","contentUrl":"https:\/\/secure.gravatar.com\/avatar\/6b0eb9d22841282815e2cd856a0061c45e1761cd54b22e952d98c4746939aa85?s=96&d=mm&r=g","caption":"Michele Azevedo"},"description":"Dipl\u00f4m\u00e9e en litt\u00e9rature portugaise\/anglaise de l&#039;Universit\u00e9 d&#039;\u00c9tat de Ponta Grossa (UEPG), avec des dipl\u00f4mes de troisi\u00e8me cycle en art dans l&#039;\u00e9ducation (FAPI) et en psychop\u00e9dagogie scolaire (FAPI), elle est la cr\u00e9atrice et propri\u00e9taire du site web Escritora de Sucesso, a de l&#039;exp\u00e9rience dans l&#039;\u00e9criture pour les blogs en g\u00e9n\u00e9ral et travaille comme r\u00e9dactrice et \u00e9ditrice du contenu pour Ora\u00e7\u00e3o e F\u00e9.","url":"https:\/\/www.oracaoefe.com\/fr\/author\/michele-azevedo\/"}]}},"_links":{"self":[{"href":"https:\/\/www.oracaoefe.com\/fr\/wp-json\/wp\/v2\/posts\/2566","targetHints":{"allow":["GET"]}}],"collection":[{"href":"https:\/\/www.oracaoefe.com\/fr\/wp-json\/wp\/v2\/posts"}],"about":[{"href":"https:\/\/www.oracaoefe.com\/fr\/wp-json\/wp\/v2\/types\/post"}],"author":[{"embeddable":true,"href":"https:\/\/www.oracaoefe.com\/fr\/wp-json\/wp\/v2\/users\/3"}],"replies":[{"embeddable":true,"href":"https:\/\/www.oracaoefe.com\/fr\/wp-json\/wp\/v2\/comments?post=2566"}],"version-history":[{"count":2,"href":"https:\/\/www.oracaoefe.com\/fr\/wp-json\/wp\/v2\/posts\/2566\/revisions"}],"predecessor-version":[{"id":2588,"href":"https:\/\/www.oracaoefe.com\/fr\/wp-json\/wp\/v2\/posts\/2566\/revisions\/2588"}],"wp:featuredmedia":[{"embeddable":true,"href":"https:\/\/www.oracaoefe.com\/fr\/wp-json\/wp\/v2\/media\/2587"}],"wp:attachment":[{"href":"https:\/\/www.oracaoefe.com\/fr\/wp-json\/wp\/v2\/media?parent=2566"}],"wp:term":[{"taxonomy":"category","embeddable":true,"href":"https:\/\/www.oracaoefe.com\/fr\/wp-json\/wp\/v2\/categories?post=2566"},{"taxonomy":"post_tag","embeddable":true,"href":"https:\/\/www.oracaoefe.com\/fr\/wp-json\/wp\/v2\/tags?post=2566"}],"curies":[{"name":"wp","href":"https:\/\/api.w.org\/{rel}","templated":true}]}}