{"id":2563,"date":"2024-02-16T13:16:09","date_gmt":"2024-02-16T16:16:09","guid":{"rendered":"https:\/\/www.oracaoefe.com\/?p=2563"},"modified":"2024-02-16T13:16:10","modified_gmt":"2024-02-16T16:16:10","slug":"efeitos-beneficos-da-fe-comprovados-por-estudos-veja-mais","status":"publish","type":"post","link":"https:\/\/www.oracaoefe.com\/fr\/efeitos-beneficos-da-fe-comprovados-por-estudos-veja-mais\/","title":{"rendered":"Efeitos ben\u00e9ficos da f\u00e9 comprovados por estudos; veja mais"},"content":{"rendered":"<p class=\"wp-block-paragraph\">A f\u00e9 e a espiritualidade t\u00eam sido aspectos fundamentais da experi\u00eancia humana ao longo da hist\u00f3ria, oferecendo conforto, prop\u00f3sito e um senso de comunidade para muitas pessoas. Nos \u00faltimos anos, a ci\u00eancia come\u00e7ou a explorar mais profundamente como essas cren\u00e7as podem afetar nossa sa\u00fade f\u00edsica e mental.&nbsp;<\/p>\n\n\n\n<h2 class=\"wp-block-heading\">Efeitos ben\u00e9ficos da f\u00e9 comprovados por estudos<\/h2>\n\n\n\n<p class=\"wp-block-paragraph\">A f\u00e9, em suas diversas manifesta\u00e7\u00f5es, sempre teve um papel central na experi\u00eancia humana, influenciando n\u00e3o apenas nossas tradi\u00e7\u00f5es culturais e sociais, mas tamb\u00e9m nossa sa\u00fade e bem-estar. Em um mundo cada vez mais guiado pela ci\u00eancia e pela tecnologia, a investiga\u00e7\u00e3o sobre os impactos tang\u00edveis da f\u00e9 na vida das pessoas ganhou novo f\u00f4lego.&nbsp;<\/p>\n\n\n\n<p class=\"wp-block-paragraph\">Estudos cient\u00edficos t\u00eam come\u00e7ado a desvendar como a cren\u00e7a e a pr\u00e1tica espiritual podem contribuir significativamente para a melhoria da sa\u00fade mental e f\u00edsica, oferecendo insights fascinantes sobre a intersec\u00e7\u00e3o entre corpo, mente e esp\u00edrito.<\/p>\n\n\n\n<h3 class=\"wp-block-heading\">Sa\u00fade Mental e Emocional<\/h3>\n\n\n\n<p class=\"wp-block-paragraph\">Um dos campos mais estudados em rela\u00e7\u00e3o aos efeitos da f\u00e9 \u00e9 o da sa\u00fade mental. Estudos t\u00eam demonstrado consistentemente que a f\u00e9 e a pr\u00e1tica espiritual podem contribuir significativamente para a redu\u00e7\u00e3o de estresse, ansiedade e depress\u00e3o. Por exemplo, uma pesquisa publicada no Journal of Clinical Psychology encontrou que pessoas com cren\u00e7as espirituais fortes tendem a ter menos sintomas de depress\u00e3o e ansiedade, al\u00e9m de uma melhor capacidade de lidar com o estresse di\u00e1rio.<\/p>\n\n\n\n<figure class=\"wp-block-image size-large\"><img loading=\"lazy\" decoding=\"async\" width=\"1024\" height=\"682\" src=\"https:\/\/www.oracaoefe.com\/wp-content\/uploads\/2024\/02\/image-1024x682.png\" alt=\"\" class=\"wp-image-2564\" srcset=\"https:\/\/www.oracaoefe.com\/wp-content\/uploads\/2024\/02\/image-1024x682.png 1024w, https:\/\/www.oracaoefe.com\/wp-content\/uploads\/2024\/02\/image-300x200.png 300w, https:\/\/www.oracaoefe.com\/wp-content\/uploads\/2024\/02\/image-768x512.png 768w, https:\/\/www.oracaoefe.com\/wp-content\/uploads\/2024\/02\/image-18x12.png 18w, https:\/\/www.oracaoefe.com\/wp-content\/uploads\/2024\/02\/image.png 1280w\" sizes=\"auto, (max-width: 1024px) 100vw, 1024px\" \/><\/figure>\n\n\n\n<p class=\"wp-block-paragraph\">Outro estudo, divulgado no American Journal of Psychiatry, observou que pacientes que se engajavam em pr\u00e1ticas religiosas ou espirituais apresentavam uma recupera\u00e7\u00e3o mais r\u00e1pida de epis\u00f3dios depressivos severos. Os pesquisadores sugerem que a f\u00e9 pode oferecer um senso de esperan\u00e7a e um prop\u00f3sito maior, o que \u00e9 crucial na luta contra a depress\u00e3o.<\/p>\n\n\n\n<h3 class=\"wp-block-heading\">Sa\u00fade F\u00edsica<\/h3>\n\n\n\n<p class=\"wp-block-paragraph\">A influ\u00eancia da f\u00e9 n\u00e3o se limita \u00e0 sa\u00fade mental; ela tamb\u00e9m pode ter efeitos tang\u00edveis na sa\u00fade f\u00edsica. Uma pesquisa publicada no International Journal of Psychophysiology mostrou que a ora\u00e7\u00e3o e a medita\u00e7\u00e3o podem reduzir o estresse e melhorar o funcionamento do sistema imunol\u00f3gico.&nbsp;<\/p>\n\n\n\n<p class=\"wp-block-paragraph\">Al\u00e9m disso, um estudo da Harvard T.H. Chan School of Public Health encontrou uma correla\u00e7\u00e3o entre a frequ\u00eancia \u00e0s cerim\u00f4nias religiosas e uma redu\u00e7\u00e3o na mortalidade, sugerindo que a participa\u00e7\u00e3o em comunidades de f\u00e9 pode ter um impacto direto na longevidade.<\/p>\n\n\n\n<p class=\"wp-block-paragraph\">Outros estudos apontam para a influ\u00eancia positiva da f\u00e9 na recupera\u00e7\u00e3o de doen\u00e7as. Pacientes que se apoiam em suas cren\u00e7as espirituais durante tratamentos m\u00e9dicos muitas vezes reportam melhores resultados, incluindo menor tempo de hospitaliza\u00e7\u00e3o e uma recupera\u00e7\u00e3o mais r\u00e1pida. Esses benef\u00edcios s\u00e3o atribu\u00eddos a uma combina\u00e7\u00e3o de suporte comunit\u00e1rio, otimismo e a pr\u00e1tica de h\u00e1bitos de vida mais saud\u00e1veis, frequentemente promovidos por comunidades religiosas.<\/p>\n\n\n\n<h3 class=\"wp-block-heading\">Resili\u00eancia e Recupera\u00e7\u00e3o<\/h3>\n\n\n\n<p class=\"wp-block-paragraph\">A f\u00e9 tamb\u00e9m desempenha um papel crucial na resili\u00eancia, ajudando as pessoas a enfrentarem adversidades e traumas. Um estudo do Journal of Clinical Psychology examinou sobreviventes de cat\u00e1strofes naturais e encontrou que aqueles com fortes cren\u00e7as espirituais se recuperavam mais rapidamente, tanto emocional quanto fisicamente.&nbsp;<\/p>\n\n\n\n<p class=\"wp-block-paragraph\">Essa resili\u00eancia \u00e9 frequentemente atribu\u00edda \u00e0 capacidade da f\u00e9 de oferecer significado e prop\u00f3sito mesmo nas situa\u00e7\u00f5es mais dif\u00edceis.<\/p>\n\n\n\n<h3 class=\"wp-block-heading\">Conex\u00e3o Social e Suporte Comunit\u00e1rio<\/h3>\n\n\n\n<p class=\"wp-block-paragraph\">Al\u00e9m dos benef\u00edcios individuais, a f\u00e9 frequentemente promove uma forte sensa\u00e7\u00e3o de comunidade e pertencimento. Participar de atividades religiosas ou espirituais permite que as pessoas se conectem umas com as outras, compartilhando experi\u00eancias, oferecendo suporte e criando redes de apoio social. Essas conex\u00f5es podem ser particularmente valiosas em tempos de crise ou doen\u00e7a, oferecendo uma fonte adicional de for\u00e7a e conforto.<\/p>\n\n\n\n<h2 class=\"wp-block-heading\">F\u00e9 \u00e9 sa\u00fade<\/h2>\n\n\n\n<p class=\"wp-block-paragraph\">Os estudos sobre os efeitos ben\u00e9ficos da f\u00e9 na sa\u00fade f\u00edsica e mental s\u00e3o vastos e abrangentes, apontando para a complexa intera\u00e7\u00e3o entre corpo, mente e esp\u00edrito. Embora a f\u00e9 n\u00e3o substitua a necessidade de cuidados m\u00e9dicos convencionais, ela pode complement\u00e1-los de maneiras significativas, oferecendo suporte emocional, mental e at\u00e9 f\u00edsico.<\/p>\n\n\n\n<p class=\"wp-block-paragraph\">\u00c9 importante reconhecer que a experi\u00eancia da f\u00e9 \u00e9 profundamente pessoal e pode variar enormemente de pessoa para pessoa. Contudo, os estudos destacam um ponto comum: a f\u00e9, em suas muitas formas, tem o potencial de enriquecer nossas vidas, promover nossa sa\u00fade e nos ajudar a enfrentar os desafios com maior resili\u00eancia. \u00c0 medida que a ci\u00eancia continua a explorar essa conex\u00e3o, talvez possamos aprender ainda mais sobre como cultivar esses benef\u00edcios em nossa pr\u00f3pria vida.<\/p>\n\n\n\n<p class=\"wp-block-paragraph\"><strong>Voir aussi\u00a0: <a href=\"https:\/\/www.oracaoefe.com\/fr\/saiba-o-que-distingue-o-cristianismo-de-catolicismo\/\">Saiba o que distingue o Cristianismo de Catolicismo<\/a><\/strong><\/p>\n\n\n\n<p class=\"wp-block-paragraph\">16 de fevereiro de 2024<\/p>","protected":false},"excerpt":{"rendered":"<p>A f\u00e9 e a espiritualidade t\u00eam sido aspectos fundamentais da experi\u00eancia humana ao longo da hist\u00f3ria, oferecendo conforto, prop\u00f3sito e um senso de comunidade para muitas pessoas. Nos \u00faltimos anos, a ci\u00eancia come\u00e7ou a explorar mais profundamente como essas cren\u00e7as podem afetar nossa sa\u00fade f\u00edsica e mental.&nbsp; Efeitos ben\u00e9ficos da f\u00e9 comprovados por estudos A&hellip;&nbsp;<\/p>","protected":false},"author":3,"featured_media":2564,"comment_status":"closed","ping_status":"closed","sticky":false,"template":"","format":"standard","meta":{"neve_meta_sidebar":"","neve_meta_container":"","neve_meta_enable_content_width":"","neve_meta_content_width":0,"neve_meta_title_alignment":"","neve_meta_author_avatar":"","neve_post_elements_order":"","neve_meta_disable_header":"","neve_meta_disable_footer":"","neve_meta_disable_title":"","footnotes":""},"categories":[3],"tags":[],"class_list":["post-2563","post","type-post","status-publish","format-standard","has-post-thumbnail","hentry","category-fe"],"yoast_head":"<!-- This site is optimized with the Yoast SEO plugin v28.4 - https:\/\/yoast.com\/product\/yoast-seo-wordpress\/ -->\n<title>Efeitos ben\u00e9ficos da f\u00e9 comprovados por estudos; veja mais - Ora\u00e7\u00e3o e F\u00e9<\/title>\n<meta name=\"description\" content=\"Deus tem pra voc\u00ea uma palavra de vida!\" \/>\n<meta name=\"robots\" content=\"index, follow, max-snippet:-1, max-image-preview:large, max-video-preview:-1\" \/>\n<link rel=\"canonical\" href=\"https:\/\/www.oracaoefe.com\/fr\/efeitos-beneficos-da-fe-comprovados-por-estudos-veja-mais\/\" \/>\n<meta property=\"og:locale\" content=\"fr_FR\" \/>\n<meta property=\"og:type\" content=\"article\" \/>\n<meta property=\"og:title\" content=\"Efeitos ben\u00e9ficos da f\u00e9 comprovados por estudos; veja mais - Ora\u00e7\u00e3o e F\u00e9\" \/>\n<meta property=\"og:description\" content=\"Deus tem pra voc\u00ea uma palavra de vida!\" \/>\n<meta property=\"og:url\" content=\"https:\/\/www.oracaoefe.com\/fr\/efeitos-beneficos-da-fe-comprovados-por-estudos-veja-mais\/\" \/>\n<meta property=\"og:site_name\" content=\"Ora\u00e7\u00e3o e F\u00e9\" \/>\n<meta property=\"article:published_time\" content=\"2024-02-16T16:16:09+00:00\" \/>\n<meta property=\"article:modified_time\" content=\"2024-02-16T16:16:10+00:00\" \/>\n<meta property=\"og:image\" content=\"https:\/\/www.oracaoefe.com\/wp-content\/uploads\/2024\/02\/image-1024x682.png\" \/>\n\t<meta property=\"og:image:width\" content=\"1024\" \/>\n\t<meta property=\"og:image:height\" content=\"682\" \/>\n\t<meta property=\"og:image:type\" content=\"image\/png\" \/>\n<meta name=\"author\" content=\"Michele Azevedo\" \/>\n<meta name=\"twitter:card\" content=\"summary_large_image\" \/>\n<meta name=\"twitter:label1\" content=\"\u00c9crit par\" \/>\n\t<meta name=\"twitter:data1\" content=\"Michele Azevedo\" \/>\n\t<meta name=\"twitter:label2\" content=\"Dur\u00e9e de lecture estim\u00e9e\" \/>\n\t<meta name=\"twitter:data2\" content=\"4 minutes\" \/>\n<script type=\"application\/ld+json\" class=\"yoast-schema-graph\">{\"@context\":\"https:\\\/\\\/schema.org\",\"@graph\":[{\"@type\":\"Article\",\"@id\":\"https:\\\/\\\/www.oracaoefe.com\\\/efeitos-beneficos-da-fe-comprovados-por-estudos-veja-mais\\\/#article\",\"isPartOf\":{\"@id\":\"https:\\\/\\\/www.oracaoefe.com\\\/efeitos-beneficos-da-fe-comprovados-por-estudos-veja-mais\\\/\"},\"author\":{\"name\":\"Michele Azevedo\",\"@id\":\"https:\\\/\\\/www.oracaoefe.com\\\/#\\\/schema\\\/person\\\/17283c669442cf005c4d5bb58adfb7f5\"},\"headline\":\"Efeitos ben\u00e9ficos da f\u00e9 comprovados por estudos; veja mais\",\"datePublished\":\"2024-02-16T16:16:09+00:00\",\"dateModified\":\"2024-02-16T16:16:10+00:00\",\"mainEntityOfPage\":{\"@id\":\"https:\\\/\\\/www.oracaoefe.com\\\/efeitos-beneficos-da-fe-comprovados-por-estudos-veja-mais\\\/\"},\"wordCount\":830,\"image\":{\"@id\":\"https:\\\/\\\/www.oracaoefe.com\\\/efeitos-beneficos-da-fe-comprovados-por-estudos-veja-mais\\\/#primaryimage\"},\"thumbnailUrl\":\"https:\\\/\\\/www.oracaoefe.com\\\/wp-content\\\/uploads\\\/2024\\\/02\\\/image.png\",\"articleSection\":[\"F\u00e9\"],\"inLanguage\":\"fr-FR\"},{\"@type\":\"WebPage\",\"@id\":\"https:\\\/\\\/www.oracaoefe.com\\\/efeitos-beneficos-da-fe-comprovados-por-estudos-veja-mais\\\/\",\"url\":\"https:\\\/\\\/www.oracaoefe.com\\\/efeitos-beneficos-da-fe-comprovados-por-estudos-veja-mais\\\/\",\"name\":\"Efeitos ben\u00e9ficos da f\u00e9 comprovados por estudos; veja mais - Ora\u00e7\u00e3o e F\u00e9\",\"isPartOf\":{\"@id\":\"https:\\\/\\\/www.oracaoefe.com\\\/#website\"},\"primaryImageOfPage\":{\"@id\":\"https:\\\/\\\/www.oracaoefe.com\\\/efeitos-beneficos-da-fe-comprovados-por-estudos-veja-mais\\\/#primaryimage\"},\"image\":{\"@id\":\"https:\\\/\\\/www.oracaoefe.com\\\/efeitos-beneficos-da-fe-comprovados-por-estudos-veja-mais\\\/#primaryimage\"},\"thumbnailUrl\":\"https:\\\/\\\/www.oracaoefe.com\\\/wp-content\\\/uploads\\\/2024\\\/02\\\/image.png\",\"datePublished\":\"2024-02-16T16:16:09+00:00\",\"dateModified\":\"2024-02-16T16:16:10+00:00\",\"author\":{\"@id\":\"https:\\\/\\\/www.oracaoefe.com\\\/#\\\/schema\\\/person\\\/17283c669442cf005c4d5bb58adfb7f5\"},\"description\":\"Deus tem pra voc\u00ea uma palavra de vida!\",\"breadcrumb\":{\"@id\":\"https:\\\/\\\/www.oracaoefe.com\\\/efeitos-beneficos-da-fe-comprovados-por-estudos-veja-mais\\\/#breadcrumb\"},\"inLanguage\":\"fr-FR\",\"potentialAction\":[{\"@type\":\"ReadAction\",\"target\":[\"https:\\\/\\\/www.oracaoefe.com\\\/efeitos-beneficos-da-fe-comprovados-por-estudos-veja-mais\\\/\"]}]},{\"@type\":\"ImageObject\",\"inLanguage\":\"fr-FR\",\"@id\":\"https:\\\/\\\/www.oracaoefe.com\\\/efeitos-beneficos-da-fe-comprovados-por-estudos-veja-mais\\\/#primaryimage\",\"url\":\"https:\\\/\\\/www.oracaoefe.com\\\/wp-content\\\/uploads\\\/2024\\\/02\\\/image.png\",\"contentUrl\":\"https:\\\/\\\/www.oracaoefe.com\\\/wp-content\\\/uploads\\\/2024\\\/02\\\/image.png\",\"width\":1280,\"height\":853},{\"@type\":\"BreadcrumbList\",\"@id\":\"https:\\\/\\\/www.oracaoefe.com\\\/efeitos-beneficos-da-fe-comprovados-por-estudos-veja-mais\\\/#breadcrumb\",\"itemListElement\":[{\"@type\":\"ListItem\",\"position\":1,\"name\":\"Home\",\"item\":\"https:\\\/\\\/www.oracaoefe.com\\\/\"},{\"@type\":\"ListItem\",\"position\":2,\"name\":\"F\u00e9\",\"item\":\"https:\\\/\\\/www.oracaoefe.com\\\/es\\\/categoria\\\/fe\\\/\"},{\"@type\":\"ListItem\",\"position\":3,\"name\":\"Efeitos ben\u00e9ficos da f\u00e9 comprovados por estudos; veja mais\"}]},{\"@type\":\"WebSite\",\"@id\":\"https:\\\/\\\/www.oracaoefe.com\\\/#website\",\"url\":\"https:\\\/\\\/www.oracaoefe.com\\\/\",\"name\":\"Ora\u00e7\u00e3o e F\u00e9\",\"description\":\"\",\"potentialAction\":[{\"@type\":\"SearchAction\",\"target\":{\"@type\":\"EntryPoint\",\"urlTemplate\":\"https:\\\/\\\/www.oracaoefe.com\\\/?s={search_term_string}\"},\"query-input\":{\"@type\":\"PropertyValueSpecification\",\"valueRequired\":true,\"valueName\":\"search_term_string\"}}],\"inLanguage\":\"fr-FR\"},{\"@type\":\"Person\",\"@id\":\"https:\\\/\\\/www.oracaoefe.com\\\/#\\\/schema\\\/person\\\/17283c669442cf005c4d5bb58adfb7f5\",\"name\":\"Michele Azevedo\",\"image\":{\"@type\":\"ImageObject\",\"inLanguage\":\"fr-FR\",\"@id\":\"https:\\\/\\\/secure.gravatar.com\\\/avatar\\\/6b0eb9d22841282815e2cd856a0061c45e1761cd54b22e952d98c4746939aa85?s=96&d=mm&r=g\",\"url\":\"https:\\\/\\\/secure.gravatar.com\\\/avatar\\\/6b0eb9d22841282815e2cd856a0061c45e1761cd54b22e952d98c4746939aa85?s=96&d=mm&r=g\",\"contentUrl\":\"https:\\\/\\\/secure.gravatar.com\\\/avatar\\\/6b0eb9d22841282815e2cd856a0061c45e1761cd54b22e952d98c4746939aa85?s=96&d=mm&r=g\",\"caption\":\"Michele Azevedo\"},\"description\":\"Formada em Letras - Portugu\u00eas\\\/ Ingl\u00eas pela Universidade Estadual de Ponta Grossa (UEPG), p\u00f3s-graduada em Arte na Educa\u00e7\u00e3o (FAPI) e Psicopedagogia Escolar (FAPI), idealizadora e propriet\u00e1ria do site Escritora de Sucesso, possui experi\u00eancia em escrita para blogs em geral e atua como redatora e revisora dos conte\u00fados do Ora\u00e7\u00e3o e F\u00e9.\",\"url\":\"https:\\\/\\\/www.oracaoefe.com\\\/fr\\\/author\\\/michele-azevedo\\\/\"}]}<\/script>\n<!-- \/ Yoast SEO plugin. -->","yoast_head_json":{"title":"Efeitos ben\u00e9ficos da f\u00e9 comprovados por estudos; veja mais - Ora\u00e7\u00e3o e F\u00e9","description":"Dieu a une parole de vie pour vous !","robots":{"index":"index","follow":"follow","max-snippet":"max-snippet:-1","max-image-preview":"max-image-preview:large","max-video-preview":"max-video-preview:-1"},"canonical":"https:\/\/www.oracaoefe.com\/fr\/efeitos-beneficos-da-fe-comprovados-por-estudos-veja-mais\/","og_locale":"fr_FR","og_type":"article","og_title":"Efeitos ben\u00e9ficos da f\u00e9 comprovados por estudos; veja mais - Ora\u00e7\u00e3o e F\u00e9","og_description":"Deus tem pra voc\u00ea uma palavra de vida!","og_url":"https:\/\/www.oracaoefe.com\/fr\/efeitos-beneficos-da-fe-comprovados-por-estudos-veja-mais\/","og_site_name":"Ora\u00e7\u00e3o e F\u00e9","article_published_time":"2024-02-16T16:16:09+00:00","article_modified_time":"2024-02-16T16:16:10+00:00","og_image":[{"width":1024,"height":682,"url":"https:\/\/www.oracaoefe.com\/wp-content\/uploads\/2024\/02\/image-1024x682.png","type":"image\/png"}],"author":"Michele Azevedo","twitter_card":"summary_large_image","twitter_misc":{"\u00c9crit par":"Michele Azevedo","Dur\u00e9e de lecture estim\u00e9e":"4 minutes"},"schema":{"@context":"https:\/\/schema.org","@graph":[{"@type":"Article","@id":"https:\/\/www.oracaoefe.com\/efeitos-beneficos-da-fe-comprovados-por-estudos-veja-mais\/#article","isPartOf":{"@id":"https:\/\/www.oracaoefe.com\/efeitos-beneficos-da-fe-comprovados-por-estudos-veja-mais\/"},"author":{"name":"Michele Azevedo","@id":"https:\/\/www.oracaoefe.com\/#\/schema\/person\/17283c669442cf005c4d5bb58adfb7f5"},"headline":"Efeitos ben\u00e9ficos da f\u00e9 comprovados por estudos; veja mais","datePublished":"2024-02-16T16:16:09+00:00","dateModified":"2024-02-16T16:16:10+00:00","mainEntityOfPage":{"@id":"https:\/\/www.oracaoefe.com\/efeitos-beneficos-da-fe-comprovados-por-estudos-veja-mais\/"},"wordCount":830,"image":{"@id":"https:\/\/www.oracaoefe.com\/efeitos-beneficos-da-fe-comprovados-por-estudos-veja-mais\/#primaryimage"},"thumbnailUrl":"https:\/\/www.oracaoefe.com\/wp-content\/uploads\/2024\/02\/image.png","articleSection":["F\u00e9"],"inLanguage":"fr-FR"},{"@type":"WebPage","@id":"https:\/\/www.oracaoefe.com\/efeitos-beneficos-da-fe-comprovados-por-estudos-veja-mais\/","url":"https:\/\/www.oracaoefe.com\/efeitos-beneficos-da-fe-comprovados-por-estudos-veja-mais\/","name":"Efeitos ben\u00e9ficos da f\u00e9 comprovados por estudos; veja mais - Ora\u00e7\u00e3o e F\u00e9","isPartOf":{"@id":"https:\/\/www.oracaoefe.com\/#website"},"primaryImageOfPage":{"@id":"https:\/\/www.oracaoefe.com\/efeitos-beneficos-da-fe-comprovados-por-estudos-veja-mais\/#primaryimage"},"image":{"@id":"https:\/\/www.oracaoefe.com\/efeitos-beneficos-da-fe-comprovados-por-estudos-veja-mais\/#primaryimage"},"thumbnailUrl":"https:\/\/www.oracaoefe.com\/wp-content\/uploads\/2024\/02\/image.png","datePublished":"2024-02-16T16:16:09+00:00","dateModified":"2024-02-16T16:16:10+00:00","author":{"@id":"https:\/\/www.oracaoefe.com\/#\/schema\/person\/17283c669442cf005c4d5bb58adfb7f5"},"description":"Dieu a une parole de vie pour vous !","breadcrumb":{"@id":"https:\/\/www.oracaoefe.com\/efeitos-beneficos-da-fe-comprovados-por-estudos-veja-mais\/#breadcrumb"},"inLanguage":"fr-FR","potentialAction":[{"@type":"ReadAction","target":["https:\/\/www.oracaoefe.com\/efeitos-beneficos-da-fe-comprovados-por-estudos-veja-mais\/"]}]},{"@type":"ImageObject","inLanguage":"fr-FR","@id":"https:\/\/www.oracaoefe.com\/efeitos-beneficos-da-fe-comprovados-por-estudos-veja-mais\/#primaryimage","url":"https:\/\/www.oracaoefe.com\/wp-content\/uploads\/2024\/02\/image.png","contentUrl":"https:\/\/www.oracaoefe.com\/wp-content\/uploads\/2024\/02\/image.png","width":1280,"height":853},{"@type":"BreadcrumbList","@id":"https:\/\/www.oracaoefe.com\/efeitos-beneficos-da-fe-comprovados-por-estudos-veja-mais\/#breadcrumb","itemListElement":[{"@type":"ListItem","position":1,"name":"Home","item":"https:\/\/www.oracaoefe.com\/"},{"@type":"ListItem","position":2,"name":"F\u00e9","item":"https:\/\/www.oracaoefe.com\/es\/categoria\/fe\/"},{"@type":"ListItem","position":3,"name":"Efeitos ben\u00e9ficos da f\u00e9 comprovados por estudos; veja mais"}]},{"@type":"WebSite","@id":"https:\/\/www.oracaoefe.com\/#website","url":"https:\/\/www.oracaoefe.com\/","name":"Pri\u00e8re et foi","description":"","potentialAction":[{"@type":"SearchAction","target":{"@type":"EntryPoint","urlTemplate":"https:\/\/www.oracaoefe.com\/?s={search_term_string}"},"query-input":{"@type":"PropertyValueSpecification","valueRequired":true,"valueName":"search_term_string"}}],"inLanguage":"fr-FR"},{"@type":"Person","@id":"https:\/\/www.oracaoefe.com\/#\/schema\/person\/17283c669442cf005c4d5bb58adfb7f5","name":"Michele Azevedo","image":{"@type":"ImageObject","inLanguage":"fr-FR","@id":"https:\/\/secure.gravatar.com\/avatar\/6b0eb9d22841282815e2cd856a0061c45e1761cd54b22e952d98c4746939aa85?s=96&d=mm&r=g","url":"https:\/\/secure.gravatar.com\/avatar\/6b0eb9d22841282815e2cd856a0061c45e1761cd54b22e952d98c4746939aa85?s=96&d=mm&r=g","contentUrl":"https:\/\/secure.gravatar.com\/avatar\/6b0eb9d22841282815e2cd856a0061c45e1761cd54b22e952d98c4746939aa85?s=96&d=mm&r=g","caption":"Michele Azevedo"},"description":"Dipl\u00f4m\u00e9e en litt\u00e9rature portugaise\/anglaise de l&#039;Universit\u00e9 d&#039;\u00c9tat de Ponta Grossa (UEPG), avec des dipl\u00f4mes de troisi\u00e8me cycle en art dans l&#039;\u00e9ducation (FAPI) et en psychop\u00e9dagogie scolaire (FAPI), elle est la cr\u00e9atrice et propri\u00e9taire du site web Escritora de Sucesso, a de l&#039;exp\u00e9rience dans l&#039;\u00e9criture pour les blogs en g\u00e9n\u00e9ral et travaille comme r\u00e9dactrice et \u00e9ditrice du contenu pour Ora\u00e7\u00e3o e F\u00e9.","url":"https:\/\/www.oracaoefe.com\/fr\/author\/michele-azevedo\/"}]}},"_links":{"self":[{"href":"https:\/\/www.oracaoefe.com\/fr\/wp-json\/wp\/v2\/posts\/2563","targetHints":{"allow":["GET"]}}],"collection":[{"href":"https:\/\/www.oracaoefe.com\/fr\/wp-json\/wp\/v2\/posts"}],"about":[{"href":"https:\/\/www.oracaoefe.com\/fr\/wp-json\/wp\/v2\/types\/post"}],"author":[{"embeddable":true,"href":"https:\/\/www.oracaoefe.com\/fr\/wp-json\/wp\/v2\/users\/3"}],"replies":[{"embeddable":true,"href":"https:\/\/www.oracaoefe.com\/fr\/wp-json\/wp\/v2\/comments?post=2563"}],"version-history":[{"count":1,"href":"https:\/\/www.oracaoefe.com\/fr\/wp-json\/wp\/v2\/posts\/2563\/revisions"}],"predecessor-version":[{"id":2565,"href":"https:\/\/www.oracaoefe.com\/fr\/wp-json\/wp\/v2\/posts\/2563\/revisions\/2565"}],"wp:featuredmedia":[{"embeddable":true,"href":"https:\/\/www.oracaoefe.com\/fr\/wp-json\/wp\/v2\/media\/2564"}],"wp:attachment":[{"href":"https:\/\/www.oracaoefe.com\/fr\/wp-json\/wp\/v2\/media?parent=2563"}],"wp:term":[{"taxonomy":"category","embeddable":true,"href":"https:\/\/www.oracaoefe.com\/fr\/wp-json\/wp\/v2\/categories?post=2563"},{"taxonomy":"post_tag","embeddable":true,"href":"https:\/\/www.oracaoefe.com\/fr\/wp-json\/wp\/v2\/tags?post=2563"}],"curies":[{"name":"wp","href":"https:\/\/api.w.org\/{rel}","templated":true}]}}