{"id":255,"date":"2022-09-24T19:41:16","date_gmt":"2022-09-24T22:41:16","guid":{"rendered":"https:\/\/www.oracaoefe.com\/?p=255"},"modified":"2022-09-25T16:38:18","modified_gmt":"2022-09-25T19:38:18","slug":"buscando-a-deus-como-posso-encontra-lo","status":"publish","type":"post","link":"https:\/\/www.oracaoefe.com\/fr\/buscando-a-deus-como-posso-encontra-lo\/","title":{"rendered":"Chercher Dieu - Comment puis-je le trouver ?"},"content":{"rendered":"<div class=\"wp-block-post-date\"><time datetime=\"2022-09-24T19:41:16-03:00\">24 septembre 2022<\/time><\/div>\n\n\n<p class=\"wp-block-paragraph\">\"Dieu, o\u00f9 es-tu ? J'ai besoin de toi. Je te veux. Comment puis-je te trouver ?\" Est-ce le cri sinc\u00e8re de ton c\u0153ur ? Avez-vous envie de tendre la main \u00e0 Dieu et de le toucher, mais vous ne semblez pas le trouver ?<\/p>\n\n\n\n<p class=\"wp-block-paragraph\">Vous n'\u00eates pas le seul. Partout et de tout temps, les hommes se sont pos\u00e9s des questions similaires. Il y a deux mille ans, un jeune homme riche accourt vers J\u00e9sus et lui demande : \"Bon ma\u00eetre, que dois-je faire pour h\u00e9riter de la vie \u00e9ternelle ?\"&nbsp;<\/p>\n\n\n\n<p class=\"wp-block-paragraph\">Le jour de la Pentec\u00f4te, Pierre pr\u00eache et les gens lui demandent : \"Que devons-nous faire ?\" ou \"Comment pouvons-nous trouver Dieu ?\". La turbulence de notre monde troubl\u00e9 d'aujourd'hui est le cri non exprim\u00e9 de Dieu et de son amour.<\/p>\n\n\n\n<h2 class=\"wp-block-heading\">Comment trouver Dieu ?<\/h2>\n\n\n\n<p class=\"wp-block-paragraph\">Tous les humains ont besoin de trouver Dieu. Nos c\u0153urs seront troubl\u00e9s si nous ne nous reposons pas en lui. La seule fa\u00e7on d'obtenir le repos de votre \u00e2me et la paix de l'esprit est de trouver Dieu et de marcher avec lui. J\u00e9sus a dit : \"Venez \u00e0 moi, vous tous qui \u00eates fatigu\u00e9s et charg\u00e9s, et je vous donnerai du repos\" (Matthieu 11:28).<\/p>\n\n\n\n<p class=\"wp-block-paragraph\">Sachant que Dieu nous a cr\u00e9\u00e9s pour lui, nous prenons conscience de notre besoin. Nous ne sommes pas tous identiques, mais nous avons tous \u00e9t\u00e9 cr\u00e9\u00e9s \u00e0 son image et \u00e0 sa ressemblance (Gen. 1:26). Nous sommes cr\u00e9\u00e9s avec une \u00e2me vivante qui d\u00e9sire vivre en harmonie avec notre Cr\u00e9ateur.&nbsp;<\/p>\n\n\n\n<p class=\"wp-block-paragraph\">\"Comme le cerf se languit des ruisseaux, ainsi mon \u00e2me se languit de toi, \u00f4 Dieu ! Mon \u00e2me a soif de Dieu, du Dieu vivant\" (Psaume 42, 2, 3). Seul le Dieu vivant peut satisfaire l'\u00e2me vivante de l'homme.<\/p>\n\n\n\n<p class=\"wp-block-paragraph\">Tous les humains ont besoin de trouver Dieu. Nos c\u0153urs seront troubl\u00e9s si nous ne nous reposons pas en lui. La seule fa\u00e7on d'obtenir le repos de votre \u00e2me et la paix de l'esprit est de trouver Dieu et de marcher avec lui. J\u00e9sus a dit : \"Venez \u00e0 moi, vous tous qui \u00eates fatigu\u00e9s et charg\u00e9s, et je vous donnerai du repos\" (Matthieu 11:28).<\/p>\n\n\n\n<p class=\"wp-block-paragraph\">Sachant que Dieu nous a cr\u00e9\u00e9s pour lui, nous nous rendons compte que nous en avons besoin. Nous ne sommes pas tous identiques, mais nous sommes tous faits \u00e0 son image et \u00e0 sa ressemblance (Gn 1, 26). Nous sommes cr\u00e9\u00e9s avec une \u00e2me vivante qui d\u00e9sire vivre en harmonie avec notre Cr\u00e9ateur.&nbsp;<\/p>\n\n\n\n<p class=\"wp-block-paragraph\">\"Comme le cerf se languit des ruisseaux, ainsi mon \u00e2me se languit de toi, \u00f4 Dieu ! Mon \u00e2me a soif de Dieu, du Dieu vivant\" (Psaume 42.2,3). Seul le Dieu vivant peut satisfaire l'\u00e2me vivante de l'homme.<\/p>\n\n\n\n<p class=\"wp-block-paragraph\">David a exprim\u00e9 le fond de son \u00e2me en disant : \"Je ne manquerai de rien\" (Ps 23,1). Dieu a r\u00e9pondu \u00e0 son besoin. Il \u00e9tait satisfait, car il connaissait la paix qu'\u00e9prouve la cr\u00e9ature lorsqu'elle rencontre son Cr\u00e9ateur. \"Car il a d\u00e9salt\u00e9r\u00e9 l'\u00e2me assoiff\u00e9e, il a combl\u00e9 de biens l'\u00e2me affam\u00e9e\" (Psaume 107:9).<\/p>\n\n\n\n<p class=\"wp-block-paragraph\">Dieu est r\u00e9el. M\u00eame si vous ne voyez pas Dieu, que vous ne le comprenez pas et que vous ne le rencontrez pas, cela ne change rien au fait irr\u00e9vocable que Dieu est le m\u00eame hier, aujourd'hui et pour toujours. Dieu existe ! N'en doutez jamais. Croyez fermement en son existence et soyez s\u00fbr qu'il vous aime.<\/p>\n\n\n\n<h3 class=\"wp-block-heading\">Dieu est partout !<\/h3>\n\n\n\n<p class=\"wp-block-paragraph\">J\u00e9sus dit \u00e0 la femme au puits de Jacob que Dieu est Esprit et qu'on peut le trouver partout et \u00e0 tout moment. Il n'est pas confin\u00e9 dans les cieux lointains et sa pr\u00e9sence ne se limite pas aux lieux de culte. Vous pouvez le trouver en mer, dans les montagnes, dans la vall\u00e9e, dans le ciel, \u00e0 la maison ou ailleurs. En ce moment m\u00eame, Il vous entoure.<\/p>\n\n\n\n<p class=\"wp-block-paragraph\">Jacob, un homme de Dieu, a dit : \"Certainement, le Seigneur est dans ce lieu, et je ne le savais pas !\" Nous sommes souvent absorb\u00e9s par les choses de ce monde, et bien qu'il soit pr\u00e8s de nous, nous ne le connaissons pas. Nous nous attendons \u00e0 le rencontrer de fa\u00e7on spectaculaire et nous ne le reconnaissons pas dans un \"murmure doux et l\u00e9ger\" \u00e0 l'int\u00e9rieur (Rois 19.9-13). Arr\u00eatez-vous, regardez, \u00e9coutez, et dans la foi nous verrons, entendrons et comprendrons.<\/p>\n\n\n\n<p class=\"wp-block-paragraph\">Vous n'avez pas besoin de t\u00e2tonner pour chercher Dieu. Il ne se cache pas, il vous attend. Avant que vous ne commenciez \u00e0 le chercher, il attendait votre recherche. Il veut vous accueillir dans sa famille, o\u00f9 il vous aimera et s'occupera de vous personnellement.&nbsp;<\/p>\n\n\n\n<p class=\"wp-block-paragraph\">\u00cates-vous inquiet, perdu dans le p\u00e9ch\u00e9, confus, coupable ou malheureux ? Avez-vous peur de mourir ? C'est Dieu qui vous appelle, car il ne veut pas que vous vous \u00e9gariez. C'est peut-\u00eatre le premier appel, c'est peut-\u00eatre le dernier. \"Oh ! si vous pouviez entendre sa voix aujourd'hui ! N'endurcis pas ton c\u0153ur\" (Psaume 95.7, 8).<\/p>\n\n\n\n<p class=\"wp-block-paragraph\">Nous p\u00e9chons tous. \"Il n'y a pas de juste, non, pas un seul\" (Romains 3:10). Dieu est saint et d\u00e9teste le p\u00e9ch\u00e9. Lorsque nous entrons dans la pr\u00e9sence de Dieu, nous sommes pouss\u00e9s \u00e0 agir contre nos p\u00e9ch\u00e9s comme il nous l'enseigne dans sa Parole.&nbsp;<\/p>\n\n\n\n<p class=\"wp-block-paragraph\">Une vie honn\u00eate et bonne n'expiera jamais nos p\u00e9ch\u00e9s et ne sera pas suffisante pour notre salut. Rien d'autre qu'un repentir sinc\u00e8re ne nous d\u00e9tournera de nos p\u00e9ch\u00e9s.<\/p>\n\n\n\n<p class=\"wp-block-paragraph\">Dans son grand amour, Dieu a pr\u00e9par\u00e9 un chemin pour le rencontrer. \"Car Dieu a tant aim\u00e9 le monde qu'il a donn\u00e9 son Fils unique, afin que quiconque croit en lui ne p\u00e9risse pas mais ait la vie \u00e9ternelle\" (Jn 3.16).&nbsp;<\/p>\n\n\n\n<p class=\"wp-block-paragraph\">Le Christ est le chemin vers Dieu ! J\u00e9sus a dit : \"Je suis le chemin, la v\u00e9rit\u00e9 et la vie ; personne ne vient au P\u00e8re que par moi\" (Jean 14:6). Lorsque le ge\u00f4lier a demand\u00e9 : \"Que dois-je faire pour \u00eatre sauv\u00e9 ?\", l'ap\u00f4tre Paul a r\u00e9pondu : \"Crois au Seigneur J\u00e9sus et tu seras sauv\u00e9\" (Actes 16:30-31).<\/p>","protected":false},"excerpt":{"rendered":"<p>\"Dieu, o\u00f9 es-tu ? J'ai besoin de toi. Je te veux. Comment puis-je te trouver ?\" Est-ce le cri sinc\u00e8re de ton c\u0153ur ?<\/p>","protected":false},"author":1,"featured_media":332,"comment_status":"open","ping_status":"closed","sticky":false,"template":"","format":"standard","meta":{"neve_meta_sidebar":"","neve_meta_container":"","neve_meta_enable_content_width":"","neve_meta_content_width":0,"neve_meta_title_alignment":"","neve_meta_author_avatar":"","neve_post_elements_order":"","neve_meta_disable_header":"","neve_meta_disable_footer":"","neve_meta_disable_title":"","footnotes":""},"categories":[3],"tags":[42,20,29],"class_list":["post-255","post","type-post","status-publish","format-standard","has-post-thumbnail","hentry","category-fe","tag-buscando","tag-deus","tag-fe"],"yoast_head":"<!-- This site is optimized with the Yoast SEO plugin v28.4 - https:\/\/yoast.com\/product\/yoast-seo-wordpress\/ -->\n<title>Buscando a Deus - Como posso encontr\u00e1-lo? - Ora\u00e7\u00e3o e F\u00e9<\/title>\n<meta name=\"description\" content=\"\u201cDeus, onde voc\u00ea est\u00e1? Eu preciso de voc\u00ea. Quero voc\u00ea. Como posso encontrar voc\u00ea?\u201d \u00c9 este o clamor sincero do seu cora\u00e7\u00e3o?\" \/>\n<meta name=\"robots\" content=\"index, follow, max-snippet:-1, max-image-preview:large, max-video-preview:-1\" \/>\n<link rel=\"canonical\" href=\"https:\/\/www.oracaoefe.com\/fr\/buscando-a-deus-como-posso-encontra-lo\/\" \/>\n<meta property=\"og:locale\" content=\"fr_FR\" \/>\n<meta property=\"og:type\" content=\"article\" \/>\n<meta property=\"og:title\" content=\"Buscando a Deus - Como posso encontr\u00e1-lo? - Ora\u00e7\u00e3o e F\u00e9\" \/>\n<meta property=\"og:description\" content=\"\u201cDeus, onde voc\u00ea est\u00e1? Eu preciso de voc\u00ea. Quero voc\u00ea. Como posso encontrar voc\u00ea?\u201d \u00c9 este o clamor sincero do seu cora\u00e7\u00e3o?\" \/>\n<meta property=\"og:url\" content=\"https:\/\/www.oracaoefe.com\/fr\/buscando-a-deus-como-posso-encontra-lo\/\" \/>\n<meta property=\"og:site_name\" content=\"Ora\u00e7\u00e3o e F\u00e9\" \/>\n<meta property=\"article:published_time\" content=\"2022-09-24T22:41:16+00:00\" \/>\n<meta property=\"article:modified_time\" content=\"2022-09-25T19:38:18+00:00\" \/>\n<meta property=\"og:image\" content=\"https:\/\/www.oracaoefe.com\/wp-content\/uploads\/2022\/09\/Buscando-a-Deus-\u2013-Como-posso-encontra-lo.jpg\" \/>\n\t<meta property=\"og:image:width\" content=\"1200\" \/>\n\t<meta property=\"og:image:height\" content=\"675\" \/>\n\t<meta property=\"og:image:type\" content=\"image\/jpeg\" \/>\n<meta name=\"author\" content=\"Maria\" \/>\n<meta name=\"twitter:card\" content=\"summary_large_image\" \/>\n<meta name=\"twitter:label1\" content=\"\u00c9crit par\" \/>\n\t<meta name=\"twitter:data1\" content=\"Maria\" \/>\n\t<meta name=\"twitter:label2\" content=\"Dur\u00e9e de lecture estim\u00e9e\" \/>\n\t<meta name=\"twitter:data2\" content=\"5 minutes\" \/>\n<script type=\"application\/ld+json\" class=\"yoast-schema-graph\">{\"@context\":\"https:\\\/\\\/schema.org\",\"@graph\":[{\"@type\":\"Article\",\"@id\":\"https:\\\/\\\/www.oracaoefe.com\\\/buscando-a-deus-como-posso-encontra-lo\\\/#article\",\"isPartOf\":{\"@id\":\"https:\\\/\\\/www.oracaoefe.com\\\/buscando-a-deus-como-posso-encontra-lo\\\/\"},\"author\":{\"name\":\"Maria\",\"@id\":\"https:\\\/\\\/www.oracaoefe.com\\\/#\\\/schema\\\/person\\\/27873f1e6043866689f5091b5139f23d\"},\"headline\":\"Buscando a Deus &#8211; Como posso encontr\u00e1-lo?\",\"datePublished\":\"2022-09-24T22:41:16+00:00\",\"dateModified\":\"2022-09-25T19:38:18+00:00\",\"mainEntityOfPage\":{\"@id\":\"https:\\\/\\\/www.oracaoefe.com\\\/buscando-a-deus-como-posso-encontra-lo\\\/\"},\"wordCount\":913,\"commentCount\":0,\"image\":{\"@id\":\"https:\\\/\\\/www.oracaoefe.com\\\/buscando-a-deus-como-posso-encontra-lo\\\/#primaryimage\"},\"thumbnailUrl\":\"https:\\\/\\\/www.oracaoefe.com\\\/wp-content\\\/uploads\\\/2022\\\/09\\\/Buscando-a-Deus-\u2013-Como-posso-encontra-lo.jpg\",\"keywords\":[\"buscando\",\"Deus\",\"fe\"],\"articleSection\":[\"F\u00e9\"],\"inLanguage\":\"fr-FR\",\"potentialAction\":[{\"@type\":\"CommentAction\",\"name\":\"Comment\",\"target\":[\"https:\\\/\\\/www.oracaoefe.com\\\/buscando-a-deus-como-posso-encontra-lo\\\/#respond\"]}]},{\"@type\":\"WebPage\",\"@id\":\"https:\\\/\\\/www.oracaoefe.com\\\/buscando-a-deus-como-posso-encontra-lo\\\/\",\"url\":\"https:\\\/\\\/www.oracaoefe.com\\\/buscando-a-deus-como-posso-encontra-lo\\\/\",\"name\":\"Buscando a Deus - Como posso encontr\u00e1-lo? - Ora\u00e7\u00e3o e F\u00e9\",\"isPartOf\":{\"@id\":\"https:\\\/\\\/www.oracaoefe.com\\\/#website\"},\"primaryImageOfPage\":{\"@id\":\"https:\\\/\\\/www.oracaoefe.com\\\/buscando-a-deus-como-posso-encontra-lo\\\/#primaryimage\"},\"image\":{\"@id\":\"https:\\\/\\\/www.oracaoefe.com\\\/buscando-a-deus-como-posso-encontra-lo\\\/#primaryimage\"},\"thumbnailUrl\":\"https:\\\/\\\/www.oracaoefe.com\\\/wp-content\\\/uploads\\\/2022\\\/09\\\/Buscando-a-Deus-\u2013-Como-posso-encontra-lo.jpg\",\"datePublished\":\"2022-09-24T22:41:16+00:00\",\"dateModified\":\"2022-09-25T19:38:18+00:00\",\"author\":{\"@id\":\"https:\\\/\\\/www.oracaoefe.com\\\/#\\\/schema\\\/person\\\/27873f1e6043866689f5091b5139f23d\"},\"description\":\"\u201cDeus, onde voc\u00ea est\u00e1? Eu preciso de voc\u00ea. Quero voc\u00ea. Como posso encontrar voc\u00ea?\u201d \u00c9 este o clamor sincero do seu cora\u00e7\u00e3o?\",\"breadcrumb\":{\"@id\":\"https:\\\/\\\/www.oracaoefe.com\\\/buscando-a-deus-como-posso-encontra-lo\\\/#breadcrumb\"},\"inLanguage\":\"fr-FR\",\"potentialAction\":[{\"@type\":\"ReadAction\",\"target\":[\"https:\\\/\\\/www.oracaoefe.com\\\/buscando-a-deus-como-posso-encontra-lo\\\/\"]}]},{\"@type\":\"ImageObject\",\"inLanguage\":\"fr-FR\",\"@id\":\"https:\\\/\\\/www.oracaoefe.com\\\/buscando-a-deus-como-posso-encontra-lo\\\/#primaryimage\",\"url\":\"https:\\\/\\\/www.oracaoefe.com\\\/wp-content\\\/uploads\\\/2022\\\/09\\\/Buscando-a-Deus-\u2013-Como-posso-encontra-lo.jpg\",\"contentUrl\":\"https:\\\/\\\/www.oracaoefe.com\\\/wp-content\\\/uploads\\\/2022\\\/09\\\/Buscando-a-Deus-\u2013-Como-posso-encontra-lo.jpg\",\"width\":1200,\"height\":675,\"caption\":\"Buscando a Deus \u2013 Como posso encontr\u00e1-lo\"},{\"@type\":\"BreadcrumbList\",\"@id\":\"https:\\\/\\\/www.oracaoefe.com\\\/buscando-a-deus-como-posso-encontra-lo\\\/#breadcrumb\",\"itemListElement\":[{\"@type\":\"ListItem\",\"position\":1,\"name\":\"Home\",\"item\":\"https:\\\/\\\/www.oracaoefe.com\\\/\"},{\"@type\":\"ListItem\",\"position\":2,\"name\":\"F\u00e9\",\"item\":\"https:\\\/\\\/www.oracaoefe.com\\\/es\\\/categoria\\\/fe\\\/\"},{\"@type\":\"ListItem\",\"position\":3,\"name\":\"Buscando a Deus &#8211; Como posso encontr\u00e1-lo?\"}]},{\"@type\":\"WebSite\",\"@id\":\"https:\\\/\\\/www.oracaoefe.com\\\/#website\",\"url\":\"https:\\\/\\\/www.oracaoefe.com\\\/\",\"name\":\"Ora\u00e7\u00e3o e F\u00e9\",\"description\":\"\",\"potentialAction\":[{\"@type\":\"SearchAction\",\"target\":{\"@type\":\"EntryPoint\",\"urlTemplate\":\"https:\\\/\\\/www.oracaoefe.com\\\/?s={search_term_string}\"},\"query-input\":{\"@type\":\"PropertyValueSpecification\",\"valueRequired\":true,\"valueName\":\"search_term_string\"}}],\"inLanguage\":\"fr-FR\"},{\"@type\":\"Person\",\"@id\":\"https:\\\/\\\/www.oracaoefe.com\\\/#\\\/schema\\\/person\\\/27873f1e6043866689f5091b5139f23d\",\"name\":\"Maria\",\"image\":{\"@type\":\"ImageObject\",\"inLanguage\":\"fr-FR\",\"@id\":\"https:\\\/\\\/secure.gravatar.com\\\/avatar\\\/4cac5ea56d40d599bd7348d330a83b1c84cd229296d1613cd1c7f6740561d0c9?s=96&d=mm&r=g\",\"url\":\"https:\\\/\\\/secure.gravatar.com\\\/avatar\\\/4cac5ea56d40d599bd7348d330a83b1c84cd229296d1613cd1c7f6740561d0c9?s=96&d=mm&r=g\",\"contentUrl\":\"https:\\\/\\\/secure.gravatar.com\\\/avatar\\\/4cac5ea56d40d599bd7348d330a83b1c84cd229296d1613cd1c7f6740561d0c9?s=96&d=mm&r=g\",\"caption\":\"Maria\"},\"description\":\"Meu nome \u00e9 Maria e sou apaixonada por teologia, espiritualidade e estudos religiosos. H\u00e1 mais de 5 anos escrevo sobre o universo da f\u00e9, pesquisando diferentes religi\u00f5es, doutrinas, tradi\u00e7\u00f5es espirituais e curiosidades religiosas ao redor do mundo. Tenho grande interesse em compreender como a f\u00e9 e a religiosidade se manifestam em diferentes culturas, pa\u00edses e idiomas, sempre buscando aprender mais sobre os costumes, cren\u00e7as e hist\u00f3rias que influenciam milh\u00f5es de pessoas diariamente. Atualmente, atuo como redatora no portal Ora\u00e7\u00e3o e F\u00e9, onde compartilho conte\u00fados informativos, reflexivos e inspiradores voltados ao universo religioso e espiritual. Meu objetivo \u00e9 levar conhecimento, curiosidades e mensagens enriquecedoras para leitores que desejam aprofundar sua compreens\u00e3o sobre f\u00e9, religi\u00e3o e espiritualidade no mundo moderno.\",\"sameAs\":[\"https:\\\/\\\/www.oracaoefe.com\"],\"url\":\"https:\\\/\\\/www.oracaoefe.com\\\/fr\\\/author\\\/admin\\\/\"}]}<\/script>\n<!-- \/ Yoast SEO plugin. -->","yoast_head_json":{"title":"Chercher Dieu - Comment puis-je le trouver ? - Pri\u00e8re et foi","description":"\"Dieu, o\u00f9 es-tu ? J'ai besoin de toi. Je te veux. Comment puis-je te trouver ?\" Est-ce le cri sinc\u00e8re de ton c\u0153ur ?","robots":{"index":"index","follow":"follow","max-snippet":"max-snippet:-1","max-image-preview":"max-image-preview:large","max-video-preview":"max-video-preview:-1"},"canonical":"https:\/\/www.oracaoefe.com\/fr\/buscando-a-deus-como-posso-encontra-lo\/","og_locale":"fr_FR","og_type":"article","og_title":"Buscando a Deus - Como posso encontr\u00e1-lo? - Ora\u00e7\u00e3o e F\u00e9","og_description":"\u201cDeus, onde voc\u00ea est\u00e1? Eu preciso de voc\u00ea. Quero voc\u00ea. Como posso encontrar voc\u00ea?\u201d \u00c9 este o clamor sincero do seu cora\u00e7\u00e3o?","og_url":"https:\/\/www.oracaoefe.com\/fr\/buscando-a-deus-como-posso-encontra-lo\/","og_site_name":"Ora\u00e7\u00e3o e F\u00e9","article_published_time":"2022-09-24T22:41:16+00:00","article_modified_time":"2022-09-25T19:38:18+00:00","og_image":[{"width":1200,"height":675,"url":"https:\/\/www.oracaoefe.com\/wp-content\/uploads\/2022\/09\/Buscando-a-Deus-\u2013-Como-posso-encontra-lo.jpg","type":"image\/jpeg"}],"author":"Maria","twitter_card":"summary_large_image","twitter_misc":{"\u00c9crit par":"Maria","Dur\u00e9e de lecture estim\u00e9e":"5 minutes"},"schema":{"@context":"https:\/\/schema.org","@graph":[{"@type":"Article","@id":"https:\/\/www.oracaoefe.com\/buscando-a-deus-como-posso-encontra-lo\/#article","isPartOf":{"@id":"https:\/\/www.oracaoefe.com\/buscando-a-deus-como-posso-encontra-lo\/"},"author":{"name":"Maria","@id":"https:\/\/www.oracaoefe.com\/#\/schema\/person\/27873f1e6043866689f5091b5139f23d"},"headline":"Buscando a Deus &#8211; Como posso encontr\u00e1-lo?","datePublished":"2022-09-24T22:41:16+00:00","dateModified":"2022-09-25T19:38:18+00:00","mainEntityOfPage":{"@id":"https:\/\/www.oracaoefe.com\/buscando-a-deus-como-posso-encontra-lo\/"},"wordCount":913,"commentCount":0,"image":{"@id":"https:\/\/www.oracaoefe.com\/buscando-a-deus-como-posso-encontra-lo\/#primaryimage"},"thumbnailUrl":"https:\/\/www.oracaoefe.com\/wp-content\/uploads\/2022\/09\/Buscando-a-Deus-\u2013-Como-posso-encontra-lo.jpg","keywords":["buscando","Deus","fe"],"articleSection":["F\u00e9"],"inLanguage":"fr-FR","potentialAction":[{"@type":"CommentAction","name":"Comment","target":["https:\/\/www.oracaoefe.com\/buscando-a-deus-como-posso-encontra-lo\/#respond"]}]},{"@type":"WebPage","@id":"https:\/\/www.oracaoefe.com\/buscando-a-deus-como-posso-encontra-lo\/","url":"https:\/\/www.oracaoefe.com\/buscando-a-deus-como-posso-encontra-lo\/","name":"Chercher Dieu - Comment puis-je le trouver ? - Pri\u00e8re et foi","isPartOf":{"@id":"https:\/\/www.oracaoefe.com\/#website"},"primaryImageOfPage":{"@id":"https:\/\/www.oracaoefe.com\/buscando-a-deus-como-posso-encontra-lo\/#primaryimage"},"image":{"@id":"https:\/\/www.oracaoefe.com\/buscando-a-deus-como-posso-encontra-lo\/#primaryimage"},"thumbnailUrl":"https:\/\/www.oracaoefe.com\/wp-content\/uploads\/2022\/09\/Buscando-a-Deus-\u2013-Como-posso-encontra-lo.jpg","datePublished":"2022-09-24T22:41:16+00:00","dateModified":"2022-09-25T19:38:18+00:00","author":{"@id":"https:\/\/www.oracaoefe.com\/#\/schema\/person\/27873f1e6043866689f5091b5139f23d"},"description":"\"Dieu, o\u00f9 es-tu ? J'ai besoin de toi. Je te veux. Comment puis-je te trouver ?\" Est-ce le cri sinc\u00e8re de ton c\u0153ur ?","breadcrumb":{"@id":"https:\/\/www.oracaoefe.com\/buscando-a-deus-como-posso-encontra-lo\/#breadcrumb"},"inLanguage":"fr-FR","potentialAction":[{"@type":"ReadAction","target":["https:\/\/www.oracaoefe.com\/buscando-a-deus-como-posso-encontra-lo\/"]}]},{"@type":"ImageObject","inLanguage":"fr-FR","@id":"https:\/\/www.oracaoefe.com\/buscando-a-deus-como-posso-encontra-lo\/#primaryimage","url":"https:\/\/www.oracaoefe.com\/wp-content\/uploads\/2022\/09\/Buscando-a-Deus-\u2013-Como-posso-encontra-lo.jpg","contentUrl":"https:\/\/www.oracaoefe.com\/wp-content\/uploads\/2022\/09\/Buscando-a-Deus-\u2013-Como-posso-encontra-lo.jpg","width":1200,"height":675,"caption":"Buscando a Deus \u2013 Como posso encontr\u00e1-lo"},{"@type":"BreadcrumbList","@id":"https:\/\/www.oracaoefe.com\/buscando-a-deus-como-posso-encontra-lo\/#breadcrumb","itemListElement":[{"@type":"ListItem","position":1,"name":"Home","item":"https:\/\/www.oracaoefe.com\/"},{"@type":"ListItem","position":2,"name":"F\u00e9","item":"https:\/\/www.oracaoefe.com\/es\/categoria\/fe\/"},{"@type":"ListItem","position":3,"name":"Buscando a Deus &#8211; Como posso encontr\u00e1-lo?"}]},{"@type":"WebSite","@id":"https:\/\/www.oracaoefe.com\/#website","url":"https:\/\/www.oracaoefe.com\/","name":"Pri\u00e8re et foi","description":"","potentialAction":[{"@type":"SearchAction","target":{"@type":"EntryPoint","urlTemplate":"https:\/\/www.oracaoefe.com\/?s={search_term_string}"},"query-input":{"@type":"PropertyValueSpecification","valueRequired":true,"valueName":"search_term_string"}}],"inLanguage":"fr-FR"},{"@type":"Person","@id":"https:\/\/www.oracaoefe.com\/#\/schema\/person\/27873f1e6043866689f5091b5139f23d","name":"Maria","image":{"@type":"ImageObject","inLanguage":"fr-FR","@id":"https:\/\/secure.gravatar.com\/avatar\/4cac5ea56d40d599bd7348d330a83b1c84cd229296d1613cd1c7f6740561d0c9?s=96&d=mm&r=g","url":"https:\/\/secure.gravatar.com\/avatar\/4cac5ea56d40d599bd7348d330a83b1c84cd229296d1613cd1c7f6740561d0c9?s=96&d=mm&r=g","contentUrl":"https:\/\/secure.gravatar.com\/avatar\/4cac5ea56d40d599bd7348d330a83b1c84cd229296d1613cd1c7f6740561d0c9?s=96&d=mm&r=g","caption":"Maria"},"description":"Meu nome \u00e9 Maria e sou apaixonada por teologia, espiritualidade e estudos religiosos. H\u00e1 mais de 5 anos escrevo sobre o universo da f\u00e9, pesquisando diferentes religi\u00f5es, doutrinas, tradi\u00e7\u00f5es espirituais e curiosidades religiosas ao redor do mundo. Tenho grande interesse em compreender como a f\u00e9 e a religiosidade se manifestam em diferentes culturas, pa\u00edses e idiomas, sempre buscando aprender mais sobre os costumes, cren\u00e7as e hist\u00f3rias que influenciam milh\u00f5es de pessoas diariamente. Atualmente, atuo como redatora no portal Ora\u00e7\u00e3o e F\u00e9, onde compartilho conte\u00fados informativos, reflexivos e inspiradores voltados ao universo religioso e espiritual. Meu objetivo \u00e9 levar conhecimento, curiosidades e mensagens enriquecedoras para leitores que desejam aprofundar sua compreens\u00e3o sobre f\u00e9, religi\u00e3o e espiritualidade no mundo moderno.","sameAs":["https:\/\/www.oracaoefe.com"],"url":"https:\/\/www.oracaoefe.com\/fr\/author\/admin\/"}]}},"_links":{"self":[{"href":"https:\/\/www.oracaoefe.com\/fr\/wp-json\/wp\/v2\/posts\/255","targetHints":{"allow":["GET"]}}],"collection":[{"href":"https:\/\/www.oracaoefe.com\/fr\/wp-json\/wp\/v2\/posts"}],"about":[{"href":"https:\/\/www.oracaoefe.com\/fr\/wp-json\/wp\/v2\/types\/post"}],"author":[{"embeddable":true,"href":"https:\/\/www.oracaoefe.com\/fr\/wp-json\/wp\/v2\/users\/1"}],"replies":[{"embeddable":true,"href":"https:\/\/www.oracaoefe.com\/fr\/wp-json\/wp\/v2\/comments?post=255"}],"version-history":[{"count":3,"href":"https:\/\/www.oracaoefe.com\/fr\/wp-json\/wp\/v2\/posts\/255\/revisions"}],"predecessor-version":[{"id":363,"href":"https:\/\/www.oracaoefe.com\/fr\/wp-json\/wp\/v2\/posts\/255\/revisions\/363"}],"wp:featuredmedia":[{"embeddable":true,"href":"https:\/\/www.oracaoefe.com\/fr\/wp-json\/wp\/v2\/media\/332"}],"wp:attachment":[{"href":"https:\/\/www.oracaoefe.com\/fr\/wp-json\/wp\/v2\/media?parent=255"}],"wp:term":[{"taxonomy":"category","embeddable":true,"href":"https:\/\/www.oracaoefe.com\/fr\/wp-json\/wp\/v2\/categories?post=255"},{"taxonomy":"post_tag","embeddable":true,"href":"https:\/\/www.oracaoefe.com\/fr\/wp-json\/wp\/v2\/tags?post=255"}],"curies":[{"name":"wp","href":"https:\/\/api.w.org\/{rel}","templated":true}]}}