{"id":2540,"date":"2024-02-09T01:01:00","date_gmt":"2024-02-09T04:01:00","guid":{"rendered":"https:\/\/www.oracaoefe.com\/?p=2540"},"modified":"2025-06-15T15:17:27","modified_gmt":"2025-06-15T18:17:27","slug":"a-importancia-de-respeitar-o-proximo-sempre","status":"publish","type":"post","link":"https:\/\/www.oracaoefe.com\/fr\/a-importancia-de-respeitar-o-proximo-sempre\/","title":{"rendered":"A import\u00e2ncia de respeitar o pr\u00f3ximo sempre"},"content":{"rendered":"<p class=\"wp-block-paragraph\">O respeito \u00e9 um dos alicerces fundamentais que sustentam uma sociedade saud\u00e1vel e equilibrada. \u00c9 uma qualidade essencial para promover a conviv\u00eancia pac\u00edfica e construir rela\u00e7\u00f5es interpessoais s\u00f3lidas. Ao centrarmos nosso olhar na import\u00e2ncia de respeitar o pr\u00f3ximo sempre, mergulhamos em uma reflex\u00e3o profunda sobre como essa virtude pode moldar positivamente o mundo ao nosso redor.<\/p>\n\n\n\n<h2 class=\"wp-block-heading\">A Base da Conviv\u00eancia Humana<\/h2>\n\n\n\n<p class=\"wp-block-paragraph\">Desde os prim\u00f3rdios da humanidade, a necessidade de viver em comunidade se tornou evidente. A sociedade se desenvolveu a partir da intera\u00e7\u00e3o entre indiv\u00edduos, e o respeito emergiu como um valor essencial para sustentar essa conviv\u00eancia. A capacidade de reconhecer a individualidade, os sentimentos e os direitos dos outros \u00e9 o cerne do respeito.<\/p>\n\n\n\n<p class=\"wp-block-paragraph\">Quando cultivamos o respeito m\u00fatuo, estamos construindo alicerces s\u00f3lidos para rela\u00e7\u00f5es interpessoais saud\u00e1veis. Esse valor n\u00e3o apenas fortalece os la\u00e7os sociais, mas tamb\u00e9m cria um ambiente prop\u00edcio para o crescimento pessoal e coletivo. \u00c9 uma ponte que conecta as pessoas, independente de suas diferen\u00e7as culturais, sociais ou pessoais.<\/p>\n\n\n\n<h2 class=\"wp-block-heading\">O Impacto do Respeito na Sa\u00fade Mental<\/h2>\n\n\n\n<p class=\"wp-block-paragraph\">O respeito n\u00e3o \u00e9 apenas um conceito abstrato; tem impactos concretos na sa\u00fade mental das pessoas. Quando nos sentimos respeitados, experimentamos uma sensa\u00e7\u00e3o de pertencimento e valida\u00e7\u00e3o. Isso contribui para a constru\u00e7\u00e3o de uma autoestima positiva e para o fortalecimento da nossa sa\u00fade emocional.<\/p>\n\n\n\n<p class=\"wp-block-paragraph\">Por outro lado, a falta de respeito pode desencadear uma cascata de efeitos negativos. O sentimento de desvaloriza\u00e7\u00e3o e o desrespeito constante podem resultar em problemas de sa\u00fade mental, como ansiedade, depress\u00e3o e isolamento social. Portanto, ao respeitarmos o pr\u00f3ximo, estamos tamb\u00e9m contribuindo para a promo\u00e7\u00e3o da sa\u00fade mental individual e coletiva.<\/p>\n\n\n\n<figure class=\"wp-block-image size-large\"><img loading=\"lazy\" decoding=\"async\" width=\"1024\" height=\"682\" src=\"https:\/\/www.oracaoefe.com\/wp-content\/uploads\/2024\/01\/image-13-1024x682.png\" alt=\"\" class=\"wp-image-2556\" srcset=\"https:\/\/www.oracaoefe.com\/wp-content\/uploads\/2024\/01\/image-13-1024x682.png 1024w, https:\/\/www.oracaoefe.com\/wp-content\/uploads\/2024\/01\/image-13-300x200.png 300w, https:\/\/www.oracaoefe.com\/wp-content\/uploads\/2024\/01\/image-13-768x512.png 768w, https:\/\/www.oracaoefe.com\/wp-content\/uploads\/2024\/01\/image-13-18x12.png 18w, https:\/\/www.oracaoefe.com\/wp-content\/uploads\/2024\/01\/image-13.png 1280w\" sizes=\"auto, (max-width: 1024px) 100vw, 1024px\" \/><\/figure>\n\n\n\n<h2 class=\"wp-block-heading\">A Diversidade como Raz\u00e3o para Respeitar<\/h2>\n\n\n\n<p class=\"wp-block-paragraph\">A diversidade \u00e9 uma caracter\u00edstica intr\u00ednseca da sociedade contempor\u00e2nea. Somos rodeados por pessoas com diferentes origens, cren\u00e7as, valores e perspectivas de vida. Nesse contexto, o respeito se torna uma ferramenta poderosa para promover a aceita\u00e7\u00e3o da diversidade e criar um ambiente inclusivo.<\/p>\n\n\n\n<p class=\"wp-block-paragraph\">Ao reconhecer e valorizar as diferen\u00e7as, constru\u00edmos uma sociedade mais rica e vibrante. O respeito pela diversidade n\u00e3o apenas enriquece nossas experi\u00eancias individuais, mas tamb\u00e9m fortalece a trama social, promovendo a toler\u00e2ncia e a coexist\u00eancia pac\u00edfica.<\/p>\n\n\n\n<h2 class=\"wp-block-heading\">A Educa\u00e7\u00e3o como Instrumento de Cultivo do Respeito<\/h2>\n\n\n\n<p class=\"wp-block-paragraph\">O cultivo do respeito come\u00e7a no seio da educa\u00e7\u00e3o. As institui\u00e7\u00f5es educacionais desempenham um papel crucial na forma\u00e7\u00e3o de indiv\u00edduos conscientes e respeitosos. \u00c9 atrav\u00e9s da educa\u00e7\u00e3o que as crian\u00e7as e os jovens aprendem a import\u00e2ncia de considerar o pr\u00f3ximo, a respeitar as diferen\u00e7as e a valorizar a diversidade.<\/p>\n\n\n\n<p class=\"wp-block-paragraph\">Os educadores t\u00eam a responsabilidade de transmitir valores fundamentais que moldar\u00e3o o car\u00e1ter dos futuros cidad\u00e3os. Incentivar pr\u00e1ticas que promovam o respeito, como a empatia e a escuta ativa, contribui para a constru\u00e7\u00e3o de uma sociedade mais justa e solid\u00e1ria.<\/p>\n\n\n\n<h2 class=\"wp-block-heading\">O Respeito na Era Digital<\/h2>\n\n\n\n<p class=\"wp-block-paragraph\">Com o avan\u00e7o da tecnologia, as intera\u00e7\u00f5es humanas tamb\u00e9m migraram para o ambiente digital. No entanto, a import\u00e2ncia do respeito permanece inalterada, mesmo neste cen\u00e1rio virtual. O respeito online abrange desde o tratamento cort\u00eas nas redes sociais at\u00e9 a conscientiza\u00e7\u00e3o sobre a privacidade e a seguran\u00e7a digital.<\/p>\n\n\n\n<p class=\"wp-block-paragraph\">A dissemina\u00e7\u00e3o de mensagens de \u00f3dio e a falta de respeito nas plataformas online podem ter consequ\u00eancias graves, afetando n\u00e3o apenas a sa\u00fade mental dos indiv\u00edduos envolvidos, mas tamb\u00e9m contribuindo para a cria\u00e7\u00e3o de um ambiente t\u00f3xico na internet. Portanto, \u00e9 crucial estender os princ\u00edpios do respeito ao mundo digital para promover uma conviv\u00eancia saud\u00e1vel e construtiva.<\/p>\n\n\n\n<h2 class=\"wp-block-heading\">Construindo um Mundo Mais Respeitoso<\/h2>\n\n\n\n<p class=\"wp-block-paragraph\">Em \u00faltima an\u00e1lise, a import\u00e2ncia de respeitar o pr\u00f3ximo sempre n\u00e3o pode ser subestimada. O respeito \u00e9 a cola que une as fibras da sociedade, promovendo a harmonia, a compreens\u00e3o m\u00fatua e a solidariedade. Ao cultivarmos o respeito em todas as \u00e1reas da vida, estamos contribuindo para a constru\u00e7\u00e3o de um mundo mais justo, tolerante e compassivo.<\/p>\n\n\n\n<p class=\"wp-block-paragraph\">Cada ato de respeito, por menor que seja, reverbera em ondas positivas, impactando n\u00e3o apenas a vida daqueles diretamente envolvidos, mas tamb\u00e9m influenciando a atmosfera social como um todo. Portanto, cabe a cada um de n\u00f3s, como membros desta sociedade interconectada, fazer a escolha consciente de praticar o respeito em todas as circunst\u00e2ncias, construindo assim um mundo onde a dignidade humana seja a pedra angular de nossas intera\u00e7\u00f5es di\u00e1rias.<\/p>\n\n\n\n<p class=\"wp-block-paragraph\"><strong>Voir aussi\u00a0: <a href=\"https:\/\/www.oracaoefe.com\/fr\/oracao-poderosa-para-tudo-dar-certo-urgente\/\">Ora\u00e7\u00e3o poderosa para tudo dar certo urgente<\/a><\/strong><\/p>\n\n\n\n<p class=\"wp-block-paragraph\">9 de fevereiro de 2024<\/p>","protected":false},"excerpt":{"rendered":"<p>O respeito \u00e9 um dos alicerces fundamentais que sustentam uma sociedade saud\u00e1vel e equilibrada. \u00c9 uma qualidade essencial para promover a conviv\u00eancia pac\u00edfica e construir rela\u00e7\u00f5es interpessoais s\u00f3lidas. Ao centrarmos nosso olhar na import\u00e2ncia de respeitar o pr\u00f3ximo sempre, mergulhamos em uma reflex\u00e3o profunda sobre como essa virtude pode moldar positivamente o mundo ao nosso&hellip;&nbsp;<\/p>","protected":false},"author":3,"featured_media":2556,"comment_status":"closed","ping_status":"closed","sticky":false,"template":"","format":"standard","meta":{"neve_meta_sidebar":"","neve_meta_container":"","neve_meta_enable_content_width":"","neve_meta_content_width":0,"neve_meta_title_alignment":"","neve_meta_author_avatar":"","neve_post_elements_order":"","neve_meta_disable_header":"","neve_meta_disable_footer":"","neve_meta_disable_title":"","footnotes":""},"categories":[3],"tags":[],"class_list":["post-2540","post","type-post","status-publish","format-standard","has-post-thumbnail","hentry","category-fe"],"yoast_head":"<!-- This site is optimized with the Yoast SEO plugin v28.4 - https:\/\/yoast.com\/product\/yoast-seo-wordpress\/ -->\n<title>A import\u00e2ncia de respeitar o pr\u00f3ximo sempre - Ora\u00e7\u00e3o e F\u00e9<\/title>\n<meta name=\"description\" content=\"Deus tem pra voc\u00ea uma palavra de vida!\" \/>\n<meta name=\"robots\" content=\"index, follow, max-snippet:-1, max-image-preview:large, max-video-preview:-1\" \/>\n<link rel=\"canonical\" href=\"https:\/\/www.oracaoefe.com\/fr\/a-importancia-de-respeitar-o-proximo-sempre\/\" \/>\n<meta property=\"og:locale\" content=\"fr_FR\" \/>\n<meta property=\"og:type\" content=\"article\" \/>\n<meta property=\"og:title\" content=\"A import\u00e2ncia de respeitar o pr\u00f3ximo sempre - Ora\u00e7\u00e3o e F\u00e9\" \/>\n<meta property=\"og:description\" content=\"Deus tem pra voc\u00ea uma palavra de vida!\" \/>\n<meta property=\"og:url\" content=\"https:\/\/www.oracaoefe.com\/fr\/a-importancia-de-respeitar-o-proximo-sempre\/\" \/>\n<meta property=\"og:site_name\" content=\"Ora\u00e7\u00e3o e F\u00e9\" \/>\n<meta property=\"article:published_time\" content=\"2024-02-09T04:01:00+00:00\" \/>\n<meta property=\"article:modified_time\" content=\"2025-06-15T18:17:27+00:00\" \/>\n<meta property=\"og:image\" content=\"https:\/\/www.oracaoefe.com\/wp-content\/uploads\/2024\/01\/image-13-1024x682.png\" \/>\n\t<meta property=\"og:image:width\" content=\"1024\" \/>\n\t<meta property=\"og:image:height\" content=\"682\" \/>\n\t<meta property=\"og:image:type\" content=\"image\/png\" \/>\n<meta name=\"author\" content=\"Michele Azevedo\" \/>\n<meta name=\"twitter:card\" content=\"summary_large_image\" \/>\n<meta name=\"twitter:label1\" content=\"\u00c9crit par\" \/>\n\t<meta name=\"twitter:data1\" content=\"Michele Azevedo\" \/>\n\t<meta name=\"twitter:label2\" content=\"Dur\u00e9e de lecture estim\u00e9e\" \/>\n\t<meta name=\"twitter:data2\" content=\"4 minutes\" \/>\n<script type=\"application\/ld+json\" class=\"yoast-schema-graph\">{\"@context\":\"https:\\\/\\\/schema.org\",\"@graph\":[{\"@type\":\"Article\",\"@id\":\"https:\\\/\\\/www.oracaoefe.com\\\/a-importancia-de-respeitar-o-proximo-sempre\\\/#article\",\"isPartOf\":{\"@id\":\"https:\\\/\\\/www.oracaoefe.com\\\/a-importancia-de-respeitar-o-proximo-sempre\\\/\"},\"author\":{\"name\":\"Michele Azevedo\",\"@id\":\"https:\\\/\\\/www.oracaoefe.com\\\/#\\\/schema\\\/person\\\/17283c669442cf005c4d5bb58adfb7f5\"},\"headline\":\"A import\u00e2ncia de respeitar o pr\u00f3ximo sempre\",\"datePublished\":\"2024-02-09T04:01:00+00:00\",\"dateModified\":\"2025-06-15T18:17:27+00:00\",\"mainEntityOfPage\":{\"@id\":\"https:\\\/\\\/www.oracaoefe.com\\\/a-importancia-de-respeitar-o-proximo-sempre\\\/\"},\"wordCount\":802,\"image\":{\"@id\":\"https:\\\/\\\/www.oracaoefe.com\\\/a-importancia-de-respeitar-o-proximo-sempre\\\/#primaryimage\"},\"thumbnailUrl\":\"https:\\\/\\\/www.oracaoefe.com\\\/wp-content\\\/uploads\\\/2024\\\/01\\\/image-13.png\",\"articleSection\":[\"F\u00e9\"],\"inLanguage\":\"fr-FR\"},{\"@type\":\"WebPage\",\"@id\":\"https:\\\/\\\/www.oracaoefe.com\\\/a-importancia-de-respeitar-o-proximo-sempre\\\/\",\"url\":\"https:\\\/\\\/www.oracaoefe.com\\\/a-importancia-de-respeitar-o-proximo-sempre\\\/\",\"name\":\"A import\u00e2ncia de respeitar o pr\u00f3ximo sempre - Ora\u00e7\u00e3o e F\u00e9\",\"isPartOf\":{\"@id\":\"https:\\\/\\\/www.oracaoefe.com\\\/#website\"},\"primaryImageOfPage\":{\"@id\":\"https:\\\/\\\/www.oracaoefe.com\\\/a-importancia-de-respeitar-o-proximo-sempre\\\/#primaryimage\"},\"image\":{\"@id\":\"https:\\\/\\\/www.oracaoefe.com\\\/a-importancia-de-respeitar-o-proximo-sempre\\\/#primaryimage\"},\"thumbnailUrl\":\"https:\\\/\\\/www.oracaoefe.com\\\/wp-content\\\/uploads\\\/2024\\\/01\\\/image-13.png\",\"datePublished\":\"2024-02-09T04:01:00+00:00\",\"dateModified\":\"2025-06-15T18:17:27+00:00\",\"author\":{\"@id\":\"https:\\\/\\\/www.oracaoefe.com\\\/#\\\/schema\\\/person\\\/17283c669442cf005c4d5bb58adfb7f5\"},\"description\":\"Deus tem pra voc\u00ea uma palavra de vida!\",\"breadcrumb\":{\"@id\":\"https:\\\/\\\/www.oracaoefe.com\\\/a-importancia-de-respeitar-o-proximo-sempre\\\/#breadcrumb\"},\"inLanguage\":\"fr-FR\",\"potentialAction\":[{\"@type\":\"ReadAction\",\"target\":[\"https:\\\/\\\/www.oracaoefe.com\\\/a-importancia-de-respeitar-o-proximo-sempre\\\/\"]}]},{\"@type\":\"ImageObject\",\"inLanguage\":\"fr-FR\",\"@id\":\"https:\\\/\\\/www.oracaoefe.com\\\/a-importancia-de-respeitar-o-proximo-sempre\\\/#primaryimage\",\"url\":\"https:\\\/\\\/www.oracaoefe.com\\\/wp-content\\\/uploads\\\/2024\\\/01\\\/image-13.png\",\"contentUrl\":\"https:\\\/\\\/www.oracaoefe.com\\\/wp-content\\\/uploads\\\/2024\\\/01\\\/image-13.png\",\"width\":1280,\"height\":853},{\"@type\":\"BreadcrumbList\",\"@id\":\"https:\\\/\\\/www.oracaoefe.com\\\/a-importancia-de-respeitar-o-proximo-sempre\\\/#breadcrumb\",\"itemListElement\":[{\"@type\":\"ListItem\",\"position\":1,\"name\":\"Home\",\"item\":\"https:\\\/\\\/www.oracaoefe.com\\\/\"},{\"@type\":\"ListItem\",\"position\":2,\"name\":\"F\u00e9\",\"item\":\"https:\\\/\\\/www.oracaoefe.com\\\/es\\\/categoria\\\/fe\\\/\"},{\"@type\":\"ListItem\",\"position\":3,\"name\":\"A import\u00e2ncia de respeitar o pr\u00f3ximo sempre\"}]},{\"@type\":\"WebSite\",\"@id\":\"https:\\\/\\\/www.oracaoefe.com\\\/#website\",\"url\":\"https:\\\/\\\/www.oracaoefe.com\\\/\",\"name\":\"Ora\u00e7\u00e3o e F\u00e9\",\"description\":\"\",\"potentialAction\":[{\"@type\":\"SearchAction\",\"target\":{\"@type\":\"EntryPoint\",\"urlTemplate\":\"https:\\\/\\\/www.oracaoefe.com\\\/?s={search_term_string}\"},\"query-input\":{\"@type\":\"PropertyValueSpecification\",\"valueRequired\":true,\"valueName\":\"search_term_string\"}}],\"inLanguage\":\"fr-FR\"},{\"@type\":\"Person\",\"@id\":\"https:\\\/\\\/www.oracaoefe.com\\\/#\\\/schema\\\/person\\\/17283c669442cf005c4d5bb58adfb7f5\",\"name\":\"Michele Azevedo\",\"image\":{\"@type\":\"ImageObject\",\"inLanguage\":\"fr-FR\",\"@id\":\"https:\\\/\\\/secure.gravatar.com\\\/avatar\\\/6b0eb9d22841282815e2cd856a0061c45e1761cd54b22e952d98c4746939aa85?s=96&d=mm&r=g\",\"url\":\"https:\\\/\\\/secure.gravatar.com\\\/avatar\\\/6b0eb9d22841282815e2cd856a0061c45e1761cd54b22e952d98c4746939aa85?s=96&d=mm&r=g\",\"contentUrl\":\"https:\\\/\\\/secure.gravatar.com\\\/avatar\\\/6b0eb9d22841282815e2cd856a0061c45e1761cd54b22e952d98c4746939aa85?s=96&d=mm&r=g\",\"caption\":\"Michele Azevedo\"},\"description\":\"Formada em Letras - Portugu\u00eas\\\/ Ingl\u00eas pela Universidade Estadual de Ponta Grossa (UEPG), p\u00f3s-graduada em Arte na Educa\u00e7\u00e3o (FAPI) e Psicopedagogia Escolar (FAPI), idealizadora e propriet\u00e1ria do site Escritora de Sucesso, possui experi\u00eancia em escrita para blogs em geral e atua como redatora e revisora dos conte\u00fados do Ora\u00e7\u00e3o e F\u00e9.\",\"url\":\"https:\\\/\\\/www.oracaoefe.com\\\/fr\\\/author\\\/michele-azevedo\\\/\"}]}<\/script>\n<!-- \/ Yoast SEO plugin. -->","yoast_head_json":{"title":"A import\u00e2ncia de respeitar o pr\u00f3ximo sempre - Ora\u00e7\u00e3o e F\u00e9","description":"Dieu a une parole de vie pour vous !","robots":{"index":"index","follow":"follow","max-snippet":"max-snippet:-1","max-image-preview":"max-image-preview:large","max-video-preview":"max-video-preview:-1"},"canonical":"https:\/\/www.oracaoefe.com\/fr\/a-importancia-de-respeitar-o-proximo-sempre\/","og_locale":"fr_FR","og_type":"article","og_title":"A import\u00e2ncia de respeitar o pr\u00f3ximo sempre - Ora\u00e7\u00e3o e F\u00e9","og_description":"Deus tem pra voc\u00ea uma palavra de vida!","og_url":"https:\/\/www.oracaoefe.com\/fr\/a-importancia-de-respeitar-o-proximo-sempre\/","og_site_name":"Ora\u00e7\u00e3o e F\u00e9","article_published_time":"2024-02-09T04:01:00+00:00","article_modified_time":"2025-06-15T18:17:27+00:00","og_image":[{"width":1024,"height":682,"url":"https:\/\/www.oracaoefe.com\/wp-content\/uploads\/2024\/01\/image-13-1024x682.png","type":"image\/png"}],"author":"Michele Azevedo","twitter_card":"summary_large_image","twitter_misc":{"\u00c9crit par":"Michele Azevedo","Dur\u00e9e de lecture estim\u00e9e":"4 minutes"},"schema":{"@context":"https:\/\/schema.org","@graph":[{"@type":"Article","@id":"https:\/\/www.oracaoefe.com\/a-importancia-de-respeitar-o-proximo-sempre\/#article","isPartOf":{"@id":"https:\/\/www.oracaoefe.com\/a-importancia-de-respeitar-o-proximo-sempre\/"},"author":{"name":"Michele Azevedo","@id":"https:\/\/www.oracaoefe.com\/#\/schema\/person\/17283c669442cf005c4d5bb58adfb7f5"},"headline":"A import\u00e2ncia de respeitar o pr\u00f3ximo sempre","datePublished":"2024-02-09T04:01:00+00:00","dateModified":"2025-06-15T18:17:27+00:00","mainEntityOfPage":{"@id":"https:\/\/www.oracaoefe.com\/a-importancia-de-respeitar-o-proximo-sempre\/"},"wordCount":802,"image":{"@id":"https:\/\/www.oracaoefe.com\/a-importancia-de-respeitar-o-proximo-sempre\/#primaryimage"},"thumbnailUrl":"https:\/\/www.oracaoefe.com\/wp-content\/uploads\/2024\/01\/image-13.png","articleSection":["F\u00e9"],"inLanguage":"fr-FR"},{"@type":"WebPage","@id":"https:\/\/www.oracaoefe.com\/a-importancia-de-respeitar-o-proximo-sempre\/","url":"https:\/\/www.oracaoefe.com\/a-importancia-de-respeitar-o-proximo-sempre\/","name":"A import\u00e2ncia de respeitar o pr\u00f3ximo sempre - Ora\u00e7\u00e3o e F\u00e9","isPartOf":{"@id":"https:\/\/www.oracaoefe.com\/#website"},"primaryImageOfPage":{"@id":"https:\/\/www.oracaoefe.com\/a-importancia-de-respeitar-o-proximo-sempre\/#primaryimage"},"image":{"@id":"https:\/\/www.oracaoefe.com\/a-importancia-de-respeitar-o-proximo-sempre\/#primaryimage"},"thumbnailUrl":"https:\/\/www.oracaoefe.com\/wp-content\/uploads\/2024\/01\/image-13.png","datePublished":"2024-02-09T04:01:00+00:00","dateModified":"2025-06-15T18:17:27+00:00","author":{"@id":"https:\/\/www.oracaoefe.com\/#\/schema\/person\/17283c669442cf005c4d5bb58adfb7f5"},"description":"Dieu a une parole de vie pour vous !","breadcrumb":{"@id":"https:\/\/www.oracaoefe.com\/a-importancia-de-respeitar-o-proximo-sempre\/#breadcrumb"},"inLanguage":"fr-FR","potentialAction":[{"@type":"ReadAction","target":["https:\/\/www.oracaoefe.com\/a-importancia-de-respeitar-o-proximo-sempre\/"]}]},{"@type":"ImageObject","inLanguage":"fr-FR","@id":"https:\/\/www.oracaoefe.com\/a-importancia-de-respeitar-o-proximo-sempre\/#primaryimage","url":"https:\/\/www.oracaoefe.com\/wp-content\/uploads\/2024\/01\/image-13.png","contentUrl":"https:\/\/www.oracaoefe.com\/wp-content\/uploads\/2024\/01\/image-13.png","width":1280,"height":853},{"@type":"BreadcrumbList","@id":"https:\/\/www.oracaoefe.com\/a-importancia-de-respeitar-o-proximo-sempre\/#breadcrumb","itemListElement":[{"@type":"ListItem","position":1,"name":"Home","item":"https:\/\/www.oracaoefe.com\/"},{"@type":"ListItem","position":2,"name":"F\u00e9","item":"https:\/\/www.oracaoefe.com\/es\/categoria\/fe\/"},{"@type":"ListItem","position":3,"name":"A import\u00e2ncia de respeitar o pr\u00f3ximo sempre"}]},{"@type":"WebSite","@id":"https:\/\/www.oracaoefe.com\/#website","url":"https:\/\/www.oracaoefe.com\/","name":"Pri\u00e8re et foi","description":"","potentialAction":[{"@type":"SearchAction","target":{"@type":"EntryPoint","urlTemplate":"https:\/\/www.oracaoefe.com\/?s={search_term_string}"},"query-input":{"@type":"PropertyValueSpecification","valueRequired":true,"valueName":"search_term_string"}}],"inLanguage":"fr-FR"},{"@type":"Person","@id":"https:\/\/www.oracaoefe.com\/#\/schema\/person\/17283c669442cf005c4d5bb58adfb7f5","name":"Michele Azevedo","image":{"@type":"ImageObject","inLanguage":"fr-FR","@id":"https:\/\/secure.gravatar.com\/avatar\/6b0eb9d22841282815e2cd856a0061c45e1761cd54b22e952d98c4746939aa85?s=96&d=mm&r=g","url":"https:\/\/secure.gravatar.com\/avatar\/6b0eb9d22841282815e2cd856a0061c45e1761cd54b22e952d98c4746939aa85?s=96&d=mm&r=g","contentUrl":"https:\/\/secure.gravatar.com\/avatar\/6b0eb9d22841282815e2cd856a0061c45e1761cd54b22e952d98c4746939aa85?s=96&d=mm&r=g","caption":"Michele Azevedo"},"description":"Dipl\u00f4m\u00e9e en litt\u00e9rature portugaise\/anglaise de l&#039;Universit\u00e9 d&#039;\u00c9tat de Ponta Grossa (UEPG), avec des dipl\u00f4mes de troisi\u00e8me cycle en art dans l&#039;\u00e9ducation (FAPI) et en psychop\u00e9dagogie scolaire (FAPI), elle est la cr\u00e9atrice et propri\u00e9taire du site web Escritora de Sucesso, a de l&#039;exp\u00e9rience dans l&#039;\u00e9criture pour les blogs en g\u00e9n\u00e9ral et travaille comme r\u00e9dactrice et \u00e9ditrice du contenu pour Ora\u00e7\u00e3o e F\u00e9.","url":"https:\/\/www.oracaoefe.com\/fr\/author\/michele-azevedo\/"}]}},"_links":{"self":[{"href":"https:\/\/www.oracaoefe.com\/fr\/wp-json\/wp\/v2\/posts\/2540","targetHints":{"allow":["GET"]}}],"collection":[{"href":"https:\/\/www.oracaoefe.com\/fr\/wp-json\/wp\/v2\/posts"}],"about":[{"href":"https:\/\/www.oracaoefe.com\/fr\/wp-json\/wp\/v2\/types\/post"}],"author":[{"embeddable":true,"href":"https:\/\/www.oracaoefe.com\/fr\/wp-json\/wp\/v2\/users\/3"}],"replies":[{"embeddable":true,"href":"https:\/\/www.oracaoefe.com\/fr\/wp-json\/wp\/v2\/comments?post=2540"}],"version-history":[{"count":2,"href":"https:\/\/www.oracaoefe.com\/fr\/wp-json\/wp\/v2\/posts\/2540\/revisions"}],"predecessor-version":[{"id":2557,"href":"https:\/\/www.oracaoefe.com\/fr\/wp-json\/wp\/v2\/posts\/2540\/revisions\/2557"}],"wp:featuredmedia":[{"embeddable":true,"href":"https:\/\/www.oracaoefe.com\/fr\/wp-json\/wp\/v2\/media\/2556"}],"wp:attachment":[{"href":"https:\/\/www.oracaoefe.com\/fr\/wp-json\/wp\/v2\/media?parent=2540"}],"wp:term":[{"taxonomy":"category","embeddable":true,"href":"https:\/\/www.oracaoefe.com\/fr\/wp-json\/wp\/v2\/categories?post=2540"},{"taxonomy":"post_tag","embeddable":true,"href":"https:\/\/www.oracaoefe.com\/fr\/wp-json\/wp\/v2\/tags?post=2540"}],"curies":[{"name":"wp","href":"https:\/\/api.w.org\/{rel}","templated":true}]}}