{"id":2538,"date":"2024-02-06T01:01:00","date_gmt":"2024-02-06T04:01:00","guid":{"rendered":"https:\/\/www.oracaoefe.com\/?p=2538"},"modified":"2024-01-21T16:28:23","modified_gmt":"2024-01-21T19:28:23","slug":"oracao-que-nunca-falha-antes-de-comecar-o-dia","status":"publish","type":"post","link":"https:\/\/www.oracaoefe.com\/fr\/oracao-que-nunca-falha-antes-de-comecar-o-dia\/","title":{"rendered":"Ora\u00e7\u00e3o que nunca falha antes de come\u00e7ar o dia"},"content":{"rendered":"<p class=\"wp-block-paragraph\">Come\u00e7ar o dia com uma ora\u00e7\u00e3o pode ser mais do que uma simples rotina religiosa; pode ser um ritual poderoso que define o tom para as pr\u00f3ximas horas. Independentemente da cren\u00e7a religiosa, a pr\u00e1tica da ora\u00e7\u00e3o matinal tem sido valorizada por s\u00e9culos como uma maneira de conectar-se com algo maior do que n\u00f3s mesmos e cultivar uma mentalidade positiva. Neste blogpost, exploraremos a import\u00e2ncia de uma ora\u00e7\u00e3o que nunca falha antes de come\u00e7ar o dia e como ela pode impactar positivamente nossa jornada di\u00e1ria.<\/p>\n\n\n\n<h2 class=\"wp-block-heading\">O Poder da Gratid\u00e3o<\/h2>\n\n\n\n<p class=\"wp-block-paragraph\">A gratid\u00e3o \u00e9 a base de muitas ora\u00e7\u00f5es matinais eficazes. Ao come\u00e7ar o dia expressando gratid\u00e3o, estamos moldando nossa perspectiva para focar no positivo. Agradecer pelas b\u00ean\u00e7\u00e3os recebidas, pela vida, pela sa\u00fade e pelas oportunidades que temos \u00e0 nossa frente cria um ambiente mental prop\u00edcio para enfrentar os desafios que o dia pode trazer.<\/p>\n\n\n\n<p class=\"wp-block-paragraph\">Incorporar a gratid\u00e3o \u00e0 ora\u00e7\u00e3o n\u00e3o apenas aumenta nossa aprecia\u00e7\u00e3o pela vida, mas tamb\u00e9m nos lembra de reconhecer as pequenas coisas que muitas vezes passam despercebidas. Ao faz\u00ea-lo, estamos construindo um alicerce s\u00f3lido para um dia cheio de significado e prop\u00f3sito.<\/p>\n\n\n\n<h2 class=\"wp-block-heading\">Conectando-se com a Espiritualidade Interior<\/h2>\n\n\n\n<p class=\"wp-block-paragraph\">Independentemente da religi\u00e3o ou espiritualidade espec\u00edfica, a ora\u00e7\u00e3o matinal oferece um momento para se conectar com a espiritualidade interior. Isso pode ser alcan\u00e7ado atrav\u00e9s de simples palavras de agradecimento, reflex\u00e3o ou pedidos de orienta\u00e7\u00e3o. Esse momento de conex\u00e3o \u00e9 uma oportunidade para buscar for\u00e7a, coragem e paz interior.<\/p>\n\n\n\n<figure class=\"wp-block-image size-large\"><img loading=\"lazy\" decoding=\"async\" width=\"1024\" height=\"683\" src=\"https:\/\/www.oracaoefe.com\/wp-content\/uploads\/2024\/01\/image-12-1024x683.png\" alt=\"\" class=\"wp-image-2554\" srcset=\"https:\/\/www.oracaoefe.com\/wp-content\/uploads\/2024\/01\/image-12-1024x683.png 1024w, https:\/\/www.oracaoefe.com\/wp-content\/uploads\/2024\/01\/image-12-300x200.png 300w, https:\/\/www.oracaoefe.com\/wp-content\/uploads\/2024\/01\/image-12-768x512.png 768w, https:\/\/www.oracaoefe.com\/wp-content\/uploads\/2024\/01\/image-12-18x12.png 18w, https:\/\/www.oracaoefe.com\/wp-content\/uploads\/2024\/01\/image-12.png 1280w\" sizes=\"auto, (max-width: 1024px) 100vw, 1024px\" \/><\/figure>\n\n\n\n<p class=\"wp-block-paragraph\">A ora\u00e7\u00e3o n\u00e3o precisa ser elaborada; ela pode ser uma conversa simples com o divino ou uma medita\u00e7\u00e3o tranquila. O importante \u00e9 criar um espa\u00e7o para se interiorizar, para se conectar com algo maior do que o cotidiano agitado, nutrindo assim o aspecto espiritual da exist\u00eancia.<\/p>\n\n\n\n<h2 class=\"wp-block-heading\">Afirma\u00e7\u00f5es Positivas para Moldar o Dia<\/h2>\n\n\n\n<p class=\"wp-block-paragraph\">Incorporar afirma\u00e7\u00f5es positivas \u00e0 ora\u00e7\u00e3o \u00e9 uma pr\u00e1tica poderosa. Ao verbalizar nossas inten\u00e7\u00f5es para o dia, estamos moldando a nossa realidade. Palavras t\u00eam poder, e ao proclamar positividade, estamos enviando uma mensagem ao universo e a n\u00f3s mesmos de que estamos prontos para enfrentar os desafios com uma mentalidade construtiva.<\/p>\n\n\n\n<p class=\"wp-block-paragraph\">Afirma\u00e7\u00f5es como &#8220;Estou aberto \u00e0s oportunidades que o dia traz&#8221; ou &#8220;Eu sou capaz de superar qualquer desafio com calma e confian\u00e7a&#8221; podem transformar a maneira como enfrentamos as situa\u00e7\u00f5es ao longo do dia. A ora\u00e7\u00e3o matinal, ent\u00e3o, torna-se uma ferramenta poderosa para a cria\u00e7\u00e3o consciente de nossa realidade.<\/p>\n\n\n\n<h2 class=\"wp-block-heading\">A Ora\u00e7\u00e3o que Nunca Falha<\/h2>\n\n\n\n<p class=\"wp-block-paragraph\">N\u00e3o existe uma f\u00f3rmula \u00fanica para a ora\u00e7\u00e3o que nunca falha, pois ela \u00e9 uma express\u00e3o pessoal e \u00fanica de espiritualidade. No entanto, podemos compartilhar uma estrutura geral que pode ser adaptada conforme as cren\u00e7as individuais:<\/p>\n\n\n\n<ul class=\"wp-block-list\">\n<li>In\u00edcio com Gratid\u00e3o: Comece a ora\u00e7\u00e3o expressando gratid\u00e3o por aspectos espec\u00edficos de sua vida. Pode ser agradecer pela fam\u00edlia, pela sa\u00fade, pela oportunidade de um novo dia.<\/li>\n\n\n\n<li>Conex\u00e3o Espiritual: Dedique um momento para se conectar com a espiritualidade interior. Isso pode ser feito atrav\u00e9s de uma breve medita\u00e7\u00e3o, ora\u00e7\u00e3o tradicional ou simplesmente respirando profundamente e se interiorizando.<\/li>\n\n\n\n<li>Afirma\u00e7\u00f5es Positivas: Declare suas inten\u00e7\u00f5es para o dia. Use palavras positivas e construtivas para moldar sua mentalidade e atrair energia positiva.<\/li>\n\n\n\n<li>Pedidos e Reflex\u00f5es: Fa\u00e7a pedidos espec\u00edficos, se sentir a necessidade. Reflita sobre desafios iminentes e pe\u00e7a orienta\u00e7\u00e3o ou for\u00e7a para enfrent\u00e1-los.<\/li>\n\n\n\n<li>Conclus\u00e3o com Confian\u00e7a: Termine a ora\u00e7\u00e3o com confian\u00e7a, acreditando que voc\u00ea est\u00e1 pronto para enfrentar o dia com coragem e gra\u00e7a.<\/li>\n<\/ul>\n\n\n\n<h2 class=\"wp-block-heading\">A Incorpora\u00e7\u00e3o da Ora\u00e7\u00e3o na Rotina Matinal<\/h2>\n\n\n\n<p class=\"wp-block-paragraph\">Criar o h\u00e1bito de incorporar a ora\u00e7\u00e3o matinal na rotina pode exigir um ajuste gradual. Comece reservando alguns minutos a cada manh\u00e3 para se conectar consigo mesmo e com algo maior. \u00c0 medida que a pr\u00e1tica se torna mais familiar, \u00e9 poss\u00edvel estender o tempo dedicado \u00e0 ora\u00e7\u00e3o e adaptar a abordagem conforme necess\u00e1rio.<\/p>\n\n\n\n<p class=\"wp-block-paragraph\">A consist\u00eancia \u00e9 fundamental. Assim como qualquer h\u00e1bito, a ora\u00e7\u00e3o matinal se torna mais eficaz quando \u00e9 parte integrante da rotina di\u00e1ria. Reserve um momento tranquilo, livre de distra\u00e7\u00f5es, para se envolver plenamente nesse ritual matinal, preparando-se para enfrentar o dia com uma mentalidade renovada.<\/p>\n\n\n\n<h2 class=\"wp-block-heading\">O Poder Transformador da Ora\u00e7\u00e3o Matinal<\/h2>\n\n\n\n<p class=\"wp-block-paragraph\">A ora\u00e7\u00e3o que nunca falha antes de come\u00e7ar o dia \u00e9, acima de tudo, uma ferramenta para cultivar a espiritualidade, a gratid\u00e3o e a mentalidade positiva. N\u00e3o se trata apenas de seguir um conjunto de palavras pr\u00e9-determinadas, mas de criar um espa\u00e7o sagrado para se conectar consigo mesmo e com algo maior.<\/p>\n\n\n\n<p class=\"wp-block-paragraph\">Ao incorporar a gratid\u00e3o, a conex\u00e3o espiritual e as afirma\u00e7\u00f5es positivas, a ora\u00e7\u00e3o matinal se torna um poderoso ritual de transforma\u00e7\u00e3o pessoal. Ela molda nossa perspectiva, define o tom para o dia e nos capacita a enfrentar os desafios com resili\u00eancia e confian\u00e7a.<\/p>\n\n\n\n<p class=\"wp-block-paragraph\">Independentemente das cren\u00e7as individuais, a pr\u00e1tica da ora\u00e7\u00e3o matinal oferece um momento de reflex\u00e3o e autotransforma\u00e7\u00e3o. Experimente incorporar esse ritual em sua rotina di\u00e1ria e descubra como a ora\u00e7\u00e3o que nunca falha pode ser um guia valioso em sua jornada di\u00e1ria.<\/p>\n\n\n\n<p class=\"wp-block-paragraph\"><strong>Voir aussi\u00a0: <a href=\"https:\/\/www.oracaoefe.com\/fr\/oracao-poderosa-para-tudo-dar-certo-urgente\/\">Ora\u00e7\u00e3o poderosa para tudo dar certo urgente<\/a><\/strong><\/p>\n\n\n\n<p class=\"wp-block-paragraph\">6 de fevereiro de 2024<\/p>","protected":false},"excerpt":{"rendered":"<p>Come\u00e7ar o dia com uma ora\u00e7\u00e3o pode ser mais do que uma simples rotina religiosa; pode ser um ritual poderoso que define o tom para as pr\u00f3ximas horas. Independentemente da cren\u00e7a religiosa, a pr\u00e1tica da ora\u00e7\u00e3o matinal tem sido valorizada por s\u00e9culos como uma maneira de conectar-se com algo maior do que n\u00f3s mesmos e&hellip;&nbsp;<\/p>","protected":false},"author":3,"featured_media":2554,"comment_status":"closed","ping_status":"closed","sticky":false,"template":"","format":"standard","meta":{"neve_meta_sidebar":"","neve_meta_container":"","neve_meta_enable_content_width":"","neve_meta_content_width":0,"neve_meta_title_alignment":"","neve_meta_author_avatar":"","neve_post_elements_order":"","neve_meta_disable_header":"","neve_meta_disable_footer":"","neve_meta_disable_title":"","footnotes":""},"categories":[2],"tags":[],"class_list":["post-2538","post","type-post","status-publish","format-standard","has-post-thumbnail","hentry","category-oracao"],"yoast_head":"<!-- This site is optimized with the Yoast SEO plugin v28.4 - https:\/\/yoast.com\/product\/yoast-seo-wordpress\/ -->\n<title>Ora\u00e7\u00e3o que nunca falha antes de come\u00e7ar o dia - Ora\u00e7\u00e3o e F\u00e9<\/title>\n<meta name=\"description\" content=\"Deus tem pra voc\u00ea uma palavra de vida!\" \/>\n<meta name=\"robots\" content=\"index, follow, max-snippet:-1, max-image-preview:large, max-video-preview:-1\" \/>\n<link rel=\"canonical\" href=\"https:\/\/www.oracaoefe.com\/fr\/oracao-que-nunca-falha-antes-de-comecar-o-dia\/\" \/>\n<meta property=\"og:locale\" content=\"fr_FR\" \/>\n<meta property=\"og:type\" content=\"article\" \/>\n<meta property=\"og:title\" content=\"Ora\u00e7\u00e3o que nunca falha antes de come\u00e7ar o dia - Ora\u00e7\u00e3o e F\u00e9\" \/>\n<meta property=\"og:description\" content=\"Deus tem pra voc\u00ea uma palavra de vida!\" \/>\n<meta property=\"og:url\" content=\"https:\/\/www.oracaoefe.com\/fr\/oracao-que-nunca-falha-antes-de-comecar-o-dia\/\" \/>\n<meta property=\"og:site_name\" content=\"Ora\u00e7\u00e3o e F\u00e9\" \/>\n<meta property=\"article:published_time\" content=\"2024-02-06T04:01:00+00:00\" \/>\n<meta property=\"og:image\" content=\"https:\/\/www.oracaoefe.com\/wp-content\/uploads\/2024\/01\/image-12.png\" \/>\n\t<meta property=\"og:image:width\" content=\"1280\" \/>\n\t<meta property=\"og:image:height\" content=\"854\" \/>\n\t<meta property=\"og:image:type\" content=\"image\/png\" \/>\n<meta name=\"author\" content=\"Michele Azevedo\" \/>\n<meta name=\"twitter:card\" content=\"summary_large_image\" \/>\n<meta name=\"twitter:label1\" content=\"\u00c9crit par\" \/>\n\t<meta name=\"twitter:data1\" content=\"Michele Azevedo\" \/>\n\t<meta name=\"twitter:label2\" content=\"Dur\u00e9e de lecture estim\u00e9e\" \/>\n\t<meta name=\"twitter:data2\" content=\"5 minutes\" \/>\n<script type=\"application\/ld+json\" class=\"yoast-schema-graph\">{\"@context\":\"https:\\\/\\\/schema.org\",\"@graph\":[{\"@type\":\"Article\",\"@id\":\"https:\\\/\\\/www.oracaoefe.com\\\/oracao-que-nunca-falha-antes-de-comecar-o-dia\\\/#article\",\"isPartOf\":{\"@id\":\"https:\\\/\\\/www.oracaoefe.com\\\/oracao-que-nunca-falha-antes-de-comecar-o-dia\\\/\"},\"author\":{\"name\":\"Michele Azevedo\",\"@id\":\"https:\\\/\\\/www.oracaoefe.com\\\/#\\\/schema\\\/person\\\/17283c669442cf005c4d5bb58adfb7f5\"},\"headline\":\"Ora\u00e7\u00e3o que nunca falha antes de come\u00e7ar o dia\",\"datePublished\":\"2024-02-06T04:01:00+00:00\",\"mainEntityOfPage\":{\"@id\":\"https:\\\/\\\/www.oracaoefe.com\\\/oracao-que-nunca-falha-antes-de-comecar-o-dia\\\/\"},\"wordCount\":929,\"image\":{\"@id\":\"https:\\\/\\\/www.oracaoefe.com\\\/oracao-que-nunca-falha-antes-de-comecar-o-dia\\\/#primaryimage\"},\"thumbnailUrl\":\"https:\\\/\\\/www.oracaoefe.com\\\/wp-content\\\/uploads\\\/2024\\\/01\\\/image-12.png\",\"articleSection\":[\"Ora\u00e7\u00e3o\"],\"inLanguage\":\"fr-FR\"},{\"@type\":\"WebPage\",\"@id\":\"https:\\\/\\\/www.oracaoefe.com\\\/oracao-que-nunca-falha-antes-de-comecar-o-dia\\\/\",\"url\":\"https:\\\/\\\/www.oracaoefe.com\\\/oracao-que-nunca-falha-antes-de-comecar-o-dia\\\/\",\"name\":\"Ora\u00e7\u00e3o que nunca falha antes de come\u00e7ar o dia - Ora\u00e7\u00e3o e F\u00e9\",\"isPartOf\":{\"@id\":\"https:\\\/\\\/www.oracaoefe.com\\\/#website\"},\"primaryImageOfPage\":{\"@id\":\"https:\\\/\\\/www.oracaoefe.com\\\/oracao-que-nunca-falha-antes-de-comecar-o-dia\\\/#primaryimage\"},\"image\":{\"@id\":\"https:\\\/\\\/www.oracaoefe.com\\\/oracao-que-nunca-falha-antes-de-comecar-o-dia\\\/#primaryimage\"},\"thumbnailUrl\":\"https:\\\/\\\/www.oracaoefe.com\\\/wp-content\\\/uploads\\\/2024\\\/01\\\/image-12.png\",\"datePublished\":\"2024-02-06T04:01:00+00:00\",\"author\":{\"@id\":\"https:\\\/\\\/www.oracaoefe.com\\\/#\\\/schema\\\/person\\\/17283c669442cf005c4d5bb58adfb7f5\"},\"description\":\"Deus tem pra voc\u00ea uma palavra de vida!\",\"breadcrumb\":{\"@id\":\"https:\\\/\\\/www.oracaoefe.com\\\/oracao-que-nunca-falha-antes-de-comecar-o-dia\\\/#breadcrumb\"},\"inLanguage\":\"fr-FR\",\"potentialAction\":[{\"@type\":\"ReadAction\",\"target\":[\"https:\\\/\\\/www.oracaoefe.com\\\/oracao-que-nunca-falha-antes-de-comecar-o-dia\\\/\"]}]},{\"@type\":\"ImageObject\",\"inLanguage\":\"fr-FR\",\"@id\":\"https:\\\/\\\/www.oracaoefe.com\\\/oracao-que-nunca-falha-antes-de-comecar-o-dia\\\/#primaryimage\",\"url\":\"https:\\\/\\\/www.oracaoefe.com\\\/wp-content\\\/uploads\\\/2024\\\/01\\\/image-12.png\",\"contentUrl\":\"https:\\\/\\\/www.oracaoefe.com\\\/wp-content\\\/uploads\\\/2024\\\/01\\\/image-12.png\",\"width\":1280,\"height\":854},{\"@type\":\"BreadcrumbList\",\"@id\":\"https:\\\/\\\/www.oracaoefe.com\\\/oracao-que-nunca-falha-antes-de-comecar-o-dia\\\/#breadcrumb\",\"itemListElement\":[{\"@type\":\"ListItem\",\"position\":1,\"name\":\"Home\",\"item\":\"https:\\\/\\\/www.oracaoefe.com\\\/\"},{\"@type\":\"ListItem\",\"position\":2,\"name\":\"Ora\u00e7\u00e3o\",\"item\":\"https:\\\/\\\/www.oracaoefe.com\\\/category\\\/oracao\\\/\"},{\"@type\":\"ListItem\",\"position\":3,\"name\":\"Ora\u00e7\u00e3o que nunca falha antes de come\u00e7ar o dia\"}]},{\"@type\":\"WebSite\",\"@id\":\"https:\\\/\\\/www.oracaoefe.com\\\/#website\",\"url\":\"https:\\\/\\\/www.oracaoefe.com\\\/\",\"name\":\"Ora\u00e7\u00e3o e F\u00e9\",\"description\":\"\",\"potentialAction\":[{\"@type\":\"SearchAction\",\"target\":{\"@type\":\"EntryPoint\",\"urlTemplate\":\"https:\\\/\\\/www.oracaoefe.com\\\/?s={search_term_string}\"},\"query-input\":{\"@type\":\"PropertyValueSpecification\",\"valueRequired\":true,\"valueName\":\"search_term_string\"}}],\"inLanguage\":\"fr-FR\"},{\"@type\":\"Person\",\"@id\":\"https:\\\/\\\/www.oracaoefe.com\\\/#\\\/schema\\\/person\\\/17283c669442cf005c4d5bb58adfb7f5\",\"name\":\"Michele Azevedo\",\"image\":{\"@type\":\"ImageObject\",\"inLanguage\":\"fr-FR\",\"@id\":\"https:\\\/\\\/secure.gravatar.com\\\/avatar\\\/6b0eb9d22841282815e2cd856a0061c45e1761cd54b22e952d98c4746939aa85?s=96&d=mm&r=g\",\"url\":\"https:\\\/\\\/secure.gravatar.com\\\/avatar\\\/6b0eb9d22841282815e2cd856a0061c45e1761cd54b22e952d98c4746939aa85?s=96&d=mm&r=g\",\"contentUrl\":\"https:\\\/\\\/secure.gravatar.com\\\/avatar\\\/6b0eb9d22841282815e2cd856a0061c45e1761cd54b22e952d98c4746939aa85?s=96&d=mm&r=g\",\"caption\":\"Michele Azevedo\"},\"description\":\"Formada em Letras - Portugu\u00eas\\\/ Ingl\u00eas pela Universidade Estadual de Ponta Grossa (UEPG), p\u00f3s-graduada em Arte na Educa\u00e7\u00e3o (FAPI) e Psicopedagogia Escolar (FAPI), idealizadora e propriet\u00e1ria do site Escritora de Sucesso, possui experi\u00eancia em escrita para blogs em geral e atua como redatora e revisora dos conte\u00fados do Ora\u00e7\u00e3o e F\u00e9.\",\"url\":\"https:\\\/\\\/www.oracaoefe.com\\\/fr\\\/author\\\/michele-azevedo\\\/\"}]}<\/script>\n<!-- \/ Yoast SEO plugin. -->","yoast_head_json":{"title":"Ora\u00e7\u00e3o que nunca falha antes de come\u00e7ar o dia - Ora\u00e7\u00e3o e F\u00e9","description":"Dieu a une parole de vie pour vous !","robots":{"index":"index","follow":"follow","max-snippet":"max-snippet:-1","max-image-preview":"max-image-preview:large","max-video-preview":"max-video-preview:-1"},"canonical":"https:\/\/www.oracaoefe.com\/fr\/oracao-que-nunca-falha-antes-de-comecar-o-dia\/","og_locale":"fr_FR","og_type":"article","og_title":"Ora\u00e7\u00e3o que nunca falha antes de come\u00e7ar o dia - Ora\u00e7\u00e3o e F\u00e9","og_description":"Deus tem pra voc\u00ea uma palavra de vida!","og_url":"https:\/\/www.oracaoefe.com\/fr\/oracao-que-nunca-falha-antes-de-comecar-o-dia\/","og_site_name":"Ora\u00e7\u00e3o e F\u00e9","article_published_time":"2024-02-06T04:01:00+00:00","og_image":[{"width":1280,"height":854,"url":"https:\/\/www.oracaoefe.com\/wp-content\/uploads\/2024\/01\/image-12.png","type":"image\/png"}],"author":"Michele Azevedo","twitter_card":"summary_large_image","twitter_misc":{"\u00c9crit par":"Michele Azevedo","Dur\u00e9e de lecture estim\u00e9e":"5 minutes"},"schema":{"@context":"https:\/\/schema.org","@graph":[{"@type":"Article","@id":"https:\/\/www.oracaoefe.com\/oracao-que-nunca-falha-antes-de-comecar-o-dia\/#article","isPartOf":{"@id":"https:\/\/www.oracaoefe.com\/oracao-que-nunca-falha-antes-de-comecar-o-dia\/"},"author":{"name":"Michele Azevedo","@id":"https:\/\/www.oracaoefe.com\/#\/schema\/person\/17283c669442cf005c4d5bb58adfb7f5"},"headline":"Ora\u00e7\u00e3o que nunca falha antes de come\u00e7ar o dia","datePublished":"2024-02-06T04:01:00+00:00","mainEntityOfPage":{"@id":"https:\/\/www.oracaoefe.com\/oracao-que-nunca-falha-antes-de-comecar-o-dia\/"},"wordCount":929,"image":{"@id":"https:\/\/www.oracaoefe.com\/oracao-que-nunca-falha-antes-de-comecar-o-dia\/#primaryimage"},"thumbnailUrl":"https:\/\/www.oracaoefe.com\/wp-content\/uploads\/2024\/01\/image-12.png","articleSection":["Ora\u00e7\u00e3o"],"inLanguage":"fr-FR"},{"@type":"WebPage","@id":"https:\/\/www.oracaoefe.com\/oracao-que-nunca-falha-antes-de-comecar-o-dia\/","url":"https:\/\/www.oracaoefe.com\/oracao-que-nunca-falha-antes-de-comecar-o-dia\/","name":"Ora\u00e7\u00e3o que nunca falha antes de come\u00e7ar o dia - Ora\u00e7\u00e3o e F\u00e9","isPartOf":{"@id":"https:\/\/www.oracaoefe.com\/#website"},"primaryImageOfPage":{"@id":"https:\/\/www.oracaoefe.com\/oracao-que-nunca-falha-antes-de-comecar-o-dia\/#primaryimage"},"image":{"@id":"https:\/\/www.oracaoefe.com\/oracao-que-nunca-falha-antes-de-comecar-o-dia\/#primaryimage"},"thumbnailUrl":"https:\/\/www.oracaoefe.com\/wp-content\/uploads\/2024\/01\/image-12.png","datePublished":"2024-02-06T04:01:00+00:00","author":{"@id":"https:\/\/www.oracaoefe.com\/#\/schema\/person\/17283c669442cf005c4d5bb58adfb7f5"},"description":"Dieu a une parole de vie pour vous !","breadcrumb":{"@id":"https:\/\/www.oracaoefe.com\/oracao-que-nunca-falha-antes-de-comecar-o-dia\/#breadcrumb"},"inLanguage":"fr-FR","potentialAction":[{"@type":"ReadAction","target":["https:\/\/www.oracaoefe.com\/oracao-que-nunca-falha-antes-de-comecar-o-dia\/"]}]},{"@type":"ImageObject","inLanguage":"fr-FR","@id":"https:\/\/www.oracaoefe.com\/oracao-que-nunca-falha-antes-de-comecar-o-dia\/#primaryimage","url":"https:\/\/www.oracaoefe.com\/wp-content\/uploads\/2024\/01\/image-12.png","contentUrl":"https:\/\/www.oracaoefe.com\/wp-content\/uploads\/2024\/01\/image-12.png","width":1280,"height":854},{"@type":"BreadcrumbList","@id":"https:\/\/www.oracaoefe.com\/oracao-que-nunca-falha-antes-de-comecar-o-dia\/#breadcrumb","itemListElement":[{"@type":"ListItem","position":1,"name":"Home","item":"https:\/\/www.oracaoefe.com\/"},{"@type":"ListItem","position":2,"name":"Ora\u00e7\u00e3o","item":"https:\/\/www.oracaoefe.com\/category\/oracao\/"},{"@type":"ListItem","position":3,"name":"Ora\u00e7\u00e3o que nunca falha antes de come\u00e7ar o dia"}]},{"@type":"WebSite","@id":"https:\/\/www.oracaoefe.com\/#website","url":"https:\/\/www.oracaoefe.com\/","name":"Pri\u00e8re et foi","description":"","potentialAction":[{"@type":"SearchAction","target":{"@type":"EntryPoint","urlTemplate":"https:\/\/www.oracaoefe.com\/?s={search_term_string}"},"query-input":{"@type":"PropertyValueSpecification","valueRequired":true,"valueName":"search_term_string"}}],"inLanguage":"fr-FR"},{"@type":"Person","@id":"https:\/\/www.oracaoefe.com\/#\/schema\/person\/17283c669442cf005c4d5bb58adfb7f5","name":"Michele Azevedo","image":{"@type":"ImageObject","inLanguage":"fr-FR","@id":"https:\/\/secure.gravatar.com\/avatar\/6b0eb9d22841282815e2cd856a0061c45e1761cd54b22e952d98c4746939aa85?s=96&d=mm&r=g","url":"https:\/\/secure.gravatar.com\/avatar\/6b0eb9d22841282815e2cd856a0061c45e1761cd54b22e952d98c4746939aa85?s=96&d=mm&r=g","contentUrl":"https:\/\/secure.gravatar.com\/avatar\/6b0eb9d22841282815e2cd856a0061c45e1761cd54b22e952d98c4746939aa85?s=96&d=mm&r=g","caption":"Michele Azevedo"},"description":"Dipl\u00f4m\u00e9e en litt\u00e9rature portugaise\/anglaise de l&#039;Universit\u00e9 d&#039;\u00c9tat de Ponta Grossa (UEPG), avec des dipl\u00f4mes de troisi\u00e8me cycle en art dans l&#039;\u00e9ducation (FAPI) et en psychop\u00e9dagogie scolaire (FAPI), elle est la cr\u00e9atrice et propri\u00e9taire du site web Escritora de Sucesso, a de l&#039;exp\u00e9rience dans l&#039;\u00e9criture pour les blogs en g\u00e9n\u00e9ral et travaille comme r\u00e9dactrice et \u00e9ditrice du contenu pour Ora\u00e7\u00e3o e F\u00e9.","url":"https:\/\/www.oracaoefe.com\/fr\/author\/michele-azevedo\/"}]}},"_links":{"self":[{"href":"https:\/\/www.oracaoefe.com\/fr\/wp-json\/wp\/v2\/posts\/2538","targetHints":{"allow":["GET"]}}],"collection":[{"href":"https:\/\/www.oracaoefe.com\/fr\/wp-json\/wp\/v2\/posts"}],"about":[{"href":"https:\/\/www.oracaoefe.com\/fr\/wp-json\/wp\/v2\/types\/post"}],"author":[{"embeddable":true,"href":"https:\/\/www.oracaoefe.com\/fr\/wp-json\/wp\/v2\/users\/3"}],"replies":[{"embeddable":true,"href":"https:\/\/www.oracaoefe.com\/fr\/wp-json\/wp\/v2\/comments?post=2538"}],"version-history":[{"count":2,"href":"https:\/\/www.oracaoefe.com\/fr\/wp-json\/wp\/v2\/posts\/2538\/revisions"}],"predecessor-version":[{"id":2555,"href":"https:\/\/www.oracaoefe.com\/fr\/wp-json\/wp\/v2\/posts\/2538\/revisions\/2555"}],"wp:featuredmedia":[{"embeddable":true,"href":"https:\/\/www.oracaoefe.com\/fr\/wp-json\/wp\/v2\/media\/2554"}],"wp:attachment":[{"href":"https:\/\/www.oracaoefe.com\/fr\/wp-json\/wp\/v2\/media?parent=2538"}],"wp:term":[{"taxonomy":"category","embeddable":true,"href":"https:\/\/www.oracaoefe.com\/fr\/wp-json\/wp\/v2\/categories?post=2538"},{"taxonomy":"post_tag","embeddable":true,"href":"https:\/\/www.oracaoefe.com\/fr\/wp-json\/wp\/v2\/tags?post=2538"}],"curies":[{"name":"wp","href":"https:\/\/api.w.org\/{rel}","templated":true}]}}