{"id":2536,"date":"2024-02-03T01:01:00","date_gmt":"2024-02-03T04:01:00","guid":{"rendered":"https:\/\/www.oracaoefe.com\/?p=2536"},"modified":"2024-08-12T18:51:37","modified_gmt":"2024-08-12T21:51:37","slug":"por-que-a-fe-vem-pelo-ouvir-a-palavra-de-deus","status":"publish","type":"post","link":"https:\/\/www.oracaoefe.com\/fr\/por-que-a-fe-vem-pelo-ouvir-a-palavra-de-deus\/","title":{"rendered":"Por que a f\u00e9 vem pelo ouvir a palavra de Deus?"},"content":{"rendered":"<p class=\"wp-block-paragraph\">A f\u00e9 desempenha um papel fundamental na vida de muitas pessoas ao redor do mundo, independentemente de sua religi\u00e3o ou cren\u00e7as espec\u00edficas. Para os que seguem a tradi\u00e7\u00e3o crist\u00e3, h\u00e1 uma afirma\u00e7\u00e3o poderosa que permeia as escrituras: &#8220;A f\u00e9 vem pelo ouvir, e o ouvir pela palavra de Deus&#8221; (Romanos 10:17). Essa passagem b\u00edblica n\u00e3o apenas destaca a import\u00e2ncia da f\u00e9, mas tamb\u00e9m aponta para a necessidade de se envolver com a palavra divina para nutrir e fortalecer essa f\u00e9.&nbsp;<\/p>\n\n\n\n<h2 class=\"wp-block-heading\">A Natureza Transformadora da Palavra de Deus<\/h2>\n\n\n\n<p class=\"wp-block-paragraph\">A palavra de Deus \u00e9 frequentemente descrita como viva e ativa (Hebreus 4:12), capaz de penetrar profundamente na alma humana e discernir os pensamentos e inten\u00e7\u00f5es do cora\u00e7\u00e3o. Quando ouvimos a palavra de Deus, permitimos que essa influ\u00eancia divina atue em n\u00f3s, transformando nossas perspectivas, valores e comportamentos. A f\u00e9, nesse contexto, n\u00e3o \u00e9 simplesmente a aceita\u00e7\u00e3o intelectual de um conjunto de cren\u00e7as, mas uma resposta profunda e transformadora \u00e0 verdade revelada por meio da palavra divina.<\/p>\n\n\n\n<figure class=\"wp-block-image size-full is-resized\"><img loading=\"lazy\" decoding=\"async\" width=\"740\" height=\"493\" src=\"https:\/\/www.oracaoefe.com\/wp-content\/uploads\/2024\/02\/image-11.png\" alt=\"\" class=\"wp-image-2986\" style=\"width:840px;height:auto\" srcset=\"https:\/\/www.oracaoefe.com\/wp-content\/uploads\/2024\/02\/image-11.png 740w, https:\/\/www.oracaoefe.com\/wp-content\/uploads\/2024\/02\/image-11-300x200.png 300w, https:\/\/www.oracaoefe.com\/wp-content\/uploads\/2024\/02\/image-11-18x12.png 18w\" sizes=\"auto, (max-width: 740px) 100vw, 740px\" \/><\/figure>\n\n\n\n<p class=\"wp-block-paragraph\">Ao ouvir a palavra de Deus, somos confrontados com princ\u00edpios eternos que transcendem as circunst\u00e2ncias temporais. Esses princ\u00edpios se tornam a \u00e2ncora da nossa f\u00e9, proporcionando estabilidade mesmo quando enfrentamos desafios e incertezas. A f\u00e9, nascida do entendimento e aceita\u00e7\u00e3o da palavra de Deus, nos capacita a caminhar com confian\u00e7a em dire\u00e7\u00e3o ao futuro, confiando na fidelidade e nas promessas divinas.<\/p>\n\n\n\n<h2 class=\"wp-block-heading\">Ouvir como Atitude de Humildade e Submiss\u00e3o<\/h2>\n\n\n\n<p class=\"wp-block-paragraph\">A atitude de ouvir est\u00e1 intrinsecamente ligada \u00e0 humildade e \u00e0 submiss\u00e3o. Quando nos abrimos para ouvir a palavra de Deus, reconhecemos que h\u00e1 uma sabedoria superior \u00e0 nossa, uma orienta\u00e7\u00e3o divina que transcende nossa compreens\u00e3o limitada. Esse ato de humildade \u00e9 crucial para o desenvolvimento da f\u00e9, pois nos impede de depender exclusivamente de nossa pr\u00f3pria sabedoria e nos leva a confiar na sabedoria insond\u00e1vel de Deus.<\/p>\n\n\n\n<p class=\"wp-block-paragraph\">A palavra de Deus muitas vezes desafia nossas ideias preconcebidas e nossas inclina\u00e7\u00f5es ego\u00edstas. O ato de ouvir, portanto, implica n\u00e3o apenas receber palavras agrad\u00e1veis, mas tamb\u00e9m estar disposto a confrontar verdades desconfort\u00e1veis que podem moldar e refinar nossa f\u00e9. \u00c9 um convite para a transforma\u00e7\u00e3o interior, moldando-nos \u00e0 imagem daquele a quem servimos.<\/p>\n\n\n\n<h2 class=\"wp-block-heading\">O Poder da Palavra para Conquistar D\u00favidas e Temores<\/h2>\n\n\n\n<p class=\"wp-block-paragraph\">A vida est\u00e1 repleta de d\u00favidas e temores que podem minar nossa f\u00e9. No entanto, ao ouvir a palavra de Deus, encontramos respostas para as incertezas que permeiam nossas mentes e cora\u00e7\u00f5es. A palavra divina oferece uma base s\u00f3lida para enfrentar os desafios da vida, dissipando as d\u00favidas que podem surgir em momentos de tribula\u00e7\u00e3o.<\/p>\n\n\n\n<p class=\"wp-block-paragraph\"><\/p>\n\n\n\n<p class=\"wp-block-paragraph\">Quando nos deparamos com as promessas inabal\u00e1veis da palavra de Deus, nossos medos s\u00e3o substitu\u00eddos por uma confian\u00e7a renovada. Ouvir as promessas divinas nos lembra que n\u00e3o estamos sozinhos em nossas lutas e que h\u00e1 um poder maior que opera em nosso favor. Essa compreens\u00e3o fortalece nossa f\u00e9, permitindo-nos enfrentar os desafios com coragem e esperan\u00e7a.<\/p>\n\n\n\n<h2 class=\"wp-block-heading\">Compartilhando a F\u00e9 Atrav\u00e9s do Testemunho Oral<\/h2>\n\n\n\n<p class=\"wp-block-paragraph\">O &#8220;ouvir&#8221; na passagem b\u00edblica tamb\u00e9m aponta para a import\u00e2ncia do testemunho oral na transmiss\u00e3o da f\u00e9. A f\u00e9 muitas vezes \u00e9 compartilhada de pessoa para pessoa, \u00e0 medida que testemunhamos sobre as obras de Deus em nossas vidas. Quando compartilhamos experi\u00eancias de como a palavra de Deus transformou nossas vidas, estamos, de fato, permitindo que os outros &#8220;ou\u00e7am&#8221; a palavra de Deus atrav\u00e9s de nossas pr\u00f3prias experi\u00eancias e testemunhos.<\/p>\n\n\n\n<p class=\"wp-block-paragraph\">Esse aspecto do testemunho oral destaca a responsabilidade coletiva dos crentes em nutrir a f\u00e9 uns dos outros. Ao compartilhar hist\u00f3rias de supera\u00e7\u00e3o, cura e reden\u00e7\u00e3o, constru\u00edmos uma comunidade de f\u00e9 que se apoia mutuamente nos altos e baixos da jornada espiritual.<\/p>\n\n\n\n<h2 class=\"wp-block-heading\">A F\u00e9 que Surge do Encontro com a Palavra de Deus<\/h2>\n\n\n\n<p class=\"wp-block-paragraph\">Em conclus\u00e3o, a afirma\u00e7\u00e3o b\u00edblica de que &#8220;a f\u00e9 vem pelo ouvir a palavra de Deus&#8221; ressalta a natureza transformadora da palavra divina. O ato de ouvir vai al\u00e9m da mera audi\u00e7\u00e3o f\u00edsica; \u00e9 um convite para aprofundar nossa compreens\u00e3o, submeter nossa vontade e permitir que a palavra de Deus permeie todos os aspectos de nossa exist\u00eancia.<\/p>\n\n\n\n<p class=\"wp-block-paragraph\">Quando abra\u00e7amos a palavra de Deus com um cora\u00e7\u00e3o aberto e receptivo, experimentamos uma f\u00e9 que vai al\u00e9m das limita\u00e7\u00f5es humanas. Essa f\u00e9 \u00e9 din\u00e2mica, resiliente e capaz de superar os desafios da vida. Ouvir a palavra de Deus, compartilhar testemunhos e viver de acordo com seus princ\u00edpios s\u00e3o elementos essenciais para cultivar uma f\u00e9 que transcende as circunst\u00e2ncias e perdura ao longo do tempo.<\/p>\n\n\n\n<p class=\"wp-block-paragraph\"><strong>Voir aussi\u00a0: <a href=\"https:\/\/www.oracaoefe.com\/fr\/oracao-poderosa-para-tudo-dar-certo-urgente\/\">Ora\u00e7\u00e3o poderosa para tudo dar certo urgente<\/a><\/strong><\/p>\n\n\n\n<p class=\"wp-block-paragraph\">3 de fevereiro de 2024<\/p>","protected":false},"excerpt":{"rendered":"<p>A f\u00e9 desempenha um papel fundamental na vida de muitas pessoas ao redor do mundo, independentemente de sua religi\u00e3o ou cren\u00e7as espec\u00edficas. Para os que seguem a tradi\u00e7\u00e3o crist\u00e3, h\u00e1 uma afirma\u00e7\u00e3o poderosa que permeia as escrituras: &#8220;A f\u00e9 vem pelo ouvir, e o ouvir pela palavra de Deus&#8221; (Romanos 10:17). Essa passagem b\u00edblica n\u00e3o&hellip;&nbsp;<\/p>","protected":false},"author":3,"featured_media":2986,"comment_status":"closed","ping_status":"closed","sticky":false,"template":"","format":"standard","meta":{"neve_meta_sidebar":"","neve_meta_container":"","neve_meta_enable_content_width":"","neve_meta_content_width":0,"neve_meta_title_alignment":"","neve_meta_author_avatar":"","neve_post_elements_order":"","neve_meta_disable_header":"","neve_meta_disable_footer":"","neve_meta_disable_title":"","footnotes":""},"categories":[4],"tags":[],"class_list":["post-2536","post","type-post","status-publish","format-standard","has-post-thumbnail","hentry","category-fique-por-dentro"],"yoast_head":"<!-- This site is optimized with the Yoast SEO plugin v28.4 - https:\/\/yoast.com\/product\/yoast-seo-wordpress\/ -->\n<title>Por que a f\u00e9 vem pelo ouvir a palavra de Deus? - Ora\u00e7\u00e3o e F\u00e9<\/title>\n<meta name=\"description\" content=\"Deus tem pra voc\u00ea uma palavra de vida!\" \/>\n<meta name=\"robots\" content=\"index, follow, max-snippet:-1, max-image-preview:large, max-video-preview:-1\" \/>\n<link rel=\"canonical\" href=\"https:\/\/www.oracaoefe.com\/fr\/por-que-a-fe-vem-pelo-ouvir-a-palavra-de-deus\/\" \/>\n<meta property=\"og:locale\" content=\"fr_FR\" \/>\n<meta property=\"og:type\" content=\"article\" \/>\n<meta property=\"og:title\" content=\"Por que a f\u00e9 vem pelo ouvir a palavra de Deus? - Ora\u00e7\u00e3o e F\u00e9\" \/>\n<meta property=\"og:description\" content=\"Deus tem pra voc\u00ea uma palavra de vida!\" \/>\n<meta property=\"og:url\" content=\"https:\/\/www.oracaoefe.com\/fr\/por-que-a-fe-vem-pelo-ouvir-a-palavra-de-deus\/\" \/>\n<meta property=\"og:site_name\" content=\"Ora\u00e7\u00e3o e F\u00e9\" \/>\n<meta property=\"article:published_time\" content=\"2024-02-03T04:01:00+00:00\" \/>\n<meta property=\"article:modified_time\" content=\"2024-08-12T21:51:37+00:00\" \/>\n<meta property=\"og:image\" content=\"https:\/\/www.oracaoefe.com\/wp-content\/uploads\/2024\/02\/image-11.png\" \/>\n\t<meta property=\"og:image:width\" content=\"740\" \/>\n\t<meta property=\"og:image:height\" content=\"493\" \/>\n\t<meta property=\"og:image:type\" content=\"image\/png\" \/>\n<meta name=\"author\" content=\"Michele Azevedo\" \/>\n<meta name=\"twitter:card\" content=\"summary_large_image\" \/>\n<meta name=\"twitter:label1\" content=\"\u00c9crit par\" \/>\n\t<meta name=\"twitter:data1\" content=\"Michele Azevedo\" \/>\n\t<meta name=\"twitter:label2\" content=\"Dur\u00e9e de lecture estim\u00e9e\" \/>\n\t<meta name=\"twitter:data2\" content=\"4 minutes\" \/>\n<script type=\"application\/ld+json\" class=\"yoast-schema-graph\">{\"@context\":\"https:\\\/\\\/schema.org\",\"@graph\":[{\"@type\":\"Article\",\"@id\":\"https:\\\/\\\/www.oracaoefe.com\\\/por-que-a-fe-vem-pelo-ouvir-a-palavra-de-deus\\\/#article\",\"isPartOf\":{\"@id\":\"https:\\\/\\\/www.oracaoefe.com\\\/por-que-a-fe-vem-pelo-ouvir-a-palavra-de-deus\\\/\"},\"author\":{\"name\":\"Michele Azevedo\",\"@id\":\"https:\\\/\\\/www.oracaoefe.com\\\/#\\\/schema\\\/person\\\/17283c669442cf005c4d5bb58adfb7f5\"},\"headline\":\"Por que a f\u00e9 vem pelo ouvir a palavra de Deus?\",\"datePublished\":\"2024-02-03T04:01:00+00:00\",\"dateModified\":\"2024-08-12T21:51:37+00:00\",\"mainEntityOfPage\":{\"@id\":\"https:\\\/\\\/www.oracaoefe.com\\\/por-que-a-fe-vem-pelo-ouvir-a-palavra-de-deus\\\/\"},\"wordCount\":815,\"image\":{\"@id\":\"https:\\\/\\\/www.oracaoefe.com\\\/por-que-a-fe-vem-pelo-ouvir-a-palavra-de-deus\\\/#primaryimage\"},\"thumbnailUrl\":\"https:\\\/\\\/www.oracaoefe.com\\\/wp-content\\\/uploads\\\/2024\\\/02\\\/image-11.png\",\"articleSection\":[\"Fique por Dentro\"],\"inLanguage\":\"fr-FR\"},{\"@type\":\"WebPage\",\"@id\":\"https:\\\/\\\/www.oracaoefe.com\\\/por-que-a-fe-vem-pelo-ouvir-a-palavra-de-deus\\\/\",\"url\":\"https:\\\/\\\/www.oracaoefe.com\\\/por-que-a-fe-vem-pelo-ouvir-a-palavra-de-deus\\\/\",\"name\":\"Por que a f\u00e9 vem pelo ouvir a palavra de Deus? - Ora\u00e7\u00e3o e F\u00e9\",\"isPartOf\":{\"@id\":\"https:\\\/\\\/www.oracaoefe.com\\\/#website\"},\"primaryImageOfPage\":{\"@id\":\"https:\\\/\\\/www.oracaoefe.com\\\/por-que-a-fe-vem-pelo-ouvir-a-palavra-de-deus\\\/#primaryimage\"},\"image\":{\"@id\":\"https:\\\/\\\/www.oracaoefe.com\\\/por-que-a-fe-vem-pelo-ouvir-a-palavra-de-deus\\\/#primaryimage\"},\"thumbnailUrl\":\"https:\\\/\\\/www.oracaoefe.com\\\/wp-content\\\/uploads\\\/2024\\\/02\\\/image-11.png\",\"datePublished\":\"2024-02-03T04:01:00+00:00\",\"dateModified\":\"2024-08-12T21:51:37+00:00\",\"author\":{\"@id\":\"https:\\\/\\\/www.oracaoefe.com\\\/#\\\/schema\\\/person\\\/17283c669442cf005c4d5bb58adfb7f5\"},\"description\":\"Deus tem pra voc\u00ea uma palavra de vida!\",\"breadcrumb\":{\"@id\":\"https:\\\/\\\/www.oracaoefe.com\\\/por-que-a-fe-vem-pelo-ouvir-a-palavra-de-deus\\\/#breadcrumb\"},\"inLanguage\":\"fr-FR\",\"potentialAction\":[{\"@type\":\"ReadAction\",\"target\":[\"https:\\\/\\\/www.oracaoefe.com\\\/por-que-a-fe-vem-pelo-ouvir-a-palavra-de-deus\\\/\"]}]},{\"@type\":\"ImageObject\",\"inLanguage\":\"fr-FR\",\"@id\":\"https:\\\/\\\/www.oracaoefe.com\\\/por-que-a-fe-vem-pelo-ouvir-a-palavra-de-deus\\\/#primaryimage\",\"url\":\"https:\\\/\\\/www.oracaoefe.com\\\/wp-content\\\/uploads\\\/2024\\\/02\\\/image-11.png\",\"contentUrl\":\"https:\\\/\\\/www.oracaoefe.com\\\/wp-content\\\/uploads\\\/2024\\\/02\\\/image-11.png\",\"width\":740,\"height\":493},{\"@type\":\"BreadcrumbList\",\"@id\":\"https:\\\/\\\/www.oracaoefe.com\\\/por-que-a-fe-vem-pelo-ouvir-a-palavra-de-deus\\\/#breadcrumb\",\"itemListElement\":[{\"@type\":\"ListItem\",\"position\":1,\"name\":\"Home\",\"item\":\"https:\\\/\\\/www.oracaoefe.com\\\/\"},{\"@type\":\"ListItem\",\"position\":2,\"name\":\"Fique por Dentro\",\"item\":\"https:\\\/\\\/www.oracaoefe.com\\\/category\\\/fique-por-dentro\\\/\"},{\"@type\":\"ListItem\",\"position\":3,\"name\":\"Por que a f\u00e9 vem pelo ouvir a palavra de Deus?\"}]},{\"@type\":\"WebSite\",\"@id\":\"https:\\\/\\\/www.oracaoefe.com\\\/#website\",\"url\":\"https:\\\/\\\/www.oracaoefe.com\\\/\",\"name\":\"Ora\u00e7\u00e3o e F\u00e9\",\"description\":\"\",\"potentialAction\":[{\"@type\":\"SearchAction\",\"target\":{\"@type\":\"EntryPoint\",\"urlTemplate\":\"https:\\\/\\\/www.oracaoefe.com\\\/?s={search_term_string}\"},\"query-input\":{\"@type\":\"PropertyValueSpecification\",\"valueRequired\":true,\"valueName\":\"search_term_string\"}}],\"inLanguage\":\"fr-FR\"},{\"@type\":\"Person\",\"@id\":\"https:\\\/\\\/www.oracaoefe.com\\\/#\\\/schema\\\/person\\\/17283c669442cf005c4d5bb58adfb7f5\",\"name\":\"Michele Azevedo\",\"image\":{\"@type\":\"ImageObject\",\"inLanguage\":\"fr-FR\",\"@id\":\"https:\\\/\\\/secure.gravatar.com\\\/avatar\\\/6b0eb9d22841282815e2cd856a0061c45e1761cd54b22e952d98c4746939aa85?s=96&d=mm&r=g\",\"url\":\"https:\\\/\\\/secure.gravatar.com\\\/avatar\\\/6b0eb9d22841282815e2cd856a0061c45e1761cd54b22e952d98c4746939aa85?s=96&d=mm&r=g\",\"contentUrl\":\"https:\\\/\\\/secure.gravatar.com\\\/avatar\\\/6b0eb9d22841282815e2cd856a0061c45e1761cd54b22e952d98c4746939aa85?s=96&d=mm&r=g\",\"caption\":\"Michele Azevedo\"},\"description\":\"Formada em Letras - Portugu\u00eas\\\/ Ingl\u00eas pela Universidade Estadual de Ponta Grossa (UEPG), p\u00f3s-graduada em Arte na Educa\u00e7\u00e3o (FAPI) e Psicopedagogia Escolar (FAPI), idealizadora e propriet\u00e1ria do site Escritora de Sucesso, possui experi\u00eancia em escrita para blogs em geral e atua como redatora e revisora dos conte\u00fados do Ora\u00e7\u00e3o e F\u00e9.\",\"url\":\"https:\\\/\\\/www.oracaoefe.com\\\/fr\\\/author\\\/michele-azevedo\\\/\"}]}<\/script>\n<!-- \/ Yoast SEO plugin. -->","yoast_head_json":{"title":"Por que a f\u00e9 vem pelo ouvir a palavra de Deus? - Ora\u00e7\u00e3o e F\u00e9","description":"Dieu a une parole de vie pour vous !","robots":{"index":"index","follow":"follow","max-snippet":"max-snippet:-1","max-image-preview":"max-image-preview:large","max-video-preview":"max-video-preview:-1"},"canonical":"https:\/\/www.oracaoefe.com\/fr\/por-que-a-fe-vem-pelo-ouvir-a-palavra-de-deus\/","og_locale":"fr_FR","og_type":"article","og_title":"Por que a f\u00e9 vem pelo ouvir a palavra de Deus? - Ora\u00e7\u00e3o e F\u00e9","og_description":"Deus tem pra voc\u00ea uma palavra de vida!","og_url":"https:\/\/www.oracaoefe.com\/fr\/por-que-a-fe-vem-pelo-ouvir-a-palavra-de-deus\/","og_site_name":"Ora\u00e7\u00e3o e F\u00e9","article_published_time":"2024-02-03T04:01:00+00:00","article_modified_time":"2024-08-12T21:51:37+00:00","og_image":[{"width":740,"height":493,"url":"https:\/\/www.oracaoefe.com\/wp-content\/uploads\/2024\/02\/image-11.png","type":"image\/png"}],"author":"Michele Azevedo","twitter_card":"summary_large_image","twitter_misc":{"\u00c9crit par":"Michele Azevedo","Dur\u00e9e de lecture estim\u00e9e":"4 minutes"},"schema":{"@context":"https:\/\/schema.org","@graph":[{"@type":"Article","@id":"https:\/\/www.oracaoefe.com\/por-que-a-fe-vem-pelo-ouvir-a-palavra-de-deus\/#article","isPartOf":{"@id":"https:\/\/www.oracaoefe.com\/por-que-a-fe-vem-pelo-ouvir-a-palavra-de-deus\/"},"author":{"name":"Michele Azevedo","@id":"https:\/\/www.oracaoefe.com\/#\/schema\/person\/17283c669442cf005c4d5bb58adfb7f5"},"headline":"Por que a f\u00e9 vem pelo ouvir a palavra de Deus?","datePublished":"2024-02-03T04:01:00+00:00","dateModified":"2024-08-12T21:51:37+00:00","mainEntityOfPage":{"@id":"https:\/\/www.oracaoefe.com\/por-que-a-fe-vem-pelo-ouvir-a-palavra-de-deus\/"},"wordCount":815,"image":{"@id":"https:\/\/www.oracaoefe.com\/por-que-a-fe-vem-pelo-ouvir-a-palavra-de-deus\/#primaryimage"},"thumbnailUrl":"https:\/\/www.oracaoefe.com\/wp-content\/uploads\/2024\/02\/image-11.png","articleSection":["Fique por Dentro"],"inLanguage":"fr-FR"},{"@type":"WebPage","@id":"https:\/\/www.oracaoefe.com\/por-que-a-fe-vem-pelo-ouvir-a-palavra-de-deus\/","url":"https:\/\/www.oracaoefe.com\/por-que-a-fe-vem-pelo-ouvir-a-palavra-de-deus\/","name":"Por que a f\u00e9 vem pelo ouvir a palavra de Deus? - Ora\u00e7\u00e3o e F\u00e9","isPartOf":{"@id":"https:\/\/www.oracaoefe.com\/#website"},"primaryImageOfPage":{"@id":"https:\/\/www.oracaoefe.com\/por-que-a-fe-vem-pelo-ouvir-a-palavra-de-deus\/#primaryimage"},"image":{"@id":"https:\/\/www.oracaoefe.com\/por-que-a-fe-vem-pelo-ouvir-a-palavra-de-deus\/#primaryimage"},"thumbnailUrl":"https:\/\/www.oracaoefe.com\/wp-content\/uploads\/2024\/02\/image-11.png","datePublished":"2024-02-03T04:01:00+00:00","dateModified":"2024-08-12T21:51:37+00:00","author":{"@id":"https:\/\/www.oracaoefe.com\/#\/schema\/person\/17283c669442cf005c4d5bb58adfb7f5"},"description":"Dieu a une parole de vie pour vous !","breadcrumb":{"@id":"https:\/\/www.oracaoefe.com\/por-que-a-fe-vem-pelo-ouvir-a-palavra-de-deus\/#breadcrumb"},"inLanguage":"fr-FR","potentialAction":[{"@type":"ReadAction","target":["https:\/\/www.oracaoefe.com\/por-que-a-fe-vem-pelo-ouvir-a-palavra-de-deus\/"]}]},{"@type":"ImageObject","inLanguage":"fr-FR","@id":"https:\/\/www.oracaoefe.com\/por-que-a-fe-vem-pelo-ouvir-a-palavra-de-deus\/#primaryimage","url":"https:\/\/www.oracaoefe.com\/wp-content\/uploads\/2024\/02\/image-11.png","contentUrl":"https:\/\/www.oracaoefe.com\/wp-content\/uploads\/2024\/02\/image-11.png","width":740,"height":493},{"@type":"BreadcrumbList","@id":"https:\/\/www.oracaoefe.com\/por-que-a-fe-vem-pelo-ouvir-a-palavra-de-deus\/#breadcrumb","itemListElement":[{"@type":"ListItem","position":1,"name":"Home","item":"https:\/\/www.oracaoefe.com\/"},{"@type":"ListItem","position":2,"name":"Fique por Dentro","item":"https:\/\/www.oracaoefe.com\/category\/fique-por-dentro\/"},{"@type":"ListItem","position":3,"name":"Por que a f\u00e9 vem pelo ouvir a palavra de Deus?"}]},{"@type":"WebSite","@id":"https:\/\/www.oracaoefe.com\/#website","url":"https:\/\/www.oracaoefe.com\/","name":"Pri\u00e8re et foi","description":"","potentialAction":[{"@type":"SearchAction","target":{"@type":"EntryPoint","urlTemplate":"https:\/\/www.oracaoefe.com\/?s={search_term_string}"},"query-input":{"@type":"PropertyValueSpecification","valueRequired":true,"valueName":"search_term_string"}}],"inLanguage":"fr-FR"},{"@type":"Person","@id":"https:\/\/www.oracaoefe.com\/#\/schema\/person\/17283c669442cf005c4d5bb58adfb7f5","name":"Michele Azevedo","image":{"@type":"ImageObject","inLanguage":"fr-FR","@id":"https:\/\/secure.gravatar.com\/avatar\/6b0eb9d22841282815e2cd856a0061c45e1761cd54b22e952d98c4746939aa85?s=96&d=mm&r=g","url":"https:\/\/secure.gravatar.com\/avatar\/6b0eb9d22841282815e2cd856a0061c45e1761cd54b22e952d98c4746939aa85?s=96&d=mm&r=g","contentUrl":"https:\/\/secure.gravatar.com\/avatar\/6b0eb9d22841282815e2cd856a0061c45e1761cd54b22e952d98c4746939aa85?s=96&d=mm&r=g","caption":"Michele Azevedo"},"description":"Dipl\u00f4m\u00e9e en litt\u00e9rature portugaise\/anglaise de l&#039;Universit\u00e9 d&#039;\u00c9tat de Ponta Grossa (UEPG), avec des dipl\u00f4mes de troisi\u00e8me cycle en art dans l&#039;\u00e9ducation (FAPI) et en psychop\u00e9dagogie scolaire (FAPI), elle est la cr\u00e9atrice et propri\u00e9taire du site web Escritora de Sucesso, a de l&#039;exp\u00e9rience dans l&#039;\u00e9criture pour les blogs en g\u00e9n\u00e9ral et travaille comme r\u00e9dactrice et \u00e9ditrice du contenu pour Ora\u00e7\u00e3o e F\u00e9.","url":"https:\/\/www.oracaoefe.com\/fr\/author\/michele-azevedo\/"}]}},"_links":{"self":[{"href":"https:\/\/www.oracaoefe.com\/fr\/wp-json\/wp\/v2\/posts\/2536","targetHints":{"allow":["GET"]}}],"collection":[{"href":"https:\/\/www.oracaoefe.com\/fr\/wp-json\/wp\/v2\/posts"}],"about":[{"href":"https:\/\/www.oracaoefe.com\/fr\/wp-json\/wp\/v2\/types\/post"}],"author":[{"embeddable":true,"href":"https:\/\/www.oracaoefe.com\/fr\/wp-json\/wp\/v2\/users\/3"}],"replies":[{"embeddable":true,"href":"https:\/\/www.oracaoefe.com\/fr\/wp-json\/wp\/v2\/comments?post=2536"}],"version-history":[{"count":3,"href":"https:\/\/www.oracaoefe.com\/fr\/wp-json\/wp\/v2\/posts\/2536\/revisions"}],"predecessor-version":[{"id":2987,"href":"https:\/\/www.oracaoefe.com\/fr\/wp-json\/wp\/v2\/posts\/2536\/revisions\/2987"}],"wp:featuredmedia":[{"embeddable":true,"href":"https:\/\/www.oracaoefe.com\/fr\/wp-json\/wp\/v2\/media\/2986"}],"wp:attachment":[{"href":"https:\/\/www.oracaoefe.com\/fr\/wp-json\/wp\/v2\/media?parent=2536"}],"wp:term":[{"taxonomy":"category","embeddable":true,"href":"https:\/\/www.oracaoefe.com\/fr\/wp-json\/wp\/v2\/categories?post=2536"},{"taxonomy":"post_tag","embeddable":true,"href":"https:\/\/www.oracaoefe.com\/fr\/wp-json\/wp\/v2\/tags?post=2536"}],"curies":[{"name":"wp","href":"https:\/\/api.w.org\/{rel}","templated":true}]}}