{"id":2534,"date":"2024-02-01T01:01:00","date_gmt":"2024-02-01T04:01:00","guid":{"rendered":"https:\/\/www.oracaoefe.com\/?p=2534"},"modified":"2024-01-21T16:24:32","modified_gmt":"2024-01-21T19:24:32","slug":"a-importancia-da-fe-para-superar-dificuldades","status":"publish","type":"post","link":"https:\/\/www.oracaoefe.com\/fr\/a-importancia-da-fe-para-superar-dificuldades\/","title":{"rendered":"A import\u00e2ncia da f\u00e9 para superar dificuldades"},"content":{"rendered":"<p class=\"wp-block-paragraph\">Na jornada tumultuosa da vida, todos n\u00f3s nos deparamos com desafios e dificuldades que testam nossa resili\u00eancia e determina\u00e7\u00e3o. Em meio a esses momentos dif\u00edceis, a f\u00e9 emerge como uma for\u00e7a poderosa, capaz de proporcionar conforto, esperan\u00e7a e inspira\u00e7\u00e3o. Neste blog post, exploraremos a profunda conex\u00e3o entre a f\u00e9 e a supera\u00e7\u00e3o de dificuldades, destacando como essa dimens\u00e3o espiritual pode se tornar um farol luminoso em tempos sombrios.<\/p>\n\n\n\n<h2 class=\"wp-block-heading\">A Natureza das Dificuldades Humanas<\/h2>\n\n\n\n<p class=\"wp-block-paragraph\">Antes de mergulharmos na discuss\u00e3o sobre a f\u00e9, \u00e9 fundamental compreender a natureza das dificuldades humanas. A vida \u00e9 repleta de altos e baixos, desafios imprevis\u00edveis e obst\u00e1culos que podem parecer intranspon\u00edveis. Seja enfrentando perdas, decep\u00e7\u00f5es ou crises, cada indiv\u00edduo experimenta, em algum momento, a complexidade do sofrimento humano.<\/p>\n\n\n\n<h2 class=\"wp-block-heading\">A F\u00e9 como Pilar de For\u00e7a<\/h2>\n\n\n\n<p class=\"wp-block-paragraph\">A f\u00e9, muitas vezes enraizada em convic\u00e7\u00f5es espirituais, oferece um pilar de for\u00e7a que transcende as adversidades terrenas. Ao cultivar uma cren\u00e7a profunda e significativa em algo maior do que n\u00f3s mesmos, encontramos uma fonte inesgot\u00e1vel de esperan\u00e7a. A f\u00e9 n\u00e3o apenas fornece consolo nos momentos dif\u00edceis, mas tamb\u00e9m serve como um guia moral e um catalisador para a resili\u00eancia.<\/p>\n\n\n\n<h2 class=\"wp-block-heading\">Encontrando Significado nas Dificuldades<\/h2>\n\n\n\n<p class=\"wp-block-paragraph\">Um dos aspectos mais not\u00e1veis da f\u00e9 \u00e9 sua capacidade de conferir significado \u00e0s dificuldades. Em vez de encarar os desafios como meros obst\u00e1culos a serem superados, a f\u00e9 permite que enxerguemos um prop\u00f3sito mais elevado por tr\u00e1s das tribula\u00e7\u00f5es. Essa perspectiva transformadora possibilita que os indiv\u00edduos enfrentem as dificuldades com uma mentalidade positiva, vendo-as como oportunidades de crescimento pessoal e espiritual.<\/p>\n\n\n\n<h2 class=\"wp-block-heading\">A F\u00e9 como Fonte de Conforto<\/h2>\n\n\n\n<p class=\"wp-block-paragraph\">Nos momentos mais sombrios, a f\u00e9 se manifesta como uma fonte inesgot\u00e1vel de conforto. Acreditar que n\u00e3o estamos sozinhos e que h\u00e1 um poder maior cuidando de n\u00f3s proporciona um al\u00edvio reconfortante. Muitas tradi\u00e7\u00f5es espirituais destacam a import\u00e2ncia de entregar as preocupa\u00e7\u00f5es e afli\u00e7\u00f5es a uma for\u00e7a superior, aliviando assim o fardo emocional que as dificuldades podem impor.<\/p>\n\n\n\n<figure class=\"wp-block-image size-large\"><img loading=\"lazy\" decoding=\"async\" width=\"1024\" height=\"576\" src=\"https:\/\/www.oracaoefe.com\/wp-content\/uploads\/2024\/01\/image-10-1024x576.png\" alt=\"\" class=\"wp-image-2550\" srcset=\"https:\/\/www.oracaoefe.com\/wp-content\/uploads\/2024\/01\/image-10-1024x576.png 1024w, https:\/\/www.oracaoefe.com\/wp-content\/uploads\/2024\/01\/image-10-300x169.png 300w, https:\/\/www.oracaoefe.com\/wp-content\/uploads\/2024\/01\/image-10-768x432.png 768w, https:\/\/www.oracaoefe.com\/wp-content\/uploads\/2024\/01\/image-10-18x10.png 18w, https:\/\/www.oracaoefe.com\/wp-content\/uploads\/2024\/01\/image-10-383x215.png 383w, https:\/\/www.oracaoefe.com\/wp-content\/uploads\/2024\/01\/image-10.png 1280w\" sizes=\"auto, (max-width: 1024px) 100vw, 1024px\" \/><\/figure>\n\n\n\n<h2 class=\"wp-block-heading\">Resili\u00eancia Impulsionada pela F\u00e9<\/h2>\n\n\n\n<p class=\"wp-block-paragraph\">A f\u00e9 n\u00e3o apenas consola, mas tamb\u00e9m impulsiona a resili\u00eancia. A convic\u00e7\u00e3o de que h\u00e1 um prop\u00f3sito mais amplo nas dificuldades fortalece a determina\u00e7\u00e3o de super\u00e1-las. Pessoas com f\u00e9 t\u00eam demonstrado uma capacidade not\u00e1vel de enfrentar desafios com coragem e perseveran\u00e7a, encontrando solu\u00e7\u00f5es criativas e mantendo uma atitude positiva mesmo diante das adversidades mais intensas.<\/p>\n\n\n\n<h2 class=\"wp-block-heading\">Comunidade e Apoio Espiritual<\/h2>\n\n\n\n<p class=\"wp-block-paragraph\">Al\u00e9m de fortalecer a resili\u00eancia individual, a f\u00e9 tamb\u00e9m cria la\u00e7os comunit\u00e1rios e um apoio espiritual valioso. Compartilhar cren\u00e7as e pr\u00e1ticas espirituais com outros indiv\u00edduos cria uma rede de apoio que pode ser fundamental durante momentos dif\u00edceis. A comunidade proporciona n\u00e3o apenas suporte emocional, mas tamb\u00e9m a oportunidade de trocar experi\u00eancias e estrat\u00e9gias para superar desafios.<\/p>\n\n\n\n<h2 class=\"wp-block-heading\">O Papel da Gratid\u00e3o na Jornada de F\u00e9<\/h2>\n\n\n\n<p class=\"wp-block-paragraph\">A pr\u00e1tica da gratid\u00e3o \u00e9 muitas vezes intr\u00ednseca \u00e0 f\u00e9. Ao reconhecer as b\u00ean\u00e7\u00e3os mesmo em meio \u00e0s dificuldades, os crentes cultivam uma mentalidade positiva que alimenta a esperan\u00e7a. A gratid\u00e3o n\u00e3o apenas eleva o esp\u00edrito, mas tamb\u00e9m ajuda a direcionar o foco para o que \u00e9 positivo na vida, proporcionando uma perspectiva equilibrada durante as adversidades.<\/p>\n\n\n\n<h2 class=\"wp-block-heading\">Desenvolvendo F\u00e9 em Meio \u00e0 Incerteza<\/h2>\n\n\n\n<p class=\"wp-block-paragraph\">\u00c9 importante notar que desenvolver f\u00e9 n\u00e3o significa ignorar a realidade da incerteza. Pelo contr\u00e1rio, a f\u00e9 pode florescer mesmo em meio \u00e0 incerteza, oferecendo uma \u00e2ncora emocional em tempos de turbul\u00eancia. A aceita\u00e7\u00e3o da incerteza como parte integrante da jornada humana \u00e9 uma das facetas mais desafiadoras, mas tamb\u00e9m transformadoras, do caminho espiritual.<\/p>\n\n\n\n<h2 class=\"wp-block-heading\">A F\u00e9 como Farol em Tempos Dif\u00edceis<\/h2>\n\n\n\n<p class=\"wp-block-paragraph\">Em resumo, a import\u00e2ncia da f\u00e9 na supera\u00e7\u00e3o de dificuldades reside na sua capacidade de fornecer esperan\u00e7a, conforto, significado e resili\u00eancia. Ao integrar a f\u00e9 em nossa jornada, encontramos um farol que ilumina os caminhos escuros da vida, proporcionando orienta\u00e7\u00e3o e for\u00e7a interior. Seja por meio da religi\u00e3o, espiritualidade ou de uma conex\u00e3o mais profunda consigo mesmo e com os outros, a f\u00e9 se revela como um recurso valioso que nos capacita a transcender as adversidades e a florescer mesmo nos terrenos mais \u00e1ridos da exist\u00eancia humana.<\/p>\n\n\n\n<p class=\"wp-block-paragraph\"><strong>Voir aussi\u00a0: <a href=\"https:\/\/www.oracaoefe.com\/fr\/oracao-poderosa-para-tudo-dar-certo-urgente\/\">Ora\u00e7\u00e3o poderosa para tudo dar certo urgente<\/a><\/strong><\/p>\n\n\n\n<p class=\"wp-block-paragraph\">1 de fevereiro de 2024<\/p>","protected":false},"excerpt":{"rendered":"<p>Na jornada tumultuosa da vida, todos n\u00f3s nos deparamos com desafios e dificuldades que testam nossa resili\u00eancia e determina\u00e7\u00e3o. Em meio a esses momentos dif\u00edceis, a f\u00e9 emerge como uma for\u00e7a poderosa, capaz de proporcionar conforto, esperan\u00e7a e inspira\u00e7\u00e3o. Neste blog post, exploraremos a profunda conex\u00e3o entre a f\u00e9 e a supera\u00e7\u00e3o de dificuldades, destacando&hellip;&nbsp;<\/p>","protected":false},"author":3,"featured_media":2550,"comment_status":"closed","ping_status":"closed","sticky":false,"template":"","format":"standard","meta":{"neve_meta_sidebar":"","neve_meta_container":"","neve_meta_enable_content_width":"","neve_meta_content_width":0,"neve_meta_title_alignment":"","neve_meta_author_avatar":"","neve_post_elements_order":"","neve_meta_disable_header":"","neve_meta_disable_footer":"","neve_meta_disable_title":"","footnotes":""},"categories":[3],"tags":[],"class_list":["post-2534","post","type-post","status-publish","format-standard","has-post-thumbnail","hentry","category-fe"],"yoast_head":"<!-- This site is optimized with the Yoast SEO plugin v28.4 - https:\/\/yoast.com\/product\/yoast-seo-wordpress\/ -->\n<title>A import\u00e2ncia da f\u00e9 para superar dificuldades - Ora\u00e7\u00e3o e F\u00e9<\/title>\n<meta name=\"description\" content=\"Deus tem pra voc\u00ea uma palavra de vida!\" \/>\n<meta name=\"robots\" content=\"index, follow, max-snippet:-1, max-image-preview:large, max-video-preview:-1\" \/>\n<link rel=\"canonical\" href=\"https:\/\/www.oracaoefe.com\/fr\/a-importancia-da-fe-para-superar-dificuldades\/\" \/>\n<meta property=\"og:locale\" content=\"fr_FR\" \/>\n<meta property=\"og:type\" content=\"article\" \/>\n<meta property=\"og:title\" content=\"A import\u00e2ncia da f\u00e9 para superar dificuldades - Ora\u00e7\u00e3o e F\u00e9\" \/>\n<meta property=\"og:description\" content=\"Deus tem pra voc\u00ea uma palavra de vida!\" \/>\n<meta property=\"og:url\" content=\"https:\/\/www.oracaoefe.com\/fr\/a-importancia-da-fe-para-superar-dificuldades\/\" \/>\n<meta property=\"og:site_name\" content=\"Ora\u00e7\u00e3o e F\u00e9\" \/>\n<meta property=\"article:published_time\" content=\"2024-02-01T04:01:00+00:00\" \/>\n<meta property=\"og:image\" content=\"https:\/\/www.oracaoefe.com\/wp-content\/uploads\/2024\/01\/image-10.png\" \/>\n\t<meta property=\"og:image:width\" content=\"1280\" \/>\n\t<meta property=\"og:image:height\" content=\"720\" \/>\n\t<meta property=\"og:image:type\" content=\"image\/png\" \/>\n<meta name=\"author\" content=\"Michele Azevedo\" \/>\n<meta name=\"twitter:card\" content=\"summary_large_image\" \/>\n<meta name=\"twitter:label1\" content=\"\u00c9crit par\" \/>\n\t<meta name=\"twitter:data1\" content=\"Michele Azevedo\" \/>\n\t<meta name=\"twitter:label2\" content=\"Dur\u00e9e de lecture estim\u00e9e\" \/>\n\t<meta name=\"twitter:data2\" content=\"4 minutes\" \/>\n<script type=\"application\/ld+json\" class=\"yoast-schema-graph\">{\"@context\":\"https:\\\/\\\/schema.org\",\"@graph\":[{\"@type\":\"Article\",\"@id\":\"https:\\\/\\\/www.oracaoefe.com\\\/a-importancia-da-fe-para-superar-dificuldades\\\/#article\",\"isPartOf\":{\"@id\":\"https:\\\/\\\/www.oracaoefe.com\\\/a-importancia-da-fe-para-superar-dificuldades\\\/\"},\"author\":{\"name\":\"Michele Azevedo\",\"@id\":\"https:\\\/\\\/www.oracaoefe.com\\\/#\\\/schema\\\/person\\\/17283c669442cf005c4d5bb58adfb7f5\"},\"headline\":\"A import\u00e2ncia da f\u00e9 para superar dificuldades\",\"datePublished\":\"2024-02-01T04:01:00+00:00\",\"mainEntityOfPage\":{\"@id\":\"https:\\\/\\\/www.oracaoefe.com\\\/a-importancia-da-fe-para-superar-dificuldades\\\/\"},\"wordCount\":761,\"image\":{\"@id\":\"https:\\\/\\\/www.oracaoefe.com\\\/a-importancia-da-fe-para-superar-dificuldades\\\/#primaryimage\"},\"thumbnailUrl\":\"https:\\\/\\\/www.oracaoefe.com\\\/wp-content\\\/uploads\\\/2024\\\/01\\\/image-10.png\",\"articleSection\":[\"F\u00e9\"],\"inLanguage\":\"fr-FR\"},{\"@type\":\"WebPage\",\"@id\":\"https:\\\/\\\/www.oracaoefe.com\\\/a-importancia-da-fe-para-superar-dificuldades\\\/\",\"url\":\"https:\\\/\\\/www.oracaoefe.com\\\/a-importancia-da-fe-para-superar-dificuldades\\\/\",\"name\":\"A import\u00e2ncia da f\u00e9 para superar dificuldades - Ora\u00e7\u00e3o e F\u00e9\",\"isPartOf\":{\"@id\":\"https:\\\/\\\/www.oracaoefe.com\\\/#website\"},\"primaryImageOfPage\":{\"@id\":\"https:\\\/\\\/www.oracaoefe.com\\\/a-importancia-da-fe-para-superar-dificuldades\\\/#primaryimage\"},\"image\":{\"@id\":\"https:\\\/\\\/www.oracaoefe.com\\\/a-importancia-da-fe-para-superar-dificuldades\\\/#primaryimage\"},\"thumbnailUrl\":\"https:\\\/\\\/www.oracaoefe.com\\\/wp-content\\\/uploads\\\/2024\\\/01\\\/image-10.png\",\"datePublished\":\"2024-02-01T04:01:00+00:00\",\"author\":{\"@id\":\"https:\\\/\\\/www.oracaoefe.com\\\/#\\\/schema\\\/person\\\/17283c669442cf005c4d5bb58adfb7f5\"},\"description\":\"Deus tem pra voc\u00ea uma palavra de vida!\",\"breadcrumb\":{\"@id\":\"https:\\\/\\\/www.oracaoefe.com\\\/a-importancia-da-fe-para-superar-dificuldades\\\/#breadcrumb\"},\"inLanguage\":\"fr-FR\",\"potentialAction\":[{\"@type\":\"ReadAction\",\"target\":[\"https:\\\/\\\/www.oracaoefe.com\\\/a-importancia-da-fe-para-superar-dificuldades\\\/\"]}]},{\"@type\":\"ImageObject\",\"inLanguage\":\"fr-FR\",\"@id\":\"https:\\\/\\\/www.oracaoefe.com\\\/a-importancia-da-fe-para-superar-dificuldades\\\/#primaryimage\",\"url\":\"https:\\\/\\\/www.oracaoefe.com\\\/wp-content\\\/uploads\\\/2024\\\/01\\\/image-10.png\",\"contentUrl\":\"https:\\\/\\\/www.oracaoefe.com\\\/wp-content\\\/uploads\\\/2024\\\/01\\\/image-10.png\",\"width\":1280,\"height\":720},{\"@type\":\"BreadcrumbList\",\"@id\":\"https:\\\/\\\/www.oracaoefe.com\\\/a-importancia-da-fe-para-superar-dificuldades\\\/#breadcrumb\",\"itemListElement\":[{\"@type\":\"ListItem\",\"position\":1,\"name\":\"Home\",\"item\":\"https:\\\/\\\/www.oracaoefe.com\\\/\"},{\"@type\":\"ListItem\",\"position\":2,\"name\":\"F\u00e9\",\"item\":\"https:\\\/\\\/www.oracaoefe.com\\\/es\\\/categoria\\\/fe\\\/\"},{\"@type\":\"ListItem\",\"position\":3,\"name\":\"A import\u00e2ncia da f\u00e9 para superar dificuldades\"}]},{\"@type\":\"WebSite\",\"@id\":\"https:\\\/\\\/www.oracaoefe.com\\\/#website\",\"url\":\"https:\\\/\\\/www.oracaoefe.com\\\/\",\"name\":\"Ora\u00e7\u00e3o e F\u00e9\",\"description\":\"\",\"potentialAction\":[{\"@type\":\"SearchAction\",\"target\":{\"@type\":\"EntryPoint\",\"urlTemplate\":\"https:\\\/\\\/www.oracaoefe.com\\\/?s={search_term_string}\"},\"query-input\":{\"@type\":\"PropertyValueSpecification\",\"valueRequired\":true,\"valueName\":\"search_term_string\"}}],\"inLanguage\":\"fr-FR\"},{\"@type\":\"Person\",\"@id\":\"https:\\\/\\\/www.oracaoefe.com\\\/#\\\/schema\\\/person\\\/17283c669442cf005c4d5bb58adfb7f5\",\"name\":\"Michele Azevedo\",\"image\":{\"@type\":\"ImageObject\",\"inLanguage\":\"fr-FR\",\"@id\":\"https:\\\/\\\/secure.gravatar.com\\\/avatar\\\/6b0eb9d22841282815e2cd856a0061c45e1761cd54b22e952d98c4746939aa85?s=96&d=mm&r=g\",\"url\":\"https:\\\/\\\/secure.gravatar.com\\\/avatar\\\/6b0eb9d22841282815e2cd856a0061c45e1761cd54b22e952d98c4746939aa85?s=96&d=mm&r=g\",\"contentUrl\":\"https:\\\/\\\/secure.gravatar.com\\\/avatar\\\/6b0eb9d22841282815e2cd856a0061c45e1761cd54b22e952d98c4746939aa85?s=96&d=mm&r=g\",\"caption\":\"Michele Azevedo\"},\"description\":\"Formada em Letras - Portugu\u00eas\\\/ Ingl\u00eas pela Universidade Estadual de Ponta Grossa (UEPG), p\u00f3s-graduada em Arte na Educa\u00e7\u00e3o (FAPI) e Psicopedagogia Escolar (FAPI), idealizadora e propriet\u00e1ria do site Escritora de Sucesso, possui experi\u00eancia em escrita para blogs em geral e atua como redatora e revisora dos conte\u00fados do Ora\u00e7\u00e3o e F\u00e9.\",\"url\":\"https:\\\/\\\/www.oracaoefe.com\\\/fr\\\/author\\\/michele-azevedo\\\/\"}]}<\/script>\n<!-- \/ Yoast SEO plugin. -->","yoast_head_json":{"title":"A import\u00e2ncia da f\u00e9 para superar dificuldades - Ora\u00e7\u00e3o e F\u00e9","description":"Dieu a une parole de vie pour vous !","robots":{"index":"index","follow":"follow","max-snippet":"max-snippet:-1","max-image-preview":"max-image-preview:large","max-video-preview":"max-video-preview:-1"},"canonical":"https:\/\/www.oracaoefe.com\/fr\/a-importancia-da-fe-para-superar-dificuldades\/","og_locale":"fr_FR","og_type":"article","og_title":"A import\u00e2ncia da f\u00e9 para superar dificuldades - Ora\u00e7\u00e3o e F\u00e9","og_description":"Deus tem pra voc\u00ea uma palavra de vida!","og_url":"https:\/\/www.oracaoefe.com\/fr\/a-importancia-da-fe-para-superar-dificuldades\/","og_site_name":"Ora\u00e7\u00e3o e F\u00e9","article_published_time":"2024-02-01T04:01:00+00:00","og_image":[{"width":1280,"height":720,"url":"https:\/\/www.oracaoefe.com\/wp-content\/uploads\/2024\/01\/image-10.png","type":"image\/png"}],"author":"Michele Azevedo","twitter_card":"summary_large_image","twitter_misc":{"\u00c9crit par":"Michele Azevedo","Dur\u00e9e de lecture estim\u00e9e":"4 minutes"},"schema":{"@context":"https:\/\/schema.org","@graph":[{"@type":"Article","@id":"https:\/\/www.oracaoefe.com\/a-importancia-da-fe-para-superar-dificuldades\/#article","isPartOf":{"@id":"https:\/\/www.oracaoefe.com\/a-importancia-da-fe-para-superar-dificuldades\/"},"author":{"name":"Michele Azevedo","@id":"https:\/\/www.oracaoefe.com\/#\/schema\/person\/17283c669442cf005c4d5bb58adfb7f5"},"headline":"A import\u00e2ncia da f\u00e9 para superar dificuldades","datePublished":"2024-02-01T04:01:00+00:00","mainEntityOfPage":{"@id":"https:\/\/www.oracaoefe.com\/a-importancia-da-fe-para-superar-dificuldades\/"},"wordCount":761,"image":{"@id":"https:\/\/www.oracaoefe.com\/a-importancia-da-fe-para-superar-dificuldades\/#primaryimage"},"thumbnailUrl":"https:\/\/www.oracaoefe.com\/wp-content\/uploads\/2024\/01\/image-10.png","articleSection":["F\u00e9"],"inLanguage":"fr-FR"},{"@type":"WebPage","@id":"https:\/\/www.oracaoefe.com\/a-importancia-da-fe-para-superar-dificuldades\/","url":"https:\/\/www.oracaoefe.com\/a-importancia-da-fe-para-superar-dificuldades\/","name":"A import\u00e2ncia da f\u00e9 para superar dificuldades - Ora\u00e7\u00e3o e F\u00e9","isPartOf":{"@id":"https:\/\/www.oracaoefe.com\/#website"},"primaryImageOfPage":{"@id":"https:\/\/www.oracaoefe.com\/a-importancia-da-fe-para-superar-dificuldades\/#primaryimage"},"image":{"@id":"https:\/\/www.oracaoefe.com\/a-importancia-da-fe-para-superar-dificuldades\/#primaryimage"},"thumbnailUrl":"https:\/\/www.oracaoefe.com\/wp-content\/uploads\/2024\/01\/image-10.png","datePublished":"2024-02-01T04:01:00+00:00","author":{"@id":"https:\/\/www.oracaoefe.com\/#\/schema\/person\/17283c669442cf005c4d5bb58adfb7f5"},"description":"Dieu a une parole de vie pour vous !","breadcrumb":{"@id":"https:\/\/www.oracaoefe.com\/a-importancia-da-fe-para-superar-dificuldades\/#breadcrumb"},"inLanguage":"fr-FR","potentialAction":[{"@type":"ReadAction","target":["https:\/\/www.oracaoefe.com\/a-importancia-da-fe-para-superar-dificuldades\/"]}]},{"@type":"ImageObject","inLanguage":"fr-FR","@id":"https:\/\/www.oracaoefe.com\/a-importancia-da-fe-para-superar-dificuldades\/#primaryimage","url":"https:\/\/www.oracaoefe.com\/wp-content\/uploads\/2024\/01\/image-10.png","contentUrl":"https:\/\/www.oracaoefe.com\/wp-content\/uploads\/2024\/01\/image-10.png","width":1280,"height":720},{"@type":"BreadcrumbList","@id":"https:\/\/www.oracaoefe.com\/a-importancia-da-fe-para-superar-dificuldades\/#breadcrumb","itemListElement":[{"@type":"ListItem","position":1,"name":"Home","item":"https:\/\/www.oracaoefe.com\/"},{"@type":"ListItem","position":2,"name":"F\u00e9","item":"https:\/\/www.oracaoefe.com\/es\/categoria\/fe\/"},{"@type":"ListItem","position":3,"name":"A import\u00e2ncia da f\u00e9 para superar dificuldades"}]},{"@type":"WebSite","@id":"https:\/\/www.oracaoefe.com\/#website","url":"https:\/\/www.oracaoefe.com\/","name":"Pri\u00e8re et foi","description":"","potentialAction":[{"@type":"SearchAction","target":{"@type":"EntryPoint","urlTemplate":"https:\/\/www.oracaoefe.com\/?s={search_term_string}"},"query-input":{"@type":"PropertyValueSpecification","valueRequired":true,"valueName":"search_term_string"}}],"inLanguage":"fr-FR"},{"@type":"Person","@id":"https:\/\/www.oracaoefe.com\/#\/schema\/person\/17283c669442cf005c4d5bb58adfb7f5","name":"Michele Azevedo","image":{"@type":"ImageObject","inLanguage":"fr-FR","@id":"https:\/\/secure.gravatar.com\/avatar\/6b0eb9d22841282815e2cd856a0061c45e1761cd54b22e952d98c4746939aa85?s=96&d=mm&r=g","url":"https:\/\/secure.gravatar.com\/avatar\/6b0eb9d22841282815e2cd856a0061c45e1761cd54b22e952d98c4746939aa85?s=96&d=mm&r=g","contentUrl":"https:\/\/secure.gravatar.com\/avatar\/6b0eb9d22841282815e2cd856a0061c45e1761cd54b22e952d98c4746939aa85?s=96&d=mm&r=g","caption":"Michele Azevedo"},"description":"Dipl\u00f4m\u00e9e en litt\u00e9rature portugaise\/anglaise de l&#039;Universit\u00e9 d&#039;\u00c9tat de Ponta Grossa (UEPG), avec des dipl\u00f4mes de troisi\u00e8me cycle en art dans l&#039;\u00e9ducation (FAPI) et en psychop\u00e9dagogie scolaire (FAPI), elle est la cr\u00e9atrice et propri\u00e9taire du site web Escritora de Sucesso, a de l&#039;exp\u00e9rience dans l&#039;\u00e9criture pour les blogs en g\u00e9n\u00e9ral et travaille comme r\u00e9dactrice et \u00e9ditrice du contenu pour Ora\u00e7\u00e3o e F\u00e9.","url":"https:\/\/www.oracaoefe.com\/fr\/author\/michele-azevedo\/"}]}},"_links":{"self":[{"href":"https:\/\/www.oracaoefe.com\/fr\/wp-json\/wp\/v2\/posts\/2534","targetHints":{"allow":["GET"]}}],"collection":[{"href":"https:\/\/www.oracaoefe.com\/fr\/wp-json\/wp\/v2\/posts"}],"about":[{"href":"https:\/\/www.oracaoefe.com\/fr\/wp-json\/wp\/v2\/types\/post"}],"author":[{"embeddable":true,"href":"https:\/\/www.oracaoefe.com\/fr\/wp-json\/wp\/v2\/users\/3"}],"replies":[{"embeddable":true,"href":"https:\/\/www.oracaoefe.com\/fr\/wp-json\/wp\/v2\/comments?post=2534"}],"version-history":[{"count":2,"href":"https:\/\/www.oracaoefe.com\/fr\/wp-json\/wp\/v2\/posts\/2534\/revisions"}],"predecessor-version":[{"id":2551,"href":"https:\/\/www.oracaoefe.com\/fr\/wp-json\/wp\/v2\/posts\/2534\/revisions\/2551"}],"wp:featuredmedia":[{"embeddable":true,"href":"https:\/\/www.oracaoefe.com\/fr\/wp-json\/wp\/v2\/media\/2550"}],"wp:attachment":[{"href":"https:\/\/www.oracaoefe.com\/fr\/wp-json\/wp\/v2\/media?parent=2534"}],"wp:term":[{"taxonomy":"category","embeddable":true,"href":"https:\/\/www.oracaoefe.com\/fr\/wp-json\/wp\/v2\/categories?post=2534"},{"taxonomy":"post_tag","embeddable":true,"href":"https:\/\/www.oracaoefe.com\/fr\/wp-json\/wp\/v2\/tags?post=2534"}],"curies":[{"name":"wp","href":"https:\/\/api.w.org\/{rel}","templated":true}]}}