{"id":2532,"date":"2024-01-29T01:01:00","date_gmt":"2024-01-29T04:01:00","guid":{"rendered":"https:\/\/www.oracaoefe.com\/?p=2532"},"modified":"2024-01-21T16:23:33","modified_gmt":"2024-01-21T19:23:33","slug":"por-que-motivo-os-sacramentos-pressupoem-a-fe","status":"publish","type":"post","link":"https:\/\/www.oracaoefe.com\/fr\/por-que-motivo-os-sacramentos-pressupoem-a-fe\/","title":{"rendered":"Por que motivo os sacramentos pressup\u00f5em a f\u00e9?"},"content":{"rendered":"<p class=\"wp-block-paragraph\">Os sacramentos desempenham um papel crucial na vida espiritual de muitas tradi\u00e7\u00f5es religiosas, sendo considerados momentos sagrados de encontro com o divino. No entanto, uma quest\u00e3o fundamental se coloca: por que motivo os sacramentos pressup\u00f5em a f\u00e9? Neste blogpost, exploraremos a \u00edntima conex\u00e3o entre os sacramentos e a f\u00e9, mergulhando nas ra\u00edzes teol\u00f3gicas e nas implica\u00e7\u00f5es pr\u00e1ticas dessa rela\u00e7\u00e3o simbi\u00f3tica.<\/p>\n\n\n\n<h2 class=\"wp-block-heading\">A Natureza dos Sacramentos: Sinais e Instrumentos de Gra\u00e7a<\/h2>\n\n\n\n<p class=\"wp-block-paragraph\">Antes de abordarmos a rela\u00e7\u00e3o entre sacramentos e f\u00e9, \u00e9 essencial compreender a natureza dos pr\u00f3prios sacramentos. Nas tradi\u00e7\u00f5es crist\u00e3s, por exemplo, os sacramentos s\u00e3o geralmente definidos como sinais vis\u00edveis e instrumentos da gra\u00e7a divina. Eles s\u00e3o momentos em que a presen\u00e7a de Deus se manifesta de maneira tang\u00edvel e acess\u00edvel aos crentes.<\/p>\n\n\n\n<p class=\"wp-block-paragraph\">Os sacramentos, seja o batismo, a Eucaristia, a confirma\u00e7\u00e3o ou outros, s\u00e3o considerados canais atrav\u00e9s dos quais a gra\u00e7a divina flui para a vida do indiv\u00edduo. No entanto, a efic\u00e1cia desses ritos sacramentais est\u00e1 intrinsecamente ligada \u00e0 disposi\u00e7\u00e3o e participa\u00e7\u00e3o ativa da pessoa que os recebe. \u00c9 aqui que a f\u00e9 desempenha um papel crucial.<\/p>\n\n\n\n<h2 class=\"wp-block-heading\">A F\u00e9 como Pr\u00e9-requisito para Receber a Gra\u00e7a<\/h2>\n\n\n\n<p class=\"wp-block-paragraph\">A f\u00e9 \u00e9, muitas vezes, apresentada como um pr\u00e9-requisito para que os sacramentos sejam plenamente eficazes na vida de um crente. Em outras palavras, \u00e9 a f\u00e9 que abre o cora\u00e7\u00e3o do indiv\u00edduo para receber a gra\u00e7a divina que os sacramentos oferecem. Essa ideia encontra fundamentos teol\u00f3gicos s\u00f3lidos em diversas tradi\u00e7\u00f5es religiosas.<\/p>\n\n\n\n<p class=\"wp-block-paragraph\">Por exemplo, na tradi\u00e7\u00e3o crist\u00e3, o Novo Testamento destaca repetidamente a import\u00e2ncia da f\u00e9 para receber os benef\u00edcios espirituais. Jesus frequentemente vincula os milagres realizados \u00e0s pessoas com a sua f\u00e9, como evidenciado nas palavras: &#8220;A tua f\u00e9 te salvou&#8221;. Essa conex\u00e3o entre f\u00e9 e a\u00e7\u00e3o divina \u00e9 transferida para os sacramentos, onde a f\u00e9 do receptor \u00e9 considerada um elemento vital para a recep\u00e7\u00e3o da gra\u00e7a sacramental.<\/p>\n\n\n\n<figure class=\"wp-block-image size-large\"><img loading=\"lazy\" decoding=\"async\" width=\"1024\" height=\"683\" src=\"https:\/\/www.oracaoefe.com\/wp-content\/uploads\/2024\/01\/image-9-1024x683.png\" alt=\"\" class=\"wp-image-2548\" srcset=\"https:\/\/www.oracaoefe.com\/wp-content\/uploads\/2024\/01\/image-9-1024x683.png 1024w, https:\/\/www.oracaoefe.com\/wp-content\/uploads\/2024\/01\/image-9-300x200.png 300w, https:\/\/www.oracaoefe.com\/wp-content\/uploads\/2024\/01\/image-9-768x512.png 768w, https:\/\/www.oracaoefe.com\/wp-content\/uploads\/2024\/01\/image-9-18x12.png 18w, https:\/\/www.oracaoefe.com\/wp-content\/uploads\/2024\/01\/image-9.png 1280w\" sizes=\"auto, (max-width: 1024px) 100vw, 1024px\" \/><\/figure>\n\n\n\n<h2 class=\"wp-block-heading\">O Papel Transformador da F\u00e9 nos Sacramentos<\/h2>\n\n\n\n<p class=\"wp-block-paragraph\">Al\u00e9m de ser um pr\u00e9-requisito, a f\u00e9 desempenha um papel transformador nos sacramentos. Acredita-se que a f\u00e9 n\u00e3o apenas permite a recep\u00e7\u00e3o da gra\u00e7a, mas tamb\u00e9m potencializa sua efic\u00e1cia na vida do crente. Os sacramentos s\u00e3o vistos como momentos de encontro pessoal com Deus, nos quais a f\u00e9 atua como um catalisador para a transforma\u00e7\u00e3o espiritual.<\/p>\n\n\n\n<p class=\"wp-block-paragraph\">Por exemplo, no batismo, a f\u00e9 n\u00e3o \u00e9 apenas um requisito formal, mas tamb\u00e9m uma disposi\u00e7\u00e3o interior que prepara a pessoa para uma nova vida em Cristo. Da mesma forma, na Eucaristia, a f\u00e9 intensifica a comunh\u00e3o do crente com Cristo, proporcionando uma experi\u00eancia mais profunda e significativa do sacramento.<\/p>\n\n\n\n<h2 class=\"wp-block-heading\">O Desafio da F\u00e9 em Meio \u00e0s D\u00favidas e Incertezas<\/h2>\n\n\n\n<p class=\"wp-block-paragraph\">Embora a f\u00e9 seja central para a efic\u00e1cia dos sacramentos, n\u00e3o podemos ignorar o fato de que muitas pessoas enfrentam desafios em sua jornada de f\u00e9. D\u00favidas, questionamentos e incertezas podem surgir, tornando a f\u00e9 um aspecto delicado e, por vezes, desafiador da vida espiritual.<\/p>\n\n\n\n<p class=\"wp-block-paragraph\">Nesse contexto, alguns podem questionar se a f\u00e9 \u00e9 realmente necess\u00e1ria para receber os sacramentos. No entanto, muitas tradi\u00e7\u00f5es religiosas enfatizam que a pr\u00f3pria natureza da f\u00e9 inclui a capacidade de questionar e buscar entendimento. A f\u00e9, nesse sentido, n\u00e3o \u00e9 uma certeza inabal\u00e1vel, mas uma jornada din\u00e2mica que envolve reflex\u00e3o, crescimento e busca cont\u00ednua.<\/p>\n\n\n\n<h2 class=\"wp-block-heading\">O Convite \u00e0 F\u00e9 e a Abertura \u00e0 Gra\u00e7a<\/h2>\n\n\n\n<p class=\"wp-block-paragraph\">A rela\u00e7\u00e3o entre sacramentos e f\u00e9 n\u00e3o \u00e9 uma via de m\u00e3o \u00fanica. Assim como a f\u00e9 \u00e9 considerada crucial para a efic\u00e1cia dos sacramentos, os sacramentos, por sua vez, podem fortalecer e nutrir a f\u00e9 do indiv\u00edduo. Eles oferecem momentos tang\u00edveis de encontro com o divino, sustentando a f\u00e9 atrav\u00e9s da experi\u00eancia e da participa\u00e7\u00e3o ativa na vida religiosa.<\/p>\n\n\n\n<p class=\"wp-block-paragraph\">Os sacramentos, ent\u00e3o, podem ser vistos como um convite \u00e0 f\u00e9 cont\u00ednua e \u00e0 abertura \u00e0 gra\u00e7a divina. Ao participar dos ritos sacramentais, os crentes s\u00e3o chamados a renovar sua f\u00e9, aprofundar sua rela\u00e7\u00e3o com Deus e fortalecer sua disposi\u00e7\u00e3o para viver de acordo com os princ\u00edpios espirituais.<\/p>\n\n\n\n<h2 class=\"wp-block-heading\">Uma Dan\u00e7a Sagrada entre Sacramentos e F\u00e9<\/h2>\n\n\n\n<p class=\"wp-block-paragraph\">Em \u00faltima an\u00e1lise, a interliga\u00e7\u00e3o entre sacramentos e f\u00e9 \u00e9 uma dan\u00e7a sagrada, onde cada passo influencia o pr\u00f3ximo. Os sacramentos, como sinais vis\u00edveis da gra\u00e7a divina, convidam \u00e0 f\u00e9 ativa e participativa. Por sua vez, a f\u00e9 prepara o terreno para a plenitude dos benef\u00edcios espirituais oferecidos pelos sacramentos.<\/p>\n\n\n\n<p class=\"wp-block-paragraph\">\u00c9 crucial reconhecer que a f\u00e9 n\u00e3o \u00e9 um estado est\u00e1tico, mas uma jornada din\u00e2mica. Em meio \u00e0s d\u00favidas e incertezas, a f\u00e9 persiste como um elemento vital na vida espiritual, sustentando a rela\u00e7\u00e3o entre o divino e o humano. Assim, a resposta \u00e0 pergunta inicial &#8211; por que motivo os sacramentos pressup\u00f5em a f\u00e9 &#8211; reside na compreens\u00e3o profunda dessa dan\u00e7a sagrada, onde a f\u00e9 e os sacramentos se entrela\u00e7am, nutrindo e transformando a jornada espiritual de cada indiv\u00edduo.<\/p>\n\n\n\n<p class=\"wp-block-paragraph\"><strong>Voir aussi\u00a0: <a href=\"https:\/\/www.oracaoefe.com\/fr\/oracao-poderosa-para-tudo-dar-certo-urgente\/\">Ora\u00e7\u00e3o poderosa para tudo dar certo urgente<\/a><\/strong><\/p>\n\n\n\n<p class=\"wp-block-paragraph\">29 de janeiro de 2024<\/p>","protected":false},"excerpt":{"rendered":"<p>Os sacramentos desempenham um papel crucial na vida espiritual de muitas tradi\u00e7\u00f5es religiosas, sendo considerados momentos sagrados de encontro com o divino. No entanto, uma quest\u00e3o fundamental se coloca: por que motivo os sacramentos pressup\u00f5em a f\u00e9? Neste blogpost, exploraremos a \u00edntima conex\u00e3o entre os sacramentos e a f\u00e9, mergulhando nas ra\u00edzes teol\u00f3gicas e nas&hellip;&nbsp;<\/p>","protected":false},"author":3,"featured_media":2548,"comment_status":"closed","ping_status":"closed","sticky":false,"template":"","format":"standard","meta":{"neve_meta_sidebar":"","neve_meta_container":"","neve_meta_enable_content_width":"","neve_meta_content_width":0,"neve_meta_title_alignment":"","neve_meta_author_avatar":"","neve_post_elements_order":"","neve_meta_disable_header":"","neve_meta_disable_footer":"","neve_meta_disable_title":"","footnotes":""},"categories":[1],"tags":[],"class_list":["post-2532","post","type-post","status-publish","format-standard","has-post-thumbnail","hentry","category-curiosidades"],"yoast_head":"<!-- This site is optimized with the Yoast SEO plugin v28.4 - https:\/\/yoast.com\/product\/yoast-seo-wordpress\/ -->\n<title>Por que motivo os sacramentos pressup\u00f5em a f\u00e9? - Ora\u00e7\u00e3o e F\u00e9<\/title>\n<meta name=\"description\" content=\"Deus tem pra voc\u00ea uma palavra de vida!\" \/>\n<meta name=\"robots\" content=\"index, follow, max-snippet:-1, max-image-preview:large, max-video-preview:-1\" \/>\n<link rel=\"canonical\" href=\"https:\/\/www.oracaoefe.com\/fr\/por-que-motivo-os-sacramentos-pressupoem-a-fe\/\" \/>\n<meta property=\"og:locale\" content=\"fr_FR\" \/>\n<meta property=\"og:type\" content=\"article\" \/>\n<meta property=\"og:title\" content=\"Por que motivo os sacramentos pressup\u00f5em a f\u00e9? - Ora\u00e7\u00e3o e F\u00e9\" \/>\n<meta property=\"og:description\" content=\"Deus tem pra voc\u00ea uma palavra de vida!\" \/>\n<meta property=\"og:url\" content=\"https:\/\/www.oracaoefe.com\/fr\/por-que-motivo-os-sacramentos-pressupoem-a-fe\/\" \/>\n<meta property=\"og:site_name\" content=\"Ora\u00e7\u00e3o e F\u00e9\" \/>\n<meta property=\"article:published_time\" content=\"2024-01-29T04:01:00+00:00\" \/>\n<meta property=\"og:image\" content=\"https:\/\/www.oracaoefe.com\/wp-content\/uploads\/2024\/01\/image-9.png\" \/>\n\t<meta property=\"og:image:width\" content=\"1280\" \/>\n\t<meta property=\"og:image:height\" content=\"854\" \/>\n\t<meta property=\"og:image:type\" content=\"image\/png\" \/>\n<meta name=\"author\" content=\"Michele Azevedo\" \/>\n<meta name=\"twitter:card\" content=\"summary_large_image\" \/>\n<meta name=\"twitter:label1\" content=\"\u00c9crit par\" \/>\n\t<meta name=\"twitter:data1\" content=\"Michele Azevedo\" \/>\n\t<meta name=\"twitter:label2\" content=\"Dur\u00e9e de lecture estim\u00e9e\" \/>\n\t<meta name=\"twitter:data2\" content=\"4 minutes\" \/>\n<script type=\"application\/ld+json\" class=\"yoast-schema-graph\">{\"@context\":\"https:\\\/\\\/schema.org\",\"@graph\":[{\"@type\":\"Article\",\"@id\":\"https:\\\/\\\/www.oracaoefe.com\\\/por-que-motivo-os-sacramentos-pressupoem-a-fe\\\/#article\",\"isPartOf\":{\"@id\":\"https:\\\/\\\/www.oracaoefe.com\\\/por-que-motivo-os-sacramentos-pressupoem-a-fe\\\/\"},\"author\":{\"name\":\"Michele Azevedo\",\"@id\":\"https:\\\/\\\/www.oracaoefe.com\\\/#\\\/schema\\\/person\\\/17283c669442cf005c4d5bb58adfb7f5\"},\"headline\":\"Por que motivo os sacramentos pressup\u00f5em a f\u00e9?\",\"datePublished\":\"2024-01-29T04:01:00+00:00\",\"mainEntityOfPage\":{\"@id\":\"https:\\\/\\\/www.oracaoefe.com\\\/por-que-motivo-os-sacramentos-pressupoem-a-fe\\\/\"},\"wordCount\":890,\"image\":{\"@id\":\"https:\\\/\\\/www.oracaoefe.com\\\/por-que-motivo-os-sacramentos-pressupoem-a-fe\\\/#primaryimage\"},\"thumbnailUrl\":\"https:\\\/\\\/www.oracaoefe.com\\\/wp-content\\\/uploads\\\/2024\\\/01\\\/image-9.png\",\"articleSection\":[\"Curiosidades\"],\"inLanguage\":\"fr-FR\"},{\"@type\":\"WebPage\",\"@id\":\"https:\\\/\\\/www.oracaoefe.com\\\/por-que-motivo-os-sacramentos-pressupoem-a-fe\\\/\",\"url\":\"https:\\\/\\\/www.oracaoefe.com\\\/por-que-motivo-os-sacramentos-pressupoem-a-fe\\\/\",\"name\":\"Por que motivo os sacramentos pressup\u00f5em a f\u00e9? - Ora\u00e7\u00e3o e F\u00e9\",\"isPartOf\":{\"@id\":\"https:\\\/\\\/www.oracaoefe.com\\\/#website\"},\"primaryImageOfPage\":{\"@id\":\"https:\\\/\\\/www.oracaoefe.com\\\/por-que-motivo-os-sacramentos-pressupoem-a-fe\\\/#primaryimage\"},\"image\":{\"@id\":\"https:\\\/\\\/www.oracaoefe.com\\\/por-que-motivo-os-sacramentos-pressupoem-a-fe\\\/#primaryimage\"},\"thumbnailUrl\":\"https:\\\/\\\/www.oracaoefe.com\\\/wp-content\\\/uploads\\\/2024\\\/01\\\/image-9.png\",\"datePublished\":\"2024-01-29T04:01:00+00:00\",\"author\":{\"@id\":\"https:\\\/\\\/www.oracaoefe.com\\\/#\\\/schema\\\/person\\\/17283c669442cf005c4d5bb58adfb7f5\"},\"description\":\"Deus tem pra voc\u00ea uma palavra de vida!\",\"breadcrumb\":{\"@id\":\"https:\\\/\\\/www.oracaoefe.com\\\/por-que-motivo-os-sacramentos-pressupoem-a-fe\\\/#breadcrumb\"},\"inLanguage\":\"fr-FR\",\"potentialAction\":[{\"@type\":\"ReadAction\",\"target\":[\"https:\\\/\\\/www.oracaoefe.com\\\/por-que-motivo-os-sacramentos-pressupoem-a-fe\\\/\"]}]},{\"@type\":\"ImageObject\",\"inLanguage\":\"fr-FR\",\"@id\":\"https:\\\/\\\/www.oracaoefe.com\\\/por-que-motivo-os-sacramentos-pressupoem-a-fe\\\/#primaryimage\",\"url\":\"https:\\\/\\\/www.oracaoefe.com\\\/wp-content\\\/uploads\\\/2024\\\/01\\\/image-9.png\",\"contentUrl\":\"https:\\\/\\\/www.oracaoefe.com\\\/wp-content\\\/uploads\\\/2024\\\/01\\\/image-9.png\",\"width\":1280,\"height\":854},{\"@type\":\"BreadcrumbList\",\"@id\":\"https:\\\/\\\/www.oracaoefe.com\\\/por-que-motivo-os-sacramentos-pressupoem-a-fe\\\/#breadcrumb\",\"itemListElement\":[{\"@type\":\"ListItem\",\"position\":1,\"name\":\"Home\",\"item\":\"https:\\\/\\\/www.oracaoefe.com\\\/\"},{\"@type\":\"ListItem\",\"position\":2,\"name\":\"Curiosidades\",\"item\":\"https:\\\/\\\/www.oracaoefe.com\\\/es\\\/categoria\\\/curiosidades\\\/\"},{\"@type\":\"ListItem\",\"position\":3,\"name\":\"Por que motivo os sacramentos pressup\u00f5em a f\u00e9?\"}]},{\"@type\":\"WebSite\",\"@id\":\"https:\\\/\\\/www.oracaoefe.com\\\/#website\",\"url\":\"https:\\\/\\\/www.oracaoefe.com\\\/\",\"name\":\"Ora\u00e7\u00e3o e F\u00e9\",\"description\":\"\",\"potentialAction\":[{\"@type\":\"SearchAction\",\"target\":{\"@type\":\"EntryPoint\",\"urlTemplate\":\"https:\\\/\\\/www.oracaoefe.com\\\/?s={search_term_string}\"},\"query-input\":{\"@type\":\"PropertyValueSpecification\",\"valueRequired\":true,\"valueName\":\"search_term_string\"}}],\"inLanguage\":\"fr-FR\"},{\"@type\":\"Person\",\"@id\":\"https:\\\/\\\/www.oracaoefe.com\\\/#\\\/schema\\\/person\\\/17283c669442cf005c4d5bb58adfb7f5\",\"name\":\"Michele Azevedo\",\"image\":{\"@type\":\"ImageObject\",\"inLanguage\":\"fr-FR\",\"@id\":\"https:\\\/\\\/secure.gravatar.com\\\/avatar\\\/6b0eb9d22841282815e2cd856a0061c45e1761cd54b22e952d98c4746939aa85?s=96&d=mm&r=g\",\"url\":\"https:\\\/\\\/secure.gravatar.com\\\/avatar\\\/6b0eb9d22841282815e2cd856a0061c45e1761cd54b22e952d98c4746939aa85?s=96&d=mm&r=g\",\"contentUrl\":\"https:\\\/\\\/secure.gravatar.com\\\/avatar\\\/6b0eb9d22841282815e2cd856a0061c45e1761cd54b22e952d98c4746939aa85?s=96&d=mm&r=g\",\"caption\":\"Michele Azevedo\"},\"description\":\"Formada em Letras - Portugu\u00eas\\\/ Ingl\u00eas pela Universidade Estadual de Ponta Grossa (UEPG), p\u00f3s-graduada em Arte na Educa\u00e7\u00e3o (FAPI) e Psicopedagogia Escolar (FAPI), idealizadora e propriet\u00e1ria do site Escritora de Sucesso, possui experi\u00eancia em escrita para blogs em geral e atua como redatora e revisora dos conte\u00fados do Ora\u00e7\u00e3o e F\u00e9.\",\"url\":\"https:\\\/\\\/www.oracaoefe.com\\\/fr\\\/author\\\/michele-azevedo\\\/\"}]}<\/script>\n<!-- \/ Yoast SEO plugin. -->","yoast_head_json":{"title":"Por que motivo os sacramentos pressup\u00f5em a f\u00e9? - Ora\u00e7\u00e3o e F\u00e9","description":"Dieu a une parole de vie pour vous !","robots":{"index":"index","follow":"follow","max-snippet":"max-snippet:-1","max-image-preview":"max-image-preview:large","max-video-preview":"max-video-preview:-1"},"canonical":"https:\/\/www.oracaoefe.com\/fr\/por-que-motivo-os-sacramentos-pressupoem-a-fe\/","og_locale":"fr_FR","og_type":"article","og_title":"Por que motivo os sacramentos pressup\u00f5em a f\u00e9? - Ora\u00e7\u00e3o e F\u00e9","og_description":"Deus tem pra voc\u00ea uma palavra de vida!","og_url":"https:\/\/www.oracaoefe.com\/fr\/por-que-motivo-os-sacramentos-pressupoem-a-fe\/","og_site_name":"Ora\u00e7\u00e3o e F\u00e9","article_published_time":"2024-01-29T04:01:00+00:00","og_image":[{"width":1280,"height":854,"url":"https:\/\/www.oracaoefe.com\/wp-content\/uploads\/2024\/01\/image-9.png","type":"image\/png"}],"author":"Michele Azevedo","twitter_card":"summary_large_image","twitter_misc":{"\u00c9crit par":"Michele Azevedo","Dur\u00e9e de lecture estim\u00e9e":"4 minutes"},"schema":{"@context":"https:\/\/schema.org","@graph":[{"@type":"Article","@id":"https:\/\/www.oracaoefe.com\/por-que-motivo-os-sacramentos-pressupoem-a-fe\/#article","isPartOf":{"@id":"https:\/\/www.oracaoefe.com\/por-que-motivo-os-sacramentos-pressupoem-a-fe\/"},"author":{"name":"Michele Azevedo","@id":"https:\/\/www.oracaoefe.com\/#\/schema\/person\/17283c669442cf005c4d5bb58adfb7f5"},"headline":"Por que motivo os sacramentos pressup\u00f5em a f\u00e9?","datePublished":"2024-01-29T04:01:00+00:00","mainEntityOfPage":{"@id":"https:\/\/www.oracaoefe.com\/por-que-motivo-os-sacramentos-pressupoem-a-fe\/"},"wordCount":890,"image":{"@id":"https:\/\/www.oracaoefe.com\/por-que-motivo-os-sacramentos-pressupoem-a-fe\/#primaryimage"},"thumbnailUrl":"https:\/\/www.oracaoefe.com\/wp-content\/uploads\/2024\/01\/image-9.png","articleSection":["Curiosidades"],"inLanguage":"fr-FR"},{"@type":"WebPage","@id":"https:\/\/www.oracaoefe.com\/por-que-motivo-os-sacramentos-pressupoem-a-fe\/","url":"https:\/\/www.oracaoefe.com\/por-que-motivo-os-sacramentos-pressupoem-a-fe\/","name":"Por que motivo os sacramentos pressup\u00f5em a f\u00e9? - Ora\u00e7\u00e3o e F\u00e9","isPartOf":{"@id":"https:\/\/www.oracaoefe.com\/#website"},"primaryImageOfPage":{"@id":"https:\/\/www.oracaoefe.com\/por-que-motivo-os-sacramentos-pressupoem-a-fe\/#primaryimage"},"image":{"@id":"https:\/\/www.oracaoefe.com\/por-que-motivo-os-sacramentos-pressupoem-a-fe\/#primaryimage"},"thumbnailUrl":"https:\/\/www.oracaoefe.com\/wp-content\/uploads\/2024\/01\/image-9.png","datePublished":"2024-01-29T04:01:00+00:00","author":{"@id":"https:\/\/www.oracaoefe.com\/#\/schema\/person\/17283c669442cf005c4d5bb58adfb7f5"},"description":"Dieu a une parole de vie pour vous !","breadcrumb":{"@id":"https:\/\/www.oracaoefe.com\/por-que-motivo-os-sacramentos-pressupoem-a-fe\/#breadcrumb"},"inLanguage":"fr-FR","potentialAction":[{"@type":"ReadAction","target":["https:\/\/www.oracaoefe.com\/por-que-motivo-os-sacramentos-pressupoem-a-fe\/"]}]},{"@type":"ImageObject","inLanguage":"fr-FR","@id":"https:\/\/www.oracaoefe.com\/por-que-motivo-os-sacramentos-pressupoem-a-fe\/#primaryimage","url":"https:\/\/www.oracaoefe.com\/wp-content\/uploads\/2024\/01\/image-9.png","contentUrl":"https:\/\/www.oracaoefe.com\/wp-content\/uploads\/2024\/01\/image-9.png","width":1280,"height":854},{"@type":"BreadcrumbList","@id":"https:\/\/www.oracaoefe.com\/por-que-motivo-os-sacramentos-pressupoem-a-fe\/#breadcrumb","itemListElement":[{"@type":"ListItem","position":1,"name":"Home","item":"https:\/\/www.oracaoefe.com\/"},{"@type":"ListItem","position":2,"name":"Curiosidades","item":"https:\/\/www.oracaoefe.com\/es\/categoria\/curiosidades\/"},{"@type":"ListItem","position":3,"name":"Por que motivo os sacramentos pressup\u00f5em a f\u00e9?"}]},{"@type":"WebSite","@id":"https:\/\/www.oracaoefe.com\/#website","url":"https:\/\/www.oracaoefe.com\/","name":"Pri\u00e8re et foi","description":"","potentialAction":[{"@type":"SearchAction","target":{"@type":"EntryPoint","urlTemplate":"https:\/\/www.oracaoefe.com\/?s={search_term_string}"},"query-input":{"@type":"PropertyValueSpecification","valueRequired":true,"valueName":"search_term_string"}}],"inLanguage":"fr-FR"},{"@type":"Person","@id":"https:\/\/www.oracaoefe.com\/#\/schema\/person\/17283c669442cf005c4d5bb58adfb7f5","name":"Michele Azevedo","image":{"@type":"ImageObject","inLanguage":"fr-FR","@id":"https:\/\/secure.gravatar.com\/avatar\/6b0eb9d22841282815e2cd856a0061c45e1761cd54b22e952d98c4746939aa85?s=96&d=mm&r=g","url":"https:\/\/secure.gravatar.com\/avatar\/6b0eb9d22841282815e2cd856a0061c45e1761cd54b22e952d98c4746939aa85?s=96&d=mm&r=g","contentUrl":"https:\/\/secure.gravatar.com\/avatar\/6b0eb9d22841282815e2cd856a0061c45e1761cd54b22e952d98c4746939aa85?s=96&d=mm&r=g","caption":"Michele Azevedo"},"description":"Dipl\u00f4m\u00e9e en litt\u00e9rature portugaise\/anglaise de l&#039;Universit\u00e9 d&#039;\u00c9tat de Ponta Grossa (UEPG), avec des dipl\u00f4mes de troisi\u00e8me cycle en art dans l&#039;\u00e9ducation (FAPI) et en psychop\u00e9dagogie scolaire (FAPI), elle est la cr\u00e9atrice et propri\u00e9taire du site web Escritora de Sucesso, a de l&#039;exp\u00e9rience dans l&#039;\u00e9criture pour les blogs en g\u00e9n\u00e9ral et travaille comme r\u00e9dactrice et \u00e9ditrice du contenu pour Ora\u00e7\u00e3o e F\u00e9.","url":"https:\/\/www.oracaoefe.com\/fr\/author\/michele-azevedo\/"}]}},"_links":{"self":[{"href":"https:\/\/www.oracaoefe.com\/fr\/wp-json\/wp\/v2\/posts\/2532","targetHints":{"allow":["GET"]}}],"collection":[{"href":"https:\/\/www.oracaoefe.com\/fr\/wp-json\/wp\/v2\/posts"}],"about":[{"href":"https:\/\/www.oracaoefe.com\/fr\/wp-json\/wp\/v2\/types\/post"}],"author":[{"embeddable":true,"href":"https:\/\/www.oracaoefe.com\/fr\/wp-json\/wp\/v2\/users\/3"}],"replies":[{"embeddable":true,"href":"https:\/\/www.oracaoefe.com\/fr\/wp-json\/wp\/v2\/comments?post=2532"}],"version-history":[{"count":2,"href":"https:\/\/www.oracaoefe.com\/fr\/wp-json\/wp\/v2\/posts\/2532\/revisions"}],"predecessor-version":[{"id":2549,"href":"https:\/\/www.oracaoefe.com\/fr\/wp-json\/wp\/v2\/posts\/2532\/revisions\/2549"}],"wp:featuredmedia":[{"embeddable":true,"href":"https:\/\/www.oracaoefe.com\/fr\/wp-json\/wp\/v2\/media\/2548"}],"wp:attachment":[{"href":"https:\/\/www.oracaoefe.com\/fr\/wp-json\/wp\/v2\/media?parent=2532"}],"wp:term":[{"taxonomy":"category","embeddable":true,"href":"https:\/\/www.oracaoefe.com\/fr\/wp-json\/wp\/v2\/categories?post=2532"},{"taxonomy":"post_tag","embeddable":true,"href":"https:\/\/www.oracaoefe.com\/fr\/wp-json\/wp\/v2\/tags?post=2532"}],"curies":[{"name":"wp","href":"https:\/\/api.w.org\/{rel}","templated":true}]}}