{"id":2530,"date":"2024-01-26T01:01:00","date_gmt":"2024-01-26T04:01:00","guid":{"rendered":"https:\/\/www.oracaoefe.com\/?p=2530"},"modified":"2025-06-15T15:17:27","modified_gmt":"2025-06-15T18:17:27","slug":"entenda-a-importancia-de-rezar-o-terco-e-suas-intencoes","status":"publish","type":"post","link":"https:\/\/www.oracaoefe.com\/fr\/entenda-a-importancia-de-rezar-o-terco-e-suas-intencoes\/","title":{"rendered":"Entenda a import\u00e2ncia de rezar o ter\u00e7o e suas inten\u00e7\u00f5es"},"content":{"rendered":"<p class=\"wp-block-paragraph\">A pr\u00e1tica de rezar o ter\u00e7o tem ra\u00edzes profundas na tradi\u00e7\u00e3o cat\u00f3lica e tem desempenhado um papel significativo na vida espiritual de milh\u00f5es de pessoas ao redor do mundo. Este artigo explora a import\u00e2ncia de rezar o ter\u00e7o, destacando suas origens, sua estrutura e as inten\u00e7\u00f5es por tr\u00e1s dessa poderosa forma de ora\u00e7\u00e3o.<\/p>\n\n\n\n<h2 class=\"wp-block-heading\">Origens do Ter\u00e7o: Uma Tradi\u00e7\u00e3o Profunda<\/h2>\n\n\n\n<p class=\"wp-block-paragraph\">O ter\u00e7o tem suas origens na tradi\u00e7\u00e3o mon\u00e1stica, onde monges repetiam salmos como uma forma de ora\u00e7\u00e3o contemplativa. No entanto, a forma moderna do ter\u00e7o, como a conhecemos hoje, tem suas ra\u00edzes no s\u00e9culo XIII. A tradi\u00e7\u00e3o do ter\u00e7o foi popularizada por S\u00e3o Domingos de Gusm\u00e3o, o fundador da Ordem dos Dominicanos. Ele acreditava que a ora\u00e7\u00e3o era uma ferramenta poderosa para combater os males de sua \u00e9poca.<\/p>\n\n\n\n<h2 class=\"wp-block-heading\">A Estrutura do Ter\u00e7o: Uma Jornada de Ora\u00e7\u00e3o<\/h2>\n\n\n\n<p class=\"wp-block-paragraph\">O ter\u00e7o \u00e9 composto por tr\u00eas partes, cada uma delas focada em mist\u00e9rios espec\u00edficos da vida de Jesus e da Virgem Maria. As partes s\u00e3o conhecidas como ter\u00e7os, e cada ter\u00e7o consiste em cinco mist\u00e9rios. Os mist\u00e9rios incluem passagens b\u00edblicas significativas, como a Anuncia\u00e7\u00e3o, a Agonia no Horto, a Crucifica\u00e7\u00e3o e a Ressurrei\u00e7\u00e3o. Enquanto os fi\u00e9is rezam, eles meditam sobre esses mist\u00e9rios, mergulhando na vida de Jesus e buscando compreender melhor sua mensagem de amor e reden\u00e7\u00e3o.<\/p>\n\n\n\n<p class=\"wp-block-paragraph\">A repeti\u00e7\u00e3o das ora\u00e7\u00f5es do ter\u00e7o &#8211; o Pai Nosso, a Ave Maria e o Gl\u00f3ria ao Pai &#8211; n\u00e3o \u00e9 um mero exerc\u00edcio mec\u00e2nico, mas sim uma pr\u00e1tica meditativa que permite aos fi\u00e9is mergulhar mais profundamente nos mist\u00e9rios da f\u00e9. Cada mist\u00e9rio representa um aspecto \u00fanico da vida de Jesus, e rezar o ter\u00e7o \u00e9 como fazer uma jornada espiritual atrav\u00e9s desses eventos sagrados.<\/p>\n\n\n\n<h2 class=\"wp-block-heading\">A Import\u00e2ncia da Consist\u00eancia na Ora\u00e7\u00e3o do Ter\u00e7o<\/h2>\n\n\n\n<p class=\"wp-block-paragraph\">Rezar o ter\u00e7o regularmente oferece uma oportunidade para a constru\u00e7\u00e3o da disciplina espiritual. A consist\u00eancia na pr\u00e1tica fortalece a conex\u00e3o pessoal com Deus e cria uma atmosfera prop\u00edcia para o crescimento espiritual. A repeti\u00e7\u00e3o constante das ora\u00e7\u00f5es n\u00e3o s\u00f3 aprofunda a compreens\u00e3o dos mist\u00e9rios, mas tamb\u00e9m ajuda a internalizar as virtudes exemplificadas por Jesus e Maria.<\/p>\n\n\n\n<figure class=\"wp-block-image size-large\"><img loading=\"lazy\" decoding=\"async\" width=\"1024\" height=\"680\" src=\"https:\/\/www.oracaoefe.com\/wp-content\/uploads\/2024\/01\/image-8-1024x680.png\" alt=\"\" class=\"wp-image-2546\" srcset=\"https:\/\/www.oracaoefe.com\/wp-content\/uploads\/2024\/01\/image-8-1024x680.png 1024w, https:\/\/www.oracaoefe.com\/wp-content\/uploads\/2024\/01\/image-8-300x199.png 300w, https:\/\/www.oracaoefe.com\/wp-content\/uploads\/2024\/01\/image-8-768x510.png 768w, https:\/\/www.oracaoefe.com\/wp-content\/uploads\/2024\/01\/image-8-18x12.png 18w, https:\/\/www.oracaoefe.com\/wp-content\/uploads\/2024\/01\/image-8.png 1280w\" sizes=\"auto, (max-width: 1024px) 100vw, 1024px\" \/><\/figure>\n\n\n\n<p class=\"wp-block-paragraph\">Al\u00e9m disso, o ter\u00e7o \u00e9 uma maneira eficaz de cultivar a paci\u00eancia e a perseveran\u00e7a na vida espiritual. \u00c0 medida que os fi\u00e9is continuam a rezar o ter\u00e7o diariamente, mesmo quando enfrentam desafios e distra\u00e7\u00f5es, aprendem a superar obst\u00e1culos e a manter um foco constante em Deus.<\/p>\n\n\n\n<h2 class=\"wp-block-heading\">As Inten\u00e7\u00f5es por Tr\u00e1s do Ter\u00e7o: Uma Ora\u00e7\u00e3o de Intercess\u00e3o<\/h2>\n\n\n\n<p class=\"wp-block-paragraph\">Um dos aspectos mais poderosos do ter\u00e7o \u00e9 sua capacidade de servir como uma ora\u00e7\u00e3o de intercess\u00e3o. Ao rezar pelas inten\u00e7\u00f5es pessoais e pelas necessidades do mundo, os fi\u00e9is acreditam que est\u00e3o unindo suas vozes a uma tradi\u00e7\u00e3o de ora\u00e7\u00e3o que atravessa s\u00e9culos. Muitos cat\u00f3licos dedicam seus ter\u00e7os a pedidos espec\u00edficos, como sa\u00fade, paz, reconcilia\u00e7\u00e3o e orienta\u00e7\u00e3o espiritual.<\/p>\n\n\n\n<p class=\"wp-block-paragraph\">A Virgem Maria desempenha um papel central nesse aspecto intercess\u00f3rio do ter\u00e7o. Os cat\u00f3licos acreditam que Maria, como a M\u00e3e de Deus, intercede por eles junto a Seu Filho. Ao rezar o ter\u00e7o, eles confiam suas inten\u00e7\u00f5es \u00e0 intercess\u00e3o amorosa de Maria, confiantes de que suas preces ser\u00e3o ouvidas.<\/p>\n\n\n\n<h2 class=\"wp-block-heading\">Um Caminho de Profundidade Espiritual<\/h2>\n\n\n\n<p class=\"wp-block-paragraph\">Rezar o ter\u00e7o n\u00e3o \u00e9 apenas uma tradi\u00e7\u00e3o, mas uma pr\u00e1tica que oferece uma jornada espiritual profunda. Ao mergulhar nos mist\u00e9rios da vida de Jesus e da Virgem Maria, os fi\u00e9is encontram inspira\u00e7\u00e3o, fortalecem sua f\u00e9 e experimentam uma conex\u00e3o mais \u00edntima com Deus. A disciplina e a consist\u00eancia na ora\u00e7\u00e3o do ter\u00e7o n\u00e3o apenas aprofundam a vida espiritual individual, mas tamb\u00e9m contribuem para a constru\u00e7\u00e3o de uma comunidade de fi\u00e9is unidos por uma tradi\u00e7\u00e3o rica e significativa.<\/p>\n\n\n\n<p class=\"wp-block-paragraph\">Portanto, entender a import\u00e2ncia de rezar o ter\u00e7o vai al\u00e9m de uma pr\u00e1tica religiosa; \u00e9 um convite para uma jornada espiritual que transforma vidas e nutre a alma. Que, ao levantar o ter\u00e7o, os fi\u00e9is encontrem conforto, orienta\u00e7\u00e3o e, acima de tudo, a presen\u00e7a amorosa de Deus em cada ora\u00e7\u00e3o proferida.<\/p>\n\n\n\n<p class=\"wp-block-paragraph\"><strong>Voir aussi\u00a0: <a href=\"https:\/\/www.oracaoefe.com\/fr\/oracao-poderosa-para-tudo-dar-certo-urgente\/\">Ora\u00e7\u00e3o poderosa para tudo dar certo urgente<\/a><\/strong><\/p>\n\n\n\n<p class=\"wp-block-paragraph\">26 de janeiro de 2024<\/p>","protected":false},"excerpt":{"rendered":"<p>A pr\u00e1tica de rezar o ter\u00e7o tem ra\u00edzes profundas na tradi\u00e7\u00e3o cat\u00f3lica e tem desempenhado um papel significativo na vida espiritual de milh\u00f5es de pessoas ao redor do mundo. Este artigo explora a import\u00e2ncia de rezar o ter\u00e7o, destacando suas origens, sua estrutura e as inten\u00e7\u00f5es por tr\u00e1s dessa poderosa forma de ora\u00e7\u00e3o. Origens do&hellip;&nbsp;<\/p>","protected":false},"author":3,"featured_media":2546,"comment_status":"closed","ping_status":"closed","sticky":false,"template":"","format":"standard","meta":{"neve_meta_sidebar":"","neve_meta_container":"","neve_meta_enable_content_width":"","neve_meta_content_width":0,"neve_meta_title_alignment":"","neve_meta_author_avatar":"","neve_post_elements_order":"","neve_meta_disable_header":"","neve_meta_disable_footer":"","neve_meta_disable_title":"","footnotes":""},"categories":[3],"tags":[],"class_list":["post-2530","post","type-post","status-publish","format-standard","has-post-thumbnail","hentry","category-fe"],"yoast_head":"<!-- This site is optimized with the Yoast SEO plugin v28.4 - https:\/\/yoast.com\/product\/yoast-seo-wordpress\/ -->\n<title>Entenda a import\u00e2ncia de rezar o ter\u00e7o e suas inten\u00e7\u00f5es - Ora\u00e7\u00e3o e F\u00e9<\/title>\n<meta name=\"description\" content=\"Deus tem pra voc\u00ea uma palavra de vida!\" \/>\n<meta name=\"robots\" content=\"index, follow, max-snippet:-1, max-image-preview:large, max-video-preview:-1\" \/>\n<link rel=\"canonical\" href=\"https:\/\/www.oracaoefe.com\/fr\/entenda-a-importancia-de-rezar-o-terco-e-suas-intencoes\/\" \/>\n<meta property=\"og:locale\" content=\"fr_FR\" \/>\n<meta property=\"og:type\" content=\"article\" \/>\n<meta property=\"og:title\" content=\"Entenda a import\u00e2ncia de rezar o ter\u00e7o e suas inten\u00e7\u00f5es - Ora\u00e7\u00e3o e F\u00e9\" \/>\n<meta property=\"og:description\" content=\"Deus tem pra voc\u00ea uma palavra de vida!\" \/>\n<meta property=\"og:url\" content=\"https:\/\/www.oracaoefe.com\/fr\/entenda-a-importancia-de-rezar-o-terco-e-suas-intencoes\/\" \/>\n<meta property=\"og:site_name\" content=\"Ora\u00e7\u00e3o e F\u00e9\" \/>\n<meta property=\"article:published_time\" content=\"2024-01-26T04:01:00+00:00\" \/>\n<meta property=\"article:modified_time\" content=\"2025-06-15T18:17:27+00:00\" \/>\n<meta property=\"og:image\" content=\"https:\/\/www.oracaoefe.com\/wp-content\/uploads\/2024\/01\/image-8.png\" \/>\n\t<meta property=\"og:image:width\" content=\"1280\" \/>\n\t<meta property=\"og:image:height\" content=\"850\" \/>\n\t<meta property=\"og:image:type\" content=\"image\/png\" \/>\n<meta name=\"author\" content=\"Michele Azevedo\" \/>\n<meta name=\"twitter:card\" content=\"summary_large_image\" \/>\n<meta name=\"twitter:label1\" content=\"\u00c9crit par\" \/>\n\t<meta name=\"twitter:data1\" content=\"Michele Azevedo\" \/>\n\t<meta name=\"twitter:label2\" content=\"Dur\u00e9e de lecture estim\u00e9e\" \/>\n\t<meta name=\"twitter:data2\" content=\"4 minutes\" \/>\n<script type=\"application\/ld+json\" class=\"yoast-schema-graph\">{\"@context\":\"https:\\\/\\\/schema.org\",\"@graph\":[{\"@type\":\"Article\",\"@id\":\"https:\\\/\\\/www.oracaoefe.com\\\/entenda-a-importancia-de-rezar-o-terco-e-suas-intencoes\\\/#article\",\"isPartOf\":{\"@id\":\"https:\\\/\\\/www.oracaoefe.com\\\/entenda-a-importancia-de-rezar-o-terco-e-suas-intencoes\\\/\"},\"author\":{\"name\":\"Michele Azevedo\",\"@id\":\"https:\\\/\\\/www.oracaoefe.com\\\/#\\\/schema\\\/person\\\/17283c669442cf005c4d5bb58adfb7f5\"},\"headline\":\"Entenda a import\u00e2ncia de rezar o ter\u00e7o e suas inten\u00e7\u00f5es\",\"datePublished\":\"2024-01-26T04:01:00+00:00\",\"dateModified\":\"2025-06-15T18:17:27+00:00\",\"mainEntityOfPage\":{\"@id\":\"https:\\\/\\\/www.oracaoefe.com\\\/entenda-a-importancia-de-rezar-o-terco-e-suas-intencoes\\\/\"},\"wordCount\":790,\"image\":{\"@id\":\"https:\\\/\\\/www.oracaoefe.com\\\/entenda-a-importancia-de-rezar-o-terco-e-suas-intencoes\\\/#primaryimage\"},\"thumbnailUrl\":\"https:\\\/\\\/www.oracaoefe.com\\\/wp-content\\\/uploads\\\/2024\\\/01\\\/image-8.png\",\"articleSection\":[\"F\u00e9\"],\"inLanguage\":\"fr-FR\"},{\"@type\":\"WebPage\",\"@id\":\"https:\\\/\\\/www.oracaoefe.com\\\/entenda-a-importancia-de-rezar-o-terco-e-suas-intencoes\\\/\",\"url\":\"https:\\\/\\\/www.oracaoefe.com\\\/entenda-a-importancia-de-rezar-o-terco-e-suas-intencoes\\\/\",\"name\":\"Entenda a import\u00e2ncia de rezar o ter\u00e7o e suas inten\u00e7\u00f5es - Ora\u00e7\u00e3o e F\u00e9\",\"isPartOf\":{\"@id\":\"https:\\\/\\\/www.oracaoefe.com\\\/#website\"},\"primaryImageOfPage\":{\"@id\":\"https:\\\/\\\/www.oracaoefe.com\\\/entenda-a-importancia-de-rezar-o-terco-e-suas-intencoes\\\/#primaryimage\"},\"image\":{\"@id\":\"https:\\\/\\\/www.oracaoefe.com\\\/entenda-a-importancia-de-rezar-o-terco-e-suas-intencoes\\\/#primaryimage\"},\"thumbnailUrl\":\"https:\\\/\\\/www.oracaoefe.com\\\/wp-content\\\/uploads\\\/2024\\\/01\\\/image-8.png\",\"datePublished\":\"2024-01-26T04:01:00+00:00\",\"dateModified\":\"2025-06-15T18:17:27+00:00\",\"author\":{\"@id\":\"https:\\\/\\\/www.oracaoefe.com\\\/#\\\/schema\\\/person\\\/17283c669442cf005c4d5bb58adfb7f5\"},\"description\":\"Deus tem pra voc\u00ea uma palavra de vida!\",\"breadcrumb\":{\"@id\":\"https:\\\/\\\/www.oracaoefe.com\\\/entenda-a-importancia-de-rezar-o-terco-e-suas-intencoes\\\/#breadcrumb\"},\"inLanguage\":\"fr-FR\",\"potentialAction\":[{\"@type\":\"ReadAction\",\"target\":[\"https:\\\/\\\/www.oracaoefe.com\\\/entenda-a-importancia-de-rezar-o-terco-e-suas-intencoes\\\/\"]}]},{\"@type\":\"ImageObject\",\"inLanguage\":\"fr-FR\",\"@id\":\"https:\\\/\\\/www.oracaoefe.com\\\/entenda-a-importancia-de-rezar-o-terco-e-suas-intencoes\\\/#primaryimage\",\"url\":\"https:\\\/\\\/www.oracaoefe.com\\\/wp-content\\\/uploads\\\/2024\\\/01\\\/image-8.png\",\"contentUrl\":\"https:\\\/\\\/www.oracaoefe.com\\\/wp-content\\\/uploads\\\/2024\\\/01\\\/image-8.png\",\"width\":1280,\"height\":850},{\"@type\":\"BreadcrumbList\",\"@id\":\"https:\\\/\\\/www.oracaoefe.com\\\/entenda-a-importancia-de-rezar-o-terco-e-suas-intencoes\\\/#breadcrumb\",\"itemListElement\":[{\"@type\":\"ListItem\",\"position\":1,\"name\":\"Home\",\"item\":\"https:\\\/\\\/www.oracaoefe.com\\\/\"},{\"@type\":\"ListItem\",\"position\":2,\"name\":\"Entenda a import\u00e2ncia de rezar o ter\u00e7o e suas inten\u00e7\u00f5es\"}]},{\"@type\":\"WebSite\",\"@id\":\"https:\\\/\\\/www.oracaoefe.com\\\/#website\",\"url\":\"https:\\\/\\\/www.oracaoefe.com\\\/\",\"name\":\"Ora\u00e7\u00e3o e F\u00e9\",\"description\":\"\",\"potentialAction\":[{\"@type\":\"SearchAction\",\"target\":{\"@type\":\"EntryPoint\",\"urlTemplate\":\"https:\\\/\\\/www.oracaoefe.com\\\/?s={search_term_string}\"},\"query-input\":{\"@type\":\"PropertyValueSpecification\",\"valueRequired\":true,\"valueName\":\"search_term_string\"}}],\"inLanguage\":\"fr-FR\"},{\"@type\":\"Person\",\"@id\":\"https:\\\/\\\/www.oracaoefe.com\\\/#\\\/schema\\\/person\\\/17283c669442cf005c4d5bb58adfb7f5\",\"name\":\"Michele Azevedo\",\"image\":{\"@type\":\"ImageObject\",\"inLanguage\":\"fr-FR\",\"@id\":\"https:\\\/\\\/secure.gravatar.com\\\/avatar\\\/6b0eb9d22841282815e2cd856a0061c45e1761cd54b22e952d98c4746939aa85?s=96&d=mm&r=g\",\"url\":\"https:\\\/\\\/secure.gravatar.com\\\/avatar\\\/6b0eb9d22841282815e2cd856a0061c45e1761cd54b22e952d98c4746939aa85?s=96&d=mm&r=g\",\"contentUrl\":\"https:\\\/\\\/secure.gravatar.com\\\/avatar\\\/6b0eb9d22841282815e2cd856a0061c45e1761cd54b22e952d98c4746939aa85?s=96&d=mm&r=g\",\"caption\":\"Michele Azevedo\"},\"description\":\"Formada em Letras - Portugu\u00eas\\\/ Ingl\u00eas pela Universidade Estadual de Ponta Grossa (UEPG), p\u00f3s-graduada em Arte na Educa\u00e7\u00e3o (FAPI) e Psicopedagogia Escolar (FAPI), idealizadora e propriet\u00e1ria do site Escritora de Sucesso, possui experi\u00eancia em escrita para blogs em geral e atua como redatora e revisora dos conte\u00fados do Ora\u00e7\u00e3o e F\u00e9.\",\"url\":\"https:\\\/\\\/www.oracaoefe.com\\\/fr\\\/author\\\/michele-azevedo\\\/\"}]}<\/script>\n<!-- \/ Yoast SEO plugin. -->","yoast_head_json":{"title":"Entenda a import\u00e2ncia de rezar o ter\u00e7o e suas inten\u00e7\u00f5es - Ora\u00e7\u00e3o e F\u00e9","description":"Dieu a une parole de vie pour vous !","robots":{"index":"index","follow":"follow","max-snippet":"max-snippet:-1","max-image-preview":"max-image-preview:large","max-video-preview":"max-video-preview:-1"},"canonical":"https:\/\/www.oracaoefe.com\/fr\/entenda-a-importancia-de-rezar-o-terco-e-suas-intencoes\/","og_locale":"fr_FR","og_type":"article","og_title":"Entenda a import\u00e2ncia de rezar o ter\u00e7o e suas inten\u00e7\u00f5es - Ora\u00e7\u00e3o e F\u00e9","og_description":"Deus tem pra voc\u00ea uma palavra de vida!","og_url":"https:\/\/www.oracaoefe.com\/fr\/entenda-a-importancia-de-rezar-o-terco-e-suas-intencoes\/","og_site_name":"Ora\u00e7\u00e3o e F\u00e9","article_published_time":"2024-01-26T04:01:00+00:00","article_modified_time":"2025-06-15T18:17:27+00:00","og_image":[{"width":1280,"height":850,"url":"https:\/\/www.oracaoefe.com\/wp-content\/uploads\/2024\/01\/image-8.png","type":"image\/png"}],"author":"Michele Azevedo","twitter_card":"summary_large_image","twitter_misc":{"\u00c9crit par":"Michele Azevedo","Dur\u00e9e de lecture estim\u00e9e":"4 minutes"},"schema":{"@context":"https:\/\/schema.org","@graph":[{"@type":"Article","@id":"https:\/\/www.oracaoefe.com\/entenda-a-importancia-de-rezar-o-terco-e-suas-intencoes\/#article","isPartOf":{"@id":"https:\/\/www.oracaoefe.com\/entenda-a-importancia-de-rezar-o-terco-e-suas-intencoes\/"},"author":{"name":"Michele Azevedo","@id":"https:\/\/www.oracaoefe.com\/#\/schema\/person\/17283c669442cf005c4d5bb58adfb7f5"},"headline":"Entenda a import\u00e2ncia de rezar o ter\u00e7o e suas inten\u00e7\u00f5es","datePublished":"2024-01-26T04:01:00+00:00","dateModified":"2025-06-15T18:17:27+00:00","mainEntityOfPage":{"@id":"https:\/\/www.oracaoefe.com\/entenda-a-importancia-de-rezar-o-terco-e-suas-intencoes\/"},"wordCount":790,"image":{"@id":"https:\/\/www.oracaoefe.com\/entenda-a-importancia-de-rezar-o-terco-e-suas-intencoes\/#primaryimage"},"thumbnailUrl":"https:\/\/www.oracaoefe.com\/wp-content\/uploads\/2024\/01\/image-8.png","articleSection":["F\u00e9"],"inLanguage":"fr-FR"},{"@type":"WebPage","@id":"https:\/\/www.oracaoefe.com\/entenda-a-importancia-de-rezar-o-terco-e-suas-intencoes\/","url":"https:\/\/www.oracaoefe.com\/entenda-a-importancia-de-rezar-o-terco-e-suas-intencoes\/","name":"Entenda a import\u00e2ncia de rezar o ter\u00e7o e suas inten\u00e7\u00f5es - Ora\u00e7\u00e3o e F\u00e9","isPartOf":{"@id":"https:\/\/www.oracaoefe.com\/#website"},"primaryImageOfPage":{"@id":"https:\/\/www.oracaoefe.com\/entenda-a-importancia-de-rezar-o-terco-e-suas-intencoes\/#primaryimage"},"image":{"@id":"https:\/\/www.oracaoefe.com\/entenda-a-importancia-de-rezar-o-terco-e-suas-intencoes\/#primaryimage"},"thumbnailUrl":"https:\/\/www.oracaoefe.com\/wp-content\/uploads\/2024\/01\/image-8.png","datePublished":"2024-01-26T04:01:00+00:00","dateModified":"2025-06-15T18:17:27+00:00","author":{"@id":"https:\/\/www.oracaoefe.com\/#\/schema\/person\/17283c669442cf005c4d5bb58adfb7f5"},"description":"Dieu a une parole de vie pour vous !","breadcrumb":{"@id":"https:\/\/www.oracaoefe.com\/entenda-a-importancia-de-rezar-o-terco-e-suas-intencoes\/#breadcrumb"},"inLanguage":"fr-FR","potentialAction":[{"@type":"ReadAction","target":["https:\/\/www.oracaoefe.com\/entenda-a-importancia-de-rezar-o-terco-e-suas-intencoes\/"]}]},{"@type":"ImageObject","inLanguage":"fr-FR","@id":"https:\/\/www.oracaoefe.com\/entenda-a-importancia-de-rezar-o-terco-e-suas-intencoes\/#primaryimage","url":"https:\/\/www.oracaoefe.com\/wp-content\/uploads\/2024\/01\/image-8.png","contentUrl":"https:\/\/www.oracaoefe.com\/wp-content\/uploads\/2024\/01\/image-8.png","width":1280,"height":850},{"@type":"BreadcrumbList","@id":"https:\/\/www.oracaoefe.com\/entenda-a-importancia-de-rezar-o-terco-e-suas-intencoes\/#breadcrumb","itemListElement":[{"@type":"ListItem","position":1,"name":"Home","item":"https:\/\/www.oracaoefe.com\/"},{"@type":"ListItem","position":2,"name":"Entenda a import\u00e2ncia de rezar o ter\u00e7o e suas inten\u00e7\u00f5es"}]},{"@type":"WebSite","@id":"https:\/\/www.oracaoefe.com\/#website","url":"https:\/\/www.oracaoefe.com\/","name":"Pri\u00e8re et foi","description":"","potentialAction":[{"@type":"SearchAction","target":{"@type":"EntryPoint","urlTemplate":"https:\/\/www.oracaoefe.com\/?s={search_term_string}"},"query-input":{"@type":"PropertyValueSpecification","valueRequired":true,"valueName":"search_term_string"}}],"inLanguage":"fr-FR"},{"@type":"Person","@id":"https:\/\/www.oracaoefe.com\/#\/schema\/person\/17283c669442cf005c4d5bb58adfb7f5","name":"Michele Azevedo","image":{"@type":"ImageObject","inLanguage":"fr-FR","@id":"https:\/\/secure.gravatar.com\/avatar\/6b0eb9d22841282815e2cd856a0061c45e1761cd54b22e952d98c4746939aa85?s=96&d=mm&r=g","url":"https:\/\/secure.gravatar.com\/avatar\/6b0eb9d22841282815e2cd856a0061c45e1761cd54b22e952d98c4746939aa85?s=96&d=mm&r=g","contentUrl":"https:\/\/secure.gravatar.com\/avatar\/6b0eb9d22841282815e2cd856a0061c45e1761cd54b22e952d98c4746939aa85?s=96&d=mm&r=g","caption":"Michele Azevedo"},"description":"Dipl\u00f4m\u00e9e en litt\u00e9rature portugaise\/anglaise de l&#039;Universit\u00e9 d&#039;\u00c9tat de Ponta Grossa (UEPG), avec des dipl\u00f4mes de troisi\u00e8me cycle en art dans l&#039;\u00e9ducation (FAPI) et en psychop\u00e9dagogie scolaire (FAPI), elle est la cr\u00e9atrice et propri\u00e9taire du site web Escritora de Sucesso, a de l&#039;exp\u00e9rience dans l&#039;\u00e9criture pour les blogs en g\u00e9n\u00e9ral et travaille comme r\u00e9dactrice et \u00e9ditrice du contenu pour Ora\u00e7\u00e3o e F\u00e9.","url":"https:\/\/www.oracaoefe.com\/fr\/author\/michele-azevedo\/"}]}},"_links":{"self":[{"href":"https:\/\/www.oracaoefe.com\/fr\/wp-json\/wp\/v2\/posts\/2530","targetHints":{"allow":["GET"]}}],"collection":[{"href":"https:\/\/www.oracaoefe.com\/fr\/wp-json\/wp\/v2\/posts"}],"about":[{"href":"https:\/\/www.oracaoefe.com\/fr\/wp-json\/wp\/v2\/types\/post"}],"author":[{"embeddable":true,"href":"https:\/\/www.oracaoefe.com\/fr\/wp-json\/wp\/v2\/users\/3"}],"replies":[{"embeddable":true,"href":"https:\/\/www.oracaoefe.com\/fr\/wp-json\/wp\/v2\/comments?post=2530"}],"version-history":[{"count":2,"href":"https:\/\/www.oracaoefe.com\/fr\/wp-json\/wp\/v2\/posts\/2530\/revisions"}],"predecessor-version":[{"id":2547,"href":"https:\/\/www.oracaoefe.com\/fr\/wp-json\/wp\/v2\/posts\/2530\/revisions\/2547"}],"wp:featuredmedia":[{"embeddable":true,"href":"https:\/\/www.oracaoefe.com\/fr\/wp-json\/wp\/v2\/media\/2546"}],"wp:attachment":[{"href":"https:\/\/www.oracaoefe.com\/fr\/wp-json\/wp\/v2\/media?parent=2530"}],"wp:term":[{"taxonomy":"category","embeddable":true,"href":"https:\/\/www.oracaoefe.com\/fr\/wp-json\/wp\/v2\/categories?post=2530"},{"taxonomy":"post_tag","embeddable":true,"href":"https:\/\/www.oracaoefe.com\/fr\/wp-json\/wp\/v2\/tags?post=2530"}],"curies":[{"name":"wp","href":"https:\/\/api.w.org\/{rel}","templated":true}]}}