{"id":253,"date":"2022-09-24T19:34:03","date_gmt":"2022-09-24T22:34:03","guid":{"rendered":"https:\/\/www.oracaoefe.com\/?p=253"},"modified":"2022-09-25T16:38:43","modified_gmt":"2022-09-25T19:38:43","slug":"como-recuperar-a-fe-e-superar-vicios-vivenciando-a-forca-divina-todos-os-dias","status":"publish","type":"post","link":"https:\/\/www.oracaoefe.com\/fr\/como-recuperar-a-fe-e-superar-vicios-vivenciando-a-forca-divina-todos-os-dias\/","title":{"rendered":"Comment retrouver la foi et vaincre les addictions en vivant la force divine au quotidien"},"content":{"rendered":"<div class=\"wp-block-post-date\"><time datetime=\"2022-09-24T19:34:03-03:00\">24 septembre 2022<\/time><\/div>\n\n\n<p class=\"wp-block-paragraph\">La fin de l'ann\u00e9e en cours et le d\u00e9but de la nouvelle sont toujours l'occasion d'\u00e9valuations et de r\u00e9flexions sur ce qui a \u00e9t\u00e9 et ce qui pourrait \u00eatre. Bien que les bonnes r\u00e9solutions finissent souvent par s'estomper rapidement lorsque nous nous \u00e9loignons des vacances et retournons \u00e0 notre vie quotidienne, ce genre de consid\u00e9rations peut \u00eatre le point de d\u00e9part d'un voyage de croissance et d'am\u00e9lioration personnelles. Dans ce contexte, on peut \u00e9galement comprendre le d\u00e9sir de d\u00e9couvrir comment red\u00e9couvrir une foi perdue, ou simplement abandonn\u00e9e.<\/p>\n\n\n\n<h2 class=\"wp-block-heading\">En fin de compte, comment retrouver la foi ?<\/h2>\n\n\n\n<p class=\"wp-block-paragraph\">Les p\u00e9riodes d'incertitude et d'inqui\u00e9tude sont communes \u00e0 tous les hommes et \u00e0 toutes les femmes. La vie m\u00eame que nous menons semble faite expr\u00e8s pour injecter le doute dans ce qui, enfant, nous semblait simplement vrai, absolu, indubitable.&nbsp;<\/p>\n\n\n\n<p class=\"wp-block-paragraph\">Il est facile de trouver Dieu en toute chose, de se sentir proche de lui, prot\u00e9g\u00e9 par son \u00e9treinte, de le reconna\u00eetre et de le rencontrer non seulement dans les sacrements et dans l'\u00c9vangile, mais aussi dans nos proches, dans l'amour de nos parents, dans les petites et grandes choses de la vie quotidienne. Ce serait tellement beau de pouvoir garder cette m\u00eame certitude, cette foi pure et absolue !<\/p>\n\n\n\n<p class=\"wp-block-paragraph\">Quand on grandit, on perd cette fra\u00eecheur, cette spontan\u00e9it\u00e9. Les vicissitudes de la vie nous mettent \u00e0 l'\u00e9preuve et il n'est pas toujours facile de garder intacte notre confiance en Dieu, le sentiment d'appartenance \u00e0 Lui qui nous faisait nous sentir en s\u00e9curit\u00e9, prot\u00e9g\u00e9s. Au contraire, parfois ce sont pr\u00e9cis\u00e9ment les \u00e9v\u00e9nements de la vie qui nous \u00e9loignent de Dieu, qui facilitent l'\u00e9branlement de notre foi au point de la rendre faible, incoh\u00e9rente.<\/p>\n\n\n\n<p class=\"wp-block-paragraph\">C'est normal. La foi, par sa nature m\u00eame, n'est pas quelque chose d'immuable, mais elle est en constante \u00e9volution. Il grandit et m\u00fbrit avec nous, accompagnant notre d\u00e9veloppement int\u00e9rieur, s'adaptant \u00e0 nos changements, r\u00e9agissant \u00e0 ce qui nous d\u00e9range ou nous exalte, souffrant de nos erreurs et de nos vices.&nbsp;<\/p>\n\n\n\n<p class=\"wp-block-paragraph\">Comme une plante, il faut la soigner, la soutenir avec les bons nutriments, la redresser si n\u00e9cessaire, en s'appuyant sur l'exp\u00e9rience et les connaissances de grands hommes et femmes qui ont \u00e9tudi\u00e9 l'esprit et en ont tir\u00e9 le meilleur.<\/p>\n\n\n\n<h3 class=\"wp-block-heading\">Retrouver la foi en Dieu<\/h3>\n\n\n\n<p class=\"wp-block-paragraph\">Quels sont alors les outils pour red\u00e9couvrir la foi ? Il n'y a pas de recette universelle, chacun doit regarder en soi, trouver sa propre voie, son propre temps.<\/p>\n\n\n\n<p class=\"wp-block-paragraph\">Les outils que nous vous proposons sont des approches possibles et efficaces pour chacun d'entre nous.<\/p>\n\n\n\n<h4 class=\"wp-block-heading\">La r\u00e9citation du Saint Rosaire<\/h4>\n\n\n\n<p class=\"wp-block-paragraph\">Ou, plus g\u00e9n\u00e9ralement, la pri\u00e8re. La pri\u00e8re est notre fa\u00e7on de parler avec Dieu, de nous mettre en contact et de nous rapprocher de Lui. La r\u00e9citation du Saint Rosaire, en particulier, avec ses pri\u00e8res et ses formules, permet au croyant de se plonger dans une sorte de m\u00e9ditation qui favorise l'\u00e9loignement du contexte r\u00e9el et la concentration totale sur son dialogue avec le Tr\u00e8s-Haut.<\/p>\n\n\n\n<p class=\"wp-block-paragraph\">En outre, le Saint Rosaire contient les promesses de Marie pour ceux qui le r\u00e9citent, ce qui le rend d'autant plus efficace et agr\u00e9able \u00e0 Dieu. Consacrer ne serait-ce que quelques minutes par jour \u00e0 la pri\u00e8re ou au Saint Rosaire est certainement un point de d\u00e9part important pour ceux qui souhaitent retrouver ou renforcer leur foi.<\/p>\n\n\n\n<h3 class=\"wp-block-heading\">Comment et pourquoi vaincre vos addictions<\/h3>\n\n\n\n<p class=\"wp-block-paragraph\">La recherche de la foi commence par un travail de connaissance de soi. Nous rentrons en nous-m\u00eames, nous \u00e9loignant de notre routine quotidienne, r\u00e9clamant un moment de solitude et de silence. Ce n'est que de cette mani\u00e8re que nous pouvons trouver les conditions n\u00e9cessaires pour r\u00e9fl\u00e9chir profond\u00e9ment et consciemment \u00e0 notre vie.&nbsp;<\/p>\n\n\n\n<p class=\"wp-block-paragraph\">Et l'une des prises de conscience les plus importantes sera certainement celle concernant nos vices. Reconna\u00eetre ses propres vices est le point de d\u00e9part fondamental pour corriger son comportement et ses habitudes. Les vices sont les pratiques du mal les plus courantes et les plus r\u00e9pandues qui inqui\u00e8tent et rassemblent la majorit\u00e9 des \u00eatres humains. Il s'agit d'habitudes visant g\u00e9n\u00e9ralement \u00e0 satisfaire un besoin ou un d\u00e9sir, qui s'ancrent tellement dans l'esprit humain qu'elles deviennent, \u00e0 un moment donn\u00e9, indispensables.<\/p>\n\n\n\n<p class=\"wp-block-paragraph\">Comme toute autre forme de servitude qui d\u00e9tourne l'\u00e2me de ce qui est vraiment important, nos d\u00e9pendances sont tr\u00e8s d\u00e9sagr\u00e9ables pour Dieu. Travailler \u00e0 les \u00e9radiquer de notre \u00eatre est donc l'une des actions les plus importantes que nous puissions entreprendre sur le chemin de la reconqu\u00eate de la foi.&nbsp;<\/p>\n\n\n\n<p class=\"wp-block-paragraph\">Mais comment combattre les vices ? Tout d'abord, il faut les reconna\u00eetre, les admettre, comme pour une addiction morbide. Nous devons ensuite faire preuve de volont\u00e9 pour fuir les occasions de perp\u00e9tuer nos vices et d'\u00e9garer nos c\u0153urs et nos esprits.<\/p>\n\n\n\n<p class=\"wp-block-paragraph\">Dans ce processus, la pri\u00e8re peut sans doute nous aider \u00e0 nouveau, car ce n'est qu'avec l'aide de Dieu que nous pouvons esp\u00e9rer nous lib\u00e9rer de nos propres limites. Apr\u00e8s tout, tout le cheminement spirituel d'un bon chr\u00e9tien, de la naissance \u00e0 la mort, devrait consister \u00e0 suivre le mod\u00e8le du Christ et \u00e0 essayer de s'y conformer aussi \u00e9troitement que possible.<\/p>","protected":false},"excerpt":{"rendered":"<p>O final do ano corrente e o in\u00edcio do novo \u00e9 sempre uma oportunidade para avalia\u00e7\u00f5es e reflex\u00f5es sobre o que foi e o que poderia ser&#8230;<\/p>","protected":false},"author":1,"featured_media":333,"comment_status":"open","ping_status":"closed","sticky":false,"template":"","format":"standard","meta":{"neve_meta_sidebar":"","neve_meta_container":"","neve_meta_enable_content_width":"","neve_meta_content_width":0,"neve_meta_title_alignment":"","neve_meta_author_avatar":"","neve_post_elements_order":"","neve_meta_disable_header":"","neve_meta_disable_footer":"","neve_meta_disable_title":"","footnotes":""},"categories":[3],"tags":[20,38,29,40,41],"class_list":["post-253","post","type-post","status-publish","format-standard","has-post-thumbnail","hentry","category-fe","tag-deus","tag-divino","tag-fe","tag-superacao-2","tag-vicios-2"],"yoast_head":"<!-- This site is optimized with the Yoast SEO plugin v28.4 - https:\/\/yoast.com\/product\/yoast-seo-wordpress\/ -->\n<title>Como recuperar a f\u00e9 e superar v\u00edcios vivenciando a for\u00e7a divina todos os dias - Ora\u00e7\u00e3o e F\u00e9<\/title>\n<meta name=\"description\" content=\"O final do ano corrente e o in\u00edcio do novo \u00e9 sempre uma oportunidade para avalia\u00e7\u00f5es e reflex\u00f5es sobre o que foi e o que poderia ser...\" \/>\n<meta name=\"robots\" content=\"index, follow, max-snippet:-1, max-image-preview:large, max-video-preview:-1\" \/>\n<link rel=\"canonical\" href=\"https:\/\/www.oracaoefe.com\/fr\/como-recuperar-a-fe-e-superar-vicios-vivenciando-a-forca-divina-todos-os-dias\/\" \/>\n<meta property=\"og:locale\" content=\"fr_FR\" \/>\n<meta property=\"og:type\" content=\"article\" \/>\n<meta property=\"og:title\" content=\"Como recuperar a f\u00e9 e superar v\u00edcios vivenciando a for\u00e7a divina todos os dias - Ora\u00e7\u00e3o e F\u00e9\" \/>\n<meta property=\"og:description\" content=\"O final do ano corrente e o in\u00edcio do novo \u00e9 sempre uma oportunidade para avalia\u00e7\u00f5es e reflex\u00f5es sobre o que foi e o que poderia ser...\" \/>\n<meta property=\"og:url\" content=\"https:\/\/www.oracaoefe.com\/fr\/como-recuperar-a-fe-e-superar-vicios-vivenciando-a-forca-divina-todos-os-dias\/\" \/>\n<meta property=\"og:site_name\" content=\"Ora\u00e7\u00e3o e F\u00e9\" \/>\n<meta property=\"article:published_time\" content=\"2022-09-24T22:34:03+00:00\" \/>\n<meta property=\"article:modified_time\" content=\"2022-09-25T19:38:43+00:00\" \/>\n<meta property=\"og:image\" content=\"https:\/\/www.oracaoefe.com\/wp-content\/uploads\/2022\/09\/Como-recuperar-a-fe-e-superar-vicios-vivenciando-a-forca-divina-todos-os-dias.jpg\" \/>\n\t<meta property=\"og:image:width\" content=\"1200\" \/>\n\t<meta property=\"og:image:height\" content=\"675\" \/>\n\t<meta property=\"og:image:type\" content=\"image\/jpeg\" \/>\n<meta name=\"author\" content=\"Maria\" \/>\n<meta name=\"twitter:card\" content=\"summary_large_image\" \/>\n<meta name=\"twitter:label1\" content=\"\u00c9crit par\" \/>\n\t<meta name=\"twitter:data1\" content=\"Maria\" \/>\n\t<meta name=\"twitter:label2\" content=\"Dur\u00e9e de lecture estim\u00e9e\" \/>\n\t<meta name=\"twitter:data2\" content=\"4 minutes\" \/>\n<script type=\"application\/ld+json\" class=\"yoast-schema-graph\">{\"@context\":\"https:\\\/\\\/schema.org\",\"@graph\":[{\"@type\":\"Article\",\"@id\":\"https:\\\/\\\/www.oracaoefe.com\\\/como-recuperar-a-fe-e-superar-vicios-vivenciando-a-forca-divina-todos-os-dias\\\/#article\",\"isPartOf\":{\"@id\":\"https:\\\/\\\/www.oracaoefe.com\\\/como-recuperar-a-fe-e-superar-vicios-vivenciando-a-forca-divina-todos-os-dias\\\/\"},\"author\":{\"name\":\"Maria\",\"@id\":\"https:\\\/\\\/www.oracaoefe.com\\\/#\\\/schema\\\/person\\\/27873f1e6043866689f5091b5139f23d\"},\"headline\":\"Como recuperar a f\u00e9 e superar v\u00edcios vivenciando a for\u00e7a divina todos os dias\",\"datePublished\":\"2022-09-24T22:34:03+00:00\",\"dateModified\":\"2022-09-25T19:38:43+00:00\",\"mainEntityOfPage\":{\"@id\":\"https:\\\/\\\/www.oracaoefe.com\\\/como-recuperar-a-fe-e-superar-vicios-vivenciando-a-forca-divina-todos-os-dias\\\/\"},\"wordCount\":867,\"commentCount\":0,\"image\":{\"@id\":\"https:\\\/\\\/www.oracaoefe.com\\\/como-recuperar-a-fe-e-superar-vicios-vivenciando-a-forca-divina-todos-os-dias\\\/#primaryimage\"},\"thumbnailUrl\":\"https:\\\/\\\/www.oracaoefe.com\\\/wp-content\\\/uploads\\\/2022\\\/09\\\/Como-recuperar-a-fe-e-superar-vicios-vivenciando-a-forca-divina-todos-os-dias.jpg\",\"keywords\":[\"Deus\",\"divino\",\"fe\",\"superacao\",\"vicios\"],\"articleSection\":[\"F\u00e9\"],\"inLanguage\":\"fr-FR\",\"potentialAction\":[{\"@type\":\"CommentAction\",\"name\":\"Comment\",\"target\":[\"https:\\\/\\\/www.oracaoefe.com\\\/como-recuperar-a-fe-e-superar-vicios-vivenciando-a-forca-divina-todos-os-dias\\\/#respond\"]}]},{\"@type\":\"WebPage\",\"@id\":\"https:\\\/\\\/www.oracaoefe.com\\\/como-recuperar-a-fe-e-superar-vicios-vivenciando-a-forca-divina-todos-os-dias\\\/\",\"url\":\"https:\\\/\\\/www.oracaoefe.com\\\/como-recuperar-a-fe-e-superar-vicios-vivenciando-a-forca-divina-todos-os-dias\\\/\",\"name\":\"Como recuperar a f\u00e9 e superar v\u00edcios vivenciando a for\u00e7a divina todos os dias - Ora\u00e7\u00e3o e F\u00e9\",\"isPartOf\":{\"@id\":\"https:\\\/\\\/www.oracaoefe.com\\\/#website\"},\"primaryImageOfPage\":{\"@id\":\"https:\\\/\\\/www.oracaoefe.com\\\/como-recuperar-a-fe-e-superar-vicios-vivenciando-a-forca-divina-todos-os-dias\\\/#primaryimage\"},\"image\":{\"@id\":\"https:\\\/\\\/www.oracaoefe.com\\\/como-recuperar-a-fe-e-superar-vicios-vivenciando-a-forca-divina-todos-os-dias\\\/#primaryimage\"},\"thumbnailUrl\":\"https:\\\/\\\/www.oracaoefe.com\\\/wp-content\\\/uploads\\\/2022\\\/09\\\/Como-recuperar-a-fe-e-superar-vicios-vivenciando-a-forca-divina-todos-os-dias.jpg\",\"datePublished\":\"2022-09-24T22:34:03+00:00\",\"dateModified\":\"2022-09-25T19:38:43+00:00\",\"author\":{\"@id\":\"https:\\\/\\\/www.oracaoefe.com\\\/#\\\/schema\\\/person\\\/27873f1e6043866689f5091b5139f23d\"},\"description\":\"O final do ano corrente e o in\u00edcio do novo \u00e9 sempre uma oportunidade para avalia\u00e7\u00f5es e reflex\u00f5es sobre o que foi e o que poderia ser...\",\"breadcrumb\":{\"@id\":\"https:\\\/\\\/www.oracaoefe.com\\\/como-recuperar-a-fe-e-superar-vicios-vivenciando-a-forca-divina-todos-os-dias\\\/#breadcrumb\"},\"inLanguage\":\"fr-FR\",\"potentialAction\":[{\"@type\":\"ReadAction\",\"target\":[\"https:\\\/\\\/www.oracaoefe.com\\\/como-recuperar-a-fe-e-superar-vicios-vivenciando-a-forca-divina-todos-os-dias\\\/\"]}]},{\"@type\":\"ImageObject\",\"inLanguage\":\"fr-FR\",\"@id\":\"https:\\\/\\\/www.oracaoefe.com\\\/como-recuperar-a-fe-e-superar-vicios-vivenciando-a-forca-divina-todos-os-dias\\\/#primaryimage\",\"url\":\"https:\\\/\\\/www.oracaoefe.com\\\/wp-content\\\/uploads\\\/2022\\\/09\\\/Como-recuperar-a-fe-e-superar-vicios-vivenciando-a-forca-divina-todos-os-dias.jpg\",\"contentUrl\":\"https:\\\/\\\/www.oracaoefe.com\\\/wp-content\\\/uploads\\\/2022\\\/09\\\/Como-recuperar-a-fe-e-superar-vicios-vivenciando-a-forca-divina-todos-os-dias.jpg\",\"width\":1200,\"height\":675,\"caption\":\"Como recuperar a f\u00e9 e superar v\u00edcios vivenciando a for\u00e7a divina todos os dias\"},{\"@type\":\"BreadcrumbList\",\"@id\":\"https:\\\/\\\/www.oracaoefe.com\\\/como-recuperar-a-fe-e-superar-vicios-vivenciando-a-forca-divina-todos-os-dias\\\/#breadcrumb\",\"itemListElement\":[{\"@type\":\"ListItem\",\"position\":1,\"name\":\"Home\",\"item\":\"https:\\\/\\\/www.oracaoefe.com\\\/\"},{\"@type\":\"ListItem\",\"position\":2,\"name\":\"F\u00e9\",\"item\":\"https:\\\/\\\/www.oracaoefe.com\\\/es\\\/categoria\\\/fe\\\/\"},{\"@type\":\"ListItem\",\"position\":3,\"name\":\"Como recuperar a f\u00e9 e superar v\u00edcios vivenciando a for\u00e7a divina todos os dias\"}]},{\"@type\":\"WebSite\",\"@id\":\"https:\\\/\\\/www.oracaoefe.com\\\/#website\",\"url\":\"https:\\\/\\\/www.oracaoefe.com\\\/\",\"name\":\"Ora\u00e7\u00e3o e F\u00e9\",\"description\":\"\",\"potentialAction\":[{\"@type\":\"SearchAction\",\"target\":{\"@type\":\"EntryPoint\",\"urlTemplate\":\"https:\\\/\\\/www.oracaoefe.com\\\/?s={search_term_string}\"},\"query-input\":{\"@type\":\"PropertyValueSpecification\",\"valueRequired\":true,\"valueName\":\"search_term_string\"}}],\"inLanguage\":\"fr-FR\"},{\"@type\":\"Person\",\"@id\":\"https:\\\/\\\/www.oracaoefe.com\\\/#\\\/schema\\\/person\\\/27873f1e6043866689f5091b5139f23d\",\"name\":\"Maria\",\"image\":{\"@type\":\"ImageObject\",\"inLanguage\":\"fr-FR\",\"@id\":\"https:\\\/\\\/secure.gravatar.com\\\/avatar\\\/4cac5ea56d40d599bd7348d330a83b1c84cd229296d1613cd1c7f6740561d0c9?s=96&d=mm&r=g\",\"url\":\"https:\\\/\\\/secure.gravatar.com\\\/avatar\\\/4cac5ea56d40d599bd7348d330a83b1c84cd229296d1613cd1c7f6740561d0c9?s=96&d=mm&r=g\",\"contentUrl\":\"https:\\\/\\\/secure.gravatar.com\\\/avatar\\\/4cac5ea56d40d599bd7348d330a83b1c84cd229296d1613cd1c7f6740561d0c9?s=96&d=mm&r=g\",\"caption\":\"Maria\"},\"description\":\"Meu nome \u00e9 Maria e sou apaixonada por teologia, espiritualidade e estudos religiosos. H\u00e1 mais de 5 anos escrevo sobre o universo da f\u00e9, pesquisando diferentes religi\u00f5es, doutrinas, tradi\u00e7\u00f5es espirituais e curiosidades religiosas ao redor do mundo. Tenho grande interesse em compreender como a f\u00e9 e a religiosidade se manifestam em diferentes culturas, pa\u00edses e idiomas, sempre buscando aprender mais sobre os costumes, cren\u00e7as e hist\u00f3rias que influenciam milh\u00f5es de pessoas diariamente. Atualmente, atuo como redatora no portal Ora\u00e7\u00e3o e F\u00e9, onde compartilho conte\u00fados informativos, reflexivos e inspiradores voltados ao universo religioso e espiritual. Meu objetivo \u00e9 levar conhecimento, curiosidades e mensagens enriquecedoras para leitores que desejam aprofundar sua compreens\u00e3o sobre f\u00e9, religi\u00e3o e espiritualidade no mundo moderno.\",\"sameAs\":[\"https:\\\/\\\/www.oracaoefe.com\"],\"url\":\"https:\\\/\\\/www.oracaoefe.com\\\/fr\\\/author\\\/admin\\\/\"}]}<\/script>\n<!-- \/ Yoast SEO plugin. -->","yoast_head_json":{"title":"Comment retrouver la foi et vaincre les d\u00e9pendances en faisant l'exp\u00e9rience de la puissance divine au quotidien - Pri\u00e8re et foi","description":"La fin de l'ann\u00e9e en cours et le d\u00e9but de la nouvelle sont toujours l'occasion d'\u00e9valuer et de r\u00e9fl\u00e9chir \u00e0 ce qui a \u00e9t\u00e9 et \u00e0 ce qui pourrait \u00eatre...","robots":{"index":"index","follow":"follow","max-snippet":"max-snippet:-1","max-image-preview":"max-image-preview:large","max-video-preview":"max-video-preview:-1"},"canonical":"https:\/\/www.oracaoefe.com\/fr\/como-recuperar-a-fe-e-superar-vicios-vivenciando-a-forca-divina-todos-os-dias\/","og_locale":"fr_FR","og_type":"article","og_title":"Como recuperar a f\u00e9 e superar v\u00edcios vivenciando a for\u00e7a divina todos os dias - Ora\u00e7\u00e3o e F\u00e9","og_description":"O final do ano corrente e o in\u00edcio do novo \u00e9 sempre uma oportunidade para avalia\u00e7\u00f5es e reflex\u00f5es sobre o que foi e o que poderia ser...","og_url":"https:\/\/www.oracaoefe.com\/fr\/como-recuperar-a-fe-e-superar-vicios-vivenciando-a-forca-divina-todos-os-dias\/","og_site_name":"Ora\u00e7\u00e3o e F\u00e9","article_published_time":"2022-09-24T22:34:03+00:00","article_modified_time":"2022-09-25T19:38:43+00:00","og_image":[{"width":1200,"height":675,"url":"https:\/\/www.oracaoefe.com\/wp-content\/uploads\/2022\/09\/Como-recuperar-a-fe-e-superar-vicios-vivenciando-a-forca-divina-todos-os-dias.jpg","type":"image\/jpeg"}],"author":"Maria","twitter_card":"summary_large_image","twitter_misc":{"\u00c9crit par":"Maria","Dur\u00e9e de lecture estim\u00e9e":"4 minutes"},"schema":{"@context":"https:\/\/schema.org","@graph":[{"@type":"Article","@id":"https:\/\/www.oracaoefe.com\/como-recuperar-a-fe-e-superar-vicios-vivenciando-a-forca-divina-todos-os-dias\/#article","isPartOf":{"@id":"https:\/\/www.oracaoefe.com\/como-recuperar-a-fe-e-superar-vicios-vivenciando-a-forca-divina-todos-os-dias\/"},"author":{"name":"Maria","@id":"https:\/\/www.oracaoefe.com\/#\/schema\/person\/27873f1e6043866689f5091b5139f23d"},"headline":"Como recuperar a f\u00e9 e superar v\u00edcios vivenciando a for\u00e7a divina todos os dias","datePublished":"2022-09-24T22:34:03+00:00","dateModified":"2022-09-25T19:38:43+00:00","mainEntityOfPage":{"@id":"https:\/\/www.oracaoefe.com\/como-recuperar-a-fe-e-superar-vicios-vivenciando-a-forca-divina-todos-os-dias\/"},"wordCount":867,"commentCount":0,"image":{"@id":"https:\/\/www.oracaoefe.com\/como-recuperar-a-fe-e-superar-vicios-vivenciando-a-forca-divina-todos-os-dias\/#primaryimage"},"thumbnailUrl":"https:\/\/www.oracaoefe.com\/wp-content\/uploads\/2022\/09\/Como-recuperar-a-fe-e-superar-vicios-vivenciando-a-forca-divina-todos-os-dias.jpg","keywords":["Deus","divino","fe","superacao","vicios"],"articleSection":["F\u00e9"],"inLanguage":"fr-FR","potentialAction":[{"@type":"CommentAction","name":"Comment","target":["https:\/\/www.oracaoefe.com\/como-recuperar-a-fe-e-superar-vicios-vivenciando-a-forca-divina-todos-os-dias\/#respond"]}]},{"@type":"WebPage","@id":"https:\/\/www.oracaoefe.com\/como-recuperar-a-fe-e-superar-vicios-vivenciando-a-forca-divina-todos-os-dias\/","url":"https:\/\/www.oracaoefe.com\/como-recuperar-a-fe-e-superar-vicios-vivenciando-a-forca-divina-todos-os-dias\/","name":"Comment retrouver la foi et vaincre les d\u00e9pendances en faisant l'exp\u00e9rience de la puissance divine au quotidien - Pri\u00e8re et foi","isPartOf":{"@id":"https:\/\/www.oracaoefe.com\/#website"},"primaryImageOfPage":{"@id":"https:\/\/www.oracaoefe.com\/como-recuperar-a-fe-e-superar-vicios-vivenciando-a-forca-divina-todos-os-dias\/#primaryimage"},"image":{"@id":"https:\/\/www.oracaoefe.com\/como-recuperar-a-fe-e-superar-vicios-vivenciando-a-forca-divina-todos-os-dias\/#primaryimage"},"thumbnailUrl":"https:\/\/www.oracaoefe.com\/wp-content\/uploads\/2022\/09\/Como-recuperar-a-fe-e-superar-vicios-vivenciando-a-forca-divina-todos-os-dias.jpg","datePublished":"2022-09-24T22:34:03+00:00","dateModified":"2022-09-25T19:38:43+00:00","author":{"@id":"https:\/\/www.oracaoefe.com\/#\/schema\/person\/27873f1e6043866689f5091b5139f23d"},"description":"La fin de l'ann\u00e9e en cours et le d\u00e9but de la nouvelle sont toujours l'occasion d'\u00e9valuer et de r\u00e9fl\u00e9chir \u00e0 ce qui a \u00e9t\u00e9 et \u00e0 ce qui pourrait \u00eatre...","breadcrumb":{"@id":"https:\/\/www.oracaoefe.com\/como-recuperar-a-fe-e-superar-vicios-vivenciando-a-forca-divina-todos-os-dias\/#breadcrumb"},"inLanguage":"fr-FR","potentialAction":[{"@type":"ReadAction","target":["https:\/\/www.oracaoefe.com\/como-recuperar-a-fe-e-superar-vicios-vivenciando-a-forca-divina-todos-os-dias\/"]}]},{"@type":"ImageObject","inLanguage":"fr-FR","@id":"https:\/\/www.oracaoefe.com\/como-recuperar-a-fe-e-superar-vicios-vivenciando-a-forca-divina-todos-os-dias\/#primaryimage","url":"https:\/\/www.oracaoefe.com\/wp-content\/uploads\/2022\/09\/Como-recuperar-a-fe-e-superar-vicios-vivenciando-a-forca-divina-todos-os-dias.jpg","contentUrl":"https:\/\/www.oracaoefe.com\/wp-content\/uploads\/2022\/09\/Como-recuperar-a-fe-e-superar-vicios-vivenciando-a-forca-divina-todos-os-dias.jpg","width":1200,"height":675,"caption":"Como recuperar a f\u00e9 e superar v\u00edcios vivenciando a for\u00e7a divina todos os dias"},{"@type":"BreadcrumbList","@id":"https:\/\/www.oracaoefe.com\/como-recuperar-a-fe-e-superar-vicios-vivenciando-a-forca-divina-todos-os-dias\/#breadcrumb","itemListElement":[{"@type":"ListItem","position":1,"name":"Home","item":"https:\/\/www.oracaoefe.com\/"},{"@type":"ListItem","position":2,"name":"F\u00e9","item":"https:\/\/www.oracaoefe.com\/es\/categoria\/fe\/"},{"@type":"ListItem","position":3,"name":"Como recuperar a f\u00e9 e superar v\u00edcios vivenciando a for\u00e7a divina todos os dias"}]},{"@type":"WebSite","@id":"https:\/\/www.oracaoefe.com\/#website","url":"https:\/\/www.oracaoefe.com\/","name":"Pri\u00e8re et foi","description":"","potentialAction":[{"@type":"SearchAction","target":{"@type":"EntryPoint","urlTemplate":"https:\/\/www.oracaoefe.com\/?s={search_term_string}"},"query-input":{"@type":"PropertyValueSpecification","valueRequired":true,"valueName":"search_term_string"}}],"inLanguage":"fr-FR"},{"@type":"Person","@id":"https:\/\/www.oracaoefe.com\/#\/schema\/person\/27873f1e6043866689f5091b5139f23d","name":"Maria","image":{"@type":"ImageObject","inLanguage":"fr-FR","@id":"https:\/\/secure.gravatar.com\/avatar\/4cac5ea56d40d599bd7348d330a83b1c84cd229296d1613cd1c7f6740561d0c9?s=96&d=mm&r=g","url":"https:\/\/secure.gravatar.com\/avatar\/4cac5ea56d40d599bd7348d330a83b1c84cd229296d1613cd1c7f6740561d0c9?s=96&d=mm&r=g","contentUrl":"https:\/\/secure.gravatar.com\/avatar\/4cac5ea56d40d599bd7348d330a83b1c84cd229296d1613cd1c7f6740561d0c9?s=96&d=mm&r=g","caption":"Maria"},"description":"Meu nome \u00e9 Maria e sou apaixonada por teologia, espiritualidade e estudos religiosos. H\u00e1 mais de 5 anos escrevo sobre o universo da f\u00e9, pesquisando diferentes religi\u00f5es, doutrinas, tradi\u00e7\u00f5es espirituais e curiosidades religiosas ao redor do mundo. Tenho grande interesse em compreender como a f\u00e9 e a religiosidade se manifestam em diferentes culturas, pa\u00edses e idiomas, sempre buscando aprender mais sobre os costumes, cren\u00e7as e hist\u00f3rias que influenciam milh\u00f5es de pessoas diariamente. Atualmente, atuo como redatora no portal Ora\u00e7\u00e3o e F\u00e9, onde compartilho conte\u00fados informativos, reflexivos e inspiradores voltados ao universo religioso e espiritual. Meu objetivo \u00e9 levar conhecimento, curiosidades e mensagens enriquecedoras para leitores que desejam aprofundar sua compreens\u00e3o sobre f\u00e9, religi\u00e3o e espiritualidade no mundo moderno.","sameAs":["https:\/\/www.oracaoefe.com"],"url":"https:\/\/www.oracaoefe.com\/fr\/author\/admin\/"}]}},"_links":{"self":[{"href":"https:\/\/www.oracaoefe.com\/fr\/wp-json\/wp\/v2\/posts\/253","targetHints":{"allow":["GET"]}}],"collection":[{"href":"https:\/\/www.oracaoefe.com\/fr\/wp-json\/wp\/v2\/posts"}],"about":[{"href":"https:\/\/www.oracaoefe.com\/fr\/wp-json\/wp\/v2\/types\/post"}],"author":[{"embeddable":true,"href":"https:\/\/www.oracaoefe.com\/fr\/wp-json\/wp\/v2\/users\/1"}],"replies":[{"embeddable":true,"href":"https:\/\/www.oracaoefe.com\/fr\/wp-json\/wp\/v2\/comments?post=253"}],"version-history":[{"count":3,"href":"https:\/\/www.oracaoefe.com\/fr\/wp-json\/wp\/v2\/posts\/253\/revisions"}],"predecessor-version":[{"id":364,"href":"https:\/\/www.oracaoefe.com\/fr\/wp-json\/wp\/v2\/posts\/253\/revisions\/364"}],"wp:featuredmedia":[{"embeddable":true,"href":"https:\/\/www.oracaoefe.com\/fr\/wp-json\/wp\/v2\/media\/333"}],"wp:attachment":[{"href":"https:\/\/www.oracaoefe.com\/fr\/wp-json\/wp\/v2\/media?parent=253"}],"wp:term":[{"taxonomy":"category","embeddable":true,"href":"https:\/\/www.oracaoefe.com\/fr\/wp-json\/wp\/v2\/categories?post=253"},{"taxonomy":"post_tag","embeddable":true,"href":"https:\/\/www.oracaoefe.com\/fr\/wp-json\/wp\/v2\/tags?post=253"}],"curies":[{"name":"wp","href":"https:\/\/api.w.org\/{rel}","templated":true}]}}