{"id":2528,"date":"2024-01-23T01:01:00","date_gmt":"2024-01-23T04:01:00","guid":{"rendered":"https:\/\/www.oracaoefe.com\/?p=2528"},"modified":"2024-01-21T16:20:09","modified_gmt":"2024-01-21T19:20:09","slug":"oracao-que-jesus-nos-ensinou-veja-como-proferir","status":"publish","type":"post","link":"https:\/\/www.oracaoefe.com\/fr\/oracao-que-jesus-nos-ensinou-veja-como-proferir\/","title":{"rendered":"Ora\u00e7\u00e3o que Jesus nos ensinou; veja como proferir"},"content":{"rendered":"<p class=\"wp-block-paragraph\">A ora\u00e7\u00e3o desempenha um papel central em muitas tradi\u00e7\u00f5es espirituais ao redor do mundo, e uma das mais reverenciadas \u00e9 a ora\u00e7\u00e3o que Jesus ensinou aos seus seguidores. Conhecida como o &#8220;Pai Nosso&#8221; ou a &#8220;Ora\u00e7\u00e3o do Senhor&#8221;, essa prece curta e poderosa transcende fronteiras religiosas e \u00e9 recitada por milh\u00f5es de pessoas todos os dias. Neste blogpost, exploraremos a profundidade e o significado dessa ora\u00e7\u00e3o, al\u00e9m de fornecer insights sobre como proferi-la de uma maneira que v\u00e1 al\u00e9m das palavras.<\/p>\n\n\n\n<h2 class=\"wp-block-heading\">A Origem da Ora\u00e7\u00e3o do Senhor<\/h2>\n\n\n\n<p class=\"wp-block-paragraph\">Antes de mergulharmos nas nuances da ora\u00e7\u00e3o, \u00e9 importante compreender sua origem. A Ora\u00e7\u00e3o do Senhor \u00e9 encontrada nos Evangelhos, mais especificamente no livro de Mateus (6:9-13) e no livro de Lucas (11:1-4). Nestes relatos, Jesus instrui seus disc\u00edpulos sobre como orar, oferecendo-lhes as palavras precisas que se tornariam uma guia espiritual para gera\u00e7\u00f5es futuras.<\/p>\n\n\n\n<h2 class=\"wp-block-heading\">A Estrutura da Ora\u00e7\u00e3o<\/h2>\n\n\n\n<p class=\"wp-block-paragraph\">A Ora\u00e7\u00e3o do Senhor \u00e9 uma composi\u00e7\u00e3o de seis peti\u00e7\u00f5es, cada uma delas tocando em aspectos fundamentais da experi\u00eancia humana e espiritual. Vamos explorar cada uma delas brevemente:<\/p>\n\n\n\n<ul class=\"wp-block-list\">\n<li>&#8220;Pai Nosso, que est\u00e1s nos c\u00e9us&#8221; &#8211; Inicia a ora\u00e7\u00e3o reconhecendo a rela\u00e7\u00e3o entre o orador e o divino, destacando a paternidade de Deus e sua presen\u00e7a celestial.<\/li>\n\n\n\n<li>&#8220;Santificado seja o Teu Nome&#8221; &#8211; Expressa o desejo de que o nome de Deus seja considerado sagrado e honrado.<\/li>\n\n\n\n<li>&#8220;Venha o Teu Reino, seja feita a Tua vontade, assim na terra como no c\u00e9u&#8221; &#8211; Anseia pela vinda do Reino de Deus e submete-se \u00e0 Sua vontade, tanto na terra como no c\u00e9u.<\/li>\n\n\n\n<li>&#8220;O p\u00e3o nosso de cada dia nos d\u00e1 hoje&#8221; &#8211; Solicita as necessidades b\u00e1sicas da vida di\u00e1ria, reconhecendo a depend\u00eancia divina para o sustento.<\/li>\n\n\n\n<li>&#8220;Perdoa as nossas d\u00edvidas, assim como perdoamos aos nossos devedores&#8221; &#8211; Clama pelo perd\u00e3o divino e, ao mesmo tempo, lembra a import\u00e2ncia de perdoar os outros.<\/li>\n\n\n\n<li>&#8220;E n\u00e3o nos deixes cair em tenta\u00e7\u00e3o, mas livra-nos do mal&#8221; &#8211; Suplica por orienta\u00e7\u00e3o e prote\u00e7\u00e3o contra as tenta\u00e7\u00f5es e adversidades.<\/li>\n<\/ul>\n\n\n\n<figure class=\"wp-block-image size-large\"><img loading=\"lazy\" decoding=\"async\" width=\"1024\" height=\"682\" src=\"https:\/\/www.oracaoefe.com\/wp-content\/uploads\/2024\/01\/image-7-1024x682.png\" alt=\"\" class=\"wp-image-2544\" srcset=\"https:\/\/www.oracaoefe.com\/wp-content\/uploads\/2024\/01\/image-7-1024x682.png 1024w, https:\/\/www.oracaoefe.com\/wp-content\/uploads\/2024\/01\/image-7-300x200.png 300w, https:\/\/www.oracaoefe.com\/wp-content\/uploads\/2024\/01\/image-7-768x512.png 768w, https:\/\/www.oracaoefe.com\/wp-content\/uploads\/2024\/01\/image-7-18x12.png 18w, https:\/\/www.oracaoefe.com\/wp-content\/uploads\/2024\/01\/image-7.png 1280w\" sizes=\"auto, (max-width: 1024px) 100vw, 1024px\" \/><\/figure>\n\n\n\n<h2 class=\"wp-block-heading\">Proferindo a Ora\u00e7\u00e3o com Inten\u00e7\u00e3o e Reflex\u00e3o<\/h2>\n\n\n\n<p class=\"wp-block-paragraph\">Recitar a Ora\u00e7\u00e3o do Senhor vai al\u00e9m de uma simples repeti\u00e7\u00e3o de palavras; \u00e9 um convite para uma experi\u00eancia espiritual profunda. Aqui est\u00e3o algumas maneiras de proferir essa ora\u00e7\u00e3o com inten\u00e7\u00e3o e reflex\u00e3o:<\/p>\n\n\n\n<h3 class=\"wp-block-heading\">1. Compreenda o Significado Profundo<\/h3>\n\n\n\n<p class=\"wp-block-paragraph\">Antes de come\u00e7ar a recitar a ora\u00e7\u00e3o, dedique um tempo para entender o significado de cada peti\u00e7\u00e3o. Reflita sobre como essas palavras se aplicam \u00e0 sua vida e ao mundo ao seu redor.<\/p>\n\n\n\n<h3 class=\"wp-block-heading\">2. Crie um Ambiente Sagrado<\/h3>\n\n\n\n<p class=\"wp-block-paragraph\">Escolha um lugar tranquilo e livre de distra\u00e7\u00f5es para suas ora\u00e7\u00f5es. Isso pode ser em um local religioso, na natureza ou em um espa\u00e7o pessoal dedicado \u00e0 contempla\u00e7\u00e3o.<\/p>\n\n\n\n<h3 class=\"wp-block-heading\">3. Conecte-se Emocionalmente<\/h3>\n\n\n\n<p class=\"wp-block-paragraph\">Ao recitar cada linha, permita-se sentir as emo\u00e7\u00f5es associadas a cada peti\u00e7\u00e3o. Sinta a gratid\u00e3o ao reconhecer a paternidade divina, a humildade ao pedir perd\u00e3o e a confian\u00e7a ao buscar a orienta\u00e7\u00e3o divina.<\/p>\n\n\n\n<h3 class=\"wp-block-heading\">4. Mantenha o Foco<\/h3>\n\n\n\n<p class=\"wp-block-paragraph\">Evite distra\u00e7\u00f5es mentais enquanto ora. Concentre-se nas palavras e no significado por tr\u00e1s delas. Isso ajudar\u00e1 a aprofundar sua conex\u00e3o espiritual.<\/p>\n\n\n\n<h3 class=\"wp-block-heading\">5. Adapte \u00e0 Sua Experi\u00eancia Pessoal<\/h3>\n\n\n\n<p class=\"wp-block-paragraph\">N\u00e3o hesite em personalizar a ora\u00e7\u00e3o de acordo com suas experi\u00eancias e necessidades pessoais. Sinta-se \u00e0 vontade para adicionar peti\u00e7\u00f5es espec\u00edficas, desde que estejam alinhadas com os princ\u00edpios fundamentais da Ora\u00e7\u00e3o do Senhor.<\/p>\n\n\n\n<h2 class=\"wp-block-heading\">Uma Jornada Espiritual Cont\u00ednua<\/h2>\n\n\n\n<p class=\"wp-block-paragraph\">A Ora\u00e7\u00e3o do Senhor \u00e9 mais do que um conjunto de palavras; \u00e9 um guia espiritual que nos convida a refletir sobre nossa rela\u00e7\u00e3o com o divino e com o pr\u00f3ximo. Ao proferir essas palavras com inten\u00e7\u00e3o e reflex\u00e3o, permitimos que a ora\u00e7\u00e3o transcenda o ritual e se torne uma jornada espiritual cont\u00ednua.<\/p>\n\n\n\n<p class=\"wp-block-paragraph\">Que a Ora\u00e7\u00e3o do Senhor n\u00e3o seja apenas uma sequ\u00eancia de palavras repetidas, mas sim um portal para a compreens\u00e3o mais profunda de nossa pr\u00f3pria espiritualidade e da presen\u00e7a divina em nossas vidas. Que, ao recitarmos essas palavras, encontremos paz, sabedoria e a capacidade de viver de acordo com os princ\u00edpios fundamentais que elas nos ensinam.<\/p>\n\n\n\n<p class=\"wp-block-paragraph\"><strong>Voir aussi\u00a0: <a href=\"https:\/\/www.oracaoefe.com\/fr\/oracao-poderosa-para-tudo-dar-certo-urgente\/\">Ora\u00e7\u00e3o poderosa para tudo dar certo urgente<\/a><\/strong><\/p>\n\n\n\n<p class=\"wp-block-paragraph\">23 de janeiro de 2024<\/p>","protected":false},"excerpt":{"rendered":"<p>A ora\u00e7\u00e3o desempenha um papel central em muitas tradi\u00e7\u00f5es espirituais ao redor do mundo, e uma das mais reverenciadas \u00e9 a ora\u00e7\u00e3o que Jesus ensinou aos seus seguidores. Conhecida como o &#8220;Pai Nosso&#8221; ou a &#8220;Ora\u00e7\u00e3o do Senhor&#8221;, essa prece curta e poderosa transcende fronteiras religiosas e \u00e9 recitada por milh\u00f5es de pessoas todos os&hellip;&nbsp;<\/p>","protected":false},"author":3,"featured_media":2544,"comment_status":"closed","ping_status":"closed","sticky":false,"template":"","format":"standard","meta":{"neve_meta_sidebar":"","neve_meta_container":"","neve_meta_enable_content_width":"","neve_meta_content_width":0,"neve_meta_title_alignment":"","neve_meta_author_avatar":"","neve_post_elements_order":"","neve_meta_disable_header":"","neve_meta_disable_footer":"","neve_meta_disable_title":"","footnotes":""},"categories":[2],"tags":[],"class_list":["post-2528","post","type-post","status-publish","format-standard","has-post-thumbnail","hentry","category-oracao"],"yoast_head":"<!-- This site is optimized with the Yoast SEO plugin v28.4 - https:\/\/yoast.com\/product\/yoast-seo-wordpress\/ -->\n<title>Ora\u00e7\u00e3o que Jesus nos ensinou; veja como proferir - Ora\u00e7\u00e3o e F\u00e9<\/title>\n<meta name=\"description\" content=\"Deus tem pra voc\u00ea uma palavra de vida!\" \/>\n<meta name=\"robots\" content=\"index, follow, max-snippet:-1, max-image-preview:large, max-video-preview:-1\" \/>\n<link rel=\"canonical\" href=\"https:\/\/www.oracaoefe.com\/fr\/oracao-que-jesus-nos-ensinou-veja-como-proferir\/\" \/>\n<meta property=\"og:locale\" content=\"fr_FR\" \/>\n<meta property=\"og:type\" content=\"article\" \/>\n<meta property=\"og:title\" content=\"Ora\u00e7\u00e3o que Jesus nos ensinou; veja como proferir - Ora\u00e7\u00e3o e F\u00e9\" \/>\n<meta property=\"og:description\" content=\"Deus tem pra voc\u00ea uma palavra de vida!\" \/>\n<meta property=\"og:url\" content=\"https:\/\/www.oracaoefe.com\/fr\/oracao-que-jesus-nos-ensinou-veja-como-proferir\/\" \/>\n<meta property=\"og:site_name\" content=\"Ora\u00e7\u00e3o e F\u00e9\" \/>\n<meta property=\"article:published_time\" content=\"2024-01-23T04:01:00+00:00\" \/>\n<meta property=\"og:image\" content=\"https:\/\/www.oracaoefe.com\/wp-content\/uploads\/2024\/01\/image-7.png\" \/>\n\t<meta property=\"og:image:width\" content=\"1280\" \/>\n\t<meta property=\"og:image:height\" content=\"853\" \/>\n\t<meta property=\"og:image:type\" content=\"image\/png\" \/>\n<meta name=\"author\" content=\"Michele Azevedo\" \/>\n<meta name=\"twitter:card\" content=\"summary_large_image\" \/>\n<meta name=\"twitter:label1\" content=\"\u00c9crit par\" \/>\n\t<meta name=\"twitter:data1\" content=\"Michele Azevedo\" \/>\n\t<meta name=\"twitter:label2\" content=\"Dur\u00e9e de lecture estim\u00e9e\" \/>\n\t<meta name=\"twitter:data2\" content=\"4 minutes\" \/>\n<script type=\"application\/ld+json\" class=\"yoast-schema-graph\">{\"@context\":\"https:\\\/\\\/schema.org\",\"@graph\":[{\"@type\":\"Article\",\"@id\":\"https:\\\/\\\/www.oracaoefe.com\\\/oracao-que-jesus-nos-ensinou-veja-como-proferir\\\/#article\",\"isPartOf\":{\"@id\":\"https:\\\/\\\/www.oracaoefe.com\\\/oracao-que-jesus-nos-ensinou-veja-como-proferir\\\/\"},\"author\":{\"name\":\"Michele Azevedo\",\"@id\":\"https:\\\/\\\/www.oracaoefe.com\\\/#\\\/schema\\\/person\\\/17283c669442cf005c4d5bb58adfb7f5\"},\"headline\":\"Ora\u00e7\u00e3o que Jesus nos ensinou; veja como proferir\",\"datePublished\":\"2024-01-23T04:01:00+00:00\",\"mainEntityOfPage\":{\"@id\":\"https:\\\/\\\/www.oracaoefe.com\\\/oracao-que-jesus-nos-ensinou-veja-como-proferir\\\/\"},\"wordCount\":744,\"image\":{\"@id\":\"https:\\\/\\\/www.oracaoefe.com\\\/oracao-que-jesus-nos-ensinou-veja-como-proferir\\\/#primaryimage\"},\"thumbnailUrl\":\"https:\\\/\\\/www.oracaoefe.com\\\/wp-content\\\/uploads\\\/2024\\\/01\\\/image-7.png\",\"articleSection\":[\"Ora\u00e7\u00e3o\"],\"inLanguage\":\"fr-FR\"},{\"@type\":\"WebPage\",\"@id\":\"https:\\\/\\\/www.oracaoefe.com\\\/oracao-que-jesus-nos-ensinou-veja-como-proferir\\\/\",\"url\":\"https:\\\/\\\/www.oracaoefe.com\\\/oracao-que-jesus-nos-ensinou-veja-como-proferir\\\/\",\"name\":\"Ora\u00e7\u00e3o que Jesus nos ensinou; veja como proferir - Ora\u00e7\u00e3o e F\u00e9\",\"isPartOf\":{\"@id\":\"https:\\\/\\\/www.oracaoefe.com\\\/#website\"},\"primaryImageOfPage\":{\"@id\":\"https:\\\/\\\/www.oracaoefe.com\\\/oracao-que-jesus-nos-ensinou-veja-como-proferir\\\/#primaryimage\"},\"image\":{\"@id\":\"https:\\\/\\\/www.oracaoefe.com\\\/oracao-que-jesus-nos-ensinou-veja-como-proferir\\\/#primaryimage\"},\"thumbnailUrl\":\"https:\\\/\\\/www.oracaoefe.com\\\/wp-content\\\/uploads\\\/2024\\\/01\\\/image-7.png\",\"datePublished\":\"2024-01-23T04:01:00+00:00\",\"author\":{\"@id\":\"https:\\\/\\\/www.oracaoefe.com\\\/#\\\/schema\\\/person\\\/17283c669442cf005c4d5bb58adfb7f5\"},\"description\":\"Deus tem pra voc\u00ea uma palavra de vida!\",\"breadcrumb\":{\"@id\":\"https:\\\/\\\/www.oracaoefe.com\\\/oracao-que-jesus-nos-ensinou-veja-como-proferir\\\/#breadcrumb\"},\"inLanguage\":\"fr-FR\",\"potentialAction\":[{\"@type\":\"ReadAction\",\"target\":[\"https:\\\/\\\/www.oracaoefe.com\\\/oracao-que-jesus-nos-ensinou-veja-como-proferir\\\/\"]}]},{\"@type\":\"ImageObject\",\"inLanguage\":\"fr-FR\",\"@id\":\"https:\\\/\\\/www.oracaoefe.com\\\/oracao-que-jesus-nos-ensinou-veja-como-proferir\\\/#primaryimage\",\"url\":\"https:\\\/\\\/www.oracaoefe.com\\\/wp-content\\\/uploads\\\/2024\\\/01\\\/image-7.png\",\"contentUrl\":\"https:\\\/\\\/www.oracaoefe.com\\\/wp-content\\\/uploads\\\/2024\\\/01\\\/image-7.png\",\"width\":1280,\"height\":853},{\"@type\":\"BreadcrumbList\",\"@id\":\"https:\\\/\\\/www.oracaoefe.com\\\/oracao-que-jesus-nos-ensinou-veja-como-proferir\\\/#breadcrumb\",\"itemListElement\":[{\"@type\":\"ListItem\",\"position\":1,\"name\":\"Home\",\"item\":\"https:\\\/\\\/www.oracaoefe.com\\\/\"},{\"@type\":\"ListItem\",\"position\":2,\"name\":\"Ora\u00e7\u00e3o\",\"item\":\"https:\\\/\\\/www.oracaoefe.com\\\/category\\\/oracao\\\/\"},{\"@type\":\"ListItem\",\"position\":3,\"name\":\"Ora\u00e7\u00e3o que Jesus nos ensinou; veja como proferir\"}]},{\"@type\":\"WebSite\",\"@id\":\"https:\\\/\\\/www.oracaoefe.com\\\/#website\",\"url\":\"https:\\\/\\\/www.oracaoefe.com\\\/\",\"name\":\"Ora\u00e7\u00e3o e F\u00e9\",\"description\":\"\",\"potentialAction\":[{\"@type\":\"SearchAction\",\"target\":{\"@type\":\"EntryPoint\",\"urlTemplate\":\"https:\\\/\\\/www.oracaoefe.com\\\/?s={search_term_string}\"},\"query-input\":{\"@type\":\"PropertyValueSpecification\",\"valueRequired\":true,\"valueName\":\"search_term_string\"}}],\"inLanguage\":\"fr-FR\"},{\"@type\":\"Person\",\"@id\":\"https:\\\/\\\/www.oracaoefe.com\\\/#\\\/schema\\\/person\\\/17283c669442cf005c4d5bb58adfb7f5\",\"name\":\"Michele Azevedo\",\"image\":{\"@type\":\"ImageObject\",\"inLanguage\":\"fr-FR\",\"@id\":\"https:\\\/\\\/secure.gravatar.com\\\/avatar\\\/6b0eb9d22841282815e2cd856a0061c45e1761cd54b22e952d98c4746939aa85?s=96&d=mm&r=g\",\"url\":\"https:\\\/\\\/secure.gravatar.com\\\/avatar\\\/6b0eb9d22841282815e2cd856a0061c45e1761cd54b22e952d98c4746939aa85?s=96&d=mm&r=g\",\"contentUrl\":\"https:\\\/\\\/secure.gravatar.com\\\/avatar\\\/6b0eb9d22841282815e2cd856a0061c45e1761cd54b22e952d98c4746939aa85?s=96&d=mm&r=g\",\"caption\":\"Michele Azevedo\"},\"description\":\"Formada em Letras - Portugu\u00eas\\\/ Ingl\u00eas pela Universidade Estadual de Ponta Grossa (UEPG), p\u00f3s-graduada em Arte na Educa\u00e7\u00e3o (FAPI) e Psicopedagogia Escolar (FAPI), idealizadora e propriet\u00e1ria do site Escritora de Sucesso, possui experi\u00eancia em escrita para blogs em geral e atua como redatora e revisora dos conte\u00fados do Ora\u00e7\u00e3o e F\u00e9.\",\"url\":\"https:\\\/\\\/www.oracaoefe.com\\\/fr\\\/author\\\/michele-azevedo\\\/\"}]}<\/script>\n<!-- \/ Yoast SEO plugin. -->","yoast_head_json":{"title":"Ora\u00e7\u00e3o que Jesus nos ensinou; veja como proferir - Ora\u00e7\u00e3o e F\u00e9","description":"Dieu a une parole de vie pour vous !","robots":{"index":"index","follow":"follow","max-snippet":"max-snippet:-1","max-image-preview":"max-image-preview:large","max-video-preview":"max-video-preview:-1"},"canonical":"https:\/\/www.oracaoefe.com\/fr\/oracao-que-jesus-nos-ensinou-veja-como-proferir\/","og_locale":"fr_FR","og_type":"article","og_title":"Ora\u00e7\u00e3o que Jesus nos ensinou; veja como proferir - Ora\u00e7\u00e3o e F\u00e9","og_description":"Deus tem pra voc\u00ea uma palavra de vida!","og_url":"https:\/\/www.oracaoefe.com\/fr\/oracao-que-jesus-nos-ensinou-veja-como-proferir\/","og_site_name":"Ora\u00e7\u00e3o e F\u00e9","article_published_time":"2024-01-23T04:01:00+00:00","og_image":[{"width":1280,"height":853,"url":"https:\/\/www.oracaoefe.com\/wp-content\/uploads\/2024\/01\/image-7.png","type":"image\/png"}],"author":"Michele Azevedo","twitter_card":"summary_large_image","twitter_misc":{"\u00c9crit par":"Michele Azevedo","Dur\u00e9e de lecture estim\u00e9e":"4 minutes"},"schema":{"@context":"https:\/\/schema.org","@graph":[{"@type":"Article","@id":"https:\/\/www.oracaoefe.com\/oracao-que-jesus-nos-ensinou-veja-como-proferir\/#article","isPartOf":{"@id":"https:\/\/www.oracaoefe.com\/oracao-que-jesus-nos-ensinou-veja-como-proferir\/"},"author":{"name":"Michele Azevedo","@id":"https:\/\/www.oracaoefe.com\/#\/schema\/person\/17283c669442cf005c4d5bb58adfb7f5"},"headline":"Ora\u00e7\u00e3o que Jesus nos ensinou; veja como proferir","datePublished":"2024-01-23T04:01:00+00:00","mainEntityOfPage":{"@id":"https:\/\/www.oracaoefe.com\/oracao-que-jesus-nos-ensinou-veja-como-proferir\/"},"wordCount":744,"image":{"@id":"https:\/\/www.oracaoefe.com\/oracao-que-jesus-nos-ensinou-veja-como-proferir\/#primaryimage"},"thumbnailUrl":"https:\/\/www.oracaoefe.com\/wp-content\/uploads\/2024\/01\/image-7.png","articleSection":["Ora\u00e7\u00e3o"],"inLanguage":"fr-FR"},{"@type":"WebPage","@id":"https:\/\/www.oracaoefe.com\/oracao-que-jesus-nos-ensinou-veja-como-proferir\/","url":"https:\/\/www.oracaoefe.com\/oracao-que-jesus-nos-ensinou-veja-como-proferir\/","name":"Ora\u00e7\u00e3o que Jesus nos ensinou; veja como proferir - Ora\u00e7\u00e3o e F\u00e9","isPartOf":{"@id":"https:\/\/www.oracaoefe.com\/#website"},"primaryImageOfPage":{"@id":"https:\/\/www.oracaoefe.com\/oracao-que-jesus-nos-ensinou-veja-como-proferir\/#primaryimage"},"image":{"@id":"https:\/\/www.oracaoefe.com\/oracao-que-jesus-nos-ensinou-veja-como-proferir\/#primaryimage"},"thumbnailUrl":"https:\/\/www.oracaoefe.com\/wp-content\/uploads\/2024\/01\/image-7.png","datePublished":"2024-01-23T04:01:00+00:00","author":{"@id":"https:\/\/www.oracaoefe.com\/#\/schema\/person\/17283c669442cf005c4d5bb58adfb7f5"},"description":"Dieu a une parole de vie pour vous !","breadcrumb":{"@id":"https:\/\/www.oracaoefe.com\/oracao-que-jesus-nos-ensinou-veja-como-proferir\/#breadcrumb"},"inLanguage":"fr-FR","potentialAction":[{"@type":"ReadAction","target":["https:\/\/www.oracaoefe.com\/oracao-que-jesus-nos-ensinou-veja-como-proferir\/"]}]},{"@type":"ImageObject","inLanguage":"fr-FR","@id":"https:\/\/www.oracaoefe.com\/oracao-que-jesus-nos-ensinou-veja-como-proferir\/#primaryimage","url":"https:\/\/www.oracaoefe.com\/wp-content\/uploads\/2024\/01\/image-7.png","contentUrl":"https:\/\/www.oracaoefe.com\/wp-content\/uploads\/2024\/01\/image-7.png","width":1280,"height":853},{"@type":"BreadcrumbList","@id":"https:\/\/www.oracaoefe.com\/oracao-que-jesus-nos-ensinou-veja-como-proferir\/#breadcrumb","itemListElement":[{"@type":"ListItem","position":1,"name":"Home","item":"https:\/\/www.oracaoefe.com\/"},{"@type":"ListItem","position":2,"name":"Ora\u00e7\u00e3o","item":"https:\/\/www.oracaoefe.com\/category\/oracao\/"},{"@type":"ListItem","position":3,"name":"Ora\u00e7\u00e3o que Jesus nos ensinou; veja como proferir"}]},{"@type":"WebSite","@id":"https:\/\/www.oracaoefe.com\/#website","url":"https:\/\/www.oracaoefe.com\/","name":"Pri\u00e8re et foi","description":"","potentialAction":[{"@type":"SearchAction","target":{"@type":"EntryPoint","urlTemplate":"https:\/\/www.oracaoefe.com\/?s={search_term_string}"},"query-input":{"@type":"PropertyValueSpecification","valueRequired":true,"valueName":"search_term_string"}}],"inLanguage":"fr-FR"},{"@type":"Person","@id":"https:\/\/www.oracaoefe.com\/#\/schema\/person\/17283c669442cf005c4d5bb58adfb7f5","name":"Michele Azevedo","image":{"@type":"ImageObject","inLanguage":"fr-FR","@id":"https:\/\/secure.gravatar.com\/avatar\/6b0eb9d22841282815e2cd856a0061c45e1761cd54b22e952d98c4746939aa85?s=96&d=mm&r=g","url":"https:\/\/secure.gravatar.com\/avatar\/6b0eb9d22841282815e2cd856a0061c45e1761cd54b22e952d98c4746939aa85?s=96&d=mm&r=g","contentUrl":"https:\/\/secure.gravatar.com\/avatar\/6b0eb9d22841282815e2cd856a0061c45e1761cd54b22e952d98c4746939aa85?s=96&d=mm&r=g","caption":"Michele Azevedo"},"description":"Dipl\u00f4m\u00e9e en litt\u00e9rature portugaise\/anglaise de l&#039;Universit\u00e9 d&#039;\u00c9tat de Ponta Grossa (UEPG), avec des dipl\u00f4mes de troisi\u00e8me cycle en art dans l&#039;\u00e9ducation (FAPI) et en psychop\u00e9dagogie scolaire (FAPI), elle est la cr\u00e9atrice et propri\u00e9taire du site web Escritora de Sucesso, a de l&#039;exp\u00e9rience dans l&#039;\u00e9criture pour les blogs en g\u00e9n\u00e9ral et travaille comme r\u00e9dactrice et \u00e9ditrice du contenu pour Ora\u00e7\u00e3o e F\u00e9.","url":"https:\/\/www.oracaoefe.com\/fr\/author\/michele-azevedo\/"}]}},"_links":{"self":[{"href":"https:\/\/www.oracaoefe.com\/fr\/wp-json\/wp\/v2\/posts\/2528","targetHints":{"allow":["GET"]}}],"collection":[{"href":"https:\/\/www.oracaoefe.com\/fr\/wp-json\/wp\/v2\/posts"}],"about":[{"href":"https:\/\/www.oracaoefe.com\/fr\/wp-json\/wp\/v2\/types\/post"}],"author":[{"embeddable":true,"href":"https:\/\/www.oracaoefe.com\/fr\/wp-json\/wp\/v2\/users\/3"}],"replies":[{"embeddable":true,"href":"https:\/\/www.oracaoefe.com\/fr\/wp-json\/wp\/v2\/comments?post=2528"}],"version-history":[{"count":2,"href":"https:\/\/www.oracaoefe.com\/fr\/wp-json\/wp\/v2\/posts\/2528\/revisions"}],"predecessor-version":[{"id":2545,"href":"https:\/\/www.oracaoefe.com\/fr\/wp-json\/wp\/v2\/posts\/2528\/revisions\/2545"}],"wp:featuredmedia":[{"embeddable":true,"href":"https:\/\/www.oracaoefe.com\/fr\/wp-json\/wp\/v2\/media\/2544"}],"wp:attachment":[{"href":"https:\/\/www.oracaoefe.com\/fr\/wp-json\/wp\/v2\/media?parent=2528"}],"wp:term":[{"taxonomy":"category","embeddable":true,"href":"https:\/\/www.oracaoefe.com\/fr\/wp-json\/wp\/v2\/categories?post=2528"},{"taxonomy":"post_tag","embeddable":true,"href":"https:\/\/www.oracaoefe.com\/fr\/wp-json\/wp\/v2\/tags?post=2528"}],"curies":[{"name":"wp","href":"https:\/\/api.w.org\/{rel}","templated":true}]}}