{"id":2515,"date":"2024-01-14T15:54:58","date_gmt":"2024-01-14T18:54:58","guid":{"rendered":"https:\/\/www.oracaoefe.com\/?p=2515"},"modified":"2024-01-14T15:54:59","modified_gmt":"2024-01-14T18:54:59","slug":"por-que-a-fe-impoe-limites-para-uma-busca-racional-da-realidade","status":"publish","type":"post","link":"https:\/\/www.oracaoefe.com\/fr\/por-que-a-fe-impoe-limites-para-uma-busca-racional-da-realidade\/","title":{"rendered":"Por que a f\u00e9 imp\u00f5e limites para uma busca racional da realidade"},"content":{"rendered":"<p class=\"wp-block-paragraph\">No constante di\u00e1logo entre f\u00e9 e raz\u00e3o, surge uma interroga\u00e7\u00e3o fundamental: at\u00e9 que ponto a f\u00e9 pode coexistir harmoniosamente com uma busca racional da realidade? Este \u00e9 um tema que tem fascinado fil\u00f3sofos, te\u00f3logos e cientistas ao longo da hist\u00f3ria, provocando debates e reflex\u00f5es profundas sobre a natureza da cren\u00e7a e sua rela\u00e7\u00e3o com a raz\u00e3o.&nbsp;<\/p>\n\n\n\n<h2 class=\"wp-block-heading\">A Natureza da F\u00e9 e da Raz\u00e3o<\/h2>\n\n\n\n<p class=\"wp-block-paragraph\">Antes de mergulharmos nos limites impostos pela f\u00e9 \u00e0 busca racional, \u00e9 crucial entender as caracter\u00edsticas distintas desses dois elementos. A f\u00e9, muitas vezes associada \u00e0 religi\u00e3o, \u00e9 a cren\u00e7a profunda em algo que n\u00e3o pode ser empiricamente comprovado. Ela transcende a raz\u00e3o, ancorando-se em experi\u00eancias subjetivas, intui\u00e7\u00e3o e, frequentemente, em textos sagrados.<\/p>\n\n\n\n<p class=\"wp-block-paragraph\">Por outro lado, a raz\u00e3o representa a capacidade humana de pensar, analisar e compreender o mundo ao nosso redor por meio da l\u00f3gica, evid\u00eancias emp\u00edricas e m\u00e9todos cient\u00edficos. Enquanto a f\u00e9 \u00e9 mais emotiva e espiritual, a raz\u00e3o \u00e9 frequentemente vista como objetiva e baseada em fatos observ\u00e1veis.<\/p>\n\n\n\n<h2 class=\"wp-block-heading\">Conflitos entre F\u00e9 e Raz\u00e3o<\/h2>\n\n\n\n<p class=\"wp-block-paragraph\">Embora muitas pessoas conciliem suas cren\u00e7as religiosas com a busca racional da verdade, existem momentos em que essas duas esferas entram em conflito. Um desses conflitos surge quando dogmas religiosos contradizem evid\u00eancias cient\u00edficas estabelecidas. Um exemplo not\u00f3rio \u00e9 o embate hist\u00f3rico entre a teoria da evolu\u00e7\u00e3o e interpreta\u00e7\u00f5es literais de certos relatos religiosos sobre a origem da vida.<\/p>\n\n\n\n<p class=\"wp-block-paragraph\">Esses conflitos podem levar \u00e0 imposi\u00e7\u00e3o de limites \u00e0 busca racional, uma vez que a f\u00e9 muitas vezes exige aceita\u00e7\u00e3o inquestion\u00e1vel de certas premissas, mesmo quando a evid\u00eancia cient\u00edfica aponta em outra dire\u00e7\u00e3o. A resist\u00eancia em questionar cren\u00e7as fundamentais pode impedir o avan\u00e7o do conhecimento e restringir a explora\u00e7\u00e3o de novas perspectivas.<\/p>\n\n\n\n<h2 class=\"wp-block-heading\">O Papel das Evid\u00eancias Emp\u00edricas<\/h2>\n\n\n\n<p class=\"wp-block-paragraph\">A busca racional da realidade depende fortemente da observa\u00e7\u00e3o, experimenta\u00e7\u00e3o e an\u00e1lise cr\u00edtica das evid\u00eancias dispon\u00edveis. No entanto, a f\u00e9, por sua natureza transcendental, muitas vezes n\u00e3o se presta a tais m\u00e9todos. Isso cria um desafio intr\u00ednseco \u00e0 busca racional, uma vez que a f\u00e9 muitas vezes demanda aceita\u00e7\u00e3o sem a necessidade de evid\u00eancias concretas.<\/p>\n\n\n\n<figure class=\"wp-block-image size-large\"><img loading=\"lazy\" decoding=\"async\" width=\"1024\" height=\"682\" src=\"https:\/\/www.oracaoefe.com\/wp-content\/uploads\/2024\/01\/image-4-1024x682.png\" alt=\"\" class=\"wp-image-2516\" srcset=\"https:\/\/www.oracaoefe.com\/wp-content\/uploads\/2024\/01\/image-4-1024x682.png 1024w, https:\/\/www.oracaoefe.com\/wp-content\/uploads\/2024\/01\/image-4-300x200.png 300w, https:\/\/www.oracaoefe.com\/wp-content\/uploads\/2024\/01\/image-4-768x512.png 768w, https:\/\/www.oracaoefe.com\/wp-content\/uploads\/2024\/01\/image-4-18x12.png 18w, https:\/\/www.oracaoefe.com\/wp-content\/uploads\/2024\/01\/image-4.png 1280w\" sizes=\"auto, (max-width: 1024px) 100vw, 1024px\" \/><\/figure>\n\n\n\n<p class=\"wp-block-paragraph\">Quando a f\u00e9 se torna uma barreira \u00e0 considera\u00e7\u00e3o de evid\u00eancias emp\u00edricas, os limites para a busca racional s\u00e3o estabelecidos. Esse fen\u00f4meno pode ser particularmente evidente em \u00e1reas como a cosmologia, onde quest\u00f5es sobre a origem do universo podem ser abordadas tanto pela ci\u00eancia quanto pela teologia. Aqui, a f\u00e9 pode impor limites \u00e0 explora\u00e7\u00e3o de teorias que n\u00e3o se alinham com interpreta\u00e7\u00f5es religiosas espec\u00edficas.<\/p>\n\n\n\n<h2 class=\"wp-block-heading\">O Desafio da Pluralidade de Perspectivas<\/h2>\n\n\n\n<p class=\"wp-block-paragraph\">Outro ponto a considerar \u00e9 a diversidade de cren\u00e7as presentes na sociedade. Cada religi\u00e3o, e at\u00e9 mesmo diferentes interpreta\u00e7\u00f5es dentro de uma mesma f\u00e9, apresenta uma vis\u00e3o particular da realidade. Isso, por vezes, gera uma resist\u00eancia \u00e0 aceita\u00e7\u00e3o de perspectivas alternativas que possam surgir da busca racional.<\/p>\n\n\n\n<p class=\"wp-block-paragraph\">A f\u00e9, ao fundamentar-se em verdades absolutas, pode criar uma mentalidade fechada para abordagens que n\u00e3o estejam alinhadas com a doutrina espec\u00edfica. A pluralidade de perspectivas, que \u00e9 uma caracter\u00edstica essencial da busca racional da realidade, pode, portanto, ser desafiada quando confrontada com sistemas de cren\u00e7as r\u00edgidos.<\/p>\n\n\n\n<h2 class=\"wp-block-heading\">Limita\u00e7\u00f5es Inerentes \u00e0 F\u00e9<\/h2>\n\n\n\n<p class=\"wp-block-paragraph\">Al\u00e9m dos conflitos evidentes entre f\u00e9 e raz\u00e3o, \u00e9 importante reconhecer as limita\u00e7\u00f5es inerentes \u00e0 f\u00e9 como um meio de compreens\u00e3o do mundo. A f\u00e9 muitas vezes lida com quest\u00f5es de significado, prop\u00f3sito e valores, mas pode n\u00e3o oferecer respostas concretas para quest\u00f5es espec\u00edficas sobre a natureza do universo ou os mecanismos que regem os fen\u00f4menos naturais.<\/p>\n\n\n\n<p class=\"wp-block-paragraph\">Quando a f\u00e9 \u00e9 invocada para explicar fen\u00f4menos naturais complexos, ela pode oferecer consolo emocional, mas pode falhar em proporcionar uma compreens\u00e3o abrangente e detalhada. Isso imp\u00f5e limites \u00e0 busca racional, j\u00e1 que a f\u00e9, por sua natureza, nem sempre se preocupa em fornecer explica\u00e7\u00f5es detalhadas e test\u00e1veis.<\/p>\n\n\n\n<h2 class=\"wp-block-heading\">A Possibilidade de Di\u00e1logo<\/h2>\n\n\n\n<p class=\"wp-block-paragraph\">Apesar dos desafios e limita\u00e7\u00f5es, \u00e9 essencial destacar que a f\u00e9 e a busca racional n\u00e3o s\u00e3o mutuamente excludentes. O di\u00e1logo entre essas duas abordagens pode ser enriquecedor, promovendo uma compreens\u00e3o mais profunda e hol\u00edstica da exist\u00eancia humana.<\/p>\n\n\n\n<p class=\"wp-block-paragraph\">O reconhecimento de que ambas as dimens\u00f5es t\u00eam seus pap\u00e9is distintos na vida humana pode ser um primeiro passo crucial. A f\u00e9 pode oferecer significado, prop\u00f3sito e consolo emocional, enquanto a busca racional fornece um m\u00e9todo robusto para entender o funcionamento do mundo f\u00edsico.<\/p>\n\n\n\n<h2 class=\"wp-block-heading\">Encontrando um Equil\u00edbrio Delicado<\/h2>\n\n\n\n<p class=\"wp-block-paragraph\">Em \u00faltima an\u00e1lise, a quest\u00e3o sobre se a f\u00e9 imp\u00f5e limites \u00e0 busca racional da realidade \u00e9 complexa e multifacetada. Embora conflitos e desafios existam, \u00e9 poss\u00edvel vislumbrar uma coexist\u00eancia harmoniosa quando ambas as abordagens s\u00e3o reconhecidas em sua singularidade.<\/p>\n\n\n\n<p class=\"wp-block-paragraph\">Encontrar um equil\u00edbrio delicado entre f\u00e9 e raz\u00e3o pode permitir que a humanidade abrace a riqueza de sua diversidade de cren\u00e7as, ao mesmo tempo em que incentiva uma busca cont\u00ednua por compreens\u00e3o baseada em evid\u00eancias e racioc\u00ednio cr\u00edtico. Nesse equil\u00edbrio, a jornada para desvendar os mist\u00e9rios da realidade pode se tornar verdadeiramente enriquecedora e transcendente.<\/p>\n\n\n\n<p class=\"wp-block-paragraph\"><strong>Voir aussi\u00a0: <a href=\"https:\/\/www.oracaoefe.com\/fr\/fortalecendo-a-crenca-historias-biblicas-e-anedotas-que-elevam-a-fe\/\">Fortalecendo a Cren\u00e7a: Hist\u00f3rias B\u00edblicas e Anedotas que Elevam a F\u00e9<\/a><\/strong><\/p>\n\n\n\n<p class=\"wp-block-paragraph\">14 de janeiro de 2024<\/p>","protected":false},"excerpt":{"rendered":"<p>No constante di\u00e1logo entre f\u00e9 e raz\u00e3o, surge uma interroga\u00e7\u00e3o fundamental: at\u00e9 que ponto a f\u00e9 pode coexistir harmoniosamente com uma busca racional da realidade? Este \u00e9 um tema que tem fascinado fil\u00f3sofos, te\u00f3logos e cientistas ao longo da hist\u00f3ria, provocando debates e reflex\u00f5es profundas sobre a natureza da cren\u00e7a e sua rela\u00e7\u00e3o com a&hellip;&nbsp;<\/p>","protected":false},"author":3,"featured_media":2516,"comment_status":"closed","ping_status":"closed","sticky":false,"template":"","format":"standard","meta":{"neve_meta_sidebar":"","neve_meta_container":"","neve_meta_enable_content_width":"","neve_meta_content_width":0,"neve_meta_title_alignment":"","neve_meta_author_avatar":"","neve_post_elements_order":"","neve_meta_disable_header":"","neve_meta_disable_footer":"","neve_meta_disable_title":"","footnotes":""},"categories":[1],"tags":[],"class_list":["post-2515","post","type-post","status-publish","format-standard","has-post-thumbnail","hentry","category-curiosidades"],"yoast_head":"<!-- This site is optimized with the Yoast SEO plugin v28.4 - https:\/\/yoast.com\/product\/yoast-seo-wordpress\/ -->\n<title>Por que a f\u00e9 imp\u00f5e limites para uma busca racional da realidade - Ora\u00e7\u00e3o e F\u00e9<\/title>\n<meta name=\"description\" content=\"Deus tem pra voc\u00ea uma palavra de vida!\" \/>\n<meta name=\"robots\" content=\"index, follow, max-snippet:-1, max-image-preview:large, max-video-preview:-1\" \/>\n<link rel=\"canonical\" href=\"https:\/\/www.oracaoefe.com\/fr\/por-que-a-fe-impoe-limites-para-uma-busca-racional-da-realidade\/\" \/>\n<meta property=\"og:locale\" content=\"fr_FR\" \/>\n<meta property=\"og:type\" content=\"article\" \/>\n<meta property=\"og:title\" content=\"Por que a f\u00e9 imp\u00f5e limites para uma busca racional da realidade - Ora\u00e7\u00e3o e F\u00e9\" \/>\n<meta property=\"og:description\" content=\"Deus tem pra voc\u00ea uma palavra de vida!\" \/>\n<meta property=\"og:url\" content=\"https:\/\/www.oracaoefe.com\/fr\/por-que-a-fe-impoe-limites-para-uma-busca-racional-da-realidade\/\" \/>\n<meta property=\"og:site_name\" content=\"Ora\u00e7\u00e3o e F\u00e9\" \/>\n<meta property=\"article:published_time\" content=\"2024-01-14T18:54:58+00:00\" \/>\n<meta property=\"article:modified_time\" content=\"2024-01-14T18:54:59+00:00\" \/>\n<meta property=\"og:image\" content=\"https:\/\/www.oracaoefe.com\/wp-content\/uploads\/2024\/01\/image-4.png\" \/>\n\t<meta property=\"og:image:width\" content=\"1280\" \/>\n\t<meta property=\"og:image:height\" content=\"853\" \/>\n\t<meta property=\"og:image:type\" content=\"image\/png\" \/>\n<meta name=\"author\" content=\"Michele Azevedo\" \/>\n<meta name=\"twitter:card\" content=\"summary_large_image\" \/>\n<meta name=\"twitter:label1\" content=\"\u00c9crit par\" \/>\n\t<meta name=\"twitter:data1\" content=\"Michele Azevedo\" \/>\n\t<meta name=\"twitter:label2\" content=\"Dur\u00e9e de lecture estim\u00e9e\" \/>\n\t<meta name=\"twitter:data2\" content=\"5 minutes\" \/>\n<script type=\"application\/ld+json\" class=\"yoast-schema-graph\">{\"@context\":\"https:\\\/\\\/schema.org\",\"@graph\":[{\"@type\":\"Article\",\"@id\":\"https:\\\/\\\/www.oracaoefe.com\\\/por-que-a-fe-impoe-limites-para-uma-busca-racional-da-realidade\\\/#article\",\"isPartOf\":{\"@id\":\"https:\\\/\\\/www.oracaoefe.com\\\/por-que-a-fe-impoe-limites-para-uma-busca-racional-da-realidade\\\/\"},\"author\":{\"name\":\"Michele Azevedo\",\"@id\":\"https:\\\/\\\/www.oracaoefe.com\\\/#\\\/schema\\\/person\\\/17283c669442cf005c4d5bb58adfb7f5\"},\"headline\":\"Por que a f\u00e9 imp\u00f5e limites para uma busca racional da realidade\",\"datePublished\":\"2024-01-14T18:54:58+00:00\",\"dateModified\":\"2024-01-14T18:54:59+00:00\",\"mainEntityOfPage\":{\"@id\":\"https:\\\/\\\/www.oracaoefe.com\\\/por-que-a-fe-impoe-limites-para-uma-busca-racional-da-realidade\\\/\"},\"wordCount\":933,\"image\":{\"@id\":\"https:\\\/\\\/www.oracaoefe.com\\\/por-que-a-fe-impoe-limites-para-uma-busca-racional-da-realidade\\\/#primaryimage\"},\"thumbnailUrl\":\"https:\\\/\\\/www.oracaoefe.com\\\/wp-content\\\/uploads\\\/2024\\\/01\\\/image-4.png\",\"articleSection\":[\"Curiosidades\"],\"inLanguage\":\"fr-FR\"},{\"@type\":\"WebPage\",\"@id\":\"https:\\\/\\\/www.oracaoefe.com\\\/por-que-a-fe-impoe-limites-para-uma-busca-racional-da-realidade\\\/\",\"url\":\"https:\\\/\\\/www.oracaoefe.com\\\/por-que-a-fe-impoe-limites-para-uma-busca-racional-da-realidade\\\/\",\"name\":\"Por que a f\u00e9 imp\u00f5e limites para uma busca racional da realidade - Ora\u00e7\u00e3o e F\u00e9\",\"isPartOf\":{\"@id\":\"https:\\\/\\\/www.oracaoefe.com\\\/#website\"},\"primaryImageOfPage\":{\"@id\":\"https:\\\/\\\/www.oracaoefe.com\\\/por-que-a-fe-impoe-limites-para-uma-busca-racional-da-realidade\\\/#primaryimage\"},\"image\":{\"@id\":\"https:\\\/\\\/www.oracaoefe.com\\\/por-que-a-fe-impoe-limites-para-uma-busca-racional-da-realidade\\\/#primaryimage\"},\"thumbnailUrl\":\"https:\\\/\\\/www.oracaoefe.com\\\/wp-content\\\/uploads\\\/2024\\\/01\\\/image-4.png\",\"datePublished\":\"2024-01-14T18:54:58+00:00\",\"dateModified\":\"2024-01-14T18:54:59+00:00\",\"author\":{\"@id\":\"https:\\\/\\\/www.oracaoefe.com\\\/#\\\/schema\\\/person\\\/17283c669442cf005c4d5bb58adfb7f5\"},\"description\":\"Deus tem pra voc\u00ea uma palavra de vida!\",\"breadcrumb\":{\"@id\":\"https:\\\/\\\/www.oracaoefe.com\\\/por-que-a-fe-impoe-limites-para-uma-busca-racional-da-realidade\\\/#breadcrumb\"},\"inLanguage\":\"fr-FR\",\"potentialAction\":[{\"@type\":\"ReadAction\",\"target\":[\"https:\\\/\\\/www.oracaoefe.com\\\/por-que-a-fe-impoe-limites-para-uma-busca-racional-da-realidade\\\/\"]}]},{\"@type\":\"ImageObject\",\"inLanguage\":\"fr-FR\",\"@id\":\"https:\\\/\\\/www.oracaoefe.com\\\/por-que-a-fe-impoe-limites-para-uma-busca-racional-da-realidade\\\/#primaryimage\",\"url\":\"https:\\\/\\\/www.oracaoefe.com\\\/wp-content\\\/uploads\\\/2024\\\/01\\\/image-4.png\",\"contentUrl\":\"https:\\\/\\\/www.oracaoefe.com\\\/wp-content\\\/uploads\\\/2024\\\/01\\\/image-4.png\",\"width\":1280,\"height\":853},{\"@type\":\"BreadcrumbList\",\"@id\":\"https:\\\/\\\/www.oracaoefe.com\\\/por-que-a-fe-impoe-limites-para-uma-busca-racional-da-realidade\\\/#breadcrumb\",\"itemListElement\":[{\"@type\":\"ListItem\",\"position\":1,\"name\":\"Home\",\"item\":\"https:\\\/\\\/www.oracaoefe.com\\\/\"},{\"@type\":\"ListItem\",\"position\":2,\"name\":\"Curiosidades\",\"item\":\"https:\\\/\\\/www.oracaoefe.com\\\/es\\\/categoria\\\/curiosidades\\\/\"},{\"@type\":\"ListItem\",\"position\":3,\"name\":\"Por que a f\u00e9 imp\u00f5e limites para uma busca racional da realidade\"}]},{\"@type\":\"WebSite\",\"@id\":\"https:\\\/\\\/www.oracaoefe.com\\\/#website\",\"url\":\"https:\\\/\\\/www.oracaoefe.com\\\/\",\"name\":\"Ora\u00e7\u00e3o e F\u00e9\",\"description\":\"\",\"potentialAction\":[{\"@type\":\"SearchAction\",\"target\":{\"@type\":\"EntryPoint\",\"urlTemplate\":\"https:\\\/\\\/www.oracaoefe.com\\\/?s={search_term_string}\"},\"query-input\":{\"@type\":\"PropertyValueSpecification\",\"valueRequired\":true,\"valueName\":\"search_term_string\"}}],\"inLanguage\":\"fr-FR\"},{\"@type\":\"Person\",\"@id\":\"https:\\\/\\\/www.oracaoefe.com\\\/#\\\/schema\\\/person\\\/17283c669442cf005c4d5bb58adfb7f5\",\"name\":\"Michele Azevedo\",\"image\":{\"@type\":\"ImageObject\",\"inLanguage\":\"fr-FR\",\"@id\":\"https:\\\/\\\/secure.gravatar.com\\\/avatar\\\/6b0eb9d22841282815e2cd856a0061c45e1761cd54b22e952d98c4746939aa85?s=96&d=mm&r=g\",\"url\":\"https:\\\/\\\/secure.gravatar.com\\\/avatar\\\/6b0eb9d22841282815e2cd856a0061c45e1761cd54b22e952d98c4746939aa85?s=96&d=mm&r=g\",\"contentUrl\":\"https:\\\/\\\/secure.gravatar.com\\\/avatar\\\/6b0eb9d22841282815e2cd856a0061c45e1761cd54b22e952d98c4746939aa85?s=96&d=mm&r=g\",\"caption\":\"Michele Azevedo\"},\"description\":\"Formada em Letras - Portugu\u00eas\\\/ Ingl\u00eas pela Universidade Estadual de Ponta Grossa (UEPG), p\u00f3s-graduada em Arte na Educa\u00e7\u00e3o (FAPI) e Psicopedagogia Escolar (FAPI), idealizadora e propriet\u00e1ria do site Escritora de Sucesso, possui experi\u00eancia em escrita para blogs em geral e atua como redatora e revisora dos conte\u00fados do Ora\u00e7\u00e3o e F\u00e9.\",\"url\":\"https:\\\/\\\/www.oracaoefe.com\\\/fr\\\/author\\\/michele-azevedo\\\/\"}]}<\/script>\n<!-- \/ Yoast SEO plugin. -->","yoast_head_json":{"title":"Por que a f\u00e9 imp\u00f5e limites para uma busca racional da realidade - Ora\u00e7\u00e3o e F\u00e9","description":"Dieu a une parole de vie pour vous !","robots":{"index":"index","follow":"follow","max-snippet":"max-snippet:-1","max-image-preview":"max-image-preview:large","max-video-preview":"max-video-preview:-1"},"canonical":"https:\/\/www.oracaoefe.com\/fr\/por-que-a-fe-impoe-limites-para-uma-busca-racional-da-realidade\/","og_locale":"fr_FR","og_type":"article","og_title":"Por que a f\u00e9 imp\u00f5e limites para uma busca racional da realidade - Ora\u00e7\u00e3o e F\u00e9","og_description":"Deus tem pra voc\u00ea uma palavra de vida!","og_url":"https:\/\/www.oracaoefe.com\/fr\/por-que-a-fe-impoe-limites-para-uma-busca-racional-da-realidade\/","og_site_name":"Ora\u00e7\u00e3o e F\u00e9","article_published_time":"2024-01-14T18:54:58+00:00","article_modified_time":"2024-01-14T18:54:59+00:00","og_image":[{"width":1280,"height":853,"url":"https:\/\/www.oracaoefe.com\/wp-content\/uploads\/2024\/01\/image-4.png","type":"image\/png"}],"author":"Michele Azevedo","twitter_card":"summary_large_image","twitter_misc":{"\u00c9crit par":"Michele Azevedo","Dur\u00e9e de lecture estim\u00e9e":"5 minutes"},"schema":{"@context":"https:\/\/schema.org","@graph":[{"@type":"Article","@id":"https:\/\/www.oracaoefe.com\/por-que-a-fe-impoe-limites-para-uma-busca-racional-da-realidade\/#article","isPartOf":{"@id":"https:\/\/www.oracaoefe.com\/por-que-a-fe-impoe-limites-para-uma-busca-racional-da-realidade\/"},"author":{"name":"Michele Azevedo","@id":"https:\/\/www.oracaoefe.com\/#\/schema\/person\/17283c669442cf005c4d5bb58adfb7f5"},"headline":"Por que a f\u00e9 imp\u00f5e limites para uma busca racional da realidade","datePublished":"2024-01-14T18:54:58+00:00","dateModified":"2024-01-14T18:54:59+00:00","mainEntityOfPage":{"@id":"https:\/\/www.oracaoefe.com\/por-que-a-fe-impoe-limites-para-uma-busca-racional-da-realidade\/"},"wordCount":933,"image":{"@id":"https:\/\/www.oracaoefe.com\/por-que-a-fe-impoe-limites-para-uma-busca-racional-da-realidade\/#primaryimage"},"thumbnailUrl":"https:\/\/www.oracaoefe.com\/wp-content\/uploads\/2024\/01\/image-4.png","articleSection":["Curiosidades"],"inLanguage":"fr-FR"},{"@type":"WebPage","@id":"https:\/\/www.oracaoefe.com\/por-que-a-fe-impoe-limites-para-uma-busca-racional-da-realidade\/","url":"https:\/\/www.oracaoefe.com\/por-que-a-fe-impoe-limites-para-uma-busca-racional-da-realidade\/","name":"Por que a f\u00e9 imp\u00f5e limites para uma busca racional da realidade - Ora\u00e7\u00e3o e F\u00e9","isPartOf":{"@id":"https:\/\/www.oracaoefe.com\/#website"},"primaryImageOfPage":{"@id":"https:\/\/www.oracaoefe.com\/por-que-a-fe-impoe-limites-para-uma-busca-racional-da-realidade\/#primaryimage"},"image":{"@id":"https:\/\/www.oracaoefe.com\/por-que-a-fe-impoe-limites-para-uma-busca-racional-da-realidade\/#primaryimage"},"thumbnailUrl":"https:\/\/www.oracaoefe.com\/wp-content\/uploads\/2024\/01\/image-4.png","datePublished":"2024-01-14T18:54:58+00:00","dateModified":"2024-01-14T18:54:59+00:00","author":{"@id":"https:\/\/www.oracaoefe.com\/#\/schema\/person\/17283c669442cf005c4d5bb58adfb7f5"},"description":"Dieu a une parole de vie pour vous !","breadcrumb":{"@id":"https:\/\/www.oracaoefe.com\/por-que-a-fe-impoe-limites-para-uma-busca-racional-da-realidade\/#breadcrumb"},"inLanguage":"fr-FR","potentialAction":[{"@type":"ReadAction","target":["https:\/\/www.oracaoefe.com\/por-que-a-fe-impoe-limites-para-uma-busca-racional-da-realidade\/"]}]},{"@type":"ImageObject","inLanguage":"fr-FR","@id":"https:\/\/www.oracaoefe.com\/por-que-a-fe-impoe-limites-para-uma-busca-racional-da-realidade\/#primaryimage","url":"https:\/\/www.oracaoefe.com\/wp-content\/uploads\/2024\/01\/image-4.png","contentUrl":"https:\/\/www.oracaoefe.com\/wp-content\/uploads\/2024\/01\/image-4.png","width":1280,"height":853},{"@type":"BreadcrumbList","@id":"https:\/\/www.oracaoefe.com\/por-que-a-fe-impoe-limites-para-uma-busca-racional-da-realidade\/#breadcrumb","itemListElement":[{"@type":"ListItem","position":1,"name":"Home","item":"https:\/\/www.oracaoefe.com\/"},{"@type":"ListItem","position":2,"name":"Curiosidades","item":"https:\/\/www.oracaoefe.com\/es\/categoria\/curiosidades\/"},{"@type":"ListItem","position":3,"name":"Por que a f\u00e9 imp\u00f5e limites para uma busca racional da realidade"}]},{"@type":"WebSite","@id":"https:\/\/www.oracaoefe.com\/#website","url":"https:\/\/www.oracaoefe.com\/","name":"Pri\u00e8re et foi","description":"","potentialAction":[{"@type":"SearchAction","target":{"@type":"EntryPoint","urlTemplate":"https:\/\/www.oracaoefe.com\/?s={search_term_string}"},"query-input":{"@type":"PropertyValueSpecification","valueRequired":true,"valueName":"search_term_string"}}],"inLanguage":"fr-FR"},{"@type":"Person","@id":"https:\/\/www.oracaoefe.com\/#\/schema\/person\/17283c669442cf005c4d5bb58adfb7f5","name":"Michele Azevedo","image":{"@type":"ImageObject","inLanguage":"fr-FR","@id":"https:\/\/secure.gravatar.com\/avatar\/6b0eb9d22841282815e2cd856a0061c45e1761cd54b22e952d98c4746939aa85?s=96&d=mm&r=g","url":"https:\/\/secure.gravatar.com\/avatar\/6b0eb9d22841282815e2cd856a0061c45e1761cd54b22e952d98c4746939aa85?s=96&d=mm&r=g","contentUrl":"https:\/\/secure.gravatar.com\/avatar\/6b0eb9d22841282815e2cd856a0061c45e1761cd54b22e952d98c4746939aa85?s=96&d=mm&r=g","caption":"Michele Azevedo"},"description":"Dipl\u00f4m\u00e9e en litt\u00e9rature portugaise\/anglaise de l&#039;Universit\u00e9 d&#039;\u00c9tat de Ponta Grossa (UEPG), avec des dipl\u00f4mes de troisi\u00e8me cycle en art dans l&#039;\u00e9ducation (FAPI) et en psychop\u00e9dagogie scolaire (FAPI), elle est la cr\u00e9atrice et propri\u00e9taire du site web Escritora de Sucesso, a de l&#039;exp\u00e9rience dans l&#039;\u00e9criture pour les blogs en g\u00e9n\u00e9ral et travaille comme r\u00e9dactrice et \u00e9ditrice du contenu pour Ora\u00e7\u00e3o e F\u00e9.","url":"https:\/\/www.oracaoefe.com\/fr\/author\/michele-azevedo\/"}]}},"_links":{"self":[{"href":"https:\/\/www.oracaoefe.com\/fr\/wp-json\/wp\/v2\/posts\/2515","targetHints":{"allow":["GET"]}}],"collection":[{"href":"https:\/\/www.oracaoefe.com\/fr\/wp-json\/wp\/v2\/posts"}],"about":[{"href":"https:\/\/www.oracaoefe.com\/fr\/wp-json\/wp\/v2\/types\/post"}],"author":[{"embeddable":true,"href":"https:\/\/www.oracaoefe.com\/fr\/wp-json\/wp\/v2\/users\/3"}],"replies":[{"embeddable":true,"href":"https:\/\/www.oracaoefe.com\/fr\/wp-json\/wp\/v2\/comments?post=2515"}],"version-history":[{"count":1,"href":"https:\/\/www.oracaoefe.com\/fr\/wp-json\/wp\/v2\/posts\/2515\/revisions"}],"predecessor-version":[{"id":2517,"href":"https:\/\/www.oracaoefe.com\/fr\/wp-json\/wp\/v2\/posts\/2515\/revisions\/2517"}],"wp:featuredmedia":[{"embeddable":true,"href":"https:\/\/www.oracaoefe.com\/fr\/wp-json\/wp\/v2\/media\/2516"}],"wp:attachment":[{"href":"https:\/\/www.oracaoefe.com\/fr\/wp-json\/wp\/v2\/media?parent=2515"}],"wp:term":[{"taxonomy":"category","embeddable":true,"href":"https:\/\/www.oracaoefe.com\/fr\/wp-json\/wp\/v2\/categories?post=2515"},{"taxonomy":"post_tag","embeddable":true,"href":"https:\/\/www.oracaoefe.com\/fr\/wp-json\/wp\/v2\/tags?post=2515"}],"curies":[{"name":"wp","href":"https:\/\/api.w.org\/{rel}","templated":true}]}}