{"id":251,"date":"2022-09-24T19:22:32","date_gmt":"2022-09-24T22:22:32","guid":{"rendered":"https:\/\/www.oracaoefe.com\/?p=251"},"modified":"2022-09-25T16:39:44","modified_gmt":"2022-09-25T19:39:44","slug":"fe-esperanca-e-caridade-virtudes-teologais","status":"publish","type":"post","link":"https:\/\/www.oracaoefe.com\/fr\/fe-esperanca-e-caridade-virtudes-teologais\/","title":{"rendered":"Foi, esp\u00e9rance et charit\u00e9 : les vertus th\u00e9ologales"},"content":{"rendered":"<div class=\"wp-block-post-date\"><time datetime=\"2022-09-24T19:22:32-03:00\">24 septembre 2022<\/time><\/div>\n\n\n<p class=\"wp-block-paragraph\">La foi, l'esp\u00e9rance et la charit\u00e9 ne sont que quelques-unes des vertus que l'homme doit cultiver pour \u00eatre consid\u00e9r\u00e9 comme bon et digne.<\/p>\n\n\n\n<p class=\"wp-block-paragraph\">Tout d'abord, essayons de clarifier ce qu'est une vertu. Pour ce faire, rien de mieux que de se tourner vers le Cat\u00e9chisme de l'\u00c9glise catholique, selon lequel la vertu est une disposition habituelle et ferme \u00e0 faire le bien. Nous pouvons donc consid\u00e9rer comme des vertus tous les aspects du temp\u00e9rament humain qui conduisent \u00e0 l'accomplissement de bonnes actions, mais pas seulement eux. Les vertus sont la meilleure partie de nous-m\u00eames, ces composantes de notre \u00eatre qui nous permettent de donner le meilleur de nous-m\u00eames en toute situation.<\/p>\n\n\n\n<h2 class=\"wp-block-heading\">Apr\u00e8s tout, quelles sont les vertus th\u00e9ologales ?<\/h2>\n\n\n\n<p class=\"wp-block-paragraph\">Cette tendance \u00e0 la bont\u00e9 se traduit par une tension par rapport \u00e0 Dieu. Celui qui pratique les vertus aspire \u00e0 devenir aussi semblable \u00e0 Lui que possible.<\/p>\n\n\n\n<p class=\"wp-block-paragraph\">Au fil des si\u00e8cles, les hommes ont cherch\u00e9 \u00e0 codifier les vertus de diff\u00e9rentes mani\u00e8res.<\/p>\n\n\n\n<p class=\"wp-block-paragraph\">Les Grecs de l'Antiquit\u00e9 incluaient dans Arete la totalit\u00e9 des vertus humaines, \u00e0 savoir la force, la vigueur morale et la r\u00e9sistance physique. Celui qui le poss\u00e9dait pouvait utiliser tous ses talents. Platon, dans le texte La R\u00e9publique, \u00e9num\u00e8re d\u00e9j\u00e0 celles qui deviendront pour les chr\u00e9tiens les quatre vertus cardinales, c'est-\u00e0-dire celles capables d'exercer un contr\u00f4le de la partie rationnelle de l'\u00e2me sur les passions : temp\u00e9rance, courage, sagesse, justice.<\/p>\n\n\n\n<p class=\"wp-block-paragraph\">Pour les Romains, la vertu \u00e9tait la disposition de l'\u00e2me vers le bien, vers la r\u00e9alisation optimale des actions et des mani\u00e8res d'\u00eatre. L'homme romain vertueux essaie de faire de son mieux et d'\u00eatre aussi parfait que possible, dans la mesure de ses talents et dispositions naturels.<\/p>\n\n\n\n<p class=\"wp-block-paragraph\">Les philosophes de chaque \u00e9poque ont \u00e9labor\u00e9 leurs interpr\u00e9tations des vertus, avec pour cons\u00e9quence une codification de la vie et de l'attitude de l'homme face au monde.<\/p>\n\n\n\n<p class=\"wp-block-paragraph\">Dans ce contexte, nous nous limiterons \u00e0 parler des vertus du point de vue chr\u00e9tien, c'est-\u00e0-dire de toutes ces attitudes et dispositions de l'\u00e2me qui r\u00e8glent l'action humaine, en ordonnant les passions, en d\u00e9terminant la conduite, en poussant l'homme \u00e0 mener une vie moralement digne. Celui qui poursuit les vertus, poursuit le bien, consciemment et d\u00e9termin\u00e9 par sa volont\u00e9.<\/p>\n\n\n\n<p class=\"wp-block-paragraph\">La recherche des vertus conduit l'homme \u00e0 la communion avec Dieu.<\/p>\n\n\n\n<h3 class=\"wp-block-heading\">Les vertus cardinales<\/h3>\n\n\n\n<p class=\"wp-block-paragraph\">Les vertus cardinales sont celles que nous pouvons consid\u00e9rer comme la base de l'excellence de l'\u00eatre humain. Leur nom m\u00eame nous sugg\u00e8re \u00e0 quel point ils sont les piliers autour desquels repose la nature de l'homme vertueux. Il s'agit de :<\/p>\n\n\n\n<ul class=\"wp-block-list\"><li>la prudence, qui pousse l'homme \u00e0 ma\u00eetriser ses passions et \u00e0 reconna\u00eetre le bien dans chaque situation, ainsi qu'\u00e0 lui faire comprendre comment le perp\u00e9tuer ;<\/li><li>la justice, la volont\u00e9 de donner \u00e0 Dieu et aux autres ce qui est juste et d\u00fb. Selon Platon, elle apportait harmonie et \u00e9quilibre \u00e0 toutes les autres vertus, menant l'homme \u00e0 la perfection ;<\/li><li>la force, ce que Platon appelait le courage, qui fournit la force d'\u00e2me n\u00e9cessaire \u00e0 la poursuite des autres vertus et \u00e0 la recherche du bien ;<\/li><li>la temp\u00e9rance, la volont\u00e9 de rechercher le bien et le contr\u00f4le des passions et des instincts.<\/li><\/ul>\n\n\n\n<h3 class=\"wp-block-heading\">Les vertus intellectuelles<\/h3>\n\n\n\n<p class=\"wp-block-paragraph\">Ce sont les vertus qui r\u00e9gissent le bon usage de l'intelligence pour perfectionner l'intellect et rapprocher l'homme de la connaissance de la religion et de Dieu. Ils le sont :<\/p>\n\n\n\n<ul class=\"wp-block-list\"><li>la sagesse , la connaissance th\u00e9orique des choses, gr\u00e2ce \u00e0 laquelle l'intellect peut s'\u00e9lever jusqu'\u00e0 Dieu et l'immat\u00e9riel ;<\/li><li>la science, qui permet \u00e0 l'homme de conna\u00eetre les diff\u00e9rents aspects de la r\u00e9alit\u00e9 dans leur v\u00e9rit\u00e9 et leur ordre, en d\u00e9veloppant des notions appropri\u00e9es ;<\/li><li>l'intellect, qui permet \u00e0 l'homme de s'\u00e9lever au-dessus des pens\u00e9es et des concepts pour embrasser les r\u00e9alit\u00e9s supr\u00eames, en comprenant l'essentialit\u00e9 de chaque chose et de chaque action.<\/li><\/ul>\n\n\n\n<h3 class=\"wp-block-heading\">Les vertus th\u00e9ologiques<\/h3>\n\n\n\n<p class=\"wp-block-paragraph\">Passons maintenant aux vertus th\u00e9ologales, la foi, l'esp\u00e9rance et la charit\u00e9, qui font l'objet de cet article. Ce sont les vertus qui d\u00e9terminent la relation entre l'homme et le divin, toutes trois dirig\u00e9es directement vers Dieu. L'\u00e9tymologie m\u00eame du terme th\u00e9ologique le sugg\u00e8re : il d\u00e9rive du grec \u03b8\u03b5\u03cc\u03c2, \" Dieu \" et \u03bb\u03cc\u03b3\u03bf\u03c2, \" parole \".<\/p>\n\n\n\n<p class=\"wp-block-paragraph\">Ce sont donc des vertus qui, partant de l'homme, tendent vers le divin, et c'est en lui qu'elles trouvent leur origine, leur objet et leur raison d'\u00eatre. Contrairement aux vertus cardinales et intellectuelles, selon les th\u00e9ologiens de l'\u00c9glise, les vertus th\u00e9ologales ne peuvent \u00eatre obtenues par le seul effort humain, mais doivent \u00eatre infus\u00e9es dans l'homme par la gr\u00e2ce divine.<\/p>\n\n\n\n<p class=\"wp-block-paragraph\">Comme nous l'avons d\u00e9j\u00e0 dit, il y en a trois :<\/p>\n\n\n\n<ul class=\"wp-block-list\"><li>la foi, concernant la connaissance de Dieu et la croyance en lui, qui conduit \u00e0 la connaissance de Dieu par la r\u00e9v\u00e9lation ;<\/li><li>l'esp\u00e9rance, qui r\u00e8gle la vie humaine en relation avec la Trinit\u00e9, et la promesse du salut, qui conduit \u00e0 la possession de Dieu, comprise comme la vie \u00e9ternelle dans la lumi\u00e8re de sa gloire ;<\/li><li>la charit\u00e9, fondement de la vie de tout chr\u00e9tien, source et but de toutes les autres vertus, exprimant l'amour de Dieu \u00e0 travers l'amour du prochain, conduisant \u00e0 l'amour de Dieu et \u00e0 Dieu comme la plus haute expression de l'homme dans la vie et la mort.<\/li><\/ul>\n\n\n\n<p class=\"wp-block-paragraph\">Ces trois vertus sont \u00e9troitement li\u00e9es : la charit\u00e9, comprise comme l'amour de Dieu, d\u00e9coule de la foi, c'est-\u00e0-dire de la r\u00e9v\u00e9lation de Dieu, et aussi de l'esp\u00e9rance en la vie \u00e9ternelle suscit\u00e9e par la connaissance de Dieu.&nbsp;<\/p>\n\n\n\n<p class=\"wp-block-paragraph\">En r\u00e9alit\u00e9, le chemin sur lequel ces trois vertus nous guident est un chemin de gr\u00e2ce et d'\u00e9l\u00e9vation spirituelle, destin\u00e9 \u00e0 conduire ceux qui l'entreprennent \u00e0 la plus haute expression de la saintet\u00e9 que Dieu peut offrir \u00e0 ses enfants.<\/p>","protected":false},"excerpt":{"rendered":"<p>La foi, l'esp\u00e9rance et la charit\u00e9 ne sont que quelques-unes des vertus que l'homme doit cultiver pour \u00eatre consid\u00e9r\u00e9 comme bon et digne.<\/p>","protected":false},"author":1,"featured_media":334,"comment_status":"open","ping_status":"closed","sticky":false,"template":"","format":"standard","meta":{"neve_meta_sidebar":"","neve_meta_container":"","neve_meta_enable_content_width":"","neve_meta_content_width":0,"neve_meta_title_alignment":"","neve_meta_author_avatar":"","neve_post_elements_order":"","neve_meta_disable_header":"","neve_meta_disable_footer":"","neve_meta_disable_title":"","footnotes":""},"categories":[3],"tags":[33,32,29,35],"class_list":["post-251","post","type-post","status-publish","format-standard","has-post-thumbnail","hentry","category-fe","tag-caridade","tag-esperanca-2","tag-fe","tag-teologais"],"yoast_head":"<!-- This site is optimized with the Yoast SEO plugin v28.4 - https:\/\/yoast.com\/product\/yoast-seo-wordpress\/ -->\n<title>F\u00e9, esperan\u00e7a e caridade: virtudes teologais - Ora\u00e7\u00e3o e F\u00e9<\/title>\n<meta name=\"description\" content=\"F\u00e9, esperan\u00e7a e caridade s\u00e3o apenas algumas das virtudes que o homem deve cultivar para ser considerado bom e digno...\" \/>\n<meta name=\"robots\" content=\"index, follow, max-snippet:-1, max-image-preview:large, max-video-preview:-1\" \/>\n<link rel=\"canonical\" href=\"https:\/\/www.oracaoefe.com\/fr\/fe-esperanca-e-caridade-virtudes-teologais\/\" \/>\n<meta property=\"og:locale\" content=\"fr_FR\" \/>\n<meta property=\"og:type\" content=\"article\" \/>\n<meta property=\"og:title\" content=\"F\u00e9, esperan\u00e7a e caridade: virtudes teologais - Ora\u00e7\u00e3o e F\u00e9\" \/>\n<meta property=\"og:description\" content=\"F\u00e9, esperan\u00e7a e caridade s\u00e3o apenas algumas das virtudes que o homem deve cultivar para ser considerado bom e digno...\" \/>\n<meta property=\"og:url\" content=\"https:\/\/www.oracaoefe.com\/fr\/fe-esperanca-e-caridade-virtudes-teologais\/\" \/>\n<meta property=\"og:site_name\" content=\"Ora\u00e7\u00e3o e F\u00e9\" \/>\n<meta property=\"article:published_time\" content=\"2022-09-24T22:22:32+00:00\" \/>\n<meta property=\"article:modified_time\" content=\"2022-09-25T19:39:44+00:00\" \/>\n<meta property=\"og:image\" content=\"https:\/\/www.oracaoefe.com\/wp-content\/uploads\/2022\/09\/Fe-esperanca-e-caridade-virtudes-teologais.jpg\" \/>\n\t<meta property=\"og:image:width\" content=\"1200\" \/>\n\t<meta property=\"og:image:height\" content=\"675\" \/>\n\t<meta property=\"og:image:type\" content=\"image\/jpeg\" \/>\n<meta name=\"author\" content=\"Maria\" \/>\n<meta name=\"twitter:card\" content=\"summary_large_image\" \/>\n<meta name=\"twitter:label1\" content=\"\u00c9crit par\" \/>\n\t<meta name=\"twitter:data1\" content=\"Maria\" \/>\n\t<meta name=\"twitter:label2\" content=\"Dur\u00e9e de lecture estim\u00e9e\" \/>\n\t<meta name=\"twitter:data2\" content=\"5 minutes\" \/>\n<script type=\"application\/ld+json\" class=\"yoast-schema-graph\">{\"@context\":\"https:\\\/\\\/schema.org\",\"@graph\":[{\"@type\":\"Article\",\"@id\":\"https:\\\/\\\/www.oracaoefe.com\\\/fe-esperanca-e-caridade-virtudes-teologais\\\/#article\",\"isPartOf\":{\"@id\":\"https:\\\/\\\/www.oracaoefe.com\\\/fe-esperanca-e-caridade-virtudes-teologais\\\/\"},\"author\":{\"name\":\"Maria\",\"@id\":\"https:\\\/\\\/www.oracaoefe.com\\\/#\\\/schema\\\/person\\\/27873f1e6043866689f5091b5139f23d\"},\"headline\":\"F\u00e9, esperan\u00e7a e caridade: virtudes teologais\",\"datePublished\":\"2022-09-24T22:22:32+00:00\",\"dateModified\":\"2022-09-25T19:39:44+00:00\",\"mainEntityOfPage\":{\"@id\":\"https:\\\/\\\/www.oracaoefe.com\\\/fe-esperanca-e-caridade-virtudes-teologais\\\/\"},\"wordCount\":955,\"commentCount\":0,\"image\":{\"@id\":\"https:\\\/\\\/www.oracaoefe.com\\\/fe-esperanca-e-caridade-virtudes-teologais\\\/#primaryimage\"},\"thumbnailUrl\":\"https:\\\/\\\/www.oracaoefe.com\\\/wp-content\\\/uploads\\\/2022\\\/09\\\/Fe-esperanca-e-caridade-virtudes-teologais.jpg\",\"keywords\":[\"caridade\",\"esperanca\",\"fe\",\"teologais\"],\"articleSection\":[\"F\u00e9\"],\"inLanguage\":\"fr-FR\",\"potentialAction\":[{\"@type\":\"CommentAction\",\"name\":\"Comment\",\"target\":[\"https:\\\/\\\/www.oracaoefe.com\\\/fe-esperanca-e-caridade-virtudes-teologais\\\/#respond\"]}]},{\"@type\":\"WebPage\",\"@id\":\"https:\\\/\\\/www.oracaoefe.com\\\/fe-esperanca-e-caridade-virtudes-teologais\\\/\",\"url\":\"https:\\\/\\\/www.oracaoefe.com\\\/fe-esperanca-e-caridade-virtudes-teologais\\\/\",\"name\":\"F\u00e9, esperan\u00e7a e caridade: virtudes teologais - Ora\u00e7\u00e3o e F\u00e9\",\"isPartOf\":{\"@id\":\"https:\\\/\\\/www.oracaoefe.com\\\/#website\"},\"primaryImageOfPage\":{\"@id\":\"https:\\\/\\\/www.oracaoefe.com\\\/fe-esperanca-e-caridade-virtudes-teologais\\\/#primaryimage\"},\"image\":{\"@id\":\"https:\\\/\\\/www.oracaoefe.com\\\/fe-esperanca-e-caridade-virtudes-teologais\\\/#primaryimage\"},\"thumbnailUrl\":\"https:\\\/\\\/www.oracaoefe.com\\\/wp-content\\\/uploads\\\/2022\\\/09\\\/Fe-esperanca-e-caridade-virtudes-teologais.jpg\",\"datePublished\":\"2022-09-24T22:22:32+00:00\",\"dateModified\":\"2022-09-25T19:39:44+00:00\",\"author\":{\"@id\":\"https:\\\/\\\/www.oracaoefe.com\\\/#\\\/schema\\\/person\\\/27873f1e6043866689f5091b5139f23d\"},\"description\":\"F\u00e9, esperan\u00e7a e caridade s\u00e3o apenas algumas das virtudes que o homem deve cultivar para ser considerado bom e digno...\",\"breadcrumb\":{\"@id\":\"https:\\\/\\\/www.oracaoefe.com\\\/fe-esperanca-e-caridade-virtudes-teologais\\\/#breadcrumb\"},\"inLanguage\":\"fr-FR\",\"potentialAction\":[{\"@type\":\"ReadAction\",\"target\":[\"https:\\\/\\\/www.oracaoefe.com\\\/fe-esperanca-e-caridade-virtudes-teologais\\\/\"]}]},{\"@type\":\"ImageObject\",\"inLanguage\":\"fr-FR\",\"@id\":\"https:\\\/\\\/www.oracaoefe.com\\\/fe-esperanca-e-caridade-virtudes-teologais\\\/#primaryimage\",\"url\":\"https:\\\/\\\/www.oracaoefe.com\\\/wp-content\\\/uploads\\\/2022\\\/09\\\/Fe-esperanca-e-caridade-virtudes-teologais.jpg\",\"contentUrl\":\"https:\\\/\\\/www.oracaoefe.com\\\/wp-content\\\/uploads\\\/2022\\\/09\\\/Fe-esperanca-e-caridade-virtudes-teologais.jpg\",\"width\":1200,\"height\":675,\"caption\":\"F\u00e9 esperan\u00e7a e caridade virtudes teologais\"},{\"@type\":\"BreadcrumbList\",\"@id\":\"https:\\\/\\\/www.oracaoefe.com\\\/fe-esperanca-e-caridade-virtudes-teologais\\\/#breadcrumb\",\"itemListElement\":[{\"@type\":\"ListItem\",\"position\":1,\"name\":\"Home\",\"item\":\"https:\\\/\\\/www.oracaoefe.com\\\/\"},{\"@type\":\"ListItem\",\"position\":2,\"name\":\"F\u00e9\",\"item\":\"https:\\\/\\\/www.oracaoefe.com\\\/es\\\/categoria\\\/fe\\\/\"},{\"@type\":\"ListItem\",\"position\":3,\"name\":\"F\u00e9, esperan\u00e7a e caridade: virtudes teologais\"}]},{\"@type\":\"WebSite\",\"@id\":\"https:\\\/\\\/www.oracaoefe.com\\\/#website\",\"url\":\"https:\\\/\\\/www.oracaoefe.com\\\/\",\"name\":\"Ora\u00e7\u00e3o e F\u00e9\",\"description\":\"\",\"potentialAction\":[{\"@type\":\"SearchAction\",\"target\":{\"@type\":\"EntryPoint\",\"urlTemplate\":\"https:\\\/\\\/www.oracaoefe.com\\\/?s={search_term_string}\"},\"query-input\":{\"@type\":\"PropertyValueSpecification\",\"valueRequired\":true,\"valueName\":\"search_term_string\"}}],\"inLanguage\":\"fr-FR\"},{\"@type\":\"Person\",\"@id\":\"https:\\\/\\\/www.oracaoefe.com\\\/#\\\/schema\\\/person\\\/27873f1e6043866689f5091b5139f23d\",\"name\":\"Maria\",\"image\":{\"@type\":\"ImageObject\",\"inLanguage\":\"fr-FR\",\"@id\":\"https:\\\/\\\/secure.gravatar.com\\\/avatar\\\/4cac5ea56d40d599bd7348d330a83b1c84cd229296d1613cd1c7f6740561d0c9?s=96&d=mm&r=g\",\"url\":\"https:\\\/\\\/secure.gravatar.com\\\/avatar\\\/4cac5ea56d40d599bd7348d330a83b1c84cd229296d1613cd1c7f6740561d0c9?s=96&d=mm&r=g\",\"contentUrl\":\"https:\\\/\\\/secure.gravatar.com\\\/avatar\\\/4cac5ea56d40d599bd7348d330a83b1c84cd229296d1613cd1c7f6740561d0c9?s=96&d=mm&r=g\",\"caption\":\"Maria\"},\"description\":\"Meu nome \u00e9 Maria e sou apaixonada por teologia, espiritualidade e estudos religiosos. H\u00e1 mais de 5 anos escrevo sobre o universo da f\u00e9, pesquisando diferentes religi\u00f5es, doutrinas, tradi\u00e7\u00f5es espirituais e curiosidades religiosas ao redor do mundo. Tenho grande interesse em compreender como a f\u00e9 e a religiosidade se manifestam em diferentes culturas, pa\u00edses e idiomas, sempre buscando aprender mais sobre os costumes, cren\u00e7as e hist\u00f3rias que influenciam milh\u00f5es de pessoas diariamente. Atualmente, atuo como redatora no portal Ora\u00e7\u00e3o e F\u00e9, onde compartilho conte\u00fados informativos, reflexivos e inspiradores voltados ao universo religioso e espiritual. Meu objetivo \u00e9 levar conhecimento, curiosidades e mensagens enriquecedoras para leitores que desejam aprofundar sua compreens\u00e3o sobre f\u00e9, religi\u00e3o e espiritualidade no mundo moderno.\",\"sameAs\":[\"https:\\\/\\\/www.oracaoefe.com\"],\"url\":\"https:\\\/\\\/www.oracaoefe.com\\\/fr\\\/author\\\/admin\\\/\"}]}<\/script>\n<!-- \/ Yoast SEO plugin. -->","yoast_head_json":{"title":"Foi, esp\u00e9rance et charit\u00e9 : les vertus th\u00e9ologales - Pri\u00e8re et foi","description":"La foi, l'esp\u00e9rance et la charit\u00e9 ne sont que quelques-unes des vertus que l'homme doit cultiver pour \u00eatre consid\u00e9r\u00e9 comme bon et digne...","robots":{"index":"index","follow":"follow","max-snippet":"max-snippet:-1","max-image-preview":"max-image-preview:large","max-video-preview":"max-video-preview:-1"},"canonical":"https:\/\/www.oracaoefe.com\/fr\/fe-esperanca-e-caridade-virtudes-teologais\/","og_locale":"fr_FR","og_type":"article","og_title":"F\u00e9, esperan\u00e7a e caridade: virtudes teologais - Ora\u00e7\u00e3o e F\u00e9","og_description":"F\u00e9, esperan\u00e7a e caridade s\u00e3o apenas algumas das virtudes que o homem deve cultivar para ser considerado bom e digno...","og_url":"https:\/\/www.oracaoefe.com\/fr\/fe-esperanca-e-caridade-virtudes-teologais\/","og_site_name":"Ora\u00e7\u00e3o e F\u00e9","article_published_time":"2022-09-24T22:22:32+00:00","article_modified_time":"2022-09-25T19:39:44+00:00","og_image":[{"width":1200,"height":675,"url":"https:\/\/www.oracaoefe.com\/wp-content\/uploads\/2022\/09\/Fe-esperanca-e-caridade-virtudes-teologais.jpg","type":"image\/jpeg"}],"author":"Maria","twitter_card":"summary_large_image","twitter_misc":{"\u00c9crit par":"Maria","Dur\u00e9e de lecture estim\u00e9e":"5 minutes"},"schema":{"@context":"https:\/\/schema.org","@graph":[{"@type":"Article","@id":"https:\/\/www.oracaoefe.com\/fe-esperanca-e-caridade-virtudes-teologais\/#article","isPartOf":{"@id":"https:\/\/www.oracaoefe.com\/fe-esperanca-e-caridade-virtudes-teologais\/"},"author":{"name":"Maria","@id":"https:\/\/www.oracaoefe.com\/#\/schema\/person\/27873f1e6043866689f5091b5139f23d"},"headline":"F\u00e9, esperan\u00e7a e caridade: virtudes teologais","datePublished":"2022-09-24T22:22:32+00:00","dateModified":"2022-09-25T19:39:44+00:00","mainEntityOfPage":{"@id":"https:\/\/www.oracaoefe.com\/fe-esperanca-e-caridade-virtudes-teologais\/"},"wordCount":955,"commentCount":0,"image":{"@id":"https:\/\/www.oracaoefe.com\/fe-esperanca-e-caridade-virtudes-teologais\/#primaryimage"},"thumbnailUrl":"https:\/\/www.oracaoefe.com\/wp-content\/uploads\/2022\/09\/Fe-esperanca-e-caridade-virtudes-teologais.jpg","keywords":["caridade","esperanca","fe","teologais"],"articleSection":["F\u00e9"],"inLanguage":"fr-FR","potentialAction":[{"@type":"CommentAction","name":"Comment","target":["https:\/\/www.oracaoefe.com\/fe-esperanca-e-caridade-virtudes-teologais\/#respond"]}]},{"@type":"WebPage","@id":"https:\/\/www.oracaoefe.com\/fe-esperanca-e-caridade-virtudes-teologais\/","url":"https:\/\/www.oracaoefe.com\/fe-esperanca-e-caridade-virtudes-teologais\/","name":"Foi, esp\u00e9rance et charit\u00e9 : les vertus th\u00e9ologales - Pri\u00e8re et foi","isPartOf":{"@id":"https:\/\/www.oracaoefe.com\/#website"},"primaryImageOfPage":{"@id":"https:\/\/www.oracaoefe.com\/fe-esperanca-e-caridade-virtudes-teologais\/#primaryimage"},"image":{"@id":"https:\/\/www.oracaoefe.com\/fe-esperanca-e-caridade-virtudes-teologais\/#primaryimage"},"thumbnailUrl":"https:\/\/www.oracaoefe.com\/wp-content\/uploads\/2022\/09\/Fe-esperanca-e-caridade-virtudes-teologais.jpg","datePublished":"2022-09-24T22:22:32+00:00","dateModified":"2022-09-25T19:39:44+00:00","author":{"@id":"https:\/\/www.oracaoefe.com\/#\/schema\/person\/27873f1e6043866689f5091b5139f23d"},"description":"La foi, l'esp\u00e9rance et la charit\u00e9 ne sont que quelques-unes des vertus que l'homme doit cultiver pour \u00eatre consid\u00e9r\u00e9 comme bon et digne...","breadcrumb":{"@id":"https:\/\/www.oracaoefe.com\/fe-esperanca-e-caridade-virtudes-teologais\/#breadcrumb"},"inLanguage":"fr-FR","potentialAction":[{"@type":"ReadAction","target":["https:\/\/www.oracaoefe.com\/fe-esperanca-e-caridade-virtudes-teologais\/"]}]},{"@type":"ImageObject","inLanguage":"fr-FR","@id":"https:\/\/www.oracaoefe.com\/fe-esperanca-e-caridade-virtudes-teologais\/#primaryimage","url":"https:\/\/www.oracaoefe.com\/wp-content\/uploads\/2022\/09\/Fe-esperanca-e-caridade-virtudes-teologais.jpg","contentUrl":"https:\/\/www.oracaoefe.com\/wp-content\/uploads\/2022\/09\/Fe-esperanca-e-caridade-virtudes-teologais.jpg","width":1200,"height":675,"caption":"F\u00e9 esperan\u00e7a e caridade virtudes teologais"},{"@type":"BreadcrumbList","@id":"https:\/\/www.oracaoefe.com\/fe-esperanca-e-caridade-virtudes-teologais\/#breadcrumb","itemListElement":[{"@type":"ListItem","position":1,"name":"Home","item":"https:\/\/www.oracaoefe.com\/"},{"@type":"ListItem","position":2,"name":"F\u00e9","item":"https:\/\/www.oracaoefe.com\/es\/categoria\/fe\/"},{"@type":"ListItem","position":3,"name":"F\u00e9, esperan\u00e7a e caridade: virtudes teologais"}]},{"@type":"WebSite","@id":"https:\/\/www.oracaoefe.com\/#website","url":"https:\/\/www.oracaoefe.com\/","name":"Pri\u00e8re et foi","description":"","potentialAction":[{"@type":"SearchAction","target":{"@type":"EntryPoint","urlTemplate":"https:\/\/www.oracaoefe.com\/?s={search_term_string}"},"query-input":{"@type":"PropertyValueSpecification","valueRequired":true,"valueName":"search_term_string"}}],"inLanguage":"fr-FR"},{"@type":"Person","@id":"https:\/\/www.oracaoefe.com\/#\/schema\/person\/27873f1e6043866689f5091b5139f23d","name":"Maria","image":{"@type":"ImageObject","inLanguage":"fr-FR","@id":"https:\/\/secure.gravatar.com\/avatar\/4cac5ea56d40d599bd7348d330a83b1c84cd229296d1613cd1c7f6740561d0c9?s=96&d=mm&r=g","url":"https:\/\/secure.gravatar.com\/avatar\/4cac5ea56d40d599bd7348d330a83b1c84cd229296d1613cd1c7f6740561d0c9?s=96&d=mm&r=g","contentUrl":"https:\/\/secure.gravatar.com\/avatar\/4cac5ea56d40d599bd7348d330a83b1c84cd229296d1613cd1c7f6740561d0c9?s=96&d=mm&r=g","caption":"Maria"},"description":"Meu nome \u00e9 Maria e sou apaixonada por teologia, espiritualidade e estudos religiosos. H\u00e1 mais de 5 anos escrevo sobre o universo da f\u00e9, pesquisando diferentes religi\u00f5es, doutrinas, tradi\u00e7\u00f5es espirituais e curiosidades religiosas ao redor do mundo. Tenho grande interesse em compreender como a f\u00e9 e a religiosidade se manifestam em diferentes culturas, pa\u00edses e idiomas, sempre buscando aprender mais sobre os costumes, cren\u00e7as e hist\u00f3rias que influenciam milh\u00f5es de pessoas diariamente. Atualmente, atuo como redatora no portal Ora\u00e7\u00e3o e F\u00e9, onde compartilho conte\u00fados informativos, reflexivos e inspiradores voltados ao universo religioso e espiritual. Meu objetivo \u00e9 levar conhecimento, curiosidades e mensagens enriquecedoras para leitores que desejam aprofundar sua compreens\u00e3o sobre f\u00e9, religi\u00e3o e espiritualidade no mundo moderno.","sameAs":["https:\/\/www.oracaoefe.com"],"url":"https:\/\/www.oracaoefe.com\/fr\/author\/admin\/"}]}},"_links":{"self":[{"href":"https:\/\/www.oracaoefe.com\/fr\/wp-json\/wp\/v2\/posts\/251","targetHints":{"allow":["GET"]}}],"collection":[{"href":"https:\/\/www.oracaoefe.com\/fr\/wp-json\/wp\/v2\/posts"}],"about":[{"href":"https:\/\/www.oracaoefe.com\/fr\/wp-json\/wp\/v2\/types\/post"}],"author":[{"embeddable":true,"href":"https:\/\/www.oracaoefe.com\/fr\/wp-json\/wp\/v2\/users\/1"}],"replies":[{"embeddable":true,"href":"https:\/\/www.oracaoefe.com\/fr\/wp-json\/wp\/v2\/comments?post=251"}],"version-history":[{"count":3,"href":"https:\/\/www.oracaoefe.com\/fr\/wp-json\/wp\/v2\/posts\/251\/revisions"}],"predecessor-version":[{"id":365,"href":"https:\/\/www.oracaoefe.com\/fr\/wp-json\/wp\/v2\/posts\/251\/revisions\/365"}],"wp:featuredmedia":[{"embeddable":true,"href":"https:\/\/www.oracaoefe.com\/fr\/wp-json\/wp\/v2\/media\/334"}],"wp:attachment":[{"href":"https:\/\/www.oracaoefe.com\/fr\/wp-json\/wp\/v2\/media?parent=251"}],"wp:term":[{"taxonomy":"category","embeddable":true,"href":"https:\/\/www.oracaoefe.com\/fr\/wp-json\/wp\/v2\/categories?post=251"},{"taxonomy":"post_tag","embeddable":true,"href":"https:\/\/www.oracaoefe.com\/fr\/wp-json\/wp\/v2\/tags?post=251"}],"curies":[{"name":"wp","href":"https:\/\/api.w.org\/{rel}","templated":true}]}}