{"id":2504,"date":"2024-01-10T01:01:00","date_gmt":"2024-01-10T04:01:00","guid":{"rendered":"https:\/\/www.oracaoefe.com\/?p=2504"},"modified":"2024-01-01T21:31:16","modified_gmt":"2024-01-02T00:31:16","slug":"dialogo-com-o-sagrado-oracoes-poderosas-para-cada-desafio-da-vida","status":"publish","type":"post","link":"https:\/\/www.oracaoefe.com\/fr\/dialogo-com-o-sagrado-oracoes-poderosas-para-cada-desafio-da-vida\/","title":{"rendered":"Di\u00e1logo com o Sagrado: Ora\u00e7\u00f5es Poderosas para Cada Desafio da Vida"},"content":{"rendered":"<p class=\"wp-block-paragraph\">A jornada da vida \u00e9 repleta de desafios, momentos de alegria, tristeza, triunfos e obst\u00e1culos. Em meio a esse intricado tecido de experi\u00eancias, muitas pessoas buscam conforto e orienta\u00e7\u00e3o no divino. As ora\u00e7\u00f5es, por s\u00e9culos, t\u00eam servido como uma ponte entre o terreno e o sagrado, um meio de expressar gratid\u00e3o, pedir orienta\u00e7\u00e3o e buscar for\u00e7a. Neste blogpost, exploraremos algumas ora\u00e7\u00f5es poderosas que podem ser utilizadas para enfrentar diferentes desafios da vida.<\/p>\n\n\n\n<h2 class=\"wp-block-heading\">Ora\u00e7\u00f5es poderosas para cada desafio da vida<\/h2>\n\n\n\n<p class=\"wp-block-paragraph\">A jornada da vida, repleta de altos e baixos, nos conduz por caminhos imprevis\u00edveis. Em meio aos desafios que surgem, muitos de n\u00f3s procuramos uma \u00e2ncora, uma fonte de conforto e orienta\u00e7\u00e3o que transcenda as complexidades do cotidiano. \u00c9 nesse cen\u00e1rio de incertezas e triunfos que as ora\u00e7\u00f5es poderosas emergem como uma luz divina, oferecendo um di\u00e1logo \u00edntimo com o sagrado.<\/p>\n\n\n\n<p class=\"wp-block-paragraph\">A explora\u00e7\u00e3o desse di\u00e1logo \u00e9 um convite para descobrir ora\u00e7\u00f5es significativas que abordam os diferentes desafios que enfrentamos ao longo de nossa jornada terrena. Seja buscando paz interior, for\u00e7a em tempos dif\u00edceis, orienta\u00e7\u00e3o nas decis\u00f5es cruciais, ou expressando gratid\u00e3o pelos momentos de abund\u00e2ncia, estas ora\u00e7\u00f5es servem como um farol, iluminando nossos cora\u00e7\u00f5es nos momentos de escurid\u00e3o e elevando-nos para al\u00e9m das adversidades. Adentremos, juntos, nesse santu\u00e1rio de palavras sagradas que, em cada s\u00edlaba, oferecem conforto e esperan\u00e7a para cada desafio da vida.<\/p>\n\n\n\n<h3 class=\"wp-block-heading\">1. Ora\u00e7\u00e3o pela Paz Interior<\/h3>\n\n\n\n<p class=\"wp-block-paragraph\">&#8220;Divino Criador, conceda-me a serenidade para aceitar as coisas que n\u00e3o posso mudar, a coragem para mudar o que posso e a sabedoria para distinguir uma da outra. Que a paz que transcende todo entendimento permeie meu ser e guie meus passos.&#8221;<\/p>\n\n\n\n<p class=\"wp-block-paragraph\">A busca pela paz interior \u00e9 um desafio constante em meio ao caos da vida cotidiana. Essa ora\u00e7\u00e3o, baseada na famosa Ora\u00e7\u00e3o da Serenidade, \u00e9 um lembrete poderoso de que nem sempre podemos controlar as circunst\u00e2ncias, mas podemos controlar nossas rea\u00e7\u00f5es.<\/p>\n\n\n\n<h3 class=\"wp-block-heading\">2. Ora\u00e7\u00e3o pela Sa\u00fade<\/h3>\n\n\n\n<p class=\"wp-block-paragraph\">&#8220;Grande Curador, eu coloco minha sa\u00fade em suas m\u00e3os capazes. Que sua luz divina permeie cada c\u00e9lula do meu corpo, restaurando-o e renovando-o. Conceda-me a for\u00e7a para enfrentar qualquer desafio de sa\u00fade com coragem e confian\u00e7a.&#8221;<\/p>\n\n\n\n<figure class=\"wp-block-image size-large\"><img loading=\"lazy\" decoding=\"async\" width=\"1024\" height=\"683\" src=\"https:\/\/www.oracaoefe.com\/wp-content\/uploads\/2024\/01\/image-3-1024x683.png\" alt=\"\" class=\"wp-image-2505\" srcset=\"https:\/\/www.oracaoefe.com\/wp-content\/uploads\/2024\/01\/image-3-1024x683.png 1024w, https:\/\/www.oracaoefe.com\/wp-content\/uploads\/2024\/01\/image-3-300x200.png 300w, https:\/\/www.oracaoefe.com\/wp-content\/uploads\/2024\/01\/image-3-768x512.png 768w, https:\/\/www.oracaoefe.com\/wp-content\/uploads\/2024\/01\/image-3-18x12.png 18w, https:\/\/www.oracaoefe.com\/wp-content\/uploads\/2024\/01\/image-3.png 1280w\" sizes=\"auto, (max-width: 1024px) 100vw, 1024px\" \/><\/figure>\n\n\n\n<p class=\"wp-block-paragraph\">A sa\u00fade \u00e9 um bem precioso, e quando enfrentamos desafios f\u00edsicos, a ora\u00e7\u00e3o pode ser um suporte emocional vital. Essa ora\u00e7\u00e3o busca a cura n\u00e3o apenas no aspecto f\u00edsico, mas tamb\u00e9m na for\u00e7a interna necess\u00e1ria para enfrentar os desafios da doen\u00e7a.<\/p>\n\n\n\n<h3 class=\"wp-block-heading\">3. Ora\u00e7\u00e3o pela Orienta\u00e7\u00e3o<\/h3>\n\n\n\n<p class=\"wp-block-paragraph\">&#8220;Divino Guia, ilumine meu caminho e me conceda sabedoria para tomar decis\u00f5es s\u00e1bias. Que sua voz sutil ressoe em meu cora\u00e7\u00e3o, guiando-me nas escolhas que moldar\u00e3o meu destino.&#8221;<\/p>\n\n\n\n<p class=\"wp-block-paragraph\">Tomar decis\u00f5es importantes na vida pode ser um desafio, e esta ora\u00e7\u00e3o invoca a orienta\u00e7\u00e3o divina para ajudar a clarear o caminho. \u00c9 um reconhecimento da nossa limita\u00e7\u00e3o e a busca pela sabedoria superior.<\/p>\n\n\n\n<h3 class=\"wp-block-heading\">4. Ora\u00e7\u00e3o pela For\u00e7a em Tempos Dif\u00edceis<\/h3>\n\n\n\n<p class=\"wp-block-paragraph\">&#8220;Deus misericordioso, nas horas mais sombrias, conceda-me a for\u00e7a para enfrentar as tempestades da vida. Que a luz da sua presen\u00e7a dissipe as trevas e me guie para al\u00e9m da adversidade.&#8221;<\/p>\n\n\n\n<p class=\"wp-block-paragraph\">Quando a vida nos lan\u00e7a desafios inesperados, a necessidade de for\u00e7a se torna primordial. Essa ora\u00e7\u00e3o busca encontrar a coragem interior necess\u00e1ria para superar os momentos dif\u00edceis, lembrando-nos de que n\u00e3o estamos sozinhos.<\/p>\n\n\n\n<h3 class=\"wp-block-heading\">5. Ora\u00e7\u00e3o pela Gratid\u00e3o<\/h3>\n\n\n\n<p class=\"wp-block-paragraph\">&#8220;Divino Provedor, agrade\u00e7o por todas as b\u00ean\u00e7\u00e3os em minha vida. Que meu cora\u00e7\u00e3o transborde de gratid\u00e3o, lembrando-me constantemente da abund\u00e2ncia que me cerca.&#8221;<\/p>\n\n\n\n<p class=\"wp-block-paragraph\">A gratid\u00e3o \u00e9 uma pr\u00e1tica poderosa que transforma nossa perspectiva, mesmo em meio aos desafios. Esta ora\u00e7\u00e3o \u00e9 um lembrete de reconhecer e apreciar as b\u00ean\u00e7\u00e3os di\u00e1rias, independentemente dos obst\u00e1culos que possamos enfrentar.<\/p>\n\n\n\n<p class=\"wp-block-paragraph\">Em conclus\u00e3o, as ora\u00e7\u00f5es oferecem um meio valioso de di\u00e1logo com o sagrado em diferentes aspectos da vida. Seja buscando paz interior, cura, orienta\u00e7\u00e3o, for\u00e7a ou gratid\u00e3o, essas express\u00f5es sinceras conectam a espiritualidade \u00e0 jornada humana. Em tempos de desafio, encontramos conforto nas palavras que transcendem o mundano, lembrando-nos de que, no di\u00e1logo com o sagrado, encontramos uma fonte inesgot\u00e1vel de esperan\u00e7a e aux\u00edlio.<\/p>\n\n\n\n<p class=\"wp-block-paragraph\"><strong>Voir aussi\u00a0: <a href=\"https:\/\/www.oracaoefe.com\/fr\/oracao-poderosa-para-tudo-dar-certo-urgente\/\">Ora\u00e7\u00e3o poderosa para tudo dar certo urgente<\/a><\/strong><\/p>\n\n\n\n<p class=\"wp-block-paragraph\">10 de janeiro de 2024<\/p>","protected":false},"excerpt":{"rendered":"<p>A jornada da vida \u00e9 repleta de desafios, momentos de alegria, tristeza, triunfos e obst\u00e1culos. Em meio a esse intricado tecido de experi\u00eancias, muitas pessoas buscam conforto e orienta\u00e7\u00e3o no divino. As ora\u00e7\u00f5es, por s\u00e9culos, t\u00eam servido como uma ponte entre o terreno e o sagrado, um meio de expressar gratid\u00e3o, pedir orienta\u00e7\u00e3o e buscar&hellip;&nbsp;<\/p>","protected":false},"author":3,"featured_media":2505,"comment_status":"closed","ping_status":"closed","sticky":false,"template":"","format":"standard","meta":{"neve_meta_sidebar":"","neve_meta_container":"","neve_meta_enable_content_width":"","neve_meta_content_width":0,"neve_meta_title_alignment":"","neve_meta_author_avatar":"","neve_post_elements_order":"","neve_meta_disable_header":"","neve_meta_disable_footer":"","neve_meta_disable_title":"","footnotes":""},"categories":[2],"tags":[],"class_list":["post-2504","post","type-post","status-publish","format-standard","has-post-thumbnail","hentry","category-oracao"],"yoast_head":"<!-- This site is optimized with the Yoast SEO plugin v28.4 - https:\/\/yoast.com\/product\/yoast-seo-wordpress\/ -->\n<title>Di\u00e1logo com o Sagrado: Ora\u00e7\u00f5es Poderosas para Cada Desafio da Vida - Ora\u00e7\u00e3o e F\u00e9<\/title>\n<meta name=\"description\" content=\"Deus tem pra voc\u00ea uma palavra de vida!\" \/>\n<meta name=\"robots\" content=\"index, follow, max-snippet:-1, max-image-preview:large, max-video-preview:-1\" \/>\n<link rel=\"canonical\" href=\"https:\/\/www.oracaoefe.com\/fr\/dialogo-com-o-sagrado-oracoes-poderosas-para-cada-desafio-da-vida\/\" \/>\n<meta property=\"og:locale\" content=\"fr_FR\" \/>\n<meta property=\"og:type\" content=\"article\" \/>\n<meta property=\"og:title\" content=\"Di\u00e1logo com o Sagrado: Ora\u00e7\u00f5es Poderosas para Cada Desafio da Vida - Ora\u00e7\u00e3o e F\u00e9\" \/>\n<meta property=\"og:description\" content=\"Deus tem pra voc\u00ea uma palavra de vida!\" \/>\n<meta property=\"og:url\" content=\"https:\/\/www.oracaoefe.com\/fr\/dialogo-com-o-sagrado-oracoes-poderosas-para-cada-desafio-da-vida\/\" \/>\n<meta property=\"og:site_name\" content=\"Ora\u00e7\u00e3o e F\u00e9\" \/>\n<meta property=\"article:published_time\" content=\"2024-01-10T04:01:00+00:00\" \/>\n<meta property=\"og:image\" content=\"https:\/\/www.oracaoefe.com\/wp-content\/uploads\/2024\/01\/image-3-1024x683.png\" \/>\n\t<meta property=\"og:image:width\" content=\"1024\" \/>\n\t<meta property=\"og:image:height\" content=\"683\" \/>\n\t<meta property=\"og:image:type\" content=\"image\/png\" \/>\n<meta name=\"author\" content=\"Michele Azevedo\" \/>\n<meta name=\"twitter:card\" content=\"summary_large_image\" \/>\n<meta name=\"twitter:label1\" content=\"\u00c9crit par\" \/>\n\t<meta name=\"twitter:data1\" content=\"Michele Azevedo\" \/>\n\t<meta name=\"twitter:label2\" content=\"Dur\u00e9e de lecture estim\u00e9e\" \/>\n\t<meta name=\"twitter:data2\" content=\"4 minutes\" \/>\n<script type=\"application\/ld+json\" class=\"yoast-schema-graph\">{\"@context\":\"https:\\\/\\\/schema.org\",\"@graph\":[{\"@type\":\"Article\",\"@id\":\"https:\\\/\\\/www.oracaoefe.com\\\/dialogo-com-o-sagrado-oracoes-poderosas-para-cada-desafio-da-vida\\\/#article\",\"isPartOf\":{\"@id\":\"https:\\\/\\\/www.oracaoefe.com\\\/dialogo-com-o-sagrado-oracoes-poderosas-para-cada-desafio-da-vida\\\/\"},\"author\":{\"name\":\"Michele Azevedo\",\"@id\":\"https:\\\/\\\/www.oracaoefe.com\\\/#\\\/schema\\\/person\\\/17283c669442cf005c4d5bb58adfb7f5\"},\"headline\":\"Di\u00e1logo com o Sagrado: Ora\u00e7\u00f5es Poderosas para Cada Desafio da Vida\",\"datePublished\":\"2024-01-10T04:01:00+00:00\",\"mainEntityOfPage\":{\"@id\":\"https:\\\/\\\/www.oracaoefe.com\\\/dialogo-com-o-sagrado-oracoes-poderosas-para-cada-desafio-da-vida\\\/\"},\"wordCount\":769,\"image\":{\"@id\":\"https:\\\/\\\/www.oracaoefe.com\\\/dialogo-com-o-sagrado-oracoes-poderosas-para-cada-desafio-da-vida\\\/#primaryimage\"},\"thumbnailUrl\":\"https:\\\/\\\/www.oracaoefe.com\\\/wp-content\\\/uploads\\\/2024\\\/01\\\/image-3.png\",\"articleSection\":[\"Ora\u00e7\u00e3o\"],\"inLanguage\":\"fr-FR\"},{\"@type\":\"WebPage\",\"@id\":\"https:\\\/\\\/www.oracaoefe.com\\\/dialogo-com-o-sagrado-oracoes-poderosas-para-cada-desafio-da-vida\\\/\",\"url\":\"https:\\\/\\\/www.oracaoefe.com\\\/dialogo-com-o-sagrado-oracoes-poderosas-para-cada-desafio-da-vida\\\/\",\"name\":\"Di\u00e1logo com o Sagrado: Ora\u00e7\u00f5es Poderosas para Cada Desafio da Vida - Ora\u00e7\u00e3o e F\u00e9\",\"isPartOf\":{\"@id\":\"https:\\\/\\\/www.oracaoefe.com\\\/#website\"},\"primaryImageOfPage\":{\"@id\":\"https:\\\/\\\/www.oracaoefe.com\\\/dialogo-com-o-sagrado-oracoes-poderosas-para-cada-desafio-da-vida\\\/#primaryimage\"},\"image\":{\"@id\":\"https:\\\/\\\/www.oracaoefe.com\\\/dialogo-com-o-sagrado-oracoes-poderosas-para-cada-desafio-da-vida\\\/#primaryimage\"},\"thumbnailUrl\":\"https:\\\/\\\/www.oracaoefe.com\\\/wp-content\\\/uploads\\\/2024\\\/01\\\/image-3.png\",\"datePublished\":\"2024-01-10T04:01:00+00:00\",\"author\":{\"@id\":\"https:\\\/\\\/www.oracaoefe.com\\\/#\\\/schema\\\/person\\\/17283c669442cf005c4d5bb58adfb7f5\"},\"description\":\"Deus tem pra voc\u00ea uma palavra de vida!\",\"breadcrumb\":{\"@id\":\"https:\\\/\\\/www.oracaoefe.com\\\/dialogo-com-o-sagrado-oracoes-poderosas-para-cada-desafio-da-vida\\\/#breadcrumb\"},\"inLanguage\":\"fr-FR\",\"potentialAction\":[{\"@type\":\"ReadAction\",\"target\":[\"https:\\\/\\\/www.oracaoefe.com\\\/dialogo-com-o-sagrado-oracoes-poderosas-para-cada-desafio-da-vida\\\/\"]}]},{\"@type\":\"ImageObject\",\"inLanguage\":\"fr-FR\",\"@id\":\"https:\\\/\\\/www.oracaoefe.com\\\/dialogo-com-o-sagrado-oracoes-poderosas-para-cada-desafio-da-vida\\\/#primaryimage\",\"url\":\"https:\\\/\\\/www.oracaoefe.com\\\/wp-content\\\/uploads\\\/2024\\\/01\\\/image-3.png\",\"contentUrl\":\"https:\\\/\\\/www.oracaoefe.com\\\/wp-content\\\/uploads\\\/2024\\\/01\\\/image-3.png\",\"width\":1280,\"height\":854},{\"@type\":\"BreadcrumbList\",\"@id\":\"https:\\\/\\\/www.oracaoefe.com\\\/dialogo-com-o-sagrado-oracoes-poderosas-para-cada-desafio-da-vida\\\/#breadcrumb\",\"itemListElement\":[{\"@type\":\"ListItem\",\"position\":1,\"name\":\"Home\",\"item\":\"https:\\\/\\\/www.oracaoefe.com\\\/\"},{\"@type\":\"ListItem\",\"position\":2,\"name\":\"Ora\u00e7\u00e3o\",\"item\":\"https:\\\/\\\/www.oracaoefe.com\\\/category\\\/oracao\\\/\"},{\"@type\":\"ListItem\",\"position\":3,\"name\":\"Di\u00e1logo com o Sagrado: Ora\u00e7\u00f5es Poderosas para Cada Desafio da Vida\"}]},{\"@type\":\"WebSite\",\"@id\":\"https:\\\/\\\/www.oracaoefe.com\\\/#website\",\"url\":\"https:\\\/\\\/www.oracaoefe.com\\\/\",\"name\":\"Ora\u00e7\u00e3o e F\u00e9\",\"description\":\"\",\"potentialAction\":[{\"@type\":\"SearchAction\",\"target\":{\"@type\":\"EntryPoint\",\"urlTemplate\":\"https:\\\/\\\/www.oracaoefe.com\\\/?s={search_term_string}\"},\"query-input\":{\"@type\":\"PropertyValueSpecification\",\"valueRequired\":true,\"valueName\":\"search_term_string\"}}],\"inLanguage\":\"fr-FR\"},{\"@type\":\"Person\",\"@id\":\"https:\\\/\\\/www.oracaoefe.com\\\/#\\\/schema\\\/person\\\/17283c669442cf005c4d5bb58adfb7f5\",\"name\":\"Michele Azevedo\",\"image\":{\"@type\":\"ImageObject\",\"inLanguage\":\"fr-FR\",\"@id\":\"https:\\\/\\\/secure.gravatar.com\\\/avatar\\\/6b0eb9d22841282815e2cd856a0061c45e1761cd54b22e952d98c4746939aa85?s=96&d=mm&r=g\",\"url\":\"https:\\\/\\\/secure.gravatar.com\\\/avatar\\\/6b0eb9d22841282815e2cd856a0061c45e1761cd54b22e952d98c4746939aa85?s=96&d=mm&r=g\",\"contentUrl\":\"https:\\\/\\\/secure.gravatar.com\\\/avatar\\\/6b0eb9d22841282815e2cd856a0061c45e1761cd54b22e952d98c4746939aa85?s=96&d=mm&r=g\",\"caption\":\"Michele Azevedo\"},\"description\":\"Formada em Letras - Portugu\u00eas\\\/ Ingl\u00eas pela Universidade Estadual de Ponta Grossa (UEPG), p\u00f3s-graduada em Arte na Educa\u00e7\u00e3o (FAPI) e Psicopedagogia Escolar (FAPI), idealizadora e propriet\u00e1ria do site Escritora de Sucesso, possui experi\u00eancia em escrita para blogs em geral e atua como redatora e revisora dos conte\u00fados do Ora\u00e7\u00e3o e F\u00e9.\",\"url\":\"https:\\\/\\\/www.oracaoefe.com\\\/fr\\\/author\\\/michele-azevedo\\\/\"}]}<\/script>\n<!-- \/ Yoast SEO plugin. -->","yoast_head_json":{"title":"Di\u00e1logo com o Sagrado: Ora\u00e7\u00f5es Poderosas para Cada Desafio da Vida - Ora\u00e7\u00e3o e F\u00e9","description":"Dieu a une parole de vie pour vous !","robots":{"index":"index","follow":"follow","max-snippet":"max-snippet:-1","max-image-preview":"max-image-preview:large","max-video-preview":"max-video-preview:-1"},"canonical":"https:\/\/www.oracaoefe.com\/fr\/dialogo-com-o-sagrado-oracoes-poderosas-para-cada-desafio-da-vida\/","og_locale":"fr_FR","og_type":"article","og_title":"Di\u00e1logo com o Sagrado: Ora\u00e7\u00f5es Poderosas para Cada Desafio da Vida - Ora\u00e7\u00e3o e F\u00e9","og_description":"Deus tem pra voc\u00ea uma palavra de vida!","og_url":"https:\/\/www.oracaoefe.com\/fr\/dialogo-com-o-sagrado-oracoes-poderosas-para-cada-desafio-da-vida\/","og_site_name":"Ora\u00e7\u00e3o e F\u00e9","article_published_time":"2024-01-10T04:01:00+00:00","og_image":[{"width":1024,"height":683,"url":"https:\/\/www.oracaoefe.com\/wp-content\/uploads\/2024\/01\/image-3-1024x683.png","type":"image\/png"}],"author":"Michele Azevedo","twitter_card":"summary_large_image","twitter_misc":{"\u00c9crit par":"Michele Azevedo","Dur\u00e9e de lecture estim\u00e9e":"4 minutes"},"schema":{"@context":"https:\/\/schema.org","@graph":[{"@type":"Article","@id":"https:\/\/www.oracaoefe.com\/dialogo-com-o-sagrado-oracoes-poderosas-para-cada-desafio-da-vida\/#article","isPartOf":{"@id":"https:\/\/www.oracaoefe.com\/dialogo-com-o-sagrado-oracoes-poderosas-para-cada-desafio-da-vida\/"},"author":{"name":"Michele Azevedo","@id":"https:\/\/www.oracaoefe.com\/#\/schema\/person\/17283c669442cf005c4d5bb58adfb7f5"},"headline":"Di\u00e1logo com o Sagrado: Ora\u00e7\u00f5es Poderosas para Cada Desafio da Vida","datePublished":"2024-01-10T04:01:00+00:00","mainEntityOfPage":{"@id":"https:\/\/www.oracaoefe.com\/dialogo-com-o-sagrado-oracoes-poderosas-para-cada-desafio-da-vida\/"},"wordCount":769,"image":{"@id":"https:\/\/www.oracaoefe.com\/dialogo-com-o-sagrado-oracoes-poderosas-para-cada-desafio-da-vida\/#primaryimage"},"thumbnailUrl":"https:\/\/www.oracaoefe.com\/wp-content\/uploads\/2024\/01\/image-3.png","articleSection":["Ora\u00e7\u00e3o"],"inLanguage":"fr-FR"},{"@type":"WebPage","@id":"https:\/\/www.oracaoefe.com\/dialogo-com-o-sagrado-oracoes-poderosas-para-cada-desafio-da-vida\/","url":"https:\/\/www.oracaoefe.com\/dialogo-com-o-sagrado-oracoes-poderosas-para-cada-desafio-da-vida\/","name":"Di\u00e1logo com o Sagrado: Ora\u00e7\u00f5es Poderosas para Cada Desafio da Vida - Ora\u00e7\u00e3o e F\u00e9","isPartOf":{"@id":"https:\/\/www.oracaoefe.com\/#website"},"primaryImageOfPage":{"@id":"https:\/\/www.oracaoefe.com\/dialogo-com-o-sagrado-oracoes-poderosas-para-cada-desafio-da-vida\/#primaryimage"},"image":{"@id":"https:\/\/www.oracaoefe.com\/dialogo-com-o-sagrado-oracoes-poderosas-para-cada-desafio-da-vida\/#primaryimage"},"thumbnailUrl":"https:\/\/www.oracaoefe.com\/wp-content\/uploads\/2024\/01\/image-3.png","datePublished":"2024-01-10T04:01:00+00:00","author":{"@id":"https:\/\/www.oracaoefe.com\/#\/schema\/person\/17283c669442cf005c4d5bb58adfb7f5"},"description":"Dieu a une parole de vie pour vous !","breadcrumb":{"@id":"https:\/\/www.oracaoefe.com\/dialogo-com-o-sagrado-oracoes-poderosas-para-cada-desafio-da-vida\/#breadcrumb"},"inLanguage":"fr-FR","potentialAction":[{"@type":"ReadAction","target":["https:\/\/www.oracaoefe.com\/dialogo-com-o-sagrado-oracoes-poderosas-para-cada-desafio-da-vida\/"]}]},{"@type":"ImageObject","inLanguage":"fr-FR","@id":"https:\/\/www.oracaoefe.com\/dialogo-com-o-sagrado-oracoes-poderosas-para-cada-desafio-da-vida\/#primaryimage","url":"https:\/\/www.oracaoefe.com\/wp-content\/uploads\/2024\/01\/image-3.png","contentUrl":"https:\/\/www.oracaoefe.com\/wp-content\/uploads\/2024\/01\/image-3.png","width":1280,"height":854},{"@type":"BreadcrumbList","@id":"https:\/\/www.oracaoefe.com\/dialogo-com-o-sagrado-oracoes-poderosas-para-cada-desafio-da-vida\/#breadcrumb","itemListElement":[{"@type":"ListItem","position":1,"name":"Home","item":"https:\/\/www.oracaoefe.com\/"},{"@type":"ListItem","position":2,"name":"Ora\u00e7\u00e3o","item":"https:\/\/www.oracaoefe.com\/category\/oracao\/"},{"@type":"ListItem","position":3,"name":"Di\u00e1logo com o Sagrado: Ora\u00e7\u00f5es Poderosas para Cada Desafio da Vida"}]},{"@type":"WebSite","@id":"https:\/\/www.oracaoefe.com\/#website","url":"https:\/\/www.oracaoefe.com\/","name":"Pri\u00e8re et foi","description":"","potentialAction":[{"@type":"SearchAction","target":{"@type":"EntryPoint","urlTemplate":"https:\/\/www.oracaoefe.com\/?s={search_term_string}"},"query-input":{"@type":"PropertyValueSpecification","valueRequired":true,"valueName":"search_term_string"}}],"inLanguage":"fr-FR"},{"@type":"Person","@id":"https:\/\/www.oracaoefe.com\/#\/schema\/person\/17283c669442cf005c4d5bb58adfb7f5","name":"Michele Azevedo","image":{"@type":"ImageObject","inLanguage":"fr-FR","@id":"https:\/\/secure.gravatar.com\/avatar\/6b0eb9d22841282815e2cd856a0061c45e1761cd54b22e952d98c4746939aa85?s=96&d=mm&r=g","url":"https:\/\/secure.gravatar.com\/avatar\/6b0eb9d22841282815e2cd856a0061c45e1761cd54b22e952d98c4746939aa85?s=96&d=mm&r=g","contentUrl":"https:\/\/secure.gravatar.com\/avatar\/6b0eb9d22841282815e2cd856a0061c45e1761cd54b22e952d98c4746939aa85?s=96&d=mm&r=g","caption":"Michele Azevedo"},"description":"Dipl\u00f4m\u00e9e en litt\u00e9rature portugaise\/anglaise de l&#039;Universit\u00e9 d&#039;\u00c9tat de Ponta Grossa (UEPG), avec des dipl\u00f4mes de troisi\u00e8me cycle en art dans l&#039;\u00e9ducation (FAPI) et en psychop\u00e9dagogie scolaire (FAPI), elle est la cr\u00e9atrice et propri\u00e9taire du site web Escritora de Sucesso, a de l&#039;exp\u00e9rience dans l&#039;\u00e9criture pour les blogs en g\u00e9n\u00e9ral et travaille comme r\u00e9dactrice et \u00e9ditrice du contenu pour Ora\u00e7\u00e3o e F\u00e9.","url":"https:\/\/www.oracaoefe.com\/fr\/author\/michele-azevedo\/"}]}},"_links":{"self":[{"href":"https:\/\/www.oracaoefe.com\/fr\/wp-json\/wp\/v2\/posts\/2504","targetHints":{"allow":["GET"]}}],"collection":[{"href":"https:\/\/www.oracaoefe.com\/fr\/wp-json\/wp\/v2\/posts"}],"about":[{"href":"https:\/\/www.oracaoefe.com\/fr\/wp-json\/wp\/v2\/types\/post"}],"author":[{"embeddable":true,"href":"https:\/\/www.oracaoefe.com\/fr\/wp-json\/wp\/v2\/users\/3"}],"replies":[{"embeddable":true,"href":"https:\/\/www.oracaoefe.com\/fr\/wp-json\/wp\/v2\/comments?post=2504"}],"version-history":[{"count":1,"href":"https:\/\/www.oracaoefe.com\/fr\/wp-json\/wp\/v2\/posts\/2504\/revisions"}],"predecessor-version":[{"id":2506,"href":"https:\/\/www.oracaoefe.com\/fr\/wp-json\/wp\/v2\/posts\/2504\/revisions\/2506"}],"wp:featuredmedia":[{"embeddable":true,"href":"https:\/\/www.oracaoefe.com\/fr\/wp-json\/wp\/v2\/media\/2505"}],"wp:attachment":[{"href":"https:\/\/www.oracaoefe.com\/fr\/wp-json\/wp\/v2\/media?parent=2504"}],"wp:term":[{"taxonomy":"category","embeddable":true,"href":"https:\/\/www.oracaoefe.com\/fr\/wp-json\/wp\/v2\/categories?post=2504"},{"taxonomy":"post_tag","embeddable":true,"href":"https:\/\/www.oracaoefe.com\/fr\/wp-json\/wp\/v2\/tags?post=2504"}],"curies":[{"name":"wp","href":"https:\/\/api.w.org\/{rel}","templated":true}]}}