{"id":2501,"date":"2024-01-06T01:00:00","date_gmt":"2024-01-06T04:00:00","guid":{"rendered":"https:\/\/www.oracaoefe.com\/?p=2501"},"modified":"2024-01-01T21:28:12","modified_gmt":"2024-01-02T00:28:12","slug":"em-sintonia-com-o-divino-mantenha-se-informado-sobre-temas-religiosos-atuais","status":"publish","type":"post","link":"https:\/\/www.oracaoefe.com\/fr\/em-sintonia-com-o-divino-mantenha-se-informado-sobre-temas-religiosos-atuais\/","title":{"rendered":"Em Sintonia com o Divino: Mantenha-se Informado sobre Temas Religiosos Atuais"},"content":{"rendered":"<p class=\"wp-block-paragraph\">Vivemos em uma \u00e9poca de r\u00e1pidas mudan\u00e7as e avan\u00e7os tecnol\u00f3gicos que impactam todos os aspectos de nossas vidas. No entanto, em meio a essa revolu\u00e7\u00e3o, a espiritualidade e a busca pelo divino continuam a desempenhar um papel significativo na sociedade. Manter-se informado sobre temas religiosos atuais n\u00e3o apenas enriquece nossa compreens\u00e3o do mundo ao nosso redor, mas tamb\u00e9m nos conecta com algo maior do que n\u00f3s mesmos. A&nbsp;<\/p>\n\n\n\n<h2 class=\"wp-block-heading\">Relev\u00e2ncia Cont\u00ednua da Espiritualidade<\/h2>\n\n\n\n<p class=\"wp-block-paragraph\">Em meio ao ritmo acelerado da vida moderna, muitas pessoas buscam significado e prop\u00f3sito em suas vidas atrav\u00e9s da espiritualidade. As tradi\u00e7\u00f5es religiosas oferecem orienta\u00e7\u00f5es \u00e9ticas, consolo em tempos dif\u00edceis e uma vis\u00e3o sobre quest\u00f5es transcendentais. Ao estar em sintonia com o divino, encontramos um espa\u00e7o para a reflex\u00e3o, a introspec\u00e7\u00e3o e a conex\u00e3o com algo que vai al\u00e9m das preocupa\u00e7\u00f5es cotidianas.<\/p>\n\n\n\n<h2 class=\"wp-block-heading\">O Impacto das Mudan\u00e7as Sociais na Religi\u00e3o<\/h2>\n\n\n\n<p class=\"wp-block-paragraph\">As sociedades evoluem, e com essas mudan\u00e7as v\u00eam novas perspectivas sobre a espiritualidade. Quest\u00f5es como diversidade religiosa, seculariza\u00e7\u00e3o e di\u00e1logo inter-religioso tornam-se cada vez mais proeminentes. Estar informado sobre essas mudan\u00e7as n\u00e3o apenas nos mant\u00e9m atualizados, mas tamb\u00e9m promove um entendimento mais profundo das complexidades que envolvem as pr\u00e1ticas religiosas em um mundo em constante transforma\u00e7\u00e3o.<\/p>\n\n\n\n<h2 class=\"wp-block-heading\">Recursos Online para Manter-se Atualizado<\/h2>\n\n\n\n<p class=\"wp-block-paragraph\">A internet tornou-se uma fonte inesgot\u00e1vel de informa\u00e7\u00f5es sobre uma variedade de t\u00f3picos, incluindo religi\u00e3o. Portais de not\u00edcias especializados, blogs e v\u00eddeos online oferecem an\u00e1lises aprofundadas sobre eventos e desenvolvimentos religiosos ao redor do mundo. Al\u00e9m disso, muitas organiza\u00e7\u00f5es religiosas t\u00eam presen\u00e7a online, compartilhando ensinamentos, discursos e eventos relevantes para seus seguidores.<\/p>\n\n\n\n<h2 class=\"wp-block-heading\">Participa\u00e7\u00e3o em Comunidades Religiosas Online<\/h2>\n\n\n\n<p class=\"wp-block-paragraph\">A participa\u00e7\u00e3o ativa em comunidades religiosas online proporciona uma oportunidade \u00fanica de intera\u00e7\u00e3o e compartilhamento de experi\u00eancias. F\u00f3runs, grupos de discuss\u00e3o e redes sociais especializadas oferecem um espa\u00e7o para a troca de ideias, d\u00favidas e reflex\u00f5es. Essas plataformas n\u00e3o apenas mant\u00eam os participantes informados sobre eventos religiosos, mas tamb\u00e9m criam uma sensa\u00e7\u00e3o de comunidade global.<\/p>\n\n\n\n<h2 class=\"wp-block-heading\">Eventos e Confer\u00eancias Religiosas<\/h2>\n\n\n\n<p class=\"wp-block-paragraph\">Participar de eventos e confer\u00eancias religiosas \u00e9 uma maneira valiosa de se manter informado e se envolver ativamente com as quest\u00f5es contempor\u00e2neas. Palestras, mesas redondas e workshops proporcionam uma plataforma para l\u00edderes religiosos, acad\u00eamicos e praticantes compartilharem suas perspectivas e insights. Esses eventos oferecem uma vis\u00e3o abrangente das discuss\u00f5es em curso e das tend\u00eancias emergentes.<\/p>\n\n\n\n<h2 class=\"wp-block-heading\">Desenvolvendo uma Mentalidade Aberta e Inclusiva<\/h2>\n\n\n\n<p class=\"wp-block-paragraph\">Ao se manter informado sobre temas religiosos atuais, \u00e9 essencial cultivar uma mentalidade aberta e inclusiva. A diversidade de cren\u00e7as e pr\u00e1ticas religiosas \u00e9 vasta, e a compreens\u00e3o m\u00fatua \u00e9 fundamental para promover a paz e a harmonia entre as comunidades. A exposi\u00e7\u00e3o a diferentes perspectivas religiosas amplia nossa compreens\u00e3o do divino e fortalece o respeito pela pluralidade de express\u00f5es espirituais.<\/p>\n\n\n\n<figure class=\"wp-block-image size-large\"><img loading=\"lazy\" decoding=\"async\" width=\"1024\" height=\"585\" src=\"https:\/\/www.oracaoefe.com\/wp-content\/uploads\/2024\/01\/image-2-1024x585.png\" alt=\"\" class=\"wp-image-2502\" srcset=\"https:\/\/www.oracaoefe.com\/wp-content\/uploads\/2024\/01\/image-2-1024x585.png 1024w, https:\/\/www.oracaoefe.com\/wp-content\/uploads\/2024\/01\/image-2-300x171.png 300w, https:\/\/www.oracaoefe.com\/wp-content\/uploads\/2024\/01\/image-2-768x439.png 768w, https:\/\/www.oracaoefe.com\/wp-content\/uploads\/2024\/01\/image-2-18x10.png 18w, https:\/\/www.oracaoefe.com\/wp-content\/uploads\/2024\/01\/image-2.png 1280w\" sizes=\"auto, (max-width: 1024px) 100vw, 1024px\" \/><\/figure>\n\n\n\n<h2 class=\"wp-block-heading\">O Papel da Educa\u00e7\u00e3o Religiosa<\/h2>\n\n\n\n<p class=\"wp-block-paragraph\">A educa\u00e7\u00e3o desempenha um papel crucial na compreens\u00e3o e na aprecia\u00e7\u00e3o das diversas tradi\u00e7\u00f5es religiosas. Institui\u00e7\u00f5es educacionais podem desempenhar um papel fundamental ao oferecer cursos que abordem temas religiosos de maneira imparcial e informativa. Isso n\u00e3o apenas equipa os alunos com conhecimento, mas tamb\u00e9m promove a toler\u00e2ncia e o respeito pela diversidade religiosa.<\/p>\n\n\n\n<h2 class=\"wp-block-heading\">A Responsabilidade da M\u00eddia na Cobertura Religiosa<\/h2>\n\n\n\n<p class=\"wp-block-paragraph\">A m\u00eddia desempenha um papel significativo na forma\u00e7\u00e3o da opini\u00e3o p\u00fablica sobre quest\u00f5es religiosas. \u00c9 imperativo que a cobertura seja equilibrada e objetiva, evitando estere\u00f3tipos e promovendo uma compreens\u00e3o mais profunda das pr\u00e1ticas e cren\u00e7as religiosas. A m\u00eddia pode ser uma for\u00e7a positiva ao educar o p\u00fablico sobre a riqueza da diversidade religiosa.<\/p>\n\n\n\n<h2 class=\"wp-block-heading\">A Jornada Cont\u00ednua em Busca do Divino<\/h2>\n\n\n\n<p class=\"wp-block-paragraph\">Manter-se informado sobre temas religiosos atuais \u00e9 mais do que simplesmente adquirir conhecimento; \u00e9 uma jornada cont\u00ednua em busca do divino. Em um mundo onde as fronteiras entre as culturas se tornam mais perme\u00e1veis, a compreens\u00e3o das diversas express\u00f5es de espiritualidade torna-se crucial.&nbsp;<\/p>\n\n\n\n<p class=\"wp-block-paragraph\">Ao permanecermos sintonizados com o divino, cultivamos uma conex\u00e3o mais profunda com nossa pr\u00f3pria espiritualidade e contribu\u00edmos para a constru\u00e7\u00e3o de um mundo mais compreensivo e compassivo. Que essa jornada nos inspire a abra\u00e7ar a diversidade religiosa com mente aberta e cora\u00e7\u00e3o acolhedor.<\/p>\n\n\n\n<p class=\"wp-block-paragraph\"><strong>Voir aussi\u00a0: <a href=\"https:\/\/www.oracaoefe.com\/fr\/biblia-e-o-livro-mais-antigo-do-mundo-veja-as-informacoes\/\">B\u00edblia \u00e9 o livro mais antigo do mundo; veja as informa\u00e7\u00f5es<\/a><\/strong><\/p>\n\n\n\n<p class=\"wp-block-paragraph\">6 de janeiro de 2024<\/p>","protected":false},"excerpt":{"rendered":"<p>Vivemos em uma \u00e9poca de r\u00e1pidas mudan\u00e7as e avan\u00e7os tecnol\u00f3gicos que impactam todos os aspectos de nossas vidas. No entanto, em meio a essa revolu\u00e7\u00e3o, a espiritualidade e a busca pelo divino continuam a desempenhar um papel significativo na sociedade. Manter-se informado sobre temas religiosos atuais n\u00e3o apenas enriquece nossa compreens\u00e3o do mundo ao nosso&hellip;&nbsp;<\/p>","protected":false},"author":3,"featured_media":2502,"comment_status":"closed","ping_status":"closed","sticky":false,"template":"","format":"standard","meta":{"neve_meta_sidebar":"","neve_meta_container":"","neve_meta_enable_content_width":"","neve_meta_content_width":0,"neve_meta_title_alignment":"","neve_meta_author_avatar":"","neve_post_elements_order":"","neve_meta_disable_header":"","neve_meta_disable_footer":"","neve_meta_disable_title":"","footnotes":""},"categories":[4],"tags":[],"class_list":["post-2501","post","type-post","status-publish","format-standard","has-post-thumbnail","hentry","category-fique-por-dentro"],"yoast_head":"<!-- This site is optimized with the Yoast SEO plugin v28.4 - https:\/\/yoast.com\/product\/yoast-seo-wordpress\/ -->\n<title>Em Sintonia com o Divino: Mantenha-se Informado sobre Temas Religiosos Atuais - Ora\u00e7\u00e3o e F\u00e9<\/title>\n<meta name=\"description\" content=\"Deus tem pra voc\u00ea uma palavra de vida!\" \/>\n<meta name=\"robots\" content=\"index, follow, max-snippet:-1, max-image-preview:large, max-video-preview:-1\" \/>\n<link rel=\"canonical\" href=\"https:\/\/www.oracaoefe.com\/fr\/em-sintonia-com-o-divino-mantenha-se-informado-sobre-temas-religiosos-atuais\/\" \/>\n<meta property=\"og:locale\" content=\"fr_FR\" \/>\n<meta property=\"og:type\" content=\"article\" \/>\n<meta property=\"og:title\" content=\"Em Sintonia com o Divino: Mantenha-se Informado sobre Temas Religiosos Atuais - Ora\u00e7\u00e3o e F\u00e9\" \/>\n<meta property=\"og:description\" content=\"Deus tem pra voc\u00ea uma palavra de vida!\" \/>\n<meta property=\"og:url\" content=\"https:\/\/www.oracaoefe.com\/fr\/em-sintonia-com-o-divino-mantenha-se-informado-sobre-temas-religiosos-atuais\/\" \/>\n<meta property=\"og:site_name\" content=\"Ora\u00e7\u00e3o e F\u00e9\" \/>\n<meta property=\"article:published_time\" content=\"2024-01-06T04:00:00+00:00\" \/>\n<meta property=\"og:image\" content=\"https:\/\/www.oracaoefe.com\/wp-content\/uploads\/2024\/01\/image-2.png\" \/>\n\t<meta property=\"og:image:width\" content=\"1280\" \/>\n\t<meta property=\"og:image:height\" content=\"731\" \/>\n\t<meta property=\"og:image:type\" content=\"image\/png\" \/>\n<meta name=\"author\" content=\"Michele Azevedo\" \/>\n<meta name=\"twitter:card\" content=\"summary_large_image\" \/>\n<meta name=\"twitter:label1\" content=\"\u00c9crit par\" \/>\n\t<meta name=\"twitter:data1\" content=\"Michele Azevedo\" \/>\n\t<meta name=\"twitter:label2\" content=\"Dur\u00e9e de lecture estim\u00e9e\" \/>\n\t<meta name=\"twitter:data2\" content=\"4 minutes\" \/>\n<script type=\"application\/ld+json\" class=\"yoast-schema-graph\">{\"@context\":\"https:\\\/\\\/schema.org\",\"@graph\":[{\"@type\":\"Article\",\"@id\":\"https:\\\/\\\/www.oracaoefe.com\\\/em-sintonia-com-o-divino-mantenha-se-informado-sobre-temas-religiosos-atuais\\\/#article\",\"isPartOf\":{\"@id\":\"https:\\\/\\\/www.oracaoefe.com\\\/em-sintonia-com-o-divino-mantenha-se-informado-sobre-temas-religiosos-atuais\\\/\"},\"author\":{\"name\":\"Michele Azevedo\",\"@id\":\"https:\\\/\\\/www.oracaoefe.com\\\/#\\\/schema\\\/person\\\/17283c669442cf005c4d5bb58adfb7f5\"},\"headline\":\"Em Sintonia com o Divino: Mantenha-se Informado sobre Temas Religiosos Atuais\",\"datePublished\":\"2024-01-06T04:00:00+00:00\",\"mainEntityOfPage\":{\"@id\":\"https:\\\/\\\/www.oracaoefe.com\\\/em-sintonia-com-o-divino-mantenha-se-informado-sobre-temas-religiosos-atuais\\\/\"},\"wordCount\":785,\"image\":{\"@id\":\"https:\\\/\\\/www.oracaoefe.com\\\/em-sintonia-com-o-divino-mantenha-se-informado-sobre-temas-religiosos-atuais\\\/#primaryimage\"},\"thumbnailUrl\":\"https:\\\/\\\/www.oracaoefe.com\\\/wp-content\\\/uploads\\\/2024\\\/01\\\/image-2.png\",\"articleSection\":[\"Fique por Dentro\"],\"inLanguage\":\"fr-FR\"},{\"@type\":\"WebPage\",\"@id\":\"https:\\\/\\\/www.oracaoefe.com\\\/em-sintonia-com-o-divino-mantenha-se-informado-sobre-temas-religiosos-atuais\\\/\",\"url\":\"https:\\\/\\\/www.oracaoefe.com\\\/em-sintonia-com-o-divino-mantenha-se-informado-sobre-temas-religiosos-atuais\\\/\",\"name\":\"Em Sintonia com o Divino: Mantenha-se Informado sobre Temas Religiosos Atuais - Ora\u00e7\u00e3o e F\u00e9\",\"isPartOf\":{\"@id\":\"https:\\\/\\\/www.oracaoefe.com\\\/#website\"},\"primaryImageOfPage\":{\"@id\":\"https:\\\/\\\/www.oracaoefe.com\\\/em-sintonia-com-o-divino-mantenha-se-informado-sobre-temas-religiosos-atuais\\\/#primaryimage\"},\"image\":{\"@id\":\"https:\\\/\\\/www.oracaoefe.com\\\/em-sintonia-com-o-divino-mantenha-se-informado-sobre-temas-religiosos-atuais\\\/#primaryimage\"},\"thumbnailUrl\":\"https:\\\/\\\/www.oracaoefe.com\\\/wp-content\\\/uploads\\\/2024\\\/01\\\/image-2.png\",\"datePublished\":\"2024-01-06T04:00:00+00:00\",\"author\":{\"@id\":\"https:\\\/\\\/www.oracaoefe.com\\\/#\\\/schema\\\/person\\\/17283c669442cf005c4d5bb58adfb7f5\"},\"description\":\"Deus tem pra voc\u00ea uma palavra de vida!\",\"breadcrumb\":{\"@id\":\"https:\\\/\\\/www.oracaoefe.com\\\/em-sintonia-com-o-divino-mantenha-se-informado-sobre-temas-religiosos-atuais\\\/#breadcrumb\"},\"inLanguage\":\"fr-FR\",\"potentialAction\":[{\"@type\":\"ReadAction\",\"target\":[\"https:\\\/\\\/www.oracaoefe.com\\\/em-sintonia-com-o-divino-mantenha-se-informado-sobre-temas-religiosos-atuais\\\/\"]}]},{\"@type\":\"ImageObject\",\"inLanguage\":\"fr-FR\",\"@id\":\"https:\\\/\\\/www.oracaoefe.com\\\/em-sintonia-com-o-divino-mantenha-se-informado-sobre-temas-religiosos-atuais\\\/#primaryimage\",\"url\":\"https:\\\/\\\/www.oracaoefe.com\\\/wp-content\\\/uploads\\\/2024\\\/01\\\/image-2.png\",\"contentUrl\":\"https:\\\/\\\/www.oracaoefe.com\\\/wp-content\\\/uploads\\\/2024\\\/01\\\/image-2.png\",\"width\":1280,\"height\":731},{\"@type\":\"BreadcrumbList\",\"@id\":\"https:\\\/\\\/www.oracaoefe.com\\\/em-sintonia-com-o-divino-mantenha-se-informado-sobre-temas-religiosos-atuais\\\/#breadcrumb\",\"itemListElement\":[{\"@type\":\"ListItem\",\"position\":1,\"name\":\"Home\",\"item\":\"https:\\\/\\\/www.oracaoefe.com\\\/\"},{\"@type\":\"ListItem\",\"position\":2,\"name\":\"Fique por Dentro\",\"item\":\"https:\\\/\\\/www.oracaoefe.com\\\/category\\\/fique-por-dentro\\\/\"},{\"@type\":\"ListItem\",\"position\":3,\"name\":\"Em Sintonia com o Divino: Mantenha-se Informado sobre Temas Religiosos Atuais\"}]},{\"@type\":\"WebSite\",\"@id\":\"https:\\\/\\\/www.oracaoefe.com\\\/#website\",\"url\":\"https:\\\/\\\/www.oracaoefe.com\\\/\",\"name\":\"Ora\u00e7\u00e3o e F\u00e9\",\"description\":\"\",\"potentialAction\":[{\"@type\":\"SearchAction\",\"target\":{\"@type\":\"EntryPoint\",\"urlTemplate\":\"https:\\\/\\\/www.oracaoefe.com\\\/?s={search_term_string}\"},\"query-input\":{\"@type\":\"PropertyValueSpecification\",\"valueRequired\":true,\"valueName\":\"search_term_string\"}}],\"inLanguage\":\"fr-FR\"},{\"@type\":\"Person\",\"@id\":\"https:\\\/\\\/www.oracaoefe.com\\\/#\\\/schema\\\/person\\\/17283c669442cf005c4d5bb58adfb7f5\",\"name\":\"Michele Azevedo\",\"image\":{\"@type\":\"ImageObject\",\"inLanguage\":\"fr-FR\",\"@id\":\"https:\\\/\\\/secure.gravatar.com\\\/avatar\\\/6b0eb9d22841282815e2cd856a0061c45e1761cd54b22e952d98c4746939aa85?s=96&d=mm&r=g\",\"url\":\"https:\\\/\\\/secure.gravatar.com\\\/avatar\\\/6b0eb9d22841282815e2cd856a0061c45e1761cd54b22e952d98c4746939aa85?s=96&d=mm&r=g\",\"contentUrl\":\"https:\\\/\\\/secure.gravatar.com\\\/avatar\\\/6b0eb9d22841282815e2cd856a0061c45e1761cd54b22e952d98c4746939aa85?s=96&d=mm&r=g\",\"caption\":\"Michele Azevedo\"},\"description\":\"Formada em Letras - Portugu\u00eas\\\/ Ingl\u00eas pela Universidade Estadual de Ponta Grossa (UEPG), p\u00f3s-graduada em Arte na Educa\u00e7\u00e3o (FAPI) e Psicopedagogia Escolar (FAPI), idealizadora e propriet\u00e1ria do site Escritora de Sucesso, possui experi\u00eancia em escrita para blogs em geral e atua como redatora e revisora dos conte\u00fados do Ora\u00e7\u00e3o e F\u00e9.\",\"url\":\"https:\\\/\\\/www.oracaoefe.com\\\/fr\\\/author\\\/michele-azevedo\\\/\"}]}<\/script>\n<!-- \/ Yoast SEO plugin. -->","yoast_head_json":{"title":"Em Sintonia com o Divino: Mantenha-se Informado sobre Temas Religiosos Atuais - Ora\u00e7\u00e3o e F\u00e9","description":"Dieu a une parole de vie pour vous !","robots":{"index":"index","follow":"follow","max-snippet":"max-snippet:-1","max-image-preview":"max-image-preview:large","max-video-preview":"max-video-preview:-1"},"canonical":"https:\/\/www.oracaoefe.com\/fr\/em-sintonia-com-o-divino-mantenha-se-informado-sobre-temas-religiosos-atuais\/","og_locale":"fr_FR","og_type":"article","og_title":"Em Sintonia com o Divino: Mantenha-se Informado sobre Temas Religiosos Atuais - Ora\u00e7\u00e3o e F\u00e9","og_description":"Deus tem pra voc\u00ea uma palavra de vida!","og_url":"https:\/\/www.oracaoefe.com\/fr\/em-sintonia-com-o-divino-mantenha-se-informado-sobre-temas-religiosos-atuais\/","og_site_name":"Ora\u00e7\u00e3o e F\u00e9","article_published_time":"2024-01-06T04:00:00+00:00","og_image":[{"width":1280,"height":731,"url":"https:\/\/www.oracaoefe.com\/wp-content\/uploads\/2024\/01\/image-2.png","type":"image\/png"}],"author":"Michele Azevedo","twitter_card":"summary_large_image","twitter_misc":{"\u00c9crit par":"Michele Azevedo","Dur\u00e9e de lecture estim\u00e9e":"4 minutes"},"schema":{"@context":"https:\/\/schema.org","@graph":[{"@type":"Article","@id":"https:\/\/www.oracaoefe.com\/em-sintonia-com-o-divino-mantenha-se-informado-sobre-temas-religiosos-atuais\/#article","isPartOf":{"@id":"https:\/\/www.oracaoefe.com\/em-sintonia-com-o-divino-mantenha-se-informado-sobre-temas-religiosos-atuais\/"},"author":{"name":"Michele Azevedo","@id":"https:\/\/www.oracaoefe.com\/#\/schema\/person\/17283c669442cf005c4d5bb58adfb7f5"},"headline":"Em Sintonia com o Divino: Mantenha-se Informado sobre Temas Religiosos Atuais","datePublished":"2024-01-06T04:00:00+00:00","mainEntityOfPage":{"@id":"https:\/\/www.oracaoefe.com\/em-sintonia-com-o-divino-mantenha-se-informado-sobre-temas-religiosos-atuais\/"},"wordCount":785,"image":{"@id":"https:\/\/www.oracaoefe.com\/em-sintonia-com-o-divino-mantenha-se-informado-sobre-temas-religiosos-atuais\/#primaryimage"},"thumbnailUrl":"https:\/\/www.oracaoefe.com\/wp-content\/uploads\/2024\/01\/image-2.png","articleSection":["Fique por Dentro"],"inLanguage":"fr-FR"},{"@type":"WebPage","@id":"https:\/\/www.oracaoefe.com\/em-sintonia-com-o-divino-mantenha-se-informado-sobre-temas-religiosos-atuais\/","url":"https:\/\/www.oracaoefe.com\/em-sintonia-com-o-divino-mantenha-se-informado-sobre-temas-religiosos-atuais\/","name":"Em Sintonia com o Divino: Mantenha-se Informado sobre Temas Religiosos Atuais - Ora\u00e7\u00e3o e F\u00e9","isPartOf":{"@id":"https:\/\/www.oracaoefe.com\/#website"},"primaryImageOfPage":{"@id":"https:\/\/www.oracaoefe.com\/em-sintonia-com-o-divino-mantenha-se-informado-sobre-temas-religiosos-atuais\/#primaryimage"},"image":{"@id":"https:\/\/www.oracaoefe.com\/em-sintonia-com-o-divino-mantenha-se-informado-sobre-temas-religiosos-atuais\/#primaryimage"},"thumbnailUrl":"https:\/\/www.oracaoefe.com\/wp-content\/uploads\/2024\/01\/image-2.png","datePublished":"2024-01-06T04:00:00+00:00","author":{"@id":"https:\/\/www.oracaoefe.com\/#\/schema\/person\/17283c669442cf005c4d5bb58adfb7f5"},"description":"Dieu a une parole de vie pour vous !","breadcrumb":{"@id":"https:\/\/www.oracaoefe.com\/em-sintonia-com-o-divino-mantenha-se-informado-sobre-temas-religiosos-atuais\/#breadcrumb"},"inLanguage":"fr-FR","potentialAction":[{"@type":"ReadAction","target":["https:\/\/www.oracaoefe.com\/em-sintonia-com-o-divino-mantenha-se-informado-sobre-temas-religiosos-atuais\/"]}]},{"@type":"ImageObject","inLanguage":"fr-FR","@id":"https:\/\/www.oracaoefe.com\/em-sintonia-com-o-divino-mantenha-se-informado-sobre-temas-religiosos-atuais\/#primaryimage","url":"https:\/\/www.oracaoefe.com\/wp-content\/uploads\/2024\/01\/image-2.png","contentUrl":"https:\/\/www.oracaoefe.com\/wp-content\/uploads\/2024\/01\/image-2.png","width":1280,"height":731},{"@type":"BreadcrumbList","@id":"https:\/\/www.oracaoefe.com\/em-sintonia-com-o-divino-mantenha-se-informado-sobre-temas-religiosos-atuais\/#breadcrumb","itemListElement":[{"@type":"ListItem","position":1,"name":"Home","item":"https:\/\/www.oracaoefe.com\/"},{"@type":"ListItem","position":2,"name":"Fique por Dentro","item":"https:\/\/www.oracaoefe.com\/category\/fique-por-dentro\/"},{"@type":"ListItem","position":3,"name":"Em Sintonia com o Divino: Mantenha-se Informado sobre Temas Religiosos Atuais"}]},{"@type":"WebSite","@id":"https:\/\/www.oracaoefe.com\/#website","url":"https:\/\/www.oracaoefe.com\/","name":"Pri\u00e8re et foi","description":"","potentialAction":[{"@type":"SearchAction","target":{"@type":"EntryPoint","urlTemplate":"https:\/\/www.oracaoefe.com\/?s={search_term_string}"},"query-input":{"@type":"PropertyValueSpecification","valueRequired":true,"valueName":"search_term_string"}}],"inLanguage":"fr-FR"},{"@type":"Person","@id":"https:\/\/www.oracaoefe.com\/#\/schema\/person\/17283c669442cf005c4d5bb58adfb7f5","name":"Michele Azevedo","image":{"@type":"ImageObject","inLanguage":"fr-FR","@id":"https:\/\/secure.gravatar.com\/avatar\/6b0eb9d22841282815e2cd856a0061c45e1761cd54b22e952d98c4746939aa85?s=96&d=mm&r=g","url":"https:\/\/secure.gravatar.com\/avatar\/6b0eb9d22841282815e2cd856a0061c45e1761cd54b22e952d98c4746939aa85?s=96&d=mm&r=g","contentUrl":"https:\/\/secure.gravatar.com\/avatar\/6b0eb9d22841282815e2cd856a0061c45e1761cd54b22e952d98c4746939aa85?s=96&d=mm&r=g","caption":"Michele Azevedo"},"description":"Dipl\u00f4m\u00e9e en litt\u00e9rature portugaise\/anglaise de l&#039;Universit\u00e9 d&#039;\u00c9tat de Ponta Grossa (UEPG), avec des dipl\u00f4mes de troisi\u00e8me cycle en art dans l&#039;\u00e9ducation (FAPI) et en psychop\u00e9dagogie scolaire (FAPI), elle est la cr\u00e9atrice et propri\u00e9taire du site web Escritora de Sucesso, a de l&#039;exp\u00e9rience dans l&#039;\u00e9criture pour les blogs en g\u00e9n\u00e9ral et travaille comme r\u00e9dactrice et \u00e9ditrice du contenu pour Ora\u00e7\u00e3o e F\u00e9.","url":"https:\/\/www.oracaoefe.com\/fr\/author\/michele-azevedo\/"}]}},"_links":{"self":[{"href":"https:\/\/www.oracaoefe.com\/fr\/wp-json\/wp\/v2\/posts\/2501","targetHints":{"allow":["GET"]}}],"collection":[{"href":"https:\/\/www.oracaoefe.com\/fr\/wp-json\/wp\/v2\/posts"}],"about":[{"href":"https:\/\/www.oracaoefe.com\/fr\/wp-json\/wp\/v2\/types\/post"}],"author":[{"embeddable":true,"href":"https:\/\/www.oracaoefe.com\/fr\/wp-json\/wp\/v2\/users\/3"}],"replies":[{"embeddable":true,"href":"https:\/\/www.oracaoefe.com\/fr\/wp-json\/wp\/v2\/comments?post=2501"}],"version-history":[{"count":1,"href":"https:\/\/www.oracaoefe.com\/fr\/wp-json\/wp\/v2\/posts\/2501\/revisions"}],"predecessor-version":[{"id":2503,"href":"https:\/\/www.oracaoefe.com\/fr\/wp-json\/wp\/v2\/posts\/2501\/revisions\/2503"}],"wp:featuredmedia":[{"embeddable":true,"href":"https:\/\/www.oracaoefe.com\/fr\/wp-json\/wp\/v2\/media\/2502"}],"wp:attachment":[{"href":"https:\/\/www.oracaoefe.com\/fr\/wp-json\/wp\/v2\/media?parent=2501"}],"wp:term":[{"taxonomy":"category","embeddable":true,"href":"https:\/\/www.oracaoefe.com\/fr\/wp-json\/wp\/v2\/categories?post=2501"},{"taxonomy":"post_tag","embeddable":true,"href":"https:\/\/www.oracaoefe.com\/fr\/wp-json\/wp\/v2\/tags?post=2501"}],"curies":[{"name":"wp","href":"https:\/\/api.w.org\/{rel}","templated":true}]}}