{"id":2498,"date":"2024-01-03T01:00:00","date_gmt":"2024-01-03T04:00:00","guid":{"rendered":"https:\/\/www.oracaoefe.com\/?p=2498"},"modified":"2024-01-01T21:24:49","modified_gmt":"2024-01-02T00:24:49","slug":"fortalecendo-a-crenca-historias-biblicas-e-anedotas-que-elevam-a-fe","status":"publish","type":"post","link":"https:\/\/www.oracaoefe.com\/fr\/fortalecendo-a-crenca-historias-biblicas-e-anedotas-que-elevam-a-fe\/","title":{"rendered":"Fortalecendo a Cren\u00e7a: Hist\u00f3rias B\u00edblicas e Anedotas que Elevam a F\u00e9"},"content":{"rendered":"<p class=\"wp-block-paragraph\">A B\u00edblia, um tesouro de narrativas sagradas, \u00e9 uma fonte inesgot\u00e1vel de inspira\u00e7\u00e3o e sabedoria para milh\u00f5es de pessoas ao redor do mundo. Suas hist\u00f3rias transcendem o tempo, oferecendo orienta\u00e7\u00e3o espiritual e fortalecendo a f\u00e9 daqueles que buscam conex\u00e3o com algo divino.&nbsp;<\/p>\n\n\n\n<h2 class=\"wp-block-heading\">A Jornada de Abra\u00e3o: Um Exemplo de F\u00e9 Inabal\u00e1vel<\/h2>\n\n\n\n<p class=\"wp-block-paragraph\">A hist\u00f3ria de Abra\u00e3o \u00e9 um testemunho de f\u00e9 inabal\u00e1vel e obedi\u00eancia a Deus. Chamado por Deus para deixar sua terra natal, Abra\u00e3o empreendeu uma jornada incerta, confiando na promessa divina de que se tornaria pai de uma grande na\u00e7\u00e3o. Sua f\u00e9 foi posta \u00e0 prova quando Deus pediu que sacrificasse seu filho, Isaque, mas Abra\u00e3o obedeceu, demonstrando uma confian\u00e7a profunda na provid\u00eancia divina.<\/p>\n\n\n\n<p class=\"wp-block-paragraph\">Essa hist\u00f3ria ressoa como uma poderosa anedota de f\u00e9, destacando como a confian\u00e7a em Deus, mesmo nas circunst\u00e2ncias mais desafiadoras, pode conduzir a resultados al\u00e9m da compreens\u00e3o humana. Abra\u00e3o \u00e9 um farol de inspira\u00e7\u00e3o, encorajando-nos a confiar nas promessas divinas, mesmo quando o caminho \u00e0 frente parece incerto.<\/p>\n\n\n\n<figure class=\"wp-block-image size-large\"><img loading=\"lazy\" decoding=\"async\" width=\"1024\" height=\"682\" src=\"https:\/\/www.oracaoefe.com\/wp-content\/uploads\/2024\/01\/image-1-1024x682.png\" alt=\"\" class=\"wp-image-2499\" srcset=\"https:\/\/www.oracaoefe.com\/wp-content\/uploads\/2024\/01\/image-1-1024x682.png 1024w, https:\/\/www.oracaoefe.com\/wp-content\/uploads\/2024\/01\/image-1-300x200.png 300w, https:\/\/www.oracaoefe.com\/wp-content\/uploads\/2024\/01\/image-1-768x512.png 768w, https:\/\/www.oracaoefe.com\/wp-content\/uploads\/2024\/01\/image-1-18x12.png 18w, https:\/\/www.oracaoefe.com\/wp-content\/uploads\/2024\/01\/image-1.png 1280w\" sizes=\"auto, (max-width: 1024px) 100vw, 1024px\" \/><\/figure>\n\n\n\n<h2 class=\"wp-block-heading\">A Jornada de Davi: Vencendo Gigantes com F\u00e9 e Coragem<\/h2>\n\n\n\n<p class=\"wp-block-paragraph\">A narrativa do jovem pastor Davi, que enfrentou e venceu o gigante Golias, \u00e9 uma hist\u00f3ria de f\u00e9, coragem e confian\u00e7a na capacidade divina de superar obst\u00e1culos aparentemente intranspon\u00edveis. Davi, desprezado por muitos por sua juventude e aparente falta de habilidade militar, confiou no poder de Deus para enfrentar o gigante que amea\u00e7ava seu povo.<\/p>\n\n\n\n<p class=\"wp-block-paragraph\">Essa anedota ressalta a import\u00e2ncia da f\u00e9 ativa, da disposi\u00e7\u00e3o para enfrentar desafios com confian\u00e7a na orienta\u00e7\u00e3o divina. A hist\u00f3ria de Davi nos lembra que, independentemente das apar\u00eancias, a f\u00e9 genu\u00edna \u00e9 uma for\u00e7a transformadora que capacita os indiv\u00edduos a superar adversidades.<\/p>\n\n\n\n<h2 class=\"wp-block-heading\">A Par\u00e1bola do Filho Pr\u00f3digo: Uma Li\u00e7\u00e3o de Perd\u00e3o e Renova\u00e7\u00e3o<\/h2>\n\n\n\n<p class=\"wp-block-paragraph\">A par\u00e1bola do filho pr\u00f3digo \u00e9 uma hist\u00f3ria comovente de reden\u00e7\u00e3o e amor incondicional. Um filho decide deixar a casa de seu pai, desperdi\u00e7a sua heran\u00e7a em uma vida de excessos e, eventualmente, retorna arrependido. Ao inv\u00e9s de condena\u00e7\u00e3o, o pai o recebe de bra\u00e7os abertos, celebrando a transforma\u00e7\u00e3o do filho perdido.<\/p>\n\n\n\n<p class=\"wp-block-paragraph\">Esta hist\u00f3ria serve como uma anedota poderosa sobre a natureza compassiva da f\u00e9, destacando a capacidade de renova\u00e7\u00e3o e perd\u00e3o que est\u00e1 no cerne da cren\u00e7a. Independentemente das escolhas passadas, a f\u00e9 oferece uma jornada de retorno, restaura\u00e7\u00e3o e aceita\u00e7\u00e3o incondicional.<\/p>\n\n\n\n<h2 class=\"wp-block-heading\">A Hist\u00f3ria de J\u00f3: F\u00e9 em Meio \u00e0 Adversidade<\/h2>\n\n\n\n<p class=\"wp-block-paragraph\">A hist\u00f3ria de J\u00f3 \u00e9 um relato de f\u00e9 testada em meio \u00e0 adversidade. J\u00f3, um homem justo, enfrentou perdas devastadoras, incluindo a morte de seus filhos, a ru\u00edna financeira e a enfermidade. Apesar de tudo, ele permaneceu fiel a Deus, recusando-se a amaldi\u00e7o\u00e1-Lo. No final, sua f\u00e9 foi recompensada com restaura\u00e7\u00e3o e b\u00ean\u00e7\u00e3os multiplicadas.<\/p>\n\n\n\n<p class=\"wp-block-paragraph\">A hist\u00f3ria de J\u00f3 ressoa como uma anedota de perseveran\u00e7a e confian\u00e7a mesmo em momentos de profundo sofrimento. Ela nos lembra que a f\u00e9 n\u00e3o \u00e9 uma imunidade contra a dor, mas uma fonte de for\u00e7a que nos capacita a enfrentar as tempestades da vida com esperan\u00e7a e resili\u00eancia.<\/p>\n\n\n\n<h2 class=\"wp-block-heading\">Hist\u00f3ria B\u00edblicas e inspira\u00e7\u00f5es<\/h2>\n\n\n\n<p class=\"wp-block-paragraph\">As hist\u00f3rias b\u00edblicas e as anedotas que delas emanam s\u00e3o uma fonte eterna de inspira\u00e7\u00e3o para aqueles que buscam fortalecer sua f\u00e9. Elas oferecem li\u00e7\u00f5es intemporais sobre confian\u00e7a, coragem, perd\u00e3o e resili\u00eancia.&nbsp;<\/p>\n\n\n\n<p class=\"wp-block-paragraph\">Ao refletir sobre essas narrativas, somos convidados a encontrar paralelos em nossas pr\u00f3prias vidas, buscando inspira\u00e7\u00e3o para enfrentar desafios com a mesma f\u00e9 inabal\u00e1vel que caracteriza as figuras b\u00edblicas. Que essas hist\u00f3rias continuem a elevar a f\u00e9 de gera\u00e7\u00e3o em gera\u00e7\u00e3o, servindo como far\u00f3is de esperan\u00e7a em um mundo muitas vezes desafiador.<\/p>\n\n\n\n<p class=\"wp-block-paragraph\"><strong>Voir aussi\u00a0: <a href=\"https:\/\/www.oracaoefe.com\/fr\/biblia-e-o-livro-mais-antigo-do-mundo-veja-as-informacoes\/\">B\u00edblia \u00e9 o livro mais antigo do mundo; veja as informa\u00e7\u00f5es<\/a><\/strong><\/p>\n\n\n\n<p class=\"wp-block-paragraph\">3 de janeiro de 2024<\/p>","protected":false},"excerpt":{"rendered":"<p>A B\u00edblia, um tesouro de narrativas sagradas, \u00e9 uma fonte inesgot\u00e1vel de inspira\u00e7\u00e3o e sabedoria para milh\u00f5es de pessoas ao redor do mundo. Suas hist\u00f3rias transcendem o tempo, oferecendo orienta\u00e7\u00e3o espiritual e fortalecendo a f\u00e9 daqueles que buscam conex\u00e3o com algo divino.&nbsp; A Jornada de Abra\u00e3o: Um Exemplo de F\u00e9 Inabal\u00e1vel A hist\u00f3ria de Abra\u00e3o&hellip;&nbsp;<\/p>","protected":false},"author":3,"featured_media":2499,"comment_status":"closed","ping_status":"closed","sticky":false,"template":"","format":"standard","meta":{"neve_meta_sidebar":"","neve_meta_container":"","neve_meta_enable_content_width":"","neve_meta_content_width":0,"neve_meta_title_alignment":"","neve_meta_author_avatar":"","neve_post_elements_order":"","neve_meta_disable_header":"","neve_meta_disable_footer":"","neve_meta_disable_title":"","footnotes":""},"categories":[3],"tags":[],"class_list":["post-2498","post","type-post","status-publish","format-standard","has-post-thumbnail","hentry","category-fe"],"yoast_head":"<!-- This site is optimized with the Yoast SEO plugin v28.4 - https:\/\/yoast.com\/product\/yoast-seo-wordpress\/ -->\n<title>Fortalecendo a Cren\u00e7a: Hist\u00f3rias B\u00edblicas e Anedotas que Elevam a F\u00e9 - Ora\u00e7\u00e3o e F\u00e9<\/title>\n<meta name=\"description\" content=\"Deus tem pra voc\u00ea uma palavra de vida!\" \/>\n<meta name=\"robots\" content=\"index, follow, max-snippet:-1, max-image-preview:large, max-video-preview:-1\" \/>\n<link rel=\"canonical\" href=\"https:\/\/www.oracaoefe.com\/fr\/fortalecendo-a-crenca-historias-biblicas-e-anedotas-que-elevam-a-fe\/\" \/>\n<meta property=\"og:locale\" content=\"fr_FR\" \/>\n<meta property=\"og:type\" content=\"article\" \/>\n<meta property=\"og:title\" content=\"Fortalecendo a Cren\u00e7a: Hist\u00f3rias B\u00edblicas e Anedotas que Elevam a F\u00e9 - Ora\u00e7\u00e3o e F\u00e9\" \/>\n<meta property=\"og:description\" content=\"Deus tem pra voc\u00ea uma palavra de vida!\" \/>\n<meta property=\"og:url\" content=\"https:\/\/www.oracaoefe.com\/fr\/fortalecendo-a-crenca-historias-biblicas-e-anedotas-que-elevam-a-fe\/\" \/>\n<meta property=\"og:site_name\" content=\"Ora\u00e7\u00e3o e F\u00e9\" \/>\n<meta property=\"article:published_time\" content=\"2024-01-03T04:00:00+00:00\" \/>\n<meta property=\"og:image\" content=\"https:\/\/www.oracaoefe.com\/wp-content\/uploads\/2024\/01\/image-1.png\" \/>\n\t<meta property=\"og:image:width\" content=\"1280\" \/>\n\t<meta property=\"og:image:height\" content=\"853\" \/>\n\t<meta property=\"og:image:type\" content=\"image\/png\" \/>\n<meta name=\"author\" content=\"Michele Azevedo\" \/>\n<meta name=\"twitter:card\" content=\"summary_large_image\" \/>\n<meta name=\"twitter:label1\" content=\"\u00c9crit par\" \/>\n\t<meta name=\"twitter:data1\" content=\"Michele Azevedo\" \/>\n\t<meta name=\"twitter:label2\" content=\"Dur\u00e9e de lecture estim\u00e9e\" \/>\n\t<meta name=\"twitter:data2\" content=\"3 minutes\" \/>\n<script type=\"application\/ld+json\" class=\"yoast-schema-graph\">{\"@context\":\"https:\\\/\\\/schema.org\",\"@graph\":[{\"@type\":\"Article\",\"@id\":\"https:\\\/\\\/www.oracaoefe.com\\\/fortalecendo-a-crenca-historias-biblicas-e-anedotas-que-elevam-a-fe\\\/#article\",\"isPartOf\":{\"@id\":\"https:\\\/\\\/www.oracaoefe.com\\\/fortalecendo-a-crenca-historias-biblicas-e-anedotas-que-elevam-a-fe\\\/\"},\"author\":{\"name\":\"Michele Azevedo\",\"@id\":\"https:\\\/\\\/www.oracaoefe.com\\\/#\\\/schema\\\/person\\\/17283c669442cf005c4d5bb58adfb7f5\"},\"headline\":\"Fortalecendo a Cren\u00e7a: Hist\u00f3rias B\u00edblicas e Anedotas que Elevam a F\u00e9\",\"datePublished\":\"2024-01-03T04:00:00+00:00\",\"mainEntityOfPage\":{\"@id\":\"https:\\\/\\\/www.oracaoefe.com\\\/fortalecendo-a-crenca-historias-biblicas-e-anedotas-que-elevam-a-fe\\\/\"},\"wordCount\":692,\"image\":{\"@id\":\"https:\\\/\\\/www.oracaoefe.com\\\/fortalecendo-a-crenca-historias-biblicas-e-anedotas-que-elevam-a-fe\\\/#primaryimage\"},\"thumbnailUrl\":\"https:\\\/\\\/www.oracaoefe.com\\\/wp-content\\\/uploads\\\/2024\\\/01\\\/image-1.png\",\"articleSection\":[\"F\u00e9\"],\"inLanguage\":\"fr-FR\"},{\"@type\":\"WebPage\",\"@id\":\"https:\\\/\\\/www.oracaoefe.com\\\/fortalecendo-a-crenca-historias-biblicas-e-anedotas-que-elevam-a-fe\\\/\",\"url\":\"https:\\\/\\\/www.oracaoefe.com\\\/fortalecendo-a-crenca-historias-biblicas-e-anedotas-que-elevam-a-fe\\\/\",\"name\":\"Fortalecendo a Cren\u00e7a: Hist\u00f3rias B\u00edblicas e Anedotas que Elevam a F\u00e9 - Ora\u00e7\u00e3o e F\u00e9\",\"isPartOf\":{\"@id\":\"https:\\\/\\\/www.oracaoefe.com\\\/#website\"},\"primaryImageOfPage\":{\"@id\":\"https:\\\/\\\/www.oracaoefe.com\\\/fortalecendo-a-crenca-historias-biblicas-e-anedotas-que-elevam-a-fe\\\/#primaryimage\"},\"image\":{\"@id\":\"https:\\\/\\\/www.oracaoefe.com\\\/fortalecendo-a-crenca-historias-biblicas-e-anedotas-que-elevam-a-fe\\\/#primaryimage\"},\"thumbnailUrl\":\"https:\\\/\\\/www.oracaoefe.com\\\/wp-content\\\/uploads\\\/2024\\\/01\\\/image-1.png\",\"datePublished\":\"2024-01-03T04:00:00+00:00\",\"author\":{\"@id\":\"https:\\\/\\\/www.oracaoefe.com\\\/#\\\/schema\\\/person\\\/17283c669442cf005c4d5bb58adfb7f5\"},\"description\":\"Deus tem pra voc\u00ea uma palavra de vida!\",\"breadcrumb\":{\"@id\":\"https:\\\/\\\/www.oracaoefe.com\\\/fortalecendo-a-crenca-historias-biblicas-e-anedotas-que-elevam-a-fe\\\/#breadcrumb\"},\"inLanguage\":\"fr-FR\",\"potentialAction\":[{\"@type\":\"ReadAction\",\"target\":[\"https:\\\/\\\/www.oracaoefe.com\\\/fortalecendo-a-crenca-historias-biblicas-e-anedotas-que-elevam-a-fe\\\/\"]}]},{\"@type\":\"ImageObject\",\"inLanguage\":\"fr-FR\",\"@id\":\"https:\\\/\\\/www.oracaoefe.com\\\/fortalecendo-a-crenca-historias-biblicas-e-anedotas-que-elevam-a-fe\\\/#primaryimage\",\"url\":\"https:\\\/\\\/www.oracaoefe.com\\\/wp-content\\\/uploads\\\/2024\\\/01\\\/image-1.png\",\"contentUrl\":\"https:\\\/\\\/www.oracaoefe.com\\\/wp-content\\\/uploads\\\/2024\\\/01\\\/image-1.png\",\"width\":1280,\"height\":853},{\"@type\":\"BreadcrumbList\",\"@id\":\"https:\\\/\\\/www.oracaoefe.com\\\/fortalecendo-a-crenca-historias-biblicas-e-anedotas-que-elevam-a-fe\\\/#breadcrumb\",\"itemListElement\":[{\"@type\":\"ListItem\",\"position\":1,\"name\":\"Home\",\"item\":\"https:\\\/\\\/www.oracaoefe.com\\\/\"},{\"@type\":\"ListItem\",\"position\":2,\"name\":\"F\u00e9\",\"item\":\"https:\\\/\\\/www.oracaoefe.com\\\/es\\\/categoria\\\/fe\\\/\"},{\"@type\":\"ListItem\",\"position\":3,\"name\":\"Fortalecendo a Cren\u00e7a: Hist\u00f3rias B\u00edblicas e Anedotas que Elevam a F\u00e9\"}]},{\"@type\":\"WebSite\",\"@id\":\"https:\\\/\\\/www.oracaoefe.com\\\/#website\",\"url\":\"https:\\\/\\\/www.oracaoefe.com\\\/\",\"name\":\"Ora\u00e7\u00e3o e F\u00e9\",\"description\":\"\",\"potentialAction\":[{\"@type\":\"SearchAction\",\"target\":{\"@type\":\"EntryPoint\",\"urlTemplate\":\"https:\\\/\\\/www.oracaoefe.com\\\/?s={search_term_string}\"},\"query-input\":{\"@type\":\"PropertyValueSpecification\",\"valueRequired\":true,\"valueName\":\"search_term_string\"}}],\"inLanguage\":\"fr-FR\"},{\"@type\":\"Person\",\"@id\":\"https:\\\/\\\/www.oracaoefe.com\\\/#\\\/schema\\\/person\\\/17283c669442cf005c4d5bb58adfb7f5\",\"name\":\"Michele Azevedo\",\"image\":{\"@type\":\"ImageObject\",\"inLanguage\":\"fr-FR\",\"@id\":\"https:\\\/\\\/secure.gravatar.com\\\/avatar\\\/6b0eb9d22841282815e2cd856a0061c45e1761cd54b22e952d98c4746939aa85?s=96&d=mm&r=g\",\"url\":\"https:\\\/\\\/secure.gravatar.com\\\/avatar\\\/6b0eb9d22841282815e2cd856a0061c45e1761cd54b22e952d98c4746939aa85?s=96&d=mm&r=g\",\"contentUrl\":\"https:\\\/\\\/secure.gravatar.com\\\/avatar\\\/6b0eb9d22841282815e2cd856a0061c45e1761cd54b22e952d98c4746939aa85?s=96&d=mm&r=g\",\"caption\":\"Michele Azevedo\"},\"description\":\"Formada em Letras - Portugu\u00eas\\\/ Ingl\u00eas pela Universidade Estadual de Ponta Grossa (UEPG), p\u00f3s-graduada em Arte na Educa\u00e7\u00e3o (FAPI) e Psicopedagogia Escolar (FAPI), idealizadora e propriet\u00e1ria do site Escritora de Sucesso, possui experi\u00eancia em escrita para blogs em geral e atua como redatora e revisora dos conte\u00fados do Ora\u00e7\u00e3o e F\u00e9.\",\"url\":\"https:\\\/\\\/www.oracaoefe.com\\\/fr\\\/author\\\/michele-azevedo\\\/\"}]}<\/script>\n<!-- \/ Yoast SEO plugin. -->","yoast_head_json":{"title":"Fortalecendo a Cren\u00e7a: Hist\u00f3rias B\u00edblicas e Anedotas que Elevam a F\u00e9 - Ora\u00e7\u00e3o e F\u00e9","description":"Dieu a une parole de vie pour vous !","robots":{"index":"index","follow":"follow","max-snippet":"max-snippet:-1","max-image-preview":"max-image-preview:large","max-video-preview":"max-video-preview:-1"},"canonical":"https:\/\/www.oracaoefe.com\/fr\/fortalecendo-a-crenca-historias-biblicas-e-anedotas-que-elevam-a-fe\/","og_locale":"fr_FR","og_type":"article","og_title":"Fortalecendo a Cren\u00e7a: Hist\u00f3rias B\u00edblicas e Anedotas que Elevam a F\u00e9 - Ora\u00e7\u00e3o e F\u00e9","og_description":"Deus tem pra voc\u00ea uma palavra de vida!","og_url":"https:\/\/www.oracaoefe.com\/fr\/fortalecendo-a-crenca-historias-biblicas-e-anedotas-que-elevam-a-fe\/","og_site_name":"Ora\u00e7\u00e3o e F\u00e9","article_published_time":"2024-01-03T04:00:00+00:00","og_image":[{"width":1280,"height":853,"url":"https:\/\/www.oracaoefe.com\/wp-content\/uploads\/2024\/01\/image-1.png","type":"image\/png"}],"author":"Michele Azevedo","twitter_card":"summary_large_image","twitter_misc":{"\u00c9crit par":"Michele Azevedo","Dur\u00e9e de lecture estim\u00e9e":"3 minutes"},"schema":{"@context":"https:\/\/schema.org","@graph":[{"@type":"Article","@id":"https:\/\/www.oracaoefe.com\/fortalecendo-a-crenca-historias-biblicas-e-anedotas-que-elevam-a-fe\/#article","isPartOf":{"@id":"https:\/\/www.oracaoefe.com\/fortalecendo-a-crenca-historias-biblicas-e-anedotas-que-elevam-a-fe\/"},"author":{"name":"Michele Azevedo","@id":"https:\/\/www.oracaoefe.com\/#\/schema\/person\/17283c669442cf005c4d5bb58adfb7f5"},"headline":"Fortalecendo a Cren\u00e7a: Hist\u00f3rias B\u00edblicas e Anedotas que Elevam a F\u00e9","datePublished":"2024-01-03T04:00:00+00:00","mainEntityOfPage":{"@id":"https:\/\/www.oracaoefe.com\/fortalecendo-a-crenca-historias-biblicas-e-anedotas-que-elevam-a-fe\/"},"wordCount":692,"image":{"@id":"https:\/\/www.oracaoefe.com\/fortalecendo-a-crenca-historias-biblicas-e-anedotas-que-elevam-a-fe\/#primaryimage"},"thumbnailUrl":"https:\/\/www.oracaoefe.com\/wp-content\/uploads\/2024\/01\/image-1.png","articleSection":["F\u00e9"],"inLanguage":"fr-FR"},{"@type":"WebPage","@id":"https:\/\/www.oracaoefe.com\/fortalecendo-a-crenca-historias-biblicas-e-anedotas-que-elevam-a-fe\/","url":"https:\/\/www.oracaoefe.com\/fortalecendo-a-crenca-historias-biblicas-e-anedotas-que-elevam-a-fe\/","name":"Fortalecendo a Cren\u00e7a: Hist\u00f3rias B\u00edblicas e Anedotas que Elevam a F\u00e9 - Ora\u00e7\u00e3o e F\u00e9","isPartOf":{"@id":"https:\/\/www.oracaoefe.com\/#website"},"primaryImageOfPage":{"@id":"https:\/\/www.oracaoefe.com\/fortalecendo-a-crenca-historias-biblicas-e-anedotas-que-elevam-a-fe\/#primaryimage"},"image":{"@id":"https:\/\/www.oracaoefe.com\/fortalecendo-a-crenca-historias-biblicas-e-anedotas-que-elevam-a-fe\/#primaryimage"},"thumbnailUrl":"https:\/\/www.oracaoefe.com\/wp-content\/uploads\/2024\/01\/image-1.png","datePublished":"2024-01-03T04:00:00+00:00","author":{"@id":"https:\/\/www.oracaoefe.com\/#\/schema\/person\/17283c669442cf005c4d5bb58adfb7f5"},"description":"Dieu a une parole de vie pour vous !","breadcrumb":{"@id":"https:\/\/www.oracaoefe.com\/fortalecendo-a-crenca-historias-biblicas-e-anedotas-que-elevam-a-fe\/#breadcrumb"},"inLanguage":"fr-FR","potentialAction":[{"@type":"ReadAction","target":["https:\/\/www.oracaoefe.com\/fortalecendo-a-crenca-historias-biblicas-e-anedotas-que-elevam-a-fe\/"]}]},{"@type":"ImageObject","inLanguage":"fr-FR","@id":"https:\/\/www.oracaoefe.com\/fortalecendo-a-crenca-historias-biblicas-e-anedotas-que-elevam-a-fe\/#primaryimage","url":"https:\/\/www.oracaoefe.com\/wp-content\/uploads\/2024\/01\/image-1.png","contentUrl":"https:\/\/www.oracaoefe.com\/wp-content\/uploads\/2024\/01\/image-1.png","width":1280,"height":853},{"@type":"BreadcrumbList","@id":"https:\/\/www.oracaoefe.com\/fortalecendo-a-crenca-historias-biblicas-e-anedotas-que-elevam-a-fe\/#breadcrumb","itemListElement":[{"@type":"ListItem","position":1,"name":"Home","item":"https:\/\/www.oracaoefe.com\/"},{"@type":"ListItem","position":2,"name":"F\u00e9","item":"https:\/\/www.oracaoefe.com\/es\/categoria\/fe\/"},{"@type":"ListItem","position":3,"name":"Fortalecendo a Cren\u00e7a: Hist\u00f3rias B\u00edblicas e Anedotas que Elevam a F\u00e9"}]},{"@type":"WebSite","@id":"https:\/\/www.oracaoefe.com\/#website","url":"https:\/\/www.oracaoefe.com\/","name":"Pri\u00e8re et foi","description":"","potentialAction":[{"@type":"SearchAction","target":{"@type":"EntryPoint","urlTemplate":"https:\/\/www.oracaoefe.com\/?s={search_term_string}"},"query-input":{"@type":"PropertyValueSpecification","valueRequired":true,"valueName":"search_term_string"}}],"inLanguage":"fr-FR"},{"@type":"Person","@id":"https:\/\/www.oracaoefe.com\/#\/schema\/person\/17283c669442cf005c4d5bb58adfb7f5","name":"Michele Azevedo","image":{"@type":"ImageObject","inLanguage":"fr-FR","@id":"https:\/\/secure.gravatar.com\/avatar\/6b0eb9d22841282815e2cd856a0061c45e1761cd54b22e952d98c4746939aa85?s=96&d=mm&r=g","url":"https:\/\/secure.gravatar.com\/avatar\/6b0eb9d22841282815e2cd856a0061c45e1761cd54b22e952d98c4746939aa85?s=96&d=mm&r=g","contentUrl":"https:\/\/secure.gravatar.com\/avatar\/6b0eb9d22841282815e2cd856a0061c45e1761cd54b22e952d98c4746939aa85?s=96&d=mm&r=g","caption":"Michele Azevedo"},"description":"Dipl\u00f4m\u00e9e en litt\u00e9rature portugaise\/anglaise de l&#039;Universit\u00e9 d&#039;\u00c9tat de Ponta Grossa (UEPG), avec des dipl\u00f4mes de troisi\u00e8me cycle en art dans l&#039;\u00e9ducation (FAPI) et en psychop\u00e9dagogie scolaire (FAPI), elle est la cr\u00e9atrice et propri\u00e9taire du site web Escritora de Sucesso, a de l&#039;exp\u00e9rience dans l&#039;\u00e9criture pour les blogs en g\u00e9n\u00e9ral et travaille comme r\u00e9dactrice et \u00e9ditrice du contenu pour Ora\u00e7\u00e3o e F\u00e9.","url":"https:\/\/www.oracaoefe.com\/fr\/author\/michele-azevedo\/"}]}},"_links":{"self":[{"href":"https:\/\/www.oracaoefe.com\/fr\/wp-json\/wp\/v2\/posts\/2498","targetHints":{"allow":["GET"]}}],"collection":[{"href":"https:\/\/www.oracaoefe.com\/fr\/wp-json\/wp\/v2\/posts"}],"about":[{"href":"https:\/\/www.oracaoefe.com\/fr\/wp-json\/wp\/v2\/types\/post"}],"author":[{"embeddable":true,"href":"https:\/\/www.oracaoefe.com\/fr\/wp-json\/wp\/v2\/users\/3"}],"replies":[{"embeddable":true,"href":"https:\/\/www.oracaoefe.com\/fr\/wp-json\/wp\/v2\/comments?post=2498"}],"version-history":[{"count":1,"href":"https:\/\/www.oracaoefe.com\/fr\/wp-json\/wp\/v2\/posts\/2498\/revisions"}],"predecessor-version":[{"id":2500,"href":"https:\/\/www.oracaoefe.com\/fr\/wp-json\/wp\/v2\/posts\/2498\/revisions\/2500"}],"wp:featuredmedia":[{"embeddable":true,"href":"https:\/\/www.oracaoefe.com\/fr\/wp-json\/wp\/v2\/media\/2499"}],"wp:attachment":[{"href":"https:\/\/www.oracaoefe.com\/fr\/wp-json\/wp\/v2\/media?parent=2498"}],"wp:term":[{"taxonomy":"category","embeddable":true,"href":"https:\/\/www.oracaoefe.com\/fr\/wp-json\/wp\/v2\/categories?post=2498"},{"taxonomy":"post_tag","embeddable":true,"href":"https:\/\/www.oracaoefe.com\/fr\/wp-json\/wp\/v2\/tags?post=2498"}],"curies":[{"name":"wp","href":"https:\/\/api.w.org\/{rel}","templated":true}]}}