{"id":2491,"date":"2023-12-25T21:40:52","date_gmt":"2023-12-26T00:40:52","guid":{"rendered":"https:\/\/www.oracaoefe.com\/?p=2491"},"modified":"2025-06-15T15:17:27","modified_gmt":"2025-06-15T18:17:27","slug":"palavras-que-transformam-reflexoes-diarias-para-uma-vida-mais-abundante","status":"publish","type":"post","link":"https:\/\/www.oracaoefe.com\/fr\/palavras-que-transformam-reflexoes-diarias-para-uma-vida-mais-abundante\/","title":{"rendered":"Palavras que Transformam: Reflex\u00f5es Di\u00e1rias para uma Vida Mais Abundante"},"content":{"rendered":"<p class=\"wp-block-paragraph\">Em um mundo movido pelo constante fluxo de informa\u00e7\u00f5es e desafios di\u00e1rios, muitas vezes esquecemos o poder transformador que as palavras possuem. Desde tempos imemoriais, a linguagem tem sido uma ferramenta poderosa para moldar pensamentos, influenciar a\u00e7\u00f5es e, acima de tudo, transformar vidas. Neste conte\u00fado, mergulharemos nas profundezas das palavras que inspiram, motivam e elevam, explorando reflex\u00f5es di\u00e1rias que podem guiar-nos para uma vida mais abundante e significativa.<\/p>\n\n\n\n<h2 class=\"wp-block-heading\">Reflex\u00f5es Di\u00e1rias para uma Vida Mais Abundante<\/h2>\n\n\n\n<p class=\"wp-block-paragraph\">Em meio \u00e0 correria fren\u00e9tica do cotidiano, muitas vezes nos perdemos nas demandas incessantes da vida moderna. Em um mundo que valoriza a velocidade, \u00e9 f\u00e1cil esquecer a import\u00e2ncia de pausar, respirar fundo e refletir sobre o caminho que estamos trilhando. Este blog \u00e9 um convite para uma jornada interior, um espa\u00e7o dedicado \u00e0 contempla\u00e7\u00e3o di\u00e1ria e reflex\u00f5es que t\u00eam o poder de moldar a qualidade da nossa exist\u00eancia.<\/p>\n\n\n\n<h3 class=\"wp-block-heading\">1. Gratid\u00e3o como Alicerce<\/h3>\n\n\n\n<p class=\"wp-block-paragraph\">A primeira palavra que merece nossa aten\u00e7\u00e3o \u00e9 &#8220;gratid\u00e3o&#8221;. Cultivar um cora\u00e7\u00e3o agradecido \u00e9 o alicerce para uma vida mais abundante. Ao reconhecer as b\u00ean\u00e7\u00e3os que cercam nossas vidas diariamente, desenvolvemos uma perspectiva positiva que nos capacita a superar desafios com resili\u00eancia. Palavras de gratid\u00e3o n\u00e3o apenas transformam nossos pensamentos, mas tamb\u00e9m influenciam nossas intera\u00e7\u00f5es di\u00e1rias, tornando-as mais ricas e significativas.<\/p>\n\n\n\n<p class=\"wp-block-paragraph\">A f\u00e9, como uma for\u00e7a motriz poderosa, tem a capacidade singular de guiar-nos atrav\u00e9s do caminho sinuoso da vida, e a gratid\u00e3o emerge como uma express\u00e3o palp\u00e1vel dessa jornada espiritual. Ao cultivar a f\u00e9, encontramos uma base s\u00f3lida que transcende as incertezas cotidianas, proporcionando uma perspectiva mais ampla e esperan\u00e7osa.<\/p>\n\n\n\n<h3 class=\"wp-block-heading\">2. Resili\u00eancia<\/h3>\n\n\n\n<p class=\"wp-block-paragraph\">Em meio \u00e0s tempestades da vida, a palavra &#8220;resili\u00eancia&#8221; se destaca como um farol que guia nosso caminho. Reflete a capacidade de nos adaptarmos e crescermos diante das adversidades. Palavras que ressoam com for\u00e7a interior e determina\u00e7\u00e3o s\u00e3o essenciais para enfrentar desafios. Ao incorporar a resili\u00eancia em nosso vocabul\u00e1rio interno, constru\u00edmos uma mentalidade que nos impulsiona a alcan\u00e7ar nossos objetivos, independentemente das circunst\u00e2ncias.<\/p>\n\n\n\n<p class=\"wp-block-paragraph\">A resili\u00eancia, alimentada pela f\u00e9, n\u00e3o se trata apenas de resistir passivamente \u00e0s adversidades, mas de florescer mesmo nas condi\u00e7\u00f5es mais desafiadoras. A f\u00e9 fornece a for\u00e7a espiritual necess\u00e1ria para superar obst\u00e1culos, transformando as crises em oportunidades de crescimento. Acreditar que cada desafio \u00e9 uma parte do plano divino instila um sentido de prop\u00f3sito que impulsiona a resili\u00eancia.<\/p>\n\n\n\n<figure class=\"wp-block-image size-large\"><img loading=\"lazy\" decoding=\"async\" width=\"1024\" height=\"580\" src=\"https:\/\/www.oracaoefe.com\/wp-content\/uploads\/2023\/12\/image-4-1024x580.png\" alt=\"\" class=\"wp-image-2492\" srcset=\"https:\/\/www.oracaoefe.com\/wp-content\/uploads\/2023\/12\/image-4-1024x580.png 1024w, https:\/\/www.oracaoefe.com\/wp-content\/uploads\/2023\/12\/image-4-300x170.png 300w, https:\/\/www.oracaoefe.com\/wp-content\/uploads\/2023\/12\/image-4-768x435.png 768w, https:\/\/www.oracaoefe.com\/wp-content\/uploads\/2023\/12\/image-4-18x10.png 18w, https:\/\/www.oracaoefe.com\/wp-content\/uploads\/2023\/12\/image-4.png 1280w\" sizes=\"auto, (max-width: 1024px) 100vw, 1024px\" \/><\/figure>\n\n\n\n<h3 class=\"wp-block-heading\">3. Empatia<\/h3>\n\n\n\n<p class=\"wp-block-paragraph\">A empatia, muitas vezes expressa atrav\u00e9s de palavras gentis e compreensivas, \u00e9 um elemento crucial para uma vida abundante. Ao nos colocarmos no lugar dos outros, criamos conex\u00f5es mais profundas e significativas. As palavras de apoio e compreens\u00e3o n\u00e3o s\u00f3 fortalecem relacionamentos, mas tamb\u00e9m contribuem para a constru\u00e7\u00e3o de uma sociedade mais compassiva e solid\u00e1ria.<\/p>\n\n\n\n<p class=\"wp-block-paragraph\">A empatia, sob a orienta\u00e7\u00e3o da f\u00e9, transcende barreiras e estabelece conex\u00f5es profundas. A compreens\u00e3o de que todos compartilhamos uma jornada espiritual comum torna-se a for\u00e7a propulsora para agirmos com bondade e compaix\u00e3o. A f\u00e9, ao orientar-nos para um entendimento mais profundo da humanidade, transforma a empatia de um simples ato de compreens\u00e3o em uma manifesta\u00e7\u00e3o tang\u00edvel do amor divino.<\/p>\n\n\n\n<h3 class=\"wp-block-heading\">4. Autenticidade<\/h3>\n\n\n\n<p class=\"wp-block-paragraph\">&#8220;Autenticidade&#8221; \u00e9 uma palavra que convida \u00e0 reflex\u00e3o sobre a import\u00e2ncia de sermos verdadeiros conosco mesmos e com os outros. Palavras aut\u00eanticas t\u00eam o poder de criar la\u00e7os genu\u00ednos e nutrir relacionamentos baseados na confian\u00e7a. Ao comunicarmos nossas verdadeiras inten\u00e7\u00f5es e emo\u00e7\u00f5es, constru\u00edmos uma base s\u00f3lida para uma vida plena e aut\u00eantica.<\/p>\n\n\n\n<p class=\"wp-block-paragraph\">A autenticidade, quando guiada pela f\u00e9, transcende as m\u00e1scaras sociais e as expectativas externas. A convic\u00e7\u00e3o de que somos aceitos e amados pelo divino nos liberta para viver uma vida verdadeira e genu\u00edna. A f\u00e9 age como um catalisador para a coragem de sermos n\u00f3s mesmos, sem reservas. Ao aceitarmos nossa autenticidade, honramos a obra divina que somos, contribuindo para um mundo onde a autenticidade \u00e9 n\u00e3o apenas valorizada, mas celebrada como uma manifesta\u00e7\u00e3o da beleza divina em cada ser humano.<\/p>\n\n\n\n<h2 class=\"wp-block-heading\">Transforme tudo ao seu redor<\/h2>\n\n\n\n<p class=\"wp-block-paragraph\">Em cada palavra que escolhemos, reside o potencial de transformar n\u00e3o apenas nossas vidas, mas tamb\u00e9m as vidas daqueles ao nosso redor. As palavras que cultivamos em nosso vocabul\u00e1rio di\u00e1rio tornam-se as sementes que germinam em pensamentos, a\u00e7\u00f5es e, por fim, em destinos. Ao incorporar a gratid\u00e3o, resili\u00eancia, empatia e autenticidade em nossa linguagem, pavimentamos o caminho para uma vida mais abundante e significativa. Que cada palavra que escolhamos seja um reflexo do poder transformador que reside dentro de n\u00f3s.<\/p>\n\n\n\n<p class=\"wp-block-paragraph\"><strong>Voir aussi\u00a0: <a href=\"https:\/\/www.oracaoefe.com\/fr\/a-transformadora-palavra-de-vida-reflexoes-profundas-para-o-cristao-catolico\/\">A Transformadora Palavra de Vida: Reflex\u00f5es Profundas para o Crist\u00e3o Cat\u00f3lico<\/a><\/strong><\/p>\n\n\n\n<p class=\"wp-block-paragraph\">25 de dezembro de 2023<\/p>","protected":false},"excerpt":{"rendered":"<p>Em um mundo movido pelo constante fluxo de informa\u00e7\u00f5es e desafios di\u00e1rios, muitas vezes esquecemos o poder transformador que as palavras possuem. Desde tempos imemoriais, a linguagem tem sido uma ferramenta poderosa para moldar pensamentos, influenciar a\u00e7\u00f5es e, acima de tudo, transformar vidas. Neste conte\u00fado, mergulharemos nas profundezas das palavras que inspiram, motivam e elevam,&hellip;&nbsp;<\/p>","protected":false},"author":3,"featured_media":2492,"comment_status":"closed","ping_status":"closed","sticky":false,"template":"","format":"standard","meta":{"neve_meta_sidebar":"","neve_meta_container":"","neve_meta_enable_content_width":"","neve_meta_content_width":0,"neve_meta_title_alignment":"","neve_meta_author_avatar":"","neve_post_elements_order":"","neve_meta_disable_header":"","neve_meta_disable_footer":"","neve_meta_disable_title":"","footnotes":""},"categories":[3],"tags":[],"class_list":["post-2491","post","type-post","status-publish","format-standard","has-post-thumbnail","hentry","category-fe"],"yoast_head":"<!-- This site is optimized with the Yoast SEO plugin v28.4 - https:\/\/yoast.com\/product\/yoast-seo-wordpress\/ -->\n<title>Palavras que Transformam: Reflex\u00f5es Di\u00e1rias para uma Vida Mais Abundante - Ora\u00e7\u00e3o e F\u00e9<\/title>\n<meta name=\"description\" content=\"Deus tem pra voc\u00ea uma palavra de vida!\" \/>\n<meta name=\"robots\" content=\"index, follow, max-snippet:-1, max-image-preview:large, max-video-preview:-1\" \/>\n<link rel=\"canonical\" href=\"https:\/\/www.oracaoefe.com\/fr\/palavras-que-transformam-reflexoes-diarias-para-uma-vida-mais-abundante\/\" \/>\n<meta property=\"og:locale\" content=\"fr_FR\" \/>\n<meta property=\"og:type\" content=\"article\" \/>\n<meta property=\"og:title\" content=\"Palavras que Transformam: Reflex\u00f5es Di\u00e1rias para uma Vida Mais Abundante - Ora\u00e7\u00e3o e F\u00e9\" \/>\n<meta property=\"og:description\" content=\"Deus tem pra voc\u00ea uma palavra de vida!\" \/>\n<meta property=\"og:url\" content=\"https:\/\/www.oracaoefe.com\/fr\/palavras-que-transformam-reflexoes-diarias-para-uma-vida-mais-abundante\/\" \/>\n<meta property=\"og:site_name\" content=\"Ora\u00e7\u00e3o e F\u00e9\" \/>\n<meta property=\"article:published_time\" content=\"2023-12-26T00:40:52+00:00\" \/>\n<meta property=\"article:modified_time\" content=\"2025-06-15T18:17:27+00:00\" \/>\n<meta property=\"og:image\" content=\"https:\/\/www.oracaoefe.com\/wp-content\/uploads\/2023\/12\/image-4.png\" \/>\n\t<meta property=\"og:image:width\" content=\"1280\" \/>\n\t<meta property=\"og:image:height\" content=\"725\" \/>\n\t<meta property=\"og:image:type\" content=\"image\/png\" \/>\n<meta name=\"author\" content=\"Michele Azevedo\" \/>\n<meta name=\"twitter:card\" content=\"summary_large_image\" \/>\n<meta name=\"twitter:label1\" content=\"\u00c9crit par\" \/>\n\t<meta name=\"twitter:data1\" content=\"Michele Azevedo\" \/>\n\t<meta name=\"twitter:label2\" content=\"Dur\u00e9e de lecture estim\u00e9e\" \/>\n\t<meta name=\"twitter:data2\" content=\"4 minutes\" \/>\n<script type=\"application\/ld+json\" class=\"yoast-schema-graph\">{\"@context\":\"https:\\\/\\\/schema.org\",\"@graph\":[{\"@type\":\"Article\",\"@id\":\"https:\\\/\\\/www.oracaoefe.com\\\/palavras-que-transformam-reflexoes-diarias-para-uma-vida-mais-abundante\\\/#article\",\"isPartOf\":{\"@id\":\"https:\\\/\\\/www.oracaoefe.com\\\/palavras-que-transformam-reflexoes-diarias-para-uma-vida-mais-abundante\\\/\"},\"author\":{\"name\":\"Michele Azevedo\",\"@id\":\"https:\\\/\\\/www.oracaoefe.com\\\/#\\\/schema\\\/person\\\/17283c669442cf005c4d5bb58adfb7f5\"},\"headline\":\"Palavras que Transformam: Reflex\u00f5es Di\u00e1rias para uma Vida Mais Abundante\",\"datePublished\":\"2023-12-26T00:40:52+00:00\",\"dateModified\":\"2025-06-15T18:17:27+00:00\",\"mainEntityOfPage\":{\"@id\":\"https:\\\/\\\/www.oracaoefe.com\\\/palavras-que-transformam-reflexoes-diarias-para-uma-vida-mais-abundante\\\/\"},\"wordCount\":831,\"image\":{\"@id\":\"https:\\\/\\\/www.oracaoefe.com\\\/palavras-que-transformam-reflexoes-diarias-para-uma-vida-mais-abundante\\\/#primaryimage\"},\"thumbnailUrl\":\"https:\\\/\\\/www.oracaoefe.com\\\/wp-content\\\/uploads\\\/2023\\\/12\\\/image-4.png\",\"articleSection\":[\"F\u00e9\"],\"inLanguage\":\"fr-FR\"},{\"@type\":\"WebPage\",\"@id\":\"https:\\\/\\\/www.oracaoefe.com\\\/palavras-que-transformam-reflexoes-diarias-para-uma-vida-mais-abundante\\\/\",\"url\":\"https:\\\/\\\/www.oracaoefe.com\\\/palavras-que-transformam-reflexoes-diarias-para-uma-vida-mais-abundante\\\/\",\"name\":\"Palavras que Transformam: Reflex\u00f5es Di\u00e1rias para uma Vida Mais Abundante - Ora\u00e7\u00e3o e F\u00e9\",\"isPartOf\":{\"@id\":\"https:\\\/\\\/www.oracaoefe.com\\\/#website\"},\"primaryImageOfPage\":{\"@id\":\"https:\\\/\\\/www.oracaoefe.com\\\/palavras-que-transformam-reflexoes-diarias-para-uma-vida-mais-abundante\\\/#primaryimage\"},\"image\":{\"@id\":\"https:\\\/\\\/www.oracaoefe.com\\\/palavras-que-transformam-reflexoes-diarias-para-uma-vida-mais-abundante\\\/#primaryimage\"},\"thumbnailUrl\":\"https:\\\/\\\/www.oracaoefe.com\\\/wp-content\\\/uploads\\\/2023\\\/12\\\/image-4.png\",\"datePublished\":\"2023-12-26T00:40:52+00:00\",\"dateModified\":\"2025-06-15T18:17:27+00:00\",\"author\":{\"@id\":\"https:\\\/\\\/www.oracaoefe.com\\\/#\\\/schema\\\/person\\\/17283c669442cf005c4d5bb58adfb7f5\"},\"description\":\"Deus tem pra voc\u00ea uma palavra de vida!\",\"breadcrumb\":{\"@id\":\"https:\\\/\\\/www.oracaoefe.com\\\/palavras-que-transformam-reflexoes-diarias-para-uma-vida-mais-abundante\\\/#breadcrumb\"},\"inLanguage\":\"fr-FR\",\"potentialAction\":[{\"@type\":\"ReadAction\",\"target\":[\"https:\\\/\\\/www.oracaoefe.com\\\/palavras-que-transformam-reflexoes-diarias-para-uma-vida-mais-abundante\\\/\"]}]},{\"@type\":\"ImageObject\",\"inLanguage\":\"fr-FR\",\"@id\":\"https:\\\/\\\/www.oracaoefe.com\\\/palavras-que-transformam-reflexoes-diarias-para-uma-vida-mais-abundante\\\/#primaryimage\",\"url\":\"https:\\\/\\\/www.oracaoefe.com\\\/wp-content\\\/uploads\\\/2023\\\/12\\\/image-4.png\",\"contentUrl\":\"https:\\\/\\\/www.oracaoefe.com\\\/wp-content\\\/uploads\\\/2023\\\/12\\\/image-4.png\",\"width\":1280,\"height\":725},{\"@type\":\"BreadcrumbList\",\"@id\":\"https:\\\/\\\/www.oracaoefe.com\\\/palavras-que-transformam-reflexoes-diarias-para-uma-vida-mais-abundante\\\/#breadcrumb\",\"itemListElement\":[{\"@type\":\"ListItem\",\"position\":1,\"name\":\"Home\",\"item\":\"https:\\\/\\\/www.oracaoefe.com\\\/\"},{\"@type\":\"ListItem\",\"position\":2,\"name\":\"Palavras que Transformam: Reflex\u00f5es Di\u00e1rias para uma Vida Mais Abundante\"}]},{\"@type\":\"WebSite\",\"@id\":\"https:\\\/\\\/www.oracaoefe.com\\\/#website\",\"url\":\"https:\\\/\\\/www.oracaoefe.com\\\/\",\"name\":\"Ora\u00e7\u00e3o e F\u00e9\",\"description\":\"\",\"potentialAction\":[{\"@type\":\"SearchAction\",\"target\":{\"@type\":\"EntryPoint\",\"urlTemplate\":\"https:\\\/\\\/www.oracaoefe.com\\\/?s={search_term_string}\"},\"query-input\":{\"@type\":\"PropertyValueSpecification\",\"valueRequired\":true,\"valueName\":\"search_term_string\"}}],\"inLanguage\":\"fr-FR\"},{\"@type\":\"Person\",\"@id\":\"https:\\\/\\\/www.oracaoefe.com\\\/#\\\/schema\\\/person\\\/17283c669442cf005c4d5bb58adfb7f5\",\"name\":\"Michele Azevedo\",\"image\":{\"@type\":\"ImageObject\",\"inLanguage\":\"fr-FR\",\"@id\":\"https:\\\/\\\/secure.gravatar.com\\\/avatar\\\/6b0eb9d22841282815e2cd856a0061c45e1761cd54b22e952d98c4746939aa85?s=96&d=mm&r=g\",\"url\":\"https:\\\/\\\/secure.gravatar.com\\\/avatar\\\/6b0eb9d22841282815e2cd856a0061c45e1761cd54b22e952d98c4746939aa85?s=96&d=mm&r=g\",\"contentUrl\":\"https:\\\/\\\/secure.gravatar.com\\\/avatar\\\/6b0eb9d22841282815e2cd856a0061c45e1761cd54b22e952d98c4746939aa85?s=96&d=mm&r=g\",\"caption\":\"Michele Azevedo\"},\"description\":\"Formada em Letras - Portugu\u00eas\\\/ Ingl\u00eas pela Universidade Estadual de Ponta Grossa (UEPG), p\u00f3s-graduada em Arte na Educa\u00e7\u00e3o (FAPI) e Psicopedagogia Escolar (FAPI), idealizadora e propriet\u00e1ria do site Escritora de Sucesso, possui experi\u00eancia em escrita para blogs em geral e atua como redatora e revisora dos conte\u00fados do Ora\u00e7\u00e3o e F\u00e9.\",\"url\":\"https:\\\/\\\/www.oracaoefe.com\\\/fr\\\/author\\\/michele-azevedo\\\/\"}]}<\/script>\n<!-- \/ Yoast SEO plugin. -->","yoast_head_json":{"title":"Palavras que Transformam: Reflex\u00f5es Di\u00e1rias para uma Vida Mais Abundante - Ora\u00e7\u00e3o e F\u00e9","description":"Dieu a une parole de vie pour vous !","robots":{"index":"index","follow":"follow","max-snippet":"max-snippet:-1","max-image-preview":"max-image-preview:large","max-video-preview":"max-video-preview:-1"},"canonical":"https:\/\/www.oracaoefe.com\/fr\/palavras-que-transformam-reflexoes-diarias-para-uma-vida-mais-abundante\/","og_locale":"fr_FR","og_type":"article","og_title":"Palavras que Transformam: Reflex\u00f5es Di\u00e1rias para uma Vida Mais Abundante - Ora\u00e7\u00e3o e F\u00e9","og_description":"Deus tem pra voc\u00ea uma palavra de vida!","og_url":"https:\/\/www.oracaoefe.com\/fr\/palavras-que-transformam-reflexoes-diarias-para-uma-vida-mais-abundante\/","og_site_name":"Ora\u00e7\u00e3o e F\u00e9","article_published_time":"2023-12-26T00:40:52+00:00","article_modified_time":"2025-06-15T18:17:27+00:00","og_image":[{"width":1280,"height":725,"url":"https:\/\/www.oracaoefe.com\/wp-content\/uploads\/2023\/12\/image-4.png","type":"image\/png"}],"author":"Michele Azevedo","twitter_card":"summary_large_image","twitter_misc":{"\u00c9crit par":"Michele Azevedo","Dur\u00e9e de lecture estim\u00e9e":"4 minutes"},"schema":{"@context":"https:\/\/schema.org","@graph":[{"@type":"Article","@id":"https:\/\/www.oracaoefe.com\/palavras-que-transformam-reflexoes-diarias-para-uma-vida-mais-abundante\/#article","isPartOf":{"@id":"https:\/\/www.oracaoefe.com\/palavras-que-transformam-reflexoes-diarias-para-uma-vida-mais-abundante\/"},"author":{"name":"Michele Azevedo","@id":"https:\/\/www.oracaoefe.com\/#\/schema\/person\/17283c669442cf005c4d5bb58adfb7f5"},"headline":"Palavras que Transformam: Reflex\u00f5es Di\u00e1rias para uma Vida Mais Abundante","datePublished":"2023-12-26T00:40:52+00:00","dateModified":"2025-06-15T18:17:27+00:00","mainEntityOfPage":{"@id":"https:\/\/www.oracaoefe.com\/palavras-que-transformam-reflexoes-diarias-para-uma-vida-mais-abundante\/"},"wordCount":831,"image":{"@id":"https:\/\/www.oracaoefe.com\/palavras-que-transformam-reflexoes-diarias-para-uma-vida-mais-abundante\/#primaryimage"},"thumbnailUrl":"https:\/\/www.oracaoefe.com\/wp-content\/uploads\/2023\/12\/image-4.png","articleSection":["F\u00e9"],"inLanguage":"fr-FR"},{"@type":"WebPage","@id":"https:\/\/www.oracaoefe.com\/palavras-que-transformam-reflexoes-diarias-para-uma-vida-mais-abundante\/","url":"https:\/\/www.oracaoefe.com\/palavras-que-transformam-reflexoes-diarias-para-uma-vida-mais-abundante\/","name":"Palavras que Transformam: Reflex\u00f5es Di\u00e1rias para uma Vida Mais Abundante - Ora\u00e7\u00e3o e F\u00e9","isPartOf":{"@id":"https:\/\/www.oracaoefe.com\/#website"},"primaryImageOfPage":{"@id":"https:\/\/www.oracaoefe.com\/palavras-que-transformam-reflexoes-diarias-para-uma-vida-mais-abundante\/#primaryimage"},"image":{"@id":"https:\/\/www.oracaoefe.com\/palavras-que-transformam-reflexoes-diarias-para-uma-vida-mais-abundante\/#primaryimage"},"thumbnailUrl":"https:\/\/www.oracaoefe.com\/wp-content\/uploads\/2023\/12\/image-4.png","datePublished":"2023-12-26T00:40:52+00:00","dateModified":"2025-06-15T18:17:27+00:00","author":{"@id":"https:\/\/www.oracaoefe.com\/#\/schema\/person\/17283c669442cf005c4d5bb58adfb7f5"},"description":"Dieu a une parole de vie pour vous !","breadcrumb":{"@id":"https:\/\/www.oracaoefe.com\/palavras-que-transformam-reflexoes-diarias-para-uma-vida-mais-abundante\/#breadcrumb"},"inLanguage":"fr-FR","potentialAction":[{"@type":"ReadAction","target":["https:\/\/www.oracaoefe.com\/palavras-que-transformam-reflexoes-diarias-para-uma-vida-mais-abundante\/"]}]},{"@type":"ImageObject","inLanguage":"fr-FR","@id":"https:\/\/www.oracaoefe.com\/palavras-que-transformam-reflexoes-diarias-para-uma-vida-mais-abundante\/#primaryimage","url":"https:\/\/www.oracaoefe.com\/wp-content\/uploads\/2023\/12\/image-4.png","contentUrl":"https:\/\/www.oracaoefe.com\/wp-content\/uploads\/2023\/12\/image-4.png","width":1280,"height":725},{"@type":"BreadcrumbList","@id":"https:\/\/www.oracaoefe.com\/palavras-que-transformam-reflexoes-diarias-para-uma-vida-mais-abundante\/#breadcrumb","itemListElement":[{"@type":"ListItem","position":1,"name":"Home","item":"https:\/\/www.oracaoefe.com\/"},{"@type":"ListItem","position":2,"name":"Palavras que Transformam: Reflex\u00f5es Di\u00e1rias para uma Vida Mais Abundante"}]},{"@type":"WebSite","@id":"https:\/\/www.oracaoefe.com\/#website","url":"https:\/\/www.oracaoefe.com\/","name":"Pri\u00e8re et foi","description":"","potentialAction":[{"@type":"SearchAction","target":{"@type":"EntryPoint","urlTemplate":"https:\/\/www.oracaoefe.com\/?s={search_term_string}"},"query-input":{"@type":"PropertyValueSpecification","valueRequired":true,"valueName":"search_term_string"}}],"inLanguage":"fr-FR"},{"@type":"Person","@id":"https:\/\/www.oracaoefe.com\/#\/schema\/person\/17283c669442cf005c4d5bb58adfb7f5","name":"Michele Azevedo","image":{"@type":"ImageObject","inLanguage":"fr-FR","@id":"https:\/\/secure.gravatar.com\/avatar\/6b0eb9d22841282815e2cd856a0061c45e1761cd54b22e952d98c4746939aa85?s=96&d=mm&r=g","url":"https:\/\/secure.gravatar.com\/avatar\/6b0eb9d22841282815e2cd856a0061c45e1761cd54b22e952d98c4746939aa85?s=96&d=mm&r=g","contentUrl":"https:\/\/secure.gravatar.com\/avatar\/6b0eb9d22841282815e2cd856a0061c45e1761cd54b22e952d98c4746939aa85?s=96&d=mm&r=g","caption":"Michele Azevedo"},"description":"Dipl\u00f4m\u00e9e en litt\u00e9rature portugaise\/anglaise de l&#039;Universit\u00e9 d&#039;\u00c9tat de Ponta Grossa (UEPG), avec des dipl\u00f4mes de troisi\u00e8me cycle en art dans l&#039;\u00e9ducation (FAPI) et en psychop\u00e9dagogie scolaire (FAPI), elle est la cr\u00e9atrice et propri\u00e9taire du site web Escritora de Sucesso, a de l&#039;exp\u00e9rience dans l&#039;\u00e9criture pour les blogs en g\u00e9n\u00e9ral et travaille comme r\u00e9dactrice et \u00e9ditrice du contenu pour Ora\u00e7\u00e3o e F\u00e9.","url":"https:\/\/www.oracaoefe.com\/fr\/author\/michele-azevedo\/"}]}},"_links":{"self":[{"href":"https:\/\/www.oracaoefe.com\/fr\/wp-json\/wp\/v2\/posts\/2491","targetHints":{"allow":["GET"]}}],"collection":[{"href":"https:\/\/www.oracaoefe.com\/fr\/wp-json\/wp\/v2\/posts"}],"about":[{"href":"https:\/\/www.oracaoefe.com\/fr\/wp-json\/wp\/v2\/types\/post"}],"author":[{"embeddable":true,"href":"https:\/\/www.oracaoefe.com\/fr\/wp-json\/wp\/v2\/users\/3"}],"replies":[{"embeddable":true,"href":"https:\/\/www.oracaoefe.com\/fr\/wp-json\/wp\/v2\/comments?post=2491"}],"version-history":[{"count":1,"href":"https:\/\/www.oracaoefe.com\/fr\/wp-json\/wp\/v2\/posts\/2491\/revisions"}],"predecessor-version":[{"id":2493,"href":"https:\/\/www.oracaoefe.com\/fr\/wp-json\/wp\/v2\/posts\/2491\/revisions\/2493"}],"wp:featuredmedia":[{"embeddable":true,"href":"https:\/\/www.oracaoefe.com\/fr\/wp-json\/wp\/v2\/media\/2492"}],"wp:attachment":[{"href":"https:\/\/www.oracaoefe.com\/fr\/wp-json\/wp\/v2\/media?parent=2491"}],"wp:term":[{"taxonomy":"category","embeddable":true,"href":"https:\/\/www.oracaoefe.com\/fr\/wp-json\/wp\/v2\/categories?post=2491"},{"taxonomy":"post_tag","embeddable":true,"href":"https:\/\/www.oracaoefe.com\/fr\/wp-json\/wp\/v2\/tags?post=2491"}],"curies":[{"name":"wp","href":"https:\/\/api.w.org\/{rel}","templated":true}]}}