{"id":2488,"date":"2023-12-22T22:52:42","date_gmt":"2023-12-23T01:52:42","guid":{"rendered":"https:\/\/www.oracaoefe.com\/?p=2488"},"modified":"2023-12-22T22:52:43","modified_gmt":"2023-12-23T01:52:43","slug":"conexao-divina-o-poder-da-oracao-em-momentos-desafiadores","status":"publish","type":"post","link":"https:\/\/www.oracaoefe.com\/fr\/conexao-divina-o-poder-da-oracao-em-momentos-desafiadores\/","title":{"rendered":"Conex\u00e3o Divina: O Poder da Ora\u00e7\u00e3o em Momentos Desafiadores"},"content":{"rendered":"<p class=\"wp-block-paragraph\">Vivemos em um mundo repleto de desafios, obst\u00e1culos e momentos dif\u00edceis que testam nossa for\u00e7a e resili\u00eancia. Diante das adversidades da vida, muitas pessoas recorrem \u00e0 espiritualidade e \u00e0 pr\u00e1tica da ora\u00e7\u00e3o em busca de conforto, orienta\u00e7\u00e3o e for\u00e7a interior.&nbsp;<\/p>\n\n\n\n<h2 class=\"wp-block-heading\">O poder da ora\u00e7\u00e3o em momentos desafiadores<\/h2>\n\n\n\n<p class=\"wp-block-paragraph\">Em meio aos desafios que permeiam nossa jornada, o poder da ora\u00e7\u00e3o se revela como uma fonte inesgot\u00e1vel de for\u00e7a e consolo. Nos momentos em que nos deparamos com adversidades aparentemente insuper\u00e1veis, a pr\u00e1tica da ora\u00e7\u00e3o assume um papel transformador, proporcionando um ref\u00fagio espiritual e emocional.&nbsp;<\/p>\n\n\n\n<p class=\"wp-block-paragraph\">Ao elevar nossas preocupa\u00e7\u00f5es e anseios ao divino, encontramos uma plataforma para expressar nossas emo\u00e7\u00f5es mais profundas, permitindo-nos liberar fardos emocionais e encontrar uma clareza interior que muitas vezes escapa em meio \u00e0 turbul\u00eancia da vida.<\/p>\n\n\n\n<p class=\"wp-block-paragraph\">A ora\u00e7\u00e3o n\u00e3o apenas nos conecta com o transcendental, mas tamb\u00e9m desencadeia uma mudan\u00e7a interna significativa. Ao direcionar nossos pensamentos e inten\u00e7\u00f5es para al\u00e9m das circunst\u00e2ncias adversas, cultivamos uma perspectiva mais ampla e resiliente.<\/p>\n\n\n\n<p class=\"wp-block-paragraph\">Essa pr\u00e1tica constante n\u00e3o apenas nos fortalece para enfrentar os desafios presentes, mas tamb\u00e9m molda nossa mentalidade para abra\u00e7ar o futuro com esperan\u00e7a e determina\u00e7\u00e3o. A capacidade de encontrar significado nos momentos dif\u00edceis, atrav\u00e9s da comunica\u00e7\u00e3o com o divino, confere \u00e0 ora\u00e7\u00e3o um poder redentor que transcende as barreiras do tempo e da cultura.<\/p>\n\n\n\n<h3 class=\"wp-block-heading\">A Busca por Significado e Conex\u00e3o<\/h3>\n\n\n\n<p class=\"wp-block-paragraph\">Em meio \u00e0s complexidades do cotidiano, \u00e9 natural que busquemos um prop\u00f3sito mais profundo e uma conex\u00e3o com algo maior do que n\u00f3s mesmos. A espiritualidade oferece um caminho para essa busca, proporcionando um sentido de significado e pertencimento. A ora\u00e7\u00e3o, como uma pr\u00e1tica espiritual, desempenha um papel crucial nesse processo, permitindo que nos conectemos com o divino e encontremos conforto nos momentos de adversidade.<\/p>\n\n\n\n<figure class=\"wp-block-image size-large\"><img loading=\"lazy\" decoding=\"async\" width=\"1024\" height=\"683\" src=\"https:\/\/www.oracaoefe.com\/wp-content\/uploads\/2023\/12\/image-3-1024x683.png\" alt=\"\" class=\"wp-image-2489\" srcset=\"https:\/\/www.oracaoefe.com\/wp-content\/uploads\/2023\/12\/image-3-1024x683.png 1024w, https:\/\/www.oracaoefe.com\/wp-content\/uploads\/2023\/12\/image-3-300x200.png 300w, https:\/\/www.oracaoefe.com\/wp-content\/uploads\/2023\/12\/image-3-768x512.png 768w, https:\/\/www.oracaoefe.com\/wp-content\/uploads\/2023\/12\/image-3-18x12.png 18w, https:\/\/www.oracaoefe.com\/wp-content\/uploads\/2023\/12\/image-3.png 1280w\" sizes=\"auto, (max-width: 1024px) 100vw, 1024px\" \/><\/figure>\n\n\n\n<h3 class=\"wp-block-heading\">O Poder Transformador da Ora\u00e7\u00e3o<\/h3>\n\n\n\n<p class=\"wp-block-paragraph\">A ora\u00e7\u00e3o \u00e9 mais do que uma simples express\u00e3o de f\u00e9; \u00e9 uma forma de comunica\u00e7\u00e3o com o divino, seja ele concebido como Deus, o universo ou uma for\u00e7a superior. Muitas tradi\u00e7\u00f5es espirituais reconhecem o poder transformador da ora\u00e7\u00e3o, enfatizando n\u00e3o apenas a solicita\u00e7\u00e3o de interven\u00e7\u00e3o divina, mas tamb\u00e9m a capacidade de transformar o pr\u00f3prio indiv\u00edduo. A pr\u00e1tica regular da ora\u00e7\u00e3o pode cultivar qualidades como paci\u00eancia, gratid\u00e3o e compaix\u00e3o, criando um espa\u00e7o interno para enfrentar os desafios com serenidade.<\/p>\n\n\n\n<h3 class=\"wp-block-heading\">Encontrando Consolo nos Momentos Dif\u00edceis<\/h3>\n\n\n\n<p class=\"wp-block-paragraph\">Em momentos de ang\u00fastia e desespero, a ora\u00e7\u00e3o pode ser uma fonte valiosa de consolo. A capacidade de expressar nossos medos, preocupa\u00e7\u00f5es e anseios ao divino pode aliviar o fardo emocional que carregamos. A ora\u00e7\u00e3o oferece um espa\u00e7o seguro para compartilhar nossos pensamentos mais profundos, permitindo-nos liberar emo\u00e7\u00f5es reprimidas e encontrar paz interior.<\/p>\n\n\n\n<h3 class=\"wp-block-heading\">O Papel da Gratid\u00e3o na Ora\u00e7\u00e3o<\/h3>\n\n\n\n<p class=\"wp-block-paragraph\">Al\u00e9m de buscar aux\u00edlio nos momentos dif\u00edceis, a ora\u00e7\u00e3o tamb\u00e9m pode ser uma pr\u00e1tica de gratid\u00e3o. Agradecer pelas b\u00ean\u00e7\u00e3os recebidas, mesmo nas circunst\u00e2ncias mais desafiadoras, pode transformar a maneira como percebemos nossas vidas.&nbsp;<\/p>\n\n\n\n<p class=\"wp-block-paragraph\">A gratid\u00e3o na ora\u00e7\u00e3o n\u00e3o apenas fortalece nossa conex\u00e3o com o divino, mas tamb\u00e9m promove uma mentalidade positiva, ajudando-nos a enfrentar os desafios com uma perspectiva mais otimista.<\/p>\n\n\n\n<h3 class=\"wp-block-heading\">Caminhos Diversos, Destino Comum<\/h3>\n\n\n\n<p class=\"wp-block-paragraph\">Embora as pr\u00e1ticas de ora\u00e7\u00e3o possam variar entre diferentes tradi\u00e7\u00f5es espirituais e religiosas, o cerne da conex\u00e3o divina permanece o mesmo: a busca por significado, orienta\u00e7\u00e3o e consolo em meio \u00e0s tribula\u00e7\u00f5es da vida.&nbsp;<\/p>\n\n\n\n<p class=\"wp-block-paragraph\">Independentemente das diferen\u00e7as de cren\u00e7a, a ora\u00e7\u00e3o pode servir como um fio condutor que une as pessoas em sua jornada espiritual, recordando-nos de nossa humanidade compartilhada e da necessidade universal de esperan\u00e7a e apoio divino.<\/p>\n\n\n\n<h2 class=\"wp-block-heading\">A For\u00e7a Silenciosa da Ora\u00e7\u00e3o<\/h2>\n\n\n\n<p class=\"wp-block-paragraph\">Em conclus\u00e3o, a ora\u00e7\u00e3o \u00e9 uma pr\u00e1tica espiritual que transcende fronteiras e culturas, oferecendo um caminho para a conex\u00e3o divina em momentos desafiadores. Seja como uma fonte de consolo, transforma\u00e7\u00e3o pessoal ou express\u00e3o de gratid\u00e3o, a ora\u00e7\u00e3o tem o poder de nos sustentar nos altos e baixos da vida. Ao cultivar essa conex\u00e3o divina, descobrimos uma for\u00e7a silenciosa que nos guia e fortalece, tornando-nos mais resilientes diante das adversidades. Em tempos dif\u00edceis, a ora\u00e7\u00e3o se revela como uma ferramenta valiosa, recordando-nos do poder transcendental que reside dentro e al\u00e9m de n\u00f3s.<\/p>\n\n\n\n<p class=\"wp-block-paragraph\"><strong>Voir aussi\u00a0: <a href=\"https:\/\/www.oracaoefe.com\/fr\/caminho-da-esperanca-reforce-sua-fe-com-mensagens-inspiradoras\/\">Caminho da Esperan\u00e7a: Reforce Sua F\u00e9 com Mensagens Inspiradoras<\/a><\/strong><\/p>\n\n\n\n<p class=\"wp-block-paragraph\">22 de dezembro de 2023<\/p>","protected":false},"excerpt":{"rendered":"<p>Vivemos em um mundo repleto de desafios, obst\u00e1culos e momentos dif\u00edceis que testam nossa for\u00e7a e resili\u00eancia. Diante das adversidades da vida, muitas pessoas recorrem \u00e0 espiritualidade e \u00e0 pr\u00e1tica da ora\u00e7\u00e3o em busca de conforto, orienta\u00e7\u00e3o e for\u00e7a interior.&nbsp; O poder da ora\u00e7\u00e3o em momentos desafiadores Em meio aos desafios que permeiam nossa jornada,&hellip;&nbsp;<\/p>","protected":false},"author":3,"featured_media":2489,"comment_status":"closed","ping_status":"closed","sticky":false,"template":"","format":"standard","meta":{"neve_meta_sidebar":"","neve_meta_container":"","neve_meta_enable_content_width":"","neve_meta_content_width":0,"neve_meta_title_alignment":"","neve_meta_author_avatar":"","neve_post_elements_order":"","neve_meta_disable_header":"","neve_meta_disable_footer":"","neve_meta_disable_title":"","footnotes":""},"categories":[2],"tags":[],"class_list":["post-2488","post","type-post","status-publish","format-standard","has-post-thumbnail","hentry","category-oracao"],"yoast_head":"<!-- This site is optimized with the Yoast SEO plugin v28.4 - https:\/\/yoast.com\/product\/yoast-seo-wordpress\/ -->\n<title>Conex\u00e3o Divina: O Poder da Ora\u00e7\u00e3o em Momentos Desafiadores - Ora\u00e7\u00e3o e F\u00e9<\/title>\n<meta name=\"description\" content=\"Deus tem pra voc\u00ea uma palavra de vida!\" \/>\n<meta name=\"robots\" content=\"index, follow, max-snippet:-1, max-image-preview:large, max-video-preview:-1\" \/>\n<link rel=\"canonical\" href=\"https:\/\/www.oracaoefe.com\/fr\/conexao-divina-o-poder-da-oracao-em-momentos-desafiadores\/\" \/>\n<meta property=\"og:locale\" content=\"fr_FR\" \/>\n<meta property=\"og:type\" content=\"article\" \/>\n<meta property=\"og:title\" content=\"Conex\u00e3o Divina: O Poder da Ora\u00e7\u00e3o em Momentos Desafiadores - Ora\u00e7\u00e3o e F\u00e9\" \/>\n<meta property=\"og:description\" content=\"Deus tem pra voc\u00ea uma palavra de vida!\" \/>\n<meta property=\"og:url\" content=\"https:\/\/www.oracaoefe.com\/fr\/conexao-divina-o-poder-da-oracao-em-momentos-desafiadores\/\" \/>\n<meta property=\"og:site_name\" content=\"Ora\u00e7\u00e3o e F\u00e9\" \/>\n<meta property=\"article:published_time\" content=\"2023-12-23T01:52:42+00:00\" \/>\n<meta property=\"article:modified_time\" content=\"2023-12-23T01:52:43+00:00\" \/>\n<meta property=\"og:image\" content=\"https:\/\/www.oracaoefe.com\/wp-content\/uploads\/2023\/12\/image-3.png\" \/>\n\t<meta property=\"og:image:width\" content=\"1280\" \/>\n\t<meta property=\"og:image:height\" content=\"854\" \/>\n\t<meta property=\"og:image:type\" content=\"image\/png\" \/>\n<meta name=\"author\" content=\"Michele Azevedo\" \/>\n<meta name=\"twitter:card\" content=\"summary_large_image\" \/>\n<meta name=\"twitter:label1\" content=\"\u00c9crit par\" \/>\n\t<meta name=\"twitter:data1\" content=\"Michele Azevedo\" \/>\n\t<meta name=\"twitter:label2\" content=\"Dur\u00e9e de lecture estim\u00e9e\" \/>\n\t<meta name=\"twitter:data2\" content=\"4 minutes\" \/>\n<script type=\"application\/ld+json\" class=\"yoast-schema-graph\">{\"@context\":\"https:\\\/\\\/schema.org\",\"@graph\":[{\"@type\":\"Article\",\"@id\":\"https:\\\/\\\/www.oracaoefe.com\\\/conexao-divina-o-poder-da-oracao-em-momentos-desafiadores\\\/#article\",\"isPartOf\":{\"@id\":\"https:\\\/\\\/www.oracaoefe.com\\\/conexao-divina-o-poder-da-oracao-em-momentos-desafiadores\\\/\"},\"author\":{\"name\":\"Michele Azevedo\",\"@id\":\"https:\\\/\\\/www.oracaoefe.com\\\/#\\\/schema\\\/person\\\/17283c669442cf005c4d5bb58adfb7f5\"},\"headline\":\"Conex\u00e3o Divina: O Poder da Ora\u00e7\u00e3o em Momentos Desafiadores\",\"datePublished\":\"2023-12-23T01:52:42+00:00\",\"dateModified\":\"2023-12-23T01:52:43+00:00\",\"mainEntityOfPage\":{\"@id\":\"https:\\\/\\\/www.oracaoefe.com\\\/conexao-divina-o-poder-da-oracao-em-momentos-desafiadores\\\/\"},\"wordCount\":800,\"image\":{\"@id\":\"https:\\\/\\\/www.oracaoefe.com\\\/conexao-divina-o-poder-da-oracao-em-momentos-desafiadores\\\/#primaryimage\"},\"thumbnailUrl\":\"https:\\\/\\\/www.oracaoefe.com\\\/wp-content\\\/uploads\\\/2023\\\/12\\\/image-3.png\",\"articleSection\":[\"Ora\u00e7\u00e3o\"],\"inLanguage\":\"fr-FR\"},{\"@type\":\"WebPage\",\"@id\":\"https:\\\/\\\/www.oracaoefe.com\\\/conexao-divina-o-poder-da-oracao-em-momentos-desafiadores\\\/\",\"url\":\"https:\\\/\\\/www.oracaoefe.com\\\/conexao-divina-o-poder-da-oracao-em-momentos-desafiadores\\\/\",\"name\":\"Conex\u00e3o Divina: O Poder da Ora\u00e7\u00e3o em Momentos Desafiadores - Ora\u00e7\u00e3o e F\u00e9\",\"isPartOf\":{\"@id\":\"https:\\\/\\\/www.oracaoefe.com\\\/#website\"},\"primaryImageOfPage\":{\"@id\":\"https:\\\/\\\/www.oracaoefe.com\\\/conexao-divina-o-poder-da-oracao-em-momentos-desafiadores\\\/#primaryimage\"},\"image\":{\"@id\":\"https:\\\/\\\/www.oracaoefe.com\\\/conexao-divina-o-poder-da-oracao-em-momentos-desafiadores\\\/#primaryimage\"},\"thumbnailUrl\":\"https:\\\/\\\/www.oracaoefe.com\\\/wp-content\\\/uploads\\\/2023\\\/12\\\/image-3.png\",\"datePublished\":\"2023-12-23T01:52:42+00:00\",\"dateModified\":\"2023-12-23T01:52:43+00:00\",\"author\":{\"@id\":\"https:\\\/\\\/www.oracaoefe.com\\\/#\\\/schema\\\/person\\\/17283c669442cf005c4d5bb58adfb7f5\"},\"description\":\"Deus tem pra voc\u00ea uma palavra de vida!\",\"breadcrumb\":{\"@id\":\"https:\\\/\\\/www.oracaoefe.com\\\/conexao-divina-o-poder-da-oracao-em-momentos-desafiadores\\\/#breadcrumb\"},\"inLanguage\":\"fr-FR\",\"potentialAction\":[{\"@type\":\"ReadAction\",\"target\":[\"https:\\\/\\\/www.oracaoefe.com\\\/conexao-divina-o-poder-da-oracao-em-momentos-desafiadores\\\/\"]}]},{\"@type\":\"ImageObject\",\"inLanguage\":\"fr-FR\",\"@id\":\"https:\\\/\\\/www.oracaoefe.com\\\/conexao-divina-o-poder-da-oracao-em-momentos-desafiadores\\\/#primaryimage\",\"url\":\"https:\\\/\\\/www.oracaoefe.com\\\/wp-content\\\/uploads\\\/2023\\\/12\\\/image-3.png\",\"contentUrl\":\"https:\\\/\\\/www.oracaoefe.com\\\/wp-content\\\/uploads\\\/2023\\\/12\\\/image-3.png\",\"width\":1280,\"height\":854},{\"@type\":\"BreadcrumbList\",\"@id\":\"https:\\\/\\\/www.oracaoefe.com\\\/conexao-divina-o-poder-da-oracao-em-momentos-desafiadores\\\/#breadcrumb\",\"itemListElement\":[{\"@type\":\"ListItem\",\"position\":1,\"name\":\"Home\",\"item\":\"https:\\\/\\\/www.oracaoefe.com\\\/\"},{\"@type\":\"ListItem\",\"position\":2,\"name\":\"Ora\u00e7\u00e3o\",\"item\":\"https:\\\/\\\/www.oracaoefe.com\\\/category\\\/oracao\\\/\"},{\"@type\":\"ListItem\",\"position\":3,\"name\":\"Conex\u00e3o Divina: O Poder da Ora\u00e7\u00e3o em Momentos Desafiadores\"}]},{\"@type\":\"WebSite\",\"@id\":\"https:\\\/\\\/www.oracaoefe.com\\\/#website\",\"url\":\"https:\\\/\\\/www.oracaoefe.com\\\/\",\"name\":\"Ora\u00e7\u00e3o e F\u00e9\",\"description\":\"\",\"potentialAction\":[{\"@type\":\"SearchAction\",\"target\":{\"@type\":\"EntryPoint\",\"urlTemplate\":\"https:\\\/\\\/www.oracaoefe.com\\\/?s={search_term_string}\"},\"query-input\":{\"@type\":\"PropertyValueSpecification\",\"valueRequired\":true,\"valueName\":\"search_term_string\"}}],\"inLanguage\":\"fr-FR\"},{\"@type\":\"Person\",\"@id\":\"https:\\\/\\\/www.oracaoefe.com\\\/#\\\/schema\\\/person\\\/17283c669442cf005c4d5bb58adfb7f5\",\"name\":\"Michele Azevedo\",\"image\":{\"@type\":\"ImageObject\",\"inLanguage\":\"fr-FR\",\"@id\":\"https:\\\/\\\/secure.gravatar.com\\\/avatar\\\/6b0eb9d22841282815e2cd856a0061c45e1761cd54b22e952d98c4746939aa85?s=96&d=mm&r=g\",\"url\":\"https:\\\/\\\/secure.gravatar.com\\\/avatar\\\/6b0eb9d22841282815e2cd856a0061c45e1761cd54b22e952d98c4746939aa85?s=96&d=mm&r=g\",\"contentUrl\":\"https:\\\/\\\/secure.gravatar.com\\\/avatar\\\/6b0eb9d22841282815e2cd856a0061c45e1761cd54b22e952d98c4746939aa85?s=96&d=mm&r=g\",\"caption\":\"Michele Azevedo\"},\"description\":\"Formada em Letras - Portugu\u00eas\\\/ Ingl\u00eas pela Universidade Estadual de Ponta Grossa (UEPG), p\u00f3s-graduada em Arte na Educa\u00e7\u00e3o (FAPI) e Psicopedagogia Escolar (FAPI), idealizadora e propriet\u00e1ria do site Escritora de Sucesso, possui experi\u00eancia em escrita para blogs em geral e atua como redatora e revisora dos conte\u00fados do Ora\u00e7\u00e3o e F\u00e9.\",\"url\":\"https:\\\/\\\/www.oracaoefe.com\\\/fr\\\/author\\\/michele-azevedo\\\/\"}]}<\/script>\n<!-- \/ Yoast SEO plugin. -->","yoast_head_json":{"title":"Conex\u00e3o Divina: O Poder da Ora\u00e7\u00e3o em Momentos Desafiadores - Ora\u00e7\u00e3o e F\u00e9","description":"Dieu a une parole de vie pour vous !","robots":{"index":"index","follow":"follow","max-snippet":"max-snippet:-1","max-image-preview":"max-image-preview:large","max-video-preview":"max-video-preview:-1"},"canonical":"https:\/\/www.oracaoefe.com\/fr\/conexao-divina-o-poder-da-oracao-em-momentos-desafiadores\/","og_locale":"fr_FR","og_type":"article","og_title":"Conex\u00e3o Divina: O Poder da Ora\u00e7\u00e3o em Momentos Desafiadores - Ora\u00e7\u00e3o e F\u00e9","og_description":"Deus tem pra voc\u00ea uma palavra de vida!","og_url":"https:\/\/www.oracaoefe.com\/fr\/conexao-divina-o-poder-da-oracao-em-momentos-desafiadores\/","og_site_name":"Ora\u00e7\u00e3o e F\u00e9","article_published_time":"2023-12-23T01:52:42+00:00","article_modified_time":"2023-12-23T01:52:43+00:00","og_image":[{"width":1280,"height":854,"url":"https:\/\/www.oracaoefe.com\/wp-content\/uploads\/2023\/12\/image-3.png","type":"image\/png"}],"author":"Michele Azevedo","twitter_card":"summary_large_image","twitter_misc":{"\u00c9crit par":"Michele Azevedo","Dur\u00e9e de lecture estim\u00e9e":"4 minutes"},"schema":{"@context":"https:\/\/schema.org","@graph":[{"@type":"Article","@id":"https:\/\/www.oracaoefe.com\/conexao-divina-o-poder-da-oracao-em-momentos-desafiadores\/#article","isPartOf":{"@id":"https:\/\/www.oracaoefe.com\/conexao-divina-o-poder-da-oracao-em-momentos-desafiadores\/"},"author":{"name":"Michele Azevedo","@id":"https:\/\/www.oracaoefe.com\/#\/schema\/person\/17283c669442cf005c4d5bb58adfb7f5"},"headline":"Conex\u00e3o Divina: O Poder da Ora\u00e7\u00e3o em Momentos Desafiadores","datePublished":"2023-12-23T01:52:42+00:00","dateModified":"2023-12-23T01:52:43+00:00","mainEntityOfPage":{"@id":"https:\/\/www.oracaoefe.com\/conexao-divina-o-poder-da-oracao-em-momentos-desafiadores\/"},"wordCount":800,"image":{"@id":"https:\/\/www.oracaoefe.com\/conexao-divina-o-poder-da-oracao-em-momentos-desafiadores\/#primaryimage"},"thumbnailUrl":"https:\/\/www.oracaoefe.com\/wp-content\/uploads\/2023\/12\/image-3.png","articleSection":["Ora\u00e7\u00e3o"],"inLanguage":"fr-FR"},{"@type":"WebPage","@id":"https:\/\/www.oracaoefe.com\/conexao-divina-o-poder-da-oracao-em-momentos-desafiadores\/","url":"https:\/\/www.oracaoefe.com\/conexao-divina-o-poder-da-oracao-em-momentos-desafiadores\/","name":"Conex\u00e3o Divina: O Poder da Ora\u00e7\u00e3o em Momentos Desafiadores - Ora\u00e7\u00e3o e F\u00e9","isPartOf":{"@id":"https:\/\/www.oracaoefe.com\/#website"},"primaryImageOfPage":{"@id":"https:\/\/www.oracaoefe.com\/conexao-divina-o-poder-da-oracao-em-momentos-desafiadores\/#primaryimage"},"image":{"@id":"https:\/\/www.oracaoefe.com\/conexao-divina-o-poder-da-oracao-em-momentos-desafiadores\/#primaryimage"},"thumbnailUrl":"https:\/\/www.oracaoefe.com\/wp-content\/uploads\/2023\/12\/image-3.png","datePublished":"2023-12-23T01:52:42+00:00","dateModified":"2023-12-23T01:52:43+00:00","author":{"@id":"https:\/\/www.oracaoefe.com\/#\/schema\/person\/17283c669442cf005c4d5bb58adfb7f5"},"description":"Dieu a une parole de vie pour vous !","breadcrumb":{"@id":"https:\/\/www.oracaoefe.com\/conexao-divina-o-poder-da-oracao-em-momentos-desafiadores\/#breadcrumb"},"inLanguage":"fr-FR","potentialAction":[{"@type":"ReadAction","target":["https:\/\/www.oracaoefe.com\/conexao-divina-o-poder-da-oracao-em-momentos-desafiadores\/"]}]},{"@type":"ImageObject","inLanguage":"fr-FR","@id":"https:\/\/www.oracaoefe.com\/conexao-divina-o-poder-da-oracao-em-momentos-desafiadores\/#primaryimage","url":"https:\/\/www.oracaoefe.com\/wp-content\/uploads\/2023\/12\/image-3.png","contentUrl":"https:\/\/www.oracaoefe.com\/wp-content\/uploads\/2023\/12\/image-3.png","width":1280,"height":854},{"@type":"BreadcrumbList","@id":"https:\/\/www.oracaoefe.com\/conexao-divina-o-poder-da-oracao-em-momentos-desafiadores\/#breadcrumb","itemListElement":[{"@type":"ListItem","position":1,"name":"Home","item":"https:\/\/www.oracaoefe.com\/"},{"@type":"ListItem","position":2,"name":"Ora\u00e7\u00e3o","item":"https:\/\/www.oracaoefe.com\/category\/oracao\/"},{"@type":"ListItem","position":3,"name":"Conex\u00e3o Divina: O Poder da Ora\u00e7\u00e3o em Momentos Desafiadores"}]},{"@type":"WebSite","@id":"https:\/\/www.oracaoefe.com\/#website","url":"https:\/\/www.oracaoefe.com\/","name":"Pri\u00e8re et foi","description":"","potentialAction":[{"@type":"SearchAction","target":{"@type":"EntryPoint","urlTemplate":"https:\/\/www.oracaoefe.com\/?s={search_term_string}"},"query-input":{"@type":"PropertyValueSpecification","valueRequired":true,"valueName":"search_term_string"}}],"inLanguage":"fr-FR"},{"@type":"Person","@id":"https:\/\/www.oracaoefe.com\/#\/schema\/person\/17283c669442cf005c4d5bb58adfb7f5","name":"Michele Azevedo","image":{"@type":"ImageObject","inLanguage":"fr-FR","@id":"https:\/\/secure.gravatar.com\/avatar\/6b0eb9d22841282815e2cd856a0061c45e1761cd54b22e952d98c4746939aa85?s=96&d=mm&r=g","url":"https:\/\/secure.gravatar.com\/avatar\/6b0eb9d22841282815e2cd856a0061c45e1761cd54b22e952d98c4746939aa85?s=96&d=mm&r=g","contentUrl":"https:\/\/secure.gravatar.com\/avatar\/6b0eb9d22841282815e2cd856a0061c45e1761cd54b22e952d98c4746939aa85?s=96&d=mm&r=g","caption":"Michele Azevedo"},"description":"Dipl\u00f4m\u00e9e en litt\u00e9rature portugaise\/anglaise de l&#039;Universit\u00e9 d&#039;\u00c9tat de Ponta Grossa (UEPG), avec des dipl\u00f4mes de troisi\u00e8me cycle en art dans l&#039;\u00e9ducation (FAPI) et en psychop\u00e9dagogie scolaire (FAPI), elle est la cr\u00e9atrice et propri\u00e9taire du site web Escritora de Sucesso, a de l&#039;exp\u00e9rience dans l&#039;\u00e9criture pour les blogs en g\u00e9n\u00e9ral et travaille comme r\u00e9dactrice et \u00e9ditrice du contenu pour Ora\u00e7\u00e3o e F\u00e9.","url":"https:\/\/www.oracaoefe.com\/fr\/author\/michele-azevedo\/"}]}},"_links":{"self":[{"href":"https:\/\/www.oracaoefe.com\/fr\/wp-json\/wp\/v2\/posts\/2488","targetHints":{"allow":["GET"]}}],"collection":[{"href":"https:\/\/www.oracaoefe.com\/fr\/wp-json\/wp\/v2\/posts"}],"about":[{"href":"https:\/\/www.oracaoefe.com\/fr\/wp-json\/wp\/v2\/types\/post"}],"author":[{"embeddable":true,"href":"https:\/\/www.oracaoefe.com\/fr\/wp-json\/wp\/v2\/users\/3"}],"replies":[{"embeddable":true,"href":"https:\/\/www.oracaoefe.com\/fr\/wp-json\/wp\/v2\/comments?post=2488"}],"version-history":[{"count":1,"href":"https:\/\/www.oracaoefe.com\/fr\/wp-json\/wp\/v2\/posts\/2488\/revisions"}],"predecessor-version":[{"id":2490,"href":"https:\/\/www.oracaoefe.com\/fr\/wp-json\/wp\/v2\/posts\/2488\/revisions\/2490"}],"wp:featuredmedia":[{"embeddable":true,"href":"https:\/\/www.oracaoefe.com\/fr\/wp-json\/wp\/v2\/media\/2489"}],"wp:attachment":[{"href":"https:\/\/www.oracaoefe.com\/fr\/wp-json\/wp\/v2\/media?parent=2488"}],"wp:term":[{"taxonomy":"category","embeddable":true,"href":"https:\/\/www.oracaoefe.com\/fr\/wp-json\/wp\/v2\/categories?post=2488"},{"taxonomy":"post_tag","embeddable":true,"href":"https:\/\/www.oracaoefe.com\/fr\/wp-json\/wp\/v2\/tags?post=2488"}],"curies":[{"name":"wp","href":"https:\/\/api.w.org\/{rel}","templated":true}]}}