{"id":2485,"date":"2023-12-17T17:25:43","date_gmt":"2023-12-17T20:25:43","guid":{"rendered":"https:\/\/www.oracaoefe.com\/?p=2485"},"modified":"2023-12-17T17:25:44","modified_gmt":"2023-12-17T20:25:44","slug":"mantenha-se-atualizado-novidades-que-todo-crente-deve-conhecer","status":"publish","type":"post","link":"https:\/\/www.oracaoefe.com\/fr\/mantenha-se-atualizado-novidades-que-todo-crente-deve-conhecer\/","title":{"rendered":"Mantenha-se Atualizado: Novidades que Todo Crente Deve Conhecer"},"content":{"rendered":"<p class=\"wp-block-paragraph\">Viver em um mundo em constante evolu\u00e7\u00e3o requer que os crentes estejam atentos \u00e0s mudan\u00e7as ao seu redor. Manter-se atualizado n\u00e3o se trata apenas de acompanhar as \u00faltimas tend\u00eancias, mas tamb\u00e9m de entender como essas mudan\u00e7as podem influenciar nossa f\u00e9 e pr\u00e1tica religiosa.&nbsp;<\/p>\n\n\n\n<h2 class=\"wp-block-heading\">Novidades que todo crente deve conhecer<\/h2>\n\n\n\n<p class=\"wp-block-paragraph\">Em um mundo din\u00e2mico e em constante evolu\u00e7\u00e3o, onde as mudan\u00e7as ocorrem a uma velocidade impressionante, \u00e9 imperativo que os crentes estejam atentos \u00e0s novidades que permeiam n\u00e3o apenas a sociedade em geral, mas tamb\u00e9m o cen\u00e1rio espiritual. Nossa jornada de f\u00e9 n\u00e3o ocorre em um v\u00e1cuo isolado, mas \u00e9 intrinsecamente conectada \u00e0s transforma\u00e7\u00f5es que moldam o tecido do mundo ao nosso redor.<\/p>\n\n\n\n<h3 class=\"wp-block-heading\">1. Tecnologia e Espiritualidade<\/h3>\n\n\n\n<p class=\"wp-block-paragraph\">Vivemos em uma era digital, onde a tecnologia desempenha um papel fundamental em nossas vidas. \u00c9 crucial entender como integrar a tecnologia de maneira positiva em nossa jornada espiritual. Aplicativos, podcasts e plataformas online podem ser ferramentas valiosas para o estudo da B\u00edblia, medita\u00e7\u00e3o e comunidade virtual. Al\u00e9m disso, novas formas de compartilhar a mensagem religiosa est\u00e3o surgindo, proporcionando oportunidades \u00fanicas para a propaga\u00e7\u00e3o da f\u00e9.<\/p>\n\n\n\n<p class=\"wp-block-paragraph\">Viver em uma era digital oferece uma variedade de recursos que podem enriquecer a jornada espiritual dos crentes. Aqui est\u00e3o alguns aplicativos projetados para atender \u00e0s necessidades espec\u00edficas da comunidade crist\u00e3, proporcionando suporte, inspira\u00e7\u00e3o e aprofundamento na f\u00e9:<\/p>\n\n\n\n<h4 class=\"wp-block-heading\">YouVersion Bible App<\/h4>\n\n\n\n<p class=\"wp-block-paragraph\">Plataformas: iOS, Android<\/p>\n\n\n\n<p class=\"wp-block-paragraph\">Esta aplica\u00e7\u00e3o oferece uma vasta sele\u00e7\u00e3o de vers\u00f5es da B\u00edblia, planos de leitura devocional, \u00e1udio e recursos interativos. Permite aos usu\u00e1rios estudar, memorizar e compartilhar passagens b\u00edblicas facilmente.<\/p>\n\n\n\n<h4 class=\"wp-block-heading\">Pray.com<\/h4>\n\n\n\n<p class=\"wp-block-paragraph\">Plataformas: iOS, Android<\/p>\n\n\n\n<p class=\"wp-block-paragraph\">Pray.com \u00e9 uma plataforma que conecta a comunidade crist\u00e3 por meio de ora\u00e7\u00f5es compartilhadas, devocionais e mensagens inspiradoras. Tamb\u00e9m oferece recursos para l\u00edderes de igrejas gerenciarem eventos e comunicarem-se com membros.<\/p>\n\n\n\n<h4 class=\"wp-block-heading\">Glo Bible<\/h4>\n\n\n\n<p class=\"wp-block-paragraph\">Plataformas: iOS, Android<\/p>\n\n\n\n<p class=\"wp-block-paragraph\">Este aplicativo combina a B\u00edblia com recursos interativos, proporcionando uma experi\u00eancia envolvente. Inclui mapas, v\u00eddeos, estudos e recursos visuais para aprofundar a compreens\u00e3o das Escrituras.<\/p>\n\n\n\n<figure class=\"wp-block-image size-large\"><img loading=\"lazy\" decoding=\"async\" width=\"1024\" height=\"682\" src=\"https:\/\/www.oracaoefe.com\/wp-content\/uploads\/2023\/12\/image-2-1024x682.png\" alt=\"\" class=\"wp-image-2486\" srcset=\"https:\/\/www.oracaoefe.com\/wp-content\/uploads\/2023\/12\/image-2-1024x682.png 1024w, https:\/\/www.oracaoefe.com\/wp-content\/uploads\/2023\/12\/image-2-300x200.png 300w, https:\/\/www.oracaoefe.com\/wp-content\/uploads\/2023\/12\/image-2-768x512.png 768w, https:\/\/www.oracaoefe.com\/wp-content\/uploads\/2023\/12\/image-2-18x12.png 18w, https:\/\/www.oracaoefe.com\/wp-content\/uploads\/2023\/12\/image-2.png 1280w\" sizes=\"auto, (max-width: 1024px) 100vw, 1024px\" \/><\/figure>\n\n\n\n<h4 class=\"wp-block-heading\">Abide &#8211; Christian Meditation<\/h4>\n\n\n\n<p class=\"wp-block-paragraph\">Plataformas: iOS, Android<\/p>\n\n\n\n<p class=\"wp-block-paragraph\">Abide oferece medita\u00e7\u00f5es crist\u00e3s guiadas, m\u00fasica relaxante e hist\u00f3rias b\u00edblicas para ajudar os usu\u00e1rios a encontrarem momentos de reflex\u00e3o e paz espiritual em seu dia-a-dia.<\/p>\n\n\n\n<h3 class=\"wp-block-heading\">2. Di\u00e1logo Inter-religioso<\/h3>\n\n\n\n<p class=\"wp-block-paragraph\">O di\u00e1logo inter-religioso nunca foi t\u00e3o importante quanto agora. Em um mundo globalizado, onde diversas cren\u00e7as coexistem, entender e respeitar as diferentes religi\u00f5es \u00e9 essencial. Conhecer as novidades no campo do di\u00e1logo inter-religioso pode fortalecer a compreens\u00e3o m\u00fatua e promover a toler\u00e2ncia. A busca pela paz e harmonia entre as religi\u00f5es \u00e9 um caminho vital para a constru\u00e7\u00e3o de um mundo mais justo e compassivo.<\/p>\n\n\n\n<h3 class=\"wp-block-heading\">3. Ci\u00eancia e F\u00e9<\/h3>\n\n\n\n<p class=\"wp-block-paragraph\">O constante avan\u00e7o da ci\u00eancia levanta quest\u00f5es que desafiam as cren\u00e7as tradicionais. No entanto, \u00e9 fundamental perceber que ci\u00eancia e f\u00e9 n\u00e3o s\u00e3o mutuamente exclusivas. Existem muitas maneiras de reconciliar essas duas esferas, e os crentes devem estar atualizados sobre as \u00faltimas descobertas cient\u00edficas e como elas podem se alinhar com a f\u00e9. Uma abordagem equilibrada pode enriquecer nossa compreens\u00e3o do divino e do mundo que nos rodeia.<\/p>\n\n\n\n<h3 class=\"wp-block-heading\">4. Desafios Contempor\u00e2neos e \u00c9tica Crist\u00e3<\/h3>\n\n\n\n<p class=\"wp-block-paragraph\">A sociedade enfrenta desafios \u00fanicos nos tempos modernos, como quest\u00f5es \u00e9ticas relacionadas \u00e0 bio\u00e9tica, intelig\u00eancia artificial e mudan\u00e7as clim\u00e1ticas. Os crentes devem estar cientes dessas quest\u00f5es e considerar como a \u00e9tica crist\u00e3 pode oferecer orienta\u00e7\u00e3o. O engajamento ativo em quest\u00f5es sociais \u00e9 uma express\u00e3o pr\u00e1tica da f\u00e9 e uma oportunidade de ser luz no mundo.<\/p>\n\n\n\n<h3 class=\"wp-block-heading\">5. Espiritualidade e Sa\u00fade Mental<\/h3>\n\n\n\n<p class=\"wp-block-paragraph\">O reconhecimento da import\u00e2ncia da sa\u00fade mental est\u00e1 crescendo, e os crentes n\u00e3o est\u00e3o imunes a desafios nessa \u00e1rea. \u00c9 essencial estar atualizado sobre pr\u00e1ticas espirituais que promovem o bem-estar mental, al\u00e9m de compreender como a f\u00e9 pode ser um recurso valioso em tempos de dificuldade emocional.<\/p>\n\n\n\n<h2 class=\"wp-block-heading\">Crescimento espiritual<\/h2>\n\n\n\n<p class=\"wp-block-paragraph\">Manter-se atualizado como crente \u00e9 um compromisso constante com o crescimento espiritual em um mundo em constante transforma\u00e7\u00e3o. Ao abra\u00e7ar as novidades tecnol\u00f3gicas, participar do di\u00e1logo inter-religioso, enfrentar desafios \u00e9ticos, integrar ci\u00eancia e f\u00e9 e cuidar da sa\u00fade mental, os crentes podem n\u00e3o apenas se manter relevantes, mas tamb\u00e9m contribuir positivamente para a sociedade. Que essa busca constante de conhecimento e compreens\u00e3o fortale\u00e7a a f\u00e9 e inspire a\u00e7\u00f5es que reflitam os princ\u00edpios do amor, compaix\u00e3o e justi\u00e7a que s\u00e3o fundamentais para a pr\u00e1tica religiosa.<\/p>\n\n\n\n<p class=\"wp-block-paragraph\"><strong>Voir aussi\u00a0: <a href=\"https:\/\/www.oracaoefe.com\/fr\/a-transformadora-palavra-de-vida-reflexoes-profundas-para-o-cristao-catolico\/\">A Transformadora Palavra de Vida: Reflex\u00f5es Profundas para o Crist\u00e3o Cat\u00f3lico<\/a><\/strong><\/p>\n\n\n\n<p class=\"wp-block-paragraph\">17 de dezembro de 2023<\/p>","protected":false},"excerpt":{"rendered":"<p>Viver em um mundo em constante evolu\u00e7\u00e3o requer que os crentes estejam atentos \u00e0s mudan\u00e7as ao seu redor. Manter-se atualizado n\u00e3o se trata apenas de acompanhar as \u00faltimas tend\u00eancias, mas tamb\u00e9m de entender como essas mudan\u00e7as podem influenciar nossa f\u00e9 e pr\u00e1tica religiosa.&nbsp; Novidades que todo crente deve conhecer Em um mundo din\u00e2mico e em&hellip;&nbsp;<\/p>","protected":false},"author":3,"featured_media":2486,"comment_status":"closed","ping_status":"closed","sticky":false,"template":"","format":"standard","meta":{"neve_meta_sidebar":"","neve_meta_container":"","neve_meta_enable_content_width":"","neve_meta_content_width":0,"neve_meta_title_alignment":"","neve_meta_author_avatar":"","neve_post_elements_order":"","neve_meta_disable_header":"","neve_meta_disable_footer":"","neve_meta_disable_title":"","footnotes":""},"categories":[4],"tags":[],"class_list":["post-2485","post","type-post","status-publish","format-standard","has-post-thumbnail","hentry","category-fique-por-dentro"],"yoast_head":"<!-- This site is optimized with the Yoast SEO plugin v28.4 - https:\/\/yoast.com\/product\/yoast-seo-wordpress\/ -->\n<title>Mantenha-se Atualizado: Novidades que Todo Crente Deve Conhecer - Ora\u00e7\u00e3o e F\u00e9<\/title>\n<meta name=\"description\" content=\"Deus tem pra voc\u00ea uma palavra de vida!\" \/>\n<meta name=\"robots\" content=\"index, follow, max-snippet:-1, max-image-preview:large, max-video-preview:-1\" \/>\n<link rel=\"canonical\" href=\"https:\/\/www.oracaoefe.com\/fr\/mantenha-se-atualizado-novidades-que-todo-crente-deve-conhecer\/\" \/>\n<meta property=\"og:locale\" content=\"fr_FR\" \/>\n<meta property=\"og:type\" content=\"article\" \/>\n<meta property=\"og:title\" content=\"Mantenha-se Atualizado: Novidades que Todo Crente Deve Conhecer - Ora\u00e7\u00e3o e F\u00e9\" \/>\n<meta property=\"og:description\" content=\"Deus tem pra voc\u00ea uma palavra de vida!\" \/>\n<meta property=\"og:url\" content=\"https:\/\/www.oracaoefe.com\/fr\/mantenha-se-atualizado-novidades-que-todo-crente-deve-conhecer\/\" \/>\n<meta property=\"og:site_name\" content=\"Ora\u00e7\u00e3o e F\u00e9\" \/>\n<meta property=\"article:published_time\" content=\"2023-12-17T20:25:43+00:00\" \/>\n<meta property=\"article:modified_time\" content=\"2023-12-17T20:25:44+00:00\" \/>\n<meta property=\"og:image\" content=\"https:\/\/www.oracaoefe.com\/wp-content\/uploads\/2023\/12\/image-2.png\" \/>\n\t<meta property=\"og:image:width\" content=\"1280\" \/>\n\t<meta property=\"og:image:height\" content=\"853\" \/>\n\t<meta property=\"og:image:type\" content=\"image\/png\" \/>\n<meta name=\"author\" content=\"Michele Azevedo\" \/>\n<meta name=\"twitter:card\" content=\"summary_large_image\" \/>\n<meta name=\"twitter:label1\" content=\"\u00c9crit par\" \/>\n\t<meta name=\"twitter:data1\" content=\"Michele Azevedo\" \/>\n\t<meta name=\"twitter:label2\" content=\"Dur\u00e9e de lecture estim\u00e9e\" \/>\n\t<meta name=\"twitter:data2\" content=\"4 minutes\" \/>\n<script type=\"application\/ld+json\" class=\"yoast-schema-graph\">{\"@context\":\"https:\\\/\\\/schema.org\",\"@graph\":[{\"@type\":\"Article\",\"@id\":\"https:\\\/\\\/www.oracaoefe.com\\\/mantenha-se-atualizado-novidades-que-todo-crente-deve-conhecer\\\/#article\",\"isPartOf\":{\"@id\":\"https:\\\/\\\/www.oracaoefe.com\\\/mantenha-se-atualizado-novidades-que-todo-crente-deve-conhecer\\\/\"},\"author\":{\"name\":\"Michele Azevedo\",\"@id\":\"https:\\\/\\\/www.oracaoefe.com\\\/#\\\/schema\\\/person\\\/17283c669442cf005c4d5bb58adfb7f5\"},\"headline\":\"Mantenha-se Atualizado: Novidades que Todo Crente Deve Conhecer\",\"datePublished\":\"2023-12-17T20:25:43+00:00\",\"dateModified\":\"2023-12-17T20:25:44+00:00\",\"mainEntityOfPage\":{\"@id\":\"https:\\\/\\\/www.oracaoefe.com\\\/mantenha-se-atualizado-novidades-que-todo-crente-deve-conhecer\\\/\"},\"wordCount\":804,\"image\":{\"@id\":\"https:\\\/\\\/www.oracaoefe.com\\\/mantenha-se-atualizado-novidades-que-todo-crente-deve-conhecer\\\/#primaryimage\"},\"thumbnailUrl\":\"https:\\\/\\\/www.oracaoefe.com\\\/wp-content\\\/uploads\\\/2023\\\/12\\\/image-2.png\",\"articleSection\":[\"Fique por Dentro\"],\"inLanguage\":\"fr-FR\"},{\"@type\":\"WebPage\",\"@id\":\"https:\\\/\\\/www.oracaoefe.com\\\/mantenha-se-atualizado-novidades-que-todo-crente-deve-conhecer\\\/\",\"url\":\"https:\\\/\\\/www.oracaoefe.com\\\/mantenha-se-atualizado-novidades-que-todo-crente-deve-conhecer\\\/\",\"name\":\"Mantenha-se Atualizado: Novidades que Todo Crente Deve Conhecer - Ora\u00e7\u00e3o e F\u00e9\",\"isPartOf\":{\"@id\":\"https:\\\/\\\/www.oracaoefe.com\\\/#website\"},\"primaryImageOfPage\":{\"@id\":\"https:\\\/\\\/www.oracaoefe.com\\\/mantenha-se-atualizado-novidades-que-todo-crente-deve-conhecer\\\/#primaryimage\"},\"image\":{\"@id\":\"https:\\\/\\\/www.oracaoefe.com\\\/mantenha-se-atualizado-novidades-que-todo-crente-deve-conhecer\\\/#primaryimage\"},\"thumbnailUrl\":\"https:\\\/\\\/www.oracaoefe.com\\\/wp-content\\\/uploads\\\/2023\\\/12\\\/image-2.png\",\"datePublished\":\"2023-12-17T20:25:43+00:00\",\"dateModified\":\"2023-12-17T20:25:44+00:00\",\"author\":{\"@id\":\"https:\\\/\\\/www.oracaoefe.com\\\/#\\\/schema\\\/person\\\/17283c669442cf005c4d5bb58adfb7f5\"},\"description\":\"Deus tem pra voc\u00ea uma palavra de vida!\",\"breadcrumb\":{\"@id\":\"https:\\\/\\\/www.oracaoefe.com\\\/mantenha-se-atualizado-novidades-que-todo-crente-deve-conhecer\\\/#breadcrumb\"},\"inLanguage\":\"fr-FR\",\"potentialAction\":[{\"@type\":\"ReadAction\",\"target\":[\"https:\\\/\\\/www.oracaoefe.com\\\/mantenha-se-atualizado-novidades-que-todo-crente-deve-conhecer\\\/\"]}]},{\"@type\":\"ImageObject\",\"inLanguage\":\"fr-FR\",\"@id\":\"https:\\\/\\\/www.oracaoefe.com\\\/mantenha-se-atualizado-novidades-que-todo-crente-deve-conhecer\\\/#primaryimage\",\"url\":\"https:\\\/\\\/www.oracaoefe.com\\\/wp-content\\\/uploads\\\/2023\\\/12\\\/image-2.png\",\"contentUrl\":\"https:\\\/\\\/www.oracaoefe.com\\\/wp-content\\\/uploads\\\/2023\\\/12\\\/image-2.png\",\"width\":1280,\"height\":853},{\"@type\":\"BreadcrumbList\",\"@id\":\"https:\\\/\\\/www.oracaoefe.com\\\/mantenha-se-atualizado-novidades-que-todo-crente-deve-conhecer\\\/#breadcrumb\",\"itemListElement\":[{\"@type\":\"ListItem\",\"position\":1,\"name\":\"Home\",\"item\":\"https:\\\/\\\/www.oracaoefe.com\\\/\"},{\"@type\":\"ListItem\",\"position\":2,\"name\":\"Fique por Dentro\",\"item\":\"https:\\\/\\\/www.oracaoefe.com\\\/category\\\/fique-por-dentro\\\/\"},{\"@type\":\"ListItem\",\"position\":3,\"name\":\"Mantenha-se Atualizado: Novidades que Todo Crente Deve Conhecer\"}]},{\"@type\":\"WebSite\",\"@id\":\"https:\\\/\\\/www.oracaoefe.com\\\/#website\",\"url\":\"https:\\\/\\\/www.oracaoefe.com\\\/\",\"name\":\"Ora\u00e7\u00e3o e F\u00e9\",\"description\":\"\",\"potentialAction\":[{\"@type\":\"SearchAction\",\"target\":{\"@type\":\"EntryPoint\",\"urlTemplate\":\"https:\\\/\\\/www.oracaoefe.com\\\/?s={search_term_string}\"},\"query-input\":{\"@type\":\"PropertyValueSpecification\",\"valueRequired\":true,\"valueName\":\"search_term_string\"}}],\"inLanguage\":\"fr-FR\"},{\"@type\":\"Person\",\"@id\":\"https:\\\/\\\/www.oracaoefe.com\\\/#\\\/schema\\\/person\\\/17283c669442cf005c4d5bb58adfb7f5\",\"name\":\"Michele Azevedo\",\"image\":{\"@type\":\"ImageObject\",\"inLanguage\":\"fr-FR\",\"@id\":\"https:\\\/\\\/secure.gravatar.com\\\/avatar\\\/6b0eb9d22841282815e2cd856a0061c45e1761cd54b22e952d98c4746939aa85?s=96&d=mm&r=g\",\"url\":\"https:\\\/\\\/secure.gravatar.com\\\/avatar\\\/6b0eb9d22841282815e2cd856a0061c45e1761cd54b22e952d98c4746939aa85?s=96&d=mm&r=g\",\"contentUrl\":\"https:\\\/\\\/secure.gravatar.com\\\/avatar\\\/6b0eb9d22841282815e2cd856a0061c45e1761cd54b22e952d98c4746939aa85?s=96&d=mm&r=g\",\"caption\":\"Michele Azevedo\"},\"description\":\"Formada em Letras - Portugu\u00eas\\\/ Ingl\u00eas pela Universidade Estadual de Ponta Grossa (UEPG), p\u00f3s-graduada em Arte na Educa\u00e7\u00e3o (FAPI) e Psicopedagogia Escolar (FAPI), idealizadora e propriet\u00e1ria do site Escritora de Sucesso, possui experi\u00eancia em escrita para blogs em geral e atua como redatora e revisora dos conte\u00fados do Ora\u00e7\u00e3o e F\u00e9.\",\"url\":\"https:\\\/\\\/www.oracaoefe.com\\\/fr\\\/author\\\/michele-azevedo\\\/\"}]}<\/script>\n<!-- \/ Yoast SEO plugin. -->","yoast_head_json":{"title":"Mantenha-se Atualizado: Novidades que Todo Crente Deve Conhecer - Ora\u00e7\u00e3o e F\u00e9","description":"Dieu a une parole de vie pour vous !","robots":{"index":"index","follow":"follow","max-snippet":"max-snippet:-1","max-image-preview":"max-image-preview:large","max-video-preview":"max-video-preview:-1"},"canonical":"https:\/\/www.oracaoefe.com\/fr\/mantenha-se-atualizado-novidades-que-todo-crente-deve-conhecer\/","og_locale":"fr_FR","og_type":"article","og_title":"Mantenha-se Atualizado: Novidades que Todo Crente Deve Conhecer - Ora\u00e7\u00e3o e F\u00e9","og_description":"Deus tem pra voc\u00ea uma palavra de vida!","og_url":"https:\/\/www.oracaoefe.com\/fr\/mantenha-se-atualizado-novidades-que-todo-crente-deve-conhecer\/","og_site_name":"Ora\u00e7\u00e3o e F\u00e9","article_published_time":"2023-12-17T20:25:43+00:00","article_modified_time":"2023-12-17T20:25:44+00:00","og_image":[{"width":1280,"height":853,"url":"https:\/\/www.oracaoefe.com\/wp-content\/uploads\/2023\/12\/image-2.png","type":"image\/png"}],"author":"Michele Azevedo","twitter_card":"summary_large_image","twitter_misc":{"\u00c9crit par":"Michele Azevedo","Dur\u00e9e de lecture estim\u00e9e":"4 minutes"},"schema":{"@context":"https:\/\/schema.org","@graph":[{"@type":"Article","@id":"https:\/\/www.oracaoefe.com\/mantenha-se-atualizado-novidades-que-todo-crente-deve-conhecer\/#article","isPartOf":{"@id":"https:\/\/www.oracaoefe.com\/mantenha-se-atualizado-novidades-que-todo-crente-deve-conhecer\/"},"author":{"name":"Michele Azevedo","@id":"https:\/\/www.oracaoefe.com\/#\/schema\/person\/17283c669442cf005c4d5bb58adfb7f5"},"headline":"Mantenha-se Atualizado: Novidades que Todo Crente Deve Conhecer","datePublished":"2023-12-17T20:25:43+00:00","dateModified":"2023-12-17T20:25:44+00:00","mainEntityOfPage":{"@id":"https:\/\/www.oracaoefe.com\/mantenha-se-atualizado-novidades-que-todo-crente-deve-conhecer\/"},"wordCount":804,"image":{"@id":"https:\/\/www.oracaoefe.com\/mantenha-se-atualizado-novidades-que-todo-crente-deve-conhecer\/#primaryimage"},"thumbnailUrl":"https:\/\/www.oracaoefe.com\/wp-content\/uploads\/2023\/12\/image-2.png","articleSection":["Fique por Dentro"],"inLanguage":"fr-FR"},{"@type":"WebPage","@id":"https:\/\/www.oracaoefe.com\/mantenha-se-atualizado-novidades-que-todo-crente-deve-conhecer\/","url":"https:\/\/www.oracaoefe.com\/mantenha-se-atualizado-novidades-que-todo-crente-deve-conhecer\/","name":"Mantenha-se Atualizado: Novidades que Todo Crente Deve Conhecer - Ora\u00e7\u00e3o e F\u00e9","isPartOf":{"@id":"https:\/\/www.oracaoefe.com\/#website"},"primaryImageOfPage":{"@id":"https:\/\/www.oracaoefe.com\/mantenha-se-atualizado-novidades-que-todo-crente-deve-conhecer\/#primaryimage"},"image":{"@id":"https:\/\/www.oracaoefe.com\/mantenha-se-atualizado-novidades-que-todo-crente-deve-conhecer\/#primaryimage"},"thumbnailUrl":"https:\/\/www.oracaoefe.com\/wp-content\/uploads\/2023\/12\/image-2.png","datePublished":"2023-12-17T20:25:43+00:00","dateModified":"2023-12-17T20:25:44+00:00","author":{"@id":"https:\/\/www.oracaoefe.com\/#\/schema\/person\/17283c669442cf005c4d5bb58adfb7f5"},"description":"Dieu a une parole de vie pour vous !","breadcrumb":{"@id":"https:\/\/www.oracaoefe.com\/mantenha-se-atualizado-novidades-que-todo-crente-deve-conhecer\/#breadcrumb"},"inLanguage":"fr-FR","potentialAction":[{"@type":"ReadAction","target":["https:\/\/www.oracaoefe.com\/mantenha-se-atualizado-novidades-que-todo-crente-deve-conhecer\/"]}]},{"@type":"ImageObject","inLanguage":"fr-FR","@id":"https:\/\/www.oracaoefe.com\/mantenha-se-atualizado-novidades-que-todo-crente-deve-conhecer\/#primaryimage","url":"https:\/\/www.oracaoefe.com\/wp-content\/uploads\/2023\/12\/image-2.png","contentUrl":"https:\/\/www.oracaoefe.com\/wp-content\/uploads\/2023\/12\/image-2.png","width":1280,"height":853},{"@type":"BreadcrumbList","@id":"https:\/\/www.oracaoefe.com\/mantenha-se-atualizado-novidades-que-todo-crente-deve-conhecer\/#breadcrumb","itemListElement":[{"@type":"ListItem","position":1,"name":"Home","item":"https:\/\/www.oracaoefe.com\/"},{"@type":"ListItem","position":2,"name":"Fique por Dentro","item":"https:\/\/www.oracaoefe.com\/category\/fique-por-dentro\/"},{"@type":"ListItem","position":3,"name":"Mantenha-se Atualizado: Novidades que Todo Crente Deve Conhecer"}]},{"@type":"WebSite","@id":"https:\/\/www.oracaoefe.com\/#website","url":"https:\/\/www.oracaoefe.com\/","name":"Pri\u00e8re et foi","description":"","potentialAction":[{"@type":"SearchAction","target":{"@type":"EntryPoint","urlTemplate":"https:\/\/www.oracaoefe.com\/?s={search_term_string}"},"query-input":{"@type":"PropertyValueSpecification","valueRequired":true,"valueName":"search_term_string"}}],"inLanguage":"fr-FR"},{"@type":"Person","@id":"https:\/\/www.oracaoefe.com\/#\/schema\/person\/17283c669442cf005c4d5bb58adfb7f5","name":"Michele Azevedo","image":{"@type":"ImageObject","inLanguage":"fr-FR","@id":"https:\/\/secure.gravatar.com\/avatar\/6b0eb9d22841282815e2cd856a0061c45e1761cd54b22e952d98c4746939aa85?s=96&d=mm&r=g","url":"https:\/\/secure.gravatar.com\/avatar\/6b0eb9d22841282815e2cd856a0061c45e1761cd54b22e952d98c4746939aa85?s=96&d=mm&r=g","contentUrl":"https:\/\/secure.gravatar.com\/avatar\/6b0eb9d22841282815e2cd856a0061c45e1761cd54b22e952d98c4746939aa85?s=96&d=mm&r=g","caption":"Michele Azevedo"},"description":"Dipl\u00f4m\u00e9e en litt\u00e9rature portugaise\/anglaise de l&#039;Universit\u00e9 d&#039;\u00c9tat de Ponta Grossa (UEPG), avec des dipl\u00f4mes de troisi\u00e8me cycle en art dans l&#039;\u00e9ducation (FAPI) et en psychop\u00e9dagogie scolaire (FAPI), elle est la cr\u00e9atrice et propri\u00e9taire du site web Escritora de Sucesso, a de l&#039;exp\u00e9rience dans l&#039;\u00e9criture pour les blogs en g\u00e9n\u00e9ral et travaille comme r\u00e9dactrice et \u00e9ditrice du contenu pour Ora\u00e7\u00e3o e F\u00e9.","url":"https:\/\/www.oracaoefe.com\/fr\/author\/michele-azevedo\/"}]}},"_links":{"self":[{"href":"https:\/\/www.oracaoefe.com\/fr\/wp-json\/wp\/v2\/posts\/2485","targetHints":{"allow":["GET"]}}],"collection":[{"href":"https:\/\/www.oracaoefe.com\/fr\/wp-json\/wp\/v2\/posts"}],"about":[{"href":"https:\/\/www.oracaoefe.com\/fr\/wp-json\/wp\/v2\/types\/post"}],"author":[{"embeddable":true,"href":"https:\/\/www.oracaoefe.com\/fr\/wp-json\/wp\/v2\/users\/3"}],"replies":[{"embeddable":true,"href":"https:\/\/www.oracaoefe.com\/fr\/wp-json\/wp\/v2\/comments?post=2485"}],"version-history":[{"count":1,"href":"https:\/\/www.oracaoefe.com\/fr\/wp-json\/wp\/v2\/posts\/2485\/revisions"}],"predecessor-version":[{"id":2487,"href":"https:\/\/www.oracaoefe.com\/fr\/wp-json\/wp\/v2\/posts\/2485\/revisions\/2487"}],"wp:featuredmedia":[{"embeddable":true,"href":"https:\/\/www.oracaoefe.com\/fr\/wp-json\/wp\/v2\/media\/2486"}],"wp:attachment":[{"href":"https:\/\/www.oracaoefe.com\/fr\/wp-json\/wp\/v2\/media?parent=2485"}],"wp:term":[{"taxonomy":"category","embeddable":true,"href":"https:\/\/www.oracaoefe.com\/fr\/wp-json\/wp\/v2\/categories?post=2485"},{"taxonomy":"post_tag","embeddable":true,"href":"https:\/\/www.oracaoefe.com\/fr\/wp-json\/wp\/v2\/tags?post=2485"}],"curies":[{"name":"wp","href":"https:\/\/api.w.org\/{rel}","templated":true}]}}