{"id":2480,"date":"2023-12-14T20:21:57","date_gmt":"2023-12-14T23:21:57","guid":{"rendered":"https:\/\/www.oracaoefe.com\/?p=2480"},"modified":"2023-12-14T20:21:59","modified_gmt":"2023-12-14T23:21:59","slug":"caminho-da-esperanca-reforce-sua-fe-com-mensagens-inspiradoras","status":"publish","type":"post","link":"https:\/\/www.oracaoefe.com\/fr\/caminho-da-esperanca-reforce-sua-fe-com-mensagens-inspiradoras\/","title":{"rendered":"Caminho da Esperan\u00e7a: Reforce Sua F\u00e9 com Mensagens Inspiradoras"},"content":{"rendered":"<p class=\"wp-block-paragraph\">Na jornada da vida, muitas vezes nos deparamos com desafios que testam nossas for\u00e7as e abalam nossa f\u00e9. \u00c9 nesses momentos que precisamos encontrar fontes de inspira\u00e7\u00e3o que nos ajudem a renovar nossa esperan\u00e7a e refor\u00e7ar nossa f\u00e9. Neste conte\u00fado, exploraremos o &#8220;Caminho da Esperan\u00e7a&#8221; e como mensagens inspiradoras podem iluminar nosso trajeto.<\/p>\n\n\n\n<h2 class=\"wp-block-heading\">A Import\u00e2ncia da Esperan\u00e7a<\/h2>\n\n\n\n<p class=\"wp-block-paragraph\">A esperan\u00e7a \u00e9 um elemento vital em nossas vidas. Ela nos impulsiona a seguir em frente, mesmo quando os obst\u00e1culos parecem intranspon\u00edveis. Em meio \u00e0s adversidades, a esperan\u00e7a \u00e9 a luz que brilha, indicando que dias melhores est\u00e3o por vir.<\/p>\n\n\n\n<h3 class=\"wp-block-heading\">Mensagens que Elevam o Esp\u00edrito<\/h3>\n\n\n\n<p class=\"wp-block-paragraph\">No caminho da vida, enfrentamos desafios que podem abalar nossa estrutura emocional e espiritual. \u00c9 nesses momentos de incerteza que a esperan\u00e7a, aliada \u00e0 f\u00e9, se torna uma luz guia, proporcionando consolo e renova\u00e7\u00e3o.<\/p>\n\n\n\n<ul class=\"wp-block-list\">\n<li>&#8220;A F\u00e9 que Move Montanhas&#8221;: Lembre-se sempre do poder da f\u00e9. Mesmo diante dos desafios mais imponentes, uma f\u00e9 inabal\u00e1vel pode abrir caminhos inesperados.<\/li>\n\n\n\n<li>&#8220;A Gratid\u00e3o Transforma&#8221;: Cultivar a gratid\u00e3o em meio \u00e0s dificuldades traz uma perspectiva positiva. Ao focar no que temos, em vez do que nos falta, descobrimos uma for\u00e7a interior que nos impulsiona.<\/li>\n\n\n\n<li>&#8220;Persist\u00eancia e Paci\u00eancia&#8221;: O caminho da esperan\u00e7a muitas vezes exige paci\u00eancia e persist\u00eancia. Cada passo que damos nos aproxima da realiza\u00e7\u00e3o dos nossos sonhos.<\/li>\n\n\n\n<li>&#8220;A Luz no Fim do T\u00fanel&#8221;: Mesmo nas situa\u00e7\u00f5es mais sombrias, h\u00e1 sempre uma luz no fim do t\u00fanel. Mantenha-se firme, pois a esperan\u00e7a \u00e9 o farol que guia seu caminho.<\/li>\n<\/ul>\n\n\n\n<p class=\"wp-block-paragraph\">Participar de uma comunidade de f\u00e9 proporciona apoio m\u00fatuo. Compartilhar experi\u00eancias, orar em conjunto e celebrar conquistas fortalece a esperan\u00e7a coletiva.<\/p>\n\n\n\n<figure class=\"wp-block-image size-large\"><img loading=\"lazy\" decoding=\"async\" width=\"1024\" height=\"686\" src=\"https:\/\/www.oracaoefe.com\/wp-content\/uploads\/2023\/12\/image-1-1024x686.png\" alt=\"\" class=\"wp-image-2481\" srcset=\"https:\/\/www.oracaoefe.com\/wp-content\/uploads\/2023\/12\/image-1-1024x686.png 1024w, https:\/\/www.oracaoefe.com\/wp-content\/uploads\/2023\/12\/image-1-300x201.png 300w, https:\/\/www.oracaoefe.com\/wp-content\/uploads\/2023\/12\/image-1-768x514.png 768w, https:\/\/www.oracaoefe.com\/wp-content\/uploads\/2023\/12\/image-1-18x12.png 18w, https:\/\/www.oracaoefe.com\/wp-content\/uploads\/2023\/12\/image-1.png 1280w\" sizes=\"auto, (max-width: 1024px) 100vw, 1024px\" \/><\/figure>\n\n\n\n<p class=\"wp-block-paragraph\">Ao viver com esperan\u00e7a e f\u00e9, tornamo-nos fontes de inspira\u00e7\u00e3o para os que nos rodeiam. Nosso testemunho pode acender a chama da f\u00e9 em cora\u00e7\u00f5es que precisam de encorajamento.<\/p>\n\n\n\n<h3 class=\"wp-block-heading\">Inspirando-se nas Experi\u00eancias de Outros<\/h3>\n\n\n\n<p class=\"wp-block-paragraph\">Hist\u00f3rias de Supera\u00e7\u00e3o: Conhecer as hist\u00f3rias de pessoas que superaram grandes desafios pode ser incrivelmente inspirador. Elas nos lembram que a resili\u00eancia \u00e9 uma for\u00e7a poderosa.<\/p>\n\n\n\n<p class=\"wp-block-paragraph\">Compartilhando Viv\u00eancias Positivas: Trocar experi\u00eancias positivas com amigos, familiares ou comunidades de f\u00e9 pode fortalecer o esp\u00edrito coletivo, criando um ambiente prop\u00edcio para a esperan\u00e7a florescer.<\/p>\n\n\n\n<p class=\"wp-block-paragraph\">Em meio \u00e0s vicissitudes da vida, quando as tempestades amea\u00e7am obscurecer o horizonte e os ventos da adversidade sopram com for\u00e7a, \u00e9 fundamental ancorarmo-nos na f\u00e9 e nutrir a esperan\u00e7a de que a vida pode melhorar. Este \u00e9 um lembrete constante de que, mesmo nas situa\u00e7\u00f5es mais desafiadoras, a luz da esperan\u00e7a pode penetrar as nuvens escuras, dissipando a escurid\u00e3o e revelando um amanhecer promissor.<\/p>\n\n\n\n<p class=\"wp-block-paragraph\">A f\u00e9 \u00e9 como um alicerce s\u00f3lido que sustenta nossa exist\u00eancia. \u00c9 a convic\u00e7\u00e3o de que h\u00e1 um prop\u00f3sito maior em nossas vidas, uma for\u00e7a transcendental que guia nossos passos. Ter f\u00e9 n\u00e3o \u00e9 simplesmente acreditar na aus\u00eancia de dificuldades, mas crer que, mesmo em meio aos obst\u00e1culos, existe uma for\u00e7a que nos conduz.<\/p>\n\n\n\n<h3 class=\"wp-block-heading\">Caminhando Juntos Rumo \u00e0 Esperan\u00e7a<\/h3>\n\n\n\n<p class=\"wp-block-paragraph\">Comunidade e Apoio M\u00fatuo: Compartilhar suas esperan\u00e7as e temores com outros cria la\u00e7os de solidariedade. Em comunidade, encontramos apoio e for\u00e7a para enfrentar os desafios.<\/p>\n\n\n\n<p class=\"wp-block-paragraph\">Rituais de Reflex\u00e3o: Incorporar rituais de reflex\u00e3o em sua rotina di\u00e1ria, como medita\u00e7\u00e3o ou ora\u00e7\u00e3o, pode proporcionar momentos de paz e clareza mental, fortalecendo a esperan\u00e7a.<\/p>\n\n\n\n<h2 class=\"wp-block-heading\">Um caminho de esperan\u00e7a<\/h2>\n\n\n\n<p class=\"wp-block-paragraph\">No Caminho da Esperan\u00e7a, as mensagens inspiradoras s\u00e3o b\u00fassolas que nos guiam e fortalecem nossa f\u00e9. Em cada palavra de encorajamento, encontramos a energia necess\u00e1ria para seguir adiante, mesmo nas circunst\u00e2ncias mais dif\u00edceis. Reforce sua f\u00e9, compartilhe inspira\u00e7\u00e3o e caminhe confiante, sabendo que a esperan\u00e7a \u00e9 um poderoso aliado na jornada da vida.<\/p>\n\n\n\n<p class=\"wp-block-paragraph\">A esperan\u00e7a, por sua vez, \u00e9 como um farol que brilha nos momentos mais sombrios. Ela nos impulsiona a olhar para al\u00e9m das circunst\u00e2ncias presentes e vislumbrar um futuro repleto de possibilidades. \u00c9 a chama que arde mesmo quando tudo ao redor parece frio, lembrando-nos de que a vida \u00e9 uma jornada em constante evolu\u00e7\u00e3o.<\/p>\n\n\n\n<p class=\"wp-block-paragraph\">Assegurar-se na f\u00e9 e cultivar a esperan\u00e7a n\u00e3o \u00e9 um sinal de fragilidade, mas sim de resist\u00eancia. Em tempos de dificuldade, \u00e9 essa resist\u00eancia que nos impede de sucumbir ao desespero. A f\u00e9 nos oferece uma \u00e2ncora emocional, enquanto a esperan\u00e7a nos encoraja a dar passos adiante, independentemente de qu\u00e3o \u00e1rduo seja o caminho.<\/p>\n\n\n\n<p class=\"wp-block-paragraph\"><strong>Voir aussi\u00a0: <a href=\"https:\/\/www.oracaoefe.com\/fr\/desvendando-misterios-curiosidades-que-vao-surpreender-sua-fe\/\">Desvendando Mist\u00e9rios: Curiosidades que V\u00e3o Surpreender sua F\u00e9<\/a><\/strong><\/p>\n\n\n\n<p class=\"wp-block-paragraph\">14 de dezembro de 2023<\/p>","protected":false},"excerpt":{"rendered":"<p>Na jornada da vida, muitas vezes nos deparamos com desafios que testam nossas for\u00e7as e abalam nossa f\u00e9. \u00c9 nesses momentos que precisamos encontrar fontes de inspira\u00e7\u00e3o que nos ajudem a renovar nossa esperan\u00e7a e refor\u00e7ar nossa f\u00e9. Neste conte\u00fado, exploraremos o &#8220;Caminho da Esperan\u00e7a&#8221; e como mensagens inspiradoras podem iluminar nosso trajeto. A Import\u00e2ncia&hellip;&nbsp;<\/p>","protected":false},"author":3,"featured_media":2481,"comment_status":"closed","ping_status":"closed","sticky":false,"template":"","format":"standard","meta":{"neve_meta_sidebar":"","neve_meta_container":"","neve_meta_enable_content_width":"","neve_meta_content_width":0,"neve_meta_title_alignment":"","neve_meta_author_avatar":"","neve_post_elements_order":"","neve_meta_disable_header":"","neve_meta_disable_footer":"","neve_meta_disable_title":"","footnotes":""},"categories":[3],"tags":[],"class_list":["post-2480","post","type-post","status-publish","format-standard","has-post-thumbnail","hentry","category-fe"],"yoast_head":"<!-- This site is optimized with the Yoast SEO plugin v28.4 - https:\/\/yoast.com\/product\/yoast-seo-wordpress\/ -->\n<title>Caminho da Esperan\u00e7a: Reforce Sua F\u00e9 com Mensagens Inspiradoras - Ora\u00e7\u00e3o e F\u00e9<\/title>\n<meta name=\"description\" content=\"Deus tem pra voc\u00ea uma palavra de vida!\" \/>\n<meta name=\"robots\" content=\"index, follow, max-snippet:-1, max-image-preview:large, max-video-preview:-1\" \/>\n<link rel=\"canonical\" href=\"https:\/\/www.oracaoefe.com\/fr\/caminho-da-esperanca-reforce-sua-fe-com-mensagens-inspiradoras\/\" \/>\n<meta property=\"og:locale\" content=\"fr_FR\" \/>\n<meta property=\"og:type\" content=\"article\" \/>\n<meta property=\"og:title\" content=\"Caminho da Esperan\u00e7a: Reforce Sua F\u00e9 com Mensagens Inspiradoras - Ora\u00e7\u00e3o e F\u00e9\" \/>\n<meta property=\"og:description\" content=\"Deus tem pra voc\u00ea uma palavra de vida!\" \/>\n<meta property=\"og:url\" content=\"https:\/\/www.oracaoefe.com\/fr\/caminho-da-esperanca-reforce-sua-fe-com-mensagens-inspiradoras\/\" \/>\n<meta property=\"og:site_name\" content=\"Ora\u00e7\u00e3o e F\u00e9\" \/>\n<meta property=\"article:published_time\" content=\"2023-12-14T23:21:57+00:00\" \/>\n<meta property=\"article:modified_time\" content=\"2023-12-14T23:21:59+00:00\" \/>\n<meta property=\"og:image\" content=\"https:\/\/www.oracaoefe.com\/wp-content\/uploads\/2023\/12\/image-1.png\" \/>\n\t<meta property=\"og:image:width\" content=\"1280\" \/>\n\t<meta property=\"og:image:height\" content=\"857\" \/>\n\t<meta property=\"og:image:type\" content=\"image\/png\" \/>\n<meta name=\"author\" content=\"Michele Azevedo\" \/>\n<meta name=\"twitter:card\" content=\"summary_large_image\" \/>\n<meta name=\"twitter:label1\" content=\"\u00c9crit par\" \/>\n\t<meta name=\"twitter:data1\" content=\"Michele Azevedo\" \/>\n\t<meta name=\"twitter:label2\" content=\"Dur\u00e9e de lecture estim\u00e9e\" \/>\n\t<meta name=\"twitter:data2\" content=\"4 minutes\" \/>\n<script type=\"application\/ld+json\" class=\"yoast-schema-graph\">{\"@context\":\"https:\\\/\\\/schema.org\",\"@graph\":[{\"@type\":\"Article\",\"@id\":\"https:\\\/\\\/www.oracaoefe.com\\\/caminho-da-esperanca-reforce-sua-fe-com-mensagens-inspiradoras\\\/#article\",\"isPartOf\":{\"@id\":\"https:\\\/\\\/www.oracaoefe.com\\\/caminho-da-esperanca-reforce-sua-fe-com-mensagens-inspiradoras\\\/\"},\"author\":{\"name\":\"Michele Azevedo\",\"@id\":\"https:\\\/\\\/www.oracaoefe.com\\\/#\\\/schema\\\/person\\\/17283c669442cf005c4d5bb58adfb7f5\"},\"headline\":\"Caminho da Esperan\u00e7a: Reforce Sua F\u00e9 com Mensagens Inspiradoras\",\"datePublished\":\"2023-12-14T23:21:57+00:00\",\"dateModified\":\"2023-12-14T23:21:59+00:00\",\"mainEntityOfPage\":{\"@id\":\"https:\\\/\\\/www.oracaoefe.com\\\/caminho-da-esperanca-reforce-sua-fe-com-mensagens-inspiradoras\\\/\"},\"wordCount\":794,\"image\":{\"@id\":\"https:\\\/\\\/www.oracaoefe.com\\\/caminho-da-esperanca-reforce-sua-fe-com-mensagens-inspiradoras\\\/#primaryimage\"},\"thumbnailUrl\":\"https:\\\/\\\/www.oracaoefe.com\\\/wp-content\\\/uploads\\\/2023\\\/12\\\/image-1.png\",\"articleSection\":[\"F\u00e9\"],\"inLanguage\":\"fr-FR\"},{\"@type\":\"WebPage\",\"@id\":\"https:\\\/\\\/www.oracaoefe.com\\\/caminho-da-esperanca-reforce-sua-fe-com-mensagens-inspiradoras\\\/\",\"url\":\"https:\\\/\\\/www.oracaoefe.com\\\/caminho-da-esperanca-reforce-sua-fe-com-mensagens-inspiradoras\\\/\",\"name\":\"Caminho da Esperan\u00e7a: Reforce Sua F\u00e9 com Mensagens Inspiradoras - Ora\u00e7\u00e3o e F\u00e9\",\"isPartOf\":{\"@id\":\"https:\\\/\\\/www.oracaoefe.com\\\/#website\"},\"primaryImageOfPage\":{\"@id\":\"https:\\\/\\\/www.oracaoefe.com\\\/caminho-da-esperanca-reforce-sua-fe-com-mensagens-inspiradoras\\\/#primaryimage\"},\"image\":{\"@id\":\"https:\\\/\\\/www.oracaoefe.com\\\/caminho-da-esperanca-reforce-sua-fe-com-mensagens-inspiradoras\\\/#primaryimage\"},\"thumbnailUrl\":\"https:\\\/\\\/www.oracaoefe.com\\\/wp-content\\\/uploads\\\/2023\\\/12\\\/image-1.png\",\"datePublished\":\"2023-12-14T23:21:57+00:00\",\"dateModified\":\"2023-12-14T23:21:59+00:00\",\"author\":{\"@id\":\"https:\\\/\\\/www.oracaoefe.com\\\/#\\\/schema\\\/person\\\/17283c669442cf005c4d5bb58adfb7f5\"},\"description\":\"Deus tem pra voc\u00ea uma palavra de vida!\",\"breadcrumb\":{\"@id\":\"https:\\\/\\\/www.oracaoefe.com\\\/caminho-da-esperanca-reforce-sua-fe-com-mensagens-inspiradoras\\\/#breadcrumb\"},\"inLanguage\":\"fr-FR\",\"potentialAction\":[{\"@type\":\"ReadAction\",\"target\":[\"https:\\\/\\\/www.oracaoefe.com\\\/caminho-da-esperanca-reforce-sua-fe-com-mensagens-inspiradoras\\\/\"]}]},{\"@type\":\"ImageObject\",\"inLanguage\":\"fr-FR\",\"@id\":\"https:\\\/\\\/www.oracaoefe.com\\\/caminho-da-esperanca-reforce-sua-fe-com-mensagens-inspiradoras\\\/#primaryimage\",\"url\":\"https:\\\/\\\/www.oracaoefe.com\\\/wp-content\\\/uploads\\\/2023\\\/12\\\/image-1.png\",\"contentUrl\":\"https:\\\/\\\/www.oracaoefe.com\\\/wp-content\\\/uploads\\\/2023\\\/12\\\/image-1.png\",\"width\":1280,\"height\":857},{\"@type\":\"BreadcrumbList\",\"@id\":\"https:\\\/\\\/www.oracaoefe.com\\\/caminho-da-esperanca-reforce-sua-fe-com-mensagens-inspiradoras\\\/#breadcrumb\",\"itemListElement\":[{\"@type\":\"ListItem\",\"position\":1,\"name\":\"Home\",\"item\":\"https:\\\/\\\/www.oracaoefe.com\\\/\"},{\"@type\":\"ListItem\",\"position\":2,\"name\":\"F\u00e9\",\"item\":\"https:\\\/\\\/www.oracaoefe.com\\\/es\\\/categoria\\\/fe\\\/\"},{\"@type\":\"ListItem\",\"position\":3,\"name\":\"Caminho da Esperan\u00e7a: Reforce Sua F\u00e9 com Mensagens Inspiradoras\"}]},{\"@type\":\"WebSite\",\"@id\":\"https:\\\/\\\/www.oracaoefe.com\\\/#website\",\"url\":\"https:\\\/\\\/www.oracaoefe.com\\\/\",\"name\":\"Ora\u00e7\u00e3o e F\u00e9\",\"description\":\"\",\"potentialAction\":[{\"@type\":\"SearchAction\",\"target\":{\"@type\":\"EntryPoint\",\"urlTemplate\":\"https:\\\/\\\/www.oracaoefe.com\\\/?s={search_term_string}\"},\"query-input\":{\"@type\":\"PropertyValueSpecification\",\"valueRequired\":true,\"valueName\":\"search_term_string\"}}],\"inLanguage\":\"fr-FR\"},{\"@type\":\"Person\",\"@id\":\"https:\\\/\\\/www.oracaoefe.com\\\/#\\\/schema\\\/person\\\/17283c669442cf005c4d5bb58adfb7f5\",\"name\":\"Michele Azevedo\",\"image\":{\"@type\":\"ImageObject\",\"inLanguage\":\"fr-FR\",\"@id\":\"https:\\\/\\\/secure.gravatar.com\\\/avatar\\\/6b0eb9d22841282815e2cd856a0061c45e1761cd54b22e952d98c4746939aa85?s=96&d=mm&r=g\",\"url\":\"https:\\\/\\\/secure.gravatar.com\\\/avatar\\\/6b0eb9d22841282815e2cd856a0061c45e1761cd54b22e952d98c4746939aa85?s=96&d=mm&r=g\",\"contentUrl\":\"https:\\\/\\\/secure.gravatar.com\\\/avatar\\\/6b0eb9d22841282815e2cd856a0061c45e1761cd54b22e952d98c4746939aa85?s=96&d=mm&r=g\",\"caption\":\"Michele Azevedo\"},\"description\":\"Formada em Letras - Portugu\u00eas\\\/ Ingl\u00eas pela Universidade Estadual de Ponta Grossa (UEPG), p\u00f3s-graduada em Arte na Educa\u00e7\u00e3o (FAPI) e Psicopedagogia Escolar (FAPI), idealizadora e propriet\u00e1ria do site Escritora de Sucesso, possui experi\u00eancia em escrita para blogs em geral e atua como redatora e revisora dos conte\u00fados do Ora\u00e7\u00e3o e F\u00e9.\",\"url\":\"https:\\\/\\\/www.oracaoefe.com\\\/fr\\\/author\\\/michele-azevedo\\\/\"}]}<\/script>\n<!-- \/ Yoast SEO plugin. -->","yoast_head_json":{"title":"Caminho da Esperan\u00e7a: Reforce Sua F\u00e9 com Mensagens Inspiradoras - Ora\u00e7\u00e3o e F\u00e9","description":"Dieu a une parole de vie pour vous !","robots":{"index":"index","follow":"follow","max-snippet":"max-snippet:-1","max-image-preview":"max-image-preview:large","max-video-preview":"max-video-preview:-1"},"canonical":"https:\/\/www.oracaoefe.com\/fr\/caminho-da-esperanca-reforce-sua-fe-com-mensagens-inspiradoras\/","og_locale":"fr_FR","og_type":"article","og_title":"Caminho da Esperan\u00e7a: Reforce Sua F\u00e9 com Mensagens Inspiradoras - Ora\u00e7\u00e3o e F\u00e9","og_description":"Deus tem pra voc\u00ea uma palavra de vida!","og_url":"https:\/\/www.oracaoefe.com\/fr\/caminho-da-esperanca-reforce-sua-fe-com-mensagens-inspiradoras\/","og_site_name":"Ora\u00e7\u00e3o e F\u00e9","article_published_time":"2023-12-14T23:21:57+00:00","article_modified_time":"2023-12-14T23:21:59+00:00","og_image":[{"width":1280,"height":857,"url":"https:\/\/www.oracaoefe.com\/wp-content\/uploads\/2023\/12\/image-1.png","type":"image\/png"}],"author":"Michele Azevedo","twitter_card":"summary_large_image","twitter_misc":{"\u00c9crit par":"Michele Azevedo","Dur\u00e9e de lecture estim\u00e9e":"4 minutes"},"schema":{"@context":"https:\/\/schema.org","@graph":[{"@type":"Article","@id":"https:\/\/www.oracaoefe.com\/caminho-da-esperanca-reforce-sua-fe-com-mensagens-inspiradoras\/#article","isPartOf":{"@id":"https:\/\/www.oracaoefe.com\/caminho-da-esperanca-reforce-sua-fe-com-mensagens-inspiradoras\/"},"author":{"name":"Michele Azevedo","@id":"https:\/\/www.oracaoefe.com\/#\/schema\/person\/17283c669442cf005c4d5bb58adfb7f5"},"headline":"Caminho da Esperan\u00e7a: Reforce Sua F\u00e9 com Mensagens Inspiradoras","datePublished":"2023-12-14T23:21:57+00:00","dateModified":"2023-12-14T23:21:59+00:00","mainEntityOfPage":{"@id":"https:\/\/www.oracaoefe.com\/caminho-da-esperanca-reforce-sua-fe-com-mensagens-inspiradoras\/"},"wordCount":794,"image":{"@id":"https:\/\/www.oracaoefe.com\/caminho-da-esperanca-reforce-sua-fe-com-mensagens-inspiradoras\/#primaryimage"},"thumbnailUrl":"https:\/\/www.oracaoefe.com\/wp-content\/uploads\/2023\/12\/image-1.png","articleSection":["F\u00e9"],"inLanguage":"fr-FR"},{"@type":"WebPage","@id":"https:\/\/www.oracaoefe.com\/caminho-da-esperanca-reforce-sua-fe-com-mensagens-inspiradoras\/","url":"https:\/\/www.oracaoefe.com\/caminho-da-esperanca-reforce-sua-fe-com-mensagens-inspiradoras\/","name":"Caminho da Esperan\u00e7a: Reforce Sua F\u00e9 com Mensagens Inspiradoras - Ora\u00e7\u00e3o e F\u00e9","isPartOf":{"@id":"https:\/\/www.oracaoefe.com\/#website"},"primaryImageOfPage":{"@id":"https:\/\/www.oracaoefe.com\/caminho-da-esperanca-reforce-sua-fe-com-mensagens-inspiradoras\/#primaryimage"},"image":{"@id":"https:\/\/www.oracaoefe.com\/caminho-da-esperanca-reforce-sua-fe-com-mensagens-inspiradoras\/#primaryimage"},"thumbnailUrl":"https:\/\/www.oracaoefe.com\/wp-content\/uploads\/2023\/12\/image-1.png","datePublished":"2023-12-14T23:21:57+00:00","dateModified":"2023-12-14T23:21:59+00:00","author":{"@id":"https:\/\/www.oracaoefe.com\/#\/schema\/person\/17283c669442cf005c4d5bb58adfb7f5"},"description":"Dieu a une parole de vie pour vous !","breadcrumb":{"@id":"https:\/\/www.oracaoefe.com\/caminho-da-esperanca-reforce-sua-fe-com-mensagens-inspiradoras\/#breadcrumb"},"inLanguage":"fr-FR","potentialAction":[{"@type":"ReadAction","target":["https:\/\/www.oracaoefe.com\/caminho-da-esperanca-reforce-sua-fe-com-mensagens-inspiradoras\/"]}]},{"@type":"ImageObject","inLanguage":"fr-FR","@id":"https:\/\/www.oracaoefe.com\/caminho-da-esperanca-reforce-sua-fe-com-mensagens-inspiradoras\/#primaryimage","url":"https:\/\/www.oracaoefe.com\/wp-content\/uploads\/2023\/12\/image-1.png","contentUrl":"https:\/\/www.oracaoefe.com\/wp-content\/uploads\/2023\/12\/image-1.png","width":1280,"height":857},{"@type":"BreadcrumbList","@id":"https:\/\/www.oracaoefe.com\/caminho-da-esperanca-reforce-sua-fe-com-mensagens-inspiradoras\/#breadcrumb","itemListElement":[{"@type":"ListItem","position":1,"name":"Home","item":"https:\/\/www.oracaoefe.com\/"},{"@type":"ListItem","position":2,"name":"F\u00e9","item":"https:\/\/www.oracaoefe.com\/es\/categoria\/fe\/"},{"@type":"ListItem","position":3,"name":"Caminho da Esperan\u00e7a: Reforce Sua F\u00e9 com Mensagens Inspiradoras"}]},{"@type":"WebSite","@id":"https:\/\/www.oracaoefe.com\/#website","url":"https:\/\/www.oracaoefe.com\/","name":"Pri\u00e8re et foi","description":"","potentialAction":[{"@type":"SearchAction","target":{"@type":"EntryPoint","urlTemplate":"https:\/\/www.oracaoefe.com\/?s={search_term_string}"},"query-input":{"@type":"PropertyValueSpecification","valueRequired":true,"valueName":"search_term_string"}}],"inLanguage":"fr-FR"},{"@type":"Person","@id":"https:\/\/www.oracaoefe.com\/#\/schema\/person\/17283c669442cf005c4d5bb58adfb7f5","name":"Michele Azevedo","image":{"@type":"ImageObject","inLanguage":"fr-FR","@id":"https:\/\/secure.gravatar.com\/avatar\/6b0eb9d22841282815e2cd856a0061c45e1761cd54b22e952d98c4746939aa85?s=96&d=mm&r=g","url":"https:\/\/secure.gravatar.com\/avatar\/6b0eb9d22841282815e2cd856a0061c45e1761cd54b22e952d98c4746939aa85?s=96&d=mm&r=g","contentUrl":"https:\/\/secure.gravatar.com\/avatar\/6b0eb9d22841282815e2cd856a0061c45e1761cd54b22e952d98c4746939aa85?s=96&d=mm&r=g","caption":"Michele Azevedo"},"description":"Dipl\u00f4m\u00e9e en litt\u00e9rature portugaise\/anglaise de l&#039;Universit\u00e9 d&#039;\u00c9tat de Ponta Grossa (UEPG), avec des dipl\u00f4mes de troisi\u00e8me cycle en art dans l&#039;\u00e9ducation (FAPI) et en psychop\u00e9dagogie scolaire (FAPI), elle est la cr\u00e9atrice et propri\u00e9taire du site web Escritora de Sucesso, a de l&#039;exp\u00e9rience dans l&#039;\u00e9criture pour les blogs en g\u00e9n\u00e9ral et travaille comme r\u00e9dactrice et \u00e9ditrice du contenu pour Ora\u00e7\u00e3o e F\u00e9.","url":"https:\/\/www.oracaoefe.com\/fr\/author\/michele-azevedo\/"}]}},"_links":{"self":[{"href":"https:\/\/www.oracaoefe.com\/fr\/wp-json\/wp\/v2\/posts\/2480","targetHints":{"allow":["GET"]}}],"collection":[{"href":"https:\/\/www.oracaoefe.com\/fr\/wp-json\/wp\/v2\/posts"}],"about":[{"href":"https:\/\/www.oracaoefe.com\/fr\/wp-json\/wp\/v2\/types\/post"}],"author":[{"embeddable":true,"href":"https:\/\/www.oracaoefe.com\/fr\/wp-json\/wp\/v2\/users\/3"}],"replies":[{"embeddable":true,"href":"https:\/\/www.oracaoefe.com\/fr\/wp-json\/wp\/v2\/comments?post=2480"}],"version-history":[{"count":1,"href":"https:\/\/www.oracaoefe.com\/fr\/wp-json\/wp\/v2\/posts\/2480\/revisions"}],"predecessor-version":[{"id":2482,"href":"https:\/\/www.oracaoefe.com\/fr\/wp-json\/wp\/v2\/posts\/2480\/revisions\/2482"}],"wp:featuredmedia":[{"embeddable":true,"href":"https:\/\/www.oracaoefe.com\/fr\/wp-json\/wp\/v2\/media\/2481"}],"wp:attachment":[{"href":"https:\/\/www.oracaoefe.com\/fr\/wp-json\/wp\/v2\/media?parent=2480"}],"wp:term":[{"taxonomy":"category","embeddable":true,"href":"https:\/\/www.oracaoefe.com\/fr\/wp-json\/wp\/v2\/categories?post=2480"},{"taxonomy":"post_tag","embeddable":true,"href":"https:\/\/www.oracaoefe.com\/fr\/wp-json\/wp\/v2\/tags?post=2480"}],"curies":[{"name":"wp","href":"https:\/\/api.w.org\/{rel}","templated":true}]}}