{"id":2469,"date":"2023-12-03T13:01:00","date_gmt":"2023-12-03T16:01:00","guid":{"rendered":"https:\/\/www.oracaoefe.com\/?p=2469"},"modified":"2025-06-15T15:17:27","modified_gmt":"2025-06-15T18:17:27","slug":"perdoar-faz-com-que-voce-viva-melhor-o-poder-transformador-do-perdao-na-vida","status":"publish","type":"post","link":"https:\/\/www.oracaoefe.com\/fr\/perdoar-faz-com-que-voce-viva-melhor-o-poder-transformador-do-perdao-na-vida\/","title":{"rendered":"Perdoar faz com que voc\u00ea viva melhor: O Poder Transformador do Perd\u00e3o na Vida"},"content":{"rendered":"<p class=\"wp-block-paragraph\">O <strong>perd\u00e3o <\/strong>\u00e9 uma virtude que transcende as barreiras culturais e religiosas, sendo valorizado em diversas tradi\u00e7\u00f5es espirituais ao redor do mundo. Neste conte\u00fado, exploraremos a profunda conex\u00e3o entre o perd\u00e3o e uma vida religiosa mais plena, examinando como perdoar pode ser um catalisador para uma exist\u00eancia mais saud\u00e1vel e significativa.<\/p>\n\n\n\n<h2 class=\"wp-block-heading\">A Natureza Humana e a Necessidade do Perd\u00e3o<\/h2>\n\n\n\n<p class=\"wp-block-paragraph\">A humanidade, inerentemente imperfeita, est\u00e1 propensa a erros, m\u00e1goas e desentendimentos. O perd\u00e3o emerge como uma resposta divina a essa natureza fal\u00edvel, permitindo que as pessoas superem conflitos e cultivem relacionamentos saud\u00e1veis. Em muitas tradi\u00e7\u00f5es religiosas, a pr\u00e1tica do perd\u00e3o \u00e9 vista como uma express\u00e3o da compaix\u00e3o divina em a\u00e7\u00e3o.<\/p>\n\n\n\n<h3 class=\"wp-block-heading\">Cristianismo: A Li\u00e7\u00e3o do Perd\u00e3o Divino<\/h3>\n\n\n\n<p class=\"wp-block-paragraph\">No cristianismo, o perd\u00e3o \u00e9 central para a f\u00e9. Jesus Cristo ensinou seus seguidores a perdoar repetidamente, exemplificando isso at\u00e9 mesmo na cruz, quando clamou: &#8220;Pai, perdoa-lhes, porque n\u00e3o sabem o que fazem&#8221; (Lucas 23:34). O cristianismo ensina que o perd\u00e3o n\u00e3o \u00e9 apenas um gesto benevolente, mas uma condi\u00e7\u00e3o para receber o perd\u00e3o divino.<\/p>\n\n\n\n<figure class=\"wp-block-image size-large\"><img loading=\"lazy\" decoding=\"async\" width=\"1024\" height=\"698\" src=\"https:\/\/www.oracaoefe.com\/wp-content\/uploads\/2023\/11\/image-2-1024x698.png\" alt=\"\" class=\"wp-image-2470\" srcset=\"https:\/\/www.oracaoefe.com\/wp-content\/uploads\/2023\/11\/image-2-1024x698.png 1024w, https:\/\/www.oracaoefe.com\/wp-content\/uploads\/2023\/11\/image-2-300x205.png 300w, https:\/\/www.oracaoefe.com\/wp-content\/uploads\/2023\/11\/image-2-768x524.png 768w, https:\/\/www.oracaoefe.com\/wp-content\/uploads\/2023\/11\/image-2-18x12.png 18w, https:\/\/www.oracaoefe.com\/wp-content\/uploads\/2023\/11\/image-2.png 1280w\" sizes=\"auto, (max-width: 1024px) 100vw, 1024px\" \/><\/figure>\n\n\n\n<h3 class=\"wp-block-heading\">Islamismo: A Miseric\u00f3rdia de Allah<\/h3>\n\n\n\n<p class=\"wp-block-paragraph\">No Isl\u00e3, a miseric\u00f3rdia de Allah \u00e9 um tema recorrente. A capacidade de perdoar \u00e9 vista como uma qualidade divina que os mu\u00e7ulmanos s\u00e3o incentivados a incorporar em suas vidas. A pr\u00e1tica do perd\u00e3o \u00e9 uma manifesta\u00e7\u00e3o do temor a Allah e da busca pela benevol\u00eancia divina.<\/p>\n\n\n\n<h3 class=\"wp-block-heading\">Budismo: A Libera\u00e7\u00e3o atrav\u00e9s do Perd\u00e3o<\/h3>\n\n\n\n<p class=\"wp-block-paragraph\">No Budismo, o perd\u00e3o est\u00e1 interligado com a ideia de libera\u00e7\u00e3o do sofrimento. Buda ensinou que o perd\u00e3o \u00e9 uma ferramenta poderosa para quebrar os grilh\u00f5es do ressentimento e alcan\u00e7ar a paz interior. Perdoar n\u00e3o significa concordar com o erro, mas liberar o cora\u00e7\u00e3o do peso do \u00f3dio.<\/p>\n\n\n\n<h3 class=\"wp-block-heading\">Hindu\u00edsmo: Karma e Renova\u00e7\u00e3o Espiritual<\/h3>\n\n\n\n<p class=\"wp-block-paragraph\">No Hindu\u00edsmo, o conceito de karma est\u00e1 intimamente ligado ao perd\u00e3o. A cren\u00e7a na lei do karma incentiva as pessoas a perdoar, reconhecendo que o ato de perdoar pode alterar o curso das a\u00e7\u00f5es k\u00e1rmicas. O perd\u00e3o \u00e9 visto como um caminho para a renova\u00e7\u00e3o espiritual.<\/p>\n\n\n\n<h2 class=\"wp-block-heading\">Benef\u00edcios Psicol\u00f3gicos do Perd\u00e3o<\/h2>\n\n\n\n<p class=\"wp-block-paragraph\">Estudos psicol\u00f3gicos indicam que o perd\u00e3o est\u00e1 associado a n\u00edveis mais baixos de estresse e ansiedade. Ao liberar emo\u00e7\u00f5es negativas, a pessoa que perdoa experimenta uma sensa\u00e7\u00e3o de al\u00edvio e paz interior.<\/p>\n\n\n\n<h3 class=\"wp-block-heading\">Melhoria nas Rela\u00e7\u00f5es Interpessoais<\/h3>\n\n\n\n<p class=\"wp-block-paragraph\">O ato de perdoar fortalece os v\u00ednculos interpessoais, criando um ambiente de confian\u00e7a e compreens\u00e3o m\u00fatua. Relacionamentos baseados no perd\u00e3o s\u00e3o mais resistentes a conflitos e mais propensos a prosperar.<\/p>\n\n\n\n<h3 class=\"wp-block-heading\">Promo\u00e7\u00e3o da Sa\u00fade Mental<\/h3>\n\n\n\n<p class=\"wp-block-paragraph\">O perd\u00e3o \u00e9 um ant\u00eddoto poderoso para problemas de sa\u00fade mental, como depress\u00e3o e raiva cr\u00f4nica. Ao escolher perdoar, as pessoas podem experimentar uma melhoria significativa em sua sa\u00fade mental.<\/p>\n\n\n\n<h2 class=\"wp-block-heading\">Desafios no Caminho do Perd\u00e3o<\/h2>\n\n\n\n<p class=\"wp-block-paragraph\">Perdoar nem sempre \u00e9 f\u00e1cil, especialmente quando as feridas s\u00e3o profundas. Compreender a complexidade do perd\u00e3o \u00e9 fundamental para superar os desafios que podem surgir ao tentar perdoar.<\/p>\n\n\n\n<h3 class=\"wp-block-heading\">A Necessidade de Auto-Perd\u00e3o<\/h3>\n\n\n\n<p class=\"wp-block-paragraph\">Muitas vezes, esquecemos que tamb\u00e9m somos fal\u00edveis. O processo de perdoar a si mesmo \u00e9 igualmente crucial para alcan\u00e7ar uma vida religiosa mais plena.<\/p>\n\n\n\n<h3 class=\"wp-block-heading\">Cultivar a Empatia<\/h3>\n\n\n\n<p class=\"wp-block-paragraph\">Desenvolver empatia \u00e9 fundamental para compreender as motiva\u00e7\u00f5es por tr\u00e1s das a\u00e7\u00f5es alheias, facilitando assim o caminho para o perd\u00e3o.<\/p>\n\n\n\n<h3 class=\"wp-block-heading\">Pr\u00e1ticas Espirituais<\/h3>\n\n\n\n<p class=\"wp-block-paragraph\">Engajar-se em pr\u00e1ticas espirituais, como a ora\u00e7\u00e3o e a medita\u00e7\u00e3o, pode fortalecer a capacidade de perdoar, conectando-se a uma fonte maior de compaix\u00e3o.<\/p>\n\n\n\n<h3 class=\"wp-block-heading\">Buscar aconselhamento espiritual<\/h3>\n\n\n\n<p class=\"wp-block-paragraph\">Em momentos de dificuldade para perdoar, buscar orienta\u00e7\u00e3o espiritual pode oferecer insights valiosos e apoio para superar obst\u00e1culos.<\/p>\n\n\n\n<h2 class=\"wp-block-heading\">Afinal, como perdoar?<\/h2>\n\n\n\n<p class=\"wp-block-paragraph\">Perdoar pode ser um processo desafiador, mas \u00e9 um passo crucial para alcan\u00e7ar a paz interior e cultivar relacionamentos saud\u00e1veis. Aqui est\u00e3o algumas orienta\u00e7\u00f5es pr\u00e1ticas sobre como perdoar:<\/p>\n\n\n\n<h3 class=\"wp-block-heading\">Compreenda a Import\u00e2ncia do Perd\u00e3o<\/h3>\n\n\n\n<p class=\"wp-block-paragraph\">Antes de tudo, reconhe\u00e7a a import\u00e2ncia do perd\u00e3o para o seu pr\u00f3prio bem-estar emocional e espiritual. Entenda que perdoar n\u00e3o significa concordar com o que aconteceu, mas sim libertar-se do fardo emocional associado \u00e0 m\u00e1goa.<\/p>\n\n\n\n<h3 class=\"wp-block-heading\">Aceite Suas Emo\u00e7\u00f5es<\/h3>\n\n\n\n<p class=\"wp-block-paragraph\">Permita-se sentir as emo\u00e7\u00f5es associadas \u00e0 m\u00e1goa, como raiva, tristeza e frustra\u00e7\u00e3o. Negar ou reprimir essas emo\u00e7\u00f5es pode dificultar o processo de perd\u00e3o. Aceitar e validar seus sentimentos \u00e9 o primeiro passo para lidar com eles.<\/p>\n\n\n\n<h3 class=\"wp-block-heading\">Pratique a Empatia<\/h3>\n\n\n\n<p class=\"wp-block-paragraph\">Tente compreender a perspectiva da pessoa que causou a m\u00e1goa. Isso n\u00e3o significa justificar ou concordar com as a\u00e7\u00f5es dela, mas sim desenvolver empatia para entender o contexto e as motiva\u00e7\u00f5es por tr\u00e1s do comportamento.<\/p>\n\n\n\n<h3 class=\"wp-block-heading\">Liberte-se do Controle<\/h3>\n\n\n\n<p class=\"wp-block-paragraph\">\u00c0s vezes, manter a m\u00e1goa \u00e9 uma forma inconsciente de tentar manter o controle sobre a situa\u00e7\u00e3o. Reconhe\u00e7a que, ao perdoar, voc\u00ea est\u00e1 escolhendo se libertar desse controle e permitir que o processo de cura comece.<\/p>\n\n\n\n<h3 class=\"wp-block-heading\">Reconhe\u00e7a Seu Papel no Processo<\/h3>\n\n\n\n<p class=\"wp-block-paragraph\">Reflita sobre sua pr\u00f3pria contribui\u00e7\u00e3o para a situa\u00e7\u00e3o. Reconhecer que todos n\u00f3s somos fal\u00edveis e cometemos erros pode ajudar a diminuir a tend\u00eancia de colocar a culpa exclusivamente na outra pessoa.<\/p>\n\n\n\n<h3 class=\"wp-block-heading\">Estabele\u00e7a Limites Saud\u00e1veis<\/h3>\n\n\n\n<p class=\"wp-block-paragraph\">Se necess\u00e1rio, estabele\u00e7a limites claros para proteger-se de futuras m\u00e1goas. O perd\u00e3o n\u00e3o significa necessariamente esquecer, e \u00e9 v\u00e1lido tomar medidas para evitar que a situa\u00e7\u00e3o se repita.<\/p>\n\n\n\n<h3 class=\"wp-block-heading\">Concentre-se no Presente<\/h3>\n\n\n\n<p class=\"wp-block-paragraph\">Concentre-se no momento presente em vez de ficar preso ao passado. O perd\u00e3o \u00e9 um ato que acontece no presente, permitindo que voc\u00ea se liberte das amarras emocionais que podem estar impedindo seu progresso.<\/p>\n\n\n\n<h3 class=\"wp-block-heading\">Pratique o Auto-Perd\u00e3o<\/h3>\n\n\n\n<p class=\"wp-block-paragraph\">N\u00e3o se esque\u00e7a de perdoar a si mesmo. Muitas vezes, somos autocr\u00edticos demais, e perdoar a si mesmo \u00e9 fundamental para alcan\u00e7ar uma verdadeira paz interior.<\/p>\n\n\n\n<h3 class=\"wp-block-heading\">Busque Apoio<\/h3>\n\n\n\n<p class=\"wp-block-paragraph\">Se necess\u00e1rio, busque apoio de amigos, familiares ou profissionais. Conversar sobre suas emo\u00e7\u00f5es e receber orienta\u00e7\u00e3o pode ser fundamental para o processo de perd\u00e3o.<\/p>\n\n\n\n<h3 class=\"wp-block-heading\">Cultive a Espiritualidade<\/h3>\n\n\n\n<p class=\"wp-block-paragraph\">Engaje-se em pr\u00e1ticas espirituais, como a ora\u00e7\u00e3o, medita\u00e7\u00e3o ou rituais religiosos que possam fortalecer sua capacidade de perdoar e conectar-se a uma fonte maior de compaix\u00e3o.<\/p>\n\n\n\n<p class=\"wp-block-paragraph\">Lembre-se de que o perd\u00e3o \u00e9 um processo cont\u00ednuo e pode levar tempo. Cada pessoa e situa\u00e7\u00e3o s\u00e3o \u00fanicas, ent\u00e3o seja gentil consigo mesmo enquanto trabalha em dire\u00e7\u00e3o ao perd\u00e3o. O importante \u00e9 come\u00e7ar o processo e permitir-se crescer emocional e espiritualmente atrav\u00e9s dessa jornada.<\/p>\n\n\n\n<h2 class=\"wp-block-heading\">Conclus\u00e3o<\/h2>\n\n\n\n<p class=\"wp-block-paragraph\">Perdoar, longe de ser um ato de fraqueza, \u00e9 uma demonstra\u00e7\u00e3o de for\u00e7a espiritual. Ao incorporar o perd\u00e3o em nossa vida religiosa, abrimos as portas para uma transforma\u00e7\u00e3o profunda, experimentando uma vida mais plena e significativa.&nbsp;<\/p>\n\n\n\n<p class=\"wp-block-paragraph\">Em um mundo muitas vezes marcado por conflitos e desentendimentos, o perd\u00e3o emerge como uma luz guia, apontando o caminho para a paz interior e a harmonia entre as pessoas. Que possamos todos abra\u00e7ar o poder transformador do perd\u00e3o em nossa jornada espiritual.<\/p>\n\n\n\n<p class=\"wp-block-paragraph\"><strong>Voir aussi\u00a0: <a href=\"https:\/\/www.oracaoefe.com\/fr\/perdoar-significa-esquecer\/\">Pardonner signifie-t-il oublier ?<\/a><\/strong><\/p>\n\n\n\n<p class=\"wp-block-paragraph\">3 de dezembro de 2023<\/p>","protected":false},"excerpt":{"rendered":"<p>O perd\u00e3o \u00e9 uma virtude que transcende as barreiras culturais e religiosas, sendo valorizado em diversas tradi\u00e7\u00f5es espirituais ao redor do mundo. Neste conte\u00fado, exploraremos a profunda conex\u00e3o entre o perd\u00e3o e uma vida religiosa mais plena, examinando como perdoar pode ser um catalisador para uma exist\u00eancia mais saud\u00e1vel e significativa. A Natureza Humana e&hellip;&nbsp;<\/p>","protected":false},"author":3,"featured_media":2470,"comment_status":"closed","ping_status":"closed","sticky":false,"template":"","format":"standard","meta":{"neve_meta_sidebar":"","neve_meta_container":"","neve_meta_enable_content_width":"","neve_meta_content_width":0,"neve_meta_title_alignment":"","neve_meta_author_avatar":"","neve_post_elements_order":"","neve_meta_disable_header":"","neve_meta_disable_footer":"","neve_meta_disable_title":"","footnotes":""},"categories":[3],"tags":[],"class_list":["post-2469","post","type-post","status-publish","format-standard","has-post-thumbnail","hentry","category-fe"],"yoast_head":"<!-- This site is optimized with the Yoast SEO plugin v28.4 - https:\/\/yoast.com\/product\/yoast-seo-wordpress\/ -->\n<title>Perdoar faz com que voc\u00ea viva melhor: O Poder Transformador do Perd\u00e3o na Vida - Ora\u00e7\u00e3o e F\u00e9<\/title>\n<meta name=\"description\" content=\"Deus tem pra voc\u00ea uma palavra de vida!\" \/>\n<meta name=\"robots\" content=\"index, follow, max-snippet:-1, max-image-preview:large, max-video-preview:-1\" \/>\n<link rel=\"canonical\" href=\"https:\/\/www.oracaoefe.com\/fr\/perdoar-faz-com-que-voce-viva-melhor-o-poder-transformador-do-perdao-na-vida\/\" \/>\n<meta property=\"og:locale\" content=\"fr_FR\" \/>\n<meta property=\"og:type\" content=\"article\" \/>\n<meta property=\"og:title\" content=\"Perdoar faz com que voc\u00ea viva melhor: O Poder Transformador do Perd\u00e3o na Vida - Ora\u00e7\u00e3o e F\u00e9\" \/>\n<meta property=\"og:description\" content=\"Deus tem pra voc\u00ea uma palavra de vida!\" \/>\n<meta property=\"og:url\" content=\"https:\/\/www.oracaoefe.com\/fr\/perdoar-faz-com-que-voce-viva-melhor-o-poder-transformador-do-perdao-na-vida\/\" \/>\n<meta property=\"og:site_name\" content=\"Ora\u00e7\u00e3o e F\u00e9\" \/>\n<meta property=\"article:published_time\" content=\"2023-12-03T16:01:00+00:00\" \/>\n<meta property=\"article:modified_time\" content=\"2025-06-15T18:17:27+00:00\" \/>\n<meta property=\"og:image\" content=\"https:\/\/www.oracaoefe.com\/wp-content\/uploads\/2023\/11\/image-2-1024x698.png\" \/>\n\t<meta property=\"og:image:width\" content=\"1024\" \/>\n\t<meta property=\"og:image:height\" content=\"698\" \/>\n\t<meta property=\"og:image:type\" content=\"image\/png\" \/>\n<meta name=\"author\" content=\"Michele Azevedo\" \/>\n<meta name=\"twitter:card\" content=\"summary_large_image\" \/>\n<meta name=\"twitter:label1\" content=\"\u00c9crit par\" \/>\n\t<meta name=\"twitter:data1\" content=\"Michele Azevedo\" \/>\n\t<meta name=\"twitter:label2\" content=\"Dur\u00e9e de lecture estim\u00e9e\" \/>\n\t<meta name=\"twitter:data2\" content=\"6 minutes\" \/>\n<script type=\"application\/ld+json\" class=\"yoast-schema-graph\">{\"@context\":\"https:\\\/\\\/schema.org\",\"@graph\":[{\"@type\":\"Article\",\"@id\":\"https:\\\/\\\/www.oracaoefe.com\\\/perdoar-faz-com-que-voce-viva-melhor-o-poder-transformador-do-perdao-na-vida\\\/#article\",\"isPartOf\":{\"@id\":\"https:\\\/\\\/www.oracaoefe.com\\\/perdoar-faz-com-que-voce-viva-melhor-o-poder-transformador-do-perdao-na-vida\\\/\"},\"author\":{\"name\":\"Michele Azevedo\",\"@id\":\"https:\\\/\\\/www.oracaoefe.com\\\/#\\\/schema\\\/person\\\/17283c669442cf005c4d5bb58adfb7f5\"},\"headline\":\"Perdoar faz com que voc\u00ea viva melhor: O Poder Transformador do Perd\u00e3o na Vida\",\"datePublished\":\"2023-12-03T16:01:00+00:00\",\"dateModified\":\"2025-06-15T18:17:27+00:00\",\"mainEntityOfPage\":{\"@id\":\"https:\\\/\\\/www.oracaoefe.com\\\/perdoar-faz-com-que-voce-viva-melhor-o-poder-transformador-do-perdao-na-vida\\\/\"},\"wordCount\":1230,\"image\":{\"@id\":\"https:\\\/\\\/www.oracaoefe.com\\\/perdoar-faz-com-que-voce-viva-melhor-o-poder-transformador-do-perdao-na-vida\\\/#primaryimage\"},\"thumbnailUrl\":\"https:\\\/\\\/www.oracaoefe.com\\\/wp-content\\\/uploads\\\/2023\\\/11\\\/image-2.png\",\"articleSection\":[\"F\u00e9\"],\"inLanguage\":\"fr-FR\"},{\"@type\":\"WebPage\",\"@id\":\"https:\\\/\\\/www.oracaoefe.com\\\/perdoar-faz-com-que-voce-viva-melhor-o-poder-transformador-do-perdao-na-vida\\\/\",\"url\":\"https:\\\/\\\/www.oracaoefe.com\\\/perdoar-faz-com-que-voce-viva-melhor-o-poder-transformador-do-perdao-na-vida\\\/\",\"name\":\"Perdoar faz com que voc\u00ea viva melhor: O Poder Transformador do Perd\u00e3o na Vida - Ora\u00e7\u00e3o e F\u00e9\",\"isPartOf\":{\"@id\":\"https:\\\/\\\/www.oracaoefe.com\\\/#website\"},\"primaryImageOfPage\":{\"@id\":\"https:\\\/\\\/www.oracaoefe.com\\\/perdoar-faz-com-que-voce-viva-melhor-o-poder-transformador-do-perdao-na-vida\\\/#primaryimage\"},\"image\":{\"@id\":\"https:\\\/\\\/www.oracaoefe.com\\\/perdoar-faz-com-que-voce-viva-melhor-o-poder-transformador-do-perdao-na-vida\\\/#primaryimage\"},\"thumbnailUrl\":\"https:\\\/\\\/www.oracaoefe.com\\\/wp-content\\\/uploads\\\/2023\\\/11\\\/image-2.png\",\"datePublished\":\"2023-12-03T16:01:00+00:00\",\"dateModified\":\"2025-06-15T18:17:27+00:00\",\"author\":{\"@id\":\"https:\\\/\\\/www.oracaoefe.com\\\/#\\\/schema\\\/person\\\/17283c669442cf005c4d5bb58adfb7f5\"},\"description\":\"Deus tem pra voc\u00ea uma palavra de vida!\",\"breadcrumb\":{\"@id\":\"https:\\\/\\\/www.oracaoefe.com\\\/perdoar-faz-com-que-voce-viva-melhor-o-poder-transformador-do-perdao-na-vida\\\/#breadcrumb\"},\"inLanguage\":\"fr-FR\",\"potentialAction\":[{\"@type\":\"ReadAction\",\"target\":[\"https:\\\/\\\/www.oracaoefe.com\\\/perdoar-faz-com-que-voce-viva-melhor-o-poder-transformador-do-perdao-na-vida\\\/\"]}]},{\"@type\":\"ImageObject\",\"inLanguage\":\"fr-FR\",\"@id\":\"https:\\\/\\\/www.oracaoefe.com\\\/perdoar-faz-com-que-voce-viva-melhor-o-poder-transformador-do-perdao-na-vida\\\/#primaryimage\",\"url\":\"https:\\\/\\\/www.oracaoefe.com\\\/wp-content\\\/uploads\\\/2023\\\/11\\\/image-2.png\",\"contentUrl\":\"https:\\\/\\\/www.oracaoefe.com\\\/wp-content\\\/uploads\\\/2023\\\/11\\\/image-2.png\",\"width\":1280,\"height\":873},{\"@type\":\"BreadcrumbList\",\"@id\":\"https:\\\/\\\/www.oracaoefe.com\\\/perdoar-faz-com-que-voce-viva-melhor-o-poder-transformador-do-perdao-na-vida\\\/#breadcrumb\",\"itemListElement\":[{\"@type\":\"ListItem\",\"position\":1,\"name\":\"Home\",\"item\":\"https:\\\/\\\/www.oracaoefe.com\\\/\"},{\"@type\":\"ListItem\",\"position\":2,\"name\":\"Perdoar faz com que voc\u00ea viva melhor: O Poder Transformador do Perd\u00e3o na Vida\"}]},{\"@type\":\"WebSite\",\"@id\":\"https:\\\/\\\/www.oracaoefe.com\\\/#website\",\"url\":\"https:\\\/\\\/www.oracaoefe.com\\\/\",\"name\":\"Ora\u00e7\u00e3o e F\u00e9\",\"description\":\"\",\"potentialAction\":[{\"@type\":\"SearchAction\",\"target\":{\"@type\":\"EntryPoint\",\"urlTemplate\":\"https:\\\/\\\/www.oracaoefe.com\\\/?s={search_term_string}\"},\"query-input\":{\"@type\":\"PropertyValueSpecification\",\"valueRequired\":true,\"valueName\":\"search_term_string\"}}],\"inLanguage\":\"fr-FR\"},{\"@type\":\"Person\",\"@id\":\"https:\\\/\\\/www.oracaoefe.com\\\/#\\\/schema\\\/person\\\/17283c669442cf005c4d5bb58adfb7f5\",\"name\":\"Michele Azevedo\",\"image\":{\"@type\":\"ImageObject\",\"inLanguage\":\"fr-FR\",\"@id\":\"https:\\\/\\\/secure.gravatar.com\\\/avatar\\\/6b0eb9d22841282815e2cd856a0061c45e1761cd54b22e952d98c4746939aa85?s=96&d=mm&r=g\",\"url\":\"https:\\\/\\\/secure.gravatar.com\\\/avatar\\\/6b0eb9d22841282815e2cd856a0061c45e1761cd54b22e952d98c4746939aa85?s=96&d=mm&r=g\",\"contentUrl\":\"https:\\\/\\\/secure.gravatar.com\\\/avatar\\\/6b0eb9d22841282815e2cd856a0061c45e1761cd54b22e952d98c4746939aa85?s=96&d=mm&r=g\",\"caption\":\"Michele Azevedo\"},\"description\":\"Formada em Letras - Portugu\u00eas\\\/ Ingl\u00eas pela Universidade Estadual de Ponta Grossa (UEPG), p\u00f3s-graduada em Arte na Educa\u00e7\u00e3o (FAPI) e Psicopedagogia Escolar (FAPI), idealizadora e propriet\u00e1ria do site Escritora de Sucesso, possui experi\u00eancia em escrita para blogs em geral e atua como redatora e revisora dos conte\u00fados do Ora\u00e7\u00e3o e F\u00e9.\",\"url\":\"https:\\\/\\\/www.oracaoefe.com\\\/fr\\\/author\\\/michele-azevedo\\\/\"}]}<\/script>\n<!-- \/ Yoast SEO plugin. -->","yoast_head_json":{"title":"Perdoar faz com que voc\u00ea viva melhor: O Poder Transformador do Perd\u00e3o na Vida - Ora\u00e7\u00e3o e F\u00e9","description":"Dieu a une parole de vie pour vous !","robots":{"index":"index","follow":"follow","max-snippet":"max-snippet:-1","max-image-preview":"max-image-preview:large","max-video-preview":"max-video-preview:-1"},"canonical":"https:\/\/www.oracaoefe.com\/fr\/perdoar-faz-com-que-voce-viva-melhor-o-poder-transformador-do-perdao-na-vida\/","og_locale":"fr_FR","og_type":"article","og_title":"Perdoar faz com que voc\u00ea viva melhor: O Poder Transformador do Perd\u00e3o na Vida - Ora\u00e7\u00e3o e F\u00e9","og_description":"Deus tem pra voc\u00ea uma palavra de vida!","og_url":"https:\/\/www.oracaoefe.com\/fr\/perdoar-faz-com-que-voce-viva-melhor-o-poder-transformador-do-perdao-na-vida\/","og_site_name":"Ora\u00e7\u00e3o e F\u00e9","article_published_time":"2023-12-03T16:01:00+00:00","article_modified_time":"2025-06-15T18:17:27+00:00","og_image":[{"width":1024,"height":698,"url":"https:\/\/www.oracaoefe.com\/wp-content\/uploads\/2023\/11\/image-2-1024x698.png","type":"image\/png"}],"author":"Michele Azevedo","twitter_card":"summary_large_image","twitter_misc":{"\u00c9crit par":"Michele Azevedo","Dur\u00e9e de lecture estim\u00e9e":"6 minutes"},"schema":{"@context":"https:\/\/schema.org","@graph":[{"@type":"Article","@id":"https:\/\/www.oracaoefe.com\/perdoar-faz-com-que-voce-viva-melhor-o-poder-transformador-do-perdao-na-vida\/#article","isPartOf":{"@id":"https:\/\/www.oracaoefe.com\/perdoar-faz-com-que-voce-viva-melhor-o-poder-transformador-do-perdao-na-vida\/"},"author":{"name":"Michele Azevedo","@id":"https:\/\/www.oracaoefe.com\/#\/schema\/person\/17283c669442cf005c4d5bb58adfb7f5"},"headline":"Perdoar faz com que voc\u00ea viva melhor: O Poder Transformador do Perd\u00e3o na Vida","datePublished":"2023-12-03T16:01:00+00:00","dateModified":"2025-06-15T18:17:27+00:00","mainEntityOfPage":{"@id":"https:\/\/www.oracaoefe.com\/perdoar-faz-com-que-voce-viva-melhor-o-poder-transformador-do-perdao-na-vida\/"},"wordCount":1230,"image":{"@id":"https:\/\/www.oracaoefe.com\/perdoar-faz-com-que-voce-viva-melhor-o-poder-transformador-do-perdao-na-vida\/#primaryimage"},"thumbnailUrl":"https:\/\/www.oracaoefe.com\/wp-content\/uploads\/2023\/11\/image-2.png","articleSection":["F\u00e9"],"inLanguage":"fr-FR"},{"@type":"WebPage","@id":"https:\/\/www.oracaoefe.com\/perdoar-faz-com-que-voce-viva-melhor-o-poder-transformador-do-perdao-na-vida\/","url":"https:\/\/www.oracaoefe.com\/perdoar-faz-com-que-voce-viva-melhor-o-poder-transformador-do-perdao-na-vida\/","name":"Perdoar faz com que voc\u00ea viva melhor: O Poder Transformador do Perd\u00e3o na Vida - Ora\u00e7\u00e3o e F\u00e9","isPartOf":{"@id":"https:\/\/www.oracaoefe.com\/#website"},"primaryImageOfPage":{"@id":"https:\/\/www.oracaoefe.com\/perdoar-faz-com-que-voce-viva-melhor-o-poder-transformador-do-perdao-na-vida\/#primaryimage"},"image":{"@id":"https:\/\/www.oracaoefe.com\/perdoar-faz-com-que-voce-viva-melhor-o-poder-transformador-do-perdao-na-vida\/#primaryimage"},"thumbnailUrl":"https:\/\/www.oracaoefe.com\/wp-content\/uploads\/2023\/11\/image-2.png","datePublished":"2023-12-03T16:01:00+00:00","dateModified":"2025-06-15T18:17:27+00:00","author":{"@id":"https:\/\/www.oracaoefe.com\/#\/schema\/person\/17283c669442cf005c4d5bb58adfb7f5"},"description":"Dieu a une parole de vie pour vous !","breadcrumb":{"@id":"https:\/\/www.oracaoefe.com\/perdoar-faz-com-que-voce-viva-melhor-o-poder-transformador-do-perdao-na-vida\/#breadcrumb"},"inLanguage":"fr-FR","potentialAction":[{"@type":"ReadAction","target":["https:\/\/www.oracaoefe.com\/perdoar-faz-com-que-voce-viva-melhor-o-poder-transformador-do-perdao-na-vida\/"]}]},{"@type":"ImageObject","inLanguage":"fr-FR","@id":"https:\/\/www.oracaoefe.com\/perdoar-faz-com-que-voce-viva-melhor-o-poder-transformador-do-perdao-na-vida\/#primaryimage","url":"https:\/\/www.oracaoefe.com\/wp-content\/uploads\/2023\/11\/image-2.png","contentUrl":"https:\/\/www.oracaoefe.com\/wp-content\/uploads\/2023\/11\/image-2.png","width":1280,"height":873},{"@type":"BreadcrumbList","@id":"https:\/\/www.oracaoefe.com\/perdoar-faz-com-que-voce-viva-melhor-o-poder-transformador-do-perdao-na-vida\/#breadcrumb","itemListElement":[{"@type":"ListItem","position":1,"name":"Home","item":"https:\/\/www.oracaoefe.com\/"},{"@type":"ListItem","position":2,"name":"Perdoar faz com que voc\u00ea viva melhor: O Poder Transformador do Perd\u00e3o na Vida"}]},{"@type":"WebSite","@id":"https:\/\/www.oracaoefe.com\/#website","url":"https:\/\/www.oracaoefe.com\/","name":"Pri\u00e8re et foi","description":"","potentialAction":[{"@type":"SearchAction","target":{"@type":"EntryPoint","urlTemplate":"https:\/\/www.oracaoefe.com\/?s={search_term_string}"},"query-input":{"@type":"PropertyValueSpecification","valueRequired":true,"valueName":"search_term_string"}}],"inLanguage":"fr-FR"},{"@type":"Person","@id":"https:\/\/www.oracaoefe.com\/#\/schema\/person\/17283c669442cf005c4d5bb58adfb7f5","name":"Michele Azevedo","image":{"@type":"ImageObject","inLanguage":"fr-FR","@id":"https:\/\/secure.gravatar.com\/avatar\/6b0eb9d22841282815e2cd856a0061c45e1761cd54b22e952d98c4746939aa85?s=96&d=mm&r=g","url":"https:\/\/secure.gravatar.com\/avatar\/6b0eb9d22841282815e2cd856a0061c45e1761cd54b22e952d98c4746939aa85?s=96&d=mm&r=g","contentUrl":"https:\/\/secure.gravatar.com\/avatar\/6b0eb9d22841282815e2cd856a0061c45e1761cd54b22e952d98c4746939aa85?s=96&d=mm&r=g","caption":"Michele Azevedo"},"description":"Dipl\u00f4m\u00e9e en litt\u00e9rature portugaise\/anglaise de l&#039;Universit\u00e9 d&#039;\u00c9tat de Ponta Grossa (UEPG), avec des dipl\u00f4mes de troisi\u00e8me cycle en art dans l&#039;\u00e9ducation (FAPI) et en psychop\u00e9dagogie scolaire (FAPI), elle est la cr\u00e9atrice et propri\u00e9taire du site web Escritora de Sucesso, a de l&#039;exp\u00e9rience dans l&#039;\u00e9criture pour les blogs en g\u00e9n\u00e9ral et travaille comme r\u00e9dactrice et \u00e9ditrice du contenu pour Ora\u00e7\u00e3o e F\u00e9.","url":"https:\/\/www.oracaoefe.com\/fr\/author\/michele-azevedo\/"}]}},"_links":{"self":[{"href":"https:\/\/www.oracaoefe.com\/fr\/wp-json\/wp\/v2\/posts\/2469","targetHints":{"allow":["GET"]}}],"collection":[{"href":"https:\/\/www.oracaoefe.com\/fr\/wp-json\/wp\/v2\/posts"}],"about":[{"href":"https:\/\/www.oracaoefe.com\/fr\/wp-json\/wp\/v2\/types\/post"}],"author":[{"embeddable":true,"href":"https:\/\/www.oracaoefe.com\/fr\/wp-json\/wp\/v2\/users\/3"}],"replies":[{"embeddable":true,"href":"https:\/\/www.oracaoefe.com\/fr\/wp-json\/wp\/v2\/comments?post=2469"}],"version-history":[{"count":1,"href":"https:\/\/www.oracaoefe.com\/fr\/wp-json\/wp\/v2\/posts\/2469\/revisions"}],"predecessor-version":[{"id":2471,"href":"https:\/\/www.oracaoefe.com\/fr\/wp-json\/wp\/v2\/posts\/2469\/revisions\/2471"}],"wp:featuredmedia":[{"embeddable":true,"href":"https:\/\/www.oracaoefe.com\/fr\/wp-json\/wp\/v2\/media\/2470"}],"wp:attachment":[{"href":"https:\/\/www.oracaoefe.com\/fr\/wp-json\/wp\/v2\/media?parent=2469"}],"wp:term":[{"taxonomy":"category","embeddable":true,"href":"https:\/\/www.oracaoefe.com\/fr\/wp-json\/wp\/v2\/categories?post=2469"},{"taxonomy":"post_tag","embeddable":true,"href":"https:\/\/www.oracaoefe.com\/fr\/wp-json\/wp\/v2\/tags?post=2469"}],"curies":[{"name":"wp","href":"https:\/\/api.w.org\/{rel}","templated":true}]}}