{"id":2466,"date":"2023-11-29T13:01:00","date_gmt":"2023-11-29T16:01:00","guid":{"rendered":"https:\/\/www.oracaoefe.com\/?p=2466"},"modified":"2025-06-15T15:17:27","modified_gmt":"2025-06-15T18:17:27","slug":"a-transformadora-palavra-de-vida-reflexoes-profundas-para-o-cristao-catolico","status":"publish","type":"post","link":"https:\/\/www.oracaoefe.com\/fr\/a-transformadora-palavra-de-vida-reflexoes-profundas-para-o-cristao-catolico\/","title":{"rendered":"A Transformadora Palavra de Vida: Reflex\u00f5es Profundas para o Crist\u00e3o Cat\u00f3lico"},"content":{"rendered":"<p class=\"wp-block-paragraph\">No tumulto da vida moderna, muitas vezes nos perdemos nas correntes da rotina, das preocupa\u00e7\u00f5es e das demandas incessantes. Em meio a esse caos, \u00e9 essencial encontrar uma \u00e2ncora s\u00f3lida que nos guie e nos inspire a viver uma vida significativa e plena. Para os cat\u00f3licos, essa \u00e2ncora \u00e9 a Palavra de Vida, um farol que ilumina nosso caminho e nos conecta ao divino.&nbsp;<\/p>\n\n\n\n<h2 class=\"wp-block-heading\">A Palavra de Vida: &#8220;Miseric\u00f3rdia&#8221;<\/h2>\n\n\n\n<p class=\"wp-block-paragraph\">A palavra &#8220;miseric\u00f3rdia&#8221; \u00e9 uma das pedras angulares da f\u00e9 cat\u00f3lica, encontrando ra\u00edzes profundas na B\u00edblia. Desde o Antigo Testamento, onde vemos a miseric\u00f3rdia de Deus se estendendo a seu povo escolhido, at\u00e9 o Novo Testamento, onde Jesus personifica a miseric\u00f3rdia divina, essa palavra ressoa em cada p\u00e1gina sagrada.&nbsp;<\/p>\n\n\n\n<p class=\"wp-block-paragraph\">No Salmo 103:8, lemos: &#8220;O Senhor \u00e9 misericordioso e compassivo, lento para a ira e grande em amor&#8221;. Essa promessa de miseric\u00f3rdia \u00e9 constantemente reiterada, proporcionando conforto e esperan\u00e7a aos que buscam viver segundo os ensinamentos crist\u00e3os.<\/p>\n\n\n\n<figure class=\"wp-block-image size-large\"><img loading=\"lazy\" decoding=\"async\" width=\"1024\" height=\"682\" src=\"https:\/\/www.oracaoefe.com\/wp-content\/uploads\/2023\/11\/image-1-1024x682.png\" alt=\"\" class=\"wp-image-2467\" srcset=\"https:\/\/www.oracaoefe.com\/wp-content\/uploads\/2023\/11\/image-1-1024x682.png 1024w, https:\/\/www.oracaoefe.com\/wp-content\/uploads\/2023\/11\/image-1-300x200.png 300w, https:\/\/www.oracaoefe.com\/wp-content\/uploads\/2023\/11\/image-1-768x512.png 768w, https:\/\/www.oracaoefe.com\/wp-content\/uploads\/2023\/11\/image-1-18x12.png 18w, https:\/\/www.oracaoefe.com\/wp-content\/uploads\/2023\/11\/image-1.png 1280w\" sizes=\"auto, (max-width: 1024px) 100vw, 1024px\" \/><figcaption class=\"wp-element-caption\">Imagem: Reprodu\u00e7\u00e3o<\/figcaption><\/figure>\n\n\n\n<h2 class=\"wp-block-heading\">Vivendo a Miseric\u00f3rdia<\/h2>\n\n\n\n<p class=\"wp-block-paragraph\">No mundo contempor\u00e2neo, a miseric\u00f3rdia muitas vezes se perde em meio ao julgamento e \u00e0 intoler\u00e2ncia. No entanto, para o cat\u00f3lico comprometido, a pr\u00e1tica da miseric\u00f3rdia \u00e9 uma chamada constante. Viver a miseric\u00f3rdia envolve olhar para o pr\u00f3ximo com compaix\u00e3o, perdoar aqueles que nos magoaram e estender a m\u00e3o a quem precisa. \u00c9 atrav\u00e9s desses atos cotidianos de miseric\u00f3rdia que os crist\u00e3os se tornam testemunhas vivas do amor de Deus.<\/p>\n\n\n\n<h2 class=\"wp-block-heading\">Reflex\u00f5es Profundas<\/h2>\n\n\n\n<p class=\"wp-block-paragraph\">No cerne da miseric\u00f3rdia est\u00e1 o perd\u00e3o. Jesus nos ensinou a perdoar n\u00e3o apenas sete vezes, mas setenta vezes sete (Mateus 18:22). O perd\u00e3o n\u00e3o \u00e9 apenas um ato de esquecimento, mas um ato de amor compassivo. Quando perdoamos, imitamos a miseric\u00f3rdia divina, que nos acolhe apesar de nossas faltas. Ao perdoar, abrimos caminho para a cura e a reconcilia\u00e7\u00e3o, construindo pontes em vez de muros.<\/p>\n\n\n\n<h3 class=\"wp-block-heading\">A Miseric\u00f3rdia na Comunidade<\/h3>\n\n\n\n<p class=\"wp-block-paragraph\">A viv\u00eancia da miseric\u00f3rdia n\u00e3o \u00e9 uma jornada solit\u00e1ria; \u00e9 uma jornada que compartilhamos com nossa comunidade. Ao estender a m\u00e3o aos necessitados, participamos ativamente da constru\u00e7\u00e3o do Reino de Deus na Terra.<\/p>\n\n\n\n<p class=\"wp-block-paragraph\">Engajando-nos em obras de caridade, promovendo a justi\u00e7a social e acolhendo os marginalizados, nos tornamos agentes da miseric\u00f3rdia divina no mundo. A miseric\u00f3rdia, assim, transcende as palavras; ela se manifesta em a\u00e7\u00f5es concretas que transformam vidas.<\/p>\n\n\n\n<h2 class=\"wp-block-heading\">Aplica\u00e7\u00f5es Pr\u00e1ticas<\/h2>\n\n\n\n<p class=\"wp-block-paragraph\">Para integrar a miseric\u00f3rdia em nossas vidas di\u00e1rias, \u00e9 \u00fatil adotar pr\u00e1ticas espirituais espec\u00edficas. A ora\u00e7\u00e3o \u00e9 uma ferramenta poderosa para cultivar um cora\u00e7\u00e3o misericordioso. Ao rezar pela capacidade de perdoar, pela compaix\u00e3o pelos necessitados e pela coragem de agir em prol da justi\u00e7a, abrimos espa\u00e7o para a a\u00e7\u00e3o do Esp\u00edrito Santo em nossas vidas.<\/p>\n\n\n\n<h3 class=\"wp-block-heading\">Participa\u00e7\u00e3o na Comunidade<\/h3>\n\n\n\n<p class=\"wp-block-paragraph\">Al\u00e9m da ora\u00e7\u00e3o, a participa\u00e7\u00e3o ativa na comunidade \u00e9 essencial. Juntar-se a grupos de caridade, colaborar em iniciativas sociais e dedicar tempo ao servi\u00e7o volunt\u00e1rio s\u00e3o maneiras tang\u00edveis de viver a miseric\u00f3rdia. Ao faz\u00ea-lo, n\u00e3o apenas transformamos a vida dos outros, mas tamb\u00e9m crescemos espiritualmente, tornando-nos mais semelhantes ao Cristo misericordioso.<\/p>\n\n\n\n<h2 class=\"wp-block-heading\">Como viver a miseric\u00f3rdia?<\/h2>\n\n\n\n<p class=\"wp-block-paragraph\">Viver na miseric\u00f3rdia \u00e9 um chamado profundo para os crist\u00e3os cat\u00f3licos, e envolve a pr\u00e1tica cont\u00ednua de valores e a\u00e7\u00f5es que refletem a miseric\u00f3rdia de Deus. Aqui est\u00e3o algumas orienta\u00e7\u00f5es pr\u00e1ticas para incorporar a miseric\u00f3rdia em sua vida di\u00e1ria:<\/p>\n\n\n\n<h3 class=\"wp-block-heading\">Cultive a Compaix\u00e3o<\/h3>\n\n\n\n<p class=\"wp-block-paragraph\">Desenvolva uma disposi\u00e7\u00e3o compassiva em rela\u00e7\u00e3o aos outros. Esteja atento \u00e0s necessidades e lutas das pessoas ao seu redor. Busque compreender as experi\u00eancias dos outros e esteja disposto a oferecer suporte emocional.<\/p>\n\n\n\n<h3 class=\"wp-block-heading\">Pratique o Perd\u00e3o<\/h3>\n\n\n\n<p class=\"wp-block-paragraph\">O perd\u00e3o \u00e9 uma manifesta\u00e7\u00e3o fundamental da miseric\u00f3rdia. Esteja disposto a perdoar aqueles que o magoaram, reconhecendo que todos s\u00e3o pass\u00edveis de erros. O perd\u00e3o n\u00e3o significa esquecer, mas liberar o peso da m\u00e1goa para permitir a cura.<\/p>\n\n\n\n<h3 class=\"wp-block-heading\">Envolver-se em Obras de Caridade<\/h3>\n\n\n\n<p class=\"wp-block-paragraph\">Participe ativamente de iniciativas de caridade e servi\u00e7o volunt\u00e1rio. Dedique tempo para ajudar os menos afortunados, seja distribuindo alimentos a necessitados, oferecendo apoio a abrigos ou contribuindo para causas sociais. O servi\u00e7o aos outros \u00e9 uma express\u00e3o tang\u00edvel da miseric\u00f3rdia.<\/p>\n\n\n\n<h3 class=\"wp-block-heading\">Promova a Justi\u00e7a Social<\/h3>\n\n\n\n<p class=\"wp-block-paragraph\">Lute pela justi\u00e7a em todas as \u00e1reas da vida. Esteja atento \u00e0s desigualdades e injusti\u00e7as ao seu redor e busque maneiras de promover mudan\u00e7as positivas. Defender os direitos dos oprimidos e trabalhar para construir uma sociedade mais justa s\u00e3o atitudes fundamentais de miseric\u00f3rdia.<\/p>\n\n\n\n<h3 class=\"wp-block-heading\">Cultive a Paci\u00eancia<\/h3>\n\n\n\n<p class=\"wp-block-paragraph\">A miseric\u00f3rdia est\u00e1 frequentemente ligada \u00e0 paci\u00eancia. Desenvolva a habilidade de esperar e suportar dificuldades com paci\u00eancia. Isso se aplica n\u00e3o apenas \u00e0s situa\u00e7\u00f5es externas, mas tamb\u00e9m nas intera\u00e7\u00f5es di\u00e1rias com amigos, familiares e colegas.<\/p>\n\n\n\n<h3 class=\"wp-block-heading\">Viva a Humildade<\/h3>\n\n\n\n<p class=\"wp-block-paragraph\">A humildade \u00e9 uma virtude que nos aproxima da miseric\u00f3rdia. Reconhe\u00e7a suas pr\u00f3prias falhas e limita\u00e7\u00f5es, evitando o julgamento precipitado dos outros. A humildade permite que voc\u00ea se relacione com os outros de uma maneira mais aut\u00eantica e compassiva.<\/p>\n\n\n\n<h3 class=\"wp-block-heading\">Cultive a Ora\u00e7\u00e3o<\/h3>\n\n\n\n<p class=\"wp-block-paragraph\">A ora\u00e7\u00e3o \u00e9 uma ferramenta poderosa para cultivar a miseric\u00f3rdia. Ore por um cora\u00e7\u00e3o misericordioso, pedindo a Deus a gra\u00e7a de viver de acordo com Seus ensinamentos. A ora\u00e7\u00e3o tamb\u00e9m pode fortalecer sua capacidade de perdoar e amar.<\/p>\n\n\n\n<h3 class=\"wp-block-heading\">Participe dos Sacramentos<\/h3>\n\n\n\n<p class=\"wp-block-paragraph\">A participa\u00e7\u00e3o regular nos sacramentos, como a confiss\u00e3o e a Eucaristia, fortalece a vida espiritual e ajuda a manter uma conex\u00e3o \u00edntima com Deus. A Eucaristia, em particular, \u00e9 uma celebra\u00e7\u00e3o do sacrif\u00edcio e amor misericordioso de Cristo.<\/p>\n\n\n\n<h3 class=\"wp-block-heading\">Crie um Ambiente de Miseric\u00f3rdia em Sua Casa<\/h3>\n\n\n\n<p class=\"wp-block-paragraph\">Promova um ambiente de miseric\u00f3rdia em sua fam\u00edlia, incentivando o di\u00e1logo aberto, a compreens\u00e3o m\u00fatua e o apoio m\u00fatuo. Ensine e modele valores de miseric\u00f3rdia para seus filhos e outros membros da fam\u00edlia.<\/p>\n\n\n\n<h3 class=\"wp-block-heading\">Seja Testemunha de Miseric\u00f3rdia<\/h3>\n\n\n\n<p class=\"wp-block-paragraph\">Esteja disposto a ser um testemunho vivo da miseric\u00f3rdia de Deus. Suas a\u00e7\u00f5es di\u00e1rias e a maneira como voc\u00ea trata os outros s\u00e3o oportunidades para refletir a bondade divina. Seja um farol de miseric\u00f3rdia em seu c\u00edrculo social e profissional.<\/p>\n\n\n\n<p class=\"wp-block-paragraph\">Lembre-se, viver na miseric\u00f3rdia \u00e9 um processo cont\u00ednuo de crescimento espiritual. Busque constantemente a orienta\u00e7\u00e3o de Deus e esteja aberto a oportunidades de demonstrar miseric\u00f3rdia em todas as \u00e1reas de sua vida.<\/p>\n\n\n\n<h2 class=\"wp-block-heading\">Conclus\u00e3o<\/h2>\n\n\n\n<p class=\"wp-block-paragraph\">Em um mundo frequentemente marcado pela crueldade e pela indiferen\u00e7a, a palavra de vida &#8220;miseric\u00f3rdia&#8221; ressoa como um chamado divino para vivermos de maneira diferente. Ao abra\u00e7armos a miseric\u00f3rdia em nossas vidas, transformamos n\u00e3o apenas a n\u00f3s mesmos, mas tamb\u00e9m o mundo ao nosso redor.&nbsp;<\/p>\n\n\n\n<p class=\"wp-block-paragraph\">Que, como crist\u00e3os cat\u00f3licos, possamos ser portadores dessa palavra de vida, irradiando a miseric\u00f3rdia de Deus em cada a\u00e7\u00e3o, palavra e pensamento. Que a miseric\u00f3rdia seja nosso guia constante, conduzindo-nos a uma vida plena de significado e prop\u00f3sito.<\/p>\n\n\n\n<p class=\"wp-block-paragraph\"><strong>Voir aussi\u00a0: <a href=\"https:\/\/www.oracaoefe.com\/fr\/palavra-de-vida-de-hoje-como-seguir-em-frente-apos-o-luto\/\">Palavra de vida de hoje: Como seguir em frente ap\u00f3s o luto<\/a><\/strong><\/p>\n\n\n\n<p class=\"wp-block-paragraph\">29 de novembro de 2023<\/p>","protected":false},"excerpt":{"rendered":"<p>No tumulto da vida moderna, muitas vezes nos perdemos nas correntes da rotina, das preocupa\u00e7\u00f5es e das demandas incessantes. Em meio a esse caos, \u00e9 essencial encontrar uma \u00e2ncora s\u00f3lida que nos guie e nos inspire a viver uma vida significativa e plena. Para os cat\u00f3licos, essa \u00e2ncora \u00e9 a Palavra de Vida, um farol&hellip;&nbsp;<\/p>","protected":false},"author":3,"featured_media":2467,"comment_status":"closed","ping_status":"closed","sticky":false,"template":"","format":"standard","meta":{"neve_meta_sidebar":"","neve_meta_container":"","neve_meta_enable_content_width":"","neve_meta_content_width":0,"neve_meta_title_alignment":"","neve_meta_author_avatar":"","neve_post_elements_order":"","neve_meta_disable_header":"","neve_meta_disable_footer":"","neve_meta_disable_title":"","footnotes":""},"categories":[3],"tags":[],"class_list":["post-2466","post","type-post","status-publish","format-standard","has-post-thumbnail","hentry","category-fe"],"yoast_head":"<!-- This site is optimized with the Yoast SEO plugin v28.4 - https:\/\/yoast.com\/product\/yoast-seo-wordpress\/ -->\n<title>A Transformadora Palavra de Vida: Reflex\u00f5es Profundas para o Crist\u00e3o Cat\u00f3lico - Ora\u00e7\u00e3o e F\u00e9<\/title>\n<meta name=\"description\" content=\"Deus tem pra voc\u00ea uma palavra de vida!\" \/>\n<meta name=\"robots\" content=\"index, follow, max-snippet:-1, max-image-preview:large, max-video-preview:-1\" \/>\n<link rel=\"canonical\" href=\"https:\/\/www.oracaoefe.com\/fr\/a-transformadora-palavra-de-vida-reflexoes-profundas-para-o-cristao-catolico\/\" \/>\n<meta property=\"og:locale\" content=\"fr_FR\" \/>\n<meta property=\"og:type\" content=\"article\" \/>\n<meta property=\"og:title\" content=\"A Transformadora Palavra de Vida: Reflex\u00f5es Profundas para o Crist\u00e3o Cat\u00f3lico - Ora\u00e7\u00e3o e F\u00e9\" \/>\n<meta property=\"og:description\" content=\"Deus tem pra voc\u00ea uma palavra de vida!\" \/>\n<meta property=\"og:url\" content=\"https:\/\/www.oracaoefe.com\/fr\/a-transformadora-palavra-de-vida-reflexoes-profundas-para-o-cristao-catolico\/\" \/>\n<meta property=\"og:site_name\" content=\"Ora\u00e7\u00e3o e F\u00e9\" \/>\n<meta property=\"article:published_time\" content=\"2023-11-29T16:01:00+00:00\" \/>\n<meta property=\"article:modified_time\" content=\"2025-06-15T18:17:27+00:00\" \/>\n<meta property=\"og:image\" content=\"https:\/\/www.oracaoefe.com\/wp-content\/uploads\/2023\/11\/image-1.png\" \/>\n\t<meta property=\"og:image:width\" content=\"1280\" \/>\n\t<meta property=\"og:image:height\" content=\"853\" \/>\n\t<meta property=\"og:image:type\" content=\"image\/png\" \/>\n<meta name=\"author\" content=\"Michele Azevedo\" \/>\n<meta name=\"twitter:card\" content=\"summary_large_image\" \/>\n<meta name=\"twitter:label1\" content=\"\u00c9crit par\" \/>\n\t<meta name=\"twitter:data1\" content=\"Michele Azevedo\" \/>\n\t<meta name=\"twitter:label2\" content=\"Dur\u00e9e de lecture estim\u00e9e\" \/>\n\t<meta name=\"twitter:data2\" content=\"6 minutes\" \/>\n<script type=\"application\/ld+json\" class=\"yoast-schema-graph\">{\"@context\":\"https:\\\/\\\/schema.org\",\"@graph\":[{\"@type\":\"Article\",\"@id\":\"https:\\\/\\\/www.oracaoefe.com\\\/a-transformadora-palavra-de-vida-reflexoes-profundas-para-o-cristao-catolico\\\/#article\",\"isPartOf\":{\"@id\":\"https:\\\/\\\/www.oracaoefe.com\\\/a-transformadora-palavra-de-vida-reflexoes-profundas-para-o-cristao-catolico\\\/\"},\"author\":{\"name\":\"Michele Azevedo\",\"@id\":\"https:\\\/\\\/www.oracaoefe.com\\\/#\\\/schema\\\/person\\\/17283c669442cf005c4d5bb58adfb7f5\"},\"headline\":\"A Transformadora Palavra de Vida: Reflex\u00f5es Profundas para o Crist\u00e3o Cat\u00f3lico\",\"datePublished\":\"2023-11-29T16:01:00+00:00\",\"dateModified\":\"2025-06-15T18:17:27+00:00\",\"mainEntityOfPage\":{\"@id\":\"https:\\\/\\\/www.oracaoefe.com\\\/a-transformadora-palavra-de-vida-reflexoes-profundas-para-o-cristao-catolico\\\/\"},\"wordCount\":1239,\"image\":{\"@id\":\"https:\\\/\\\/www.oracaoefe.com\\\/a-transformadora-palavra-de-vida-reflexoes-profundas-para-o-cristao-catolico\\\/#primaryimage\"},\"thumbnailUrl\":\"https:\\\/\\\/www.oracaoefe.com\\\/wp-content\\\/uploads\\\/2023\\\/11\\\/image-1.png\",\"articleSection\":[\"F\u00e9\"],\"inLanguage\":\"fr-FR\"},{\"@type\":\"WebPage\",\"@id\":\"https:\\\/\\\/www.oracaoefe.com\\\/a-transformadora-palavra-de-vida-reflexoes-profundas-para-o-cristao-catolico\\\/\",\"url\":\"https:\\\/\\\/www.oracaoefe.com\\\/a-transformadora-palavra-de-vida-reflexoes-profundas-para-o-cristao-catolico\\\/\",\"name\":\"A Transformadora Palavra de Vida: Reflex\u00f5es Profundas para o Crist\u00e3o Cat\u00f3lico - Ora\u00e7\u00e3o e F\u00e9\",\"isPartOf\":{\"@id\":\"https:\\\/\\\/www.oracaoefe.com\\\/#website\"},\"primaryImageOfPage\":{\"@id\":\"https:\\\/\\\/www.oracaoefe.com\\\/a-transformadora-palavra-de-vida-reflexoes-profundas-para-o-cristao-catolico\\\/#primaryimage\"},\"image\":{\"@id\":\"https:\\\/\\\/www.oracaoefe.com\\\/a-transformadora-palavra-de-vida-reflexoes-profundas-para-o-cristao-catolico\\\/#primaryimage\"},\"thumbnailUrl\":\"https:\\\/\\\/www.oracaoefe.com\\\/wp-content\\\/uploads\\\/2023\\\/11\\\/image-1.png\",\"datePublished\":\"2023-11-29T16:01:00+00:00\",\"dateModified\":\"2025-06-15T18:17:27+00:00\",\"author\":{\"@id\":\"https:\\\/\\\/www.oracaoefe.com\\\/#\\\/schema\\\/person\\\/17283c669442cf005c4d5bb58adfb7f5\"},\"description\":\"Deus tem pra voc\u00ea uma palavra de vida!\",\"breadcrumb\":{\"@id\":\"https:\\\/\\\/www.oracaoefe.com\\\/a-transformadora-palavra-de-vida-reflexoes-profundas-para-o-cristao-catolico\\\/#breadcrumb\"},\"inLanguage\":\"fr-FR\",\"potentialAction\":[{\"@type\":\"ReadAction\",\"target\":[\"https:\\\/\\\/www.oracaoefe.com\\\/a-transformadora-palavra-de-vida-reflexoes-profundas-para-o-cristao-catolico\\\/\"]}]},{\"@type\":\"ImageObject\",\"inLanguage\":\"fr-FR\",\"@id\":\"https:\\\/\\\/www.oracaoefe.com\\\/a-transformadora-palavra-de-vida-reflexoes-profundas-para-o-cristao-catolico\\\/#primaryimage\",\"url\":\"https:\\\/\\\/www.oracaoefe.com\\\/wp-content\\\/uploads\\\/2023\\\/11\\\/image-1.png\",\"contentUrl\":\"https:\\\/\\\/www.oracaoefe.com\\\/wp-content\\\/uploads\\\/2023\\\/11\\\/image-1.png\",\"width\":1280,\"height\":853},{\"@type\":\"BreadcrumbList\",\"@id\":\"https:\\\/\\\/www.oracaoefe.com\\\/a-transformadora-palavra-de-vida-reflexoes-profundas-para-o-cristao-catolico\\\/#breadcrumb\",\"itemListElement\":[{\"@type\":\"ListItem\",\"position\":1,\"name\":\"Home\",\"item\":\"https:\\\/\\\/www.oracaoefe.com\\\/\"},{\"@type\":\"ListItem\",\"position\":2,\"name\":\"A Transformadora Palavra de Vida: Reflex\u00f5es Profundas para o Crist\u00e3o Cat\u00f3lico\"}]},{\"@type\":\"WebSite\",\"@id\":\"https:\\\/\\\/www.oracaoefe.com\\\/#website\",\"url\":\"https:\\\/\\\/www.oracaoefe.com\\\/\",\"name\":\"Ora\u00e7\u00e3o e F\u00e9\",\"description\":\"\",\"potentialAction\":[{\"@type\":\"SearchAction\",\"target\":{\"@type\":\"EntryPoint\",\"urlTemplate\":\"https:\\\/\\\/www.oracaoefe.com\\\/?s={search_term_string}\"},\"query-input\":{\"@type\":\"PropertyValueSpecification\",\"valueRequired\":true,\"valueName\":\"search_term_string\"}}],\"inLanguage\":\"fr-FR\"},{\"@type\":\"Person\",\"@id\":\"https:\\\/\\\/www.oracaoefe.com\\\/#\\\/schema\\\/person\\\/17283c669442cf005c4d5bb58adfb7f5\",\"name\":\"Michele Azevedo\",\"image\":{\"@type\":\"ImageObject\",\"inLanguage\":\"fr-FR\",\"@id\":\"https:\\\/\\\/secure.gravatar.com\\\/avatar\\\/6b0eb9d22841282815e2cd856a0061c45e1761cd54b22e952d98c4746939aa85?s=96&d=mm&r=g\",\"url\":\"https:\\\/\\\/secure.gravatar.com\\\/avatar\\\/6b0eb9d22841282815e2cd856a0061c45e1761cd54b22e952d98c4746939aa85?s=96&d=mm&r=g\",\"contentUrl\":\"https:\\\/\\\/secure.gravatar.com\\\/avatar\\\/6b0eb9d22841282815e2cd856a0061c45e1761cd54b22e952d98c4746939aa85?s=96&d=mm&r=g\",\"caption\":\"Michele Azevedo\"},\"description\":\"Formada em Letras - Portugu\u00eas\\\/ Ingl\u00eas pela Universidade Estadual de Ponta Grossa (UEPG), p\u00f3s-graduada em Arte na Educa\u00e7\u00e3o (FAPI) e Psicopedagogia Escolar (FAPI), idealizadora e propriet\u00e1ria do site Escritora de Sucesso, possui experi\u00eancia em escrita para blogs em geral e atua como redatora e revisora dos conte\u00fados do Ora\u00e7\u00e3o e F\u00e9.\",\"url\":\"https:\\\/\\\/www.oracaoefe.com\\\/fr\\\/author\\\/michele-azevedo\\\/\"}]}<\/script>\n<!-- \/ Yoast SEO plugin. -->","yoast_head_json":{"title":"A Transformadora Palavra de Vida: Reflex\u00f5es Profundas para o Crist\u00e3o Cat\u00f3lico - Ora\u00e7\u00e3o e F\u00e9","description":"Dieu a une parole de vie pour vous !","robots":{"index":"index","follow":"follow","max-snippet":"max-snippet:-1","max-image-preview":"max-image-preview:large","max-video-preview":"max-video-preview:-1"},"canonical":"https:\/\/www.oracaoefe.com\/fr\/a-transformadora-palavra-de-vida-reflexoes-profundas-para-o-cristao-catolico\/","og_locale":"fr_FR","og_type":"article","og_title":"A Transformadora Palavra de Vida: Reflex\u00f5es Profundas para o Crist\u00e3o Cat\u00f3lico - Ora\u00e7\u00e3o e F\u00e9","og_description":"Deus tem pra voc\u00ea uma palavra de vida!","og_url":"https:\/\/www.oracaoefe.com\/fr\/a-transformadora-palavra-de-vida-reflexoes-profundas-para-o-cristao-catolico\/","og_site_name":"Ora\u00e7\u00e3o e F\u00e9","article_published_time":"2023-11-29T16:01:00+00:00","article_modified_time":"2025-06-15T18:17:27+00:00","og_image":[{"width":1280,"height":853,"url":"https:\/\/www.oracaoefe.com\/wp-content\/uploads\/2023\/11\/image-1.png","type":"image\/png"}],"author":"Michele Azevedo","twitter_card":"summary_large_image","twitter_misc":{"\u00c9crit par":"Michele Azevedo","Dur\u00e9e de lecture estim\u00e9e":"6 minutes"},"schema":{"@context":"https:\/\/schema.org","@graph":[{"@type":"Article","@id":"https:\/\/www.oracaoefe.com\/a-transformadora-palavra-de-vida-reflexoes-profundas-para-o-cristao-catolico\/#article","isPartOf":{"@id":"https:\/\/www.oracaoefe.com\/a-transformadora-palavra-de-vida-reflexoes-profundas-para-o-cristao-catolico\/"},"author":{"name":"Michele Azevedo","@id":"https:\/\/www.oracaoefe.com\/#\/schema\/person\/17283c669442cf005c4d5bb58adfb7f5"},"headline":"A Transformadora Palavra de Vida: Reflex\u00f5es Profundas para o Crist\u00e3o Cat\u00f3lico","datePublished":"2023-11-29T16:01:00+00:00","dateModified":"2025-06-15T18:17:27+00:00","mainEntityOfPage":{"@id":"https:\/\/www.oracaoefe.com\/a-transformadora-palavra-de-vida-reflexoes-profundas-para-o-cristao-catolico\/"},"wordCount":1239,"image":{"@id":"https:\/\/www.oracaoefe.com\/a-transformadora-palavra-de-vida-reflexoes-profundas-para-o-cristao-catolico\/#primaryimage"},"thumbnailUrl":"https:\/\/www.oracaoefe.com\/wp-content\/uploads\/2023\/11\/image-1.png","articleSection":["F\u00e9"],"inLanguage":"fr-FR"},{"@type":"WebPage","@id":"https:\/\/www.oracaoefe.com\/a-transformadora-palavra-de-vida-reflexoes-profundas-para-o-cristao-catolico\/","url":"https:\/\/www.oracaoefe.com\/a-transformadora-palavra-de-vida-reflexoes-profundas-para-o-cristao-catolico\/","name":"A Transformadora Palavra de Vida: Reflex\u00f5es Profundas para o Crist\u00e3o Cat\u00f3lico - Ora\u00e7\u00e3o e F\u00e9","isPartOf":{"@id":"https:\/\/www.oracaoefe.com\/#website"},"primaryImageOfPage":{"@id":"https:\/\/www.oracaoefe.com\/a-transformadora-palavra-de-vida-reflexoes-profundas-para-o-cristao-catolico\/#primaryimage"},"image":{"@id":"https:\/\/www.oracaoefe.com\/a-transformadora-palavra-de-vida-reflexoes-profundas-para-o-cristao-catolico\/#primaryimage"},"thumbnailUrl":"https:\/\/www.oracaoefe.com\/wp-content\/uploads\/2023\/11\/image-1.png","datePublished":"2023-11-29T16:01:00+00:00","dateModified":"2025-06-15T18:17:27+00:00","author":{"@id":"https:\/\/www.oracaoefe.com\/#\/schema\/person\/17283c669442cf005c4d5bb58adfb7f5"},"description":"Dieu a une parole de vie pour vous !","breadcrumb":{"@id":"https:\/\/www.oracaoefe.com\/a-transformadora-palavra-de-vida-reflexoes-profundas-para-o-cristao-catolico\/#breadcrumb"},"inLanguage":"fr-FR","potentialAction":[{"@type":"ReadAction","target":["https:\/\/www.oracaoefe.com\/a-transformadora-palavra-de-vida-reflexoes-profundas-para-o-cristao-catolico\/"]}]},{"@type":"ImageObject","inLanguage":"fr-FR","@id":"https:\/\/www.oracaoefe.com\/a-transformadora-palavra-de-vida-reflexoes-profundas-para-o-cristao-catolico\/#primaryimage","url":"https:\/\/www.oracaoefe.com\/wp-content\/uploads\/2023\/11\/image-1.png","contentUrl":"https:\/\/www.oracaoefe.com\/wp-content\/uploads\/2023\/11\/image-1.png","width":1280,"height":853},{"@type":"BreadcrumbList","@id":"https:\/\/www.oracaoefe.com\/a-transformadora-palavra-de-vida-reflexoes-profundas-para-o-cristao-catolico\/#breadcrumb","itemListElement":[{"@type":"ListItem","position":1,"name":"Home","item":"https:\/\/www.oracaoefe.com\/"},{"@type":"ListItem","position":2,"name":"A Transformadora Palavra de Vida: Reflex\u00f5es Profundas para o Crist\u00e3o Cat\u00f3lico"}]},{"@type":"WebSite","@id":"https:\/\/www.oracaoefe.com\/#website","url":"https:\/\/www.oracaoefe.com\/","name":"Pri\u00e8re et foi","description":"","potentialAction":[{"@type":"SearchAction","target":{"@type":"EntryPoint","urlTemplate":"https:\/\/www.oracaoefe.com\/?s={search_term_string}"},"query-input":{"@type":"PropertyValueSpecification","valueRequired":true,"valueName":"search_term_string"}}],"inLanguage":"fr-FR"},{"@type":"Person","@id":"https:\/\/www.oracaoefe.com\/#\/schema\/person\/17283c669442cf005c4d5bb58adfb7f5","name":"Michele Azevedo","image":{"@type":"ImageObject","inLanguage":"fr-FR","@id":"https:\/\/secure.gravatar.com\/avatar\/6b0eb9d22841282815e2cd856a0061c45e1761cd54b22e952d98c4746939aa85?s=96&d=mm&r=g","url":"https:\/\/secure.gravatar.com\/avatar\/6b0eb9d22841282815e2cd856a0061c45e1761cd54b22e952d98c4746939aa85?s=96&d=mm&r=g","contentUrl":"https:\/\/secure.gravatar.com\/avatar\/6b0eb9d22841282815e2cd856a0061c45e1761cd54b22e952d98c4746939aa85?s=96&d=mm&r=g","caption":"Michele Azevedo"},"description":"Dipl\u00f4m\u00e9e en litt\u00e9rature portugaise\/anglaise de l&#039;Universit\u00e9 d&#039;\u00c9tat de Ponta Grossa (UEPG), avec des dipl\u00f4mes de troisi\u00e8me cycle en art dans l&#039;\u00e9ducation (FAPI) et en psychop\u00e9dagogie scolaire (FAPI), elle est la cr\u00e9atrice et propri\u00e9taire du site web Escritora de Sucesso, a de l&#039;exp\u00e9rience dans l&#039;\u00e9criture pour les blogs en g\u00e9n\u00e9ral et travaille comme r\u00e9dactrice et \u00e9ditrice du contenu pour Ora\u00e7\u00e3o e F\u00e9.","url":"https:\/\/www.oracaoefe.com\/fr\/author\/michele-azevedo\/"}]}},"_links":{"self":[{"href":"https:\/\/www.oracaoefe.com\/fr\/wp-json\/wp\/v2\/posts\/2466","targetHints":{"allow":["GET"]}}],"collection":[{"href":"https:\/\/www.oracaoefe.com\/fr\/wp-json\/wp\/v2\/posts"}],"about":[{"href":"https:\/\/www.oracaoefe.com\/fr\/wp-json\/wp\/v2\/types\/post"}],"author":[{"embeddable":true,"href":"https:\/\/www.oracaoefe.com\/fr\/wp-json\/wp\/v2\/users\/3"}],"replies":[{"embeddable":true,"href":"https:\/\/www.oracaoefe.com\/fr\/wp-json\/wp\/v2\/comments?post=2466"}],"version-history":[{"count":1,"href":"https:\/\/www.oracaoefe.com\/fr\/wp-json\/wp\/v2\/posts\/2466\/revisions"}],"predecessor-version":[{"id":2468,"href":"https:\/\/www.oracaoefe.com\/fr\/wp-json\/wp\/v2\/posts\/2466\/revisions\/2468"}],"wp:featuredmedia":[{"embeddable":true,"href":"https:\/\/www.oracaoefe.com\/fr\/wp-json\/wp\/v2\/media\/2467"}],"wp:attachment":[{"href":"https:\/\/www.oracaoefe.com\/fr\/wp-json\/wp\/v2\/media?parent=2466"}],"wp:term":[{"taxonomy":"category","embeddable":true,"href":"https:\/\/www.oracaoefe.com\/fr\/wp-json\/wp\/v2\/categories?post=2466"},{"taxonomy":"post_tag","embeddable":true,"href":"https:\/\/www.oracaoefe.com\/fr\/wp-json\/wp\/v2\/tags?post=2466"}],"curies":[{"name":"wp","href":"https:\/\/api.w.org\/{rel}","templated":true}]}}