{"id":2463,"date":"2023-11-25T19:10:42","date_gmt":"2023-11-25T22:10:42","guid":{"rendered":"https:\/\/www.oracaoefe.com\/?p=2463"},"modified":"2023-11-25T19:10:44","modified_gmt":"2023-11-25T22:10:44","slug":"o-que-e-religiao-qual-a-importancia-para-a-sociedade","status":"publish","type":"post","link":"https:\/\/www.oracaoefe.com\/fr\/o-que-e-religiao-qual-a-importancia-para-a-sociedade\/","title":{"rendered":"O que \u00e9 Religi\u00e3o? Qual a import\u00e2ncia para a sociedade?"},"content":{"rendered":"<p class=\"wp-block-paragraph\">A religi\u00e3o, ao longo da hist\u00f3ria da humanidade, tem desempenhado um papel significativo na vida das pessoas e das sociedades. Ela \u00e9 uma express\u00e3o complexa e multifacetada da busca humana por significado, prop\u00f3sito e transcend\u00eancia. Neste artigo, exploraremos o conceito de religi\u00e3o, suas diversas manifesta\u00e7\u00f5es ao redor do mundo e a import\u00e2ncia que ela desempenha na sociedade contempor\u00e2nea.<\/p>\n\n\n\n<h2 class=\"wp-block-heading\">Definindo Religi\u00e3o: Uma Jornada pela Diversidade<\/h2>\n\n\n\n<p class=\"wp-block-paragraph\">A defini\u00e7\u00e3o de religi\u00e3o \u00e9 um desafio, uma vez que ela abrange uma ampla gama de cren\u00e7as, pr\u00e1ticas e tradi\u00e7\u00f5es. Em sua ess\u00eancia, a religi\u00e3o refere-se a um conjunto de cren\u00e7as e pr\u00e1ticas relacionadas ao sagrado e ao transcendental. No entanto, as manifesta\u00e7\u00f5es espec\u00edficas dessas cren\u00e7as variam consideravelmente de uma cultura para outra.<\/p>\n\n\n\n<figure class=\"wp-block-image size-large\"><img loading=\"lazy\" decoding=\"async\" width=\"1024\" height=\"684\" src=\"https:\/\/www.oracaoefe.com\/wp-content\/uploads\/2023\/11\/image-1024x684.png\" alt=\"\" class=\"wp-image-2464\" srcset=\"https:\/\/www.oracaoefe.com\/wp-content\/uploads\/2023\/11\/image-1024x684.png 1024w, https:\/\/www.oracaoefe.com\/wp-content\/uploads\/2023\/11\/image-300x200.png 300w, https:\/\/www.oracaoefe.com\/wp-content\/uploads\/2023\/11\/image-768x513.png 768w, https:\/\/www.oracaoefe.com\/wp-content\/uploads\/2023\/11\/image-18x12.png 18w, https:\/\/www.oracaoefe.com\/wp-content\/uploads\/2023\/11\/image.png 1280w\" sizes=\"auto, (max-width: 1024px) 100vw, 1024px\" \/><figcaption class=\"wp-element-caption\">Imagem: Reprodu\u00e7\u00e3o<\/figcaption><\/figure>\n\n\n\n<p class=\"wp-block-paragraph\">Para algumas pessoas, a religi\u00e3o est\u00e1 ligada a sistemas de cren\u00e7as te\u00edstas, envolvendo a adora\u00e7\u00e3o de um ou mais deuses. Para outros, a espiritualidade pode ser mais secular, centrando-se em princ\u00edpios \u00e9ticos e filos\u00f3ficos. As religi\u00f5es do mundo incluem o Cristianismo, Islamismo, Hindu\u00edsmo, Budismo, Juda\u00edsmo, Sikhismo, entre muitas outras, cada uma com suas pr\u00f3prias tradi\u00e7\u00f5es e ensinamentos.<\/p>\n\n\n\n<h2 class=\"wp-block-heading\">A Fun\u00e7\u00e3o da Religi\u00e3o na Sociedade<\/h2>\n\n\n\n<p class=\"wp-block-paragraph\">A religi\u00e3o desempenha diversas fun\u00e7\u00f5es na sociedade, influenciando a \u00e9tica, a moral, as institui\u00e7\u00f5es sociais e a identidade cultural. Algumas das principais fun\u00e7\u00f5es incluem:<\/p>\n\n\n\n<ul class=\"wp-block-list\">\n<li>Estabelecimento de Valores Morais e \u00c9ticos: Muitas religi\u00f5es fornecem um conjunto de princ\u00edpios morais e \u00e9ticos que orientam o comportamento individual e coletivo. Esses valores podem incluir a compaix\u00e3o, a honestidade, a justi\u00e7a e a solidariedade.<\/li>\n\n\n\n<li>Sentido de Comunidade e Identidade: A religi\u00e3o muitas vezes serve como um ponto de coes\u00e3o social, proporcionando um senso de comunidade e identidade compartilhada. As pr\u00e1ticas religiosas, como rituais e celebra\u00e7\u00f5es, fortalecem os la\u00e7os entre os membros da comunidade.<\/li>\n\n\n\n<li>Respostas para Perguntas Existenciais: A religi\u00e3o oferece explica\u00e7\u00f5es para quest\u00f5es fundamentais da exist\u00eancia humana, como a origem do universo, o prop\u00f3sito da vida e o significado da morte. Essas narrativas mitol\u00f3gicas e teol\u00f3gicas fornecem um contexto significativo para a vida humana.<\/li>\n\n\n\n<li>Fonte de Consolo e Esperan\u00e7a: Em momentos de dificuldade e sofrimento, a religi\u00e3o muitas vezes serve como uma fonte de consolo e esperan\u00e7a. As cren\u00e7as religiosas oferecem a perspectiva de uma realidade transcendental e a promessa de reden\u00e7\u00e3o ou vida ap\u00f3s a morte.<\/li>\n\n\n\n<li>Moralidade e Controle Social: A religi\u00e3o desempenha um papel na regula\u00e7\u00e3o do comportamento individual e social, estabelecendo normas morais e \u00e9ticas. Essas normas muitas vezes t\u00eam implica\u00e7\u00f5es legais e sociais, contribuindo para a coes\u00e3o social e a ordem.<\/li>\n<\/ul>\n\n\n\n<h2 class=\"wp-block-heading\">Religi\u00e3o e Desafios Contempor\u00e2neos<\/h2>\n\n\n\n<p class=\"wp-block-paragraph\">Apesar da influ\u00eancia duradoura da religi\u00e3o ao longo da hist\u00f3ria, a sociedade contempor\u00e2nea enfrenta desafios significativos relacionados \u00e0 diversidade de cren\u00e7as e ao surgimento de uma perspectiva secular. O avan\u00e7o da ci\u00eancia e a \u00eanfase na raz\u00e3o desafiaram algumas interpreta\u00e7\u00f5es religiosas tradicionais, levando a um aumento do secularismo em algumas partes do mundo.<\/p>\n\n\n\n<p class=\"wp-block-paragraph\">Al\u00e9m disso, as tens\u00f5es entre diferentes tradi\u00e7\u00f5es religiosas e o aumento do fundamentalismo t\u00eam gerado conflitos em v\u00e1rias regi\u00f5es do globo. O equil\u00edbrio entre a liberdade religiosa e a necessidade de coexist\u00eancia pac\u00edfica tornou-se uma quest\u00e3o premente em muitas sociedades pluralistas.<\/p>\n\n\n\n<h2 class=\"wp-block-heading\">Di\u00e1logo Inter-religioso e Toler\u00e2ncia Religiosa<\/h2>\n\n\n\n<p class=\"wp-block-paragraph\">Em face desses desafios, o di\u00e1logo inter-religioso e a promo\u00e7\u00e3o da toler\u00e2ncia religiosa t\u00eam emergido como abordagens importantes. Reconhecer a diversidade de cren\u00e7as e pr\u00e1ticas, bem como encontrar pontos comuns entre as diferentes tradi\u00e7\u00f5es, pode ser fundamental para promover a compreens\u00e3o m\u00fatua e construir sociedades mais inclusivas.<\/p>\n\n\n\n<p class=\"wp-block-paragraph\">A educa\u00e7\u00e3o desempenha um papel crucial nesse processo, capacitando as pessoas a entenderem e respeitarem as cren\u00e7as dos outros. Al\u00e9m disso, o respeito \u00e0 liberdade religiosa e a separa\u00e7\u00e3o entre igreja e Estado s\u00e3o princ\u00edpios-chave para garantir a coexist\u00eancia pac\u00edfica em sociedades pluralistas.<\/p>\n\n\n\n<h2 class=\"wp-block-heading\">Por que \u00e9 importante ter f\u00e9?<\/h2>\n\n\n\n<p class=\"wp-block-paragraph\">A import\u00e2ncia da f\u00e9 \u00e9 uma quest\u00e3o profundamente pessoal e muitas vezes est\u00e1 ligada \u00e0s convic\u00e7\u00f5es individuais, valores, e vis\u00f5es de mundo. A f\u00e9 pode assumir v\u00e1rias formas, desde a f\u00e9 religiosa tradicional at\u00e9 uma f\u00e9 mais ampla em princ\u00edpios ou ideais. Aqui est\u00e3o algumas raz\u00f5es pelas quais muitas pessoas consideram a f\u00e9 como uma parte valiosa de suas vidas:<\/p>\n\n\n\n<h3 class=\"wp-block-heading\">Significado e Prop\u00f3sito<\/h3>\n\n\n\n<p class=\"wp-block-paragraph\">A f\u00e9 pode oferecer um sentido mais profundo de significado e prop\u00f3sito \u00e0 vida. Acreditar em algo maior do que a pr\u00f3pria exist\u00eancia pode dar um contexto mais amplo para as experi\u00eancias e desafios individuais.<\/p>\n\n\n\n<h3 class=\"wp-block-heading\">Conforto em Tempos Dif\u00edceis<\/h3>\n\n\n\n<p class=\"wp-block-paragraph\">A f\u00e9 muitas vezes atua como uma fonte de conforto e consolo em tempos de dificuldade. Acreditar que existe algo ou algu\u00e9m maior que est\u00e1 cuidando ou guiando pode proporcionar uma sensa\u00e7\u00e3o de esperan\u00e7a e seguran\u00e7a.<\/p>\n\n\n\n<h3 class=\"wp-block-heading\">Orienta\u00e7\u00e3o Moral<\/h3>\n\n\n\n<p class=\"wp-block-paragraph\">Para muitas pessoas, a f\u00e9 serve como uma base para princ\u00edpios \u00e9ticos e morais. As cren\u00e7as religiosas frequentemente fornecem um conjunto de diretrizes para o comportamento moral, ajudando as pessoas a discernir entre o certo e o errado.<\/p>\n\n\n\n<h3 class=\"wp-block-heading\">Comunidade e Apoio Social<\/h3>\n\n\n\n<p class=\"wp-block-paragraph\">Participar de uma comunidade de f\u00e9 pode oferecer um senso de pertencimento e apoio social. Essas comunidades muitas vezes compartilham valores e objetivos semelhantes, proporcionando um ambiente onde as pessoas se sentem compreendidas e aceitas.<\/p>\n\n\n\n<h3 class=\"wp-block-heading\">Resili\u00eancia<\/h3>\n\n\n\n<p class=\"wp-block-paragraph\">A f\u00e9 pode ser um impulso para a resili\u00eancia. Acreditar em algo maior pode ajudar as pessoas a enfrentar adversidades com uma mentalidade mais positiva, buscando significado mesmo em situa\u00e7\u00f5es desafiadoras.<\/p>\n\n\n\n<h3 class=\"wp-block-heading\">Transforma\u00e7\u00e3o Pessoal<\/h3>\n\n\n\n<p class=\"wp-block-paragraph\">Muitas tradi\u00e7\u00f5es religiosas ensinam a import\u00e2ncia da transforma\u00e7\u00e3o pessoal e do crescimento espiritual. A f\u00e9 pode motivar as pessoas a procurarem aprimoramento cont\u00ednuo em diferentes aspectos de suas vidas.<\/p>\n\n\n\n<h2 class=\"wp-block-heading\">Conclus\u00e3o: A Relev\u00e2ncia Cont\u00ednua da Religi\u00e3o<\/h2>\n\n\n\n<p class=\"wp-block-paragraph\">Em suma, a religi\u00e3o continua a desempenhar um papel vital na sociedade, influenciando a \u00e9tica, a moral, a identidade e as institui\u00e7\u00f5es sociais. Seja como fonte de consolo em tempos dif\u00edceis, guia moral ou express\u00e3o cultural, a religi\u00e3o desafia e inspira a humanidade desde tempos imemoriais.<\/p>\n\n\n\n<p class=\"wp-block-paragraph\">Contudo, \u00e9 imperativo abordar os desafios contempor\u00e2neos, como o pluralismo religioso e as tens\u00f5es inter-religiosas, com respeito, compreens\u00e3o e toler\u00e2ncia. O di\u00e1logo inter-religioso e a promo\u00e7\u00e3o da liberdade religiosa s\u00e3o elementos-chave para construir uma sociedade mais justa e pac\u00edfica, onde as diversas express\u00f5es espirituais coexistem harmoniosamente.&nbsp;<\/p>\n\n\n\n<p class=\"wp-block-paragraph\">Em \u00faltima an\u00e1lise, a compreens\u00e3o profunda da religi\u00e3o e de sua import\u00e2ncia na sociedade \u00e9 essencial para moldar um futuro que respeite a diversidade e promova a paz.<\/p>\n\n\n\n<p class=\"wp-block-paragraph\"><strong>Voir aussi\u00a0: <a href=\"https:\/\/www.oracaoefe.com\/fr\/10-aplicativos-para-religiosos-com-android-ou-iphone\/\">10 aplicativos para religiosos com Android ou iPhone<\/a><\/strong><\/p>\n\n\n\n<p class=\"wp-block-paragraph\">25 de novembro de 2023<\/p>","protected":false},"excerpt":{"rendered":"<p>A religi\u00e3o, ao longo da hist\u00f3ria da humanidade, tem desempenhado um papel significativo na vida das pessoas e das sociedades. Ela \u00e9 uma express\u00e3o complexa e multifacetada da busca humana por significado, prop\u00f3sito e transcend\u00eancia. Neste artigo, exploraremos o conceito de religi\u00e3o, suas diversas manifesta\u00e7\u00f5es ao redor do mundo e a import\u00e2ncia que ela desempenha&hellip;&nbsp;<\/p>","protected":false},"author":3,"featured_media":2464,"comment_status":"closed","ping_status":"closed","sticky":false,"template":"","format":"standard","meta":{"neve_meta_sidebar":"","neve_meta_container":"","neve_meta_enable_content_width":"","neve_meta_content_width":0,"neve_meta_title_alignment":"","neve_meta_author_avatar":"","neve_post_elements_order":"","neve_meta_disable_header":"","neve_meta_disable_footer":"","neve_meta_disable_title":"","footnotes":""},"categories":[4],"tags":[],"class_list":["post-2463","post","type-post","status-publish","format-standard","has-post-thumbnail","hentry","category-fique-por-dentro"],"yoast_head":"<!-- This site is optimized with the Yoast SEO plugin v28.4 - https:\/\/yoast.com\/product\/yoast-seo-wordpress\/ -->\n<title>O que \u00e9 Religi\u00e3o? Qual a import\u00e2ncia para a sociedade? - Ora\u00e7\u00e3o e F\u00e9<\/title>\n<meta name=\"description\" content=\"Deus tem pra voc\u00ea uma palavra de vida!\" \/>\n<meta name=\"robots\" content=\"index, follow, max-snippet:-1, max-image-preview:large, max-video-preview:-1\" \/>\n<link rel=\"canonical\" href=\"https:\/\/www.oracaoefe.com\/fr\/o-que-e-religiao-qual-a-importancia-para-a-sociedade\/\" \/>\n<meta property=\"og:locale\" content=\"fr_FR\" \/>\n<meta property=\"og:type\" content=\"article\" \/>\n<meta property=\"og:title\" content=\"O que \u00e9 Religi\u00e3o? Qual a import\u00e2ncia para a sociedade? - Ora\u00e7\u00e3o e F\u00e9\" \/>\n<meta property=\"og:description\" content=\"Deus tem pra voc\u00ea uma palavra de vida!\" \/>\n<meta property=\"og:url\" content=\"https:\/\/www.oracaoefe.com\/fr\/o-que-e-religiao-qual-a-importancia-para-a-sociedade\/\" \/>\n<meta property=\"og:site_name\" content=\"Ora\u00e7\u00e3o e F\u00e9\" \/>\n<meta property=\"article:published_time\" content=\"2023-11-25T22:10:42+00:00\" \/>\n<meta property=\"article:modified_time\" content=\"2023-11-25T22:10:44+00:00\" \/>\n<meta property=\"og:image\" content=\"https:\/\/www.oracaoefe.com\/wp-content\/uploads\/2023\/11\/image.png\" \/>\n\t<meta property=\"og:image:width\" content=\"1280\" \/>\n\t<meta property=\"og:image:height\" content=\"855\" \/>\n\t<meta property=\"og:image:type\" content=\"image\/png\" \/>\n<meta name=\"author\" content=\"Michele Azevedo\" \/>\n<meta name=\"twitter:card\" content=\"summary_large_image\" \/>\n<meta name=\"twitter:label1\" content=\"\u00c9crit par\" \/>\n\t<meta name=\"twitter:data1\" content=\"Michele Azevedo\" \/>\n\t<meta name=\"twitter:label2\" content=\"Dur\u00e9e de lecture estim\u00e9e\" \/>\n\t<meta name=\"twitter:data2\" content=\"6 minutes\" \/>\n<script type=\"application\/ld+json\" class=\"yoast-schema-graph\">{\"@context\":\"https:\\\/\\\/schema.org\",\"@graph\":[{\"@type\":\"Article\",\"@id\":\"https:\\\/\\\/www.oracaoefe.com\\\/o-que-e-religiao-qual-a-importancia-para-a-sociedade\\\/#article\",\"isPartOf\":{\"@id\":\"https:\\\/\\\/www.oracaoefe.com\\\/o-que-e-religiao-qual-a-importancia-para-a-sociedade\\\/\"},\"author\":{\"name\":\"Michele Azevedo\",\"@id\":\"https:\\\/\\\/www.oracaoefe.com\\\/#\\\/schema\\\/person\\\/17283c669442cf005c4d5bb58adfb7f5\"},\"headline\":\"O que \u00e9 Religi\u00e3o? Qual a import\u00e2ncia para a sociedade?\",\"datePublished\":\"2023-11-25T22:10:42+00:00\",\"dateModified\":\"2023-11-25T22:10:44+00:00\",\"mainEntityOfPage\":{\"@id\":\"https:\\\/\\\/www.oracaoefe.com\\\/o-que-e-religiao-qual-a-importancia-para-a-sociedade\\\/\"},\"wordCount\":1182,\"image\":{\"@id\":\"https:\\\/\\\/www.oracaoefe.com\\\/o-que-e-religiao-qual-a-importancia-para-a-sociedade\\\/#primaryimage\"},\"thumbnailUrl\":\"https:\\\/\\\/www.oracaoefe.com\\\/wp-content\\\/uploads\\\/2023\\\/11\\\/image.png\",\"articleSection\":[\"Fique por Dentro\"],\"inLanguage\":\"fr-FR\"},{\"@type\":\"WebPage\",\"@id\":\"https:\\\/\\\/www.oracaoefe.com\\\/o-que-e-religiao-qual-a-importancia-para-a-sociedade\\\/\",\"url\":\"https:\\\/\\\/www.oracaoefe.com\\\/o-que-e-religiao-qual-a-importancia-para-a-sociedade\\\/\",\"name\":\"O que \u00e9 Religi\u00e3o? Qual a import\u00e2ncia para a sociedade? - Ora\u00e7\u00e3o e F\u00e9\",\"isPartOf\":{\"@id\":\"https:\\\/\\\/www.oracaoefe.com\\\/#website\"},\"primaryImageOfPage\":{\"@id\":\"https:\\\/\\\/www.oracaoefe.com\\\/o-que-e-religiao-qual-a-importancia-para-a-sociedade\\\/#primaryimage\"},\"image\":{\"@id\":\"https:\\\/\\\/www.oracaoefe.com\\\/o-que-e-religiao-qual-a-importancia-para-a-sociedade\\\/#primaryimage\"},\"thumbnailUrl\":\"https:\\\/\\\/www.oracaoefe.com\\\/wp-content\\\/uploads\\\/2023\\\/11\\\/image.png\",\"datePublished\":\"2023-11-25T22:10:42+00:00\",\"dateModified\":\"2023-11-25T22:10:44+00:00\",\"author\":{\"@id\":\"https:\\\/\\\/www.oracaoefe.com\\\/#\\\/schema\\\/person\\\/17283c669442cf005c4d5bb58adfb7f5\"},\"description\":\"Deus tem pra voc\u00ea uma palavra de vida!\",\"breadcrumb\":{\"@id\":\"https:\\\/\\\/www.oracaoefe.com\\\/o-que-e-religiao-qual-a-importancia-para-a-sociedade\\\/#breadcrumb\"},\"inLanguage\":\"fr-FR\",\"potentialAction\":[{\"@type\":\"ReadAction\",\"target\":[\"https:\\\/\\\/www.oracaoefe.com\\\/o-que-e-religiao-qual-a-importancia-para-a-sociedade\\\/\"]}]},{\"@type\":\"ImageObject\",\"inLanguage\":\"fr-FR\",\"@id\":\"https:\\\/\\\/www.oracaoefe.com\\\/o-que-e-religiao-qual-a-importancia-para-a-sociedade\\\/#primaryimage\",\"url\":\"https:\\\/\\\/www.oracaoefe.com\\\/wp-content\\\/uploads\\\/2023\\\/11\\\/image.png\",\"contentUrl\":\"https:\\\/\\\/www.oracaoefe.com\\\/wp-content\\\/uploads\\\/2023\\\/11\\\/image.png\",\"width\":1280,\"height\":855},{\"@type\":\"BreadcrumbList\",\"@id\":\"https:\\\/\\\/www.oracaoefe.com\\\/o-que-e-religiao-qual-a-importancia-para-a-sociedade\\\/#breadcrumb\",\"itemListElement\":[{\"@type\":\"ListItem\",\"position\":1,\"name\":\"Home\",\"item\":\"https:\\\/\\\/www.oracaoefe.com\\\/\"},{\"@type\":\"ListItem\",\"position\":2,\"name\":\"Fique por Dentro\",\"item\":\"https:\\\/\\\/www.oracaoefe.com\\\/category\\\/fique-por-dentro\\\/\"},{\"@type\":\"ListItem\",\"position\":3,\"name\":\"O que \u00e9 Religi\u00e3o? Qual a import\u00e2ncia para a sociedade?\"}]},{\"@type\":\"WebSite\",\"@id\":\"https:\\\/\\\/www.oracaoefe.com\\\/#website\",\"url\":\"https:\\\/\\\/www.oracaoefe.com\\\/\",\"name\":\"Ora\u00e7\u00e3o e F\u00e9\",\"description\":\"\",\"potentialAction\":[{\"@type\":\"SearchAction\",\"target\":{\"@type\":\"EntryPoint\",\"urlTemplate\":\"https:\\\/\\\/www.oracaoefe.com\\\/?s={search_term_string}\"},\"query-input\":{\"@type\":\"PropertyValueSpecification\",\"valueRequired\":true,\"valueName\":\"search_term_string\"}}],\"inLanguage\":\"fr-FR\"},{\"@type\":\"Person\",\"@id\":\"https:\\\/\\\/www.oracaoefe.com\\\/#\\\/schema\\\/person\\\/17283c669442cf005c4d5bb58adfb7f5\",\"name\":\"Michele Azevedo\",\"image\":{\"@type\":\"ImageObject\",\"inLanguage\":\"fr-FR\",\"@id\":\"https:\\\/\\\/secure.gravatar.com\\\/avatar\\\/6b0eb9d22841282815e2cd856a0061c45e1761cd54b22e952d98c4746939aa85?s=96&d=mm&r=g\",\"url\":\"https:\\\/\\\/secure.gravatar.com\\\/avatar\\\/6b0eb9d22841282815e2cd856a0061c45e1761cd54b22e952d98c4746939aa85?s=96&d=mm&r=g\",\"contentUrl\":\"https:\\\/\\\/secure.gravatar.com\\\/avatar\\\/6b0eb9d22841282815e2cd856a0061c45e1761cd54b22e952d98c4746939aa85?s=96&d=mm&r=g\",\"caption\":\"Michele Azevedo\"},\"description\":\"Formada em Letras - Portugu\u00eas\\\/ Ingl\u00eas pela Universidade Estadual de Ponta Grossa (UEPG), p\u00f3s-graduada em Arte na Educa\u00e7\u00e3o (FAPI) e Psicopedagogia Escolar (FAPI), idealizadora e propriet\u00e1ria do site Escritora de Sucesso, possui experi\u00eancia em escrita para blogs em geral e atua como redatora e revisora dos conte\u00fados do Ora\u00e7\u00e3o e F\u00e9.\",\"url\":\"https:\\\/\\\/www.oracaoefe.com\\\/fr\\\/author\\\/michele-azevedo\\\/\"}]}<\/script>\n<!-- \/ Yoast SEO plugin. -->","yoast_head_json":{"title":"O que \u00e9 Religi\u00e3o? Qual a import\u00e2ncia para a sociedade? - Ora\u00e7\u00e3o e F\u00e9","description":"Dieu a une parole de vie pour vous !","robots":{"index":"index","follow":"follow","max-snippet":"max-snippet:-1","max-image-preview":"max-image-preview:large","max-video-preview":"max-video-preview:-1"},"canonical":"https:\/\/www.oracaoefe.com\/fr\/o-que-e-religiao-qual-a-importancia-para-a-sociedade\/","og_locale":"fr_FR","og_type":"article","og_title":"O que \u00e9 Religi\u00e3o? Qual a import\u00e2ncia para a sociedade? - Ora\u00e7\u00e3o e F\u00e9","og_description":"Deus tem pra voc\u00ea uma palavra de vida!","og_url":"https:\/\/www.oracaoefe.com\/fr\/o-que-e-religiao-qual-a-importancia-para-a-sociedade\/","og_site_name":"Ora\u00e7\u00e3o e F\u00e9","article_published_time":"2023-11-25T22:10:42+00:00","article_modified_time":"2023-11-25T22:10:44+00:00","og_image":[{"width":1280,"height":855,"url":"https:\/\/www.oracaoefe.com\/wp-content\/uploads\/2023\/11\/image.png","type":"image\/png"}],"author":"Michele Azevedo","twitter_card":"summary_large_image","twitter_misc":{"\u00c9crit par":"Michele Azevedo","Dur\u00e9e de lecture estim\u00e9e":"6 minutes"},"schema":{"@context":"https:\/\/schema.org","@graph":[{"@type":"Article","@id":"https:\/\/www.oracaoefe.com\/o-que-e-religiao-qual-a-importancia-para-a-sociedade\/#article","isPartOf":{"@id":"https:\/\/www.oracaoefe.com\/o-que-e-religiao-qual-a-importancia-para-a-sociedade\/"},"author":{"name":"Michele Azevedo","@id":"https:\/\/www.oracaoefe.com\/#\/schema\/person\/17283c669442cf005c4d5bb58adfb7f5"},"headline":"O que \u00e9 Religi\u00e3o? Qual a import\u00e2ncia para a sociedade?","datePublished":"2023-11-25T22:10:42+00:00","dateModified":"2023-11-25T22:10:44+00:00","mainEntityOfPage":{"@id":"https:\/\/www.oracaoefe.com\/o-que-e-religiao-qual-a-importancia-para-a-sociedade\/"},"wordCount":1182,"image":{"@id":"https:\/\/www.oracaoefe.com\/o-que-e-religiao-qual-a-importancia-para-a-sociedade\/#primaryimage"},"thumbnailUrl":"https:\/\/www.oracaoefe.com\/wp-content\/uploads\/2023\/11\/image.png","articleSection":["Fique por Dentro"],"inLanguage":"fr-FR"},{"@type":"WebPage","@id":"https:\/\/www.oracaoefe.com\/o-que-e-religiao-qual-a-importancia-para-a-sociedade\/","url":"https:\/\/www.oracaoefe.com\/o-que-e-religiao-qual-a-importancia-para-a-sociedade\/","name":"O que \u00e9 Religi\u00e3o? Qual a import\u00e2ncia para a sociedade? - Ora\u00e7\u00e3o e F\u00e9","isPartOf":{"@id":"https:\/\/www.oracaoefe.com\/#website"},"primaryImageOfPage":{"@id":"https:\/\/www.oracaoefe.com\/o-que-e-religiao-qual-a-importancia-para-a-sociedade\/#primaryimage"},"image":{"@id":"https:\/\/www.oracaoefe.com\/o-que-e-religiao-qual-a-importancia-para-a-sociedade\/#primaryimage"},"thumbnailUrl":"https:\/\/www.oracaoefe.com\/wp-content\/uploads\/2023\/11\/image.png","datePublished":"2023-11-25T22:10:42+00:00","dateModified":"2023-11-25T22:10:44+00:00","author":{"@id":"https:\/\/www.oracaoefe.com\/#\/schema\/person\/17283c669442cf005c4d5bb58adfb7f5"},"description":"Dieu a une parole de vie pour vous !","breadcrumb":{"@id":"https:\/\/www.oracaoefe.com\/o-que-e-religiao-qual-a-importancia-para-a-sociedade\/#breadcrumb"},"inLanguage":"fr-FR","potentialAction":[{"@type":"ReadAction","target":["https:\/\/www.oracaoefe.com\/o-que-e-religiao-qual-a-importancia-para-a-sociedade\/"]}]},{"@type":"ImageObject","inLanguage":"fr-FR","@id":"https:\/\/www.oracaoefe.com\/o-que-e-religiao-qual-a-importancia-para-a-sociedade\/#primaryimage","url":"https:\/\/www.oracaoefe.com\/wp-content\/uploads\/2023\/11\/image.png","contentUrl":"https:\/\/www.oracaoefe.com\/wp-content\/uploads\/2023\/11\/image.png","width":1280,"height":855},{"@type":"BreadcrumbList","@id":"https:\/\/www.oracaoefe.com\/o-que-e-religiao-qual-a-importancia-para-a-sociedade\/#breadcrumb","itemListElement":[{"@type":"ListItem","position":1,"name":"Home","item":"https:\/\/www.oracaoefe.com\/"},{"@type":"ListItem","position":2,"name":"Fique por Dentro","item":"https:\/\/www.oracaoefe.com\/category\/fique-por-dentro\/"},{"@type":"ListItem","position":3,"name":"O que \u00e9 Religi\u00e3o? Qual a import\u00e2ncia para a sociedade?"}]},{"@type":"WebSite","@id":"https:\/\/www.oracaoefe.com\/#website","url":"https:\/\/www.oracaoefe.com\/","name":"Pri\u00e8re et foi","description":"","potentialAction":[{"@type":"SearchAction","target":{"@type":"EntryPoint","urlTemplate":"https:\/\/www.oracaoefe.com\/?s={search_term_string}"},"query-input":{"@type":"PropertyValueSpecification","valueRequired":true,"valueName":"search_term_string"}}],"inLanguage":"fr-FR"},{"@type":"Person","@id":"https:\/\/www.oracaoefe.com\/#\/schema\/person\/17283c669442cf005c4d5bb58adfb7f5","name":"Michele Azevedo","image":{"@type":"ImageObject","inLanguage":"fr-FR","@id":"https:\/\/secure.gravatar.com\/avatar\/6b0eb9d22841282815e2cd856a0061c45e1761cd54b22e952d98c4746939aa85?s=96&d=mm&r=g","url":"https:\/\/secure.gravatar.com\/avatar\/6b0eb9d22841282815e2cd856a0061c45e1761cd54b22e952d98c4746939aa85?s=96&d=mm&r=g","contentUrl":"https:\/\/secure.gravatar.com\/avatar\/6b0eb9d22841282815e2cd856a0061c45e1761cd54b22e952d98c4746939aa85?s=96&d=mm&r=g","caption":"Michele Azevedo"},"description":"Dipl\u00f4m\u00e9e en litt\u00e9rature portugaise\/anglaise de l&#039;Universit\u00e9 d&#039;\u00c9tat de Ponta Grossa (UEPG), avec des dipl\u00f4mes de troisi\u00e8me cycle en art dans l&#039;\u00e9ducation (FAPI) et en psychop\u00e9dagogie scolaire (FAPI), elle est la cr\u00e9atrice et propri\u00e9taire du site web Escritora de Sucesso, a de l&#039;exp\u00e9rience dans l&#039;\u00e9criture pour les blogs en g\u00e9n\u00e9ral et travaille comme r\u00e9dactrice et \u00e9ditrice du contenu pour Ora\u00e7\u00e3o e F\u00e9.","url":"https:\/\/www.oracaoefe.com\/fr\/author\/michele-azevedo\/"}]}},"_links":{"self":[{"href":"https:\/\/www.oracaoefe.com\/fr\/wp-json\/wp\/v2\/posts\/2463","targetHints":{"allow":["GET"]}}],"collection":[{"href":"https:\/\/www.oracaoefe.com\/fr\/wp-json\/wp\/v2\/posts"}],"about":[{"href":"https:\/\/www.oracaoefe.com\/fr\/wp-json\/wp\/v2\/types\/post"}],"author":[{"embeddable":true,"href":"https:\/\/www.oracaoefe.com\/fr\/wp-json\/wp\/v2\/users\/3"}],"replies":[{"embeddable":true,"href":"https:\/\/www.oracaoefe.com\/fr\/wp-json\/wp\/v2\/comments?post=2463"}],"version-history":[{"count":1,"href":"https:\/\/www.oracaoefe.com\/fr\/wp-json\/wp\/v2\/posts\/2463\/revisions"}],"predecessor-version":[{"id":2465,"href":"https:\/\/www.oracaoefe.com\/fr\/wp-json\/wp\/v2\/posts\/2463\/revisions\/2465"}],"wp:featuredmedia":[{"embeddable":true,"href":"https:\/\/www.oracaoefe.com\/fr\/wp-json\/wp\/v2\/media\/2464"}],"wp:attachment":[{"href":"https:\/\/www.oracaoefe.com\/fr\/wp-json\/wp\/v2\/media?parent=2463"}],"wp:term":[{"taxonomy":"category","embeddable":true,"href":"https:\/\/www.oracaoefe.com\/fr\/wp-json\/wp\/v2\/categories?post=2463"},{"taxonomy":"post_tag","embeddable":true,"href":"https:\/\/www.oracaoefe.com\/fr\/wp-json\/wp\/v2\/tags?post=2463"}],"curies":[{"name":"wp","href":"https:\/\/api.w.org\/{rel}","templated":true}]}}