{"id":2450,"date":"2023-10-27T01:01:00","date_gmt":"2023-10-27T04:01:00","guid":{"rendered":"https:\/\/www.oracaoefe.com\/?p=2450"},"modified":"2025-06-15T15:17:27","modified_gmt":"2025-06-15T18:17:27","slug":"palavra-de-vida-de-hoje-como-superar-os-obstaculos-no-caminho-com-fe","status":"publish","type":"post","link":"https:\/\/www.oracaoefe.com\/fr\/palavra-de-vida-de-hoje-como-superar-os-obstaculos-no-caminho-com-fe\/","title":{"rendered":"Palavra de Vida de Hoje: Como Superar os Obst\u00e1culos no Caminho com F\u00e9"},"content":{"rendered":"<p class=\"wp-block-paragraph\">A vida \u00e9 uma jornada repleta de desafios e obst\u00e1culos. N\u00e3o importa quem voc\u00ea seja ou de onde venha, todos n\u00f3s enfrentamos dificuldades em algum momento de nossas vidas. Esses obst\u00e1culos podem variar desde problemas financeiros e de sa\u00fade at\u00e9 desafios emocionais e espirituais. No entanto, independentemente da natureza desses desafios, a f\u00e9 desempenha um papel fundamental em nossa capacidade de super\u00e1-los.<\/p>\n\n\n\n<p class=\"wp-block-paragraph\">Neste conte\u00fado, exploraremos como a f\u00e9 pode ser uma ferramenta poderosa para enfrentar e superar os obst\u00e1culos que surgem em nosso caminho. Vamos discutir o que \u00e9 a f\u00e9, por que \u00e9 importante e como podemos fortalec\u00ea-la para enfrentar os desafios da vida.<\/p>\n\n\n\n<h2 class=\"wp-block-heading\">O Que \u00c9 F\u00e9?<\/h2>\n\n\n\n<p class=\"wp-block-paragraph\">A f\u00e9 \u00e9 uma cren\u00e7a profunda e inabal\u00e1vel em algo maior do que n\u00f3s mesmos. Pode se manifestar de diferentes formas, dependendo das cren\u00e7as e valores de cada pessoa. Para alguns, a f\u00e9 est\u00e1 ligada \u00e0 religi\u00e3o, enquanto para outros, \u00e9 uma confian\u00e7a fundamental no universo ou em uma for\u00e7a superior. Independentemente de como a definimos, a f\u00e9 nos d\u00e1 esperan\u00e7a e nos ajuda a encontrar significado em meio \u00e0 incerteza.<\/p>\n\n\n\n<figure class=\"wp-block-image size-large\"><img loading=\"lazy\" decoding=\"async\" width=\"1024\" height=\"682\" src=\"https:\/\/www.oracaoefe.com\/wp-content\/uploads\/2023\/10\/image-7-1024x682.png\" alt=\"\" class=\"wp-image-2451\" srcset=\"https:\/\/www.oracaoefe.com\/wp-content\/uploads\/2023\/10\/image-7-1024x682.png 1024w, https:\/\/www.oracaoefe.com\/wp-content\/uploads\/2023\/10\/image-7-300x200.png 300w, https:\/\/www.oracaoefe.com\/wp-content\/uploads\/2023\/10\/image-7-768x512.png 768w, https:\/\/www.oracaoefe.com\/wp-content\/uploads\/2023\/10\/image-7-18x12.png 18w, https:\/\/www.oracaoefe.com\/wp-content\/uploads\/2023\/10\/image-7.png 1280w\" sizes=\"auto, (max-width: 1024px) 100vw, 1024px\" \/><\/figure>\n\n\n\n<h2 class=\"wp-block-heading\">Por Que a F\u00e9 \u00c9 Importante?<\/h2>\n\n\n\n<p class=\"wp-block-paragraph\">A import\u00e2ncia da f\u00e9 reside no fato de que ela nos proporciona um senso de prop\u00f3sito e dire\u00e7\u00e3o. Quando enfrentamos obst\u00e1culos, \u00e9 f\u00e1cil sentir-se perdido e desamparado. No entanto, a f\u00e9 nos d\u00e1 a for\u00e7a necess\u00e1ria para continuar avan\u00e7ando, mesmo quando a estrada parece escura.<\/p>\n\n\n\n<p class=\"wp-block-paragraph\">A f\u00e9 tamb\u00e9m tem um profundo impacto em nossa sa\u00fade mental e emocional. Ela nos ajuda a lidar com o estresse, a ansiedade e a depress\u00e3o, pois nos permite confiar que as coisas v\u00e3o melhorar. Al\u00e9m disso, a f\u00e9 fortalece nossos relacionamentos, pois nos ensina a perdoar, a ser compassivos e a amar incondicionalmente.<\/p>\n\n\n\n<h2 class=\"wp-block-heading\">Como a F\u00e9 nos Ajuda a Superar Obst\u00e1culos?<\/h2>\n\n\n\n<p class=\"wp-block-paragraph\">A f\u00e9 desempenha um papel fundamental na forma como enfrentamos e superamos os obst\u00e1culos. Aqui est\u00e3o algumas maneiras pelas quais a f\u00e9 nos capacita:<\/p>\n\n\n\n<h3 class=\"wp-block-heading\">1. Fornece Esperan\u00e7a<\/h3>\n\n\n\n<p class=\"wp-block-paragraph\">Quando enfrentamos obst\u00e1culos, a esperan\u00e7a muitas vezes \u00e9 o que nos mant\u00e9m avan\u00e7ando. A f\u00e9 nos d\u00e1 a esperan\u00e7a de que podemos superar nossos desafios e sair mais fortes no final. Ela nos lembra que a adversidade \u00e9 tempor\u00e1ria e que temos o poder de transformar nossa situa\u00e7\u00e3o.<\/p>\n\n\n\n<h3 class=\"wp-block-heading\">2. Oferece Apoio Emocional<\/h3>\n\n\n\n<p class=\"wp-block-paragraph\">A f\u00e9 pode servir como um suporte emocional vital durante momentos dif\u00edceis. Acreditar que n\u00e3o estamos sozinhos e que uma for\u00e7a maior est\u00e1 ao nosso lado nos conforta e nos d\u00e1 coragem. Isso nos permite enfrentar desafios com mais tranquilidade e resili\u00eancia.<\/p>\n\n\n\n<h3 class=\"wp-block-heading\">3. Promove a Resili\u00eancia<\/h3>\n\n\n\n<p class=\"wp-block-paragraph\">A f\u00e9 fortalece nossa resili\u00eancia, tornando-nos mais capazes de superar adversidades. Quando confiamos em algo maior do que n\u00f3s mesmos, desenvolvemos a capacidade de nos adaptar e de enfrentar desafios de cabe\u00e7a erguida. A resili\u00eancia nos ajuda a encontrar solu\u00e7\u00f5es criativas para os problemas e a superar obst\u00e1culos de maneira mais eficaz.<\/p>\n\n\n\n<h3 class=\"wp-block-heading\">4. Inspira a A\u00e7\u00e3o<\/h3>\n\n\n\n<p class=\"wp-block-paragraph\">A f\u00e9 muitas vezes nos inspira a agir de maneira a superar os obst\u00e1culos em nosso caminho. Acreditando que somos capazes de realizar coisas al\u00e9m de nossas pr\u00f3prias for\u00e7as, somos encorajados a tomar medidas concretas para mudar nossa situa\u00e7\u00e3o. Essas a\u00e7\u00f5es podem ser o primeiro passo para superar desafios.<\/p>\n\n\n\n<h3 class=\"wp-block-heading\">5. Promove o Perd\u00e3o e a Compreens\u00e3o<\/h3>\n\n\n\n<p class=\"wp-block-paragraph\">A f\u00e9 frequentemente ensina a import\u00e2ncia do perd\u00e3o e da compreens\u00e3o. Quando enfrentamos obst\u00e1culos de natureza interpessoal, a f\u00e9 nos lembra da import\u00e2ncia de perdoar e de mostrar compaix\u00e3o. Isso n\u00e3o apenas alivia nosso pr\u00f3prio fardo emocional, mas tamb\u00e9m ajuda a melhorar nossos relacionamentos.<\/p>\n\n\n\n<h2 class=\"wp-block-heading\">Como Fortalecer a F\u00e9?<\/h2>\n\n\n\n<p class=\"wp-block-paragraph\">A f\u00e9 n\u00e3o \u00e9 uma qualidade inata, mas algo que pode ser cultivado e fortalecido ao longo do tempo. Aqui est\u00e3o algumas maneiras de fortalecer sua f\u00e9:<\/p>\n\n\n\n<h3 class=\"wp-block-heading\">1. Pr\u00e1tica Espiritual<\/h3>\n\n\n\n<p class=\"wp-block-paragraph\">Se voc\u00ea segue uma religi\u00e3o espec\u00edfica, a pr\u00e1tica espiritual regular, como a ora\u00e7\u00e3o, a medita\u00e7\u00e3o e a leitura de textos sagrados, pode fortalecer sua f\u00e9.<\/p>\n\n\n\n<h3 class=\"wp-block-heading\">2. Comunidade<\/h3>\n\n\n\n<p class=\"wp-block-paragraph\">Participar de uma comunidade de f\u00e9 pode fornecer apoio, orienta\u00e7\u00e3o e um senso de pertencimento que fortalece a f\u00e9.<\/p>\n\n\n\n<h3 class=\"wp-block-heading\">3. Educa\u00e7\u00e3o e Reflex\u00e3o<\/h3>\n\n\n\n<p class=\"wp-block-paragraph\">Aprofundar seu conhecimento sobre suas cren\u00e7as e valores pode fortalecer sua f\u00e9. Isso pode ser alcan\u00e7ado por meio da leitura, discuss\u00f5es e reflex\u00e3o pessoal.<\/p>\n\n\n\n<h3 class=\"wp-block-heading\">4. Experi\u00eancia Pessoal<\/h3>\n\n\n\n<p class=\"wp-block-paragraph\">\u00c0s vezes, a f\u00e9 \u00e9 fortalecida por experi\u00eancias pessoais significativas, como superar um grande obst\u00e1culo ou testemunhar um milagre.<\/p>\n\n\n\n<h3 class=\"wp-block-heading\">5. Seja Aberto ao Di\u00e1logo<\/h3>\n\n\n\n<p class=\"wp-block-paragraph\">Manter um di\u00e1logo aberto e respeitoso com pessoas de diferentes cren\u00e7as e perspectivas pode enriquecer sua f\u00e9 e expandir seu entendimento.<\/p>\n\n\n\n<h2 class=\"wp-block-heading\">Supera\u00e7\u00e3o e f\u00e9<\/h2>\n\n\n\n<p class=\"wp-block-paragraph\">Enfrentar obst\u00e1culos \u00e9 uma parte inevit\u00e1vel da vida, e a f\u00e9 pode ser uma ferramenta poderosa para super\u00e1-los. Ela nos fornece esperan\u00e7a, apoio emocional, resili\u00eancia e inspira\u00e7\u00e3o para a\u00e7\u00e3o. Al\u00e9m disso, promove o perd\u00e3o, a compreens\u00e3o e relacionamentos saud\u00e1veis.<\/p>\n\n\n\n<p class=\"wp-block-paragraph\">Seja qual for a sua cren\u00e7a ou espiritualidade, a f\u00e9 \u00e9 uma for\u00e7a que pode nos guiar atrav\u00e9s dos momentos mais dif\u00edceis. Fortalec\u00ea-la requer pr\u00e1tica, reflex\u00e3o e uma mente aberta. Lembre-se de que a jornada da vida \u00e9 repleta de altos e baixos, mas com f\u00e9, voc\u00ea pode enfrentar os obst\u00e1culos com coragem e determina\u00e7\u00e3o, sabendo que algo maior do que voc\u00ea est\u00e1 ao seu lado.<\/p>\n\n\n\n<p class=\"wp-block-paragraph\"><strong>Voir aussi\u00a0: <a href=\"https:\/\/www.oracaoefe.com\/fr\/perdoar-significa-esquecer\/\">Pardonner signifie-t-il oublier ?<\/a><\/strong><\/p>\n\n\n\n<p class=\"wp-block-paragraph\">27 de outubro de 2023<\/p>","protected":false},"excerpt":{"rendered":"<p>A vida \u00e9 uma jornada repleta de desafios e obst\u00e1culos. N\u00e3o importa quem voc\u00ea seja ou de onde venha, todos n\u00f3s enfrentamos dificuldades em algum momento de nossas vidas. Esses obst\u00e1culos podem variar desde problemas financeiros e de sa\u00fade at\u00e9 desafios emocionais e espirituais. No entanto, independentemente da natureza desses desafios, a f\u00e9 desempenha um&hellip;&nbsp;<\/p>","protected":false},"author":3,"featured_media":2451,"comment_status":"closed","ping_status":"closed","sticky":false,"template":"","format":"standard","meta":{"neve_meta_sidebar":"","neve_meta_container":"","neve_meta_enable_content_width":"","neve_meta_content_width":0,"neve_meta_title_alignment":"","neve_meta_author_avatar":"","neve_post_elements_order":"","neve_meta_disable_header":"","neve_meta_disable_footer":"","neve_meta_disable_title":"","footnotes":""},"categories":[3],"tags":[],"class_list":["post-2450","post","type-post","status-publish","format-standard","has-post-thumbnail","hentry","category-fe"],"yoast_head":"<!-- This site is optimized with the Yoast SEO plugin v28.4 - https:\/\/yoast.com\/product\/yoast-seo-wordpress\/ -->\n<title>Palavra de Vida de Hoje: Como Superar os Obst\u00e1culos no Caminho com F\u00e9 - Ora\u00e7\u00e3o e F\u00e9<\/title>\n<meta name=\"description\" content=\"Deus tem pra voc\u00ea uma palavra de vida!\" \/>\n<meta name=\"robots\" content=\"index, follow, max-snippet:-1, max-image-preview:large, max-video-preview:-1\" \/>\n<link rel=\"canonical\" href=\"https:\/\/www.oracaoefe.com\/fr\/palavra-de-vida-de-hoje-como-superar-os-obstaculos-no-caminho-com-fe\/\" \/>\n<meta property=\"og:locale\" content=\"fr_FR\" \/>\n<meta property=\"og:type\" content=\"article\" \/>\n<meta property=\"og:title\" content=\"Palavra de Vida de Hoje: Como Superar os Obst\u00e1culos no Caminho com F\u00e9 - Ora\u00e7\u00e3o e F\u00e9\" \/>\n<meta property=\"og:description\" content=\"Deus tem pra voc\u00ea uma palavra de vida!\" \/>\n<meta property=\"og:url\" content=\"https:\/\/www.oracaoefe.com\/fr\/palavra-de-vida-de-hoje-como-superar-os-obstaculos-no-caminho-com-fe\/\" \/>\n<meta property=\"og:site_name\" content=\"Ora\u00e7\u00e3o e F\u00e9\" \/>\n<meta property=\"article:published_time\" content=\"2023-10-27T04:01:00+00:00\" \/>\n<meta property=\"article:modified_time\" content=\"2025-06-15T18:17:27+00:00\" \/>\n<meta property=\"og:image\" content=\"https:\/\/www.oracaoefe.com\/wp-content\/uploads\/2023\/10\/image-7.png\" \/>\n\t<meta property=\"og:image:width\" content=\"1280\" \/>\n\t<meta property=\"og:image:height\" content=\"853\" \/>\n\t<meta property=\"og:image:type\" content=\"image\/png\" \/>\n<meta name=\"author\" content=\"Michele Azevedo\" \/>\n<meta name=\"twitter:card\" content=\"summary_large_image\" \/>\n<meta name=\"twitter:label1\" content=\"\u00c9crit par\" \/>\n\t<meta name=\"twitter:data1\" content=\"Michele Azevedo\" \/>\n\t<meta name=\"twitter:label2\" content=\"Dur\u00e9e de lecture estim\u00e9e\" \/>\n\t<meta name=\"twitter:data2\" content=\"5 minutes\" \/>\n<script type=\"application\/ld+json\" class=\"yoast-schema-graph\">{\"@context\":\"https:\\\/\\\/schema.org\",\"@graph\":[{\"@type\":\"Article\",\"@id\":\"https:\\\/\\\/www.oracaoefe.com\\\/palavra-de-vida-de-hoje-como-superar-os-obstaculos-no-caminho-com-fe\\\/#article\",\"isPartOf\":{\"@id\":\"https:\\\/\\\/www.oracaoefe.com\\\/palavra-de-vida-de-hoje-como-superar-os-obstaculos-no-caminho-com-fe\\\/\"},\"author\":{\"name\":\"Michele Azevedo\",\"@id\":\"https:\\\/\\\/www.oracaoefe.com\\\/#\\\/schema\\\/person\\\/17283c669442cf005c4d5bb58adfb7f5\"},\"headline\":\"Palavra de Vida de Hoje: Como Superar os Obst\u00e1culos no Caminho com F\u00e9\",\"datePublished\":\"2023-10-27T04:01:00+00:00\",\"dateModified\":\"2025-06-15T18:17:27+00:00\",\"mainEntityOfPage\":{\"@id\":\"https:\\\/\\\/www.oracaoefe.com\\\/palavra-de-vida-de-hoje-como-superar-os-obstaculos-no-caminho-com-fe\\\/\"},\"wordCount\":946,\"image\":{\"@id\":\"https:\\\/\\\/www.oracaoefe.com\\\/palavra-de-vida-de-hoje-como-superar-os-obstaculos-no-caminho-com-fe\\\/#primaryimage\"},\"thumbnailUrl\":\"https:\\\/\\\/www.oracaoefe.com\\\/wp-content\\\/uploads\\\/2023\\\/10\\\/image-7.png\",\"articleSection\":[\"F\u00e9\"],\"inLanguage\":\"fr-FR\"},{\"@type\":\"WebPage\",\"@id\":\"https:\\\/\\\/www.oracaoefe.com\\\/palavra-de-vida-de-hoje-como-superar-os-obstaculos-no-caminho-com-fe\\\/\",\"url\":\"https:\\\/\\\/www.oracaoefe.com\\\/palavra-de-vida-de-hoje-como-superar-os-obstaculos-no-caminho-com-fe\\\/\",\"name\":\"Palavra de Vida de Hoje: Como Superar os Obst\u00e1culos no Caminho com F\u00e9 - Ora\u00e7\u00e3o e F\u00e9\",\"isPartOf\":{\"@id\":\"https:\\\/\\\/www.oracaoefe.com\\\/#website\"},\"primaryImageOfPage\":{\"@id\":\"https:\\\/\\\/www.oracaoefe.com\\\/palavra-de-vida-de-hoje-como-superar-os-obstaculos-no-caminho-com-fe\\\/#primaryimage\"},\"image\":{\"@id\":\"https:\\\/\\\/www.oracaoefe.com\\\/palavra-de-vida-de-hoje-como-superar-os-obstaculos-no-caminho-com-fe\\\/#primaryimage\"},\"thumbnailUrl\":\"https:\\\/\\\/www.oracaoefe.com\\\/wp-content\\\/uploads\\\/2023\\\/10\\\/image-7.png\",\"datePublished\":\"2023-10-27T04:01:00+00:00\",\"dateModified\":\"2025-06-15T18:17:27+00:00\",\"author\":{\"@id\":\"https:\\\/\\\/www.oracaoefe.com\\\/#\\\/schema\\\/person\\\/17283c669442cf005c4d5bb58adfb7f5\"},\"description\":\"Deus tem pra voc\u00ea uma palavra de vida!\",\"breadcrumb\":{\"@id\":\"https:\\\/\\\/www.oracaoefe.com\\\/palavra-de-vida-de-hoje-como-superar-os-obstaculos-no-caminho-com-fe\\\/#breadcrumb\"},\"inLanguage\":\"fr-FR\",\"potentialAction\":[{\"@type\":\"ReadAction\",\"target\":[\"https:\\\/\\\/www.oracaoefe.com\\\/palavra-de-vida-de-hoje-como-superar-os-obstaculos-no-caminho-com-fe\\\/\"]}]},{\"@type\":\"ImageObject\",\"inLanguage\":\"fr-FR\",\"@id\":\"https:\\\/\\\/www.oracaoefe.com\\\/palavra-de-vida-de-hoje-como-superar-os-obstaculos-no-caminho-com-fe\\\/#primaryimage\",\"url\":\"https:\\\/\\\/www.oracaoefe.com\\\/wp-content\\\/uploads\\\/2023\\\/10\\\/image-7.png\",\"contentUrl\":\"https:\\\/\\\/www.oracaoefe.com\\\/wp-content\\\/uploads\\\/2023\\\/10\\\/image-7.png\",\"width\":1280,\"height\":853},{\"@type\":\"BreadcrumbList\",\"@id\":\"https:\\\/\\\/www.oracaoefe.com\\\/palavra-de-vida-de-hoje-como-superar-os-obstaculos-no-caminho-com-fe\\\/#breadcrumb\",\"itemListElement\":[{\"@type\":\"ListItem\",\"position\":1,\"name\":\"Home\",\"item\":\"https:\\\/\\\/www.oracaoefe.com\\\/\"},{\"@type\":\"ListItem\",\"position\":2,\"name\":\"Palavra de Vida de Hoje: Como Superar os Obst\u00e1culos no Caminho com F\u00e9\"}]},{\"@type\":\"WebSite\",\"@id\":\"https:\\\/\\\/www.oracaoefe.com\\\/#website\",\"url\":\"https:\\\/\\\/www.oracaoefe.com\\\/\",\"name\":\"Ora\u00e7\u00e3o e F\u00e9\",\"description\":\"\",\"potentialAction\":[{\"@type\":\"SearchAction\",\"target\":{\"@type\":\"EntryPoint\",\"urlTemplate\":\"https:\\\/\\\/www.oracaoefe.com\\\/?s={search_term_string}\"},\"query-input\":{\"@type\":\"PropertyValueSpecification\",\"valueRequired\":true,\"valueName\":\"search_term_string\"}}],\"inLanguage\":\"fr-FR\"},{\"@type\":\"Person\",\"@id\":\"https:\\\/\\\/www.oracaoefe.com\\\/#\\\/schema\\\/person\\\/17283c669442cf005c4d5bb58adfb7f5\",\"name\":\"Michele Azevedo\",\"image\":{\"@type\":\"ImageObject\",\"inLanguage\":\"fr-FR\",\"@id\":\"https:\\\/\\\/secure.gravatar.com\\\/avatar\\\/6b0eb9d22841282815e2cd856a0061c45e1761cd54b22e952d98c4746939aa85?s=96&d=mm&r=g\",\"url\":\"https:\\\/\\\/secure.gravatar.com\\\/avatar\\\/6b0eb9d22841282815e2cd856a0061c45e1761cd54b22e952d98c4746939aa85?s=96&d=mm&r=g\",\"contentUrl\":\"https:\\\/\\\/secure.gravatar.com\\\/avatar\\\/6b0eb9d22841282815e2cd856a0061c45e1761cd54b22e952d98c4746939aa85?s=96&d=mm&r=g\",\"caption\":\"Michele Azevedo\"},\"description\":\"Formada em Letras - Portugu\u00eas\\\/ Ingl\u00eas pela Universidade Estadual de Ponta Grossa (UEPG), p\u00f3s-graduada em Arte na Educa\u00e7\u00e3o (FAPI) e Psicopedagogia Escolar (FAPI), idealizadora e propriet\u00e1ria do site Escritora de Sucesso, possui experi\u00eancia em escrita para blogs em geral e atua como redatora e revisora dos conte\u00fados do Ora\u00e7\u00e3o e F\u00e9.\",\"url\":\"https:\\\/\\\/www.oracaoefe.com\\\/fr\\\/author\\\/michele-azevedo\\\/\"}]}<\/script>\n<!-- \/ Yoast SEO plugin. -->","yoast_head_json":{"title":"Palavra de Vida de Hoje: Como Superar os Obst\u00e1culos no Caminho com F\u00e9 - Ora\u00e7\u00e3o e F\u00e9","description":"Dieu a une parole de vie pour vous !","robots":{"index":"index","follow":"follow","max-snippet":"max-snippet:-1","max-image-preview":"max-image-preview:large","max-video-preview":"max-video-preview:-1"},"canonical":"https:\/\/www.oracaoefe.com\/fr\/palavra-de-vida-de-hoje-como-superar-os-obstaculos-no-caminho-com-fe\/","og_locale":"fr_FR","og_type":"article","og_title":"Palavra de Vida de Hoje: Como Superar os Obst\u00e1culos no Caminho com F\u00e9 - Ora\u00e7\u00e3o e F\u00e9","og_description":"Deus tem pra voc\u00ea uma palavra de vida!","og_url":"https:\/\/www.oracaoefe.com\/fr\/palavra-de-vida-de-hoje-como-superar-os-obstaculos-no-caminho-com-fe\/","og_site_name":"Ora\u00e7\u00e3o e F\u00e9","article_published_time":"2023-10-27T04:01:00+00:00","article_modified_time":"2025-06-15T18:17:27+00:00","og_image":[{"width":1280,"height":853,"url":"https:\/\/www.oracaoefe.com\/wp-content\/uploads\/2023\/10\/image-7.png","type":"image\/png"}],"author":"Michele Azevedo","twitter_card":"summary_large_image","twitter_misc":{"\u00c9crit par":"Michele Azevedo","Dur\u00e9e de lecture estim\u00e9e":"5 minutes"},"schema":{"@context":"https:\/\/schema.org","@graph":[{"@type":"Article","@id":"https:\/\/www.oracaoefe.com\/palavra-de-vida-de-hoje-como-superar-os-obstaculos-no-caminho-com-fe\/#article","isPartOf":{"@id":"https:\/\/www.oracaoefe.com\/palavra-de-vida-de-hoje-como-superar-os-obstaculos-no-caminho-com-fe\/"},"author":{"name":"Michele Azevedo","@id":"https:\/\/www.oracaoefe.com\/#\/schema\/person\/17283c669442cf005c4d5bb58adfb7f5"},"headline":"Palavra de Vida de Hoje: Como Superar os Obst\u00e1culos no Caminho com F\u00e9","datePublished":"2023-10-27T04:01:00+00:00","dateModified":"2025-06-15T18:17:27+00:00","mainEntityOfPage":{"@id":"https:\/\/www.oracaoefe.com\/palavra-de-vida-de-hoje-como-superar-os-obstaculos-no-caminho-com-fe\/"},"wordCount":946,"image":{"@id":"https:\/\/www.oracaoefe.com\/palavra-de-vida-de-hoje-como-superar-os-obstaculos-no-caminho-com-fe\/#primaryimage"},"thumbnailUrl":"https:\/\/www.oracaoefe.com\/wp-content\/uploads\/2023\/10\/image-7.png","articleSection":["F\u00e9"],"inLanguage":"fr-FR"},{"@type":"WebPage","@id":"https:\/\/www.oracaoefe.com\/palavra-de-vida-de-hoje-como-superar-os-obstaculos-no-caminho-com-fe\/","url":"https:\/\/www.oracaoefe.com\/palavra-de-vida-de-hoje-como-superar-os-obstaculos-no-caminho-com-fe\/","name":"Palavra de Vida de Hoje: Como Superar os Obst\u00e1culos no Caminho com F\u00e9 - Ora\u00e7\u00e3o e F\u00e9","isPartOf":{"@id":"https:\/\/www.oracaoefe.com\/#website"},"primaryImageOfPage":{"@id":"https:\/\/www.oracaoefe.com\/palavra-de-vida-de-hoje-como-superar-os-obstaculos-no-caminho-com-fe\/#primaryimage"},"image":{"@id":"https:\/\/www.oracaoefe.com\/palavra-de-vida-de-hoje-como-superar-os-obstaculos-no-caminho-com-fe\/#primaryimage"},"thumbnailUrl":"https:\/\/www.oracaoefe.com\/wp-content\/uploads\/2023\/10\/image-7.png","datePublished":"2023-10-27T04:01:00+00:00","dateModified":"2025-06-15T18:17:27+00:00","author":{"@id":"https:\/\/www.oracaoefe.com\/#\/schema\/person\/17283c669442cf005c4d5bb58adfb7f5"},"description":"Dieu a une parole de vie pour vous !","breadcrumb":{"@id":"https:\/\/www.oracaoefe.com\/palavra-de-vida-de-hoje-como-superar-os-obstaculos-no-caminho-com-fe\/#breadcrumb"},"inLanguage":"fr-FR","potentialAction":[{"@type":"ReadAction","target":["https:\/\/www.oracaoefe.com\/palavra-de-vida-de-hoje-como-superar-os-obstaculos-no-caminho-com-fe\/"]}]},{"@type":"ImageObject","inLanguage":"fr-FR","@id":"https:\/\/www.oracaoefe.com\/palavra-de-vida-de-hoje-como-superar-os-obstaculos-no-caminho-com-fe\/#primaryimage","url":"https:\/\/www.oracaoefe.com\/wp-content\/uploads\/2023\/10\/image-7.png","contentUrl":"https:\/\/www.oracaoefe.com\/wp-content\/uploads\/2023\/10\/image-7.png","width":1280,"height":853},{"@type":"BreadcrumbList","@id":"https:\/\/www.oracaoefe.com\/palavra-de-vida-de-hoje-como-superar-os-obstaculos-no-caminho-com-fe\/#breadcrumb","itemListElement":[{"@type":"ListItem","position":1,"name":"Home","item":"https:\/\/www.oracaoefe.com\/"},{"@type":"ListItem","position":2,"name":"Palavra de Vida de Hoje: Como Superar os Obst\u00e1culos no Caminho com F\u00e9"}]},{"@type":"WebSite","@id":"https:\/\/www.oracaoefe.com\/#website","url":"https:\/\/www.oracaoefe.com\/","name":"Pri\u00e8re et foi","description":"","potentialAction":[{"@type":"SearchAction","target":{"@type":"EntryPoint","urlTemplate":"https:\/\/www.oracaoefe.com\/?s={search_term_string}"},"query-input":{"@type":"PropertyValueSpecification","valueRequired":true,"valueName":"search_term_string"}}],"inLanguage":"fr-FR"},{"@type":"Person","@id":"https:\/\/www.oracaoefe.com\/#\/schema\/person\/17283c669442cf005c4d5bb58adfb7f5","name":"Michele Azevedo","image":{"@type":"ImageObject","inLanguage":"fr-FR","@id":"https:\/\/secure.gravatar.com\/avatar\/6b0eb9d22841282815e2cd856a0061c45e1761cd54b22e952d98c4746939aa85?s=96&d=mm&r=g","url":"https:\/\/secure.gravatar.com\/avatar\/6b0eb9d22841282815e2cd856a0061c45e1761cd54b22e952d98c4746939aa85?s=96&d=mm&r=g","contentUrl":"https:\/\/secure.gravatar.com\/avatar\/6b0eb9d22841282815e2cd856a0061c45e1761cd54b22e952d98c4746939aa85?s=96&d=mm&r=g","caption":"Michele Azevedo"},"description":"Dipl\u00f4m\u00e9e en litt\u00e9rature portugaise\/anglaise de l&#039;Universit\u00e9 d&#039;\u00c9tat de Ponta Grossa (UEPG), avec des dipl\u00f4mes de troisi\u00e8me cycle en art dans l&#039;\u00e9ducation (FAPI) et en psychop\u00e9dagogie scolaire (FAPI), elle est la cr\u00e9atrice et propri\u00e9taire du site web Escritora de Sucesso, a de l&#039;exp\u00e9rience dans l&#039;\u00e9criture pour les blogs en g\u00e9n\u00e9ral et travaille comme r\u00e9dactrice et \u00e9ditrice du contenu pour Ora\u00e7\u00e3o e F\u00e9.","url":"https:\/\/www.oracaoefe.com\/fr\/author\/michele-azevedo\/"}]}},"_links":{"self":[{"href":"https:\/\/www.oracaoefe.com\/fr\/wp-json\/wp\/v2\/posts\/2450","targetHints":{"allow":["GET"]}}],"collection":[{"href":"https:\/\/www.oracaoefe.com\/fr\/wp-json\/wp\/v2\/posts"}],"about":[{"href":"https:\/\/www.oracaoefe.com\/fr\/wp-json\/wp\/v2\/types\/post"}],"author":[{"embeddable":true,"href":"https:\/\/www.oracaoefe.com\/fr\/wp-json\/wp\/v2\/users\/3"}],"replies":[{"embeddable":true,"href":"https:\/\/www.oracaoefe.com\/fr\/wp-json\/wp\/v2\/comments?post=2450"}],"version-history":[{"count":1,"href":"https:\/\/www.oracaoefe.com\/fr\/wp-json\/wp\/v2\/posts\/2450\/revisions"}],"predecessor-version":[{"id":2452,"href":"https:\/\/www.oracaoefe.com\/fr\/wp-json\/wp\/v2\/posts\/2450\/revisions\/2452"}],"wp:featuredmedia":[{"embeddable":true,"href":"https:\/\/www.oracaoefe.com\/fr\/wp-json\/wp\/v2\/media\/2451"}],"wp:attachment":[{"href":"https:\/\/www.oracaoefe.com\/fr\/wp-json\/wp\/v2\/media?parent=2450"}],"wp:term":[{"taxonomy":"category","embeddable":true,"href":"https:\/\/www.oracaoefe.com\/fr\/wp-json\/wp\/v2\/categories?post=2450"},{"taxonomy":"post_tag","embeddable":true,"href":"https:\/\/www.oracaoefe.com\/fr\/wp-json\/wp\/v2\/tags?post=2450"}],"curies":[{"name":"wp","href":"https:\/\/api.w.org\/{rel}","templated":true}]}}