{"id":2445,"date":"2023-10-24T01:00:00","date_gmt":"2023-10-24T04:00:00","guid":{"rendered":"https:\/\/www.oracaoefe.com\/?p=2445"},"modified":"2023-10-13T22:55:05","modified_gmt":"2023-10-14T01:55:05","slug":"por-que-brasil-esta-no-topo-de-ranking-de-paises-onde-mais-se-acredita-em-deus","status":"publish","type":"post","link":"https:\/\/www.oracaoefe.com\/fr\/por-que-brasil-esta-no-topo-de-ranking-de-paises-onde-mais-se-acredita-em-deus\/","title":{"rendered":"Por que Brasil est\u00e1 no topo de ranking de pa\u00edses onde mais se acredita em Deus"},"content":{"rendered":"<p class=\"wp-block-paragraph\">O Brasil \u00e9 um pa\u00eds de dimens\u00f5es continentais, conhecido por sua diversidade cultural, beleza natural e, tamb\u00e9m, por sua profunda f\u00e9 religiosa. Ao longo das d\u00e9cadas, o Brasil tem consistentemente ocupado o topo dos rankings de pa\u00edses onde mais se acredita em Deus. Esta cren\u00e7a fervorosa em Deus transcende barreiras sociais, econ\u00f4micas e culturais, permeando a vida di\u00e1ria dos brasileiros.&nbsp;<\/p>\n\n\n\n<h2 class=\"wp-block-heading\">Hist\u00f3ria e Coloniza\u00e7\u00e3o<\/h2>\n\n\n\n<p class=\"wp-block-paragraph\">A hist\u00f3ria do Brasil \u00e9 profundamente entrela\u00e7ada com a religi\u00e3o, principalmente devido \u00e0 influ\u00eancia das miss\u00f5es cat\u00f3licas durante o processo de coloniza\u00e7\u00e3o. Os colonizadores portugueses trouxeram consigo o catolicismo romano, que se tornou a religi\u00e3o predominante no pa\u00eds.&nbsp;<\/p>\n\n\n\n<p class=\"wp-block-paragraph\">A imposi\u00e7\u00e3o dessa f\u00e9 aos povos ind\u00edgenas e a chegada de africanos escravizados que praticavam religi\u00f5es de matriz africana contribu\u00edram para a forma\u00e7\u00e3o de uma cultura religiosa \u00fanica no Brasil.<\/p>\n\n\n\n<h2 class=\"wp-block-heading\">Diversidade Religiosa<\/h2>\n\n\n\n<p class=\"wp-block-paragraph\">Embora o catolicismo tenha sido a religi\u00e3o dominante no Brasil durante s\u00e9culos, a diversidade religiosa \u00e9 uma caracter\u00edstica marcante do pa\u00eds. No s\u00e9culo XIX, houve uma crescente imigra\u00e7\u00e3o de grupos n\u00e3o cat\u00f3licos, como os protestantes e os judeus.&nbsp;<\/p>\n\n\n\n<p class=\"wp-block-paragraph\">Atualmente, o Brasil abriga uma ampla gama de religi\u00f5es, incluindo o espiritismo, o candombl\u00e9, a umbanda, o islamismo e diversas denomina\u00e7\u00f5es crist\u00e3s. Essa diversidade de cren\u00e7as contribui para a espiritualidade do pa\u00eds, permitindo que as pessoas escolham a religi\u00e3o que melhor se adapte \u00e0s suas cren\u00e7as e valores.<\/p>\n\n\n\n<figure class=\"wp-block-image size-large\"><img loading=\"lazy\" decoding=\"async\" width=\"1024\" height=\"580\" src=\"https:\/\/www.oracaoefe.com\/wp-content\/uploads\/2023\/10\/image-6-1024x580.png\" alt=\"\" class=\"wp-image-2447\" srcset=\"https:\/\/www.oracaoefe.com\/wp-content\/uploads\/2023\/10\/image-6-1024x580.png 1024w, https:\/\/www.oracaoefe.com\/wp-content\/uploads\/2023\/10\/image-6-300x170.png 300w, https:\/\/www.oracaoefe.com\/wp-content\/uploads\/2023\/10\/image-6-768x435.png 768w, https:\/\/www.oracaoefe.com\/wp-content\/uploads\/2023\/10\/image-6-18x10.png 18w, https:\/\/www.oracaoefe.com\/wp-content\/uploads\/2023\/10\/image-6.png 1280w\" sizes=\"auto, (max-width: 1024px) 100vw, 1024px\" \/><\/figure>\n\n\n\n<h2 class=\"wp-block-heading\">Sincretismo Religioso<\/h2>\n\n\n\n<p class=\"wp-block-paragraph\">O sincretismo religioso \u00e9 uma caracter\u00edstica not\u00e1vel da religiosidade brasileira. Muitos brasileiros praticam mais de uma religi\u00e3o ou incorporam elementos de diferentes tradi\u00e7\u00f5es em sua espiritualidade. O sincretismo \u00e9 especialmente evidente nas religi\u00f5es afro-brasileiras, como o candombl\u00e9 e a umbanda, que mesclam elementos africanos com o catolicismo.&nbsp;<\/p>\n\n\n\n<p class=\"wp-block-paragraph\">Esse sincretismo permite que os brasileiros expressem sua f\u00e9 de maneira pessoal e \u00fanica, muitas vezes adaptando suas pr\u00e1ticas religiosas \u00e0s suas necessidades e experi\u00eancias individuais.<\/p>\n\n\n\n<h2 class=\"wp-block-heading\">A Religi\u00e3o na Vida Cotidiana<\/h2>\n\n\n\n<p class=\"wp-block-paragraph\">A religi\u00e3o desempenha um papel significativo na vida cotidiana dos brasileiros. A maioria das cidades e vilas do Brasil possui igrejas cat\u00f3licas proeminentes, e muitas casas t\u00eam altares religiosos onde as pessoas fazem ora\u00e7\u00f5es e oferendas. As festas religiosas, como o Carnaval, s\u00e3o celebradas com grande entusiasmo e fervor.&nbsp;<\/p>\n\n\n\n<p class=\"wp-block-paragraph\">Al\u00e9m disso, a presen\u00e7a constante de s\u00edmbolos religiosos, como crucifixos e imagens de santos, em espa\u00e7os p\u00fablicos e privados \u00e9 uma demonstra\u00e7\u00e3o tang\u00edvel da import\u00e2ncia da f\u00e9 na vida dos brasileiros.<\/p>\n\n\n\n<h2 class=\"wp-block-heading\">Resili\u00eancia e Esperan\u00e7a<\/h2>\n\n\n\n<p class=\"wp-block-paragraph\">A religi\u00e3o desempenha um papel importante na forma como os brasileiros enfrentam desafios e adversidades. O pa\u00eds enfrentou crises econ\u00f4micas, pol\u00edticas e sociais ao longo de sua hist\u00f3ria, e a f\u00e9 tem sido uma fonte de conforto e esperan\u00e7a para muitos. A cren\u00e7a em Deus e a busca por orienta\u00e7\u00e3o espiritual s\u00e3o frequentemente usadas como uma forma de lidar com dificuldades, promovendo a resili\u00eancia e a capacidade de enfrentar obst\u00e1culos.<\/p>\n\n\n\n<h2 class=\"wp-block-heading\">Evangeliza\u00e7\u00e3o e Crescimento das Religi\u00f5es Evang\u00e9licas<\/h2>\n\n\n\n<p class=\"wp-block-paragraph\">Nas \u00faltimas d\u00e9cadas, houve um not\u00e1vel crescimento das religi\u00f5es evang\u00e9licas no Brasil. As igrejas evang\u00e9licas, em particular as pentecostais, t\u00eam atra\u00eddo um grande n\u00famero de seguidores. Essa expans\u00e3o tem sido impulsionada por diversos fatores, como a capacidade de adapta\u00e7\u00e3o \u00e0s necessidades das comunidades, o foco na assist\u00eancia social e a intensa evangeliza\u00e7\u00e3o. O crescimento das religi\u00f5es evang\u00e9licas tem contribu\u00eddo para a posi\u00e7\u00e3o do Brasil no topo dos rankings de religiosidade, alterando a paisagem religiosa do pa\u00eds.<\/p>\n\n\n\n<h2 class=\"wp-block-heading\">Aspectos Socioecon\u00f4micos<\/h2>\n\n\n\n<p class=\"wp-block-paragraph\">A rela\u00e7\u00e3o entre religi\u00e3o e sociedade \u00e9 complexa. Muitos argumentam que a f\u00e9 religiosa desempenha um papel importante na coes\u00e3o social e na constru\u00e7\u00e3o de comunidades. Em muitos casos, as igrejas fornecem apoio social, assist\u00eancia financeira e oportunidades de networking. Isso \u00e9 especialmente significativo em comunidades com recursos limitados, onde as igrejas podem desempenhar um papel fundamental no fornecimento de recursos e apoio emocional.<\/p>\n\n\n\n<h2 class=\"wp-block-heading\">Desafios e Cr\u00edticas<\/h2>\n\n\n\n<p class=\"wp-block-paragraph\">Apesar da forte presen\u00e7a da religi\u00e3o na sociedade brasileira, tamb\u00e9m h\u00e1 desafios e cr\u00edticas relacionados \u00e0 religiosidade no pa\u00eds. Alguns argumentam que a religi\u00e3o pode ser usada de maneira prejudicial, seja para fins pol\u00edticos, econ\u00f4micos ou de manipula\u00e7\u00e3o das massas. Al\u00e9m disso, h\u00e1 preocupa\u00e7\u00f5es com o fundamentalismo religioso e a intoler\u00e2ncia em rela\u00e7\u00e3o a outras cren\u00e7as ou grupos.<\/p>\n\n\n\n<p class=\"wp-block-paragraph\">O Brasil \u00e9 um pa\u00eds onde a f\u00e9 em Deus desempenha um papel central na vida das pessoas. A hist\u00f3ria de coloniza\u00e7\u00e3o, a diversidade religiosa, o sincretismo, a religi\u00e3o na vida cotidiana, a resili\u00eancia e a esperan\u00e7a, o crescimento das religi\u00f5es evang\u00e9licas, e os aspectos socioecon\u00f4micos s\u00e3o fatores-chave que contribuem para a posi\u00e7\u00e3o do Brasil no topo dos rankings de religiosidade. No entanto, a rela\u00e7\u00e3o entre religi\u00e3o e sociedade \u00e9 complexa, e h\u00e1 desafios a serem enfrentados, como a intoler\u00e2ncia religiosa e o uso da religi\u00e3o para fins pol\u00edticos.<\/p>\n\n\n\n<p class=\"wp-block-paragraph\">A f\u00e9 religiosa \u00e9 uma parte intr\u00ednseca da identidade brasileira, moldando a cultura, os valores e as intera\u00e7\u00f5es sociais. Independentemente das cr\u00edticas e dos desafios, a religi\u00e3o continua a desempenhar um papel significativo na vida das pessoas no Brasil, fornecendo conforto espiritual, esperan\u00e7a e orienta\u00e7\u00e3o em um mundo em constante mudan\u00e7a.<\/p>\n\n\n\n<p class=\"wp-block-paragraph\"><strong>Voir aussi\u00a0: <a href=\"https:\/\/www.oracaoefe.com\/fr\/oracao-para-comecar-bem-o-dia-tenha-fe-e-tudo-vai-dar-certo\/\">Ora\u00e7\u00e3o para come\u00e7ar bem o dia: Tenha f\u00e9 e tudo vai dar certo<\/a><\/strong><\/p>\n\n\n\n<p class=\"wp-block-paragraph\">24 de outubro de 2023<\/p>","protected":false},"excerpt":{"rendered":"<p>O Brasil \u00e9 um pa\u00eds de dimens\u00f5es continentais, conhecido por sua diversidade cultural, beleza natural e, tamb\u00e9m, por sua profunda f\u00e9 religiosa. Ao longo das d\u00e9cadas, o Brasil tem consistentemente ocupado o topo dos rankings de pa\u00edses onde mais se acredita em Deus. Esta cren\u00e7a fervorosa em Deus transcende barreiras sociais, econ\u00f4micas e culturais, permeando&hellip;&nbsp;<\/p>","protected":false},"author":3,"featured_media":2447,"comment_status":"closed","ping_status":"closed","sticky":false,"template":"","format":"standard","meta":{"neve_meta_sidebar":"","neve_meta_container":"","neve_meta_enable_content_width":"","neve_meta_content_width":0,"neve_meta_title_alignment":"","neve_meta_author_avatar":"","neve_post_elements_order":"","neve_meta_disable_header":"","neve_meta_disable_footer":"","neve_meta_disable_title":"","footnotes":""},"categories":[4],"tags":[],"class_list":["post-2445","post","type-post","status-publish","format-standard","has-post-thumbnail","hentry","category-fique-por-dentro"],"yoast_head":"<!-- This site is optimized with the Yoast SEO plugin v28.4 - https:\/\/yoast.com\/product\/yoast-seo-wordpress\/ -->\n<title>Por que Brasil est\u00e1 no topo de ranking de pa\u00edses onde mais se acredita em Deus - Ora\u00e7\u00e3o e F\u00e9<\/title>\n<meta name=\"description\" content=\"Deus tem pra voc\u00ea uma palavra de vida!\" \/>\n<meta name=\"robots\" content=\"index, follow, max-snippet:-1, max-image-preview:large, max-video-preview:-1\" \/>\n<link rel=\"canonical\" href=\"https:\/\/www.oracaoefe.com\/fr\/por-que-brasil-esta-no-topo-de-ranking-de-paises-onde-mais-se-acredita-em-deus\/\" \/>\n<meta property=\"og:locale\" content=\"fr_FR\" \/>\n<meta property=\"og:type\" content=\"article\" \/>\n<meta property=\"og:title\" content=\"Por que Brasil est\u00e1 no topo de ranking de pa\u00edses onde mais se acredita em Deus - Ora\u00e7\u00e3o e F\u00e9\" \/>\n<meta property=\"og:description\" content=\"Deus tem pra voc\u00ea uma palavra de vida!\" \/>\n<meta property=\"og:url\" content=\"https:\/\/www.oracaoefe.com\/fr\/por-que-brasil-esta-no-topo-de-ranking-de-paises-onde-mais-se-acredita-em-deus\/\" \/>\n<meta property=\"og:site_name\" content=\"Ora\u00e7\u00e3o e F\u00e9\" \/>\n<meta property=\"article:published_time\" content=\"2023-10-24T04:00:00+00:00\" \/>\n<meta property=\"og:image\" content=\"https:\/\/www.oracaoefe.com\/wp-content\/uploads\/2023\/10\/image-6.png\" \/>\n\t<meta property=\"og:image:width\" content=\"1280\" \/>\n\t<meta property=\"og:image:height\" content=\"725\" \/>\n\t<meta property=\"og:image:type\" content=\"image\/png\" \/>\n<meta name=\"author\" content=\"Michele Azevedo\" \/>\n<meta name=\"twitter:card\" content=\"summary_large_image\" \/>\n<meta name=\"twitter:label1\" content=\"\u00c9crit par\" \/>\n\t<meta name=\"twitter:data1\" content=\"Michele Azevedo\" \/>\n\t<meta name=\"twitter:label2\" content=\"Dur\u00e9e de lecture estim\u00e9e\" \/>\n\t<meta name=\"twitter:data2\" content=\"5 minutes\" \/>\n<script type=\"application\/ld+json\" class=\"yoast-schema-graph\">{\"@context\":\"https:\\\/\\\/schema.org\",\"@graph\":[{\"@type\":\"Article\",\"@id\":\"https:\\\/\\\/www.oracaoefe.com\\\/por-que-brasil-esta-no-topo-de-ranking-de-paises-onde-mais-se-acredita-em-deus\\\/#article\",\"isPartOf\":{\"@id\":\"https:\\\/\\\/www.oracaoefe.com\\\/por-que-brasil-esta-no-topo-de-ranking-de-paises-onde-mais-se-acredita-em-deus\\\/\"},\"author\":{\"name\":\"Michele Azevedo\",\"@id\":\"https:\\\/\\\/www.oracaoefe.com\\\/#\\\/schema\\\/person\\\/17283c669442cf005c4d5bb58adfb7f5\"},\"headline\":\"Por que Brasil est\u00e1 no topo de ranking de pa\u00edses onde mais se acredita em Deus\",\"datePublished\":\"2023-10-24T04:00:00+00:00\",\"mainEntityOfPage\":{\"@id\":\"https:\\\/\\\/www.oracaoefe.com\\\/por-que-brasil-esta-no-topo-de-ranking-de-paises-onde-mais-se-acredita-em-deus\\\/\"},\"wordCount\":968,\"image\":{\"@id\":\"https:\\\/\\\/www.oracaoefe.com\\\/por-que-brasil-esta-no-topo-de-ranking-de-paises-onde-mais-se-acredita-em-deus\\\/#primaryimage\"},\"thumbnailUrl\":\"https:\\\/\\\/www.oracaoefe.com\\\/wp-content\\\/uploads\\\/2023\\\/10\\\/image-6.png\",\"articleSection\":[\"Fique por Dentro\"],\"inLanguage\":\"fr-FR\"},{\"@type\":\"WebPage\",\"@id\":\"https:\\\/\\\/www.oracaoefe.com\\\/por-que-brasil-esta-no-topo-de-ranking-de-paises-onde-mais-se-acredita-em-deus\\\/\",\"url\":\"https:\\\/\\\/www.oracaoefe.com\\\/por-que-brasil-esta-no-topo-de-ranking-de-paises-onde-mais-se-acredita-em-deus\\\/\",\"name\":\"Por que Brasil est\u00e1 no topo de ranking de pa\u00edses onde mais se acredita em Deus - Ora\u00e7\u00e3o e F\u00e9\",\"isPartOf\":{\"@id\":\"https:\\\/\\\/www.oracaoefe.com\\\/#website\"},\"primaryImageOfPage\":{\"@id\":\"https:\\\/\\\/www.oracaoefe.com\\\/por-que-brasil-esta-no-topo-de-ranking-de-paises-onde-mais-se-acredita-em-deus\\\/#primaryimage\"},\"image\":{\"@id\":\"https:\\\/\\\/www.oracaoefe.com\\\/por-que-brasil-esta-no-topo-de-ranking-de-paises-onde-mais-se-acredita-em-deus\\\/#primaryimage\"},\"thumbnailUrl\":\"https:\\\/\\\/www.oracaoefe.com\\\/wp-content\\\/uploads\\\/2023\\\/10\\\/image-6.png\",\"datePublished\":\"2023-10-24T04:00:00+00:00\",\"author\":{\"@id\":\"https:\\\/\\\/www.oracaoefe.com\\\/#\\\/schema\\\/person\\\/17283c669442cf005c4d5bb58adfb7f5\"},\"description\":\"Deus tem pra voc\u00ea uma palavra de vida!\",\"breadcrumb\":{\"@id\":\"https:\\\/\\\/www.oracaoefe.com\\\/por-que-brasil-esta-no-topo-de-ranking-de-paises-onde-mais-se-acredita-em-deus\\\/#breadcrumb\"},\"inLanguage\":\"fr-FR\",\"potentialAction\":[{\"@type\":\"ReadAction\",\"target\":[\"https:\\\/\\\/www.oracaoefe.com\\\/por-que-brasil-esta-no-topo-de-ranking-de-paises-onde-mais-se-acredita-em-deus\\\/\"]}]},{\"@type\":\"ImageObject\",\"inLanguage\":\"fr-FR\",\"@id\":\"https:\\\/\\\/www.oracaoefe.com\\\/por-que-brasil-esta-no-topo-de-ranking-de-paises-onde-mais-se-acredita-em-deus\\\/#primaryimage\",\"url\":\"https:\\\/\\\/www.oracaoefe.com\\\/wp-content\\\/uploads\\\/2023\\\/10\\\/image-6.png\",\"contentUrl\":\"https:\\\/\\\/www.oracaoefe.com\\\/wp-content\\\/uploads\\\/2023\\\/10\\\/image-6.png\",\"width\":1280,\"height\":725},{\"@type\":\"BreadcrumbList\",\"@id\":\"https:\\\/\\\/www.oracaoefe.com\\\/por-que-brasil-esta-no-topo-de-ranking-de-paises-onde-mais-se-acredita-em-deus\\\/#breadcrumb\",\"itemListElement\":[{\"@type\":\"ListItem\",\"position\":1,\"name\":\"Home\",\"item\":\"https:\\\/\\\/www.oracaoefe.com\\\/\"},{\"@type\":\"ListItem\",\"position\":2,\"name\":\"Fique por Dentro\",\"item\":\"https:\\\/\\\/www.oracaoefe.com\\\/category\\\/fique-por-dentro\\\/\"},{\"@type\":\"ListItem\",\"position\":3,\"name\":\"Por que Brasil est\u00e1 no topo de ranking de pa\u00edses onde mais se acredita em Deus\"}]},{\"@type\":\"WebSite\",\"@id\":\"https:\\\/\\\/www.oracaoefe.com\\\/#website\",\"url\":\"https:\\\/\\\/www.oracaoefe.com\\\/\",\"name\":\"Ora\u00e7\u00e3o e F\u00e9\",\"description\":\"\",\"potentialAction\":[{\"@type\":\"SearchAction\",\"target\":{\"@type\":\"EntryPoint\",\"urlTemplate\":\"https:\\\/\\\/www.oracaoefe.com\\\/?s={search_term_string}\"},\"query-input\":{\"@type\":\"PropertyValueSpecification\",\"valueRequired\":true,\"valueName\":\"search_term_string\"}}],\"inLanguage\":\"fr-FR\"},{\"@type\":\"Person\",\"@id\":\"https:\\\/\\\/www.oracaoefe.com\\\/#\\\/schema\\\/person\\\/17283c669442cf005c4d5bb58adfb7f5\",\"name\":\"Michele Azevedo\",\"image\":{\"@type\":\"ImageObject\",\"inLanguage\":\"fr-FR\",\"@id\":\"https:\\\/\\\/secure.gravatar.com\\\/avatar\\\/6b0eb9d22841282815e2cd856a0061c45e1761cd54b22e952d98c4746939aa85?s=96&d=mm&r=g\",\"url\":\"https:\\\/\\\/secure.gravatar.com\\\/avatar\\\/6b0eb9d22841282815e2cd856a0061c45e1761cd54b22e952d98c4746939aa85?s=96&d=mm&r=g\",\"contentUrl\":\"https:\\\/\\\/secure.gravatar.com\\\/avatar\\\/6b0eb9d22841282815e2cd856a0061c45e1761cd54b22e952d98c4746939aa85?s=96&d=mm&r=g\",\"caption\":\"Michele Azevedo\"},\"description\":\"Formada em Letras - Portugu\u00eas\\\/ Ingl\u00eas pela Universidade Estadual de Ponta Grossa (UEPG), p\u00f3s-graduada em Arte na Educa\u00e7\u00e3o (FAPI) e Psicopedagogia Escolar (FAPI), idealizadora e propriet\u00e1ria do site Escritora de Sucesso, possui experi\u00eancia em escrita para blogs em geral e atua como redatora e revisora dos conte\u00fados do Ora\u00e7\u00e3o e F\u00e9.\",\"url\":\"https:\\\/\\\/www.oracaoefe.com\\\/fr\\\/author\\\/michele-azevedo\\\/\"}]}<\/script>\n<!-- \/ Yoast SEO plugin. -->","yoast_head_json":{"title":"Por que Brasil est\u00e1 no topo de ranking de pa\u00edses onde mais se acredita em Deus - Ora\u00e7\u00e3o e F\u00e9","description":"Dieu a une parole de vie pour vous !","robots":{"index":"index","follow":"follow","max-snippet":"max-snippet:-1","max-image-preview":"max-image-preview:large","max-video-preview":"max-video-preview:-1"},"canonical":"https:\/\/www.oracaoefe.com\/fr\/por-que-brasil-esta-no-topo-de-ranking-de-paises-onde-mais-se-acredita-em-deus\/","og_locale":"fr_FR","og_type":"article","og_title":"Por que Brasil est\u00e1 no topo de ranking de pa\u00edses onde mais se acredita em Deus - Ora\u00e7\u00e3o e F\u00e9","og_description":"Deus tem pra voc\u00ea uma palavra de vida!","og_url":"https:\/\/www.oracaoefe.com\/fr\/por-que-brasil-esta-no-topo-de-ranking-de-paises-onde-mais-se-acredita-em-deus\/","og_site_name":"Ora\u00e7\u00e3o e F\u00e9","article_published_time":"2023-10-24T04:00:00+00:00","og_image":[{"width":1280,"height":725,"url":"https:\/\/www.oracaoefe.com\/wp-content\/uploads\/2023\/10\/image-6.png","type":"image\/png"}],"author":"Michele Azevedo","twitter_card":"summary_large_image","twitter_misc":{"\u00c9crit par":"Michele Azevedo","Dur\u00e9e de lecture estim\u00e9e":"5 minutes"},"schema":{"@context":"https:\/\/schema.org","@graph":[{"@type":"Article","@id":"https:\/\/www.oracaoefe.com\/por-que-brasil-esta-no-topo-de-ranking-de-paises-onde-mais-se-acredita-em-deus\/#article","isPartOf":{"@id":"https:\/\/www.oracaoefe.com\/por-que-brasil-esta-no-topo-de-ranking-de-paises-onde-mais-se-acredita-em-deus\/"},"author":{"name":"Michele Azevedo","@id":"https:\/\/www.oracaoefe.com\/#\/schema\/person\/17283c669442cf005c4d5bb58adfb7f5"},"headline":"Por que Brasil est\u00e1 no topo de ranking de pa\u00edses onde mais se acredita em Deus","datePublished":"2023-10-24T04:00:00+00:00","mainEntityOfPage":{"@id":"https:\/\/www.oracaoefe.com\/por-que-brasil-esta-no-topo-de-ranking-de-paises-onde-mais-se-acredita-em-deus\/"},"wordCount":968,"image":{"@id":"https:\/\/www.oracaoefe.com\/por-que-brasil-esta-no-topo-de-ranking-de-paises-onde-mais-se-acredita-em-deus\/#primaryimage"},"thumbnailUrl":"https:\/\/www.oracaoefe.com\/wp-content\/uploads\/2023\/10\/image-6.png","articleSection":["Fique por Dentro"],"inLanguage":"fr-FR"},{"@type":"WebPage","@id":"https:\/\/www.oracaoefe.com\/por-que-brasil-esta-no-topo-de-ranking-de-paises-onde-mais-se-acredita-em-deus\/","url":"https:\/\/www.oracaoefe.com\/por-que-brasil-esta-no-topo-de-ranking-de-paises-onde-mais-se-acredita-em-deus\/","name":"Por que Brasil est\u00e1 no topo de ranking de pa\u00edses onde mais se acredita em Deus - Ora\u00e7\u00e3o e F\u00e9","isPartOf":{"@id":"https:\/\/www.oracaoefe.com\/#website"},"primaryImageOfPage":{"@id":"https:\/\/www.oracaoefe.com\/por-que-brasil-esta-no-topo-de-ranking-de-paises-onde-mais-se-acredita-em-deus\/#primaryimage"},"image":{"@id":"https:\/\/www.oracaoefe.com\/por-que-brasil-esta-no-topo-de-ranking-de-paises-onde-mais-se-acredita-em-deus\/#primaryimage"},"thumbnailUrl":"https:\/\/www.oracaoefe.com\/wp-content\/uploads\/2023\/10\/image-6.png","datePublished":"2023-10-24T04:00:00+00:00","author":{"@id":"https:\/\/www.oracaoefe.com\/#\/schema\/person\/17283c669442cf005c4d5bb58adfb7f5"},"description":"Dieu a une parole de vie pour vous !","breadcrumb":{"@id":"https:\/\/www.oracaoefe.com\/por-que-brasil-esta-no-topo-de-ranking-de-paises-onde-mais-se-acredita-em-deus\/#breadcrumb"},"inLanguage":"fr-FR","potentialAction":[{"@type":"ReadAction","target":["https:\/\/www.oracaoefe.com\/por-que-brasil-esta-no-topo-de-ranking-de-paises-onde-mais-se-acredita-em-deus\/"]}]},{"@type":"ImageObject","inLanguage":"fr-FR","@id":"https:\/\/www.oracaoefe.com\/por-que-brasil-esta-no-topo-de-ranking-de-paises-onde-mais-se-acredita-em-deus\/#primaryimage","url":"https:\/\/www.oracaoefe.com\/wp-content\/uploads\/2023\/10\/image-6.png","contentUrl":"https:\/\/www.oracaoefe.com\/wp-content\/uploads\/2023\/10\/image-6.png","width":1280,"height":725},{"@type":"BreadcrumbList","@id":"https:\/\/www.oracaoefe.com\/por-que-brasil-esta-no-topo-de-ranking-de-paises-onde-mais-se-acredita-em-deus\/#breadcrumb","itemListElement":[{"@type":"ListItem","position":1,"name":"Home","item":"https:\/\/www.oracaoefe.com\/"},{"@type":"ListItem","position":2,"name":"Fique por Dentro","item":"https:\/\/www.oracaoefe.com\/category\/fique-por-dentro\/"},{"@type":"ListItem","position":3,"name":"Por que Brasil est\u00e1 no topo de ranking de pa\u00edses onde mais se acredita em Deus"}]},{"@type":"WebSite","@id":"https:\/\/www.oracaoefe.com\/#website","url":"https:\/\/www.oracaoefe.com\/","name":"Pri\u00e8re et foi","description":"","potentialAction":[{"@type":"SearchAction","target":{"@type":"EntryPoint","urlTemplate":"https:\/\/www.oracaoefe.com\/?s={search_term_string}"},"query-input":{"@type":"PropertyValueSpecification","valueRequired":true,"valueName":"search_term_string"}}],"inLanguage":"fr-FR"},{"@type":"Person","@id":"https:\/\/www.oracaoefe.com\/#\/schema\/person\/17283c669442cf005c4d5bb58adfb7f5","name":"Michele Azevedo","image":{"@type":"ImageObject","inLanguage":"fr-FR","@id":"https:\/\/secure.gravatar.com\/avatar\/6b0eb9d22841282815e2cd856a0061c45e1761cd54b22e952d98c4746939aa85?s=96&d=mm&r=g","url":"https:\/\/secure.gravatar.com\/avatar\/6b0eb9d22841282815e2cd856a0061c45e1761cd54b22e952d98c4746939aa85?s=96&d=mm&r=g","contentUrl":"https:\/\/secure.gravatar.com\/avatar\/6b0eb9d22841282815e2cd856a0061c45e1761cd54b22e952d98c4746939aa85?s=96&d=mm&r=g","caption":"Michele Azevedo"},"description":"Dipl\u00f4m\u00e9e en litt\u00e9rature portugaise\/anglaise de l&#039;Universit\u00e9 d&#039;\u00c9tat de Ponta Grossa (UEPG), avec des dipl\u00f4mes de troisi\u00e8me cycle en art dans l&#039;\u00e9ducation (FAPI) et en psychop\u00e9dagogie scolaire (FAPI), elle est la cr\u00e9atrice et propri\u00e9taire du site web Escritora de Sucesso, a de l&#039;exp\u00e9rience dans l&#039;\u00e9criture pour les blogs en g\u00e9n\u00e9ral et travaille comme r\u00e9dactrice et \u00e9ditrice du contenu pour Ora\u00e7\u00e3o e F\u00e9.","url":"https:\/\/www.oracaoefe.com\/fr\/author\/michele-azevedo\/"}]}},"_links":{"self":[{"href":"https:\/\/www.oracaoefe.com\/fr\/wp-json\/wp\/v2\/posts\/2445","targetHints":{"allow":["GET"]}}],"collection":[{"href":"https:\/\/www.oracaoefe.com\/fr\/wp-json\/wp\/v2\/posts"}],"about":[{"href":"https:\/\/www.oracaoefe.com\/fr\/wp-json\/wp\/v2\/types\/post"}],"author":[{"embeddable":true,"href":"https:\/\/www.oracaoefe.com\/fr\/wp-json\/wp\/v2\/users\/3"}],"replies":[{"embeddable":true,"href":"https:\/\/www.oracaoefe.com\/fr\/wp-json\/wp\/v2\/comments?post=2445"}],"version-history":[{"count":2,"href":"https:\/\/www.oracaoefe.com\/fr\/wp-json\/wp\/v2\/posts\/2445\/revisions"}],"predecessor-version":[{"id":2448,"href":"https:\/\/www.oracaoefe.com\/fr\/wp-json\/wp\/v2\/posts\/2445\/revisions\/2448"}],"wp:featuredmedia":[{"embeddable":true,"href":"https:\/\/www.oracaoefe.com\/fr\/wp-json\/wp\/v2\/media\/2447"}],"wp:attachment":[{"href":"https:\/\/www.oracaoefe.com\/fr\/wp-json\/wp\/v2\/media?parent=2445"}],"wp:term":[{"taxonomy":"category","embeddable":true,"href":"https:\/\/www.oracaoefe.com\/fr\/wp-json\/wp\/v2\/categories?post=2445"},{"taxonomy":"post_tag","embeddable":true,"href":"https:\/\/www.oracaoefe.com\/fr\/wp-json\/wp\/v2\/tags?post=2445"}],"curies":[{"name":"wp","href":"https:\/\/api.w.org\/{rel}","templated":true}]}}