{"id":2442,"date":"2023-10-20T01:01:00","date_gmt":"2023-10-20T04:01:00","guid":{"rendered":"https:\/\/www.oracaoefe.com\/?p=2442"},"modified":"2025-06-15T15:17:27","modified_gmt":"2025-06-15T18:17:27","slug":"palavra-de-vida-de-hoje-amar-e-uma-atitude-de-fe","status":"publish","type":"post","link":"https:\/\/www.oracaoefe.com\/fr\/palavra-de-vida-de-hoje-amar-e-uma-atitude-de-fe\/","title":{"rendered":"Palavra de Vida de Hoje: Amar \u00e9 uma Atitude de F\u00e9"},"content":{"rendered":"<p class=\"wp-block-paragraph\">No turbilh\u00e3o de desafios e incertezas que a vida nos apresenta, \u00e9 comum procurarmos por palavras de inspira\u00e7\u00e3o e orienta\u00e7\u00e3o. Neste mundo fren\u00e9tico, a palavra de vida ganha um significado especial, servindo como um farol a iluminar o nosso caminho. Hoje, exploraremos a profunda conex\u00e3o entre o amor e a f\u00e9, descobrindo como amar verdadeiramente \u00e9 uma atitude de f\u00e9.<\/p>\n\n\n\n<h2 class=\"wp-block-heading\">O Amor Como Uma For\u00e7a Transformadora<\/h2>\n\n\n\n<p class=\"wp-block-paragraph\">O amor, em suas v\u00e1rias formas e express\u00f5es, \u00e9 uma das for\u00e7as mais poderosas do mundo. Ele pode curar, unir e dar significado \u00e0s nossas vidas. No entanto, o amor n\u00e3o \u00e9 apenas uma emo\u00e7\u00e3o; \u00e9 uma escolha consciente, uma atitude que transcende as circunst\u00e2ncias. Quando decidimos amar, estamos exercendo nossa f\u00e9, acreditando que o amor \u00e9 a for\u00e7a mais poderosa que pode moldar nosso mundo e o mundo dos outros.<\/p>\n\n\n\n<p class=\"wp-block-paragraph\">O fil\u00f3sofo chin\u00eas Lao Tzu uma vez disse: &#8220;O amor \u00e9 da ess\u00eancia da vida. Sem amor, a vida \u00e9 um erro.&#8221; Essa afirma\u00e7\u00e3o ressalta a import\u00e2ncia do amor como uma base para a nossa exist\u00eancia. No entanto, amar nem sempre \u00e9 f\u00e1cil. Requer paci\u00eancia, compreens\u00e3o e compaix\u00e3o. \u00c9 aqui que entra a f\u00e9.<\/p>\n\n\n\n<h2 class=\"wp-block-heading\">A F\u00e9 Como Sustent\u00e1culo do Amor<\/h2>\n\n\n\n<p class=\"wp-block-paragraph\">A f\u00e9 desempenha um papel fundamental em nosso compromisso de amar. Quando escolhemos amar algu\u00e9m, estamos fazendo uma aposta na bondade inerente da humanidade, apesar de todas as imperfei\u00e7\u00f5es que todos n\u00f3s possu\u00edmos. A f\u00e9 nos permite ver al\u00e9m dos erros e defeitos, acreditando que cada pessoa tem o potencial de mudar e crescer.<\/p>\n\n\n\n<figure class=\"wp-block-image size-large\"><img loading=\"lazy\" decoding=\"async\" width=\"1024\" height=\"669\" src=\"https:\/\/www.oracaoefe.com\/wp-content\/uploads\/2023\/10\/image-5-1024x669.png\" alt=\"\" class=\"wp-image-2443\" srcset=\"https:\/\/www.oracaoefe.com\/wp-content\/uploads\/2023\/10\/image-5-1024x669.png 1024w, https:\/\/www.oracaoefe.com\/wp-content\/uploads\/2023\/10\/image-5-300x196.png 300w, https:\/\/www.oracaoefe.com\/wp-content\/uploads\/2023\/10\/image-5-768x502.png 768w, https:\/\/www.oracaoefe.com\/wp-content\/uploads\/2023\/10\/image-5-18x12.png 18w, https:\/\/www.oracaoefe.com\/wp-content\/uploads\/2023\/10\/image-5.png 1280w\" sizes=\"auto, (max-width: 1024px) 100vw, 1024px\" \/><\/figure>\n\n\n\n<p class=\"wp-block-paragraph\">Al\u00e9m disso, a f\u00e9 \u00e9 um componente vital em nossos relacionamentos. Ela nos ajuda a superar os desafios e obst\u00e1culos que inevitavelmente surgem. Quando temos f\u00e9 no amor, estamos dispostos a trabalhar juntos para superar as dificuldades, em vez de desistir quando as coisas se tornam dif\u00edceis.<\/p>\n\n\n\n<h2 class=\"wp-block-heading\">O Amor Como Alavanca de Transforma\u00e7\u00e3o<\/h2>\n\n\n\n<p class=\"wp-block-paragraph\">O amor tamb\u00e9m \u00e9 uma alavanca de transforma\u00e7\u00e3o. Quando amamos algu\u00e9m incondicionalmente, estamos mostrando que acreditamos em seu potencial e valor intr\u00ednseco. Isso pode inspirar a pessoa amada a se tornar a melhor vers\u00e3o de si mesma, acreditando em suas pr\u00f3prias capacidades.<\/p>\n\n\n\n<p class=\"wp-block-paragraph\">A hist\u00f3ria de muitos grandes l\u00edderes e vision\u00e1rios \u00e9 marcada por pessoas que acreditaram neles quando ningu\u00e9m mais o fez. Esses indiv\u00edduos foram impulsionados pela f\u00e9 e pelo amor que receberam. Um exemplo not\u00e1vel \u00e9 o de Mahatma Gandhi, cuja esposa Kasturba teve uma influ\u00eancia profunda em sua vida, apoiando sua miss\u00e3o e acreditando em seu potencial de transformar a \u00cdndia.<\/p>\n\n\n\n<h2 class=\"wp-block-heading\">A F\u00e9 e o Amor Pr\u00f3prio<\/h2>\n\n\n\n<p class=\"wp-block-paragraph\">Al\u00e9m de amar os outros, a f\u00e9 tamb\u00e9m desempenha um papel importante em nosso amor pr\u00f3prio. Ter f\u00e9 em si mesmo significa acreditar que voc\u00ea \u00e9 digno de amor e respeito, independentemente de seus erros e imperfei\u00e7\u00f5es. Essa atitude de f\u00e9 \u00e9 fundamental para desenvolver um relacionamento saud\u00e1vel consigo mesmo.<\/p>\n\n\n\n<p class=\"wp-block-paragraph\">Quando enfrentamos desafios e momentos dif\u00edceis, a f\u00e9 em n\u00f3s mesmos nos permite perseverar e superar obst\u00e1culos. Ela nos d\u00e1 a for\u00e7a interior para seguir em frente, mesmo quando tudo parece perdido. O amor pr\u00f3prio baseado na f\u00e9 \u00e9 a base de uma autoestima s\u00f3lida e de relacionamentos interpessoais saud\u00e1veis.<\/p>\n\n\n\n<h2 class=\"wp-block-heading\">A Import\u00e2ncia da Empatia<\/h2>\n\n\n\n<p class=\"wp-block-paragraph\">A empatia desempenha um papel fundamental na interse\u00e7\u00e3o entre f\u00e9 e amor. Quando nos colocamos no lugar dos outros, estamos demonstrando nossa f\u00e9 na humanidade e na capacidade de compreender e apoiar uns aos outros. A empatia \u00e9 a manifesta\u00e7\u00e3o pr\u00e1tica de nossa f\u00e9 no amor.<\/p>\n\n\n\n<p class=\"wp-block-paragraph\">Imagine um mundo em que todos praticassem a empatia. Seria um mundo mais compassivo, onde as pessoas se esfor\u00e7ariam para entender e apoiar umas \u00e0s outras, independentemente de suas diferen\u00e7as. A empatia \u00e9 uma manifesta\u00e7\u00e3o concreta de nossa f\u00e9 no amor como uma for\u00e7a que pode unir a humanidade.<\/p>\n\n\n\n<h2 class=\"wp-block-heading\">A Busca Pela Paz e Harmonia<\/h2>\n\n\n\n<p class=\"wp-block-paragraph\">Quando aplicamos a f\u00e9 ao amor em nossa vida cotidiana, come\u00e7amos a moldar n\u00e3o apenas nossos relacionamentos pessoais, mas tamb\u00e9m a sociedade como um todo. A busca pela paz e harmonia \u00e9 uma extens\u00e3o natural dessa atitude de f\u00e9.<\/p>\n\n\n\n<p class=\"wp-block-paragraph\">Ao acreditarmos no poder do amor para superar o \u00f3dio e a divis\u00e3o, nos tornamos agentes de mudan\u00e7a na constru\u00e7\u00e3o de um mundo melhor. A hist\u00f3ria est\u00e1 repleta de exemplos de indiv\u00edduos e movimentos que, com base na f\u00e9 no amor e na justi\u00e7a, promoveram a igualdade, a liberdade e a reconcilia\u00e7\u00e3o.<\/p>\n\n\n\n<h2 class=\"wp-block-heading\">O Poder do Perd\u00e3o<\/h2>\n\n\n\n<p class=\"wp-block-paragraph\">Uma das manifesta\u00e7\u00f5es mais profundas da f\u00e9 no amor \u00e9 o ato de perdoar. Quando perdoamos algu\u00e9m, estamos demonstrando nossa cren\u00e7a na capacidade das pessoas de se redimir e mudar. O perd\u00e3o \u00e9 um ato de f\u00e9 no potencial de cura e reconcilia\u00e7\u00e3o, tanto para o ofensor quanto para a v\u00edtima.<\/p>\n\n\n\n<p class=\"wp-block-paragraph\">Nelson Mandela, o ic\u00f4nico l\u00edder sul-africano, \u00e9 um exemplo de como o perd\u00e3o pode ser uma for\u00e7a transformadora. Ap\u00f3s passar 27 anos na pris\u00e3o, ele escolheu perdoar seus opressores, buscando a reconcilia\u00e7\u00e3o em vez da vingan\u00e7a. Sua atitude de f\u00e9 no poder do perd\u00e3o contribuiu significativamente para a transi\u00e7\u00e3o pac\u00edfica da \u00c1frica do Sul para a democracia.<\/p>\n\n\n\n<h2 class=\"wp-block-heading\">A Jornada de Cultivar o Amor e a F\u00e9<\/h2>\n\n\n\n<p class=\"wp-block-paragraph\">Amar como uma atitude de f\u00e9 n\u00e3o \u00e9 uma jornada f\u00e1cil. Requer pr\u00e1tica constante e auto-reflex\u00e3o. \u00c9 preciso enfrentar nossos pr\u00f3prios preconceitos e julgamentos, desenvolvendo uma maior compreens\u00e3o e empatia em rela\u00e7\u00e3o aos outros.<\/p>\n\n\n\n<p class=\"wp-block-paragraph\">Uma maneira de cultivar essa atitude de f\u00e9 \u00e9 por meio da medita\u00e7\u00e3o e da reflex\u00e3o. Ao reservar um tempo para se interiorizar e contemplar o significado do amor e da f\u00e9 em sua vida, voc\u00ea pode fortalecer esses aspectos em si mesmo.<\/p>\n\n\n\n<p class=\"wp-block-paragraph\">Al\u00e9m disso, a busca pelo conhecimento e pela compreens\u00e3o \u00e9 essencial.<\/p>\n\n\n\n<p class=\"wp-block-paragraph\"><strong>Voir aussi\u00a0: <a href=\"https:\/\/www.oracaoefe.com\/fr\/oracao-para-comecar-o-dia-dedique-se-todos-os-dias-a-palavra-de-deus\/\">Pri\u00e8re pour commencer la journ\u00e9e : Consacrez-vous chaque jour \u00e0 la Parole de Dieu<\/a><\/strong><\/p>\n\n\n\n<p class=\"wp-block-paragraph\">20 de outubro de 2023<\/p>","protected":false},"excerpt":{"rendered":"<p>No turbilh\u00e3o de desafios e incertezas que a vida nos apresenta, \u00e9 comum procurarmos por palavras de inspira\u00e7\u00e3o e orienta\u00e7\u00e3o. Neste mundo fren\u00e9tico, a palavra de vida ganha um significado especial, servindo como um farol a iluminar o nosso caminho. Hoje, exploraremos a profunda conex\u00e3o entre o amor e a f\u00e9, descobrindo como amar verdadeiramente&hellip;&nbsp;<\/p>","protected":false},"author":3,"featured_media":2443,"comment_status":"closed","ping_status":"closed","sticky":false,"template":"","format":"standard","meta":{"neve_meta_sidebar":"","neve_meta_container":"","neve_meta_enable_content_width":"","neve_meta_content_width":0,"neve_meta_title_alignment":"","neve_meta_author_avatar":"","neve_post_elements_order":"","neve_meta_disable_header":"","neve_meta_disable_footer":"","neve_meta_disable_title":"","footnotes":""},"categories":[3],"tags":[],"class_list":["post-2442","post","type-post","status-publish","format-standard","has-post-thumbnail","hentry","category-fe"],"yoast_head":"<!-- This site is optimized with the Yoast SEO plugin v28.4 - https:\/\/yoast.com\/product\/yoast-seo-wordpress\/ -->\n<title>Palavra de Vida de Hoje: Amar \u00e9 uma Atitude de F\u00e9 - Ora\u00e7\u00e3o e F\u00e9<\/title>\n<meta name=\"description\" content=\"Deus tem pra voc\u00ea uma palavra de vida!\" \/>\n<meta name=\"robots\" content=\"index, follow, max-snippet:-1, max-image-preview:large, max-video-preview:-1\" \/>\n<link rel=\"canonical\" href=\"https:\/\/www.oracaoefe.com\/fr\/palavra-de-vida-de-hoje-amar-e-uma-atitude-de-fe\/\" \/>\n<meta property=\"og:locale\" content=\"fr_FR\" \/>\n<meta property=\"og:type\" content=\"article\" \/>\n<meta property=\"og:title\" content=\"Palavra de Vida de Hoje: Amar \u00e9 uma Atitude de F\u00e9 - Ora\u00e7\u00e3o e F\u00e9\" \/>\n<meta property=\"og:description\" content=\"Deus tem pra voc\u00ea uma palavra de vida!\" \/>\n<meta property=\"og:url\" content=\"https:\/\/www.oracaoefe.com\/fr\/palavra-de-vida-de-hoje-amar-e-uma-atitude-de-fe\/\" \/>\n<meta property=\"og:site_name\" content=\"Ora\u00e7\u00e3o e F\u00e9\" \/>\n<meta property=\"article:published_time\" content=\"2023-10-20T04:01:00+00:00\" \/>\n<meta property=\"article:modified_time\" content=\"2025-06-15T18:17:27+00:00\" \/>\n<meta property=\"og:image\" content=\"https:\/\/www.oracaoefe.com\/wp-content\/uploads\/2023\/10\/image-5.png\" \/>\n\t<meta property=\"og:image:width\" content=\"1280\" \/>\n\t<meta property=\"og:image:height\" content=\"836\" \/>\n\t<meta property=\"og:image:type\" content=\"image\/png\" \/>\n<meta name=\"author\" content=\"Michele Azevedo\" \/>\n<meta name=\"twitter:card\" content=\"summary_large_image\" \/>\n<meta name=\"twitter:label1\" content=\"\u00c9crit par\" \/>\n\t<meta name=\"twitter:data1\" content=\"Michele Azevedo\" \/>\n\t<meta name=\"twitter:label2\" content=\"Dur\u00e9e de lecture estim\u00e9e\" \/>\n\t<meta name=\"twitter:data2\" content=\"5 minutes\" \/>\n<script type=\"application\/ld+json\" class=\"yoast-schema-graph\">{\"@context\":\"https:\\\/\\\/schema.org\",\"@graph\":[{\"@type\":\"Article\",\"@id\":\"https:\\\/\\\/www.oracaoefe.com\\\/palavra-de-vida-de-hoje-amar-e-uma-atitude-de-fe\\\/#article\",\"isPartOf\":{\"@id\":\"https:\\\/\\\/www.oracaoefe.com\\\/palavra-de-vida-de-hoje-amar-e-uma-atitude-de-fe\\\/\"},\"author\":{\"name\":\"Michele Azevedo\",\"@id\":\"https:\\\/\\\/www.oracaoefe.com\\\/#\\\/schema\\\/person\\\/17283c669442cf005c4d5bb58adfb7f5\"},\"headline\":\"Palavra de Vida de Hoje: Amar \u00e9 uma Atitude de F\u00e9\",\"datePublished\":\"2023-10-20T04:01:00+00:00\",\"dateModified\":\"2025-06-15T18:17:27+00:00\",\"mainEntityOfPage\":{\"@id\":\"https:\\\/\\\/www.oracaoefe.com\\\/palavra-de-vida-de-hoje-amar-e-uma-atitude-de-fe\\\/\"},\"wordCount\":1028,\"image\":{\"@id\":\"https:\\\/\\\/www.oracaoefe.com\\\/palavra-de-vida-de-hoje-amar-e-uma-atitude-de-fe\\\/#primaryimage\"},\"thumbnailUrl\":\"https:\\\/\\\/www.oracaoefe.com\\\/wp-content\\\/uploads\\\/2023\\\/10\\\/image-5.png\",\"articleSection\":[\"F\u00e9\"],\"inLanguage\":\"fr-FR\"},{\"@type\":\"WebPage\",\"@id\":\"https:\\\/\\\/www.oracaoefe.com\\\/palavra-de-vida-de-hoje-amar-e-uma-atitude-de-fe\\\/\",\"url\":\"https:\\\/\\\/www.oracaoefe.com\\\/palavra-de-vida-de-hoje-amar-e-uma-atitude-de-fe\\\/\",\"name\":\"Palavra de Vida de Hoje: Amar \u00e9 uma Atitude de F\u00e9 - Ora\u00e7\u00e3o e F\u00e9\",\"isPartOf\":{\"@id\":\"https:\\\/\\\/www.oracaoefe.com\\\/#website\"},\"primaryImageOfPage\":{\"@id\":\"https:\\\/\\\/www.oracaoefe.com\\\/palavra-de-vida-de-hoje-amar-e-uma-atitude-de-fe\\\/#primaryimage\"},\"image\":{\"@id\":\"https:\\\/\\\/www.oracaoefe.com\\\/palavra-de-vida-de-hoje-amar-e-uma-atitude-de-fe\\\/#primaryimage\"},\"thumbnailUrl\":\"https:\\\/\\\/www.oracaoefe.com\\\/wp-content\\\/uploads\\\/2023\\\/10\\\/image-5.png\",\"datePublished\":\"2023-10-20T04:01:00+00:00\",\"dateModified\":\"2025-06-15T18:17:27+00:00\",\"author\":{\"@id\":\"https:\\\/\\\/www.oracaoefe.com\\\/#\\\/schema\\\/person\\\/17283c669442cf005c4d5bb58adfb7f5\"},\"description\":\"Deus tem pra voc\u00ea uma palavra de vida!\",\"breadcrumb\":{\"@id\":\"https:\\\/\\\/www.oracaoefe.com\\\/palavra-de-vida-de-hoje-amar-e-uma-atitude-de-fe\\\/#breadcrumb\"},\"inLanguage\":\"fr-FR\",\"potentialAction\":[{\"@type\":\"ReadAction\",\"target\":[\"https:\\\/\\\/www.oracaoefe.com\\\/palavra-de-vida-de-hoje-amar-e-uma-atitude-de-fe\\\/\"]}]},{\"@type\":\"ImageObject\",\"inLanguage\":\"fr-FR\",\"@id\":\"https:\\\/\\\/www.oracaoefe.com\\\/palavra-de-vida-de-hoje-amar-e-uma-atitude-de-fe\\\/#primaryimage\",\"url\":\"https:\\\/\\\/www.oracaoefe.com\\\/wp-content\\\/uploads\\\/2023\\\/10\\\/image-5.png\",\"contentUrl\":\"https:\\\/\\\/www.oracaoefe.com\\\/wp-content\\\/uploads\\\/2023\\\/10\\\/image-5.png\",\"width\":1280,\"height\":836},{\"@type\":\"BreadcrumbList\",\"@id\":\"https:\\\/\\\/www.oracaoefe.com\\\/palavra-de-vida-de-hoje-amar-e-uma-atitude-de-fe\\\/#breadcrumb\",\"itemListElement\":[{\"@type\":\"ListItem\",\"position\":1,\"name\":\"Home\",\"item\":\"https:\\\/\\\/www.oracaoefe.com\\\/\"},{\"@type\":\"ListItem\",\"position\":2,\"name\":\"Palavra de Vida de Hoje: Amar \u00e9 uma Atitude de F\u00e9\"}]},{\"@type\":\"WebSite\",\"@id\":\"https:\\\/\\\/www.oracaoefe.com\\\/#website\",\"url\":\"https:\\\/\\\/www.oracaoefe.com\\\/\",\"name\":\"Ora\u00e7\u00e3o e F\u00e9\",\"description\":\"\",\"potentialAction\":[{\"@type\":\"SearchAction\",\"target\":{\"@type\":\"EntryPoint\",\"urlTemplate\":\"https:\\\/\\\/www.oracaoefe.com\\\/?s={search_term_string}\"},\"query-input\":{\"@type\":\"PropertyValueSpecification\",\"valueRequired\":true,\"valueName\":\"search_term_string\"}}],\"inLanguage\":\"fr-FR\"},{\"@type\":\"Person\",\"@id\":\"https:\\\/\\\/www.oracaoefe.com\\\/#\\\/schema\\\/person\\\/17283c669442cf005c4d5bb58adfb7f5\",\"name\":\"Michele Azevedo\",\"image\":{\"@type\":\"ImageObject\",\"inLanguage\":\"fr-FR\",\"@id\":\"https:\\\/\\\/secure.gravatar.com\\\/avatar\\\/6b0eb9d22841282815e2cd856a0061c45e1761cd54b22e952d98c4746939aa85?s=96&d=mm&r=g\",\"url\":\"https:\\\/\\\/secure.gravatar.com\\\/avatar\\\/6b0eb9d22841282815e2cd856a0061c45e1761cd54b22e952d98c4746939aa85?s=96&d=mm&r=g\",\"contentUrl\":\"https:\\\/\\\/secure.gravatar.com\\\/avatar\\\/6b0eb9d22841282815e2cd856a0061c45e1761cd54b22e952d98c4746939aa85?s=96&d=mm&r=g\",\"caption\":\"Michele Azevedo\"},\"description\":\"Formada em Letras - Portugu\u00eas\\\/ Ingl\u00eas pela Universidade Estadual de Ponta Grossa (UEPG), p\u00f3s-graduada em Arte na Educa\u00e7\u00e3o (FAPI) e Psicopedagogia Escolar (FAPI), idealizadora e propriet\u00e1ria do site Escritora de Sucesso, possui experi\u00eancia em escrita para blogs em geral e atua como redatora e revisora dos conte\u00fados do Ora\u00e7\u00e3o e F\u00e9.\",\"url\":\"https:\\\/\\\/www.oracaoefe.com\\\/fr\\\/author\\\/michele-azevedo\\\/\"}]}<\/script>\n<!-- \/ Yoast SEO plugin. -->","yoast_head_json":{"title":"Palavra de Vida de Hoje: Amar \u00e9 uma Atitude de F\u00e9 - Ora\u00e7\u00e3o e F\u00e9","description":"Dieu a une parole de vie pour vous !","robots":{"index":"index","follow":"follow","max-snippet":"max-snippet:-1","max-image-preview":"max-image-preview:large","max-video-preview":"max-video-preview:-1"},"canonical":"https:\/\/www.oracaoefe.com\/fr\/palavra-de-vida-de-hoje-amar-e-uma-atitude-de-fe\/","og_locale":"fr_FR","og_type":"article","og_title":"Palavra de Vida de Hoje: Amar \u00e9 uma Atitude de F\u00e9 - Ora\u00e7\u00e3o e F\u00e9","og_description":"Deus tem pra voc\u00ea uma palavra de vida!","og_url":"https:\/\/www.oracaoefe.com\/fr\/palavra-de-vida-de-hoje-amar-e-uma-atitude-de-fe\/","og_site_name":"Ora\u00e7\u00e3o e F\u00e9","article_published_time":"2023-10-20T04:01:00+00:00","article_modified_time":"2025-06-15T18:17:27+00:00","og_image":[{"width":1280,"height":836,"url":"https:\/\/www.oracaoefe.com\/wp-content\/uploads\/2023\/10\/image-5.png","type":"image\/png"}],"author":"Michele Azevedo","twitter_card":"summary_large_image","twitter_misc":{"\u00c9crit par":"Michele Azevedo","Dur\u00e9e de lecture estim\u00e9e":"5 minutes"},"schema":{"@context":"https:\/\/schema.org","@graph":[{"@type":"Article","@id":"https:\/\/www.oracaoefe.com\/palavra-de-vida-de-hoje-amar-e-uma-atitude-de-fe\/#article","isPartOf":{"@id":"https:\/\/www.oracaoefe.com\/palavra-de-vida-de-hoje-amar-e-uma-atitude-de-fe\/"},"author":{"name":"Michele Azevedo","@id":"https:\/\/www.oracaoefe.com\/#\/schema\/person\/17283c669442cf005c4d5bb58adfb7f5"},"headline":"Palavra de Vida de Hoje: Amar \u00e9 uma Atitude de F\u00e9","datePublished":"2023-10-20T04:01:00+00:00","dateModified":"2025-06-15T18:17:27+00:00","mainEntityOfPage":{"@id":"https:\/\/www.oracaoefe.com\/palavra-de-vida-de-hoje-amar-e-uma-atitude-de-fe\/"},"wordCount":1028,"image":{"@id":"https:\/\/www.oracaoefe.com\/palavra-de-vida-de-hoje-amar-e-uma-atitude-de-fe\/#primaryimage"},"thumbnailUrl":"https:\/\/www.oracaoefe.com\/wp-content\/uploads\/2023\/10\/image-5.png","articleSection":["F\u00e9"],"inLanguage":"fr-FR"},{"@type":"WebPage","@id":"https:\/\/www.oracaoefe.com\/palavra-de-vida-de-hoje-amar-e-uma-atitude-de-fe\/","url":"https:\/\/www.oracaoefe.com\/palavra-de-vida-de-hoje-amar-e-uma-atitude-de-fe\/","name":"Palavra de Vida de Hoje: Amar \u00e9 uma Atitude de F\u00e9 - Ora\u00e7\u00e3o e F\u00e9","isPartOf":{"@id":"https:\/\/www.oracaoefe.com\/#website"},"primaryImageOfPage":{"@id":"https:\/\/www.oracaoefe.com\/palavra-de-vida-de-hoje-amar-e-uma-atitude-de-fe\/#primaryimage"},"image":{"@id":"https:\/\/www.oracaoefe.com\/palavra-de-vida-de-hoje-amar-e-uma-atitude-de-fe\/#primaryimage"},"thumbnailUrl":"https:\/\/www.oracaoefe.com\/wp-content\/uploads\/2023\/10\/image-5.png","datePublished":"2023-10-20T04:01:00+00:00","dateModified":"2025-06-15T18:17:27+00:00","author":{"@id":"https:\/\/www.oracaoefe.com\/#\/schema\/person\/17283c669442cf005c4d5bb58adfb7f5"},"description":"Dieu a une parole de vie pour vous !","breadcrumb":{"@id":"https:\/\/www.oracaoefe.com\/palavra-de-vida-de-hoje-amar-e-uma-atitude-de-fe\/#breadcrumb"},"inLanguage":"fr-FR","potentialAction":[{"@type":"ReadAction","target":["https:\/\/www.oracaoefe.com\/palavra-de-vida-de-hoje-amar-e-uma-atitude-de-fe\/"]}]},{"@type":"ImageObject","inLanguage":"fr-FR","@id":"https:\/\/www.oracaoefe.com\/palavra-de-vida-de-hoje-amar-e-uma-atitude-de-fe\/#primaryimage","url":"https:\/\/www.oracaoefe.com\/wp-content\/uploads\/2023\/10\/image-5.png","contentUrl":"https:\/\/www.oracaoefe.com\/wp-content\/uploads\/2023\/10\/image-5.png","width":1280,"height":836},{"@type":"BreadcrumbList","@id":"https:\/\/www.oracaoefe.com\/palavra-de-vida-de-hoje-amar-e-uma-atitude-de-fe\/#breadcrumb","itemListElement":[{"@type":"ListItem","position":1,"name":"Home","item":"https:\/\/www.oracaoefe.com\/"},{"@type":"ListItem","position":2,"name":"Palavra de Vida de Hoje: Amar \u00e9 uma Atitude de F\u00e9"}]},{"@type":"WebSite","@id":"https:\/\/www.oracaoefe.com\/#website","url":"https:\/\/www.oracaoefe.com\/","name":"Pri\u00e8re et foi","description":"","potentialAction":[{"@type":"SearchAction","target":{"@type":"EntryPoint","urlTemplate":"https:\/\/www.oracaoefe.com\/?s={search_term_string}"},"query-input":{"@type":"PropertyValueSpecification","valueRequired":true,"valueName":"search_term_string"}}],"inLanguage":"fr-FR"},{"@type":"Person","@id":"https:\/\/www.oracaoefe.com\/#\/schema\/person\/17283c669442cf005c4d5bb58adfb7f5","name":"Michele Azevedo","image":{"@type":"ImageObject","inLanguage":"fr-FR","@id":"https:\/\/secure.gravatar.com\/avatar\/6b0eb9d22841282815e2cd856a0061c45e1761cd54b22e952d98c4746939aa85?s=96&d=mm&r=g","url":"https:\/\/secure.gravatar.com\/avatar\/6b0eb9d22841282815e2cd856a0061c45e1761cd54b22e952d98c4746939aa85?s=96&d=mm&r=g","contentUrl":"https:\/\/secure.gravatar.com\/avatar\/6b0eb9d22841282815e2cd856a0061c45e1761cd54b22e952d98c4746939aa85?s=96&d=mm&r=g","caption":"Michele Azevedo"},"description":"Dipl\u00f4m\u00e9e en litt\u00e9rature portugaise\/anglaise de l&#039;Universit\u00e9 d&#039;\u00c9tat de Ponta Grossa (UEPG), avec des dipl\u00f4mes de troisi\u00e8me cycle en art dans l&#039;\u00e9ducation (FAPI) et en psychop\u00e9dagogie scolaire (FAPI), elle est la cr\u00e9atrice et propri\u00e9taire du site web Escritora de Sucesso, a de l&#039;exp\u00e9rience dans l&#039;\u00e9criture pour les blogs en g\u00e9n\u00e9ral et travaille comme r\u00e9dactrice et \u00e9ditrice du contenu pour Ora\u00e7\u00e3o e F\u00e9.","url":"https:\/\/www.oracaoefe.com\/fr\/author\/michele-azevedo\/"}]}},"_links":{"self":[{"href":"https:\/\/www.oracaoefe.com\/fr\/wp-json\/wp\/v2\/posts\/2442","targetHints":{"allow":["GET"]}}],"collection":[{"href":"https:\/\/www.oracaoefe.com\/fr\/wp-json\/wp\/v2\/posts"}],"about":[{"href":"https:\/\/www.oracaoefe.com\/fr\/wp-json\/wp\/v2\/types\/post"}],"author":[{"embeddable":true,"href":"https:\/\/www.oracaoefe.com\/fr\/wp-json\/wp\/v2\/users\/3"}],"replies":[{"embeddable":true,"href":"https:\/\/www.oracaoefe.com\/fr\/wp-json\/wp\/v2\/comments?post=2442"}],"version-history":[{"count":1,"href":"https:\/\/www.oracaoefe.com\/fr\/wp-json\/wp\/v2\/posts\/2442\/revisions"}],"predecessor-version":[{"id":2444,"href":"https:\/\/www.oracaoefe.com\/fr\/wp-json\/wp\/v2\/posts\/2442\/revisions\/2444"}],"wp:featuredmedia":[{"embeddable":true,"href":"https:\/\/www.oracaoefe.com\/fr\/wp-json\/wp\/v2\/media\/2443"}],"wp:attachment":[{"href":"https:\/\/www.oracaoefe.com\/fr\/wp-json\/wp\/v2\/media?parent=2442"}],"wp:term":[{"taxonomy":"category","embeddable":true,"href":"https:\/\/www.oracaoefe.com\/fr\/wp-json\/wp\/v2\/categories?post=2442"},{"taxonomy":"post_tag","embeddable":true,"href":"https:\/\/www.oracaoefe.com\/fr\/wp-json\/wp\/v2\/tags?post=2442"}],"curies":[{"name":"wp","href":"https:\/\/api.w.org\/{rel}","templated":true}]}}