{"id":2439,"date":"2023-10-17T01:01:00","date_gmt":"2023-10-17T04:01:00","guid":{"rendered":"https:\/\/www.oracaoefe.com\/?p=2439"},"modified":"2023-10-13T22:50:04","modified_gmt":"2023-10-14T01:50:04","slug":"por-que-os-cristaos-nao-guardam-o-sabado-entenda","status":"publish","type":"post","link":"https:\/\/www.oracaoefe.com\/fr\/por-que-os-cristaos-nao-guardam-o-sabado-entenda\/","title":{"rendered":"Por que os crist\u00e3os n\u00e3o guardam o s\u00e1bado? Entenda"},"content":{"rendered":"<p class=\"wp-block-paragraph\">A observ\u00e2ncia do s\u00e1bado \u00e9 um t\u00f3pico de grande controv\u00e9rsia e debate entre os crist\u00e3os. Enquanto alguns grupos religiosos, como os adventistas do s\u00e9timo dia, enfatizam a import\u00e2ncia da guarda do s\u00e1bado, a maioria dos crist\u00e3os tradicionais opta por adorar no domingo. Neste conte\u00fado, exploraremos as raz\u00f5es por tr\u00e1s dessa diferen\u00e7a e por que muitos crist\u00e3os n\u00e3o guardam o s\u00e1bado.<\/p>\n\n\n\n<h2 class=\"wp-block-heading\">O Significado do S\u00e1bado no Cristianismo<\/h2>\n\n\n\n<p class=\"wp-block-paragraph\">Antes de entrarmos nas raz\u00f5es pelas quais a maioria dos crist\u00e3os n\u00e3o guarda o s\u00e1bado, \u00e9 importante entender a relev\u00e2ncia do s\u00e1bado no contexto do cristianismo. O s\u00e1bado \u00e9 o s\u00e9timo dia da semana, que se inicia ao p\u00f4r do sol na sexta-feira e termina ao p\u00f4r do sol no s\u00e1bado.&nbsp;<\/p>\n\n\n\n<p class=\"wp-block-paragraph\">No Antigo Testamento, a guarda do s\u00e1bado era uma parte fundamental da Lei dada a Mois\u00e9s no Monte Sinai. O mandamento do s\u00e1bado \u00e9 encontrado no Dec\u00e1logo, os Dez Mandamentos, como o quarto mandamento, e estabelece:<\/p>\n\n\n\n<p class=\"wp-block-paragraph\"><em>&#8220;Guardar\u00e1s o dia de s\u00e1bado, para santific\u00e1-lo, como te ordenou o Senhor, teu Deus. Seis dias trabalhar\u00e1s e far\u00e1s todos os teus trabalhos, mas o s\u00e9timo dia \u00e9 o s\u00e1bado do Senhor, teu Deus; n\u00e3o far\u00e1s nenhum trabalho, nem tu, nem o teu filho, nem a tua filha, nem o teu servo, nem a tua serva, nem o teu animal, nem o forasteiro das tuas portas para dentro; porque, em seis dias, fez o Senhor os c\u00e9us e a terra, o mar e tudo o que neles h\u00e1 e, ao s\u00e9timo dia, descansou; por isso, o Senhor aben\u00e7oou o dia de s\u00e1bado e o santificou.&#8221; (\u00caxodo 20:8-11).<\/em><\/p>\n\n\n\n<figure class=\"wp-block-image size-large\"><img loading=\"lazy\" decoding=\"async\" width=\"1024\" height=\"682\" src=\"https:\/\/www.oracaoefe.com\/wp-content\/uploads\/2023\/10\/image-4-1024x682.png\" alt=\"\" class=\"wp-image-2440\" srcset=\"https:\/\/www.oracaoefe.com\/wp-content\/uploads\/2023\/10\/image-4-1024x682.png 1024w, https:\/\/www.oracaoefe.com\/wp-content\/uploads\/2023\/10\/image-4-300x200.png 300w, https:\/\/www.oracaoefe.com\/wp-content\/uploads\/2023\/10\/image-4-768x512.png 768w, https:\/\/www.oracaoefe.com\/wp-content\/uploads\/2023\/10\/image-4-18x12.png 18w, https:\/\/www.oracaoefe.com\/wp-content\/uploads\/2023\/10\/image-4.png 1280w\" sizes=\"auto, (max-width: 1024px) 100vw, 1024px\" \/><\/figure>\n\n\n\n<p class=\"wp-block-paragraph\">Este mandamento tornou-se um s\u00edmbolo distintivo da identidade judaica e foi observado estritamente por eles. No entanto, a chegada de Jesus Cristo e o in\u00edcio do cristianismo trouxeram uma nova perspectiva sobre a observ\u00e2ncia do s\u00e1bado.<\/p>\n\n\n\n<h2 class=\"wp-block-heading\">A Mudan\u00e7a para o Domingo<\/h2>\n\n\n\n<p class=\"wp-block-paragraph\">A mudan\u00e7a da observ\u00e2ncia do s\u00e1bado para o domingo pode ser rastreada at\u00e9 os tempos apost\u00f3licos, ap\u00f3s a ressurrei\u00e7\u00e3o de Jesus Cristo. V\u00e1rias raz\u00f5es fundamentais contribu\u00edram para essa mudan\u00e7a:<\/p>\n\n\n\n<h3 class=\"wp-block-heading\">1. A Ressurrei\u00e7\u00e3o de Jesus<\/h3>\n\n\n\n<p class=\"wp-block-paragraph\">A ressurrei\u00e7\u00e3o de Jesus ocorreu no primeiro dia da semana, o que \u00e9 o domingo. Isso trouxe um novo significado ao primeiro dia da semana para os seguidores de Cristo. O domingo passou a ser conhecido como o &#8220;Dia do Senhor&#8221;, em refer\u00eancia ao dia em que Jesus ressuscitou, vencendo a morte e inaugurando um novo pacto.<\/p>\n\n\n\n<h3 class=\"wp-block-heading\">2. A Celebra\u00e7\u00e3o da Ceia do Senhor<\/h3>\n\n\n\n<p class=\"wp-block-paragraph\">Os primeiros crist\u00e3os come\u00e7aram a se reunir no primeiro dia da semana, o domingo, para celebrar a Ceia do Senhor, que comemorava o sacrif\u00edcio de Cristo na cruz. Esse ato de adora\u00e7\u00e3o e comunh\u00e3o se tornou uma pr\u00e1tica regular no domingo.<\/p>\n\n\n\n<h3 class=\"wp-block-heading\">3. A Influ\u00eancia do Ap\u00f3stolo Paulo<\/h3>\n\n\n\n<p class=\"wp-block-paragraph\">O ap\u00f3stolo Paulo desempenhou um papel significativo na expans\u00e3o do cristianismo entre os gentios. Ele frequentemente ensinava que os crentes n\u00e3o estavam mais sob a Lei mosaica, incluindo a observ\u00e2ncia do s\u00e1bado. Ele enfatizou que a salva\u00e7\u00e3o era pela gra\u00e7a, n\u00e3o pelas obras da Lei. Em suas ep\u00edstolas, ele deixou claro que os crist\u00e3os n\u00e3o eram obrigados a observar os rituais judaicos, incluindo o s\u00e1bado.<\/p>\n\n\n\n<h3 class=\"wp-block-heading\">4. A Persegui\u00e7\u00e3o aos Crist\u00e3os<\/h3>\n\n\n\n<p class=\"wp-block-paragraph\">Os primeiros crist\u00e3os enfrentaram persegui\u00e7\u00e3o e, \u00e0s vezes, se reuniam secretamente. Isso fez com que se reunissem em diferentes dias da semana, e o domingo se tornou um dia conveniente, pois era o dia da ressurrei\u00e7\u00e3o de Cristo.<\/p>\n\n\n\n<h2 class=\"wp-block-heading\">O Debate Cont\u00ednuo<\/h2>\n\n\n\n<p class=\"wp-block-paragraph\">Apesar da mudan\u00e7a hist\u00f3rica para o domingo, o debate sobre a observ\u00e2ncia do s\u00e1bado continua a existir entre os crist\u00e3os. Alguns grupos, como os adventistas do s\u00e9timo dia, acreditam que a guarda do s\u00e1bado \u00e9 uma parte vital da f\u00e9 crist\u00e3 e a observam rigorosamente. Eles citam passagens do Antigo e Novo Testamento para apoiar sua posi\u00e7\u00e3o.<\/p>\n\n\n\n<p class=\"wp-block-paragraph\">Por outro lado, a maioria dos crist\u00e3os tradicionais argumenta que o Novo Testamento ensina a liberdade em rela\u00e7\u00e3o \u00e0 observ\u00e2ncia da Lei judaica. Eles veem o s\u00e1bado como uma sombra que apontava para a realidade encontrada em Cristo e acreditam que a verdadeira adora\u00e7\u00e3o ocorre em esp\u00edrito e em verdade, n\u00e3o em um dia espec\u00edfico da semana.<\/p>\n\n\n\n<h2 class=\"wp-block-heading\">O Papel da Tradi\u00e7\u00e3o e da Hist\u00f3ria<\/h2>\n\n\n\n<p class=\"wp-block-paragraph\">A tradi\u00e7\u00e3o e a hist\u00f3ria tamb\u00e9m desempenham um papel importante na observ\u00e2ncia do domingo. A maioria das igrejas crist\u00e3s tradicionais tem uma longa hist\u00f3ria de adora\u00e7\u00e3o no domingo, o que contribui para a continuidade dessa pr\u00e1tica. Al\u00e9m disso, o domingo foi oficialmente adotado como o dia de descanso na cultura ocidental, refor\u00e7ando sua import\u00e2ncia como dia de adora\u00e7\u00e3o.<\/p>\n\n\n\n<p class=\"wp-block-paragraph\">Em resumo, os crist\u00e3os n\u00e3o guardam o s\u00e1bado principalmente devido a mudan\u00e7as na observ\u00e2ncia religiosa que ocorreram no in\u00edcio do cristianismo. A ressurrei\u00e7\u00e3o de Jesus, a celebra\u00e7\u00e3o da Ceia do Senhor no domingo e a influ\u00eancia do ap\u00f3stolo Paulo desempenharam um papel fundamental na transi\u00e7\u00e3o da observ\u00e2ncia do s\u00e1bado para o domingo. Al\u00e9m disso, a tradi\u00e7\u00e3o e a hist\u00f3ria desempenham um papel significativo na pr\u00e1tica da adora\u00e7\u00e3o no domingo.<\/p>\n\n\n\n<p class=\"wp-block-paragraph\">Embora o debate sobre a observ\u00e2ncia do s\u00e1bado continue a existir, \u00e9 importante reconhecer que, para a maioria dos crist\u00e3os, o domingo \u00e9 o dia de adora\u00e7\u00e3o e reflex\u00e3o, lembrando a ressurrei\u00e7\u00e3o de Jesus e a liberdade encontrada em Cristo. \u00c9 um exemplo da evolu\u00e7\u00e3o da f\u00e9 crist\u00e3 ao longo da hist\u00f3ria e das diferentes interpreta\u00e7\u00f5es que surgem de acordo com as tradi\u00e7\u00f5es e cren\u00e7as de cada denomina\u00e7\u00e3o.<\/p>\n\n\n\n<p class=\"wp-block-paragraph\"><strong>Voir aussi\u00a0: <a href=\"https:\/\/www.oracaoefe.com\/fr\/palavra-de-vida-o-proposito-de-deus-na-sua-vida-hoje\/\">Palavra de Vida: O Prop\u00f3sito de Deus na Sua Vida Hoje<\/a><\/strong><\/p>\n\n\n\n<p class=\"wp-block-paragraph\">17 de outubro de 2023<\/p>","protected":false},"excerpt":{"rendered":"<p>A observ\u00e2ncia do s\u00e1bado \u00e9 um t\u00f3pico de grande controv\u00e9rsia e debate entre os crist\u00e3os. Enquanto alguns grupos religiosos, como os adventistas do s\u00e9timo dia, enfatizam a import\u00e2ncia da guarda do s\u00e1bado, a maioria dos crist\u00e3os tradicionais opta por adorar no domingo. Neste conte\u00fado, exploraremos as raz\u00f5es por tr\u00e1s dessa diferen\u00e7a e por que muitos&hellip;&nbsp;<\/p>","protected":false},"author":3,"featured_media":2440,"comment_status":"closed","ping_status":"closed","sticky":false,"template":"","format":"standard","meta":{"neve_meta_sidebar":"","neve_meta_container":"","neve_meta_enable_content_width":"","neve_meta_content_width":0,"neve_meta_title_alignment":"","neve_meta_author_avatar":"","neve_post_elements_order":"","neve_meta_disable_header":"","neve_meta_disable_footer":"","neve_meta_disable_title":"","footnotes":""},"categories":[4],"tags":[],"class_list":["post-2439","post","type-post","status-publish","format-standard","has-post-thumbnail","hentry","category-fique-por-dentro"],"yoast_head":"<!-- This site is optimized with the Yoast SEO plugin v28.4 - https:\/\/yoast.com\/product\/yoast-seo-wordpress\/ -->\n<title>Por que os crist\u00e3os n\u00e3o guardam o s\u00e1bado? Entenda - Ora\u00e7\u00e3o e F\u00e9<\/title>\n<meta name=\"description\" content=\"Deus tem pra voc\u00ea uma palavra de vida!\" \/>\n<meta name=\"robots\" content=\"index, follow, max-snippet:-1, max-image-preview:large, max-video-preview:-1\" \/>\n<link rel=\"canonical\" href=\"https:\/\/www.oracaoefe.com\/fr\/por-que-os-cristaos-nao-guardam-o-sabado-entenda\/\" \/>\n<meta property=\"og:locale\" content=\"fr_FR\" \/>\n<meta property=\"og:type\" content=\"article\" \/>\n<meta property=\"og:title\" content=\"Por que os crist\u00e3os n\u00e3o guardam o s\u00e1bado? Entenda - Ora\u00e7\u00e3o e F\u00e9\" \/>\n<meta property=\"og:description\" content=\"Deus tem pra voc\u00ea uma palavra de vida!\" \/>\n<meta property=\"og:url\" content=\"https:\/\/www.oracaoefe.com\/fr\/por-que-os-cristaos-nao-guardam-o-sabado-entenda\/\" \/>\n<meta property=\"og:site_name\" content=\"Ora\u00e7\u00e3o e F\u00e9\" \/>\n<meta property=\"article:published_time\" content=\"2023-10-17T04:01:00+00:00\" \/>\n<meta property=\"og:image\" content=\"https:\/\/www.oracaoefe.com\/wp-content\/uploads\/2023\/10\/image-4.png\" \/>\n\t<meta property=\"og:image:width\" content=\"1280\" \/>\n\t<meta property=\"og:image:height\" content=\"853\" \/>\n\t<meta property=\"og:image:type\" content=\"image\/png\" \/>\n<meta name=\"author\" content=\"Michele Azevedo\" \/>\n<meta name=\"twitter:card\" content=\"summary_large_image\" \/>\n<meta name=\"twitter:label1\" content=\"\u00c9crit par\" \/>\n\t<meta name=\"twitter:data1\" content=\"Michele Azevedo\" \/>\n\t<meta name=\"twitter:label2\" content=\"Dur\u00e9e de lecture estim\u00e9e\" \/>\n\t<meta name=\"twitter:data2\" content=\"5 minutes\" \/>\n<script type=\"application\/ld+json\" class=\"yoast-schema-graph\">{\"@context\":\"https:\\\/\\\/schema.org\",\"@graph\":[{\"@type\":\"Article\",\"@id\":\"https:\\\/\\\/www.oracaoefe.com\\\/por-que-os-cristaos-nao-guardam-o-sabado-entenda\\\/#article\",\"isPartOf\":{\"@id\":\"https:\\\/\\\/www.oracaoefe.com\\\/por-que-os-cristaos-nao-guardam-o-sabado-entenda\\\/\"},\"author\":{\"name\":\"Michele Azevedo\",\"@id\":\"https:\\\/\\\/www.oracaoefe.com\\\/#\\\/schema\\\/person\\\/17283c669442cf005c4d5bb58adfb7f5\"},\"headline\":\"Por que os crist\u00e3os n\u00e3o guardam o s\u00e1bado? Entenda\",\"datePublished\":\"2023-10-17T04:01:00+00:00\",\"mainEntityOfPage\":{\"@id\":\"https:\\\/\\\/www.oracaoefe.com\\\/por-que-os-cristaos-nao-guardam-o-sabado-entenda\\\/\"},\"wordCount\":1039,\"image\":{\"@id\":\"https:\\\/\\\/www.oracaoefe.com\\\/por-que-os-cristaos-nao-guardam-o-sabado-entenda\\\/#primaryimage\"},\"thumbnailUrl\":\"https:\\\/\\\/www.oracaoefe.com\\\/wp-content\\\/uploads\\\/2023\\\/10\\\/image-4.png\",\"articleSection\":[\"Fique por Dentro\"],\"inLanguage\":\"fr-FR\"},{\"@type\":\"WebPage\",\"@id\":\"https:\\\/\\\/www.oracaoefe.com\\\/por-que-os-cristaos-nao-guardam-o-sabado-entenda\\\/\",\"url\":\"https:\\\/\\\/www.oracaoefe.com\\\/por-que-os-cristaos-nao-guardam-o-sabado-entenda\\\/\",\"name\":\"Por que os crist\u00e3os n\u00e3o guardam o s\u00e1bado? Entenda - Ora\u00e7\u00e3o e F\u00e9\",\"isPartOf\":{\"@id\":\"https:\\\/\\\/www.oracaoefe.com\\\/#website\"},\"primaryImageOfPage\":{\"@id\":\"https:\\\/\\\/www.oracaoefe.com\\\/por-que-os-cristaos-nao-guardam-o-sabado-entenda\\\/#primaryimage\"},\"image\":{\"@id\":\"https:\\\/\\\/www.oracaoefe.com\\\/por-que-os-cristaos-nao-guardam-o-sabado-entenda\\\/#primaryimage\"},\"thumbnailUrl\":\"https:\\\/\\\/www.oracaoefe.com\\\/wp-content\\\/uploads\\\/2023\\\/10\\\/image-4.png\",\"datePublished\":\"2023-10-17T04:01:00+00:00\",\"author\":{\"@id\":\"https:\\\/\\\/www.oracaoefe.com\\\/#\\\/schema\\\/person\\\/17283c669442cf005c4d5bb58adfb7f5\"},\"description\":\"Deus tem pra voc\u00ea uma palavra de vida!\",\"breadcrumb\":{\"@id\":\"https:\\\/\\\/www.oracaoefe.com\\\/por-que-os-cristaos-nao-guardam-o-sabado-entenda\\\/#breadcrumb\"},\"inLanguage\":\"fr-FR\",\"potentialAction\":[{\"@type\":\"ReadAction\",\"target\":[\"https:\\\/\\\/www.oracaoefe.com\\\/por-que-os-cristaos-nao-guardam-o-sabado-entenda\\\/\"]}]},{\"@type\":\"ImageObject\",\"inLanguage\":\"fr-FR\",\"@id\":\"https:\\\/\\\/www.oracaoefe.com\\\/por-que-os-cristaos-nao-guardam-o-sabado-entenda\\\/#primaryimage\",\"url\":\"https:\\\/\\\/www.oracaoefe.com\\\/wp-content\\\/uploads\\\/2023\\\/10\\\/image-4.png\",\"contentUrl\":\"https:\\\/\\\/www.oracaoefe.com\\\/wp-content\\\/uploads\\\/2023\\\/10\\\/image-4.png\",\"width\":1280,\"height\":853},{\"@type\":\"BreadcrumbList\",\"@id\":\"https:\\\/\\\/www.oracaoefe.com\\\/por-que-os-cristaos-nao-guardam-o-sabado-entenda\\\/#breadcrumb\",\"itemListElement\":[{\"@type\":\"ListItem\",\"position\":1,\"name\":\"Home\",\"item\":\"https:\\\/\\\/www.oracaoefe.com\\\/\"},{\"@type\":\"ListItem\",\"position\":2,\"name\":\"Fique por Dentro\",\"item\":\"https:\\\/\\\/www.oracaoefe.com\\\/category\\\/fique-por-dentro\\\/\"},{\"@type\":\"ListItem\",\"position\":3,\"name\":\"Por que os crist\u00e3os n\u00e3o guardam o s\u00e1bado? Entenda\"}]},{\"@type\":\"WebSite\",\"@id\":\"https:\\\/\\\/www.oracaoefe.com\\\/#website\",\"url\":\"https:\\\/\\\/www.oracaoefe.com\\\/\",\"name\":\"Ora\u00e7\u00e3o e F\u00e9\",\"description\":\"\",\"potentialAction\":[{\"@type\":\"SearchAction\",\"target\":{\"@type\":\"EntryPoint\",\"urlTemplate\":\"https:\\\/\\\/www.oracaoefe.com\\\/?s={search_term_string}\"},\"query-input\":{\"@type\":\"PropertyValueSpecification\",\"valueRequired\":true,\"valueName\":\"search_term_string\"}}],\"inLanguage\":\"fr-FR\"},{\"@type\":\"Person\",\"@id\":\"https:\\\/\\\/www.oracaoefe.com\\\/#\\\/schema\\\/person\\\/17283c669442cf005c4d5bb58adfb7f5\",\"name\":\"Michele Azevedo\",\"image\":{\"@type\":\"ImageObject\",\"inLanguage\":\"fr-FR\",\"@id\":\"https:\\\/\\\/secure.gravatar.com\\\/avatar\\\/6b0eb9d22841282815e2cd856a0061c45e1761cd54b22e952d98c4746939aa85?s=96&d=mm&r=g\",\"url\":\"https:\\\/\\\/secure.gravatar.com\\\/avatar\\\/6b0eb9d22841282815e2cd856a0061c45e1761cd54b22e952d98c4746939aa85?s=96&d=mm&r=g\",\"contentUrl\":\"https:\\\/\\\/secure.gravatar.com\\\/avatar\\\/6b0eb9d22841282815e2cd856a0061c45e1761cd54b22e952d98c4746939aa85?s=96&d=mm&r=g\",\"caption\":\"Michele Azevedo\"},\"description\":\"Formada em Letras - Portugu\u00eas\\\/ Ingl\u00eas pela Universidade Estadual de Ponta Grossa (UEPG), p\u00f3s-graduada em Arte na Educa\u00e7\u00e3o (FAPI) e Psicopedagogia Escolar (FAPI), idealizadora e propriet\u00e1ria do site Escritora de Sucesso, possui experi\u00eancia em escrita para blogs em geral e atua como redatora e revisora dos conte\u00fados do Ora\u00e7\u00e3o e F\u00e9.\",\"url\":\"https:\\\/\\\/www.oracaoefe.com\\\/fr\\\/author\\\/michele-azevedo\\\/\"}]}<\/script>\n<!-- \/ Yoast SEO plugin. -->","yoast_head_json":{"title":"Por que os crist\u00e3os n\u00e3o guardam o s\u00e1bado? Entenda - Ora\u00e7\u00e3o e F\u00e9","description":"Dieu a une parole de vie pour vous !","robots":{"index":"index","follow":"follow","max-snippet":"max-snippet:-1","max-image-preview":"max-image-preview:large","max-video-preview":"max-video-preview:-1"},"canonical":"https:\/\/www.oracaoefe.com\/fr\/por-que-os-cristaos-nao-guardam-o-sabado-entenda\/","og_locale":"fr_FR","og_type":"article","og_title":"Por que os crist\u00e3os n\u00e3o guardam o s\u00e1bado? Entenda - Ora\u00e7\u00e3o e F\u00e9","og_description":"Deus tem pra voc\u00ea uma palavra de vida!","og_url":"https:\/\/www.oracaoefe.com\/fr\/por-que-os-cristaos-nao-guardam-o-sabado-entenda\/","og_site_name":"Ora\u00e7\u00e3o e F\u00e9","article_published_time":"2023-10-17T04:01:00+00:00","og_image":[{"width":1280,"height":853,"url":"https:\/\/www.oracaoefe.com\/wp-content\/uploads\/2023\/10\/image-4.png","type":"image\/png"}],"author":"Michele Azevedo","twitter_card":"summary_large_image","twitter_misc":{"\u00c9crit par":"Michele Azevedo","Dur\u00e9e de lecture estim\u00e9e":"5 minutes"},"schema":{"@context":"https:\/\/schema.org","@graph":[{"@type":"Article","@id":"https:\/\/www.oracaoefe.com\/por-que-os-cristaos-nao-guardam-o-sabado-entenda\/#article","isPartOf":{"@id":"https:\/\/www.oracaoefe.com\/por-que-os-cristaos-nao-guardam-o-sabado-entenda\/"},"author":{"name":"Michele Azevedo","@id":"https:\/\/www.oracaoefe.com\/#\/schema\/person\/17283c669442cf005c4d5bb58adfb7f5"},"headline":"Por que os crist\u00e3os n\u00e3o guardam o s\u00e1bado? Entenda","datePublished":"2023-10-17T04:01:00+00:00","mainEntityOfPage":{"@id":"https:\/\/www.oracaoefe.com\/por-que-os-cristaos-nao-guardam-o-sabado-entenda\/"},"wordCount":1039,"image":{"@id":"https:\/\/www.oracaoefe.com\/por-que-os-cristaos-nao-guardam-o-sabado-entenda\/#primaryimage"},"thumbnailUrl":"https:\/\/www.oracaoefe.com\/wp-content\/uploads\/2023\/10\/image-4.png","articleSection":["Fique por Dentro"],"inLanguage":"fr-FR"},{"@type":"WebPage","@id":"https:\/\/www.oracaoefe.com\/por-que-os-cristaos-nao-guardam-o-sabado-entenda\/","url":"https:\/\/www.oracaoefe.com\/por-que-os-cristaos-nao-guardam-o-sabado-entenda\/","name":"Por que os crist\u00e3os n\u00e3o guardam o s\u00e1bado? Entenda - Ora\u00e7\u00e3o e F\u00e9","isPartOf":{"@id":"https:\/\/www.oracaoefe.com\/#website"},"primaryImageOfPage":{"@id":"https:\/\/www.oracaoefe.com\/por-que-os-cristaos-nao-guardam-o-sabado-entenda\/#primaryimage"},"image":{"@id":"https:\/\/www.oracaoefe.com\/por-que-os-cristaos-nao-guardam-o-sabado-entenda\/#primaryimage"},"thumbnailUrl":"https:\/\/www.oracaoefe.com\/wp-content\/uploads\/2023\/10\/image-4.png","datePublished":"2023-10-17T04:01:00+00:00","author":{"@id":"https:\/\/www.oracaoefe.com\/#\/schema\/person\/17283c669442cf005c4d5bb58adfb7f5"},"description":"Dieu a une parole de vie pour vous !","breadcrumb":{"@id":"https:\/\/www.oracaoefe.com\/por-que-os-cristaos-nao-guardam-o-sabado-entenda\/#breadcrumb"},"inLanguage":"fr-FR","potentialAction":[{"@type":"ReadAction","target":["https:\/\/www.oracaoefe.com\/por-que-os-cristaos-nao-guardam-o-sabado-entenda\/"]}]},{"@type":"ImageObject","inLanguage":"fr-FR","@id":"https:\/\/www.oracaoefe.com\/por-que-os-cristaos-nao-guardam-o-sabado-entenda\/#primaryimage","url":"https:\/\/www.oracaoefe.com\/wp-content\/uploads\/2023\/10\/image-4.png","contentUrl":"https:\/\/www.oracaoefe.com\/wp-content\/uploads\/2023\/10\/image-4.png","width":1280,"height":853},{"@type":"BreadcrumbList","@id":"https:\/\/www.oracaoefe.com\/por-que-os-cristaos-nao-guardam-o-sabado-entenda\/#breadcrumb","itemListElement":[{"@type":"ListItem","position":1,"name":"Home","item":"https:\/\/www.oracaoefe.com\/"},{"@type":"ListItem","position":2,"name":"Fique por Dentro","item":"https:\/\/www.oracaoefe.com\/category\/fique-por-dentro\/"},{"@type":"ListItem","position":3,"name":"Por que os crist\u00e3os n\u00e3o guardam o s\u00e1bado? Entenda"}]},{"@type":"WebSite","@id":"https:\/\/www.oracaoefe.com\/#website","url":"https:\/\/www.oracaoefe.com\/","name":"Pri\u00e8re et foi","description":"","potentialAction":[{"@type":"SearchAction","target":{"@type":"EntryPoint","urlTemplate":"https:\/\/www.oracaoefe.com\/?s={search_term_string}"},"query-input":{"@type":"PropertyValueSpecification","valueRequired":true,"valueName":"search_term_string"}}],"inLanguage":"fr-FR"},{"@type":"Person","@id":"https:\/\/www.oracaoefe.com\/#\/schema\/person\/17283c669442cf005c4d5bb58adfb7f5","name":"Michele Azevedo","image":{"@type":"ImageObject","inLanguage":"fr-FR","@id":"https:\/\/secure.gravatar.com\/avatar\/6b0eb9d22841282815e2cd856a0061c45e1761cd54b22e952d98c4746939aa85?s=96&d=mm&r=g","url":"https:\/\/secure.gravatar.com\/avatar\/6b0eb9d22841282815e2cd856a0061c45e1761cd54b22e952d98c4746939aa85?s=96&d=mm&r=g","contentUrl":"https:\/\/secure.gravatar.com\/avatar\/6b0eb9d22841282815e2cd856a0061c45e1761cd54b22e952d98c4746939aa85?s=96&d=mm&r=g","caption":"Michele Azevedo"},"description":"Dipl\u00f4m\u00e9e en litt\u00e9rature portugaise\/anglaise de l&#039;Universit\u00e9 d&#039;\u00c9tat de Ponta Grossa (UEPG), avec des dipl\u00f4mes de troisi\u00e8me cycle en art dans l&#039;\u00e9ducation (FAPI) et en psychop\u00e9dagogie scolaire (FAPI), elle est la cr\u00e9atrice et propri\u00e9taire du site web Escritora de Sucesso, a de l&#039;exp\u00e9rience dans l&#039;\u00e9criture pour les blogs en g\u00e9n\u00e9ral et travaille comme r\u00e9dactrice et \u00e9ditrice du contenu pour Ora\u00e7\u00e3o e F\u00e9.","url":"https:\/\/www.oracaoefe.com\/fr\/author\/michele-azevedo\/"}]}},"_links":{"self":[{"href":"https:\/\/www.oracaoefe.com\/fr\/wp-json\/wp\/v2\/posts\/2439","targetHints":{"allow":["GET"]}}],"collection":[{"href":"https:\/\/www.oracaoefe.com\/fr\/wp-json\/wp\/v2\/posts"}],"about":[{"href":"https:\/\/www.oracaoefe.com\/fr\/wp-json\/wp\/v2\/types\/post"}],"author":[{"embeddable":true,"href":"https:\/\/www.oracaoefe.com\/fr\/wp-json\/wp\/v2\/users\/3"}],"replies":[{"embeddable":true,"href":"https:\/\/www.oracaoefe.com\/fr\/wp-json\/wp\/v2\/comments?post=2439"}],"version-history":[{"count":1,"href":"https:\/\/www.oracaoefe.com\/fr\/wp-json\/wp\/v2\/posts\/2439\/revisions"}],"predecessor-version":[{"id":2441,"href":"https:\/\/www.oracaoefe.com\/fr\/wp-json\/wp\/v2\/posts\/2439\/revisions\/2441"}],"wp:featuredmedia":[{"embeddable":true,"href":"https:\/\/www.oracaoefe.com\/fr\/wp-json\/wp\/v2\/media\/2440"}],"wp:attachment":[{"href":"https:\/\/www.oracaoefe.com\/fr\/wp-json\/wp\/v2\/media?parent=2439"}],"wp:term":[{"taxonomy":"category","embeddable":true,"href":"https:\/\/www.oracaoefe.com\/fr\/wp-json\/wp\/v2\/categories?post=2439"},{"taxonomy":"post_tag","embeddable":true,"href":"https:\/\/www.oracaoefe.com\/fr\/wp-json\/wp\/v2\/tags?post=2439"}],"curies":[{"name":"wp","href":"https:\/\/api.w.org\/{rel}","templated":true}]}}