{"id":2436,"date":"2023-10-15T01:01:00","date_gmt":"2023-10-15T04:01:00","guid":{"rendered":"https:\/\/www.oracaoefe.com\/?p=2436"},"modified":"2025-06-15T15:17:27","modified_gmt":"2025-06-15T18:17:27","slug":"palavra-de-vida-de-hoje-como-seguir-em-frente-apos-o-luto","status":"publish","type":"post","link":"https:\/\/www.oracaoefe.com\/fr\/palavra-de-vida-de-hoje-como-seguir-em-frente-apos-o-luto\/","title":{"rendered":"Palavra de vida de hoje: Como seguir em frente ap\u00f3s o luto"},"content":{"rendered":"<p class=\"wp-block-paragraph\">O luto \u00e9 uma jornada dolorosa e inevit\u00e1vel da vida. Todos n\u00f3s, em algum momento, teremos que enfrentar a perda de algu\u00e9m que amamos profundamente. Pode ser a perda de um ente querido, um amigo pr\u00f3ximo, um animal de estima\u00e7\u00e3o ou at\u00e9 mesmo a perda de um emprego. Essas perdas podem nos deixar sentindo-nos perdidos, confusos e com o cora\u00e7\u00e3o partido. No entanto, mesmo no meio da dor, h\u00e1 uma palavra de vida que pode nos guiar e nos ajudar a seguir em frente.<\/p>\n\n\n\n<h2 class=\"wp-block-heading\">Compreendendo o Luto: Uma Jornada de Dor<\/h2>\n\n\n\n<p class=\"wp-block-paragraph\">O luto \u00e9 uma rea\u00e7\u00e3o natural \u00e0 perda. \u00c9 uma jornada de dor e tristeza que pode variar em intensidade e dura\u00e7\u00e3o, dependendo da pessoa e das circunst\u00e2ncias da perda. Muitas vezes, o luto \u00e9 acompanhado por uma s\u00e9rie de emo\u00e7\u00f5es intensas, como tristeza, raiva, nega\u00e7\u00e3o, culpa e at\u00e9 mesmo al\u00edvio. Cada indiv\u00edduo enfrenta o luto de maneira \u00fanica, o que torna essa jornada ainda mais desafiadora.<\/p>\n\n\n\n<figure class=\"wp-block-image size-large\"><img loading=\"lazy\" decoding=\"async\" width=\"1024\" height=\"769\" src=\"https:\/\/www.oracaoefe.com\/wp-content\/uploads\/2023\/10\/image-3-1024x769.png\" alt=\"\" class=\"wp-image-2437\" srcset=\"https:\/\/www.oracaoefe.com\/wp-content\/uploads\/2023\/10\/image-3-1024x769.png 1024w, https:\/\/www.oracaoefe.com\/wp-content\/uploads\/2023\/10\/image-3-300x225.png 300w, https:\/\/www.oracaoefe.com\/wp-content\/uploads\/2023\/10\/image-3-768x577.png 768w, https:\/\/www.oracaoefe.com\/wp-content\/uploads\/2023\/10\/image-3-16x12.png 16w, https:\/\/www.oracaoefe.com\/wp-content\/uploads\/2023\/10\/image-3.png 1280w\" sizes=\"auto, (max-width: 1024px) 100vw, 1024px\" \/><\/figure>\n\n\n\n<p class=\"wp-block-paragraph\">No entanto, \u00e9 importante entender que o luto n\u00e3o \u00e9 um processo linear. N\u00e3o seguimos etapas predefinidas, e n\u00e3o h\u00e1 um prazo espec\u00edfico para quando devemos superar a dor. O luto \u00e9 uma experi\u00eancia altamente pessoal e imprevis\u00edvel. Mas, mesmo no meio da escurid\u00e3o, h\u00e1 uma palavra de vida que podemos agarrar.<\/p>\n\n\n\n<h2 class=\"wp-block-heading\">A Palavra de Vida: Resili\u00eancia<\/h2>\n\n\n\n<p class=\"wp-block-paragraph\">A palavra de vida que pode nos ajudar a seguir em frente ap\u00f3s o luto \u00e9 &#8220;resili\u00eancia&#8221;. A resili\u00eancia \u00e9 a capacidade de se adaptar e se recuperar ap\u00f3s uma experi\u00eancia traum\u00e1tica ou adversa. \u00c9 a for\u00e7a interior que nos permite enfrentar a dor, a tristeza e o sofrimento e, eventualmente, encontrar um caminho em dire\u00e7\u00e3o \u00e0 cura.<\/p>\n\n\n\n<p class=\"wp-block-paragraph\">A resili\u00eancia n\u00e3o significa que voc\u00ea esquecer\u00e1 a pessoa que perdeu ou o que aconteceu. Pelo contr\u00e1rio, ela implica em encontrar uma maneira de continuar a viver com a dor, aceitando a realidade da perda e encontrando significado nessa experi\u00eancia.<\/p>\n\n\n\n<h2 class=\"wp-block-heading\">Aceitando a Realidade da Perda<\/h2>\n\n\n\n<p class=\"wp-block-paragraph\">Aceitar a realidade da perda \u00e9 o primeiro passo fundamental para seguir em frente ap\u00f3s o luto. Pode ser incrivelmente dif\u00edcil enfrentar a verdade de que a pessoa que voc\u00ea amava n\u00e3o est\u00e1 mais presente em sua vida. No entanto, a aceita\u00e7\u00e3o \u00e9 essencial para iniciar o processo de cura.<\/p>\n\n\n\n<p class=\"wp-block-paragraph\">A aceita\u00e7\u00e3o n\u00e3o significa que voc\u00ea deva esquecer a pessoa ou o que aconteceu. Significa reconhecer a realidade da perda e permitir-se sentir a tristeza e a dor que a acompanha. \u00c9 normal sentir-se desorientado e confuso, mas a aceita\u00e7\u00e3o \u00e9 o primeiro passo para encontrar a resili\u00eancia.<\/p>\n\n\n\n<h2 class=\"wp-block-heading\">Encontrando Significado na Perda<\/h2>\n\n\n\n<p class=\"wp-block-paragraph\">Encontrar significado na perda \u00e9 outro aspecto crucial da resili\u00eancia. Isso n\u00e3o significa que a perda tenha um prop\u00f3sito, mas sim que voc\u00ea pode encontrar um prop\u00f3sito na maneira como lida com a perda e na maneira como escolhe honrar a mem\u00f3ria da pessoa que se foi.<\/p>\n\n\n\n<p class=\"wp-block-paragraph\">Uma maneira de encontrar significado na perda \u00e9 lembrar os bons momentos que voc\u00ea compartilhou com a pessoa. Pode ser \u00fatil criar um memorial ou um espa\u00e7o especial em sua casa para honrar a mem\u00f3ria dela. Voc\u00ea tamb\u00e9m pode encontrar significado na perda ao apoiar ou ajudar outras pessoas que est\u00e3o passando por experi\u00eancias semelhantes.<\/p>\n\n\n\n<h3 class=\"wp-block-heading\">Cuidando de Si Mesmo<\/h3>\n\n\n\n<p class=\"wp-block-paragraph\">A resili\u00eancia ap\u00f3s o luto tamb\u00e9m envolve o cuidado consigo mesmo. A dor da perda pode ser esmagadora, e \u00e9 importante cuidar de sua sa\u00fade f\u00edsica e emocional. Isso inclui alimenta\u00e7\u00e3o saud\u00e1vel, exerc\u00edcio regular e a busca de apoio emocional quando necess\u00e1rio.<\/p>\n\n\n\n<p class=\"wp-block-paragraph\">Encontrar maneiras de expressar suas emo\u00e7\u00f5es, como falar com um terapeuta, escrever em um di\u00e1rio ou conversar com amigos pr\u00f3ximos, pode ser extremamente \u00fatil. N\u00e3o tenha medo de pedir ajuda quando precisar, pois \u00e9 um sinal de for\u00e7a, n\u00e3o de fraqueza.<\/p>\n\n\n\n<h3 class=\"wp-block-heading\">Mantendo Lembran\u00e7as Vivas<\/h3>\n\n\n\n<p class=\"wp-block-paragraph\">\u00c0 medida que voc\u00ea trabalha para seguir em frente ap\u00f3s o luto, \u00e9 importante manter as lembran\u00e7as vivas. Muitas vezes, as pessoas t\u00eam medo de esquecer a pessoa que perderam, mas manter as lem\u00f3rias vivas \u00e9 uma maneira de honrar seu legado.<\/p>\n\n\n\n<p class=\"wp-block-paragraph\">Voc\u00ea pode criar \u00e1lbuns de fotos, escrever hist\u00f3rias ou fazer um scrapbook para manter as mem\u00f3rias vivas. Tamb\u00e9m \u00e9 uma boa ideia falar sobre a pessoa com amigos e familiares, compartilhando hist\u00f3rias e lembran\u00e7as. Isso ajuda a manter viva a conex\u00e3o que voc\u00ea tinha com ela.<\/p>\n\n\n\n<h3 class=\"wp-block-heading\">Buscando Apoio<\/h3>\n\n\n\n<p class=\"wp-block-paragraph\">Enfrentar o luto \u00e9 uma jornada solit\u00e1ria, mas n\u00e3o significa que voc\u00ea tenha que passar por ela sozinho. Buscar apoio \u00e9 uma parte essencial do processo de resili\u00eancia.<\/p>\n\n\n\n<p class=\"wp-block-paragraph\">Amigos e familiares podem ser fontes importantes de apoio emocional, mas \u00e0s vezes \u00e9 \u00fatil procurar um terapeuta ou um grupo de apoio. Conversar com outras pessoas que passaram por experi\u00eancias semelhantes pode ser reconfortante e encorajador.<\/p>\n\n\n\n<h3 class=\"wp-block-heading\">Aceitando Altos e Baixos<\/h3>\n\n\n\n<p class=\"wp-block-paragraph\">A resili\u00eancia ap\u00f3s o luto n\u00e3o significa que voc\u00ea nunca mais sentir\u00e1 dor ou tristeza. Haver\u00e1 altos e baixos em sua jornada de cura, e isso \u00e9 perfeitamente normal. \u00c0s vezes, a dor pode surgir inesperadamente, mesmo anos ap\u00f3s a perda.<\/p>\n\n\n\n<p class=\"wp-block-paragraph\">\u00c9 importante lembrar que a resili\u00eancia n\u00e3o significa que voc\u00ea nunca sentir\u00e1 dor novamente, mas sim que voc\u00ea tem a for\u00e7a interior para enfrent\u00e1-la e continuar seguindo em frente, apesar dela.<\/p>\n\n\n\n<h3 class=\"wp-block-heading\">Olhando para o Futuro<\/h3>\n\n\n\n<p class=\"wp-block-paragraph\">\u00c0 medida que voc\u00ea trabalha para seguir em frente ap\u00f3s o luto, \u00e9 importante olhar para o futuro. Isso n\u00e3o significa esquecer o passado ou a pessoa que voc\u00ea perdeu, mas sim encontrar maneiras de viver uma vida significativa, apesar da dor.<\/p>\n\n\n\n<p class=\"wp-block-paragraph\">Defina metas para o futuro, explore novas paix\u00f5es e busque oportunidades de crescimento pessoal. Lembre-se de que a resili\u00eancia n\u00e3o significa que voc\u00ea est\u00e1 deixando para tr\u00e1s a pessoa que se foi, mas sim que est\u00e1 honrando sua mem\u00f3ria vivendo uma vida plena.<\/p>\n\n\n\n<p class=\"wp-block-paragraph\">Aceitar a realidade da perda, encontrar significado nela, cuidar de si mesmo, manter as lembran\u00e7as vivas, buscar apoio e aceitar os altos e baixos s\u00e3o todos passos essenciais para desenvolver a resili\u00eancia. Ao olhar para o futuro, voc\u00ea pode encontrar maneiras de viver uma vida significativa e honrar a mem\u00f3ria da pessoa que voc\u00ea perdeu.<\/p>\n\n\n\n<p class=\"wp-block-paragraph\"><strong>Voir aussi\u00a0: <a href=\"https:\/\/www.oracaoefe.com\/fr\/oracao-poderosa-para-tudo-dar-certo-urgente\/\">Ora\u00e7\u00e3o poderosa para tudo dar certo urgente<\/a><\/strong><\/p>\n\n\n\n<p class=\"wp-block-paragraph\">15 de outubro de 2023<\/p>","protected":false},"excerpt":{"rendered":"<p>O luto \u00e9 uma jornada dolorosa e inevit\u00e1vel da vida. Todos n\u00f3s, em algum momento, teremos que enfrentar a perda de algu\u00e9m que amamos profundamente. Pode ser a perda de um ente querido, um amigo pr\u00f3ximo, um animal de estima\u00e7\u00e3o ou at\u00e9 mesmo a perda de um emprego. Essas perdas podem nos deixar sentindo-nos perdidos,&hellip;&nbsp;<\/p>","protected":false},"author":3,"featured_media":2437,"comment_status":"closed","ping_status":"closed","sticky":false,"template":"","format":"standard","meta":{"neve_meta_sidebar":"","neve_meta_container":"","neve_meta_enable_content_width":"","neve_meta_content_width":0,"neve_meta_title_alignment":"","neve_meta_author_avatar":"","neve_post_elements_order":"","neve_meta_disable_header":"","neve_meta_disable_footer":"","neve_meta_disable_title":"","footnotes":""},"categories":[3],"tags":[],"class_list":["post-2436","post","type-post","status-publish","format-standard","has-post-thumbnail","hentry","category-fe"],"yoast_head":"<!-- This site is optimized with the Yoast SEO plugin v28.4 - https:\/\/yoast.com\/product\/yoast-seo-wordpress\/ -->\n<title>Palavra de vida de hoje: Como seguir em frente ap\u00f3s o luto - Ora\u00e7\u00e3o e F\u00e9<\/title>\n<meta name=\"description\" content=\"Deus tem pra voc\u00ea uma palavra de vida!\" \/>\n<meta name=\"robots\" content=\"index, follow, max-snippet:-1, max-image-preview:large, max-video-preview:-1\" \/>\n<link rel=\"canonical\" href=\"https:\/\/www.oracaoefe.com\/fr\/palavra-de-vida-de-hoje-como-seguir-em-frente-apos-o-luto\/\" \/>\n<meta property=\"og:locale\" content=\"fr_FR\" \/>\n<meta property=\"og:type\" content=\"article\" \/>\n<meta property=\"og:title\" content=\"Palavra de vida de hoje: Como seguir em frente ap\u00f3s o luto - Ora\u00e7\u00e3o e F\u00e9\" \/>\n<meta property=\"og:description\" content=\"Deus tem pra voc\u00ea uma palavra de vida!\" \/>\n<meta property=\"og:url\" content=\"https:\/\/www.oracaoefe.com\/fr\/palavra-de-vida-de-hoje-como-seguir-em-frente-apos-o-luto\/\" \/>\n<meta property=\"og:site_name\" content=\"Ora\u00e7\u00e3o e F\u00e9\" \/>\n<meta property=\"article:published_time\" content=\"2023-10-15T04:01:00+00:00\" \/>\n<meta property=\"article:modified_time\" content=\"2025-06-15T18:17:27+00:00\" \/>\n<meta property=\"og:image\" content=\"https:\/\/www.oracaoefe.com\/wp-content\/uploads\/2023\/10\/image-3.png\" \/>\n\t<meta property=\"og:image:width\" content=\"1280\" \/>\n\t<meta property=\"og:image:height\" content=\"961\" \/>\n\t<meta property=\"og:image:type\" content=\"image\/png\" \/>\n<meta name=\"author\" content=\"Michele Azevedo\" \/>\n<meta name=\"twitter:card\" content=\"summary_large_image\" \/>\n<meta name=\"twitter:label1\" content=\"\u00c9crit par\" \/>\n\t<meta name=\"twitter:data1\" content=\"Michele Azevedo\" \/>\n\t<meta name=\"twitter:label2\" content=\"Dur\u00e9e de lecture estim\u00e9e\" \/>\n\t<meta name=\"twitter:data2\" content=\"5 minutes\" \/>\n<script type=\"application\/ld+json\" class=\"yoast-schema-graph\">{\"@context\":\"https:\\\/\\\/schema.org\",\"@graph\":[{\"@type\":\"Article\",\"@id\":\"https:\\\/\\\/www.oracaoefe.com\\\/palavra-de-vida-de-hoje-como-seguir-em-frente-apos-o-luto\\\/#article\",\"isPartOf\":{\"@id\":\"https:\\\/\\\/www.oracaoefe.com\\\/palavra-de-vida-de-hoje-como-seguir-em-frente-apos-o-luto\\\/\"},\"author\":{\"name\":\"Michele Azevedo\",\"@id\":\"https:\\\/\\\/www.oracaoefe.com\\\/#\\\/schema\\\/person\\\/17283c669442cf005c4d5bb58adfb7f5\"},\"headline\":\"Palavra de vida de hoje: Como seguir em frente ap\u00f3s o luto\",\"datePublished\":\"2023-10-15T04:01:00+00:00\",\"dateModified\":\"2025-06-15T18:17:27+00:00\",\"mainEntityOfPage\":{\"@id\":\"https:\\\/\\\/www.oracaoefe.com\\\/palavra-de-vida-de-hoje-como-seguir-em-frente-apos-o-luto\\\/\"},\"wordCount\":1084,\"image\":{\"@id\":\"https:\\\/\\\/www.oracaoefe.com\\\/palavra-de-vida-de-hoje-como-seguir-em-frente-apos-o-luto\\\/#primaryimage\"},\"thumbnailUrl\":\"https:\\\/\\\/www.oracaoefe.com\\\/wp-content\\\/uploads\\\/2023\\\/10\\\/image-3.png\",\"articleSection\":[\"F\u00e9\"],\"inLanguage\":\"fr-FR\"},{\"@type\":\"WebPage\",\"@id\":\"https:\\\/\\\/www.oracaoefe.com\\\/palavra-de-vida-de-hoje-como-seguir-em-frente-apos-o-luto\\\/\",\"url\":\"https:\\\/\\\/www.oracaoefe.com\\\/palavra-de-vida-de-hoje-como-seguir-em-frente-apos-o-luto\\\/\",\"name\":\"Palavra de vida de hoje: Como seguir em frente ap\u00f3s o luto - Ora\u00e7\u00e3o e F\u00e9\",\"isPartOf\":{\"@id\":\"https:\\\/\\\/www.oracaoefe.com\\\/#website\"},\"primaryImageOfPage\":{\"@id\":\"https:\\\/\\\/www.oracaoefe.com\\\/palavra-de-vida-de-hoje-como-seguir-em-frente-apos-o-luto\\\/#primaryimage\"},\"image\":{\"@id\":\"https:\\\/\\\/www.oracaoefe.com\\\/palavra-de-vida-de-hoje-como-seguir-em-frente-apos-o-luto\\\/#primaryimage\"},\"thumbnailUrl\":\"https:\\\/\\\/www.oracaoefe.com\\\/wp-content\\\/uploads\\\/2023\\\/10\\\/image-3.png\",\"datePublished\":\"2023-10-15T04:01:00+00:00\",\"dateModified\":\"2025-06-15T18:17:27+00:00\",\"author\":{\"@id\":\"https:\\\/\\\/www.oracaoefe.com\\\/#\\\/schema\\\/person\\\/17283c669442cf005c4d5bb58adfb7f5\"},\"description\":\"Deus tem pra voc\u00ea uma palavra de vida!\",\"breadcrumb\":{\"@id\":\"https:\\\/\\\/www.oracaoefe.com\\\/palavra-de-vida-de-hoje-como-seguir-em-frente-apos-o-luto\\\/#breadcrumb\"},\"inLanguage\":\"fr-FR\",\"potentialAction\":[{\"@type\":\"ReadAction\",\"target\":[\"https:\\\/\\\/www.oracaoefe.com\\\/palavra-de-vida-de-hoje-como-seguir-em-frente-apos-o-luto\\\/\"]}]},{\"@type\":\"ImageObject\",\"inLanguage\":\"fr-FR\",\"@id\":\"https:\\\/\\\/www.oracaoefe.com\\\/palavra-de-vida-de-hoje-como-seguir-em-frente-apos-o-luto\\\/#primaryimage\",\"url\":\"https:\\\/\\\/www.oracaoefe.com\\\/wp-content\\\/uploads\\\/2023\\\/10\\\/image-3.png\",\"contentUrl\":\"https:\\\/\\\/www.oracaoefe.com\\\/wp-content\\\/uploads\\\/2023\\\/10\\\/image-3.png\",\"width\":1280,\"height\":961},{\"@type\":\"BreadcrumbList\",\"@id\":\"https:\\\/\\\/www.oracaoefe.com\\\/palavra-de-vida-de-hoje-como-seguir-em-frente-apos-o-luto\\\/#breadcrumb\",\"itemListElement\":[{\"@type\":\"ListItem\",\"position\":1,\"name\":\"Home\",\"item\":\"https:\\\/\\\/www.oracaoefe.com\\\/\"},{\"@type\":\"ListItem\",\"position\":2,\"name\":\"Palavra de vida de hoje: Como seguir em frente ap\u00f3s o luto\"}]},{\"@type\":\"WebSite\",\"@id\":\"https:\\\/\\\/www.oracaoefe.com\\\/#website\",\"url\":\"https:\\\/\\\/www.oracaoefe.com\\\/\",\"name\":\"Ora\u00e7\u00e3o e F\u00e9\",\"description\":\"\",\"potentialAction\":[{\"@type\":\"SearchAction\",\"target\":{\"@type\":\"EntryPoint\",\"urlTemplate\":\"https:\\\/\\\/www.oracaoefe.com\\\/?s={search_term_string}\"},\"query-input\":{\"@type\":\"PropertyValueSpecification\",\"valueRequired\":true,\"valueName\":\"search_term_string\"}}],\"inLanguage\":\"fr-FR\"},{\"@type\":\"Person\",\"@id\":\"https:\\\/\\\/www.oracaoefe.com\\\/#\\\/schema\\\/person\\\/17283c669442cf005c4d5bb58adfb7f5\",\"name\":\"Michele Azevedo\",\"image\":{\"@type\":\"ImageObject\",\"inLanguage\":\"fr-FR\",\"@id\":\"https:\\\/\\\/secure.gravatar.com\\\/avatar\\\/6b0eb9d22841282815e2cd856a0061c45e1761cd54b22e952d98c4746939aa85?s=96&d=mm&r=g\",\"url\":\"https:\\\/\\\/secure.gravatar.com\\\/avatar\\\/6b0eb9d22841282815e2cd856a0061c45e1761cd54b22e952d98c4746939aa85?s=96&d=mm&r=g\",\"contentUrl\":\"https:\\\/\\\/secure.gravatar.com\\\/avatar\\\/6b0eb9d22841282815e2cd856a0061c45e1761cd54b22e952d98c4746939aa85?s=96&d=mm&r=g\",\"caption\":\"Michele Azevedo\"},\"description\":\"Formada em Letras - Portugu\u00eas\\\/ Ingl\u00eas pela Universidade Estadual de Ponta Grossa (UEPG), p\u00f3s-graduada em Arte na Educa\u00e7\u00e3o (FAPI) e Psicopedagogia Escolar (FAPI), idealizadora e propriet\u00e1ria do site Escritora de Sucesso, possui experi\u00eancia em escrita para blogs em geral e atua como redatora e revisora dos conte\u00fados do Ora\u00e7\u00e3o e F\u00e9.\",\"url\":\"https:\\\/\\\/www.oracaoefe.com\\\/fr\\\/author\\\/michele-azevedo\\\/\"}]}<\/script>\n<!-- \/ Yoast SEO plugin. -->","yoast_head_json":{"title":"Palavra de vida de hoje: Como seguir em frente ap\u00f3s o luto - Ora\u00e7\u00e3o e F\u00e9","description":"Dieu a une parole de vie pour vous !","robots":{"index":"index","follow":"follow","max-snippet":"max-snippet:-1","max-image-preview":"max-image-preview:large","max-video-preview":"max-video-preview:-1"},"canonical":"https:\/\/www.oracaoefe.com\/fr\/palavra-de-vida-de-hoje-como-seguir-em-frente-apos-o-luto\/","og_locale":"fr_FR","og_type":"article","og_title":"Palavra de vida de hoje: Como seguir em frente ap\u00f3s o luto - Ora\u00e7\u00e3o e F\u00e9","og_description":"Deus tem pra voc\u00ea uma palavra de vida!","og_url":"https:\/\/www.oracaoefe.com\/fr\/palavra-de-vida-de-hoje-como-seguir-em-frente-apos-o-luto\/","og_site_name":"Ora\u00e7\u00e3o e F\u00e9","article_published_time":"2023-10-15T04:01:00+00:00","article_modified_time":"2025-06-15T18:17:27+00:00","og_image":[{"width":1280,"height":961,"url":"https:\/\/www.oracaoefe.com\/wp-content\/uploads\/2023\/10\/image-3.png","type":"image\/png"}],"author":"Michele Azevedo","twitter_card":"summary_large_image","twitter_misc":{"\u00c9crit par":"Michele Azevedo","Dur\u00e9e de lecture estim\u00e9e":"5 minutes"},"schema":{"@context":"https:\/\/schema.org","@graph":[{"@type":"Article","@id":"https:\/\/www.oracaoefe.com\/palavra-de-vida-de-hoje-como-seguir-em-frente-apos-o-luto\/#article","isPartOf":{"@id":"https:\/\/www.oracaoefe.com\/palavra-de-vida-de-hoje-como-seguir-em-frente-apos-o-luto\/"},"author":{"name":"Michele Azevedo","@id":"https:\/\/www.oracaoefe.com\/#\/schema\/person\/17283c669442cf005c4d5bb58adfb7f5"},"headline":"Palavra de vida de hoje: Como seguir em frente ap\u00f3s o luto","datePublished":"2023-10-15T04:01:00+00:00","dateModified":"2025-06-15T18:17:27+00:00","mainEntityOfPage":{"@id":"https:\/\/www.oracaoefe.com\/palavra-de-vida-de-hoje-como-seguir-em-frente-apos-o-luto\/"},"wordCount":1084,"image":{"@id":"https:\/\/www.oracaoefe.com\/palavra-de-vida-de-hoje-como-seguir-em-frente-apos-o-luto\/#primaryimage"},"thumbnailUrl":"https:\/\/www.oracaoefe.com\/wp-content\/uploads\/2023\/10\/image-3.png","articleSection":["F\u00e9"],"inLanguage":"fr-FR"},{"@type":"WebPage","@id":"https:\/\/www.oracaoefe.com\/palavra-de-vida-de-hoje-como-seguir-em-frente-apos-o-luto\/","url":"https:\/\/www.oracaoefe.com\/palavra-de-vida-de-hoje-como-seguir-em-frente-apos-o-luto\/","name":"Palavra de vida de hoje: Como seguir em frente ap\u00f3s o luto - Ora\u00e7\u00e3o e F\u00e9","isPartOf":{"@id":"https:\/\/www.oracaoefe.com\/#website"},"primaryImageOfPage":{"@id":"https:\/\/www.oracaoefe.com\/palavra-de-vida-de-hoje-como-seguir-em-frente-apos-o-luto\/#primaryimage"},"image":{"@id":"https:\/\/www.oracaoefe.com\/palavra-de-vida-de-hoje-como-seguir-em-frente-apos-o-luto\/#primaryimage"},"thumbnailUrl":"https:\/\/www.oracaoefe.com\/wp-content\/uploads\/2023\/10\/image-3.png","datePublished":"2023-10-15T04:01:00+00:00","dateModified":"2025-06-15T18:17:27+00:00","author":{"@id":"https:\/\/www.oracaoefe.com\/#\/schema\/person\/17283c669442cf005c4d5bb58adfb7f5"},"description":"Dieu a une parole de vie pour vous !","breadcrumb":{"@id":"https:\/\/www.oracaoefe.com\/palavra-de-vida-de-hoje-como-seguir-em-frente-apos-o-luto\/#breadcrumb"},"inLanguage":"fr-FR","potentialAction":[{"@type":"ReadAction","target":["https:\/\/www.oracaoefe.com\/palavra-de-vida-de-hoje-como-seguir-em-frente-apos-o-luto\/"]}]},{"@type":"ImageObject","inLanguage":"fr-FR","@id":"https:\/\/www.oracaoefe.com\/palavra-de-vida-de-hoje-como-seguir-em-frente-apos-o-luto\/#primaryimage","url":"https:\/\/www.oracaoefe.com\/wp-content\/uploads\/2023\/10\/image-3.png","contentUrl":"https:\/\/www.oracaoefe.com\/wp-content\/uploads\/2023\/10\/image-3.png","width":1280,"height":961},{"@type":"BreadcrumbList","@id":"https:\/\/www.oracaoefe.com\/palavra-de-vida-de-hoje-como-seguir-em-frente-apos-o-luto\/#breadcrumb","itemListElement":[{"@type":"ListItem","position":1,"name":"Home","item":"https:\/\/www.oracaoefe.com\/"},{"@type":"ListItem","position":2,"name":"Palavra de vida de hoje: Como seguir em frente ap\u00f3s o luto"}]},{"@type":"WebSite","@id":"https:\/\/www.oracaoefe.com\/#website","url":"https:\/\/www.oracaoefe.com\/","name":"Pri\u00e8re et foi","description":"","potentialAction":[{"@type":"SearchAction","target":{"@type":"EntryPoint","urlTemplate":"https:\/\/www.oracaoefe.com\/?s={search_term_string}"},"query-input":{"@type":"PropertyValueSpecification","valueRequired":true,"valueName":"search_term_string"}}],"inLanguage":"fr-FR"},{"@type":"Person","@id":"https:\/\/www.oracaoefe.com\/#\/schema\/person\/17283c669442cf005c4d5bb58adfb7f5","name":"Michele Azevedo","image":{"@type":"ImageObject","inLanguage":"fr-FR","@id":"https:\/\/secure.gravatar.com\/avatar\/6b0eb9d22841282815e2cd856a0061c45e1761cd54b22e952d98c4746939aa85?s=96&d=mm&r=g","url":"https:\/\/secure.gravatar.com\/avatar\/6b0eb9d22841282815e2cd856a0061c45e1761cd54b22e952d98c4746939aa85?s=96&d=mm&r=g","contentUrl":"https:\/\/secure.gravatar.com\/avatar\/6b0eb9d22841282815e2cd856a0061c45e1761cd54b22e952d98c4746939aa85?s=96&d=mm&r=g","caption":"Michele Azevedo"},"description":"Dipl\u00f4m\u00e9e en litt\u00e9rature portugaise\/anglaise de l&#039;Universit\u00e9 d&#039;\u00c9tat de Ponta Grossa (UEPG), avec des dipl\u00f4mes de troisi\u00e8me cycle en art dans l&#039;\u00e9ducation (FAPI) et en psychop\u00e9dagogie scolaire (FAPI), elle est la cr\u00e9atrice et propri\u00e9taire du site web Escritora de Sucesso, a de l&#039;exp\u00e9rience dans l&#039;\u00e9criture pour les blogs en g\u00e9n\u00e9ral et travaille comme r\u00e9dactrice et \u00e9ditrice du contenu pour Ora\u00e7\u00e3o e F\u00e9.","url":"https:\/\/www.oracaoefe.com\/fr\/author\/michele-azevedo\/"}]}},"_links":{"self":[{"href":"https:\/\/www.oracaoefe.com\/fr\/wp-json\/wp\/v2\/posts\/2436","targetHints":{"allow":["GET"]}}],"collection":[{"href":"https:\/\/www.oracaoefe.com\/fr\/wp-json\/wp\/v2\/posts"}],"about":[{"href":"https:\/\/www.oracaoefe.com\/fr\/wp-json\/wp\/v2\/types\/post"}],"author":[{"embeddable":true,"href":"https:\/\/www.oracaoefe.com\/fr\/wp-json\/wp\/v2\/users\/3"}],"replies":[{"embeddable":true,"href":"https:\/\/www.oracaoefe.com\/fr\/wp-json\/wp\/v2\/comments?post=2436"}],"version-history":[{"count":1,"href":"https:\/\/www.oracaoefe.com\/fr\/wp-json\/wp\/v2\/posts\/2436\/revisions"}],"predecessor-version":[{"id":2438,"href":"https:\/\/www.oracaoefe.com\/fr\/wp-json\/wp\/v2\/posts\/2436\/revisions\/2438"}],"wp:featuredmedia":[{"embeddable":true,"href":"https:\/\/www.oracaoefe.com\/fr\/wp-json\/wp\/v2\/media\/2437"}],"wp:attachment":[{"href":"https:\/\/www.oracaoefe.com\/fr\/wp-json\/wp\/v2\/media?parent=2436"}],"wp:term":[{"taxonomy":"category","embeddable":true,"href":"https:\/\/www.oracaoefe.com\/fr\/wp-json\/wp\/v2\/categories?post=2436"},{"taxonomy":"post_tag","embeddable":true,"href":"https:\/\/www.oracaoefe.com\/fr\/wp-json\/wp\/v2\/tags?post=2436"}],"curies":[{"name":"wp","href":"https:\/\/api.w.org\/{rel}","templated":true}]}}