{"id":2429,"date":"2023-10-08T01:00:00","date_gmt":"2023-10-08T04:00:00","guid":{"rendered":"https:\/\/www.oracaoefe.com\/?p=2429"},"modified":"2025-06-15T15:17:27","modified_gmt":"2025-06-15T18:17:27","slug":"palavra-de-vida-o-proposito-de-deus-na-sua-vida-hoje","status":"publish","type":"post","link":"https:\/\/www.oracaoefe.com\/fr\/palavra-de-vida-o-proposito-de-deus-na-sua-vida-hoje\/","title":{"rendered":"Palavra de Vida: O Prop\u00f3sito de Deus na Sua Vida Hoje"},"content":{"rendered":"<p class=\"wp-block-paragraph\">Todos n\u00f3s, em algum momento da nossa jornada, nos perguntamos sobre o prop\u00f3sito da vida. Essa quest\u00e3o intriga e inspira a humanidade h\u00e1 s\u00e9culos. Muitos buscam respostas em filosofias, religi\u00f5es e autoajuda, enquanto outros simplesmente seguem adiante, esperando que o sentido da vida se revele com o tempo. Mas e se a resposta para essa pergunta fundamental estivesse mais pr\u00f3xima de n\u00f3s do que imaginamos?&nbsp;<\/p>\n\n\n\n<p class=\"wp-block-paragraph\">E se o prop\u00f3sito de Deus na nossa vida fosse algo que pud\u00e9ssemos descobrir e viver hoje? Neste conte\u00fado, exploraremos a ideia de encontrar o prop\u00f3sito de Deus nas pequenas coisas do cotidiano e como isso pode transformar a maneira como vivemos nossas vidas.<\/p>\n\n\n\n<h2 class=\"wp-block-heading\">O Prop\u00f3sito da Vida: Uma Busca Universal<\/h2>\n\n\n\n<p class=\"wp-block-paragraph\">A busca pelo prop\u00f3sito da vida \u00e9 uma jornada que une a humanidade. Desde os fil\u00f3sofos gregos at\u00e9 os pensadores modernos, a quest\u00e3o de &#8220;Por que estamos aqui?&#8221; tem sido uma constante na hist\u00f3ria do pensamento humano. Muitas religi\u00f5es tamb\u00e9m oferecem suas pr\u00f3prias respostas para essa pergunta, enfatizando a adora\u00e7\u00e3o a Deus, a busca pela ilumina\u00e7\u00e3o espiritual ou a realiza\u00e7\u00e3o de boas a\u00e7\u00f5es como prop\u00f3sito supremo.<\/p>\n\n\n\n<figure class=\"wp-block-image size-large\"><img loading=\"lazy\" decoding=\"async\" width=\"1024\" height=\"683\" src=\"https:\/\/www.oracaoefe.com\/wp-content\/uploads\/2023\/10\/image-1-1024x683.png\" alt=\"\" class=\"wp-image-2430\" srcset=\"https:\/\/www.oracaoefe.com\/wp-content\/uploads\/2023\/10\/image-1-1024x683.png 1024w, https:\/\/www.oracaoefe.com\/wp-content\/uploads\/2023\/10\/image-1-300x200.png 300w, https:\/\/www.oracaoefe.com\/wp-content\/uploads\/2023\/10\/image-1-768x512.png 768w, https:\/\/www.oracaoefe.com\/wp-content\/uploads\/2023\/10\/image-1-18x12.png 18w, https:\/\/www.oracaoefe.com\/wp-content\/uploads\/2023\/10\/image-1.png 1280w\" sizes=\"auto, (max-width: 1024px) 100vw, 1024px\" \/><\/figure>\n\n\n\n<p class=\"wp-block-paragraph\">No entanto, independentemente de nossa filia\u00e7\u00e3o religiosa ou cren\u00e7as pessoais, muitos de n\u00f3s ainda nos sentimos perdidos em algum momento. A rotina do dia a dia pode nos afastar da busca de um prop\u00f3sito mais profundo. \u00c9 nesse contexto que a ideia de encontrar o prop\u00f3sito de Deus nas pequenas coisas do cotidiano ganha destaque.<\/p>\n\n\n\n<h2 class=\"wp-block-heading\">Encontrando o Prop\u00f3sito de Deus no Cotidiano<\/h2>\n\n\n\n<p class=\"wp-block-paragraph\">O conceito de encontrar o prop\u00f3sito de Deus nas pequenas coisas da vida n\u00e3o \u00e9 novo. Muitas tradi\u00e7\u00f5es espirituais ensinam que a divindade est\u00e1 presente em todas as coisas e que podemos encontrar Deus em nossas a\u00e7\u00f5es di\u00e1rias. Isso nos leva a uma nova perspectiva sobre o prop\u00f3sito da vida: em vez de buscar algo grandioso e transcendental, podemos come\u00e7ar a olhar para o que est\u00e1 bem diante de n\u00f3s.<\/p>\n\n\n\n<h3 class=\"wp-block-heading\">1. Gratid\u00e3o pelo Presente<\/h3>\n\n\n\n<p class=\"wp-block-paragraph\">Um dos primeiros passos para encontrar o prop\u00f3sito de Deus no cotidiano \u00e9 cultivar a gratid\u00e3o. A gratid\u00e3o nos ajuda a reconhecer as b\u00ean\u00e7\u00e3os e os pequenos milagres que ocorrem em nossas vidas todos os dias. Ao acordar de manh\u00e3, respirar ar fresco, ter sa\u00fade, comida na mesa e pessoas que nos amam ao nosso redor, estamos experimentando o amor e a generosidade de Deus. A gratid\u00e3o nos conecta com a presen\u00e7a divina em nossa vida cotidiana.<\/p>\n\n\n\n<h3 class=\"wp-block-heading\">2. Amor e Compaix\u00e3o<\/h3>\n\n\n\n<p class=\"wp-block-paragraph\">Outra maneira de viver o prop\u00f3sito de Deus \u00e9 praticar o amor e a compaix\u00e3o. Muitas tradi\u00e7\u00f5es religiosas ensinam que Deus \u00e9 amor e que devemos amar nosso pr\u00f3ximo como a n\u00f3s mesmos. Isso significa estender a m\u00e3o para ajudar aqueles que est\u00e3o em necessidade, ouvir os que precisam de algu\u00e9m para conversar e ser gentil e compassivo com todos, independentemente de sua origem, f\u00e9 ou posi\u00e7\u00e3o na vida. Ao fazermos isso, estamos seguindo o prop\u00f3sito de Deus de espalhar o amor e a compaix\u00e3o pelo mundo.<\/p>\n\n\n\n<h3 class=\"wp-block-heading\">3. Realiza\u00e7\u00e3o Pessoal<\/h3>\n\n\n\n<p class=\"wp-block-paragraph\">Al\u00e9m de ser grato e demonstrar amor e compaix\u00e3o, tamb\u00e9m podemos encontrar o prop\u00f3sito de Deus em nossa pr\u00f3pria realiza\u00e7\u00e3o pessoal. Cada um de n\u00f3s tem dons, talentos e paix\u00f5es \u00fanicas. Ao desenvolvermos esses talentos e us\u00e1-los para fazer a diferen\u00e7a no mundo, estamos cumprindo uma parte importante do nosso prop\u00f3sito divino. \u00c9 como se Deus nos tivesse dado esses dons como um presente, e \u00e9 nossa responsabilidade us\u00e1-los para o bem.<\/p>\n\n\n\n<h3 class=\"wp-block-heading\">4. Conex\u00e3o Espiritual<\/h3>\n\n\n\n<p class=\"wp-block-paragraph\">A ora\u00e7\u00e3o e a medita\u00e7\u00e3o s\u00e3o pr\u00e1ticas espirituais que podem nos ajudar a nos conectar com Deus e a compreender melhor o prop\u00f3sito divino em nossas vidas. Tirar um tempo para refletir e se conectar com o divino pode nos guiar na dire\u00e7\u00e3o certa e nos dar clareza sobre o que Deus deseja que fa\u00e7amos.<\/p>\n\n\n\n<h2 class=\"wp-block-heading\">Como Orar para Encontrar Prop\u00f3sito<\/h2>\n\n\n\n<p class=\"wp-block-paragraph\">A ora\u00e7\u00e3o em busca de prop\u00f3sito pode ser uma experi\u00eancia pessoal e \u00fanica. N\u00e3o existe uma f\u00f3rmula definitiva, pois cada pessoa tem sua pr\u00f3pria jornada espiritual. No entanto, aqui est\u00e3o algumas orienta\u00e7\u00f5es que podem ser \u00fateis:<\/p>\n\n\n\n<ul class=\"wp-block-list\">\n<li>Escolha um Local Tranquilo: Encontre um lugar onde voc\u00ea possa ficar em sil\u00eancio e se concentrar, longe de distra\u00e7\u00f5es. Isso pode ser uma igreja, um espa\u00e7o tranquilo em casa ou ao ar livre na natureza.<\/li>\n\n\n\n<li>Comece com Gratid\u00e3o: Inicie sua ora\u00e7\u00e3o expressando gratid\u00e3o por tudo o que voc\u00ea tem em sua vida. Reconhe\u00e7a as b\u00ean\u00e7\u00e3os e as experi\u00eancias que moldaram quem voc\u00ea \u00e9.<\/li>\n\n\n\n<li>Pe\u00e7a Orienta\u00e7\u00e3o: Fale com Deus ou com sua divindade, pedindo orienta\u00e7\u00e3o e sabedoria para entender seu prop\u00f3sito na vida. Voc\u00ea pode fazer perguntas espec\u00edficas ou simplesmente pedir que o caminho certo seja revelado a voc\u00ea.<\/li>\n\n\n\n<li>Escute: Ap\u00f3s fazer suas perguntas e expressar suas preocupa\u00e7\u00f5es, reserve um momento para ficar em sil\u00eancio e ouvir. A resposta pode vir como uma intui\u00e7\u00e3o, uma sensa\u00e7\u00e3o de paz ou at\u00e9 mesmo atrav\u00e9s de sonhos e sincronicidades em sua vida.<\/li>\n\n\n\n<li>Mantenha um Di\u00e1rio Espiritual: Manter um di\u00e1rio onde voc\u00ea registra suas experi\u00eancias de ora\u00e7\u00e3o e os insights que recebe pode ser \u00fatil. Isso permite que voc\u00ea acompanhe seu progresso ao longo do tempo e reveja suas experi\u00eancias espirituais.<\/li>\n\n\n\n<li>Seja Paciente e Aberto: Lembre-se de que a busca de prop\u00f3sito \u00e9 uma jornada cont\u00ednua. N\u00e3o espere respostas imediatas. Esteja aberto a mudan\u00e7as e esteja disposto a seguir o caminho que se revela a voc\u00ea, mesmo que seja diferente do que voc\u00ea esperava.<\/li>\n<\/ul>\n\n\n\n<h2 class=\"wp-block-heading\">Busca pelo prop\u00f3sito da vida<\/h2>\n\n\n\n<p class=\"wp-block-paragraph\">A busca pelo prop\u00f3sito da vida \u00e9 uma jornada pessoal e espiritual que pode levar uma vida inteira. No entanto, ao olharmos para as pequenas coisas do cotidiano com gratid\u00e3o, amor, compaix\u00e3o e uma conex\u00e3o espiritual, podemos come\u00e7ar a descobrir o prop\u00f3sito de Deus em nossa vida hoje. N\u00e3o \u00e9 necess\u00e1rio esperar por uma revela\u00e7\u00e3o grandiosa; o prop\u00f3sito divino est\u00e1 presente em cada momento que vivemos e em cada a\u00e7\u00e3o que tomamos.<\/p>\n\n\n\n<p class=\"wp-block-paragraph\">Lembre-se de que encontrar o prop\u00f3sito de Deus n\u00e3o significa necessariamente fazer algo extraordin\u00e1rio ou grandioso. Pode ser t\u00e3o simples quanto ser uma pessoa melhor, ajudar os outros e viver uma vida de significado e prop\u00f3sito. \u00c0 medida que nos comprometemos com esses princ\u00edpios, podemos experimentar uma sensa\u00e7\u00e3o mais profunda de realiza\u00e7\u00e3o e paz, sabendo que estamos seguindo o caminho que Deus tra\u00e7ou para n\u00f3s.<\/p>\n\n\n\n<p class=\"wp-block-paragraph\">Portanto, comece hoje mesmo a procurar o prop\u00f3sito de Deus em sua vida cotidiana. Cultive a gratid\u00e3o, espalhe o amor e a compaix\u00e3o, desenvolva seus talentos e busque uma conex\u00e3o espiritual mais profunda. \u00c0 medida que voc\u00ea se compromete com essa jornada, pode descobrir que o prop\u00f3sito de Deus na sua vida est\u00e1 mais perto do que voc\u00ea jamais imaginou.<\/p>\n\n\n\n<p class=\"wp-block-paragraph\"><strong>Voir aussi\u00a0: <a href=\"https:\/\/www.oracaoefe.com\/fr\/oracao-para-comecar-o-dia-dedique-se-todos-os-dias-a-palavra-de-deus\/\">Pri\u00e8re pour commencer la journ\u00e9e : Consacrez-vous chaque jour \u00e0 la Parole de Dieu<\/a><\/strong><\/p>\n\n\n\n<p class=\"wp-block-paragraph\">8 de outubro de 2023<\/p>","protected":false},"excerpt":{"rendered":"<p>Todos n\u00f3s, em algum momento da nossa jornada, nos perguntamos sobre o prop\u00f3sito da vida. Essa quest\u00e3o intriga e inspira a humanidade h\u00e1 s\u00e9culos. Muitos buscam respostas em filosofias, religi\u00f5es e autoajuda, enquanto outros simplesmente seguem adiante, esperando que o sentido da vida se revele com o tempo. Mas e se a resposta para essa&hellip;&nbsp;<\/p>","protected":false},"author":3,"featured_media":2430,"comment_status":"closed","ping_status":"closed","sticky":false,"template":"","format":"standard","meta":{"neve_meta_sidebar":"","neve_meta_container":"","neve_meta_enable_content_width":"","neve_meta_content_width":0,"neve_meta_title_alignment":"","neve_meta_author_avatar":"","neve_post_elements_order":"","neve_meta_disable_header":"","neve_meta_disable_footer":"","neve_meta_disable_title":"","footnotes":""},"categories":[3],"tags":[],"class_list":["post-2429","post","type-post","status-publish","format-standard","has-post-thumbnail","hentry","category-fe"],"yoast_head":"<!-- This site is optimized with the Yoast SEO plugin v28.4 - https:\/\/yoast.com\/product\/yoast-seo-wordpress\/ -->\n<title>Palavra de Vida: O Prop\u00f3sito de Deus na Sua Vida Hoje - Ora\u00e7\u00e3o e F\u00e9<\/title>\n<meta name=\"description\" content=\"Deus tem pra voc\u00ea uma palavra de vida!\" \/>\n<meta name=\"robots\" content=\"index, follow, max-snippet:-1, max-image-preview:large, max-video-preview:-1\" \/>\n<link rel=\"canonical\" href=\"https:\/\/www.oracaoefe.com\/fr\/palavra-de-vida-o-proposito-de-deus-na-sua-vida-hoje\/\" \/>\n<meta property=\"og:locale\" content=\"fr_FR\" \/>\n<meta property=\"og:type\" content=\"article\" \/>\n<meta property=\"og:title\" content=\"Palavra de Vida: O Prop\u00f3sito de Deus na Sua Vida Hoje - Ora\u00e7\u00e3o e F\u00e9\" \/>\n<meta property=\"og:description\" content=\"Deus tem pra voc\u00ea uma palavra de vida!\" \/>\n<meta property=\"og:url\" content=\"https:\/\/www.oracaoefe.com\/fr\/palavra-de-vida-o-proposito-de-deus-na-sua-vida-hoje\/\" \/>\n<meta property=\"og:site_name\" content=\"Ora\u00e7\u00e3o e F\u00e9\" \/>\n<meta property=\"article:published_time\" content=\"2023-10-08T04:00:00+00:00\" \/>\n<meta property=\"article:modified_time\" content=\"2025-06-15T18:17:27+00:00\" \/>\n<meta property=\"og:image\" content=\"https:\/\/www.oracaoefe.com\/wp-content\/uploads\/2023\/10\/image-1.png\" \/>\n\t<meta property=\"og:image:width\" content=\"1280\" \/>\n\t<meta property=\"og:image:height\" content=\"854\" \/>\n\t<meta property=\"og:image:type\" content=\"image\/png\" \/>\n<meta name=\"author\" content=\"Michele Azevedo\" \/>\n<meta name=\"twitter:card\" content=\"summary_large_image\" \/>\n<meta name=\"twitter:label1\" content=\"\u00c9crit par\" \/>\n\t<meta name=\"twitter:data1\" content=\"Michele Azevedo\" \/>\n\t<meta name=\"twitter:label2\" content=\"Dur\u00e9e de lecture estim\u00e9e\" \/>\n\t<meta name=\"twitter:data2\" content=\"6 minutes\" \/>\n<script type=\"application\/ld+json\" class=\"yoast-schema-graph\">{\"@context\":\"https:\\\/\\\/schema.org\",\"@graph\":[{\"@type\":\"Article\",\"@id\":\"https:\\\/\\\/www.oracaoefe.com\\\/palavra-de-vida-o-proposito-de-deus-na-sua-vida-hoje\\\/#article\",\"isPartOf\":{\"@id\":\"https:\\\/\\\/www.oracaoefe.com\\\/palavra-de-vida-o-proposito-de-deus-na-sua-vida-hoje\\\/\"},\"author\":{\"name\":\"Michele Azevedo\",\"@id\":\"https:\\\/\\\/www.oracaoefe.com\\\/#\\\/schema\\\/person\\\/17283c669442cf005c4d5bb58adfb7f5\"},\"headline\":\"Palavra de Vida: O Prop\u00f3sito de Deus na Sua Vida Hoje\",\"datePublished\":\"2023-10-08T04:00:00+00:00\",\"dateModified\":\"2025-06-15T18:17:27+00:00\",\"mainEntityOfPage\":{\"@id\":\"https:\\\/\\\/www.oracaoefe.com\\\/palavra-de-vida-o-proposito-de-deus-na-sua-vida-hoje\\\/\"},\"wordCount\":1242,\"image\":{\"@id\":\"https:\\\/\\\/www.oracaoefe.com\\\/palavra-de-vida-o-proposito-de-deus-na-sua-vida-hoje\\\/#primaryimage\"},\"thumbnailUrl\":\"https:\\\/\\\/www.oracaoefe.com\\\/wp-content\\\/uploads\\\/2023\\\/10\\\/image-1.png\",\"articleSection\":[\"F\u00e9\"],\"inLanguage\":\"fr-FR\"},{\"@type\":\"WebPage\",\"@id\":\"https:\\\/\\\/www.oracaoefe.com\\\/palavra-de-vida-o-proposito-de-deus-na-sua-vida-hoje\\\/\",\"url\":\"https:\\\/\\\/www.oracaoefe.com\\\/palavra-de-vida-o-proposito-de-deus-na-sua-vida-hoje\\\/\",\"name\":\"Palavra de Vida: O Prop\u00f3sito de Deus na Sua Vida Hoje - Ora\u00e7\u00e3o e F\u00e9\",\"isPartOf\":{\"@id\":\"https:\\\/\\\/www.oracaoefe.com\\\/#website\"},\"primaryImageOfPage\":{\"@id\":\"https:\\\/\\\/www.oracaoefe.com\\\/palavra-de-vida-o-proposito-de-deus-na-sua-vida-hoje\\\/#primaryimage\"},\"image\":{\"@id\":\"https:\\\/\\\/www.oracaoefe.com\\\/palavra-de-vida-o-proposito-de-deus-na-sua-vida-hoje\\\/#primaryimage\"},\"thumbnailUrl\":\"https:\\\/\\\/www.oracaoefe.com\\\/wp-content\\\/uploads\\\/2023\\\/10\\\/image-1.png\",\"datePublished\":\"2023-10-08T04:00:00+00:00\",\"dateModified\":\"2025-06-15T18:17:27+00:00\",\"author\":{\"@id\":\"https:\\\/\\\/www.oracaoefe.com\\\/#\\\/schema\\\/person\\\/17283c669442cf005c4d5bb58adfb7f5\"},\"description\":\"Deus tem pra voc\u00ea uma palavra de vida!\",\"breadcrumb\":{\"@id\":\"https:\\\/\\\/www.oracaoefe.com\\\/palavra-de-vida-o-proposito-de-deus-na-sua-vida-hoje\\\/#breadcrumb\"},\"inLanguage\":\"fr-FR\",\"potentialAction\":[{\"@type\":\"ReadAction\",\"target\":[\"https:\\\/\\\/www.oracaoefe.com\\\/palavra-de-vida-o-proposito-de-deus-na-sua-vida-hoje\\\/\"]}]},{\"@type\":\"ImageObject\",\"inLanguage\":\"fr-FR\",\"@id\":\"https:\\\/\\\/www.oracaoefe.com\\\/palavra-de-vida-o-proposito-de-deus-na-sua-vida-hoje\\\/#primaryimage\",\"url\":\"https:\\\/\\\/www.oracaoefe.com\\\/wp-content\\\/uploads\\\/2023\\\/10\\\/image-1.png\",\"contentUrl\":\"https:\\\/\\\/www.oracaoefe.com\\\/wp-content\\\/uploads\\\/2023\\\/10\\\/image-1.png\",\"width\":1280,\"height\":854},{\"@type\":\"BreadcrumbList\",\"@id\":\"https:\\\/\\\/www.oracaoefe.com\\\/palavra-de-vida-o-proposito-de-deus-na-sua-vida-hoje\\\/#breadcrumb\",\"itemListElement\":[{\"@type\":\"ListItem\",\"position\":1,\"name\":\"Home\",\"item\":\"https:\\\/\\\/www.oracaoefe.com\\\/\"},{\"@type\":\"ListItem\",\"position\":2,\"name\":\"Palavra de Vida: O Prop\u00f3sito de Deus na Sua Vida Hoje\"}]},{\"@type\":\"WebSite\",\"@id\":\"https:\\\/\\\/www.oracaoefe.com\\\/#website\",\"url\":\"https:\\\/\\\/www.oracaoefe.com\\\/\",\"name\":\"Ora\u00e7\u00e3o e F\u00e9\",\"description\":\"\",\"potentialAction\":[{\"@type\":\"SearchAction\",\"target\":{\"@type\":\"EntryPoint\",\"urlTemplate\":\"https:\\\/\\\/www.oracaoefe.com\\\/?s={search_term_string}\"},\"query-input\":{\"@type\":\"PropertyValueSpecification\",\"valueRequired\":true,\"valueName\":\"search_term_string\"}}],\"inLanguage\":\"fr-FR\"},{\"@type\":\"Person\",\"@id\":\"https:\\\/\\\/www.oracaoefe.com\\\/#\\\/schema\\\/person\\\/17283c669442cf005c4d5bb58adfb7f5\",\"name\":\"Michele Azevedo\",\"image\":{\"@type\":\"ImageObject\",\"inLanguage\":\"fr-FR\",\"@id\":\"https:\\\/\\\/secure.gravatar.com\\\/avatar\\\/6b0eb9d22841282815e2cd856a0061c45e1761cd54b22e952d98c4746939aa85?s=96&d=mm&r=g\",\"url\":\"https:\\\/\\\/secure.gravatar.com\\\/avatar\\\/6b0eb9d22841282815e2cd856a0061c45e1761cd54b22e952d98c4746939aa85?s=96&d=mm&r=g\",\"contentUrl\":\"https:\\\/\\\/secure.gravatar.com\\\/avatar\\\/6b0eb9d22841282815e2cd856a0061c45e1761cd54b22e952d98c4746939aa85?s=96&d=mm&r=g\",\"caption\":\"Michele Azevedo\"},\"description\":\"Formada em Letras - Portugu\u00eas\\\/ Ingl\u00eas pela Universidade Estadual de Ponta Grossa (UEPG), p\u00f3s-graduada em Arte na Educa\u00e7\u00e3o (FAPI) e Psicopedagogia Escolar (FAPI), idealizadora e propriet\u00e1ria do site Escritora de Sucesso, possui experi\u00eancia em escrita para blogs em geral e atua como redatora e revisora dos conte\u00fados do Ora\u00e7\u00e3o e F\u00e9.\",\"url\":\"https:\\\/\\\/www.oracaoefe.com\\\/fr\\\/author\\\/michele-azevedo\\\/\"}]}<\/script>\n<!-- \/ Yoast SEO plugin. -->","yoast_head_json":{"title":"Palavra de Vida: O Prop\u00f3sito de Deus na Sua Vida Hoje - Ora\u00e7\u00e3o e F\u00e9","description":"Dieu a une parole de vie pour vous !","robots":{"index":"index","follow":"follow","max-snippet":"max-snippet:-1","max-image-preview":"max-image-preview:large","max-video-preview":"max-video-preview:-1"},"canonical":"https:\/\/www.oracaoefe.com\/fr\/palavra-de-vida-o-proposito-de-deus-na-sua-vida-hoje\/","og_locale":"fr_FR","og_type":"article","og_title":"Palavra de Vida: O Prop\u00f3sito de Deus na Sua Vida Hoje - Ora\u00e7\u00e3o e F\u00e9","og_description":"Deus tem pra voc\u00ea uma palavra de vida!","og_url":"https:\/\/www.oracaoefe.com\/fr\/palavra-de-vida-o-proposito-de-deus-na-sua-vida-hoje\/","og_site_name":"Ora\u00e7\u00e3o e F\u00e9","article_published_time":"2023-10-08T04:00:00+00:00","article_modified_time":"2025-06-15T18:17:27+00:00","og_image":[{"width":1280,"height":854,"url":"https:\/\/www.oracaoefe.com\/wp-content\/uploads\/2023\/10\/image-1.png","type":"image\/png"}],"author":"Michele Azevedo","twitter_card":"summary_large_image","twitter_misc":{"\u00c9crit par":"Michele Azevedo","Dur\u00e9e de lecture estim\u00e9e":"6 minutes"},"schema":{"@context":"https:\/\/schema.org","@graph":[{"@type":"Article","@id":"https:\/\/www.oracaoefe.com\/palavra-de-vida-o-proposito-de-deus-na-sua-vida-hoje\/#article","isPartOf":{"@id":"https:\/\/www.oracaoefe.com\/palavra-de-vida-o-proposito-de-deus-na-sua-vida-hoje\/"},"author":{"name":"Michele Azevedo","@id":"https:\/\/www.oracaoefe.com\/#\/schema\/person\/17283c669442cf005c4d5bb58adfb7f5"},"headline":"Palavra de Vida: O Prop\u00f3sito de Deus na Sua Vida Hoje","datePublished":"2023-10-08T04:00:00+00:00","dateModified":"2025-06-15T18:17:27+00:00","mainEntityOfPage":{"@id":"https:\/\/www.oracaoefe.com\/palavra-de-vida-o-proposito-de-deus-na-sua-vida-hoje\/"},"wordCount":1242,"image":{"@id":"https:\/\/www.oracaoefe.com\/palavra-de-vida-o-proposito-de-deus-na-sua-vida-hoje\/#primaryimage"},"thumbnailUrl":"https:\/\/www.oracaoefe.com\/wp-content\/uploads\/2023\/10\/image-1.png","articleSection":["F\u00e9"],"inLanguage":"fr-FR"},{"@type":"WebPage","@id":"https:\/\/www.oracaoefe.com\/palavra-de-vida-o-proposito-de-deus-na-sua-vida-hoje\/","url":"https:\/\/www.oracaoefe.com\/palavra-de-vida-o-proposito-de-deus-na-sua-vida-hoje\/","name":"Palavra de Vida: O Prop\u00f3sito de Deus na Sua Vida Hoje - Ora\u00e7\u00e3o e F\u00e9","isPartOf":{"@id":"https:\/\/www.oracaoefe.com\/#website"},"primaryImageOfPage":{"@id":"https:\/\/www.oracaoefe.com\/palavra-de-vida-o-proposito-de-deus-na-sua-vida-hoje\/#primaryimage"},"image":{"@id":"https:\/\/www.oracaoefe.com\/palavra-de-vida-o-proposito-de-deus-na-sua-vida-hoje\/#primaryimage"},"thumbnailUrl":"https:\/\/www.oracaoefe.com\/wp-content\/uploads\/2023\/10\/image-1.png","datePublished":"2023-10-08T04:00:00+00:00","dateModified":"2025-06-15T18:17:27+00:00","author":{"@id":"https:\/\/www.oracaoefe.com\/#\/schema\/person\/17283c669442cf005c4d5bb58adfb7f5"},"description":"Dieu a une parole de vie pour vous !","breadcrumb":{"@id":"https:\/\/www.oracaoefe.com\/palavra-de-vida-o-proposito-de-deus-na-sua-vida-hoje\/#breadcrumb"},"inLanguage":"fr-FR","potentialAction":[{"@type":"ReadAction","target":["https:\/\/www.oracaoefe.com\/palavra-de-vida-o-proposito-de-deus-na-sua-vida-hoje\/"]}]},{"@type":"ImageObject","inLanguage":"fr-FR","@id":"https:\/\/www.oracaoefe.com\/palavra-de-vida-o-proposito-de-deus-na-sua-vida-hoje\/#primaryimage","url":"https:\/\/www.oracaoefe.com\/wp-content\/uploads\/2023\/10\/image-1.png","contentUrl":"https:\/\/www.oracaoefe.com\/wp-content\/uploads\/2023\/10\/image-1.png","width":1280,"height":854},{"@type":"BreadcrumbList","@id":"https:\/\/www.oracaoefe.com\/palavra-de-vida-o-proposito-de-deus-na-sua-vida-hoje\/#breadcrumb","itemListElement":[{"@type":"ListItem","position":1,"name":"Home","item":"https:\/\/www.oracaoefe.com\/"},{"@type":"ListItem","position":2,"name":"Palavra de Vida: O Prop\u00f3sito de Deus na Sua Vida Hoje"}]},{"@type":"WebSite","@id":"https:\/\/www.oracaoefe.com\/#website","url":"https:\/\/www.oracaoefe.com\/","name":"Pri\u00e8re et foi","description":"","potentialAction":[{"@type":"SearchAction","target":{"@type":"EntryPoint","urlTemplate":"https:\/\/www.oracaoefe.com\/?s={search_term_string}"},"query-input":{"@type":"PropertyValueSpecification","valueRequired":true,"valueName":"search_term_string"}}],"inLanguage":"fr-FR"},{"@type":"Person","@id":"https:\/\/www.oracaoefe.com\/#\/schema\/person\/17283c669442cf005c4d5bb58adfb7f5","name":"Michele Azevedo","image":{"@type":"ImageObject","inLanguage":"fr-FR","@id":"https:\/\/secure.gravatar.com\/avatar\/6b0eb9d22841282815e2cd856a0061c45e1761cd54b22e952d98c4746939aa85?s=96&d=mm&r=g","url":"https:\/\/secure.gravatar.com\/avatar\/6b0eb9d22841282815e2cd856a0061c45e1761cd54b22e952d98c4746939aa85?s=96&d=mm&r=g","contentUrl":"https:\/\/secure.gravatar.com\/avatar\/6b0eb9d22841282815e2cd856a0061c45e1761cd54b22e952d98c4746939aa85?s=96&d=mm&r=g","caption":"Michele Azevedo"},"description":"Dipl\u00f4m\u00e9e en litt\u00e9rature portugaise\/anglaise de l&#039;Universit\u00e9 d&#039;\u00c9tat de Ponta Grossa (UEPG), avec des dipl\u00f4mes de troisi\u00e8me cycle en art dans l&#039;\u00e9ducation (FAPI) et en psychop\u00e9dagogie scolaire (FAPI), elle est la cr\u00e9atrice et propri\u00e9taire du site web Escritora de Sucesso, a de l&#039;exp\u00e9rience dans l&#039;\u00e9criture pour les blogs en g\u00e9n\u00e9ral et travaille comme r\u00e9dactrice et \u00e9ditrice du contenu pour Ora\u00e7\u00e3o e F\u00e9.","url":"https:\/\/www.oracaoefe.com\/fr\/author\/michele-azevedo\/"}]}},"_links":{"self":[{"href":"https:\/\/www.oracaoefe.com\/fr\/wp-json\/wp\/v2\/posts\/2429","targetHints":{"allow":["GET"]}}],"collection":[{"href":"https:\/\/www.oracaoefe.com\/fr\/wp-json\/wp\/v2\/posts"}],"about":[{"href":"https:\/\/www.oracaoefe.com\/fr\/wp-json\/wp\/v2\/types\/post"}],"author":[{"embeddable":true,"href":"https:\/\/www.oracaoefe.com\/fr\/wp-json\/wp\/v2\/users\/3"}],"replies":[{"embeddable":true,"href":"https:\/\/www.oracaoefe.com\/fr\/wp-json\/wp\/v2\/comments?post=2429"}],"version-history":[{"count":1,"href":"https:\/\/www.oracaoefe.com\/fr\/wp-json\/wp\/v2\/posts\/2429\/revisions"}],"predecessor-version":[{"id":2431,"href":"https:\/\/www.oracaoefe.com\/fr\/wp-json\/wp\/v2\/posts\/2429\/revisions\/2431"}],"wp:featuredmedia":[{"embeddable":true,"href":"https:\/\/www.oracaoefe.com\/fr\/wp-json\/wp\/v2\/media\/2430"}],"wp:attachment":[{"href":"https:\/\/www.oracaoefe.com\/fr\/wp-json\/wp\/v2\/media?parent=2429"}],"wp:term":[{"taxonomy":"category","embeddable":true,"href":"https:\/\/www.oracaoefe.com\/fr\/wp-json\/wp\/v2\/categories?post=2429"},{"taxonomy":"post_tag","embeddable":true,"href":"https:\/\/www.oracaoefe.com\/fr\/wp-json\/wp\/v2\/tags?post=2429"}],"curies":[{"name":"wp","href":"https:\/\/api.w.org\/{rel}","templated":true}]}}