{"id":2380,"date":"2023-06-12T11:49:21","date_gmt":"2023-06-12T14:49:21","guid":{"rendered":"https:\/\/www.oracaoefe.com\/?p=2380"},"modified":"2023-06-12T11:49:22","modified_gmt":"2023-06-12T14:49:22","slug":"mosaico-de-fe-a-intrincada-tapecaria-das-religioes-no-brasil","status":"publish","type":"post","link":"https:\/\/www.oracaoefe.com\/fr\/mosaico-de-fe-a-intrincada-tapecaria-das-religioes-no-brasil\/","title":{"rendered":"Mosaico de F\u00e9: A Intrincada Tape\u00e7aria das Religi\u00f5es no Brasil"},"content":{"rendered":"<p class=\"wp-block-paragraph\">A religi\u00e3o no Brasil constitui uma rica tape\u00e7aria de cren\u00e7as e pr\u00e1ticas que t\u00eam moldado o tecido social e cultural desta na\u00e7\u00e3o diversificada. Desde tempos imemoriais, o pa\u00eds tem sido um caldeir\u00e3o de tradi\u00e7\u00f5es religiosas, onde povos ind\u00edgenas, colonizadores europeus, africanos escravizados e imigrantes de diversas origens t\u00eam contribu\u00eddo para a forma\u00e7\u00e3o de um mosaico de f\u00e9 sem paralelo.<\/p>\n\n\n\n<figure class=\"wp-block-image size-large\"><img loading=\"lazy\" decoding=\"async\" width=\"1024\" height=\"576\" src=\"https:\/\/www.oracaoefe.com\/wp-content\/uploads\/2023\/06\/THUMB-SITE-52-1024x576.jpg\" alt=\"\" class=\"wp-image-2381\" srcset=\"https:\/\/www.oracaoefe.com\/wp-content\/uploads\/2023\/06\/THUMB-SITE-52-1024x576.jpg 1024w, https:\/\/www.oracaoefe.com\/wp-content\/uploads\/2023\/06\/THUMB-SITE-52-300x169.jpg 300w, https:\/\/www.oracaoefe.com\/wp-content\/uploads\/2023\/06\/THUMB-SITE-52-768x432.jpg 768w, https:\/\/www.oracaoefe.com\/wp-content\/uploads\/2023\/06\/THUMB-SITE-52-18x10.jpg 18w, https:\/\/www.oracaoefe.com\/wp-content\/uploads\/2023\/06\/THUMB-SITE-52-383x215.jpg 383w, https:\/\/www.oracaoefe.com\/wp-content\/uploads\/2023\/06\/THUMB-SITE-52.jpg 1200w\" sizes=\"auto, (max-width: 1024px) 100vw, 1024px\" \/><\/figure>\n\n\n\n<p class=\"wp-block-paragraph\">Inicialmente, antes da chegada dos europeus, os povos ind\u00edgenas praticavam suas religi\u00f5es animistas e polite\u00edstas, conectando-se com a natureza e venerando uma variedade de deuses e esp\u00edritos. Com a chegada dos portugueses em 1500, o catolicismo foi introduzido no Brasil como a religi\u00e3o oficial. Durante o per\u00edodo colonial, os jesu\u00edtas desempenharam um papel fundamental na convers\u00e3o de grande parte da popula\u00e7\u00e3o ind\u00edgena ao cristianismo, enquanto tamb\u00e9m ajudavam a preservar alguns elementos das tradi\u00e7\u00f5es ind\u00edgenas.<\/p>\n\n\n\n<p class=\"wp-block-paragraph\">Juntamente com o catolicismo, os africanos trazidos como escravos para o Brasil trouxeram suas religi\u00f5es tradicionais. Confrontados com a imposi\u00e7\u00e3o do cristianismo, eles encontraram maneiras de manter suas cren\u00e7as por meio da s\u00edntese de elementos cat\u00f3licos e africanos, resultando em religi\u00f5es afro-brasileiras como o Candombl\u00e9 e a Umbanda. Essas religi\u00f5es t\u00eam ra\u00edzes nas tradi\u00e7\u00f5es iorub\u00e1, banto e fon, e caracterizam-se pela venera\u00e7\u00e3o de orix\u00e1s (divindades) e pelo uso de rituais, m\u00fasica e dan\u00e7a.<\/p>\n\n\n\n<h2 class=\"wp-block-heading\">Como come\u00e7ou<\/h2>\n\n\n\n<p class=\"wp-block-paragraph\">No s\u00e9culo 19, uma nova onda de imigra\u00e7\u00e3o trouxe para o Brasil influ\u00eancias adicionais em termos religiosos. Imigrantes italianos, alem\u00e3es e poloneses fortaleceram a presen\u00e7a cat\u00f3lica romana, enquanto outros, como os japoneses, trouxeram consigo o budismo e o xinto\u00edsmo.<\/p>\n\n\n\n<p class=\"wp-block-paragraph\">\u00c0 medida que o Brasil se modernizava no s\u00e9culo 20, come\u00e7ou a surgir um movimento de diversifica\u00e7\u00e3o religiosa mais amplo. O protestantismo, em particular, come\u00e7ou a ganhar terreno. Os evang\u00e9licos pentecostais e neopentecostais tiveram um crescimento significativo, com igrejas como a Assembleia de Deus e a Igreja Universal do Reino de Deus estabelecendo uma presen\u00e7a consider\u00e1vel.<\/p>\n\n\n\n<p class=\"wp-block-paragraph\">A espiritualidade brasileira tamb\u00e9m se manifesta em formas menos institucionalizadas, como o Espiritismo, popularizado por Allan Kardec, que atrai seguidores com sua \u00eanfase na reencarna\u00e7\u00e3o, comunica\u00e7\u00e3o com o al\u00e9m e cura espiritual. Al\u00e9m disso, h\u00e1 um segmento crescente da popula\u00e7\u00e3o que se identifica como sem religi\u00e3o, incluindo agn\u00f3sticos e ateus.<\/p>\n\n\n\n<p class=\"wp-block-paragraph\">Atualmente, a sociedade brasileira apresenta uma complexidade religiosa que \u00e9 reflexo da diversidade \u00e9tnica e cultural do pa\u00eds. O catolicismo ainda \u00e9 a religi\u00e3o majorit\u00e1ria, mas vem perdendo adeptos para as igrejas evang\u00e9licas e para o grupo dos sem religi\u00e3o. O Brasil tamb\u00e9m abriga comunidades judaicas, isl\u00e2micas e de outras religi\u00f5es, que, embora menores, enriquecem ainda mais o panorama religioso.<\/p>\n\n\n\n<p class=\"wp-block-paragraph\">No contexto pol\u00edtico e social, as religi\u00f5es desempenham um papel significativo. L\u00edderes religiosos frequentemente exercem influ\u00eancia sobre seus seguidores e, por vezes, sobre a pol\u00edtica. Isto \u00e9 particularmente vis\u00edvel entre os evang\u00e9licos, que t\u00eam aumentado sua representa\u00e7\u00e3o pol\u00edtica nas \u00faltimas d\u00e9cadas.<\/p>\n\n\n\n<p class=\"wp-block-paragraph\">Contudo, a diversidade religiosa tamb\u00e9m traz desafios, como a intoler\u00e2ncia e a discrimina\u00e7\u00e3o, particularmente contra praticantes de religi\u00f5es afro-brasileiras. \u00c9 imperativo que a sociedade brasileira continue a cultivar o respeito e a compreens\u00e3o m\u00fatua entre as diferentes tradi\u00e7\u00f5es de f\u00e9.<\/p>\n\n\n\n<h2 class=\"wp-block-heading\">Conclus\u00e3o<\/h2>\n\n\n\n<p class=\"wp-block-paragraph\">Em suma, a religi\u00e3o no Brasil \u00e9 uma entidade multifacetada e din\u00e2mica que permeia muitos aspectos da vida e da identidade nacional. O car\u00e1ter inclusivo e sincr\u00e9tico de muitas pr\u00e1ticas religiosas reflete a pr\u00f3pria natureza do povo brasileiro: uma mistura de tradi\u00e7\u00f5es, culturas e cren\u00e7as que se unem para criar uma sociedade vibrante e \u00fanica. A continua\u00e7\u00e3o da coexist\u00eancia pac\u00edfica e do di\u00e1logo inter-religioso ser\u00e1 crucial para o enriquecimento cultural e a harmonia social nesta na\u00e7\u00e3o aben\u00e7oada por uma riqueza espiritual incompar\u00e1vel.<\/p>\n\n\n<div class=\"wp-block-post-date\"><time datetime=\"2023-06-12T11:49:21-03:00\">juin 12, 2023<\/time><\/div>","protected":false},"excerpt":{"rendered":"<p>A religi\u00e3o no Brasil constitui uma rica tape\u00e7aria de cren\u00e7as e pr\u00e1ticas que t\u00eam moldado o tecido social e cultural desta na\u00e7\u00e3o diversificada. Desde tempos imemoriais, o pa\u00eds tem sido um caldeir\u00e3o de tradi\u00e7\u00f5es religiosas, onde povos ind\u00edgenas, colonizadores europeus, africanos escravizados e imigrantes de diversas origens t\u00eam contribu\u00eddo para a forma\u00e7\u00e3o de um mosaico&hellip;&nbsp;<\/p>","protected":false},"author":1,"featured_media":2381,"comment_status":"closed","ping_status":"closed","sticky":false,"template":"","format":"standard","meta":{"neve_meta_sidebar":"","neve_meta_container":"","neve_meta_enable_content_width":"","neve_meta_content_width":0,"neve_meta_title_alignment":"","neve_meta_author_avatar":"","neve_post_elements_order":"","neve_meta_disable_header":"","neve_meta_disable_footer":"","neve_meta_disable_title":"","footnotes":""},"categories":[1],"tags":[],"class_list":["post-2380","post","type-post","status-publish","format-standard","has-post-thumbnail","hentry","category-curiosidades"],"yoast_head":"<!-- This site is optimized with the Yoast SEO plugin v28.4 - https:\/\/yoast.com\/product\/yoast-seo-wordpress\/ -->\n<title>Mosaico de F\u00e9: A Intrincada Tape\u00e7aria das Religi\u00f5es no Brasil - Ora\u00e7\u00e3o e F\u00e9<\/title>\n<meta name=\"description\" content=\"A religi\u00e3o no Brasil constitui uma rica tape\u00e7aria de cren\u00e7as e pr\u00e1ticas que t\u00eam moldado o tecido social e cultural desta na\u00e7\u00e3o...\" \/>\n<meta name=\"robots\" content=\"index, follow, max-snippet:-1, max-image-preview:large, max-video-preview:-1\" \/>\n<link rel=\"canonical\" href=\"https:\/\/www.oracaoefe.com\/fr\/mosaico-de-fe-a-intrincada-tapecaria-das-religioes-no-brasil\/\" \/>\n<meta property=\"og:locale\" content=\"fr_FR\" \/>\n<meta property=\"og:type\" content=\"article\" \/>\n<meta property=\"og:title\" content=\"Mosaico de F\u00e9: A Intrincada Tape\u00e7aria das Religi\u00f5es no Brasil - Ora\u00e7\u00e3o e F\u00e9\" \/>\n<meta property=\"og:description\" content=\"A religi\u00e3o no Brasil constitui uma rica tape\u00e7aria de cren\u00e7as e pr\u00e1ticas que t\u00eam moldado o tecido social e cultural desta na\u00e7\u00e3o...\" \/>\n<meta property=\"og:url\" content=\"https:\/\/www.oracaoefe.com\/fr\/mosaico-de-fe-a-intrincada-tapecaria-das-religioes-no-brasil\/\" \/>\n<meta property=\"og:site_name\" content=\"Ora\u00e7\u00e3o e F\u00e9\" \/>\n<meta property=\"article:published_time\" content=\"2023-06-12T14:49:21+00:00\" \/>\n<meta property=\"article:modified_time\" content=\"2023-06-12T14:49:22+00:00\" \/>\n<meta property=\"og:image\" content=\"https:\/\/www.oracaoefe.com\/wp-content\/uploads\/2023\/06\/THUMB-SITE-52.jpg\" \/>\n\t<meta property=\"og:image:width\" content=\"1200\" \/>\n\t<meta property=\"og:image:height\" content=\"675\" \/>\n\t<meta property=\"og:image:type\" content=\"image\/jpeg\" \/>\n<meta name=\"author\" content=\"Maria\" \/>\n<meta name=\"twitter:card\" content=\"summary_large_image\" \/>\n<meta name=\"twitter:label1\" content=\"\u00c9crit par\" \/>\n\t<meta name=\"twitter:data1\" content=\"Maria\" \/>\n\t<meta name=\"twitter:label2\" content=\"Dur\u00e9e de lecture estim\u00e9e\" \/>\n\t<meta name=\"twitter:data2\" content=\"3 minutes\" \/>\n<script type=\"application\/ld+json\" class=\"yoast-schema-graph\">{\"@context\":\"https:\\\/\\\/schema.org\",\"@graph\":[{\"@type\":\"Article\",\"@id\":\"https:\\\/\\\/www.oracaoefe.com\\\/mosaico-de-fe-a-intrincada-tapecaria-das-religioes-no-brasil\\\/#article\",\"isPartOf\":{\"@id\":\"https:\\\/\\\/www.oracaoefe.com\\\/mosaico-de-fe-a-intrincada-tapecaria-das-religioes-no-brasil\\\/\"},\"author\":{\"name\":\"Maria\",\"@id\":\"https:\\\/\\\/www.oracaoefe.com\\\/#\\\/schema\\\/person\\\/27873f1e6043866689f5091b5139f23d\"},\"headline\":\"Mosaico de F\u00e9: A Intrincada Tape\u00e7aria das Religi\u00f5es no Brasil\",\"datePublished\":\"2023-06-12T14:49:21+00:00\",\"dateModified\":\"2023-06-12T14:49:22+00:00\",\"mainEntityOfPage\":{\"@id\":\"https:\\\/\\\/www.oracaoefe.com\\\/mosaico-de-fe-a-intrincada-tapecaria-das-religioes-no-brasil\\\/\"},\"wordCount\":685,\"image\":{\"@id\":\"https:\\\/\\\/www.oracaoefe.com\\\/mosaico-de-fe-a-intrincada-tapecaria-das-religioes-no-brasil\\\/#primaryimage\"},\"thumbnailUrl\":\"https:\\\/\\\/www.oracaoefe.com\\\/wp-content\\\/uploads\\\/2023\\\/06\\\/THUMB-SITE-52.jpg\",\"articleSection\":[\"Curiosidades\"],\"inLanguage\":\"fr-FR\"},{\"@type\":\"WebPage\",\"@id\":\"https:\\\/\\\/www.oracaoefe.com\\\/mosaico-de-fe-a-intrincada-tapecaria-das-religioes-no-brasil\\\/\",\"url\":\"https:\\\/\\\/www.oracaoefe.com\\\/mosaico-de-fe-a-intrincada-tapecaria-das-religioes-no-brasil\\\/\",\"name\":\"Mosaico de F\u00e9: A Intrincada Tape\u00e7aria das Religi\u00f5es no Brasil - Ora\u00e7\u00e3o e F\u00e9\",\"isPartOf\":{\"@id\":\"https:\\\/\\\/www.oracaoefe.com\\\/#website\"},\"primaryImageOfPage\":{\"@id\":\"https:\\\/\\\/www.oracaoefe.com\\\/mosaico-de-fe-a-intrincada-tapecaria-das-religioes-no-brasil\\\/#primaryimage\"},\"image\":{\"@id\":\"https:\\\/\\\/www.oracaoefe.com\\\/mosaico-de-fe-a-intrincada-tapecaria-das-religioes-no-brasil\\\/#primaryimage\"},\"thumbnailUrl\":\"https:\\\/\\\/www.oracaoefe.com\\\/wp-content\\\/uploads\\\/2023\\\/06\\\/THUMB-SITE-52.jpg\",\"datePublished\":\"2023-06-12T14:49:21+00:00\",\"dateModified\":\"2023-06-12T14:49:22+00:00\",\"author\":{\"@id\":\"https:\\\/\\\/www.oracaoefe.com\\\/#\\\/schema\\\/person\\\/27873f1e6043866689f5091b5139f23d\"},\"description\":\"A religi\u00e3o no Brasil constitui uma rica tape\u00e7aria de cren\u00e7as e pr\u00e1ticas que t\u00eam moldado o tecido social e cultural desta na\u00e7\u00e3o...\",\"breadcrumb\":{\"@id\":\"https:\\\/\\\/www.oracaoefe.com\\\/mosaico-de-fe-a-intrincada-tapecaria-das-religioes-no-brasil\\\/#breadcrumb\"},\"inLanguage\":\"fr-FR\",\"potentialAction\":[{\"@type\":\"ReadAction\",\"target\":[\"https:\\\/\\\/www.oracaoefe.com\\\/mosaico-de-fe-a-intrincada-tapecaria-das-religioes-no-brasil\\\/\"]}]},{\"@type\":\"ImageObject\",\"inLanguage\":\"fr-FR\",\"@id\":\"https:\\\/\\\/www.oracaoefe.com\\\/mosaico-de-fe-a-intrincada-tapecaria-das-religioes-no-brasil\\\/#primaryimage\",\"url\":\"https:\\\/\\\/www.oracaoefe.com\\\/wp-content\\\/uploads\\\/2023\\\/06\\\/THUMB-SITE-52.jpg\",\"contentUrl\":\"https:\\\/\\\/www.oracaoefe.com\\\/wp-content\\\/uploads\\\/2023\\\/06\\\/THUMB-SITE-52.jpg\",\"width\":1200,\"height\":675},{\"@type\":\"BreadcrumbList\",\"@id\":\"https:\\\/\\\/www.oracaoefe.com\\\/mosaico-de-fe-a-intrincada-tapecaria-das-religioes-no-brasil\\\/#breadcrumb\",\"itemListElement\":[{\"@type\":\"ListItem\",\"position\":1,\"name\":\"Home\",\"item\":\"https:\\\/\\\/www.oracaoefe.com\\\/\"},{\"@type\":\"ListItem\",\"position\":2,\"name\":\"Curiosidades\",\"item\":\"https:\\\/\\\/www.oracaoefe.com\\\/es\\\/categoria\\\/curiosidades\\\/\"},{\"@type\":\"ListItem\",\"position\":3,\"name\":\"Mosaico de F\u00e9: A Intrincada Tape\u00e7aria das Religi\u00f5es no Brasil\"}]},{\"@type\":\"WebSite\",\"@id\":\"https:\\\/\\\/www.oracaoefe.com\\\/#website\",\"url\":\"https:\\\/\\\/www.oracaoefe.com\\\/\",\"name\":\"Ora\u00e7\u00e3o e F\u00e9\",\"description\":\"\",\"potentialAction\":[{\"@type\":\"SearchAction\",\"target\":{\"@type\":\"EntryPoint\",\"urlTemplate\":\"https:\\\/\\\/www.oracaoefe.com\\\/?s={search_term_string}\"},\"query-input\":{\"@type\":\"PropertyValueSpecification\",\"valueRequired\":true,\"valueName\":\"search_term_string\"}}],\"inLanguage\":\"fr-FR\"},{\"@type\":\"Person\",\"@id\":\"https:\\\/\\\/www.oracaoefe.com\\\/#\\\/schema\\\/person\\\/27873f1e6043866689f5091b5139f23d\",\"name\":\"Maria\",\"image\":{\"@type\":\"ImageObject\",\"inLanguage\":\"fr-FR\",\"@id\":\"https:\\\/\\\/secure.gravatar.com\\\/avatar\\\/4cac5ea56d40d599bd7348d330a83b1c84cd229296d1613cd1c7f6740561d0c9?s=96&d=mm&r=g\",\"url\":\"https:\\\/\\\/secure.gravatar.com\\\/avatar\\\/4cac5ea56d40d599bd7348d330a83b1c84cd229296d1613cd1c7f6740561d0c9?s=96&d=mm&r=g\",\"contentUrl\":\"https:\\\/\\\/secure.gravatar.com\\\/avatar\\\/4cac5ea56d40d599bd7348d330a83b1c84cd229296d1613cd1c7f6740561d0c9?s=96&d=mm&r=g\",\"caption\":\"Maria\"},\"description\":\"Meu nome \u00e9 Maria e sou apaixonada por teologia, espiritualidade e estudos religiosos. H\u00e1 mais de 5 anos escrevo sobre o universo da f\u00e9, pesquisando diferentes religi\u00f5es, doutrinas, tradi\u00e7\u00f5es espirituais e curiosidades religiosas ao redor do mundo. Tenho grande interesse em compreender como a f\u00e9 e a religiosidade se manifestam em diferentes culturas, pa\u00edses e idiomas, sempre buscando aprender mais sobre os costumes, cren\u00e7as e hist\u00f3rias que influenciam milh\u00f5es de pessoas diariamente. Atualmente, atuo como redatora no portal Ora\u00e7\u00e3o e F\u00e9, onde compartilho conte\u00fados informativos, reflexivos e inspiradores voltados ao universo religioso e espiritual. Meu objetivo \u00e9 levar conhecimento, curiosidades e mensagens enriquecedoras para leitores que desejam aprofundar sua compreens\u00e3o sobre f\u00e9, religi\u00e3o e espiritualidade no mundo moderno.\",\"sameAs\":[\"https:\\\/\\\/www.oracaoefe.com\"],\"url\":\"https:\\\/\\\/www.oracaoefe.com\\\/fr\\\/author\\\/admin\\\/\"}]}<\/script>\n<!-- \/ Yoast SEO plugin. -->","yoast_head_json":{"title":"Mosaico de F\u00e9: A Intrincada Tape\u00e7aria das Religi\u00f5es no Brasil - Ora\u00e7\u00e3o e F\u00e9","description":"A religi\u00e3o no Brasil constitui uma rica tape\u00e7aria de cren\u00e7as e pr\u00e1ticas que t\u00eam moldado o tecido social e cultural desta na\u00e7\u00e3o...","robots":{"index":"index","follow":"follow","max-snippet":"max-snippet:-1","max-image-preview":"max-image-preview:large","max-video-preview":"max-video-preview:-1"},"canonical":"https:\/\/www.oracaoefe.com\/fr\/mosaico-de-fe-a-intrincada-tapecaria-das-religioes-no-brasil\/","og_locale":"fr_FR","og_type":"article","og_title":"Mosaico de F\u00e9: A Intrincada Tape\u00e7aria das Religi\u00f5es no Brasil - Ora\u00e7\u00e3o e F\u00e9","og_description":"A religi\u00e3o no Brasil constitui uma rica tape\u00e7aria de cren\u00e7as e pr\u00e1ticas que t\u00eam moldado o tecido social e cultural desta na\u00e7\u00e3o...","og_url":"https:\/\/www.oracaoefe.com\/fr\/mosaico-de-fe-a-intrincada-tapecaria-das-religioes-no-brasil\/","og_site_name":"Ora\u00e7\u00e3o e F\u00e9","article_published_time":"2023-06-12T14:49:21+00:00","article_modified_time":"2023-06-12T14:49:22+00:00","og_image":[{"width":1200,"height":675,"url":"https:\/\/www.oracaoefe.com\/wp-content\/uploads\/2023\/06\/THUMB-SITE-52.jpg","type":"image\/jpeg"}],"author":"Maria","twitter_card":"summary_large_image","twitter_misc":{"\u00c9crit par":"Maria","Dur\u00e9e de lecture estim\u00e9e":"3 minutes"},"schema":{"@context":"https:\/\/schema.org","@graph":[{"@type":"Article","@id":"https:\/\/www.oracaoefe.com\/mosaico-de-fe-a-intrincada-tapecaria-das-religioes-no-brasil\/#article","isPartOf":{"@id":"https:\/\/www.oracaoefe.com\/mosaico-de-fe-a-intrincada-tapecaria-das-religioes-no-brasil\/"},"author":{"name":"Maria","@id":"https:\/\/www.oracaoefe.com\/#\/schema\/person\/27873f1e6043866689f5091b5139f23d"},"headline":"Mosaico de F\u00e9: A Intrincada Tape\u00e7aria das Religi\u00f5es no Brasil","datePublished":"2023-06-12T14:49:21+00:00","dateModified":"2023-06-12T14:49:22+00:00","mainEntityOfPage":{"@id":"https:\/\/www.oracaoefe.com\/mosaico-de-fe-a-intrincada-tapecaria-das-religioes-no-brasil\/"},"wordCount":685,"image":{"@id":"https:\/\/www.oracaoefe.com\/mosaico-de-fe-a-intrincada-tapecaria-das-religioes-no-brasil\/#primaryimage"},"thumbnailUrl":"https:\/\/www.oracaoefe.com\/wp-content\/uploads\/2023\/06\/THUMB-SITE-52.jpg","articleSection":["Curiosidades"],"inLanguage":"fr-FR"},{"@type":"WebPage","@id":"https:\/\/www.oracaoefe.com\/mosaico-de-fe-a-intrincada-tapecaria-das-religioes-no-brasil\/","url":"https:\/\/www.oracaoefe.com\/mosaico-de-fe-a-intrincada-tapecaria-das-religioes-no-brasil\/","name":"Mosaico de F\u00e9: A Intrincada Tape\u00e7aria das Religi\u00f5es no Brasil - Ora\u00e7\u00e3o e F\u00e9","isPartOf":{"@id":"https:\/\/www.oracaoefe.com\/#website"},"primaryImageOfPage":{"@id":"https:\/\/www.oracaoefe.com\/mosaico-de-fe-a-intrincada-tapecaria-das-religioes-no-brasil\/#primaryimage"},"image":{"@id":"https:\/\/www.oracaoefe.com\/mosaico-de-fe-a-intrincada-tapecaria-das-religioes-no-brasil\/#primaryimage"},"thumbnailUrl":"https:\/\/www.oracaoefe.com\/wp-content\/uploads\/2023\/06\/THUMB-SITE-52.jpg","datePublished":"2023-06-12T14:49:21+00:00","dateModified":"2023-06-12T14:49:22+00:00","author":{"@id":"https:\/\/www.oracaoefe.com\/#\/schema\/person\/27873f1e6043866689f5091b5139f23d"},"description":"A religi\u00e3o no Brasil constitui uma rica tape\u00e7aria de cren\u00e7as e pr\u00e1ticas que t\u00eam moldado o tecido social e cultural desta na\u00e7\u00e3o...","breadcrumb":{"@id":"https:\/\/www.oracaoefe.com\/mosaico-de-fe-a-intrincada-tapecaria-das-religioes-no-brasil\/#breadcrumb"},"inLanguage":"fr-FR","potentialAction":[{"@type":"ReadAction","target":["https:\/\/www.oracaoefe.com\/mosaico-de-fe-a-intrincada-tapecaria-das-religioes-no-brasil\/"]}]},{"@type":"ImageObject","inLanguage":"fr-FR","@id":"https:\/\/www.oracaoefe.com\/mosaico-de-fe-a-intrincada-tapecaria-das-religioes-no-brasil\/#primaryimage","url":"https:\/\/www.oracaoefe.com\/wp-content\/uploads\/2023\/06\/THUMB-SITE-52.jpg","contentUrl":"https:\/\/www.oracaoefe.com\/wp-content\/uploads\/2023\/06\/THUMB-SITE-52.jpg","width":1200,"height":675},{"@type":"BreadcrumbList","@id":"https:\/\/www.oracaoefe.com\/mosaico-de-fe-a-intrincada-tapecaria-das-religioes-no-brasil\/#breadcrumb","itemListElement":[{"@type":"ListItem","position":1,"name":"Home","item":"https:\/\/www.oracaoefe.com\/"},{"@type":"ListItem","position":2,"name":"Curiosidades","item":"https:\/\/www.oracaoefe.com\/es\/categoria\/curiosidades\/"},{"@type":"ListItem","position":3,"name":"Mosaico de F\u00e9: A Intrincada Tape\u00e7aria das Religi\u00f5es no Brasil"}]},{"@type":"WebSite","@id":"https:\/\/www.oracaoefe.com\/#website","url":"https:\/\/www.oracaoefe.com\/","name":"Pri\u00e8re et foi","description":"","potentialAction":[{"@type":"SearchAction","target":{"@type":"EntryPoint","urlTemplate":"https:\/\/www.oracaoefe.com\/?s={search_term_string}"},"query-input":{"@type":"PropertyValueSpecification","valueRequired":true,"valueName":"search_term_string"}}],"inLanguage":"fr-FR"},{"@type":"Person","@id":"https:\/\/www.oracaoefe.com\/#\/schema\/person\/27873f1e6043866689f5091b5139f23d","name":"Maria","image":{"@type":"ImageObject","inLanguage":"fr-FR","@id":"https:\/\/secure.gravatar.com\/avatar\/4cac5ea56d40d599bd7348d330a83b1c84cd229296d1613cd1c7f6740561d0c9?s=96&d=mm&r=g","url":"https:\/\/secure.gravatar.com\/avatar\/4cac5ea56d40d599bd7348d330a83b1c84cd229296d1613cd1c7f6740561d0c9?s=96&d=mm&r=g","contentUrl":"https:\/\/secure.gravatar.com\/avatar\/4cac5ea56d40d599bd7348d330a83b1c84cd229296d1613cd1c7f6740561d0c9?s=96&d=mm&r=g","caption":"Maria"},"description":"Meu nome \u00e9 Maria e sou apaixonada por teologia, espiritualidade e estudos religiosos. H\u00e1 mais de 5 anos escrevo sobre o universo da f\u00e9, pesquisando diferentes religi\u00f5es, doutrinas, tradi\u00e7\u00f5es espirituais e curiosidades religiosas ao redor do mundo. Tenho grande interesse em compreender como a f\u00e9 e a religiosidade se manifestam em diferentes culturas, pa\u00edses e idiomas, sempre buscando aprender mais sobre os costumes, cren\u00e7as e hist\u00f3rias que influenciam milh\u00f5es de pessoas diariamente. Atualmente, atuo como redatora no portal Ora\u00e7\u00e3o e F\u00e9, onde compartilho conte\u00fados informativos, reflexivos e inspiradores voltados ao universo religioso e espiritual. Meu objetivo \u00e9 levar conhecimento, curiosidades e mensagens enriquecedoras para leitores que desejam aprofundar sua compreens\u00e3o sobre f\u00e9, religi\u00e3o e espiritualidade no mundo moderno.","sameAs":["https:\/\/www.oracaoefe.com"],"url":"https:\/\/www.oracaoefe.com\/fr\/author\/admin\/"}]}},"_links":{"self":[{"href":"https:\/\/www.oracaoefe.com\/fr\/wp-json\/wp\/v2\/posts\/2380","targetHints":{"allow":["GET"]}}],"collection":[{"href":"https:\/\/www.oracaoefe.com\/fr\/wp-json\/wp\/v2\/posts"}],"about":[{"href":"https:\/\/www.oracaoefe.com\/fr\/wp-json\/wp\/v2\/types\/post"}],"author":[{"embeddable":true,"href":"https:\/\/www.oracaoefe.com\/fr\/wp-json\/wp\/v2\/users\/1"}],"replies":[{"embeddable":true,"href":"https:\/\/www.oracaoefe.com\/fr\/wp-json\/wp\/v2\/comments?post=2380"}],"version-history":[{"count":1,"href":"https:\/\/www.oracaoefe.com\/fr\/wp-json\/wp\/v2\/posts\/2380\/revisions"}],"predecessor-version":[{"id":2382,"href":"https:\/\/www.oracaoefe.com\/fr\/wp-json\/wp\/v2\/posts\/2380\/revisions\/2382"}],"wp:featuredmedia":[{"embeddable":true,"href":"https:\/\/www.oracaoefe.com\/fr\/wp-json\/wp\/v2\/media\/2381"}],"wp:attachment":[{"href":"https:\/\/www.oracaoefe.com\/fr\/wp-json\/wp\/v2\/media?parent=2380"}],"wp:term":[{"taxonomy":"category","embeddable":true,"href":"https:\/\/www.oracaoefe.com\/fr\/wp-json\/wp\/v2\/categories?post=2380"},{"taxonomy":"post_tag","embeddable":true,"href":"https:\/\/www.oracaoefe.com\/fr\/wp-json\/wp\/v2\/tags?post=2380"}],"curies":[{"name":"wp","href":"https:\/\/api.w.org\/{rel}","templated":true}]}}