{"id":233,"date":"2022-09-24T15:57:21","date_gmt":"2022-09-24T18:57:21","guid":{"rendered":"https:\/\/www.oracaoefe.com\/?p=233"},"modified":"2022-09-25T21:37:49","modified_gmt":"2022-09-26T00:37:49","slug":"poderosa-oracao-para-trazer-prosperidade","status":"publish","type":"post","link":"https:\/\/www.oracaoefe.com\/fr\/poderosa-oracao-para-trazer-prosperidade\/","title":{"rendered":"Une pri\u00e8re puissante pour apporter la prosp\u00e9rit\u00e9"},"content":{"rendered":"<div class=\"wp-block-post-date\"><time datetime=\"2022-09-24T15:57:21-03:00\">24 septembre 2022<\/time><\/div>\n\n\n<p class=\"wp-block-paragraph\">Fa\u00e7a isso, e os e os seus dep\u00f3sitos ficar\u00e3o cheios de cereais, e voc\u00ea ter\u00e1 tanto vinho, que n\u00e3o ser\u00e1 capaz de armazenar.( Prov\u00e9rbios 3: 10)<\/p>\n\n\n\n<p class=\"wp-block-paragraph\">Celeiros cheios, abund\u00e2ncia, fartura, prosperidade!<\/p>\n\n\n\n<p class=\"wp-block-paragraph\">Deus nunca foi um Deus de mis\u00e9ria ou escassez. Ele \u00e9 bondoso, misericordioso e tem prazer em aben\u00e7oar aqueles que Nele esperam. Confie em Deus e haver\u00e1 abund\u00e2ncia na sua vida! <\/p>\n\n\n\n<p class=\"wp-block-paragraph\">Nada te faltar\u00e1. Acredite mas tamb\u00e9m se esforce. Fa\u00e7a a sua parte. N\u00e3o espere sentado. Deus v\u00ea toda a sua vontade e garra. Ele v\u00ea sua luta.<\/p>\n\n\n\n<p class=\"wp-block-paragraph\">E no momento certo, os planos Dele se cumprir\u00e3o. Aquele <strong>carro<\/strong> que voc\u00ea sonha j\u00e1 e seu. Tome posse e receba ele. As chaves da sua <strong>casa pr\u00f3pria<\/strong> j\u00e1 foram ordenadas no mundo espiritual. <\/p>\n\n\n\n<p class=\"wp-block-paragraph\">Em breve voc\u00ea n\u00e3o pagar\u00e1 mais aluguel. Receba isso. O <strong>cart\u00e3o de cr\u00e9dito<\/strong> t\u00e3o sonhado, j\u00e1 foi liberado pra voc\u00ea!<\/p>\n\n\n\n<p class=\"wp-block-paragraph\">As portas do seu <strong>emprego<\/strong> j\u00e1 est\u00e3o abertas. Voc\u00ea ter\u00e1 fatura na sua casa. Acredite! Ajoelhe-se e fa\u00e7a essa ora\u00e7\u00e3o poderosa todos os dias.<\/p>\n\n\n\n<p class=\"wp-block-paragraph\">Voc\u00ea abrir\u00e1 as portas das prosperidade na sua vida. Agora voc\u00ea ir\u00e1 falar com Deus que \u00e9 o dono de toda a prosperidade. E Ele quer que voc\u00ea seja pr\u00f3spero! Afinal de contas&#8230; voc\u00ea \u00e9 o filho dele! Am\u00e9m?<\/p>\n\n\n\n<h2 class=\"wp-block-heading\">Ora\u00e7\u00e3o da prosperidade<\/h2>\n\n\n\n<p class=\"wp-block-paragraph\">Senhor Jesus, eu te amo. \u00c9s minha rocha e minha morada.<\/p>\n\n\n\n<p class=\"wp-block-paragraph\">Eu creio no teu agir! Eu creio na forma tremenda, surpreendente e inesperada que fazes o milagre brotar.<\/p>\n\n\n\n<p class=\"wp-block-paragraph\">Eu creio que fazes a prosperidade acontecer. Eu creio fazes o trabalho das minhas m\u00e3os se multiplicarem!<\/p>\n\n\n\n<p class=\"wp-block-paragraph\">Eu creio e declaro a tua provis\u00e3o abundante, transbordante nos meus celeiros! Eu creio, declaro e recebo a abund\u00e2ncia e a prosperidade na minha vida e na minha casa.<\/p>\n\n\n\n<p class=\"wp-block-paragraph\">Eu sou grato(a) por sua b\u00ean\u00e7\u00e3o e da mesma forma que me aben\u00e7oas eu tamb\u00e9m aben\u00e7oarei outros, pois de tal forma surpreendente me fizeste pr\u00f3spero!<\/p>\n\n\n\n<p class=\"wp-block-paragraph\">Eu te agrade\u00e7o! Am\u00e9m!<br><\/p>\n\n\n\n<h2 class=\"wp-block-heading\">Ora\u00e7\u00e3o Poderosa: Deus amou o mundo &#8211; Jo\u00e3o 3:16<\/h2>\n\n\n\n<p class=\"wp-block-paragraph\">Deus, o criador perfeito, n\u00e3o houve erros, n\u00e3o houve falhas, n\u00e3o precisou de rascunhos\u2026tudo surgiu perfeitamente!<\/p>\n\n\n\n<p class=\"wp-block-paragraph\">E nessa perfei\u00e7\u00e3o estamos inclu\u00eddos! Somos a imagem e semelhan\u00e7a Dele!<\/p>\n\n\n\n<p class=\"wp-block-paragraph\">Pouco menor do que os anjos, somos n\u00f3s e Ele t\u00e3o amorosamente e fielmente enviou seu \u00fanico filho pra nos salvar e vivermos a eternidade ao lado Dele!<\/p>\n\n\n\n<p class=\"wp-block-paragraph\">Entender sua identidade em Cristo \u00e9 saber que voc\u00ea \u00e9 a imagem dele, e n\u00e3o importa o que pensam sobre voc\u00ea, pois a \u00fanica valida\u00e7\u00e3o que voc\u00ea precisa \u00e9 a valida\u00e7\u00e3o de Deus. Isso \u00e9 o que de fato importa e ponto final. <\/p>\n\n\n\n<p class=\"wp-block-paragraph\">Agora fa\u00e7a essa ora\u00e7\u00e3o:<\/p>\n\n\n\n<p class=\"wp-block-paragraph\">Senhor, que n\u00e3o venhamos esquecer desse seu imensur\u00e1vel amor por n\u00f3s!<br><br>Que o sacrif\u00edcio de Jesus na cruz, seja o reconhecimento dos nossos pecados !<br><br>A cruz seria o meu lugar, mas o Senhor levou o seu Filho pra sofrer em.meu lugar!<br><br>Te agrade\u00e7o! Te reconhe\u00e7o como meu \u00fanico e suficiente Salvador!<br><br>O seu amor me refez, me transformou!<br><br>Te agrade\u00e7o, em nome de Jesus!<\/p>\n\n\n\n<p class=\"wp-block-paragraph\">Deixe nos coment\u00e1rios o seu pedido de ora\u00e7\u00e3o, que estaremos contigo orando todos os dias as 18horas. <\/p>\n\n\n\n<p class=\"wp-block-paragraph\">Creia DEUS \u00c9 CONTIGO!<\/p>","protected":false},"excerpt":{"rendered":"<p>Em breve voc\u00ea n\u00e3o pagar\u00e1 mais aluguel. Receba isso. O cart\u00e3o de cr\u00e9dito t\u00e3o sonhado, j\u00e1 foi liberado pra voc\u00ea!<\/p>","protected":false},"author":1,"featured_media":418,"comment_status":"open","ping_status":"closed","sticky":false,"template":"","format":"standard","meta":{"neve_meta_sidebar":"","neve_meta_container":"","neve_meta_enable_content_width":"","neve_meta_content_width":0,"neve_meta_title_alignment":"","neve_meta_author_avatar":"","neve_post_elements_order":"","neve_meta_disable_header":"","neve_meta_disable_footer":"","neve_meta_disable_title":"","footnotes":""},"categories":[2],"tags":[19,20,16,24,25],"class_list":["post-233","post","type-post","status-publish","format-standard","has-post-thumbnail","hentry","category-oracao","tag-desfrutar-a-vida","tag-deus","tag-oracao","tag-oracao-poderosa","tag-prosperidade"],"yoast_head":"<!-- This site is optimized with the Yoast SEO plugin v28.4 - https:\/\/yoast.com\/product\/yoast-seo-wordpress\/ -->\n<title>Poderosa ora\u00e7\u00e3o para trazer prosperidade - Ora\u00e7\u00e3o e F\u00e9<\/title>\n<meta name=\"description\" content=\"Deus tem pra voc\u00ea uma palavra de vida!Em breve voc\u00ea n\u00e3o pagar\u00e1 mais aluguel. Receba isso. O cart\u00e3o de cr\u00e9dito t\u00e3o sonhado...\" \/>\n<meta name=\"robots\" content=\"index, follow, max-snippet:-1, max-image-preview:large, max-video-preview:-1\" \/>\n<link rel=\"canonical\" href=\"https:\/\/www.oracaoefe.com\/fr\/poderosa-oracao-para-trazer-prosperidade\/\" \/>\n<meta property=\"og:locale\" content=\"fr_FR\" \/>\n<meta property=\"og:type\" content=\"article\" \/>\n<meta property=\"og:title\" content=\"Poderosa ora\u00e7\u00e3o para trazer prosperidade - Ora\u00e7\u00e3o e F\u00e9\" \/>\n<meta property=\"og:description\" content=\"Deus tem pra voc\u00ea uma palavra de vida!Em breve voc\u00ea n\u00e3o pagar\u00e1 mais aluguel. Receba isso. O cart\u00e3o de cr\u00e9dito t\u00e3o sonhado...\" \/>\n<meta property=\"og:url\" content=\"https:\/\/www.oracaoefe.com\/fr\/poderosa-oracao-para-trazer-prosperidade\/\" \/>\n<meta property=\"og:site_name\" content=\"Ora\u00e7\u00e3o e F\u00e9\" \/>\n<meta property=\"article:published_time\" content=\"2022-09-24T18:57:21+00:00\" \/>\n<meta property=\"article:modified_time\" content=\"2022-09-26T00:37:49+00:00\" \/>\n<meta property=\"og:image\" content=\"https:\/\/www.oracaoefe.com\/wp-content\/uploads\/2022\/09\/Poderosa-oracao-para-trazer-prosperidade.jpg\" \/>\n\t<meta property=\"og:image:width\" content=\"1200\" \/>\n\t<meta property=\"og:image:height\" content=\"675\" \/>\n\t<meta property=\"og:image:type\" content=\"image\/jpeg\" \/>\n<meta name=\"author\" content=\"Maria\" \/>\n<meta name=\"twitter:card\" content=\"summary_large_image\" \/>\n<meta name=\"twitter:label1\" content=\"\u00c9crit par\" \/>\n\t<meta name=\"twitter:data1\" content=\"Maria\" \/>\n\t<meta name=\"twitter:label2\" content=\"Dur\u00e9e de lecture estim\u00e9e\" \/>\n\t<meta name=\"twitter:data2\" content=\"3 minutes\" \/>\n<script type=\"application\/ld+json\" class=\"yoast-schema-graph\">{\"@context\":\"https:\\\/\\\/schema.org\",\"@graph\":[{\"@type\":\"Article\",\"@id\":\"https:\\\/\\\/www.oracaoefe.com\\\/poderosa-oracao-para-trazer-prosperidade\\\/#article\",\"isPartOf\":{\"@id\":\"https:\\\/\\\/www.oracaoefe.com\\\/poderosa-oracao-para-trazer-prosperidade\\\/\"},\"author\":{\"name\":\"Maria\",\"@id\":\"https:\\\/\\\/www.oracaoefe.com\\\/#\\\/schema\\\/person\\\/27873f1e6043866689f5091b5139f23d\"},\"headline\":\"Poderosa ora\u00e7\u00e3o para trazer prosperidade\",\"datePublished\":\"2022-09-24T18:57:21+00:00\",\"dateModified\":\"2022-09-26T00:37:49+00:00\",\"mainEntityOfPage\":{\"@id\":\"https:\\\/\\\/www.oracaoefe.com\\\/poderosa-oracao-para-trazer-prosperidade\\\/\"},\"wordCount\":566,\"commentCount\":0,\"image\":{\"@id\":\"https:\\\/\\\/www.oracaoefe.com\\\/poderosa-oracao-para-trazer-prosperidade\\\/#primaryimage\"},\"thumbnailUrl\":\"https:\\\/\\\/www.oracaoefe.com\\\/wp-content\\\/uploads\\\/2022\\\/09\\\/Poderosa-oracao-para-trazer-prosperidade.jpg\",\"keywords\":[\"desfrutar a vida\",\"Deus\",\"ora\u00e7\u00e3o\",\"ora\u00e7\u00e3o poderosa\",\"prosperidade\"],\"articleSection\":[\"Ora\u00e7\u00e3o\"],\"inLanguage\":\"fr-FR\",\"potentialAction\":[{\"@type\":\"CommentAction\",\"name\":\"Comment\",\"target\":[\"https:\\\/\\\/www.oracaoefe.com\\\/poderosa-oracao-para-trazer-prosperidade\\\/#respond\"]}]},{\"@type\":\"WebPage\",\"@id\":\"https:\\\/\\\/www.oracaoefe.com\\\/poderosa-oracao-para-trazer-prosperidade\\\/\",\"url\":\"https:\\\/\\\/www.oracaoefe.com\\\/poderosa-oracao-para-trazer-prosperidade\\\/\",\"name\":\"Poderosa ora\u00e7\u00e3o para trazer prosperidade - Ora\u00e7\u00e3o e F\u00e9\",\"isPartOf\":{\"@id\":\"https:\\\/\\\/www.oracaoefe.com\\\/#website\"},\"primaryImageOfPage\":{\"@id\":\"https:\\\/\\\/www.oracaoefe.com\\\/poderosa-oracao-para-trazer-prosperidade\\\/#primaryimage\"},\"image\":{\"@id\":\"https:\\\/\\\/www.oracaoefe.com\\\/poderosa-oracao-para-trazer-prosperidade\\\/#primaryimage\"},\"thumbnailUrl\":\"https:\\\/\\\/www.oracaoefe.com\\\/wp-content\\\/uploads\\\/2022\\\/09\\\/Poderosa-oracao-para-trazer-prosperidade.jpg\",\"datePublished\":\"2022-09-24T18:57:21+00:00\",\"dateModified\":\"2022-09-26T00:37:49+00:00\",\"author\":{\"@id\":\"https:\\\/\\\/www.oracaoefe.com\\\/#\\\/schema\\\/person\\\/27873f1e6043866689f5091b5139f23d\"},\"description\":\"Deus tem pra voc\u00ea uma palavra de vida!Em breve voc\u00ea n\u00e3o pagar\u00e1 mais aluguel. Receba isso. O cart\u00e3o de cr\u00e9dito t\u00e3o sonhado...\",\"breadcrumb\":{\"@id\":\"https:\\\/\\\/www.oracaoefe.com\\\/poderosa-oracao-para-trazer-prosperidade\\\/#breadcrumb\"},\"inLanguage\":\"fr-FR\",\"potentialAction\":[{\"@type\":\"ReadAction\",\"target\":[\"https:\\\/\\\/www.oracaoefe.com\\\/poderosa-oracao-para-trazer-prosperidade\\\/\"]}]},{\"@type\":\"ImageObject\",\"inLanguage\":\"fr-FR\",\"@id\":\"https:\\\/\\\/www.oracaoefe.com\\\/poderosa-oracao-para-trazer-prosperidade\\\/#primaryimage\",\"url\":\"https:\\\/\\\/www.oracaoefe.com\\\/wp-content\\\/uploads\\\/2022\\\/09\\\/Poderosa-oracao-para-trazer-prosperidade.jpg\",\"contentUrl\":\"https:\\\/\\\/www.oracaoefe.com\\\/wp-content\\\/uploads\\\/2022\\\/09\\\/Poderosa-oracao-para-trazer-prosperidade.jpg\",\"width\":1200,\"height\":675,\"caption\":\"Poderosa ora\u00e7\u00e3o para trazer prosperidade\"},{\"@type\":\"BreadcrumbList\",\"@id\":\"https:\\\/\\\/www.oracaoefe.com\\\/poderosa-oracao-para-trazer-prosperidade\\\/#breadcrumb\",\"itemListElement\":[{\"@type\":\"ListItem\",\"position\":1,\"name\":\"Home\",\"item\":\"https:\\\/\\\/www.oracaoefe.com\\\/\"},{\"@type\":\"ListItem\",\"position\":2,\"name\":\"Ora\u00e7\u00e3o\",\"item\":\"https:\\\/\\\/www.oracaoefe.com\\\/category\\\/oracao\\\/\"},{\"@type\":\"ListItem\",\"position\":3,\"name\":\"Poderosa ora\u00e7\u00e3o para trazer prosperidade\"}]},{\"@type\":\"WebSite\",\"@id\":\"https:\\\/\\\/www.oracaoefe.com\\\/#website\",\"url\":\"https:\\\/\\\/www.oracaoefe.com\\\/\",\"name\":\"Ora\u00e7\u00e3o e F\u00e9\",\"description\":\"\",\"potentialAction\":[{\"@type\":\"SearchAction\",\"target\":{\"@type\":\"EntryPoint\",\"urlTemplate\":\"https:\\\/\\\/www.oracaoefe.com\\\/?s={search_term_string}\"},\"query-input\":{\"@type\":\"PropertyValueSpecification\",\"valueRequired\":true,\"valueName\":\"search_term_string\"}}],\"inLanguage\":\"fr-FR\"},{\"@type\":\"Person\",\"@id\":\"https:\\\/\\\/www.oracaoefe.com\\\/#\\\/schema\\\/person\\\/27873f1e6043866689f5091b5139f23d\",\"name\":\"Maria\",\"image\":{\"@type\":\"ImageObject\",\"inLanguage\":\"fr-FR\",\"@id\":\"https:\\\/\\\/secure.gravatar.com\\\/avatar\\\/4cac5ea56d40d599bd7348d330a83b1c84cd229296d1613cd1c7f6740561d0c9?s=96&d=mm&r=g\",\"url\":\"https:\\\/\\\/secure.gravatar.com\\\/avatar\\\/4cac5ea56d40d599bd7348d330a83b1c84cd229296d1613cd1c7f6740561d0c9?s=96&d=mm&r=g\",\"contentUrl\":\"https:\\\/\\\/secure.gravatar.com\\\/avatar\\\/4cac5ea56d40d599bd7348d330a83b1c84cd229296d1613cd1c7f6740561d0c9?s=96&d=mm&r=g\",\"caption\":\"Maria\"},\"description\":\"Meu nome \u00e9 Maria e sou apaixonada por teologia, espiritualidade e estudos religiosos. H\u00e1 mais de 5 anos escrevo sobre o universo da f\u00e9, pesquisando diferentes religi\u00f5es, doutrinas, tradi\u00e7\u00f5es espirituais e curiosidades religiosas ao redor do mundo. Tenho grande interesse em compreender como a f\u00e9 e a religiosidade se manifestam em diferentes culturas, pa\u00edses e idiomas, sempre buscando aprender mais sobre os costumes, cren\u00e7as e hist\u00f3rias que influenciam milh\u00f5es de pessoas diariamente. Atualmente, atuo como redatora no portal Ora\u00e7\u00e3o e F\u00e9, onde compartilho conte\u00fados informativos, reflexivos e inspiradores voltados ao universo religioso e espiritual. Meu objetivo \u00e9 levar conhecimento, curiosidades e mensagens enriquecedoras para leitores que desejam aprofundar sua compreens\u00e3o sobre f\u00e9, religi\u00e3o e espiritualidade no mundo moderno.\",\"sameAs\":[\"https:\\\/\\\/www.oracaoefe.com\"],\"url\":\"https:\\\/\\\/www.oracaoefe.com\\\/fr\\\/author\\\/admin\\\/\"}]}<\/script>\n<!-- \/ Yoast SEO plugin. -->","yoast_head_json":{"title":"Poderosa ora\u00e7\u00e3o para trazer prosperidade - Ora\u00e7\u00e3o e F\u00e9","description":"Deus tem pra voc\u00ea uma palavra de vida!Em breve voc\u00ea n\u00e3o pagar\u00e1 mais aluguel. Receba isso. O cart\u00e3o de cr\u00e9dito t\u00e3o sonhado...","robots":{"index":"index","follow":"follow","max-snippet":"max-snippet:-1","max-image-preview":"max-image-preview:large","max-video-preview":"max-video-preview:-1"},"canonical":"https:\/\/www.oracaoefe.com\/fr\/poderosa-oracao-para-trazer-prosperidade\/","og_locale":"fr_FR","og_type":"article","og_title":"Poderosa ora\u00e7\u00e3o para trazer prosperidade - Ora\u00e7\u00e3o e F\u00e9","og_description":"Deus tem pra voc\u00ea uma palavra de vida!Em breve voc\u00ea n\u00e3o pagar\u00e1 mais aluguel. Receba isso. O cart\u00e3o de cr\u00e9dito t\u00e3o sonhado...","og_url":"https:\/\/www.oracaoefe.com\/fr\/poderosa-oracao-para-trazer-prosperidade\/","og_site_name":"Ora\u00e7\u00e3o e F\u00e9","article_published_time":"2022-09-24T18:57:21+00:00","article_modified_time":"2022-09-26T00:37:49+00:00","og_image":[{"width":1200,"height":675,"url":"https:\/\/www.oracaoefe.com\/wp-content\/uploads\/2022\/09\/Poderosa-oracao-para-trazer-prosperidade.jpg","type":"image\/jpeg"}],"author":"Maria","twitter_card":"summary_large_image","twitter_misc":{"\u00c9crit par":"Maria","Dur\u00e9e de lecture estim\u00e9e":"3 minutes"},"schema":{"@context":"https:\/\/schema.org","@graph":[{"@type":"Article","@id":"https:\/\/www.oracaoefe.com\/poderosa-oracao-para-trazer-prosperidade\/#article","isPartOf":{"@id":"https:\/\/www.oracaoefe.com\/poderosa-oracao-para-trazer-prosperidade\/"},"author":{"name":"Maria","@id":"https:\/\/www.oracaoefe.com\/#\/schema\/person\/27873f1e6043866689f5091b5139f23d"},"headline":"Poderosa ora\u00e7\u00e3o para trazer prosperidade","datePublished":"2022-09-24T18:57:21+00:00","dateModified":"2022-09-26T00:37:49+00:00","mainEntityOfPage":{"@id":"https:\/\/www.oracaoefe.com\/poderosa-oracao-para-trazer-prosperidade\/"},"wordCount":566,"commentCount":0,"image":{"@id":"https:\/\/www.oracaoefe.com\/poderosa-oracao-para-trazer-prosperidade\/#primaryimage"},"thumbnailUrl":"https:\/\/www.oracaoefe.com\/wp-content\/uploads\/2022\/09\/Poderosa-oracao-para-trazer-prosperidade.jpg","keywords":["desfrutar a vida","Deus","ora\u00e7\u00e3o","ora\u00e7\u00e3o poderosa","prosperidade"],"articleSection":["Ora\u00e7\u00e3o"],"inLanguage":"fr-FR","potentialAction":[{"@type":"CommentAction","name":"Comment","target":["https:\/\/www.oracaoefe.com\/poderosa-oracao-para-trazer-prosperidade\/#respond"]}]},{"@type":"WebPage","@id":"https:\/\/www.oracaoefe.com\/poderosa-oracao-para-trazer-prosperidade\/","url":"https:\/\/www.oracaoefe.com\/poderosa-oracao-para-trazer-prosperidade\/","name":"Poderosa ora\u00e7\u00e3o para trazer prosperidade - Ora\u00e7\u00e3o e F\u00e9","isPartOf":{"@id":"https:\/\/www.oracaoefe.com\/#website"},"primaryImageOfPage":{"@id":"https:\/\/www.oracaoefe.com\/poderosa-oracao-para-trazer-prosperidade\/#primaryimage"},"image":{"@id":"https:\/\/www.oracaoefe.com\/poderosa-oracao-para-trazer-prosperidade\/#primaryimage"},"thumbnailUrl":"https:\/\/www.oracaoefe.com\/wp-content\/uploads\/2022\/09\/Poderosa-oracao-para-trazer-prosperidade.jpg","datePublished":"2022-09-24T18:57:21+00:00","dateModified":"2022-09-26T00:37:49+00:00","author":{"@id":"https:\/\/www.oracaoefe.com\/#\/schema\/person\/27873f1e6043866689f5091b5139f23d"},"description":"Deus tem pra voc\u00ea uma palavra de vida!Em breve voc\u00ea n\u00e3o pagar\u00e1 mais aluguel. Receba isso. O cart\u00e3o de cr\u00e9dito t\u00e3o sonhado...","breadcrumb":{"@id":"https:\/\/www.oracaoefe.com\/poderosa-oracao-para-trazer-prosperidade\/#breadcrumb"},"inLanguage":"fr-FR","potentialAction":[{"@type":"ReadAction","target":["https:\/\/www.oracaoefe.com\/poderosa-oracao-para-trazer-prosperidade\/"]}]},{"@type":"ImageObject","inLanguage":"fr-FR","@id":"https:\/\/www.oracaoefe.com\/poderosa-oracao-para-trazer-prosperidade\/#primaryimage","url":"https:\/\/www.oracaoefe.com\/wp-content\/uploads\/2022\/09\/Poderosa-oracao-para-trazer-prosperidade.jpg","contentUrl":"https:\/\/www.oracaoefe.com\/wp-content\/uploads\/2022\/09\/Poderosa-oracao-para-trazer-prosperidade.jpg","width":1200,"height":675,"caption":"Poderosa ora\u00e7\u00e3o para trazer prosperidade"},{"@type":"BreadcrumbList","@id":"https:\/\/www.oracaoefe.com\/poderosa-oracao-para-trazer-prosperidade\/#breadcrumb","itemListElement":[{"@type":"ListItem","position":1,"name":"Home","item":"https:\/\/www.oracaoefe.com\/"},{"@type":"ListItem","position":2,"name":"Ora\u00e7\u00e3o","item":"https:\/\/www.oracaoefe.com\/category\/oracao\/"},{"@type":"ListItem","position":3,"name":"Poderosa ora\u00e7\u00e3o para trazer prosperidade"}]},{"@type":"WebSite","@id":"https:\/\/www.oracaoefe.com\/#website","url":"https:\/\/www.oracaoefe.com\/","name":"Pri\u00e8re et foi","description":"","potentialAction":[{"@type":"SearchAction","target":{"@type":"EntryPoint","urlTemplate":"https:\/\/www.oracaoefe.com\/?s={search_term_string}"},"query-input":{"@type":"PropertyValueSpecification","valueRequired":true,"valueName":"search_term_string"}}],"inLanguage":"fr-FR"},{"@type":"Person","@id":"https:\/\/www.oracaoefe.com\/#\/schema\/person\/27873f1e6043866689f5091b5139f23d","name":"Maria","image":{"@type":"ImageObject","inLanguage":"fr-FR","@id":"https:\/\/secure.gravatar.com\/avatar\/4cac5ea56d40d599bd7348d330a83b1c84cd229296d1613cd1c7f6740561d0c9?s=96&d=mm&r=g","url":"https:\/\/secure.gravatar.com\/avatar\/4cac5ea56d40d599bd7348d330a83b1c84cd229296d1613cd1c7f6740561d0c9?s=96&d=mm&r=g","contentUrl":"https:\/\/secure.gravatar.com\/avatar\/4cac5ea56d40d599bd7348d330a83b1c84cd229296d1613cd1c7f6740561d0c9?s=96&d=mm&r=g","caption":"Maria"},"description":"Meu nome \u00e9 Maria e sou apaixonada por teologia, espiritualidade e estudos religiosos. H\u00e1 mais de 5 anos escrevo sobre o universo da f\u00e9, pesquisando diferentes religi\u00f5es, doutrinas, tradi\u00e7\u00f5es espirituais e curiosidades religiosas ao redor do mundo. Tenho grande interesse em compreender como a f\u00e9 e a religiosidade se manifestam em diferentes culturas, pa\u00edses e idiomas, sempre buscando aprender mais sobre os costumes, cren\u00e7as e hist\u00f3rias que influenciam milh\u00f5es de pessoas diariamente. Atualmente, atuo como redatora no portal Ora\u00e7\u00e3o e F\u00e9, onde compartilho conte\u00fados informativos, reflexivos e inspiradores voltados ao universo religioso e espiritual. Meu objetivo \u00e9 levar conhecimento, curiosidades e mensagens enriquecedoras para leitores que desejam aprofundar sua compreens\u00e3o sobre f\u00e9, religi\u00e3o e espiritualidade no mundo moderno.","sameAs":["https:\/\/www.oracaoefe.com"],"url":"https:\/\/www.oracaoefe.com\/fr\/author\/admin\/"}]}},"_links":{"self":[{"href":"https:\/\/www.oracaoefe.com\/fr\/wp-json\/wp\/v2\/posts\/233","targetHints":{"allow":["GET"]}}],"collection":[{"href":"https:\/\/www.oracaoefe.com\/fr\/wp-json\/wp\/v2\/posts"}],"about":[{"href":"https:\/\/www.oracaoefe.com\/fr\/wp-json\/wp\/v2\/types\/post"}],"author":[{"embeddable":true,"href":"https:\/\/www.oracaoefe.com\/fr\/wp-json\/wp\/v2\/users\/1"}],"replies":[{"embeddable":true,"href":"https:\/\/www.oracaoefe.com\/fr\/wp-json\/wp\/v2\/comments?post=233"}],"version-history":[{"count":3,"href":"https:\/\/www.oracaoefe.com\/fr\/wp-json\/wp\/v2\/posts\/233\/revisions"}],"predecessor-version":[{"id":417,"href":"https:\/\/www.oracaoefe.com\/fr\/wp-json\/wp\/v2\/posts\/233\/revisions\/417"}],"wp:featuredmedia":[{"embeddable":true,"href":"https:\/\/www.oracaoefe.com\/fr\/wp-json\/wp\/v2\/media\/418"}],"wp:attachment":[{"href":"https:\/\/www.oracaoefe.com\/fr\/wp-json\/wp\/v2\/media?parent=233"}],"wp:term":[{"taxonomy":"category","embeddable":true,"href":"https:\/\/www.oracaoefe.com\/fr\/wp-json\/wp\/v2\/categories?post=233"},{"taxonomy":"post_tag","embeddable":true,"href":"https:\/\/www.oracaoefe.com\/fr\/wp-json\/wp\/v2\/tags?post=233"}],"curies":[{"name":"wp","href":"https:\/\/api.w.org\/{rel}","templated":true}]}}