{"id":1971,"date":"2023-03-21T06:00:00","date_gmt":"2023-03-21T09:00:00","guid":{"rendered":"https:\/\/www.oracaoefe.com\/?p=1971"},"modified":"2023-03-02T22:59:55","modified_gmt":"2023-03-03T01:59:55","slug":"oracao-poderosa-para-tudo-dar-certo-urgente","status":"publish","type":"post","link":"https:\/\/www.oracaoefe.com\/fr\/oracao-poderosa-para-tudo-dar-certo-urgente\/","title":{"rendered":"Ora\u00e7\u00e3o poderosa para tudo dar certo urgente"},"content":{"rendered":"<p class=\"wp-block-paragraph\">A <strong>ora\u00e7\u00e3o poderosa para tudo dar certo urgente <\/strong>\u00e9 uma pr\u00e1tica espiritual poderosa que pode trazer paz, conforto e orienta\u00e7\u00e3o em momentos dif\u00edceis. Quando enfrentamos problemas e situa\u00e7\u00f5es urgentes, a ora\u00e7\u00e3o pode ser uma ferramenta valiosa para nos ajudar a lidar com as dificuldades e alcan\u00e7ar a resolu\u00e7\u00e3o desejada. Neste texto, vamos falar sobre uma ora\u00e7\u00e3o poderosa para tudo dar certo urgente.<\/p>\n\n\n\n<figure class=\"wp-block-image size-full is-resized\"><img loading=\"lazy\" decoding=\"async\" src=\"https:\/\/www.oracaoefe.com\/wp-content\/uploads\/2023\/03\/image-2.png\" alt=\"\" class=\"wp-image-1977\" width=\"770\" height=\"433\" srcset=\"https:\/\/www.oracaoefe.com\/wp-content\/uploads\/2023\/03\/image-2.png 612w, https:\/\/www.oracaoefe.com\/wp-content\/uploads\/2023\/03\/image-2-300x169.png 300w, https:\/\/www.oracaoefe.com\/wp-content\/uploads\/2023\/03\/image-2-18x10.png 18w, https:\/\/www.oracaoefe.com\/wp-content\/uploads\/2023\/03\/image-2-383x215.png 383w\" sizes=\"auto, (max-width: 770px) 100vw, 770px\" \/><figcaption class=\"wp-element-caption\">Image : Pixabay - Reproduction<\/figcaption><\/figure>\n\n\n\n<p class=\"wp-block-paragraph\">Antes de come\u00e7ar a ora\u00e7\u00e3o, \u00e9 importante lembrar que a f\u00e9 e a confian\u00e7a em Deus s\u00e3o fundamentais para que a ora\u00e7\u00e3o seja eficaz. \u00c9 necess\u00e1rio acreditar que Deus est\u00e1 ao nosso lado e que Ele pode ajudar a resolver nossos problemas, mesmo quando tudo parece imposs\u00edvel. Tamb\u00e9m \u00e9 importante lembrar que a ora\u00e7\u00e3o n\u00e3o \u00e9 uma f\u00f3rmula m\u00e1gica para resolver todos os nossos problemas instantaneamente. \u00c0s vezes, \u00e9 necess\u00e1rio tempo e paci\u00eancia para que as coisas se resolvam. No entanto, a ora\u00e7\u00e3o pode ser uma poderosa aliada nesses momentos, nos dando for\u00e7a e esperan\u00e7a para enfrentar os desafios.<\/p>\n\n\n\n<h2 class=\"wp-block-heading\">Ora\u00e7\u00e3o poderosa para tudo dar certo urgente<\/h2>\n\n\n\n<p class=\"wp-block-paragraph\">Veja, a seguir, uma ora\u00e7\u00e3o poderosa para tudo dar certo urgente:<\/p>\n\n\n\n<p class=\"wp-block-paragraph\"><em>&#8220;Amado Deus, neste momento eu venho a Ti com um cora\u00e7\u00e3o cheio de preocupa\u00e7\u00f5es e problemas urgentes. Eu sinto que as coisas est\u00e3o fora de controle e n\u00e3o sei o que fazer. Mas eu sei que o Senhor \u00e9 o meu Pai amoroso e que cuida de mim em todos os momentos, mesmo nos mais dif\u00edceis. Eu confio em Ti e pe\u00e7o a Tua ajuda para que tudo d\u00ea certo em minha vida.<\/em><\/p>\n\n\n\n<p class=\"wp-block-paragraph\"><em>Eu Te pe\u00e7o, Senhor, que me d\u00ea for\u00e7a e coragem para enfrentar os desafios que est\u00e3o diante de mim. Ajuda-me a encontrar solu\u00e7\u00f5es para os meus problemas e a tomar as melhores decis\u00f5es. Que eu possa agir com sabedoria e discernimento em todas as situa\u00e7\u00f5es.<\/em><\/p>\n\n\n\n<p class=\"wp-block-paragraph\"><em>Eu Te pe\u00e7o, Senhor, que me ajude a superar as dificuldades financeiras que estou enfrentando. Que eu possa encontrar uma fonte de renda est\u00e1vel e suficiente para suprir as minhas necessidades e as da minha fam\u00edlia. Que eu possa ter sabedoria para lidar com o dinheiro e para administrar as minhas finan\u00e7as de forma respons\u00e1vel.<\/em><\/p>\n\n\n\n<p class=\"wp-block-paragraph\"><em>Eu Te pe\u00e7o, Senhor, que me ajude a superar as dificuldades no meu relacionamento. Que eu possa encontrar paz e harmonia com as pessoas ao meu redor, e que as minhas rela\u00e7\u00f5es pessoais possam ser restauradas e fortalecidas.<\/em><\/p>\n\n\n\n<p class=\"wp-block-paragraph\"><em>Eu Te pe\u00e7o, Senhor, que me ajude a superar as dificuldades na minha sa\u00fade. Que eu possa encontrar cura e for\u00e7a para o meu corpo e que possa ter a energia necess\u00e1ria para enfrentar os desafios di\u00e1rios.<\/em><\/p>\n\n\n\n<p class=\"wp-block-paragraph\"><em>Eu Te pe\u00e7o, Senhor, que me ajude a encontrar prop\u00f3sito e dire\u00e7\u00e3o em minha vida. Que eu possa descobrir a minha voca\u00e7\u00e3o e as minhas habilidades, e que possa us\u00e1-las para servir aos outros e fazer a diferen\u00e7a no mundo. Am\u00e9m\u201d<\/em><\/p>\n\n\n\n<h2 class=\"wp-block-heading\">Qual ora\u00e7\u00e3o para conseguir algo imediato?<\/h2>\n\n\n\n<p class=\"wp-block-paragraph\"><em>&#8220;Deus Todo-Poderoso, eu venho a Ti neste momento com um cora\u00e7\u00e3o cheio de necessidades urgentes. Eu sei que Tu \u00e9s capaz de fazer todas as coisas e que nada \u00e9 imposs\u00edvel para Ti. Por isso, eu coloco em Tuas m\u00e3os a minha situa\u00e7\u00e3o atual.<\/em><\/p>\n\n\n\n<p class=\"wp-block-paragraph\"><em>Senhor, eu pe\u00e7o que Tu me d\u00ea sabedoria e discernimento para lidar com esta situa\u00e7\u00e3o de forma eficaz e imediata. Guia-me com Tua sabedoria divina e me ajuda a tomar as decis\u00f5es corretas para alcan\u00e7ar o resultado desejado.<\/em><\/p>\n\n\n\n<p class=\"wp-block-paragraph\"><em>Eu sei que, \u00e0s vezes, as coisas n\u00e3o acontecem da maneira que queremos e que a Tua vontade \u00e9 sempre a melhor para n\u00f3s. Por isso, eu pe\u00e7o que, se este n\u00e3o for o momento certo ou se esta n\u00e3o for a solu\u00e7\u00e3o certa, Tu me mostres o caminho certo a seguir.<\/em><\/p>\n\n\n\n<p class=\"wp-block-paragraph\"><em>Mas, se for a Tua vontade que eu obtenha este resultado imediatamente, eu Te pe\u00e7o que me d\u00ea a for\u00e7a, a coragem e a determina\u00e7\u00e3o para persistir na busca deste objetivo. Eu creio que Tu podes mover montanhas e que n\u00e3o h\u00e1 limites para o que Tu podes fazer.<\/em><\/p>\n\n\n\n<p class=\"wp-block-paragraph\"><em>Eu confio em Ti e coloco esta situa\u00e7\u00e3o em Tuas m\u00e3os. Eu Te agrade\u00e7o, Senhor, por ouvir a minha ora\u00e7\u00e3o e por estar sempre ao meu lado, guiando-me e protegendo-me em todos os momentos. Em nome de Jesus, am\u00e9m.&#8221;<\/em><\/p>\n\n\n\n<p class=\"wp-block-paragraph\"><strong>Voir aussi\u00a0: <a href=\"https:\/\/www.oracaoefe.com\/fr\/oracao-para-comecar-bem-o-dia-evite-a-procrastinacao\/\">Ora\u00e7\u00e3o para come\u00e7ar bem o dia: Evite a procrastina\u00e7\u00e3o<\/a><\/strong><\/p>\n\n\n\n<p class=\"wp-block-paragraph\">21 de mar\u00e7o de 2023<\/p>","protected":false},"excerpt":{"rendered":"<p>A ora\u00e7\u00e3o poderosa para tudo dar certo urgente \u00e9 uma pr\u00e1tica espiritual poderosa que pode trazer paz, conforto e orienta\u00e7\u00e3o em momentos dif\u00edceis. Quando enfrentamos problemas e situa\u00e7\u00f5es urgentes, a ora\u00e7\u00e3o pode ser uma ferramenta valiosa para nos ajudar a lidar com as dificuldades e alcan\u00e7ar a resolu\u00e7\u00e3o desejada. Neste texto, vamos falar sobre uma&hellip;&nbsp;<\/p>","protected":false},"author":3,"featured_media":1977,"comment_status":"closed","ping_status":"closed","sticky":false,"template":"","format":"standard","meta":{"neve_meta_sidebar":"","neve_meta_container":"","neve_meta_enable_content_width":"","neve_meta_content_width":0,"neve_meta_title_alignment":"","neve_meta_author_avatar":"","neve_post_elements_order":"","neve_meta_disable_header":"","neve_meta_disable_footer":"","neve_meta_disable_title":"","footnotes":""},"categories":[2],"tags":[],"class_list":["post-1971","post","type-post","status-publish","format-standard","has-post-thumbnail","hentry","category-oracao"],"yoast_head":"<!-- This site is optimized with the Yoast SEO plugin v28.4 - https:\/\/yoast.com\/product\/yoast-seo-wordpress\/ -->\n<title>Ora\u00e7\u00e3o poderosa para tudo dar certo urgente - Ora\u00e7\u00e3o e F\u00e9<\/title>\n<meta name=\"description\" content=\"Deus tem pra voc\u00ea uma palavra de vida!\" \/>\n<meta name=\"robots\" content=\"index, follow, max-snippet:-1, max-image-preview:large, max-video-preview:-1\" \/>\n<link rel=\"canonical\" href=\"https:\/\/www.oracaoefe.com\/fr\/oracao-poderosa-para-tudo-dar-certo-urgente\/\" \/>\n<meta property=\"og:locale\" content=\"fr_FR\" \/>\n<meta property=\"og:type\" content=\"article\" \/>\n<meta property=\"og:title\" content=\"Ora\u00e7\u00e3o poderosa para tudo dar certo urgente - Ora\u00e7\u00e3o e F\u00e9\" \/>\n<meta property=\"og:description\" content=\"Deus tem pra voc\u00ea uma palavra de vida!\" \/>\n<meta property=\"og:url\" content=\"https:\/\/www.oracaoefe.com\/fr\/oracao-poderosa-para-tudo-dar-certo-urgente\/\" \/>\n<meta property=\"og:site_name\" content=\"Ora\u00e7\u00e3o e F\u00e9\" \/>\n<meta property=\"article:published_time\" content=\"2023-03-21T09:00:00+00:00\" \/>\n<meta property=\"og:image\" content=\"https:\/\/www.oracaoefe.com\/wp-content\/uploads\/2023\/03\/image-2.png\" \/>\n\t<meta property=\"og:image:width\" content=\"612\" \/>\n\t<meta property=\"og:image:height\" content=\"344\" \/>\n\t<meta property=\"og:image:type\" content=\"image\/png\" \/>\n<meta name=\"author\" content=\"Michele Azevedo\" \/>\n<meta name=\"twitter:card\" content=\"summary_large_image\" \/>\n<meta name=\"twitter:label1\" content=\"\u00c9crit par\" \/>\n\t<meta name=\"twitter:data1\" content=\"Michele Azevedo\" \/>\n\t<meta name=\"twitter:label2\" content=\"Dur\u00e9e de lecture estim\u00e9e\" \/>\n\t<meta name=\"twitter:data2\" content=\"4 minutes\" \/>\n<script type=\"application\/ld+json\" class=\"yoast-schema-graph\">{\"@context\":\"https:\\\/\\\/schema.org\",\"@graph\":[{\"@type\":\"Article\",\"@id\":\"https:\\\/\\\/www.oracaoefe.com\\\/oracao-poderosa-para-tudo-dar-certo-urgente\\\/#article\",\"isPartOf\":{\"@id\":\"https:\\\/\\\/www.oracaoefe.com\\\/oracao-poderosa-para-tudo-dar-certo-urgente\\\/\"},\"author\":{\"name\":\"Michele Azevedo\",\"@id\":\"https:\\\/\\\/www.oracaoefe.com\\\/#\\\/schema\\\/person\\\/17283c669442cf005c4d5bb58adfb7f5\"},\"headline\":\"Ora\u00e7\u00e3o poderosa para tudo dar certo urgente\",\"datePublished\":\"2023-03-21T09:00:00+00:00\",\"mainEntityOfPage\":{\"@id\":\"https:\\\/\\\/www.oracaoefe.com\\\/oracao-poderosa-para-tudo-dar-certo-urgente\\\/\"},\"wordCount\":802,\"image\":{\"@id\":\"https:\\\/\\\/www.oracaoefe.com\\\/oracao-poderosa-para-tudo-dar-certo-urgente\\\/#primaryimage\"},\"thumbnailUrl\":\"https:\\\/\\\/www.oracaoefe.com\\\/wp-content\\\/uploads\\\/2023\\\/03\\\/image-2.png\",\"articleSection\":[\"Ora\u00e7\u00e3o\"],\"inLanguage\":\"fr-FR\"},{\"@type\":\"WebPage\",\"@id\":\"https:\\\/\\\/www.oracaoefe.com\\\/oracao-poderosa-para-tudo-dar-certo-urgente\\\/\",\"url\":\"https:\\\/\\\/www.oracaoefe.com\\\/oracao-poderosa-para-tudo-dar-certo-urgente\\\/\",\"name\":\"Ora\u00e7\u00e3o poderosa para tudo dar certo urgente - Ora\u00e7\u00e3o e F\u00e9\",\"isPartOf\":{\"@id\":\"https:\\\/\\\/www.oracaoefe.com\\\/#website\"},\"primaryImageOfPage\":{\"@id\":\"https:\\\/\\\/www.oracaoefe.com\\\/oracao-poderosa-para-tudo-dar-certo-urgente\\\/#primaryimage\"},\"image\":{\"@id\":\"https:\\\/\\\/www.oracaoefe.com\\\/oracao-poderosa-para-tudo-dar-certo-urgente\\\/#primaryimage\"},\"thumbnailUrl\":\"https:\\\/\\\/www.oracaoefe.com\\\/wp-content\\\/uploads\\\/2023\\\/03\\\/image-2.png\",\"datePublished\":\"2023-03-21T09:00:00+00:00\",\"author\":{\"@id\":\"https:\\\/\\\/www.oracaoefe.com\\\/#\\\/schema\\\/person\\\/17283c669442cf005c4d5bb58adfb7f5\"},\"description\":\"Deus tem pra voc\u00ea uma palavra de vida!\",\"breadcrumb\":{\"@id\":\"https:\\\/\\\/www.oracaoefe.com\\\/oracao-poderosa-para-tudo-dar-certo-urgente\\\/#breadcrumb\"},\"inLanguage\":\"fr-FR\",\"potentialAction\":[{\"@type\":\"ReadAction\",\"target\":[\"https:\\\/\\\/www.oracaoefe.com\\\/oracao-poderosa-para-tudo-dar-certo-urgente\\\/\"]}]},{\"@type\":\"ImageObject\",\"inLanguage\":\"fr-FR\",\"@id\":\"https:\\\/\\\/www.oracaoefe.com\\\/oracao-poderosa-para-tudo-dar-certo-urgente\\\/#primaryimage\",\"url\":\"https:\\\/\\\/www.oracaoefe.com\\\/wp-content\\\/uploads\\\/2023\\\/03\\\/image-2.png\",\"contentUrl\":\"https:\\\/\\\/www.oracaoefe.com\\\/wp-content\\\/uploads\\\/2023\\\/03\\\/image-2.png\",\"width\":612,\"height\":344},{\"@type\":\"BreadcrumbList\",\"@id\":\"https:\\\/\\\/www.oracaoefe.com\\\/oracao-poderosa-para-tudo-dar-certo-urgente\\\/#breadcrumb\",\"itemListElement\":[{\"@type\":\"ListItem\",\"position\":1,\"name\":\"Home\",\"item\":\"https:\\\/\\\/www.oracaoefe.com\\\/\"},{\"@type\":\"ListItem\",\"position\":2,\"name\":\"Ora\u00e7\u00e3o\",\"item\":\"https:\\\/\\\/www.oracaoefe.com\\\/category\\\/oracao\\\/\"},{\"@type\":\"ListItem\",\"position\":3,\"name\":\"Ora\u00e7\u00e3o poderosa para tudo dar certo urgente\"}]},{\"@type\":\"WebSite\",\"@id\":\"https:\\\/\\\/www.oracaoefe.com\\\/#website\",\"url\":\"https:\\\/\\\/www.oracaoefe.com\\\/\",\"name\":\"Ora\u00e7\u00e3o e F\u00e9\",\"description\":\"\",\"potentialAction\":[{\"@type\":\"SearchAction\",\"target\":{\"@type\":\"EntryPoint\",\"urlTemplate\":\"https:\\\/\\\/www.oracaoefe.com\\\/?s={search_term_string}\"},\"query-input\":{\"@type\":\"PropertyValueSpecification\",\"valueRequired\":true,\"valueName\":\"search_term_string\"}}],\"inLanguage\":\"fr-FR\"},{\"@type\":\"Person\",\"@id\":\"https:\\\/\\\/www.oracaoefe.com\\\/#\\\/schema\\\/person\\\/17283c669442cf005c4d5bb58adfb7f5\",\"name\":\"Michele Azevedo\",\"image\":{\"@type\":\"ImageObject\",\"inLanguage\":\"fr-FR\",\"@id\":\"https:\\\/\\\/secure.gravatar.com\\\/avatar\\\/6b0eb9d22841282815e2cd856a0061c45e1761cd54b22e952d98c4746939aa85?s=96&d=mm&r=g\",\"url\":\"https:\\\/\\\/secure.gravatar.com\\\/avatar\\\/6b0eb9d22841282815e2cd856a0061c45e1761cd54b22e952d98c4746939aa85?s=96&d=mm&r=g\",\"contentUrl\":\"https:\\\/\\\/secure.gravatar.com\\\/avatar\\\/6b0eb9d22841282815e2cd856a0061c45e1761cd54b22e952d98c4746939aa85?s=96&d=mm&r=g\",\"caption\":\"Michele Azevedo\"},\"description\":\"Formada em Letras - Portugu\u00eas\\\/ Ingl\u00eas pela Universidade Estadual de Ponta Grossa (UEPG), p\u00f3s-graduada em Arte na Educa\u00e7\u00e3o (FAPI) e Psicopedagogia Escolar (FAPI), idealizadora e propriet\u00e1ria do site Escritora de Sucesso, possui experi\u00eancia em escrita para blogs em geral e atua como redatora e revisora dos conte\u00fados do Ora\u00e7\u00e3o e F\u00e9.\",\"url\":\"https:\\\/\\\/www.oracaoefe.com\\\/fr\\\/author\\\/michele-azevedo\\\/\"}]}<\/script>\n<!-- \/ Yoast SEO plugin. -->","yoast_head_json":{"title":"Ora\u00e7\u00e3o poderosa para tudo dar certo urgente - Ora\u00e7\u00e3o e F\u00e9","description":"Dieu a une parole de vie pour vous !","robots":{"index":"index","follow":"follow","max-snippet":"max-snippet:-1","max-image-preview":"max-image-preview:large","max-video-preview":"max-video-preview:-1"},"canonical":"https:\/\/www.oracaoefe.com\/fr\/oracao-poderosa-para-tudo-dar-certo-urgente\/","og_locale":"fr_FR","og_type":"article","og_title":"Ora\u00e7\u00e3o poderosa para tudo dar certo urgente - Ora\u00e7\u00e3o e F\u00e9","og_description":"Deus tem pra voc\u00ea uma palavra de vida!","og_url":"https:\/\/www.oracaoefe.com\/fr\/oracao-poderosa-para-tudo-dar-certo-urgente\/","og_site_name":"Ora\u00e7\u00e3o e F\u00e9","article_published_time":"2023-03-21T09:00:00+00:00","og_image":[{"width":612,"height":344,"url":"https:\/\/www.oracaoefe.com\/wp-content\/uploads\/2023\/03\/image-2.png","type":"image\/png"}],"author":"Michele Azevedo","twitter_card":"summary_large_image","twitter_misc":{"\u00c9crit par":"Michele Azevedo","Dur\u00e9e de lecture estim\u00e9e":"4 minutes"},"schema":{"@context":"https:\/\/schema.org","@graph":[{"@type":"Article","@id":"https:\/\/www.oracaoefe.com\/oracao-poderosa-para-tudo-dar-certo-urgente\/#article","isPartOf":{"@id":"https:\/\/www.oracaoefe.com\/oracao-poderosa-para-tudo-dar-certo-urgente\/"},"author":{"name":"Michele Azevedo","@id":"https:\/\/www.oracaoefe.com\/#\/schema\/person\/17283c669442cf005c4d5bb58adfb7f5"},"headline":"Ora\u00e7\u00e3o poderosa para tudo dar certo urgente","datePublished":"2023-03-21T09:00:00+00:00","mainEntityOfPage":{"@id":"https:\/\/www.oracaoefe.com\/oracao-poderosa-para-tudo-dar-certo-urgente\/"},"wordCount":802,"image":{"@id":"https:\/\/www.oracaoefe.com\/oracao-poderosa-para-tudo-dar-certo-urgente\/#primaryimage"},"thumbnailUrl":"https:\/\/www.oracaoefe.com\/wp-content\/uploads\/2023\/03\/image-2.png","articleSection":["Ora\u00e7\u00e3o"],"inLanguage":"fr-FR"},{"@type":"WebPage","@id":"https:\/\/www.oracaoefe.com\/oracao-poderosa-para-tudo-dar-certo-urgente\/","url":"https:\/\/www.oracaoefe.com\/oracao-poderosa-para-tudo-dar-certo-urgente\/","name":"Ora\u00e7\u00e3o poderosa para tudo dar certo urgente - Ora\u00e7\u00e3o e F\u00e9","isPartOf":{"@id":"https:\/\/www.oracaoefe.com\/#website"},"primaryImageOfPage":{"@id":"https:\/\/www.oracaoefe.com\/oracao-poderosa-para-tudo-dar-certo-urgente\/#primaryimage"},"image":{"@id":"https:\/\/www.oracaoefe.com\/oracao-poderosa-para-tudo-dar-certo-urgente\/#primaryimage"},"thumbnailUrl":"https:\/\/www.oracaoefe.com\/wp-content\/uploads\/2023\/03\/image-2.png","datePublished":"2023-03-21T09:00:00+00:00","author":{"@id":"https:\/\/www.oracaoefe.com\/#\/schema\/person\/17283c669442cf005c4d5bb58adfb7f5"},"description":"Dieu a une parole de vie pour vous !","breadcrumb":{"@id":"https:\/\/www.oracaoefe.com\/oracao-poderosa-para-tudo-dar-certo-urgente\/#breadcrumb"},"inLanguage":"fr-FR","potentialAction":[{"@type":"ReadAction","target":["https:\/\/www.oracaoefe.com\/oracao-poderosa-para-tudo-dar-certo-urgente\/"]}]},{"@type":"ImageObject","inLanguage":"fr-FR","@id":"https:\/\/www.oracaoefe.com\/oracao-poderosa-para-tudo-dar-certo-urgente\/#primaryimage","url":"https:\/\/www.oracaoefe.com\/wp-content\/uploads\/2023\/03\/image-2.png","contentUrl":"https:\/\/www.oracaoefe.com\/wp-content\/uploads\/2023\/03\/image-2.png","width":612,"height":344},{"@type":"BreadcrumbList","@id":"https:\/\/www.oracaoefe.com\/oracao-poderosa-para-tudo-dar-certo-urgente\/#breadcrumb","itemListElement":[{"@type":"ListItem","position":1,"name":"Home","item":"https:\/\/www.oracaoefe.com\/"},{"@type":"ListItem","position":2,"name":"Ora\u00e7\u00e3o","item":"https:\/\/www.oracaoefe.com\/category\/oracao\/"},{"@type":"ListItem","position":3,"name":"Ora\u00e7\u00e3o poderosa para tudo dar certo urgente"}]},{"@type":"WebSite","@id":"https:\/\/www.oracaoefe.com\/#website","url":"https:\/\/www.oracaoefe.com\/","name":"Pri\u00e8re et foi","description":"","potentialAction":[{"@type":"SearchAction","target":{"@type":"EntryPoint","urlTemplate":"https:\/\/www.oracaoefe.com\/?s={search_term_string}"},"query-input":{"@type":"PropertyValueSpecification","valueRequired":true,"valueName":"search_term_string"}}],"inLanguage":"fr-FR"},{"@type":"Person","@id":"https:\/\/www.oracaoefe.com\/#\/schema\/person\/17283c669442cf005c4d5bb58adfb7f5","name":"Michele Azevedo","image":{"@type":"ImageObject","inLanguage":"fr-FR","@id":"https:\/\/secure.gravatar.com\/avatar\/6b0eb9d22841282815e2cd856a0061c45e1761cd54b22e952d98c4746939aa85?s=96&d=mm&r=g","url":"https:\/\/secure.gravatar.com\/avatar\/6b0eb9d22841282815e2cd856a0061c45e1761cd54b22e952d98c4746939aa85?s=96&d=mm&r=g","contentUrl":"https:\/\/secure.gravatar.com\/avatar\/6b0eb9d22841282815e2cd856a0061c45e1761cd54b22e952d98c4746939aa85?s=96&d=mm&r=g","caption":"Michele Azevedo"},"description":"Dipl\u00f4m\u00e9e en litt\u00e9rature portugaise\/anglaise de l&#039;Universit\u00e9 d&#039;\u00c9tat de Ponta Grossa (UEPG), avec des dipl\u00f4mes de troisi\u00e8me cycle en art dans l&#039;\u00e9ducation (FAPI) et en psychop\u00e9dagogie scolaire (FAPI), elle est la cr\u00e9atrice et propri\u00e9taire du site web Escritora de Sucesso, a de l&#039;exp\u00e9rience dans l&#039;\u00e9criture pour les blogs en g\u00e9n\u00e9ral et travaille comme r\u00e9dactrice et \u00e9ditrice du contenu pour Ora\u00e7\u00e3o e F\u00e9.","url":"https:\/\/www.oracaoefe.com\/fr\/author\/michele-azevedo\/"}]}},"_links":{"self":[{"href":"https:\/\/www.oracaoefe.com\/fr\/wp-json\/wp\/v2\/posts\/1971","targetHints":{"allow":["GET"]}}],"collection":[{"href":"https:\/\/www.oracaoefe.com\/fr\/wp-json\/wp\/v2\/posts"}],"about":[{"href":"https:\/\/www.oracaoefe.com\/fr\/wp-json\/wp\/v2\/types\/post"}],"author":[{"embeddable":true,"href":"https:\/\/www.oracaoefe.com\/fr\/wp-json\/wp\/v2\/users\/3"}],"replies":[{"embeddable":true,"href":"https:\/\/www.oracaoefe.com\/fr\/wp-json\/wp\/v2\/comments?post=1971"}],"version-history":[{"count":2,"href":"https:\/\/www.oracaoefe.com\/fr\/wp-json\/wp\/v2\/posts\/1971\/revisions"}],"predecessor-version":[{"id":1978,"href":"https:\/\/www.oracaoefe.com\/fr\/wp-json\/wp\/v2\/posts\/1971\/revisions\/1978"}],"wp:featuredmedia":[{"embeddable":true,"href":"https:\/\/www.oracaoefe.com\/fr\/wp-json\/wp\/v2\/media\/1977"}],"wp:attachment":[{"href":"https:\/\/www.oracaoefe.com\/fr\/wp-json\/wp\/v2\/media?parent=1971"}],"wp:term":[{"taxonomy":"category","embeddable":true,"href":"https:\/\/www.oracaoefe.com\/fr\/wp-json\/wp\/v2\/categories?post=1971"},{"taxonomy":"post_tag","embeddable":true,"href":"https:\/\/www.oracaoefe.com\/fr\/wp-json\/wp\/v2\/tags?post=1971"}],"curies":[{"name":"wp","href":"https:\/\/api.w.org\/{rel}","templated":true}]}}