{"id":1963,"date":"2023-03-13T06:00:00","date_gmt":"2023-03-13T09:00:00","guid":{"rendered":"https:\/\/www.oracaoefe.com\/?p=1963"},"modified":"2023-02-28T18:03:29","modified_gmt":"2023-02-28T21:03:29","slug":"oracao-para-comecar-bem-o-dia-tenha-fe-e-tudo-vai-dar-certo","status":"publish","type":"post","link":"https:\/\/www.oracaoefe.com\/fr\/oracao-para-comecar-bem-o-dia-tenha-fe-e-tudo-vai-dar-certo\/","title":{"rendered":"Ora\u00e7\u00e3o para come\u00e7ar bem o dia: Tenha f\u00e9 e tudo vai dar certo"},"content":{"rendered":"<p class=\"wp-block-paragraph\">Para aqueles que desejam buscar a Deus diariamente e fortalecer sua espiritualidade, a ora\u00e7\u00e3o matinal \u00e9 um h\u00e1bito fundamental. Iniciar o dia em comunh\u00e3o com o Pai celestial \u00e9 uma maneira de depositar nossas preocupa\u00e7\u00f5es, ansiedades e planos nas m\u00e3os dEle, pedindo por orienta\u00e7\u00e3o e dire\u00e7\u00e3o. A ora\u00e7\u00e3o matinal nos ajuda a manter uma postura humilde e dependente de Deus, reconhecendo que sem Ele n\u00e3o somos capazes de enfrentar os desafios da vida. Atrav\u00e9s da ora\u00e7\u00e3o matinal, podemos fortalecer nossa f\u00e9, renovar nossa mente e nos aproximar de Deus, sentindo Sua presen\u00e7a em cada momento do nosso dia.<\/p>\n\n\n\n<figure class=\"wp-block-image size-large\"><img loading=\"lazy\" decoding=\"async\" width=\"1024\" height=\"682\" src=\"https:\/\/www.oracaoefe.com\/wp-content\/uploads\/2023\/02\/image-14-1024x682.png\" alt=\"\" class=\"wp-image-1964\" srcset=\"https:\/\/www.oracaoefe.com\/wp-content\/uploads\/2023\/02\/image-14-1024x682.png 1024w, https:\/\/www.oracaoefe.com\/wp-content\/uploads\/2023\/02\/image-14-300x200.png 300w, https:\/\/www.oracaoefe.com\/wp-content\/uploads\/2023\/02\/image-14-768x512.png 768w, https:\/\/www.oracaoefe.com\/wp-content\/uploads\/2023\/02\/image-14-18x12.png 18w, https:\/\/www.oracaoefe.com\/wp-content\/uploads\/2023\/02\/image-14.png 1280w\" sizes=\"auto, (max-width: 1024px) 100vw, 1024px\" \/><figcaption class=\"wp-element-caption\">Image : Pixabay - Reproduction<\/figcaption><\/figure>\n\n\n\n<h2 class=\"wp-block-heading\">Ora\u00e7\u00e3o para come\u00e7ar bem o dia<\/h2>\n\n\n\n<p class=\"wp-block-paragraph\"><em>\u201cQuerido Deus, venho at\u00e9 ti hoje, pedindo que me ajudes a enfrentar os desafios da vida com coragem e determina\u00e7\u00e3o. Eu sei que nem sempre as coisas saem como planejamos, mas eu confio que tens um prop\u00f3sito para tudo o que acontece em minha vida.<\/em><\/p>\n\n\n\n<p class=\"wp-block-paragraph\"><em>Pe\u00e7o que me ajudes a perseverar, mesmo quando as coisas parecem dif\u00edceis. Ajuda-me a manter a f\u00e9 em ti, sabendo que est\u00e1s no controle de todas as coisas. Que a tua vontade prevale\u00e7a em minha vida e que eu possa ser capaz de ver os sinais que indicam o caminho que devo seguir.<\/em><\/p>\n\n\n\n<p class=\"wp-block-paragraph\"><em>Pe\u00e7o que as portas se abram diante de mim e que eu tenha a sabedoria necess\u00e1ria para tomar as decis\u00f5es corretas. Ajuda-me a encontrar solu\u00e7\u00f5es criativas para os problemas que enfrento e a superar os obst\u00e1culos que se apresentam em meu caminho.<\/em><\/p>\n\n\n\n<p class=\"wp-block-paragraph\"><em>Que tudo d\u00ea certo em minha vida, desde as pequenas coisas at\u00e9 as grandes conquistas. Que eu possa ser aben\u00e7oado em todas as \u00e1reas da minha vida, desde as finan\u00e7as at\u00e9 os relacionamentos. Que eu seja capaz de alcan\u00e7ar todos os meus objetivos e que a minha vida seja um testemunho da tua bondade e da tua gra\u00e7a.<\/em><\/p>\n\n\n\n<p class=\"wp-block-paragraph\"><em>Pe\u00e7o tamb\u00e9m que me ajudes a ser paciente e a esperar pelo tempo certo para as coisas acontecerem. Que eu saiba aguardar com confian\u00e7a, sabendo que tens um plano perfeito para a minha vida.<\/em><\/p>\n\n\n\n<p class=\"wp-block-paragraph\"><em>Que a tua paz esteja comigo em todos os momentos e que eu seja capaz de enfrentar as adversidades com serenidade e confian\u00e7a. Que eu possa sempre sentir a tua presen\u00e7a em minha vida e que isso me d\u00ea for\u00e7as para continuar.<\/em><\/p>\n\n\n\n<p class=\"wp-block-paragraph\"><em>Senhor, pe\u00e7o que tudo d\u00ea certo em minha vida e que eu seja capaz de viver de acordo com os teus planos e prop\u00f3sitos. Que a minha vida seja uma fonte de b\u00ean\u00e7\u00e3os para os que est\u00e3o ao meu redor. Em nome de Jesus, am\u00e9m.\u201d<\/em><\/p>\n\n\n\n<h2 class=\"wp-block-heading\">Mensagem do dia sobre ter f\u00e9 e suas consequ\u00eancias<\/h2>\n\n\n\n<p class=\"wp-block-paragraph\">Ter f\u00e9 pode ter muitas consequ\u00eancias positivas em nossas vidas. Em primeiro lugar, a f\u00e9 nos oferece uma perspectiva mais ampla e profunda sobre o mundo e sobre n\u00f3s mesmos. Quando acreditamos em algo maior do que n\u00f3s mesmos, isso nos ajuda a ver al\u00e9m das preocupa\u00e7\u00f5es e ansiedades cotidianas, e nos permite encontrar um prop\u00f3sito maior e mais significativo em nossas vidas.<\/p>\n\n\n\n<p class=\"wp-block-paragraph\">Em segundo lugar, a f\u00e9 pode nos ajudar a superar os desafios e dificuldades da vida. Quando enfrentamos problemas, a f\u00e9 nos d\u00e1 a for\u00e7a e a coragem para seguir em frente. Ela nos d\u00e1 a confian\u00e7a de que Deus est\u00e1 conosco, cuidando de n\u00f3s e nos dando a ajuda que precisamos para enfrentar as dificuldades.<\/p>\n\n\n\n<p class=\"wp-block-paragraph\">Em terceiro lugar, a f\u00e9 pode nos ajudar a encontrar paz e felicidade interior. Quando confiamos em Deus e em seu plano para nossas vidas, podemos nos libertar da ansiedade, do medo e da incerteza. Isso nos permite viver no momento presente, desfrutando de cada momento com gratid\u00e3o e alegria.<\/p>\n\n\n\n<p class=\"wp-block-paragraph\">Por fim, a f\u00e9 pode nos ajudar a cultivar relacionamentos mais saud\u00e1veis e amorosos com os outros. Quando seguimos os ensinamentos de nossa f\u00e9, aprendemos a amar e a respeitar os outros, a ser generosos e compassivos, e a ser fi\u00e9is aos nossos compromissos. Isso nos ajuda a ser pessoas melhores e a contribuir para um mundo mais justo e pac\u00edfico.<\/p>\n\n\n\n<p class=\"wp-block-paragraph\">Em resumo, ter f\u00e9 pode ter muitas consequ\u00eancias positivas em nossas vidas. Ela nos ajuda a ver al\u00e9m das preocupa\u00e7\u00f5es e ansiedades cotidianas, nos d\u00e1 a for\u00e7a e a coragem para enfrentar os desafios da vida, nos oferece paz e felicidade interior e nos ajuda a cultivar relacionamentos mais saud\u00e1veis e amorosos. Que possamos ter a coragem e a determina\u00e7\u00e3o de ter f\u00e9 em nossas vidas todos os dias.<\/p>\n\n\n\n<p class=\"wp-block-paragraph\"><strong>Voir aussi\u00a0: <a href=\"https:\/\/www.oracaoefe.com\/fr\/oracao-para-comecar-bem-o-dia-conecte-se-com-sua-fe\/\">Ora\u00e7\u00e3o para come\u00e7ar bem o dia: Conecte-se com sua f\u00e9<\/a><\/strong><\/p>\n\n\n\n<p class=\"wp-block-paragraph\">13 de mar\u00e7o de 2023<\/p>","protected":false},"excerpt":{"rendered":"<p>Para aqueles que desejam buscar a Deus diariamente e fortalecer sua espiritualidade, a ora\u00e7\u00e3o matinal \u00e9 um h\u00e1bito fundamental. Iniciar o dia em comunh\u00e3o com o Pai celestial \u00e9 uma maneira de depositar nossas preocupa\u00e7\u00f5es, ansiedades e planos nas m\u00e3os dEle, pedindo por orienta\u00e7\u00e3o e dire\u00e7\u00e3o. A ora\u00e7\u00e3o matinal nos ajuda a manter uma postura&hellip;&nbsp;<\/p>","protected":false},"author":3,"featured_media":1964,"comment_status":"closed","ping_status":"closed","sticky":false,"template":"","format":"standard","meta":{"neve_meta_sidebar":"","neve_meta_container":"","neve_meta_enable_content_width":"","neve_meta_content_width":0,"neve_meta_title_alignment":"","neve_meta_author_avatar":"","neve_post_elements_order":"","neve_meta_disable_header":"","neve_meta_disable_footer":"","neve_meta_disable_title":"","footnotes":""},"categories":[2],"tags":[],"class_list":["post-1963","post","type-post","status-publish","format-standard","has-post-thumbnail","hentry","category-oracao"],"yoast_head":"<!-- This site is optimized with the Yoast SEO plugin v28.4 - https:\/\/yoast.com\/product\/yoast-seo-wordpress\/ -->\n<title>Ora\u00e7\u00e3o para come\u00e7ar bem o dia: Tenha f\u00e9 e tudo vai dar certo - Ora\u00e7\u00e3o e F\u00e9<\/title>\n<meta name=\"description\" content=\"Deus tem pra voc\u00ea uma palavra de vida!\" \/>\n<meta name=\"robots\" content=\"index, follow, max-snippet:-1, max-image-preview:large, max-video-preview:-1\" \/>\n<link rel=\"canonical\" href=\"https:\/\/www.oracaoefe.com\/fr\/oracao-para-comecar-bem-o-dia-tenha-fe-e-tudo-vai-dar-certo\/\" \/>\n<meta property=\"og:locale\" content=\"fr_FR\" \/>\n<meta property=\"og:type\" content=\"article\" \/>\n<meta property=\"og:title\" content=\"Ora\u00e7\u00e3o para come\u00e7ar bem o dia: Tenha f\u00e9 e tudo vai dar certo - Ora\u00e7\u00e3o e F\u00e9\" \/>\n<meta property=\"og:description\" content=\"Deus tem pra voc\u00ea uma palavra de vida!\" \/>\n<meta property=\"og:url\" content=\"https:\/\/www.oracaoefe.com\/fr\/oracao-para-comecar-bem-o-dia-tenha-fe-e-tudo-vai-dar-certo\/\" \/>\n<meta property=\"og:site_name\" content=\"Ora\u00e7\u00e3o e F\u00e9\" \/>\n<meta property=\"article:published_time\" content=\"2023-03-13T09:00:00+00:00\" \/>\n<meta property=\"og:image\" content=\"https:\/\/www.oracaoefe.com\/wp-content\/uploads\/2023\/02\/image-14.png\" \/>\n\t<meta property=\"og:image:width\" content=\"1280\" \/>\n\t<meta property=\"og:image:height\" content=\"853\" \/>\n\t<meta property=\"og:image:type\" content=\"image\/png\" \/>\n<meta name=\"author\" content=\"Michele Azevedo\" \/>\n<meta name=\"twitter:card\" content=\"summary_large_image\" \/>\n<meta name=\"twitter:label1\" content=\"\u00c9crit par\" \/>\n\t<meta name=\"twitter:data1\" content=\"Michele Azevedo\" \/>\n\t<meta name=\"twitter:label2\" content=\"Dur\u00e9e de lecture estim\u00e9e\" \/>\n\t<meta name=\"twitter:data2\" content=\"4 minutes\" \/>\n<script type=\"application\/ld+json\" class=\"yoast-schema-graph\">{\"@context\":\"https:\\\/\\\/schema.org\",\"@graph\":[{\"@type\":\"Article\",\"@id\":\"https:\\\/\\\/www.oracaoefe.com\\\/oracao-para-comecar-bem-o-dia-tenha-fe-e-tudo-vai-dar-certo\\\/#article\",\"isPartOf\":{\"@id\":\"https:\\\/\\\/www.oracaoefe.com\\\/oracao-para-comecar-bem-o-dia-tenha-fe-e-tudo-vai-dar-certo\\\/\"},\"author\":{\"name\":\"Michele Azevedo\",\"@id\":\"https:\\\/\\\/www.oracaoefe.com\\\/#\\\/schema\\\/person\\\/17283c669442cf005c4d5bb58adfb7f5\"},\"headline\":\"Ora\u00e7\u00e3o para come\u00e7ar bem o dia: Tenha f\u00e9 e tudo vai dar certo\",\"datePublished\":\"2023-03-13T09:00:00+00:00\",\"mainEntityOfPage\":{\"@id\":\"https:\\\/\\\/www.oracaoefe.com\\\/oracao-para-comecar-bem-o-dia-tenha-fe-e-tudo-vai-dar-certo\\\/\"},\"wordCount\":829,\"image\":{\"@id\":\"https:\\\/\\\/www.oracaoefe.com\\\/oracao-para-comecar-bem-o-dia-tenha-fe-e-tudo-vai-dar-certo\\\/#primaryimage\"},\"thumbnailUrl\":\"https:\\\/\\\/www.oracaoefe.com\\\/wp-content\\\/uploads\\\/2023\\\/02\\\/image-14.png\",\"articleSection\":[\"Ora\u00e7\u00e3o\"],\"inLanguage\":\"fr-FR\"},{\"@type\":\"WebPage\",\"@id\":\"https:\\\/\\\/www.oracaoefe.com\\\/oracao-para-comecar-bem-o-dia-tenha-fe-e-tudo-vai-dar-certo\\\/\",\"url\":\"https:\\\/\\\/www.oracaoefe.com\\\/oracao-para-comecar-bem-o-dia-tenha-fe-e-tudo-vai-dar-certo\\\/\",\"name\":\"Ora\u00e7\u00e3o para come\u00e7ar bem o dia: Tenha f\u00e9 e tudo vai dar certo - Ora\u00e7\u00e3o e F\u00e9\",\"isPartOf\":{\"@id\":\"https:\\\/\\\/www.oracaoefe.com\\\/#website\"},\"primaryImageOfPage\":{\"@id\":\"https:\\\/\\\/www.oracaoefe.com\\\/oracao-para-comecar-bem-o-dia-tenha-fe-e-tudo-vai-dar-certo\\\/#primaryimage\"},\"image\":{\"@id\":\"https:\\\/\\\/www.oracaoefe.com\\\/oracao-para-comecar-bem-o-dia-tenha-fe-e-tudo-vai-dar-certo\\\/#primaryimage\"},\"thumbnailUrl\":\"https:\\\/\\\/www.oracaoefe.com\\\/wp-content\\\/uploads\\\/2023\\\/02\\\/image-14.png\",\"datePublished\":\"2023-03-13T09:00:00+00:00\",\"author\":{\"@id\":\"https:\\\/\\\/www.oracaoefe.com\\\/#\\\/schema\\\/person\\\/17283c669442cf005c4d5bb58adfb7f5\"},\"description\":\"Deus tem pra voc\u00ea uma palavra de vida!\",\"breadcrumb\":{\"@id\":\"https:\\\/\\\/www.oracaoefe.com\\\/oracao-para-comecar-bem-o-dia-tenha-fe-e-tudo-vai-dar-certo\\\/#breadcrumb\"},\"inLanguage\":\"fr-FR\",\"potentialAction\":[{\"@type\":\"ReadAction\",\"target\":[\"https:\\\/\\\/www.oracaoefe.com\\\/oracao-para-comecar-bem-o-dia-tenha-fe-e-tudo-vai-dar-certo\\\/\"]}]},{\"@type\":\"ImageObject\",\"inLanguage\":\"fr-FR\",\"@id\":\"https:\\\/\\\/www.oracaoefe.com\\\/oracao-para-comecar-bem-o-dia-tenha-fe-e-tudo-vai-dar-certo\\\/#primaryimage\",\"url\":\"https:\\\/\\\/www.oracaoefe.com\\\/wp-content\\\/uploads\\\/2023\\\/02\\\/image-14.png\",\"contentUrl\":\"https:\\\/\\\/www.oracaoefe.com\\\/wp-content\\\/uploads\\\/2023\\\/02\\\/image-14.png\",\"width\":1280,\"height\":853},{\"@type\":\"BreadcrumbList\",\"@id\":\"https:\\\/\\\/www.oracaoefe.com\\\/oracao-para-comecar-bem-o-dia-tenha-fe-e-tudo-vai-dar-certo\\\/#breadcrumb\",\"itemListElement\":[{\"@type\":\"ListItem\",\"position\":1,\"name\":\"Home\",\"item\":\"https:\\\/\\\/www.oracaoefe.com\\\/\"},{\"@type\":\"ListItem\",\"position\":2,\"name\":\"Ora\u00e7\u00e3o\",\"item\":\"https:\\\/\\\/www.oracaoefe.com\\\/category\\\/oracao\\\/\"},{\"@type\":\"ListItem\",\"position\":3,\"name\":\"Ora\u00e7\u00e3o para come\u00e7ar bem o dia: Tenha f\u00e9 e tudo vai dar certo\"}]},{\"@type\":\"WebSite\",\"@id\":\"https:\\\/\\\/www.oracaoefe.com\\\/#website\",\"url\":\"https:\\\/\\\/www.oracaoefe.com\\\/\",\"name\":\"Ora\u00e7\u00e3o e F\u00e9\",\"description\":\"\",\"potentialAction\":[{\"@type\":\"SearchAction\",\"target\":{\"@type\":\"EntryPoint\",\"urlTemplate\":\"https:\\\/\\\/www.oracaoefe.com\\\/?s={search_term_string}\"},\"query-input\":{\"@type\":\"PropertyValueSpecification\",\"valueRequired\":true,\"valueName\":\"search_term_string\"}}],\"inLanguage\":\"fr-FR\"},{\"@type\":\"Person\",\"@id\":\"https:\\\/\\\/www.oracaoefe.com\\\/#\\\/schema\\\/person\\\/17283c669442cf005c4d5bb58adfb7f5\",\"name\":\"Michele Azevedo\",\"image\":{\"@type\":\"ImageObject\",\"inLanguage\":\"fr-FR\",\"@id\":\"https:\\\/\\\/secure.gravatar.com\\\/avatar\\\/6b0eb9d22841282815e2cd856a0061c45e1761cd54b22e952d98c4746939aa85?s=96&d=mm&r=g\",\"url\":\"https:\\\/\\\/secure.gravatar.com\\\/avatar\\\/6b0eb9d22841282815e2cd856a0061c45e1761cd54b22e952d98c4746939aa85?s=96&d=mm&r=g\",\"contentUrl\":\"https:\\\/\\\/secure.gravatar.com\\\/avatar\\\/6b0eb9d22841282815e2cd856a0061c45e1761cd54b22e952d98c4746939aa85?s=96&d=mm&r=g\",\"caption\":\"Michele Azevedo\"},\"description\":\"Formada em Letras - Portugu\u00eas\\\/ Ingl\u00eas pela Universidade Estadual de Ponta Grossa (UEPG), p\u00f3s-graduada em Arte na Educa\u00e7\u00e3o (FAPI) e Psicopedagogia Escolar (FAPI), idealizadora e propriet\u00e1ria do site Escritora de Sucesso, possui experi\u00eancia em escrita para blogs em geral e atua como redatora e revisora dos conte\u00fados do Ora\u00e7\u00e3o e F\u00e9.\",\"url\":\"https:\\\/\\\/www.oracaoefe.com\\\/fr\\\/author\\\/michele-azevedo\\\/\"}]}<\/script>\n<!-- \/ Yoast SEO plugin. -->","yoast_head_json":{"title":"Ora\u00e7\u00e3o para come\u00e7ar bem o dia: Tenha f\u00e9 e tudo vai dar certo - Ora\u00e7\u00e3o e F\u00e9","description":"Dieu a une parole de vie pour vous !","robots":{"index":"index","follow":"follow","max-snippet":"max-snippet:-1","max-image-preview":"max-image-preview:large","max-video-preview":"max-video-preview:-1"},"canonical":"https:\/\/www.oracaoefe.com\/fr\/oracao-para-comecar-bem-o-dia-tenha-fe-e-tudo-vai-dar-certo\/","og_locale":"fr_FR","og_type":"article","og_title":"Ora\u00e7\u00e3o para come\u00e7ar bem o dia: Tenha f\u00e9 e tudo vai dar certo - Ora\u00e7\u00e3o e F\u00e9","og_description":"Deus tem pra voc\u00ea uma palavra de vida!","og_url":"https:\/\/www.oracaoefe.com\/fr\/oracao-para-comecar-bem-o-dia-tenha-fe-e-tudo-vai-dar-certo\/","og_site_name":"Ora\u00e7\u00e3o e F\u00e9","article_published_time":"2023-03-13T09:00:00+00:00","og_image":[{"width":1280,"height":853,"url":"https:\/\/www.oracaoefe.com\/wp-content\/uploads\/2023\/02\/image-14.png","type":"image\/png"}],"author":"Michele Azevedo","twitter_card":"summary_large_image","twitter_misc":{"\u00c9crit par":"Michele Azevedo","Dur\u00e9e de lecture estim\u00e9e":"4 minutes"},"schema":{"@context":"https:\/\/schema.org","@graph":[{"@type":"Article","@id":"https:\/\/www.oracaoefe.com\/oracao-para-comecar-bem-o-dia-tenha-fe-e-tudo-vai-dar-certo\/#article","isPartOf":{"@id":"https:\/\/www.oracaoefe.com\/oracao-para-comecar-bem-o-dia-tenha-fe-e-tudo-vai-dar-certo\/"},"author":{"name":"Michele Azevedo","@id":"https:\/\/www.oracaoefe.com\/#\/schema\/person\/17283c669442cf005c4d5bb58adfb7f5"},"headline":"Ora\u00e7\u00e3o para come\u00e7ar bem o dia: Tenha f\u00e9 e tudo vai dar certo","datePublished":"2023-03-13T09:00:00+00:00","mainEntityOfPage":{"@id":"https:\/\/www.oracaoefe.com\/oracao-para-comecar-bem-o-dia-tenha-fe-e-tudo-vai-dar-certo\/"},"wordCount":829,"image":{"@id":"https:\/\/www.oracaoefe.com\/oracao-para-comecar-bem-o-dia-tenha-fe-e-tudo-vai-dar-certo\/#primaryimage"},"thumbnailUrl":"https:\/\/www.oracaoefe.com\/wp-content\/uploads\/2023\/02\/image-14.png","articleSection":["Ora\u00e7\u00e3o"],"inLanguage":"fr-FR"},{"@type":"WebPage","@id":"https:\/\/www.oracaoefe.com\/oracao-para-comecar-bem-o-dia-tenha-fe-e-tudo-vai-dar-certo\/","url":"https:\/\/www.oracaoefe.com\/oracao-para-comecar-bem-o-dia-tenha-fe-e-tudo-vai-dar-certo\/","name":"Ora\u00e7\u00e3o para come\u00e7ar bem o dia: Tenha f\u00e9 e tudo vai dar certo - Ora\u00e7\u00e3o e F\u00e9","isPartOf":{"@id":"https:\/\/www.oracaoefe.com\/#website"},"primaryImageOfPage":{"@id":"https:\/\/www.oracaoefe.com\/oracao-para-comecar-bem-o-dia-tenha-fe-e-tudo-vai-dar-certo\/#primaryimage"},"image":{"@id":"https:\/\/www.oracaoefe.com\/oracao-para-comecar-bem-o-dia-tenha-fe-e-tudo-vai-dar-certo\/#primaryimage"},"thumbnailUrl":"https:\/\/www.oracaoefe.com\/wp-content\/uploads\/2023\/02\/image-14.png","datePublished":"2023-03-13T09:00:00+00:00","author":{"@id":"https:\/\/www.oracaoefe.com\/#\/schema\/person\/17283c669442cf005c4d5bb58adfb7f5"},"description":"Dieu a une parole de vie pour vous !","breadcrumb":{"@id":"https:\/\/www.oracaoefe.com\/oracao-para-comecar-bem-o-dia-tenha-fe-e-tudo-vai-dar-certo\/#breadcrumb"},"inLanguage":"fr-FR","potentialAction":[{"@type":"ReadAction","target":["https:\/\/www.oracaoefe.com\/oracao-para-comecar-bem-o-dia-tenha-fe-e-tudo-vai-dar-certo\/"]}]},{"@type":"ImageObject","inLanguage":"fr-FR","@id":"https:\/\/www.oracaoefe.com\/oracao-para-comecar-bem-o-dia-tenha-fe-e-tudo-vai-dar-certo\/#primaryimage","url":"https:\/\/www.oracaoefe.com\/wp-content\/uploads\/2023\/02\/image-14.png","contentUrl":"https:\/\/www.oracaoefe.com\/wp-content\/uploads\/2023\/02\/image-14.png","width":1280,"height":853},{"@type":"BreadcrumbList","@id":"https:\/\/www.oracaoefe.com\/oracao-para-comecar-bem-o-dia-tenha-fe-e-tudo-vai-dar-certo\/#breadcrumb","itemListElement":[{"@type":"ListItem","position":1,"name":"Home","item":"https:\/\/www.oracaoefe.com\/"},{"@type":"ListItem","position":2,"name":"Ora\u00e7\u00e3o","item":"https:\/\/www.oracaoefe.com\/category\/oracao\/"},{"@type":"ListItem","position":3,"name":"Ora\u00e7\u00e3o para come\u00e7ar bem o dia: Tenha f\u00e9 e tudo vai dar certo"}]},{"@type":"WebSite","@id":"https:\/\/www.oracaoefe.com\/#website","url":"https:\/\/www.oracaoefe.com\/","name":"Pri\u00e8re et foi","description":"","potentialAction":[{"@type":"SearchAction","target":{"@type":"EntryPoint","urlTemplate":"https:\/\/www.oracaoefe.com\/?s={search_term_string}"},"query-input":{"@type":"PropertyValueSpecification","valueRequired":true,"valueName":"search_term_string"}}],"inLanguage":"fr-FR"},{"@type":"Person","@id":"https:\/\/www.oracaoefe.com\/#\/schema\/person\/17283c669442cf005c4d5bb58adfb7f5","name":"Michele Azevedo","image":{"@type":"ImageObject","inLanguage":"fr-FR","@id":"https:\/\/secure.gravatar.com\/avatar\/6b0eb9d22841282815e2cd856a0061c45e1761cd54b22e952d98c4746939aa85?s=96&d=mm&r=g","url":"https:\/\/secure.gravatar.com\/avatar\/6b0eb9d22841282815e2cd856a0061c45e1761cd54b22e952d98c4746939aa85?s=96&d=mm&r=g","contentUrl":"https:\/\/secure.gravatar.com\/avatar\/6b0eb9d22841282815e2cd856a0061c45e1761cd54b22e952d98c4746939aa85?s=96&d=mm&r=g","caption":"Michele Azevedo"},"description":"Dipl\u00f4m\u00e9e en litt\u00e9rature portugaise\/anglaise de l&#039;Universit\u00e9 d&#039;\u00c9tat de Ponta Grossa (UEPG), avec des dipl\u00f4mes de troisi\u00e8me cycle en art dans l&#039;\u00e9ducation (FAPI) et en psychop\u00e9dagogie scolaire (FAPI), elle est la cr\u00e9atrice et propri\u00e9taire du site web Escritora de Sucesso, a de l&#039;exp\u00e9rience dans l&#039;\u00e9criture pour les blogs en g\u00e9n\u00e9ral et travaille comme r\u00e9dactrice et \u00e9ditrice du contenu pour Ora\u00e7\u00e3o e F\u00e9.","url":"https:\/\/www.oracaoefe.com\/fr\/author\/michele-azevedo\/"}]}},"_links":{"self":[{"href":"https:\/\/www.oracaoefe.com\/fr\/wp-json\/wp\/v2\/posts\/1963","targetHints":{"allow":["GET"]}}],"collection":[{"href":"https:\/\/www.oracaoefe.com\/fr\/wp-json\/wp\/v2\/posts"}],"about":[{"href":"https:\/\/www.oracaoefe.com\/fr\/wp-json\/wp\/v2\/types\/post"}],"author":[{"embeddable":true,"href":"https:\/\/www.oracaoefe.com\/fr\/wp-json\/wp\/v2\/users\/3"}],"replies":[{"embeddable":true,"href":"https:\/\/www.oracaoefe.com\/fr\/wp-json\/wp\/v2\/comments?post=1963"}],"version-history":[{"count":1,"href":"https:\/\/www.oracaoefe.com\/fr\/wp-json\/wp\/v2\/posts\/1963\/revisions"}],"predecessor-version":[{"id":1965,"href":"https:\/\/www.oracaoefe.com\/fr\/wp-json\/wp\/v2\/posts\/1963\/revisions\/1965"}],"wp:featuredmedia":[{"embeddable":true,"href":"https:\/\/www.oracaoefe.com\/fr\/wp-json\/wp\/v2\/media\/1964"}],"wp:attachment":[{"href":"https:\/\/www.oracaoefe.com\/fr\/wp-json\/wp\/v2\/media?parent=1963"}],"wp:term":[{"taxonomy":"category","embeddable":true,"href":"https:\/\/www.oracaoefe.com\/fr\/wp-json\/wp\/v2\/categories?post=1963"},{"taxonomy":"post_tag","embeddable":true,"href":"https:\/\/www.oracaoefe.com\/fr\/wp-json\/wp\/v2\/tags?post=1963"}],"curies":[{"name":"wp","href":"https:\/\/api.w.org\/{rel}","templated":true}]}}