{"id":1960,"date":"2023-03-11T06:00:00","date_gmt":"2023-03-11T09:00:00","guid":{"rendered":"https:\/\/www.oracaoefe.com\/?p=1960"},"modified":"2023-02-28T18:00:34","modified_gmt":"2023-02-28T21:00:34","slug":"oracao-para-comecar-bem-o-dia-deus-e-protecao-contra-o-mal","status":"publish","type":"post","link":"https:\/\/www.oracaoefe.com\/fr\/oracao-para-comecar-bem-o-dia-deus-e-protecao-contra-o-mal\/","title":{"rendered":"Ora\u00e7\u00e3o para come\u00e7ar bem o dia: Deus \u00e9 prote\u00e7\u00e3o contra o mal"},"content":{"rendered":"<p class=\"wp-block-paragraph\">Para aqueles que buscam fortalecer sua f\u00e9 e espiritualidade, a ora\u00e7\u00e3o matinal \u00e9 um h\u00e1bito que n\u00e3o pode ser negligenciado. Ao come\u00e7ar o dia em ora\u00e7\u00e3o, somos capazes de entregar a Deus nossas preocupa\u00e7\u00f5es, ansiedades e planos para o dia, confiando em Sua orienta\u00e7\u00e3o e dire\u00e7\u00e3o. A ora\u00e7\u00e3o matinal nos ajuda a manter uma postura de humildade e depend\u00eancia de Deus, reconhecendo que somente com Ele somos capazes de enfrentar as adversidades da vida. Atrav\u00e9s da ora\u00e7\u00e3o matinal, podemos renovar nossa mente e nos aproximar ainda mais de Deus, sentindo Sua presen\u00e7a em cada momento do nosso dia.<\/p>\n\n\n\n<figure class=\"wp-block-image size-large\"><img loading=\"lazy\" decoding=\"async\" width=\"1024\" height=\"923\" src=\"https:\/\/www.oracaoefe.com\/wp-content\/uploads\/2023\/02\/image-13-1024x923.png\" alt=\"\" class=\"wp-image-1961\" srcset=\"https:\/\/www.oracaoefe.com\/wp-content\/uploads\/2023\/02\/image-13-1024x923.png 1024w, https:\/\/www.oracaoefe.com\/wp-content\/uploads\/2023\/02\/image-13-300x270.png 300w, https:\/\/www.oracaoefe.com\/wp-content\/uploads\/2023\/02\/image-13-768x692.png 768w, https:\/\/www.oracaoefe.com\/wp-content\/uploads\/2023\/02\/image-13-13x12.png 13w, https:\/\/www.oracaoefe.com\/wp-content\/uploads\/2023\/02\/image-13.png 1280w\" sizes=\"auto, (max-width: 1024px) 100vw, 1024px\" \/><figcaption class=\"wp-element-caption\">Image : Pixabay - Reproduction<\/figcaption><\/figure>\n\n\n\n<h2 class=\"wp-block-heading\">Ora\u00e7\u00e3o para come\u00e7ar bem o dia<\/h2>\n\n\n\n<p class=\"wp-block-paragraph\">\"<em>Querido Deus, hoje venho diante de ti para pedir a tua prote\u00e7\u00e3o contra o mal que est\u00e1 ao meu redor. Eu sei que vivemos em um mundo onde a maldade est\u00e1 presente em todos os lugares, mas confio que tu \u00e9s maior do que qualquer for\u00e7a negativa que possa tentar me atacar.<\/em><\/p>\n\n\n\n<p class=\"wp-block-paragraph\"><em>Pe\u00e7o que me protejas contra o mal que tenta se infiltrar em minha vida. Que a tua m\u00e3o protetora esteja sobre mim em todos os momentos e que eu possa sentir a tua presen\u00e7a ao meu redor.<\/em><\/p>\n\n\n\n<p class=\"wp-block-paragraph\"><em>Que o teu amor e a tua luz possam me envolver e me proteger contra as for\u00e7as do mal. Que eu possa ser fortalecido pela tua palavra e pela tua verdade, sabendo que nada pode me separar do teu amor.<\/em><\/p>\n\n\n\n<p class=\"wp-block-paragraph\"><em>Ajuda-me a ser vigilante e a n\u00e3o me deixar enganar pelas mentiras do inimigo. Que eu possa ser capaz de discernir o bem do mal e de tomar decis\u00f5es s\u00e1bias em minha vida.<\/em><\/p>\n\n\n\n<p class=\"wp-block-paragraph\"><em>Pe\u00e7o que me ajudes a resistir \u00e0s tenta\u00e7\u00f5es e \u00e0s influ\u00eancias negativas que possam me levar a seguir um caminho errado. Que eu possa ser fiel aos teus mandamentos e a viver de acordo com a tua vontade.<\/em><\/p>\n\n\n\n<p class=\"wp-block-paragraph\"><em>Que eu possa ser uma luz para os que est\u00e3o ao meu redor, mostrando-lhes o amor e a verdade que vem de ti. Que eu possa ser capaz de lutar contra as for\u00e7as do mal, sabendo que tu est\u00e1s ao meu lado e que \u00e9s mais poderoso do que qualquer inimigo.<\/em><\/p>\n\n\n\n<p class=\"wp-block-paragraph\"><em>Senhor, pe\u00e7o que me protejas contra o mal e que eu possa viver em paz e seguran\u00e7a contigo. Que a tua gra\u00e7a e a tua miseric\u00f3rdia estejam comigo em todos os momentos e que eu possa confiar em ti completamente.<\/em><\/p>\n\n\n\n<p class=\"wp-block-paragraph\"><em>Em nome de Jesus, am\u00e9m.\u201d<\/em><\/p>\n\n\n\n<h2 class=\"wp-block-heading\">Mensagem do dia sobre prote\u00e7\u00e3o Divina<\/h2>\n\n\n\n<p class=\"wp-block-paragraph\">A prote\u00e7\u00e3o divina \u00e9 uma cren\u00e7a fundamental em muitas tradi\u00e7\u00f5es religiosas e espirituais. Ela representa a convic\u00e7\u00e3o de que Deus ou a for\u00e7a superior est\u00e1 ativamente envolvido em nossas vidas, cuidando de n\u00f3s e nos protegendo de perigos e malef\u00edcios. Essa prote\u00e7\u00e3o pode vir de diversas formas, como orienta\u00e7\u00e3o, for\u00e7a interior, interven\u00e7\u00e3o divina e b\u00ean\u00e7\u00e3os.<\/p>\n\n\n\n<p class=\"wp-block-paragraph\">Uma das principais raz\u00f5es pelas quais muitas pessoas buscam a prote\u00e7\u00e3o divina \u00e9 porque acreditam que Deus ou a for\u00e7a superior \u00e9 um guardi\u00e3o amoroso e compassivo, que est\u00e1 sempre disposto a nos ajudar e nos guiar em nossa jornada. Isso nos d\u00e1 uma sensa\u00e7\u00e3o de seguran\u00e7a e conforto, mesmo em meio a situa\u00e7\u00f5es dif\u00edceis e desafiadoras.<\/p>\n\n\n\n<p class=\"wp-block-paragraph\">Al\u00e9m disso, a prote\u00e7\u00e3o divina pode nos dar a coragem e a for\u00e7a para enfrentar os desafios da vida. Quando confiamos em Deus ou na for\u00e7a superior para nos proteger, podemos nos libertar do medo, da ansiedade e da incerteza. Isso nos permite viver no momento presente, desfrutando de cada momento com gratid\u00e3o e alegria.<\/p>\n\n\n\n<p class=\"wp-block-paragraph\">Por fim, a prote\u00e7\u00e3o divina pode nos ajudar a cultivar um senso de prop\u00f3sito e significado em nossas vidas. Quando confiamos em Deus ou na for\u00e7a superior para nos proteger, podemos nos concentrar em cumprir nossas miss\u00f5es e prop\u00f3sitos mais elevados na vida. Isso nos ajuda a sermos mais focados, determinados e bem-sucedidos em nossas empreitadas, ao mesmo tempo em que nos mantemos em harmonia com as leis universais.<\/p>\n\n\n\n<p class=\"wp-block-paragraph\">Em resumo, a prote\u00e7\u00e3o divina \u00e9 uma cren\u00e7a essencial para muitas pessoas que buscam encontrar sentido, prop\u00f3sito e orienta\u00e7\u00e3o em suas vidas. Ela nos d\u00e1 uma sensa\u00e7\u00e3o de seguran\u00e7a e conforto, nos ajuda a enfrentar desafios com coragem e for\u00e7a, e nos permite cultivar um senso de prop\u00f3sito e significado em nossas vidas. Que possamos confiar na prote\u00e7\u00e3o divina em nossas jornadas e encontrar a paz e a orienta\u00e7\u00e3o que precisamos para avan\u00e7ar.<\/p>\n\n\n\n<p class=\"wp-block-paragraph\"><strong>Voir aussi\u00a0: <a href=\"https:\/\/www.oracaoefe.com\/fr\/oracao-para-comecar-o-dia-lembre-se-sempre-de-agradecer\/\">Ora\u00e7\u00e3o para come\u00e7ar o dia: Lembre-se sempre de agradecer<\/a><\/strong><\/p>\n\n\n\n<p class=\"wp-block-paragraph\">11 de mar\u00e7o de 2023<\/p>","protected":false},"excerpt":{"rendered":"<p>Para aqueles que buscam fortalecer sua f\u00e9 e espiritualidade, a ora\u00e7\u00e3o matinal \u00e9 um h\u00e1bito que n\u00e3o pode ser negligenciado. Ao come\u00e7ar o dia em ora\u00e7\u00e3o, somos capazes de entregar a Deus nossas preocupa\u00e7\u00f5es, ansiedades e planos para o dia, confiando em Sua orienta\u00e7\u00e3o e dire\u00e7\u00e3o. A ora\u00e7\u00e3o matinal nos ajuda a manter uma postura&hellip;&nbsp;<\/p>","protected":false},"author":3,"featured_media":1961,"comment_status":"closed","ping_status":"closed","sticky":false,"template":"","format":"standard","meta":{"neve_meta_sidebar":"","neve_meta_container":"","neve_meta_enable_content_width":"","neve_meta_content_width":0,"neve_meta_title_alignment":"","neve_meta_author_avatar":"","neve_post_elements_order":"","neve_meta_disable_header":"","neve_meta_disable_footer":"","neve_meta_disable_title":"","footnotes":""},"categories":[2],"tags":[160,163],"class_list":["post-1960","post","type-post","status-publish","format-standard","has-post-thumbnail","hentry","category-oracao","tag-oracao-do-dia","tag-prece-do-dia"],"yoast_head":"<!-- This site is optimized with the Yoast SEO plugin v28.4 - https:\/\/yoast.com\/product\/yoast-seo-wordpress\/ -->\n<title>Ora\u00e7\u00e3o para come\u00e7ar bem o dia: Deus \u00e9 prote\u00e7\u00e3o contra o mal - Ora\u00e7\u00e3o e F\u00e9<\/title>\n<meta name=\"description\" content=\"Deus tem pra voc\u00ea uma palavra de vida!\" \/>\n<meta name=\"robots\" content=\"index, follow, max-snippet:-1, max-image-preview:large, max-video-preview:-1\" \/>\n<link rel=\"canonical\" href=\"https:\/\/www.oracaoefe.com\/fr\/oracao-para-comecar-bem-o-dia-deus-e-protecao-contra-o-mal\/\" \/>\n<meta property=\"og:locale\" content=\"fr_FR\" \/>\n<meta property=\"og:type\" content=\"article\" \/>\n<meta property=\"og:title\" content=\"Ora\u00e7\u00e3o para come\u00e7ar bem o dia: Deus \u00e9 prote\u00e7\u00e3o contra o mal - Ora\u00e7\u00e3o e F\u00e9\" \/>\n<meta property=\"og:description\" content=\"Deus tem pra voc\u00ea uma palavra de vida!\" \/>\n<meta property=\"og:url\" content=\"https:\/\/www.oracaoefe.com\/fr\/oracao-para-comecar-bem-o-dia-deus-e-protecao-contra-o-mal\/\" \/>\n<meta property=\"og:site_name\" content=\"Ora\u00e7\u00e3o e F\u00e9\" \/>\n<meta property=\"article:published_time\" content=\"2023-03-11T09:00:00+00:00\" \/>\n<meta property=\"og:image\" content=\"https:\/\/www.oracaoefe.com\/wp-content\/uploads\/2023\/02\/image-13.png\" \/>\n\t<meta property=\"og:image:width\" content=\"1280\" \/>\n\t<meta property=\"og:image:height\" content=\"1154\" \/>\n\t<meta property=\"og:image:type\" content=\"image\/png\" \/>\n<meta name=\"author\" content=\"Michele Azevedo\" \/>\n<meta name=\"twitter:card\" content=\"summary_large_image\" \/>\n<meta name=\"twitter:label1\" content=\"\u00c9crit par\" \/>\n\t<meta name=\"twitter:data1\" content=\"Michele Azevedo\" \/>\n\t<meta name=\"twitter:label2\" content=\"Dur\u00e9e de lecture estim\u00e9e\" \/>\n\t<meta name=\"twitter:data2\" content=\"4 minutes\" \/>\n<script type=\"application\/ld+json\" class=\"yoast-schema-graph\">{\"@context\":\"https:\\\/\\\/schema.org\",\"@graph\":[{\"@type\":\"Article\",\"@id\":\"https:\\\/\\\/www.oracaoefe.com\\\/oracao-para-comecar-bem-o-dia-deus-e-protecao-contra-o-mal\\\/#article\",\"isPartOf\":{\"@id\":\"https:\\\/\\\/www.oracaoefe.com\\\/oracao-para-comecar-bem-o-dia-deus-e-protecao-contra-o-mal\\\/\"},\"author\":{\"name\":\"Michele Azevedo\",\"@id\":\"https:\\\/\\\/www.oracaoefe.com\\\/#\\\/schema\\\/person\\\/17283c669442cf005c4d5bb58adfb7f5\"},\"headline\":\"Ora\u00e7\u00e3o para come\u00e7ar bem o dia: Deus \u00e9 prote\u00e7\u00e3o contra o mal\",\"datePublished\":\"2023-03-11T09:00:00+00:00\",\"mainEntityOfPage\":{\"@id\":\"https:\\\/\\\/www.oracaoefe.com\\\/oracao-para-comecar-bem-o-dia-deus-e-protecao-contra-o-mal\\\/\"},\"wordCount\":825,\"image\":{\"@id\":\"https:\\\/\\\/www.oracaoefe.com\\\/oracao-para-comecar-bem-o-dia-deus-e-protecao-contra-o-mal\\\/#primaryimage\"},\"thumbnailUrl\":\"https:\\\/\\\/www.oracaoefe.com\\\/wp-content\\\/uploads\\\/2023\\\/02\\\/image-13.png\",\"keywords\":[\"ora\u00e7\u00e3o do dia\",\"prece do dia\"],\"articleSection\":[\"Ora\u00e7\u00e3o\"],\"inLanguage\":\"fr-FR\"},{\"@type\":\"WebPage\",\"@id\":\"https:\\\/\\\/www.oracaoefe.com\\\/oracao-para-comecar-bem-o-dia-deus-e-protecao-contra-o-mal\\\/\",\"url\":\"https:\\\/\\\/www.oracaoefe.com\\\/oracao-para-comecar-bem-o-dia-deus-e-protecao-contra-o-mal\\\/\",\"name\":\"Ora\u00e7\u00e3o para come\u00e7ar bem o dia: Deus \u00e9 prote\u00e7\u00e3o contra o mal - Ora\u00e7\u00e3o e F\u00e9\",\"isPartOf\":{\"@id\":\"https:\\\/\\\/www.oracaoefe.com\\\/#website\"},\"primaryImageOfPage\":{\"@id\":\"https:\\\/\\\/www.oracaoefe.com\\\/oracao-para-comecar-bem-o-dia-deus-e-protecao-contra-o-mal\\\/#primaryimage\"},\"image\":{\"@id\":\"https:\\\/\\\/www.oracaoefe.com\\\/oracao-para-comecar-bem-o-dia-deus-e-protecao-contra-o-mal\\\/#primaryimage\"},\"thumbnailUrl\":\"https:\\\/\\\/www.oracaoefe.com\\\/wp-content\\\/uploads\\\/2023\\\/02\\\/image-13.png\",\"datePublished\":\"2023-03-11T09:00:00+00:00\",\"author\":{\"@id\":\"https:\\\/\\\/www.oracaoefe.com\\\/#\\\/schema\\\/person\\\/17283c669442cf005c4d5bb58adfb7f5\"},\"description\":\"Deus tem pra voc\u00ea uma palavra de vida!\",\"breadcrumb\":{\"@id\":\"https:\\\/\\\/www.oracaoefe.com\\\/oracao-para-comecar-bem-o-dia-deus-e-protecao-contra-o-mal\\\/#breadcrumb\"},\"inLanguage\":\"fr-FR\",\"potentialAction\":[{\"@type\":\"ReadAction\",\"target\":[\"https:\\\/\\\/www.oracaoefe.com\\\/oracao-para-comecar-bem-o-dia-deus-e-protecao-contra-o-mal\\\/\"]}]},{\"@type\":\"ImageObject\",\"inLanguage\":\"fr-FR\",\"@id\":\"https:\\\/\\\/www.oracaoefe.com\\\/oracao-para-comecar-bem-o-dia-deus-e-protecao-contra-o-mal\\\/#primaryimage\",\"url\":\"https:\\\/\\\/www.oracaoefe.com\\\/wp-content\\\/uploads\\\/2023\\\/02\\\/image-13.png\",\"contentUrl\":\"https:\\\/\\\/www.oracaoefe.com\\\/wp-content\\\/uploads\\\/2023\\\/02\\\/image-13.png\",\"width\":1280,\"height\":1154},{\"@type\":\"BreadcrumbList\",\"@id\":\"https:\\\/\\\/www.oracaoefe.com\\\/oracao-para-comecar-bem-o-dia-deus-e-protecao-contra-o-mal\\\/#breadcrumb\",\"itemListElement\":[{\"@type\":\"ListItem\",\"position\":1,\"name\":\"Home\",\"item\":\"https:\\\/\\\/www.oracaoefe.com\\\/\"},{\"@type\":\"ListItem\",\"position\":2,\"name\":\"Ora\u00e7\u00e3o\",\"item\":\"https:\\\/\\\/www.oracaoefe.com\\\/category\\\/oracao\\\/\"},{\"@type\":\"ListItem\",\"position\":3,\"name\":\"Ora\u00e7\u00e3o para come\u00e7ar bem o dia: Deus \u00e9 prote\u00e7\u00e3o contra o mal\"}]},{\"@type\":\"WebSite\",\"@id\":\"https:\\\/\\\/www.oracaoefe.com\\\/#website\",\"url\":\"https:\\\/\\\/www.oracaoefe.com\\\/\",\"name\":\"Ora\u00e7\u00e3o e F\u00e9\",\"description\":\"\",\"potentialAction\":[{\"@type\":\"SearchAction\",\"target\":{\"@type\":\"EntryPoint\",\"urlTemplate\":\"https:\\\/\\\/www.oracaoefe.com\\\/?s={search_term_string}\"},\"query-input\":{\"@type\":\"PropertyValueSpecification\",\"valueRequired\":true,\"valueName\":\"search_term_string\"}}],\"inLanguage\":\"fr-FR\"},{\"@type\":\"Person\",\"@id\":\"https:\\\/\\\/www.oracaoefe.com\\\/#\\\/schema\\\/person\\\/17283c669442cf005c4d5bb58adfb7f5\",\"name\":\"Michele Azevedo\",\"image\":{\"@type\":\"ImageObject\",\"inLanguage\":\"fr-FR\",\"@id\":\"https:\\\/\\\/secure.gravatar.com\\\/avatar\\\/6b0eb9d22841282815e2cd856a0061c45e1761cd54b22e952d98c4746939aa85?s=96&d=mm&r=g\",\"url\":\"https:\\\/\\\/secure.gravatar.com\\\/avatar\\\/6b0eb9d22841282815e2cd856a0061c45e1761cd54b22e952d98c4746939aa85?s=96&d=mm&r=g\",\"contentUrl\":\"https:\\\/\\\/secure.gravatar.com\\\/avatar\\\/6b0eb9d22841282815e2cd856a0061c45e1761cd54b22e952d98c4746939aa85?s=96&d=mm&r=g\",\"caption\":\"Michele Azevedo\"},\"description\":\"Formada em Letras - Portugu\u00eas\\\/ Ingl\u00eas pela Universidade Estadual de Ponta Grossa (UEPG), p\u00f3s-graduada em Arte na Educa\u00e7\u00e3o (FAPI) e Psicopedagogia Escolar (FAPI), idealizadora e propriet\u00e1ria do site Escritora de Sucesso, possui experi\u00eancia em escrita para blogs em geral e atua como redatora e revisora dos conte\u00fados do Ora\u00e7\u00e3o e F\u00e9.\",\"url\":\"https:\\\/\\\/www.oracaoefe.com\\\/fr\\\/author\\\/michele-azevedo\\\/\"}]}<\/script>\n<!-- \/ Yoast SEO plugin. -->","yoast_head_json":{"title":"Ora\u00e7\u00e3o para come\u00e7ar bem o dia: Deus \u00e9 prote\u00e7\u00e3o contra o mal - Ora\u00e7\u00e3o e F\u00e9","description":"Dieu a une parole de vie pour vous !","robots":{"index":"index","follow":"follow","max-snippet":"max-snippet:-1","max-image-preview":"max-image-preview:large","max-video-preview":"max-video-preview:-1"},"canonical":"https:\/\/www.oracaoefe.com\/fr\/oracao-para-comecar-bem-o-dia-deus-e-protecao-contra-o-mal\/","og_locale":"fr_FR","og_type":"article","og_title":"Ora\u00e7\u00e3o para come\u00e7ar bem o dia: Deus \u00e9 prote\u00e7\u00e3o contra o mal - Ora\u00e7\u00e3o e F\u00e9","og_description":"Deus tem pra voc\u00ea uma palavra de vida!","og_url":"https:\/\/www.oracaoefe.com\/fr\/oracao-para-comecar-bem-o-dia-deus-e-protecao-contra-o-mal\/","og_site_name":"Ora\u00e7\u00e3o e F\u00e9","article_published_time":"2023-03-11T09:00:00+00:00","og_image":[{"width":1280,"height":1154,"url":"https:\/\/www.oracaoefe.com\/wp-content\/uploads\/2023\/02\/image-13.png","type":"image\/png"}],"author":"Michele Azevedo","twitter_card":"summary_large_image","twitter_misc":{"\u00c9crit par":"Michele Azevedo","Dur\u00e9e de lecture estim\u00e9e":"4 minutes"},"schema":{"@context":"https:\/\/schema.org","@graph":[{"@type":"Article","@id":"https:\/\/www.oracaoefe.com\/oracao-para-comecar-bem-o-dia-deus-e-protecao-contra-o-mal\/#article","isPartOf":{"@id":"https:\/\/www.oracaoefe.com\/oracao-para-comecar-bem-o-dia-deus-e-protecao-contra-o-mal\/"},"author":{"name":"Michele Azevedo","@id":"https:\/\/www.oracaoefe.com\/#\/schema\/person\/17283c669442cf005c4d5bb58adfb7f5"},"headline":"Ora\u00e7\u00e3o para come\u00e7ar bem o dia: Deus \u00e9 prote\u00e7\u00e3o contra o mal","datePublished":"2023-03-11T09:00:00+00:00","mainEntityOfPage":{"@id":"https:\/\/www.oracaoefe.com\/oracao-para-comecar-bem-o-dia-deus-e-protecao-contra-o-mal\/"},"wordCount":825,"image":{"@id":"https:\/\/www.oracaoefe.com\/oracao-para-comecar-bem-o-dia-deus-e-protecao-contra-o-mal\/#primaryimage"},"thumbnailUrl":"https:\/\/www.oracaoefe.com\/wp-content\/uploads\/2023\/02\/image-13.png","keywords":["ora\u00e7\u00e3o do dia","prece do dia"],"articleSection":["Ora\u00e7\u00e3o"],"inLanguage":"fr-FR"},{"@type":"WebPage","@id":"https:\/\/www.oracaoefe.com\/oracao-para-comecar-bem-o-dia-deus-e-protecao-contra-o-mal\/","url":"https:\/\/www.oracaoefe.com\/oracao-para-comecar-bem-o-dia-deus-e-protecao-contra-o-mal\/","name":"Ora\u00e7\u00e3o para come\u00e7ar bem o dia: Deus \u00e9 prote\u00e7\u00e3o contra o mal - Ora\u00e7\u00e3o e F\u00e9","isPartOf":{"@id":"https:\/\/www.oracaoefe.com\/#website"},"primaryImageOfPage":{"@id":"https:\/\/www.oracaoefe.com\/oracao-para-comecar-bem-o-dia-deus-e-protecao-contra-o-mal\/#primaryimage"},"image":{"@id":"https:\/\/www.oracaoefe.com\/oracao-para-comecar-bem-o-dia-deus-e-protecao-contra-o-mal\/#primaryimage"},"thumbnailUrl":"https:\/\/www.oracaoefe.com\/wp-content\/uploads\/2023\/02\/image-13.png","datePublished":"2023-03-11T09:00:00+00:00","author":{"@id":"https:\/\/www.oracaoefe.com\/#\/schema\/person\/17283c669442cf005c4d5bb58adfb7f5"},"description":"Dieu a une parole de vie pour vous !","breadcrumb":{"@id":"https:\/\/www.oracaoefe.com\/oracao-para-comecar-bem-o-dia-deus-e-protecao-contra-o-mal\/#breadcrumb"},"inLanguage":"fr-FR","potentialAction":[{"@type":"ReadAction","target":["https:\/\/www.oracaoefe.com\/oracao-para-comecar-bem-o-dia-deus-e-protecao-contra-o-mal\/"]}]},{"@type":"ImageObject","inLanguage":"fr-FR","@id":"https:\/\/www.oracaoefe.com\/oracao-para-comecar-bem-o-dia-deus-e-protecao-contra-o-mal\/#primaryimage","url":"https:\/\/www.oracaoefe.com\/wp-content\/uploads\/2023\/02\/image-13.png","contentUrl":"https:\/\/www.oracaoefe.com\/wp-content\/uploads\/2023\/02\/image-13.png","width":1280,"height":1154},{"@type":"BreadcrumbList","@id":"https:\/\/www.oracaoefe.com\/oracao-para-comecar-bem-o-dia-deus-e-protecao-contra-o-mal\/#breadcrumb","itemListElement":[{"@type":"ListItem","position":1,"name":"Home","item":"https:\/\/www.oracaoefe.com\/"},{"@type":"ListItem","position":2,"name":"Ora\u00e7\u00e3o","item":"https:\/\/www.oracaoefe.com\/category\/oracao\/"},{"@type":"ListItem","position":3,"name":"Ora\u00e7\u00e3o para come\u00e7ar bem o dia: Deus \u00e9 prote\u00e7\u00e3o contra o mal"}]},{"@type":"WebSite","@id":"https:\/\/www.oracaoefe.com\/#website","url":"https:\/\/www.oracaoefe.com\/","name":"Pri\u00e8re et foi","description":"","potentialAction":[{"@type":"SearchAction","target":{"@type":"EntryPoint","urlTemplate":"https:\/\/www.oracaoefe.com\/?s={search_term_string}"},"query-input":{"@type":"PropertyValueSpecification","valueRequired":true,"valueName":"search_term_string"}}],"inLanguage":"fr-FR"},{"@type":"Person","@id":"https:\/\/www.oracaoefe.com\/#\/schema\/person\/17283c669442cf005c4d5bb58adfb7f5","name":"Michele Azevedo","image":{"@type":"ImageObject","inLanguage":"fr-FR","@id":"https:\/\/secure.gravatar.com\/avatar\/6b0eb9d22841282815e2cd856a0061c45e1761cd54b22e952d98c4746939aa85?s=96&d=mm&r=g","url":"https:\/\/secure.gravatar.com\/avatar\/6b0eb9d22841282815e2cd856a0061c45e1761cd54b22e952d98c4746939aa85?s=96&d=mm&r=g","contentUrl":"https:\/\/secure.gravatar.com\/avatar\/6b0eb9d22841282815e2cd856a0061c45e1761cd54b22e952d98c4746939aa85?s=96&d=mm&r=g","caption":"Michele Azevedo"},"description":"Dipl\u00f4m\u00e9e en litt\u00e9rature portugaise\/anglaise de l&#039;Universit\u00e9 d&#039;\u00c9tat de Ponta Grossa (UEPG), avec des dipl\u00f4mes de troisi\u00e8me cycle en art dans l&#039;\u00e9ducation (FAPI) et en psychop\u00e9dagogie scolaire (FAPI), elle est la cr\u00e9atrice et propri\u00e9taire du site web Escritora de Sucesso, a de l&#039;exp\u00e9rience dans l&#039;\u00e9criture pour les blogs en g\u00e9n\u00e9ral et travaille comme r\u00e9dactrice et \u00e9ditrice du contenu pour Ora\u00e7\u00e3o e F\u00e9.","url":"https:\/\/www.oracaoefe.com\/fr\/author\/michele-azevedo\/"}]}},"_links":{"self":[{"href":"https:\/\/www.oracaoefe.com\/fr\/wp-json\/wp\/v2\/posts\/1960","targetHints":{"allow":["GET"]}}],"collection":[{"href":"https:\/\/www.oracaoefe.com\/fr\/wp-json\/wp\/v2\/posts"}],"about":[{"href":"https:\/\/www.oracaoefe.com\/fr\/wp-json\/wp\/v2\/types\/post"}],"author":[{"embeddable":true,"href":"https:\/\/www.oracaoefe.com\/fr\/wp-json\/wp\/v2\/users\/3"}],"replies":[{"embeddable":true,"href":"https:\/\/www.oracaoefe.com\/fr\/wp-json\/wp\/v2\/comments?post=1960"}],"version-history":[{"count":1,"href":"https:\/\/www.oracaoefe.com\/fr\/wp-json\/wp\/v2\/posts\/1960\/revisions"}],"predecessor-version":[{"id":1962,"href":"https:\/\/www.oracaoefe.com\/fr\/wp-json\/wp\/v2\/posts\/1960\/revisions\/1962"}],"wp:featuredmedia":[{"embeddable":true,"href":"https:\/\/www.oracaoefe.com\/fr\/wp-json\/wp\/v2\/media\/1961"}],"wp:attachment":[{"href":"https:\/\/www.oracaoefe.com\/fr\/wp-json\/wp\/v2\/media?parent=1960"}],"wp:term":[{"taxonomy":"category","embeddable":true,"href":"https:\/\/www.oracaoefe.com\/fr\/wp-json\/wp\/v2\/categories?post=1960"},{"taxonomy":"post_tag","embeddable":true,"href":"https:\/\/www.oracaoefe.com\/fr\/wp-json\/wp\/v2\/tags?post=1960"}],"curies":[{"name":"wp","href":"https:\/\/api.w.org\/{rel}","templated":true}]}}