{"id":1952,"date":"2023-03-07T06:00:00","date_gmt":"2023-03-07T09:00:00","guid":{"rendered":"https:\/\/www.oracaoefe.com\/?p=1952"},"modified":"2023-02-28T17:46:28","modified_gmt":"2023-02-28T20:46:28","slug":"oracao-para-comecar-bem-o-dia-cultive-paz-de-espirito","status":"publish","type":"post","link":"https:\/\/www.oracaoefe.com\/fr\/oracao-para-comecar-bem-o-dia-cultive-paz-de-espirito\/","title":{"rendered":"Ora\u00e7\u00e3o para come\u00e7ar bem o dia: Cultive paz de esp\u00edrito"},"content":{"rendered":"<p class=\"wp-block-paragraph\">Para aqueles que buscam uma vida espiritual mais profunda e significativa, a ora\u00e7\u00e3o matinal \u00e9 um h\u00e1bito que n\u00e3o pode ser ignorado. Come\u00e7ar o dia em ora\u00e7\u00e3o \u00e9 uma forma de entregar a Deus nossas preocupa\u00e7\u00f5es, ansiedades e planos para o dia, confiando em Sua orienta\u00e7\u00e3o e dire\u00e7\u00e3o. A ora\u00e7\u00e3o matinal nos ajuda a manter uma postura humilde e dependente de Deus, reconhecendo nossa limita\u00e7\u00e3o e necessidade de Sua gra\u00e7a. Atrav\u00e9s da ora\u00e7\u00e3o matinal, somos capazes de fortalecer nossa f\u00e9, renovar nossa mente e nos aproximar ainda mais de Deus, sentindo Sua presen\u00e7a em cada momento do nosso dia.<\/p>\n\n\n\n<figure class=\"wp-block-image size-large\"><img loading=\"lazy\" decoding=\"async\" width=\"1024\" height=\"682\" src=\"https:\/\/www.oracaoefe.com\/wp-content\/uploads\/2023\/02\/image-11-1024x682.png\" alt=\"\" class=\"wp-image-1955\" srcset=\"https:\/\/www.oracaoefe.com\/wp-content\/uploads\/2023\/02\/image-11-1024x682.png 1024w, https:\/\/www.oracaoefe.com\/wp-content\/uploads\/2023\/02\/image-11-300x200.png 300w, https:\/\/www.oracaoefe.com\/wp-content\/uploads\/2023\/02\/image-11-768x512.png 768w, https:\/\/www.oracaoefe.com\/wp-content\/uploads\/2023\/02\/image-11-18x12.png 18w, https:\/\/www.oracaoefe.com\/wp-content\/uploads\/2023\/02\/image-11.png 1280w\" sizes=\"auto, (max-width: 1024px) 100vw, 1024px\" \/><figcaption class=\"wp-element-caption\">Image : Pixabay - Reproduction<\/figcaption><\/figure>\n\n\n\n<h2 class=\"wp-block-heading\">Ora\u00e7\u00e3o para come\u00e7ar bem o dia<\/h2>\n\n\n\n<p class=\"wp-block-paragraph\"><em>\u201cQuerido Deus, hoje venho diante de ti para pedir a paz de esp\u00edrito que s\u00f3 tu podes me dar. Eu sei que tenho lutado com a ansiedade, o medo e a preocupa\u00e7\u00e3o, e isso tem me impedido de viver plenamente. Por isso, hoje pe\u00e7o que me ajude a encontrar a paz que vem de ti.<\/em><\/p>\n\n\n\n<p class=\"wp-block-paragraph\"><em>Pe\u00e7o que me ajude a confiar em ti completamente, sabendo que \u00e9s o meu ref\u00fagio seguro em meio \u00e0s tempestades da vida. Que eu possa depositar todas as minhas preocupa\u00e7\u00f5es e ansiedades em tuas m\u00e3os, sabendo que tu cuidas de mim e que tens um plano perfeito para a minha vida.<\/em><\/p>\n\n\n\n<p class=\"wp-block-paragraph\"><em>Que a tua paz possa inundar a minha mente e o meu cora\u00e7\u00e3o, ajudando-me a encontrar descanso em meio ao caos. Que eu possa ser capaz de me concentrar no que \u00e9 verdadeiro, nobre e justo, e que isso possa me trazer tranquilidade e serenidade.<\/em><\/p>\n\n\n\n<p class=\"wp-block-paragraph\"><em>Ajuda-me a deixar de lado as preocupa\u00e7\u00f5es do passado e a n\u00e3o me preocupar com o futuro. Que eu possa viver no momento presente, sabendo que tu est\u00e1s comigo em todos os momentos.<\/em><\/p>\n\n\n\n<p class=\"wp-block-paragraph\"><em>Que a tua presen\u00e7a possa me guiar em todos os momentos, ajudando-me a tomar decis\u00f5es s\u00e1bias e a viver de acordo com a tua vontade. Que eu possa encontrar a paz que s\u00f3 tu podes dar, sabendo que \u00e9s a fonte de toda a verdade e de todo o amor.<\/em><\/p>\n\n\n\n<p class=\"wp-block-paragraph\"><em>Senhor, pe\u00e7o que me ajude a encontrar a paz de esp\u00edrito que tanto necessito. Que a tua luz possa brilhar em minha vida e que eu possa ser uma fonte de esperan\u00e7a e de paz para os que est\u00e3o ao meu redor.<\/em><\/p>\n\n\n\n<p class=\"wp-block-paragraph\"><em>Em nome de Jesus, am\u00e9m.\u201d<\/em><\/p>\n\n\n\n<h2 class=\"wp-block-heading\">Mensagem do dia sobre cultivar a paz de esp\u00edrito&nbsp;<\/h2>\n\n\n\n<p class=\"wp-block-paragraph\">A paz de esp\u00edrito \u00e9 um estado de tranquilidade mental e emocional, que nos permite sentir um profundo senso de harmonia e equil\u00edbrio interior. \u00c9 um estado de ser que nos ajuda a enfrentar os desafios da vida com mais confian\u00e7a e clareza, e nos permite desfrutar dos momentos de felicidade com maior intensidade. A busca pela paz de esp\u00edrito \u00e9 uma jornada pessoal que envolve a autoconsci\u00eancia e a pr\u00e1tica de h\u00e1bitos saud\u00e1veis, como medita\u00e7\u00e3o, exerc\u00edcios f\u00edsicos e a conex\u00e3o com pessoas e atividades que nos fazem bem.<\/p>\n\n\n\n<p class=\"wp-block-paragraph\">Deus \u00e9 frequentemente associado \u00e0 paz de esp\u00edrito, pois acredita-se que a conex\u00e3o espiritual com o divino pode nos trazer um sentimento de seguran\u00e7a e confian\u00e7a em rela\u00e7\u00e3o \u00e0 vida. A cren\u00e7a em um poder superior pode ajudar a nos sentirmos parte de algo maior, e a encontrar um prop\u00f3sito e significado para nossa exist\u00eancia. A religiosidade ou a espiritualidade podem ser uma fonte de conforto e orienta\u00e7\u00e3o para muitas pessoas em momentos de crise, e podem ajudar a lidar com quest\u00f5es existenciais como a morte e o sofrimento.<\/p>\n\n\n\n<p class=\"wp-block-paragraph\">No entanto, a busca pela paz de esp\u00edrito n\u00e3o depende necessariamente da religiosidade ou da espiritualidade. Existem muitas abordagens seculares que podem ajudar a encontrar um estado de serenidade interior, como a pr\u00e1tica da mindfulness e outras t\u00e9cnicas de medita\u00e7\u00e3o. A psicologia tamb\u00e9m oferece diversas estrat\u00e9gias para lidar com a ansiedade, a depress\u00e3o e outros transtornos emocionais, que podem ser uma barreira para a paz de esp\u00edrito.<\/p>\n\n\n\n<p class=\"wp-block-paragraph\">Em resumo, a paz de esp\u00edrito \u00e9 um estado desejado por muitos, que pode ser alcan\u00e7ado por meio de pr\u00e1ticas saud\u00e1veis e da busca por conex\u00f5es significativas com o mundo ao nosso redor. A religiosidade ou espiritualidade podem ser uma fonte de conforto e orienta\u00e7\u00e3o para muitas pessoas, mas n\u00e3o s\u00e3o as \u00fanicas maneiras de encontrar um sentido de harmonia e equil\u00edbrio interior. A busca pela paz de esp\u00edrito \u00e9 uma jornada pessoal que pode ser enriquecedora e transformadora, e que pode nos ajudar a encontrar um sentido mais profundo para nossas vidas.<\/p>\n\n\n\n<p class=\"wp-block-paragraph\"><strong>Voir aussi\u00a0: <a href=\"https:\/\/www.oracaoefe.com\/fr\/oracao-para-casal-fazer-as-pazes\/\">Ora\u00e7\u00e3o para casal fazer as pazes<\/a><\/strong><\/p>\n\n\n\n<p class=\"wp-block-paragraph\">7 de mar\u00e7o de 2023<\/p>","protected":false},"excerpt":{"rendered":"<p>Para aqueles que buscam uma vida espiritual mais profunda e significativa, a ora\u00e7\u00e3o matinal \u00e9 um h\u00e1bito que n\u00e3o pode ser ignorado. Come\u00e7ar o dia em ora\u00e7\u00e3o \u00e9 uma forma de entregar a Deus nossas preocupa\u00e7\u00f5es, ansiedades e planos para o dia, confiando em Sua orienta\u00e7\u00e3o e dire\u00e7\u00e3o. A ora\u00e7\u00e3o matinal nos ajuda a manter&hellip;&nbsp;<\/p>","protected":false},"author":3,"featured_media":1955,"comment_status":"closed","ping_status":"closed","sticky":false,"template":"","format":"standard","meta":{"neve_meta_sidebar":"","neve_meta_container":"","neve_meta_enable_content_width":"","neve_meta_content_width":0,"neve_meta_title_alignment":"","neve_meta_author_avatar":"","neve_post_elements_order":"","neve_meta_disable_header":"","neve_meta_disable_footer":"","neve_meta_disable_title":"","footnotes":""},"categories":[2],"tags":[160,163],"class_list":["post-1952","post","type-post","status-publish","format-standard","has-post-thumbnail","hentry","category-oracao","tag-oracao-do-dia","tag-prece-do-dia"],"yoast_head":"<!-- This site is optimized with the Yoast SEO plugin v28.4 - https:\/\/yoast.com\/product\/yoast-seo-wordpress\/ -->\n<title>Ora\u00e7\u00e3o para come\u00e7ar bem o dia: Cultive paz de esp\u00edrito - Ora\u00e7\u00e3o e F\u00e9<\/title>\n<meta name=\"description\" content=\"Deus tem pra voc\u00ea uma palavra de vida!\" \/>\n<meta name=\"robots\" content=\"index, follow, max-snippet:-1, max-image-preview:large, max-video-preview:-1\" \/>\n<link rel=\"canonical\" href=\"https:\/\/www.oracaoefe.com\/fr\/oracao-para-comecar-bem-o-dia-cultive-paz-de-espirito\/\" \/>\n<meta property=\"og:locale\" content=\"fr_FR\" \/>\n<meta property=\"og:type\" content=\"article\" \/>\n<meta property=\"og:title\" content=\"Ora\u00e7\u00e3o para come\u00e7ar bem o dia: Cultive paz de esp\u00edrito - Ora\u00e7\u00e3o e F\u00e9\" \/>\n<meta property=\"og:description\" content=\"Deus tem pra voc\u00ea uma palavra de vida!\" \/>\n<meta property=\"og:url\" content=\"https:\/\/www.oracaoefe.com\/fr\/oracao-para-comecar-bem-o-dia-cultive-paz-de-espirito\/\" \/>\n<meta property=\"og:site_name\" content=\"Ora\u00e7\u00e3o e F\u00e9\" \/>\n<meta property=\"article:published_time\" content=\"2023-03-07T09:00:00+00:00\" \/>\n<meta property=\"og:image\" content=\"https:\/\/www.oracaoefe.com\/wp-content\/uploads\/2023\/02\/image-11.png\" \/>\n\t<meta property=\"og:image:width\" content=\"1280\" \/>\n\t<meta property=\"og:image:height\" content=\"853\" \/>\n\t<meta property=\"og:image:type\" content=\"image\/png\" \/>\n<meta name=\"author\" content=\"Michele Azevedo\" \/>\n<meta name=\"twitter:card\" content=\"summary_large_image\" \/>\n<meta name=\"twitter:label1\" content=\"\u00c9crit par\" \/>\n\t<meta name=\"twitter:data1\" content=\"Michele Azevedo\" \/>\n\t<meta name=\"twitter:label2\" content=\"Dur\u00e9e de lecture estim\u00e9e\" \/>\n\t<meta name=\"twitter:data2\" content=\"4 minutes\" \/>\n<script type=\"application\/ld+json\" class=\"yoast-schema-graph\">{\"@context\":\"https:\\\/\\\/schema.org\",\"@graph\":[{\"@type\":\"Article\",\"@id\":\"https:\\\/\\\/www.oracaoefe.com\\\/oracao-para-comecar-bem-o-dia-cultive-paz-de-espirito\\\/#article\",\"isPartOf\":{\"@id\":\"https:\\\/\\\/www.oracaoefe.com\\\/oracao-para-comecar-bem-o-dia-cultive-paz-de-espirito\\\/\"},\"author\":{\"name\":\"Michele Azevedo\",\"@id\":\"https:\\\/\\\/www.oracaoefe.com\\\/#\\\/schema\\\/person\\\/17283c669442cf005c4d5bb58adfb7f5\"},\"headline\":\"Ora\u00e7\u00e3o para come\u00e7ar bem o dia: Cultive paz de esp\u00edrito\",\"datePublished\":\"2023-03-07T09:00:00+00:00\",\"mainEntityOfPage\":{\"@id\":\"https:\\\/\\\/www.oracaoefe.com\\\/oracao-para-comecar-bem-o-dia-cultive-paz-de-espirito\\\/\"},\"wordCount\":832,\"image\":{\"@id\":\"https:\\\/\\\/www.oracaoefe.com\\\/oracao-para-comecar-bem-o-dia-cultive-paz-de-espirito\\\/#primaryimage\"},\"thumbnailUrl\":\"https:\\\/\\\/www.oracaoefe.com\\\/wp-content\\\/uploads\\\/2023\\\/02\\\/image-11.png\",\"keywords\":[\"ora\u00e7\u00e3o do dia\",\"prece do dia\"],\"articleSection\":[\"Ora\u00e7\u00e3o\"],\"inLanguage\":\"fr-FR\"},{\"@type\":\"WebPage\",\"@id\":\"https:\\\/\\\/www.oracaoefe.com\\\/oracao-para-comecar-bem-o-dia-cultive-paz-de-espirito\\\/\",\"url\":\"https:\\\/\\\/www.oracaoefe.com\\\/oracao-para-comecar-bem-o-dia-cultive-paz-de-espirito\\\/\",\"name\":\"Ora\u00e7\u00e3o para come\u00e7ar bem o dia: Cultive paz de esp\u00edrito - Ora\u00e7\u00e3o e F\u00e9\",\"isPartOf\":{\"@id\":\"https:\\\/\\\/www.oracaoefe.com\\\/#website\"},\"primaryImageOfPage\":{\"@id\":\"https:\\\/\\\/www.oracaoefe.com\\\/oracao-para-comecar-bem-o-dia-cultive-paz-de-espirito\\\/#primaryimage\"},\"image\":{\"@id\":\"https:\\\/\\\/www.oracaoefe.com\\\/oracao-para-comecar-bem-o-dia-cultive-paz-de-espirito\\\/#primaryimage\"},\"thumbnailUrl\":\"https:\\\/\\\/www.oracaoefe.com\\\/wp-content\\\/uploads\\\/2023\\\/02\\\/image-11.png\",\"datePublished\":\"2023-03-07T09:00:00+00:00\",\"author\":{\"@id\":\"https:\\\/\\\/www.oracaoefe.com\\\/#\\\/schema\\\/person\\\/17283c669442cf005c4d5bb58adfb7f5\"},\"description\":\"Deus tem pra voc\u00ea uma palavra de vida!\",\"breadcrumb\":{\"@id\":\"https:\\\/\\\/www.oracaoefe.com\\\/oracao-para-comecar-bem-o-dia-cultive-paz-de-espirito\\\/#breadcrumb\"},\"inLanguage\":\"fr-FR\",\"potentialAction\":[{\"@type\":\"ReadAction\",\"target\":[\"https:\\\/\\\/www.oracaoefe.com\\\/oracao-para-comecar-bem-o-dia-cultive-paz-de-espirito\\\/\"]}]},{\"@type\":\"ImageObject\",\"inLanguage\":\"fr-FR\",\"@id\":\"https:\\\/\\\/www.oracaoefe.com\\\/oracao-para-comecar-bem-o-dia-cultive-paz-de-espirito\\\/#primaryimage\",\"url\":\"https:\\\/\\\/www.oracaoefe.com\\\/wp-content\\\/uploads\\\/2023\\\/02\\\/image-11.png\",\"contentUrl\":\"https:\\\/\\\/www.oracaoefe.com\\\/wp-content\\\/uploads\\\/2023\\\/02\\\/image-11.png\",\"width\":1280,\"height\":853},{\"@type\":\"BreadcrumbList\",\"@id\":\"https:\\\/\\\/www.oracaoefe.com\\\/oracao-para-comecar-bem-o-dia-cultive-paz-de-espirito\\\/#breadcrumb\",\"itemListElement\":[{\"@type\":\"ListItem\",\"position\":1,\"name\":\"Home\",\"item\":\"https:\\\/\\\/www.oracaoefe.com\\\/\"},{\"@type\":\"ListItem\",\"position\":2,\"name\":\"Ora\u00e7\u00e3o\",\"item\":\"https:\\\/\\\/www.oracaoefe.com\\\/category\\\/oracao\\\/\"},{\"@type\":\"ListItem\",\"position\":3,\"name\":\"Ora\u00e7\u00e3o para come\u00e7ar bem o dia: Cultive paz de esp\u00edrito\"}]},{\"@type\":\"WebSite\",\"@id\":\"https:\\\/\\\/www.oracaoefe.com\\\/#website\",\"url\":\"https:\\\/\\\/www.oracaoefe.com\\\/\",\"name\":\"Ora\u00e7\u00e3o e F\u00e9\",\"description\":\"\",\"potentialAction\":[{\"@type\":\"SearchAction\",\"target\":{\"@type\":\"EntryPoint\",\"urlTemplate\":\"https:\\\/\\\/www.oracaoefe.com\\\/?s={search_term_string}\"},\"query-input\":{\"@type\":\"PropertyValueSpecification\",\"valueRequired\":true,\"valueName\":\"search_term_string\"}}],\"inLanguage\":\"fr-FR\"},{\"@type\":\"Person\",\"@id\":\"https:\\\/\\\/www.oracaoefe.com\\\/#\\\/schema\\\/person\\\/17283c669442cf005c4d5bb58adfb7f5\",\"name\":\"Michele Azevedo\",\"image\":{\"@type\":\"ImageObject\",\"inLanguage\":\"fr-FR\",\"@id\":\"https:\\\/\\\/secure.gravatar.com\\\/avatar\\\/6b0eb9d22841282815e2cd856a0061c45e1761cd54b22e952d98c4746939aa85?s=96&d=mm&r=g\",\"url\":\"https:\\\/\\\/secure.gravatar.com\\\/avatar\\\/6b0eb9d22841282815e2cd856a0061c45e1761cd54b22e952d98c4746939aa85?s=96&d=mm&r=g\",\"contentUrl\":\"https:\\\/\\\/secure.gravatar.com\\\/avatar\\\/6b0eb9d22841282815e2cd856a0061c45e1761cd54b22e952d98c4746939aa85?s=96&d=mm&r=g\",\"caption\":\"Michele Azevedo\"},\"description\":\"Formada em Letras - Portugu\u00eas\\\/ Ingl\u00eas pela Universidade Estadual de Ponta Grossa (UEPG), p\u00f3s-graduada em Arte na Educa\u00e7\u00e3o (FAPI) e Psicopedagogia Escolar (FAPI), idealizadora e propriet\u00e1ria do site Escritora de Sucesso, possui experi\u00eancia em escrita para blogs em geral e atua como redatora e revisora dos conte\u00fados do Ora\u00e7\u00e3o e F\u00e9.\",\"url\":\"https:\\\/\\\/www.oracaoefe.com\\\/fr\\\/author\\\/michele-azevedo\\\/\"}]}<\/script>\n<!-- \/ Yoast SEO plugin. -->","yoast_head_json":{"title":"Ora\u00e7\u00e3o para come\u00e7ar bem o dia: Cultive paz de esp\u00edrito - Ora\u00e7\u00e3o e F\u00e9","description":"Dieu a une parole de vie pour vous !","robots":{"index":"index","follow":"follow","max-snippet":"max-snippet:-1","max-image-preview":"max-image-preview:large","max-video-preview":"max-video-preview:-1"},"canonical":"https:\/\/www.oracaoefe.com\/fr\/oracao-para-comecar-bem-o-dia-cultive-paz-de-espirito\/","og_locale":"fr_FR","og_type":"article","og_title":"Ora\u00e7\u00e3o para come\u00e7ar bem o dia: Cultive paz de esp\u00edrito - Ora\u00e7\u00e3o e F\u00e9","og_description":"Deus tem pra voc\u00ea uma palavra de vida!","og_url":"https:\/\/www.oracaoefe.com\/fr\/oracao-para-comecar-bem-o-dia-cultive-paz-de-espirito\/","og_site_name":"Ora\u00e7\u00e3o e F\u00e9","article_published_time":"2023-03-07T09:00:00+00:00","og_image":[{"width":1280,"height":853,"url":"https:\/\/www.oracaoefe.com\/wp-content\/uploads\/2023\/02\/image-11.png","type":"image\/png"}],"author":"Michele Azevedo","twitter_card":"summary_large_image","twitter_misc":{"\u00c9crit par":"Michele Azevedo","Dur\u00e9e de lecture estim\u00e9e":"4 minutes"},"schema":{"@context":"https:\/\/schema.org","@graph":[{"@type":"Article","@id":"https:\/\/www.oracaoefe.com\/oracao-para-comecar-bem-o-dia-cultive-paz-de-espirito\/#article","isPartOf":{"@id":"https:\/\/www.oracaoefe.com\/oracao-para-comecar-bem-o-dia-cultive-paz-de-espirito\/"},"author":{"name":"Michele Azevedo","@id":"https:\/\/www.oracaoefe.com\/#\/schema\/person\/17283c669442cf005c4d5bb58adfb7f5"},"headline":"Ora\u00e7\u00e3o para come\u00e7ar bem o dia: Cultive paz de esp\u00edrito","datePublished":"2023-03-07T09:00:00+00:00","mainEntityOfPage":{"@id":"https:\/\/www.oracaoefe.com\/oracao-para-comecar-bem-o-dia-cultive-paz-de-espirito\/"},"wordCount":832,"image":{"@id":"https:\/\/www.oracaoefe.com\/oracao-para-comecar-bem-o-dia-cultive-paz-de-espirito\/#primaryimage"},"thumbnailUrl":"https:\/\/www.oracaoefe.com\/wp-content\/uploads\/2023\/02\/image-11.png","keywords":["ora\u00e7\u00e3o do dia","prece do dia"],"articleSection":["Ora\u00e7\u00e3o"],"inLanguage":"fr-FR"},{"@type":"WebPage","@id":"https:\/\/www.oracaoefe.com\/oracao-para-comecar-bem-o-dia-cultive-paz-de-espirito\/","url":"https:\/\/www.oracaoefe.com\/oracao-para-comecar-bem-o-dia-cultive-paz-de-espirito\/","name":"Ora\u00e7\u00e3o para come\u00e7ar bem o dia: Cultive paz de esp\u00edrito - Ora\u00e7\u00e3o e F\u00e9","isPartOf":{"@id":"https:\/\/www.oracaoefe.com\/#website"},"primaryImageOfPage":{"@id":"https:\/\/www.oracaoefe.com\/oracao-para-comecar-bem-o-dia-cultive-paz-de-espirito\/#primaryimage"},"image":{"@id":"https:\/\/www.oracaoefe.com\/oracao-para-comecar-bem-o-dia-cultive-paz-de-espirito\/#primaryimage"},"thumbnailUrl":"https:\/\/www.oracaoefe.com\/wp-content\/uploads\/2023\/02\/image-11.png","datePublished":"2023-03-07T09:00:00+00:00","author":{"@id":"https:\/\/www.oracaoefe.com\/#\/schema\/person\/17283c669442cf005c4d5bb58adfb7f5"},"description":"Dieu a une parole de vie pour vous !","breadcrumb":{"@id":"https:\/\/www.oracaoefe.com\/oracao-para-comecar-bem-o-dia-cultive-paz-de-espirito\/#breadcrumb"},"inLanguage":"fr-FR","potentialAction":[{"@type":"ReadAction","target":["https:\/\/www.oracaoefe.com\/oracao-para-comecar-bem-o-dia-cultive-paz-de-espirito\/"]}]},{"@type":"ImageObject","inLanguage":"fr-FR","@id":"https:\/\/www.oracaoefe.com\/oracao-para-comecar-bem-o-dia-cultive-paz-de-espirito\/#primaryimage","url":"https:\/\/www.oracaoefe.com\/wp-content\/uploads\/2023\/02\/image-11.png","contentUrl":"https:\/\/www.oracaoefe.com\/wp-content\/uploads\/2023\/02\/image-11.png","width":1280,"height":853},{"@type":"BreadcrumbList","@id":"https:\/\/www.oracaoefe.com\/oracao-para-comecar-bem-o-dia-cultive-paz-de-espirito\/#breadcrumb","itemListElement":[{"@type":"ListItem","position":1,"name":"Home","item":"https:\/\/www.oracaoefe.com\/"},{"@type":"ListItem","position":2,"name":"Ora\u00e7\u00e3o","item":"https:\/\/www.oracaoefe.com\/category\/oracao\/"},{"@type":"ListItem","position":3,"name":"Ora\u00e7\u00e3o para come\u00e7ar bem o dia: Cultive paz de esp\u00edrito"}]},{"@type":"WebSite","@id":"https:\/\/www.oracaoefe.com\/#website","url":"https:\/\/www.oracaoefe.com\/","name":"Pri\u00e8re et foi","description":"","potentialAction":[{"@type":"SearchAction","target":{"@type":"EntryPoint","urlTemplate":"https:\/\/www.oracaoefe.com\/?s={search_term_string}"},"query-input":{"@type":"PropertyValueSpecification","valueRequired":true,"valueName":"search_term_string"}}],"inLanguage":"fr-FR"},{"@type":"Person","@id":"https:\/\/www.oracaoefe.com\/#\/schema\/person\/17283c669442cf005c4d5bb58adfb7f5","name":"Michele Azevedo","image":{"@type":"ImageObject","inLanguage":"fr-FR","@id":"https:\/\/secure.gravatar.com\/avatar\/6b0eb9d22841282815e2cd856a0061c45e1761cd54b22e952d98c4746939aa85?s=96&d=mm&r=g","url":"https:\/\/secure.gravatar.com\/avatar\/6b0eb9d22841282815e2cd856a0061c45e1761cd54b22e952d98c4746939aa85?s=96&d=mm&r=g","contentUrl":"https:\/\/secure.gravatar.com\/avatar\/6b0eb9d22841282815e2cd856a0061c45e1761cd54b22e952d98c4746939aa85?s=96&d=mm&r=g","caption":"Michele Azevedo"},"description":"Dipl\u00f4m\u00e9e en litt\u00e9rature portugaise\/anglaise de l&#039;Universit\u00e9 d&#039;\u00c9tat de Ponta Grossa (UEPG), avec des dipl\u00f4mes de troisi\u00e8me cycle en art dans l&#039;\u00e9ducation (FAPI) et en psychop\u00e9dagogie scolaire (FAPI), elle est la cr\u00e9atrice et propri\u00e9taire du site web Escritora de Sucesso, a de l&#039;exp\u00e9rience dans l&#039;\u00e9criture pour les blogs en g\u00e9n\u00e9ral et travaille comme r\u00e9dactrice et \u00e9ditrice du contenu pour Ora\u00e7\u00e3o e F\u00e9.","url":"https:\/\/www.oracaoefe.com\/fr\/author\/michele-azevedo\/"}]}},"_links":{"self":[{"href":"https:\/\/www.oracaoefe.com\/fr\/wp-json\/wp\/v2\/posts\/1952","targetHints":{"allow":["GET"]}}],"collection":[{"href":"https:\/\/www.oracaoefe.com\/fr\/wp-json\/wp\/v2\/posts"}],"about":[{"href":"https:\/\/www.oracaoefe.com\/fr\/wp-json\/wp\/v2\/types\/post"}],"author":[{"embeddable":true,"href":"https:\/\/www.oracaoefe.com\/fr\/wp-json\/wp\/v2\/users\/3"}],"replies":[{"embeddable":true,"href":"https:\/\/www.oracaoefe.com\/fr\/wp-json\/wp\/v2\/comments?post=1952"}],"version-history":[{"count":2,"href":"https:\/\/www.oracaoefe.com\/fr\/wp-json\/wp\/v2\/posts\/1952\/revisions"}],"predecessor-version":[{"id":1956,"href":"https:\/\/www.oracaoefe.com\/fr\/wp-json\/wp\/v2\/posts\/1952\/revisions\/1956"}],"wp:featuredmedia":[{"embeddable":true,"href":"https:\/\/www.oracaoefe.com\/fr\/wp-json\/wp\/v2\/media\/1955"}],"wp:attachment":[{"href":"https:\/\/www.oracaoefe.com\/fr\/wp-json\/wp\/v2\/media?parent=1952"}],"wp:term":[{"taxonomy":"category","embeddable":true,"href":"https:\/\/www.oracaoefe.com\/fr\/wp-json\/wp\/v2\/categories?post=1952"},{"taxonomy":"post_tag","embeddable":true,"href":"https:\/\/www.oracaoefe.com\/fr\/wp-json\/wp\/v2\/tags?post=1952"}],"curies":[{"name":"wp","href":"https:\/\/api.w.org\/{rel}","templated":true}]}}