{"id":1949,"date":"2023-03-15T06:00:00","date_gmt":"2023-03-15T09:00:00","guid":{"rendered":"https:\/\/www.oracaoefe.com\/?p=1949"},"modified":"2023-02-28T17:41:11","modified_gmt":"2023-02-28T20:41:11","slug":"oracao-para-comecar-bem-o-dia-viver-com-fe","status":"publish","type":"post","link":"https:\/\/www.oracaoefe.com\/fr\/oracao-para-comecar-bem-o-dia-viver-com-fe\/","title":{"rendered":"Ora\u00e7\u00e3o para come\u00e7ar bem o dia: Viver com f\u00e9"},"content":{"rendered":"<p class=\"wp-block-paragraph\">A ora\u00e7\u00e3o matinal \u00e9 um h\u00e1bito essencial para os crist\u00e3os que desejam buscar a Deus diariamente e se fortalecer espiritualmente. Come\u00e7ar o dia em ora\u00e7\u00e3o \u00e9 uma forma de entregar as preocupa\u00e7\u00f5es, ansiedades e planos do dia nas m\u00e3os de Deus, pedindo a Sua orienta\u00e7\u00e3o e dire\u00e7\u00e3o. Al\u00e9m disso, a ora\u00e7\u00e3o matinal ajuda a estabelecer uma postura de humildade e depend\u00eancia de Deus, reconhecendo que n\u00e3o somos capazes de enfrentar os desafios da vida por n\u00f3s mesmos. Atrav\u00e9s da ora\u00e7\u00e3o matinal, podemos fortalecer nossa f\u00e9, renovar nossa mente e nos aproximar de Deus, sentindo a Sua presen\u00e7a em cada momento do nosso dia.<\/p>\n\n\n\n<figure class=\"wp-block-image size-large\"><img loading=\"lazy\" decoding=\"async\" width=\"1024\" height=\"576\" src=\"https:\/\/www.oracaoefe.com\/wp-content\/uploads\/2023\/02\/image-10-1024x576.png\" alt=\"\" class=\"wp-image-1950\" srcset=\"https:\/\/www.oracaoefe.com\/wp-content\/uploads\/2023\/02\/image-10-1024x576.png 1024w, https:\/\/www.oracaoefe.com\/wp-content\/uploads\/2023\/02\/image-10-300x169.png 300w, https:\/\/www.oracaoefe.com\/wp-content\/uploads\/2023\/02\/image-10-768x432.png 768w, https:\/\/www.oracaoefe.com\/wp-content\/uploads\/2023\/02\/image-10-18x10.png 18w, https:\/\/www.oracaoefe.com\/wp-content\/uploads\/2023\/02\/image-10-383x215.png 383w, https:\/\/www.oracaoefe.com\/wp-content\/uploads\/2023\/02\/image-10.png 1280w\" sizes=\"auto, (max-width: 1024px) 100vw, 1024px\" \/><figcaption class=\"wp-element-caption\">Image : Pixabay - Reproduction<\/figcaption><\/figure>\n\n\n\n<h2 class=\"wp-block-heading\">Ora\u00e7\u00e3o para come\u00e7ar bem o dia<\/h2>\n\n\n\n<p class=\"wp-block-paragraph\">\"<em>Senhor, em meio \u00e0s tempestades da vida, sinto-me fraco e impotente diante dos desafios que se apresentam diante de mim. As dificuldades parecem insuper\u00e1veis e o medo toma conta do meu cora\u00e7\u00e3o.<\/em><\/p>\n\n\n\n<p class=\"wp-block-paragraph\"><em>Por isso, venho at\u00e9 ti hoje, pedindo que fortale\u00e7as a minha f\u00e9. Que ela seja como uma \u00e2ncora que me mant\u00e9m firme, mesmo quando as ondas tentam me derrubar. Que ela seja como uma luz que ilumina o meu caminho, mesmo nos momentos mais escuros.<\/em><\/p>\n\n\n\n<p class=\"wp-block-paragraph\"><em>Ajuda-me a confiar em ti, mesmo quando as circunst\u00e2ncias parecem desfavor\u00e1veis. Ajuda-me a acreditar que todas as coisas cooperam para o bem daqueles que te amam. Ajuda-me a ter a certeza de que est\u00e1s no controle de todas as coisas e que nada acontece sem a tua permiss\u00e3o.<\/em><\/p>\n\n\n\n<p class=\"wp-block-paragraph\"><em>Fortalece a minha f\u00e9, para que eu possa enfrentar os desafios da vida com coragem e determina\u00e7\u00e3o. Para que eu possa manter a minha confian\u00e7a em ti, mesmo quando as circunst\u00e2ncias parecem contradizer a tua palavra. Para que eu possa prosseguir, mesmo quando o caminho parece dif\u00edcil e cheio de obst\u00e1culos.<\/em><\/p>\n\n\n\n<p class=\"wp-block-paragraph\"><em>Ajuda-me a lembrar que tu \u00e9s um Deus fiel, que nunca me abandonar\u00e1 nem me deixar\u00e1. Que est\u00e1s sempre ao meu lado, mesmo nos momentos mais dif\u00edceis. Que tens um plano para a minha vida e que esse plano \u00e9 bom e perfeito.<\/em><\/p>\n\n\n\n<p class=\"wp-block-paragraph\"><em>Que a minha f\u00e9 seja uma fonte de inspira\u00e7\u00e3o para os que est\u00e3o ao meu redor. Que eles possam ver em mim a tua gra\u00e7a e a tua miseric\u00f3rdia, mesmo em meio \u00e0s prova\u00e7\u00f5es da vida. Que a minha vida seja um testemunho vivo do teu amor e da tua fidelidade.<\/em><\/p>\n\n\n\n<p class=\"wp-block-paragraph\"><em>Senhor, fortalece a minha f\u00e9 para que eu possa prosseguir na jornada da vida, confiando em ti a cada passo do caminho. Am\u00e9m.\u201d<\/em><\/p>\n\n\n\n<h2 class=\"wp-block-heading\">Mensagem do dia sobre a import\u00e2ncia de viver com f\u00e9<\/h2>\n\n\n\n<p class=\"wp-block-paragraph\">Viver com f\u00e9 \u00e9 essencial para encontrar um sentido mais profundo e significativo na vida. Quando acreditamos em algo maior do que n\u00f3s mesmos, isso nos d\u00e1 uma sensa\u00e7\u00e3o de prop\u00f3sito e dire\u00e7\u00e3o. A f\u00e9 pode nos ajudar a superar os desafios e dificuldades da vida, dando-nos for\u00e7a e coragem para seguir em frente.<\/p>\n\n\n\n<p class=\"wp-block-paragraph\">Al\u00e9m disso, a f\u00e9 pode nos ajudar a encontrar paz e felicidade interior. Quando confiamos em Deus e em seu plano para nossas vidas, podemos nos libertar da ansiedade, do medo e da incerteza. Isso nos permite viver no momento presente, desfrutando de cada momento com gratid\u00e3o e alegria.<\/p>\n\n\n\n<p class=\"wp-block-paragraph\">A f\u00e9 tamb\u00e9m nos ajuda a viver de acordo com valores elevados e morais. Quando seguimos os ensinamentos de nossa f\u00e9, aprendemos a amar e a respeitar os outros, a ser generosos e compassivos, e a ser fi\u00e9is aos nossos compromissos. Isso nos ajuda a ser pessoas melhores e a contribuir para um mundo mais justo e pac\u00edfico.<\/p>\n\n\n\n<p class=\"wp-block-paragraph\">Por fim, a f\u00e9 nos oferece esperan\u00e7a em tempos dif\u00edceis. Quando enfrentamos a dor, a tristeza e a adversidade, a f\u00e9 nos d\u00e1 a confian\u00e7a de que h\u00e1 uma luz no fim do t\u00fanel. Sabemos que Deus est\u00e1 conosco, dando-nos for\u00e7a e esperan\u00e7a para enfrentar os desafios da vida.<\/p>\n\n\n\n<p class=\"wp-block-paragraph\">Em resumo, viver com f\u00e9 \u00e9 uma das coisas mais importantes que podemos fazer para encontrar significado, prop\u00f3sito e felicidade na vida. A f\u00e9 nos ajuda a superar desafios, encontrar paz interior, viver de acordo com valores morais elevados e ter esperan\u00e7a em tempos dif\u00edceis. Que possamos ter a coragem e a determina\u00e7\u00e3o de viver com f\u00e9 todos os dias de nossas vidas.<\/p>\n\n\n\n<p class=\"wp-block-paragraph\"><strong>Voir aussi\u00a0: <a href=\"https:\/\/www.oracaoefe.com\/fr\/oracao-para-comecar-bem-o-dia-pratique-a-compaixao\/\">Ora\u00e7\u00e3o para come\u00e7ar bem o dia: Pratique a compaix\u00e3o<\/a><\/strong><\/p>\n\n\n\n<p class=\"wp-block-paragraph\">15 de mar\u00e7o de 2023<\/p>","protected":false},"excerpt":{"rendered":"<p>A ora\u00e7\u00e3o matinal \u00e9 um h\u00e1bito essencial para os crist\u00e3os que desejam buscar a Deus diariamente e se fortalecer espiritualmente. Come\u00e7ar o dia em ora\u00e7\u00e3o \u00e9 uma forma de entregar as preocupa\u00e7\u00f5es, ansiedades e planos do dia nas m\u00e3os de Deus, pedindo a Sua orienta\u00e7\u00e3o e dire\u00e7\u00e3o. Al\u00e9m disso, a ora\u00e7\u00e3o matinal ajuda a estabelecer&hellip;&nbsp;<\/p>","protected":false},"author":3,"featured_media":1950,"comment_status":"closed","ping_status":"closed","sticky":false,"template":"","format":"standard","meta":{"neve_meta_sidebar":"","neve_meta_container":"","neve_meta_enable_content_width":"","neve_meta_content_width":0,"neve_meta_title_alignment":"","neve_meta_author_avatar":"","neve_post_elements_order":"","neve_meta_disable_header":"","neve_meta_disable_footer":"","neve_meta_disable_title":"","footnotes":""},"categories":[2],"tags":[160,163],"class_list":["post-1949","post","type-post","status-publish","format-standard","has-post-thumbnail","hentry","category-oracao","tag-oracao-do-dia","tag-prece-do-dia"],"yoast_head":"<!-- This site is optimized with the Yoast SEO plugin v28.4 - https:\/\/yoast.com\/product\/yoast-seo-wordpress\/ -->\n<title>Ora\u00e7\u00e3o para come\u00e7ar bem o dia: Viver com f\u00e9 - Ora\u00e7\u00e3o e F\u00e9<\/title>\n<meta name=\"description\" content=\"Deus tem pra voc\u00ea uma palavra de vida!\" \/>\n<meta name=\"robots\" content=\"index, follow, max-snippet:-1, max-image-preview:large, max-video-preview:-1\" \/>\n<link rel=\"canonical\" href=\"https:\/\/www.oracaoefe.com\/fr\/oracao-para-comecar-bem-o-dia-viver-com-fe\/\" \/>\n<meta property=\"og:locale\" content=\"fr_FR\" \/>\n<meta property=\"og:type\" content=\"article\" \/>\n<meta property=\"og:title\" content=\"Ora\u00e7\u00e3o para come\u00e7ar bem o dia: Viver com f\u00e9 - Ora\u00e7\u00e3o e F\u00e9\" \/>\n<meta property=\"og:description\" content=\"Deus tem pra voc\u00ea uma palavra de vida!\" \/>\n<meta property=\"og:url\" content=\"https:\/\/www.oracaoefe.com\/fr\/oracao-para-comecar-bem-o-dia-viver-com-fe\/\" \/>\n<meta property=\"og:site_name\" content=\"Ora\u00e7\u00e3o e F\u00e9\" \/>\n<meta property=\"article:published_time\" content=\"2023-03-15T09:00:00+00:00\" \/>\n<meta property=\"og:image\" content=\"https:\/\/www.oracaoefe.com\/wp-content\/uploads\/2023\/02\/image-10.png\" \/>\n\t<meta property=\"og:image:width\" content=\"1280\" \/>\n\t<meta property=\"og:image:height\" content=\"720\" \/>\n\t<meta property=\"og:image:type\" content=\"image\/png\" \/>\n<meta name=\"author\" content=\"Michele Azevedo\" \/>\n<meta name=\"twitter:card\" content=\"summary_large_image\" \/>\n<meta name=\"twitter:label1\" content=\"\u00c9crit par\" \/>\n\t<meta name=\"twitter:data1\" content=\"Michele Azevedo\" \/>\n\t<meta name=\"twitter:label2\" content=\"Dur\u00e9e de lecture estim\u00e9e\" \/>\n\t<meta name=\"twitter:data2\" content=\"4 minutes\" \/>\n<script type=\"application\/ld+json\" class=\"yoast-schema-graph\">{\"@context\":\"https:\\\/\\\/schema.org\",\"@graph\":[{\"@type\":\"Article\",\"@id\":\"https:\\\/\\\/www.oracaoefe.com\\\/oracao-para-comecar-bem-o-dia-viver-com-fe\\\/#article\",\"isPartOf\":{\"@id\":\"https:\\\/\\\/www.oracaoefe.com\\\/oracao-para-comecar-bem-o-dia-viver-com-fe\\\/\"},\"author\":{\"name\":\"Michele Azevedo\",\"@id\":\"https:\\\/\\\/www.oracaoefe.com\\\/#\\\/schema\\\/person\\\/17283c669442cf005c4d5bb58adfb7f5\"},\"headline\":\"Ora\u00e7\u00e3o para come\u00e7ar bem o dia: Viver com f\u00e9\",\"datePublished\":\"2023-03-15T09:00:00+00:00\",\"mainEntityOfPage\":{\"@id\":\"https:\\\/\\\/www.oracaoefe.com\\\/oracao-para-comecar-bem-o-dia-viver-com-fe\\\/\"},\"wordCount\":776,\"image\":{\"@id\":\"https:\\\/\\\/www.oracaoefe.com\\\/oracao-para-comecar-bem-o-dia-viver-com-fe\\\/#primaryimage\"},\"thumbnailUrl\":\"https:\\\/\\\/www.oracaoefe.com\\\/wp-content\\\/uploads\\\/2023\\\/02\\\/image-10.png\",\"keywords\":[\"ora\u00e7\u00e3o do dia\",\"prece do dia\"],\"articleSection\":[\"Ora\u00e7\u00e3o\"],\"inLanguage\":\"fr-FR\"},{\"@type\":\"WebPage\",\"@id\":\"https:\\\/\\\/www.oracaoefe.com\\\/oracao-para-comecar-bem-o-dia-viver-com-fe\\\/\",\"url\":\"https:\\\/\\\/www.oracaoefe.com\\\/oracao-para-comecar-bem-o-dia-viver-com-fe\\\/\",\"name\":\"Ora\u00e7\u00e3o para come\u00e7ar bem o dia: Viver com f\u00e9 - Ora\u00e7\u00e3o e F\u00e9\",\"isPartOf\":{\"@id\":\"https:\\\/\\\/www.oracaoefe.com\\\/#website\"},\"primaryImageOfPage\":{\"@id\":\"https:\\\/\\\/www.oracaoefe.com\\\/oracao-para-comecar-bem-o-dia-viver-com-fe\\\/#primaryimage\"},\"image\":{\"@id\":\"https:\\\/\\\/www.oracaoefe.com\\\/oracao-para-comecar-bem-o-dia-viver-com-fe\\\/#primaryimage\"},\"thumbnailUrl\":\"https:\\\/\\\/www.oracaoefe.com\\\/wp-content\\\/uploads\\\/2023\\\/02\\\/image-10.png\",\"datePublished\":\"2023-03-15T09:00:00+00:00\",\"author\":{\"@id\":\"https:\\\/\\\/www.oracaoefe.com\\\/#\\\/schema\\\/person\\\/17283c669442cf005c4d5bb58adfb7f5\"},\"description\":\"Deus tem pra voc\u00ea uma palavra de vida!\",\"breadcrumb\":{\"@id\":\"https:\\\/\\\/www.oracaoefe.com\\\/oracao-para-comecar-bem-o-dia-viver-com-fe\\\/#breadcrumb\"},\"inLanguage\":\"fr-FR\",\"potentialAction\":[{\"@type\":\"ReadAction\",\"target\":[\"https:\\\/\\\/www.oracaoefe.com\\\/oracao-para-comecar-bem-o-dia-viver-com-fe\\\/\"]}]},{\"@type\":\"ImageObject\",\"inLanguage\":\"fr-FR\",\"@id\":\"https:\\\/\\\/www.oracaoefe.com\\\/oracao-para-comecar-bem-o-dia-viver-com-fe\\\/#primaryimage\",\"url\":\"https:\\\/\\\/www.oracaoefe.com\\\/wp-content\\\/uploads\\\/2023\\\/02\\\/image-10.png\",\"contentUrl\":\"https:\\\/\\\/www.oracaoefe.com\\\/wp-content\\\/uploads\\\/2023\\\/02\\\/image-10.png\",\"width\":1280,\"height\":720},{\"@type\":\"BreadcrumbList\",\"@id\":\"https:\\\/\\\/www.oracaoefe.com\\\/oracao-para-comecar-bem-o-dia-viver-com-fe\\\/#breadcrumb\",\"itemListElement\":[{\"@type\":\"ListItem\",\"position\":1,\"name\":\"Home\",\"item\":\"https:\\\/\\\/www.oracaoefe.com\\\/\"},{\"@type\":\"ListItem\",\"position\":2,\"name\":\"Ora\u00e7\u00e3o\",\"item\":\"https:\\\/\\\/www.oracaoefe.com\\\/category\\\/oracao\\\/\"},{\"@type\":\"ListItem\",\"position\":3,\"name\":\"Ora\u00e7\u00e3o para come\u00e7ar bem o dia: Viver com f\u00e9\"}]},{\"@type\":\"WebSite\",\"@id\":\"https:\\\/\\\/www.oracaoefe.com\\\/#website\",\"url\":\"https:\\\/\\\/www.oracaoefe.com\\\/\",\"name\":\"Ora\u00e7\u00e3o e F\u00e9\",\"description\":\"\",\"potentialAction\":[{\"@type\":\"SearchAction\",\"target\":{\"@type\":\"EntryPoint\",\"urlTemplate\":\"https:\\\/\\\/www.oracaoefe.com\\\/?s={search_term_string}\"},\"query-input\":{\"@type\":\"PropertyValueSpecification\",\"valueRequired\":true,\"valueName\":\"search_term_string\"}}],\"inLanguage\":\"fr-FR\"},{\"@type\":\"Person\",\"@id\":\"https:\\\/\\\/www.oracaoefe.com\\\/#\\\/schema\\\/person\\\/17283c669442cf005c4d5bb58adfb7f5\",\"name\":\"Michele Azevedo\",\"image\":{\"@type\":\"ImageObject\",\"inLanguage\":\"fr-FR\",\"@id\":\"https:\\\/\\\/secure.gravatar.com\\\/avatar\\\/6b0eb9d22841282815e2cd856a0061c45e1761cd54b22e952d98c4746939aa85?s=96&d=mm&r=g\",\"url\":\"https:\\\/\\\/secure.gravatar.com\\\/avatar\\\/6b0eb9d22841282815e2cd856a0061c45e1761cd54b22e952d98c4746939aa85?s=96&d=mm&r=g\",\"contentUrl\":\"https:\\\/\\\/secure.gravatar.com\\\/avatar\\\/6b0eb9d22841282815e2cd856a0061c45e1761cd54b22e952d98c4746939aa85?s=96&d=mm&r=g\",\"caption\":\"Michele Azevedo\"},\"description\":\"Formada em Letras - Portugu\u00eas\\\/ Ingl\u00eas pela Universidade Estadual de Ponta Grossa (UEPG), p\u00f3s-graduada em Arte na Educa\u00e7\u00e3o (FAPI) e Psicopedagogia Escolar (FAPI), idealizadora e propriet\u00e1ria do site Escritora de Sucesso, possui experi\u00eancia em escrita para blogs em geral e atua como redatora e revisora dos conte\u00fados do Ora\u00e7\u00e3o e F\u00e9.\",\"url\":\"https:\\\/\\\/www.oracaoefe.com\\\/fr\\\/author\\\/michele-azevedo\\\/\"}]}<\/script>\n<!-- \/ Yoast SEO plugin. -->","yoast_head_json":{"title":"Ora\u00e7\u00e3o para come\u00e7ar bem o dia: Viver com f\u00e9 - Ora\u00e7\u00e3o e F\u00e9","description":"Dieu a une parole de vie pour vous !","robots":{"index":"index","follow":"follow","max-snippet":"max-snippet:-1","max-image-preview":"max-image-preview:large","max-video-preview":"max-video-preview:-1"},"canonical":"https:\/\/www.oracaoefe.com\/fr\/oracao-para-comecar-bem-o-dia-viver-com-fe\/","og_locale":"fr_FR","og_type":"article","og_title":"Ora\u00e7\u00e3o para come\u00e7ar bem o dia: Viver com f\u00e9 - Ora\u00e7\u00e3o e F\u00e9","og_description":"Deus tem pra voc\u00ea uma palavra de vida!","og_url":"https:\/\/www.oracaoefe.com\/fr\/oracao-para-comecar-bem-o-dia-viver-com-fe\/","og_site_name":"Ora\u00e7\u00e3o e F\u00e9","article_published_time":"2023-03-15T09:00:00+00:00","og_image":[{"width":1280,"height":720,"url":"https:\/\/www.oracaoefe.com\/wp-content\/uploads\/2023\/02\/image-10.png","type":"image\/png"}],"author":"Michele Azevedo","twitter_card":"summary_large_image","twitter_misc":{"\u00c9crit par":"Michele Azevedo","Dur\u00e9e de lecture estim\u00e9e":"4 minutes"},"schema":{"@context":"https:\/\/schema.org","@graph":[{"@type":"Article","@id":"https:\/\/www.oracaoefe.com\/oracao-para-comecar-bem-o-dia-viver-com-fe\/#article","isPartOf":{"@id":"https:\/\/www.oracaoefe.com\/oracao-para-comecar-bem-o-dia-viver-com-fe\/"},"author":{"name":"Michele Azevedo","@id":"https:\/\/www.oracaoefe.com\/#\/schema\/person\/17283c669442cf005c4d5bb58adfb7f5"},"headline":"Ora\u00e7\u00e3o para come\u00e7ar bem o dia: Viver com f\u00e9","datePublished":"2023-03-15T09:00:00+00:00","mainEntityOfPage":{"@id":"https:\/\/www.oracaoefe.com\/oracao-para-comecar-bem-o-dia-viver-com-fe\/"},"wordCount":776,"image":{"@id":"https:\/\/www.oracaoefe.com\/oracao-para-comecar-bem-o-dia-viver-com-fe\/#primaryimage"},"thumbnailUrl":"https:\/\/www.oracaoefe.com\/wp-content\/uploads\/2023\/02\/image-10.png","keywords":["ora\u00e7\u00e3o do dia","prece do dia"],"articleSection":["Ora\u00e7\u00e3o"],"inLanguage":"fr-FR"},{"@type":"WebPage","@id":"https:\/\/www.oracaoefe.com\/oracao-para-comecar-bem-o-dia-viver-com-fe\/","url":"https:\/\/www.oracaoefe.com\/oracao-para-comecar-bem-o-dia-viver-com-fe\/","name":"Ora\u00e7\u00e3o para come\u00e7ar bem o dia: Viver com f\u00e9 - Ora\u00e7\u00e3o e F\u00e9","isPartOf":{"@id":"https:\/\/www.oracaoefe.com\/#website"},"primaryImageOfPage":{"@id":"https:\/\/www.oracaoefe.com\/oracao-para-comecar-bem-o-dia-viver-com-fe\/#primaryimage"},"image":{"@id":"https:\/\/www.oracaoefe.com\/oracao-para-comecar-bem-o-dia-viver-com-fe\/#primaryimage"},"thumbnailUrl":"https:\/\/www.oracaoefe.com\/wp-content\/uploads\/2023\/02\/image-10.png","datePublished":"2023-03-15T09:00:00+00:00","author":{"@id":"https:\/\/www.oracaoefe.com\/#\/schema\/person\/17283c669442cf005c4d5bb58adfb7f5"},"description":"Dieu a une parole de vie pour vous !","breadcrumb":{"@id":"https:\/\/www.oracaoefe.com\/oracao-para-comecar-bem-o-dia-viver-com-fe\/#breadcrumb"},"inLanguage":"fr-FR","potentialAction":[{"@type":"ReadAction","target":["https:\/\/www.oracaoefe.com\/oracao-para-comecar-bem-o-dia-viver-com-fe\/"]}]},{"@type":"ImageObject","inLanguage":"fr-FR","@id":"https:\/\/www.oracaoefe.com\/oracao-para-comecar-bem-o-dia-viver-com-fe\/#primaryimage","url":"https:\/\/www.oracaoefe.com\/wp-content\/uploads\/2023\/02\/image-10.png","contentUrl":"https:\/\/www.oracaoefe.com\/wp-content\/uploads\/2023\/02\/image-10.png","width":1280,"height":720},{"@type":"BreadcrumbList","@id":"https:\/\/www.oracaoefe.com\/oracao-para-comecar-bem-o-dia-viver-com-fe\/#breadcrumb","itemListElement":[{"@type":"ListItem","position":1,"name":"Home","item":"https:\/\/www.oracaoefe.com\/"},{"@type":"ListItem","position":2,"name":"Ora\u00e7\u00e3o","item":"https:\/\/www.oracaoefe.com\/category\/oracao\/"},{"@type":"ListItem","position":3,"name":"Ora\u00e7\u00e3o para come\u00e7ar bem o dia: Viver com f\u00e9"}]},{"@type":"WebSite","@id":"https:\/\/www.oracaoefe.com\/#website","url":"https:\/\/www.oracaoefe.com\/","name":"Pri\u00e8re et foi","description":"","potentialAction":[{"@type":"SearchAction","target":{"@type":"EntryPoint","urlTemplate":"https:\/\/www.oracaoefe.com\/?s={search_term_string}"},"query-input":{"@type":"PropertyValueSpecification","valueRequired":true,"valueName":"search_term_string"}}],"inLanguage":"fr-FR"},{"@type":"Person","@id":"https:\/\/www.oracaoefe.com\/#\/schema\/person\/17283c669442cf005c4d5bb58adfb7f5","name":"Michele Azevedo","image":{"@type":"ImageObject","inLanguage":"fr-FR","@id":"https:\/\/secure.gravatar.com\/avatar\/6b0eb9d22841282815e2cd856a0061c45e1761cd54b22e952d98c4746939aa85?s=96&d=mm&r=g","url":"https:\/\/secure.gravatar.com\/avatar\/6b0eb9d22841282815e2cd856a0061c45e1761cd54b22e952d98c4746939aa85?s=96&d=mm&r=g","contentUrl":"https:\/\/secure.gravatar.com\/avatar\/6b0eb9d22841282815e2cd856a0061c45e1761cd54b22e952d98c4746939aa85?s=96&d=mm&r=g","caption":"Michele Azevedo"},"description":"Dipl\u00f4m\u00e9e en litt\u00e9rature portugaise\/anglaise de l&#039;Universit\u00e9 d&#039;\u00c9tat de Ponta Grossa (UEPG), avec des dipl\u00f4mes de troisi\u00e8me cycle en art dans l&#039;\u00e9ducation (FAPI) et en psychop\u00e9dagogie scolaire (FAPI), elle est la cr\u00e9atrice et propri\u00e9taire du site web Escritora de Sucesso, a de l&#039;exp\u00e9rience dans l&#039;\u00e9criture pour les blogs en g\u00e9n\u00e9ral et travaille comme r\u00e9dactrice et \u00e9ditrice du contenu pour Ora\u00e7\u00e3o e F\u00e9.","url":"https:\/\/www.oracaoefe.com\/fr\/author\/michele-azevedo\/"}]}},"_links":{"self":[{"href":"https:\/\/www.oracaoefe.com\/fr\/wp-json\/wp\/v2\/posts\/1949","targetHints":{"allow":["GET"]}}],"collection":[{"href":"https:\/\/www.oracaoefe.com\/fr\/wp-json\/wp\/v2\/posts"}],"about":[{"href":"https:\/\/www.oracaoefe.com\/fr\/wp-json\/wp\/v2\/types\/post"}],"author":[{"embeddable":true,"href":"https:\/\/www.oracaoefe.com\/fr\/wp-json\/wp\/v2\/users\/3"}],"replies":[{"embeddable":true,"href":"https:\/\/www.oracaoefe.com\/fr\/wp-json\/wp\/v2\/comments?post=1949"}],"version-history":[{"count":1,"href":"https:\/\/www.oracaoefe.com\/fr\/wp-json\/wp\/v2\/posts\/1949\/revisions"}],"predecessor-version":[{"id":1951,"href":"https:\/\/www.oracaoefe.com\/fr\/wp-json\/wp\/v2\/posts\/1949\/revisions\/1951"}],"wp:featuredmedia":[{"embeddable":true,"href":"https:\/\/www.oracaoefe.com\/fr\/wp-json\/wp\/v2\/media\/1950"}],"wp:attachment":[{"href":"https:\/\/www.oracaoefe.com\/fr\/wp-json\/wp\/v2\/media?parent=1949"}],"wp:term":[{"taxonomy":"category","embeddable":true,"href":"https:\/\/www.oracaoefe.com\/fr\/wp-json\/wp\/v2\/categories?post=1949"},{"taxonomy":"post_tag","embeddable":true,"href":"https:\/\/www.oracaoefe.com\/fr\/wp-json\/wp\/v2\/tags?post=1949"}],"curies":[{"name":"wp","href":"https:\/\/api.w.org\/{rel}","templated":true}]}}