{"id":1946,"date":"2023-03-05T06:00:00","date_gmt":"2023-03-05T09:00:00","guid":{"rendered":"https:\/\/www.oracaoefe.com\/?p=1946"},"modified":"2023-02-28T16:13:32","modified_gmt":"2023-02-28T19:13:32","slug":"oracao-para-comecar-bem-o-dia-busque-a-deus-em-todos-os-momentos","status":"publish","type":"post","link":"https:\/\/www.oracaoefe.com\/fr\/oracao-para-comecar-bem-o-dia-busque-a-deus-em-todos-os-momentos\/","title":{"rendered":"Ora\u00e7\u00e3o para come\u00e7ar bem o dia: Busque a Deus em todos os momentos"},"content":{"rendered":"<p class=\"wp-block-paragraph\">Come\u00e7ar o dia orando \u00e9 uma maneira poderosa de estabelecer um relacionamento mais profundo com Deus e colocar nossa mente e cora\u00e7\u00e3o no caminho certo. Para come\u00e7ar, escolha um lugar calmo e livre de distra\u00e7\u00f5es, defina um hor\u00e1rio regular para suas ora\u00e7\u00f5es e use esse momento para expressar gratid\u00e3o a Deus, pedir orienta\u00e7\u00e3o e for\u00e7a para o dia, confessar seus pecados e se comprometer a seguir a vontade de Deus.&nbsp;<\/p>\n\n\n\n<p class=\"wp-block-paragraph\">Tamb\u00e9m \u00e9 \u00fatil ler e refletir sobre as Escrituras durante esse tempo de ora\u00e7\u00e3o, para que voc\u00ea possa se fortalecer espiritualmente e ter uma perspectiva divina sobre os desafios que enfrentar\u00e1 durante o dia. Com a pr\u00e1tica regular da ora\u00e7\u00e3o, voc\u00ea pode cultivar um relacionamento mais \u00edntimo com Deus e sentir a paz e a alegria que v\u00eam de viver em Sua presen\u00e7a.<\/p>\n\n\n\n<figure class=\"wp-block-image size-large\"><img loading=\"lazy\" decoding=\"async\" width=\"1024\" height=\"682\" src=\"https:\/\/www.oracaoefe.com\/wp-content\/uploads\/2023\/02\/image-9-1024x682.png\" alt=\"\" class=\"wp-image-1947\" srcset=\"https:\/\/www.oracaoefe.com\/wp-content\/uploads\/2023\/02\/image-9-1024x682.png 1024w, https:\/\/www.oracaoefe.com\/wp-content\/uploads\/2023\/02\/image-9-300x200.png 300w, https:\/\/www.oracaoefe.com\/wp-content\/uploads\/2023\/02\/image-9-768x512.png 768w, https:\/\/www.oracaoefe.com\/wp-content\/uploads\/2023\/02\/image-9-18x12.png 18w, https:\/\/www.oracaoefe.com\/wp-content\/uploads\/2023\/02\/image-9.png 1280w\" sizes=\"auto, (max-width: 1024px) 100vw, 1024px\" \/><figcaption class=\"wp-element-caption\">Image : Pixabay - Reproduction<\/figcaption><\/figure>\n\n\n\n<h2 class=\"wp-block-heading\">Ora\u00e7\u00e3o para come\u00e7ar bem o dia e buscar a Deus<\/h2>\n\n\n\n<p class=\"wp-block-paragraph\"><em>\u201cAmado Deus, eu Te agrade\u00e7o por mais um dia que Tu me concedeste para viver. Eu Te louvo pelo Teu amor incondicional e pela Tua miseric\u00f3rdia que se renovam a cada manh\u00e3. Eu venho diante de Ti, neste momento, para buscar a Tua presen\u00e7a e a Tua orienta\u00e7\u00e3o para o meu dia.<\/em><\/p>\n\n\n\n<p class=\"wp-block-paragraph\"><em>Eu pe\u00e7o que Tu aben\u00e7oes e protejas a mim e a minha fam\u00edlia neste dia. D\u00e1-nos sabedoria para tomar as decis\u00f5es corretas e discernimento para perceber a Tua vontade em todas as \u00e1reas da nossa vida. Ajuda-nos a sermos pacientes e amorosos com as pessoas ao nosso redor, mesmo quando as circunst\u00e2ncias s\u00e3o dif\u00edceis.<\/em><\/p>\n\n\n\n<p class=\"wp-block-paragraph\"><em>Senhor, eu Te pe\u00e7o que purifiques o meu cora\u00e7\u00e3o e a minha mente. Ajuda-me a pensar em coisas que s\u00e3o verdadeiras, nobres, justas, puras, am\u00e1veis, de boa fama, virtuosas e louv\u00e1veis, como diz a Tua Palavra. Que eu possa encher a minha mente com pensamentos positivos e edificantes, e rejeitar tudo o que \u00e9 negativo e destrutivo.<\/em><\/p>\n\n\n\n<p class=\"wp-block-paragraph\"><em>Eu tamb\u00e9m quero confessar os meus pecados diante de Ti. Sei que n\u00e3o sou perfeito e que preciso da Tua gra\u00e7a e do Teu perd\u00e3o. Perdoa-me pelos meus erros e falhas, e ajuda-me a ser mais parecido contigo a cada dia.<\/em><\/p>\n\n\n\n<p class=\"wp-block-paragraph\"><em>Senhor, eu Te agrade\u00e7o pela Tua presen\u00e7a na minha vida. Obrigado por nunca me abandonares, mesmo quando eu falho ou quando enfrento dificuldades. Ajuda-me a confiar em Ti e a depender da Tua gra\u00e7a em todas as situa\u00e7\u00f5es.<\/em><\/p>\n\n\n\n<p class=\"wp-block-paragraph\"><em>Eu oro para que a Tua vontade seja feita na minha vida hoje e sempre. Que eu possa ser uma luz para as pessoas ao meu redor, mostrando o Teu amor e a Tua verdade. Que eu possa amar a Ti acima de todas as coisas e ao meu pr\u00f3ximo como a mim mesmo.<\/em><\/p>\n\n\n\n<p class=\"wp-block-paragraph\"><em>Senhor, eu Te agrade\u00e7o por ouvir a minha ora\u00e7\u00e3o e por cuidares de mim. Que o Teu Esp\u00edrito Santo me guie e me fortale\u00e7a neste dia e que eu possa experimentar a Tua presen\u00e7a de maneira poderosa. Eu Te pe\u00e7o tudo isso em nome de Jesus Cristo, o meu Salvador e Senhor. Am\u00e9m.\u201d<\/em><\/p>\n\n\n\n<h2 class=\"wp-block-heading\">Mensagem do dia para buscar a Deus<\/h2>\n\n\n\n<p class=\"wp-block-paragraph\">Buscar a Deus todos os dias \u00e9 um h\u00e1bito poderoso que pode transformar a nossa vida e nos aproximar do nosso Criador. A B\u00edblia nos ensina que Deus \u00e9 um Deus que busca o relacionamento com as pessoas, e que Ele se revela de v\u00e1rias maneiras para aqueles que O buscam com sinceridade. Neste texto, vamos explorar algumas maneiras de buscar a Deus todos os dias e experimentar a Sua presen\u00e7a em nossas vidas.<\/p>\n\n\n\n<p class=\"wp-block-paragraph\">A primeira maneira de buscar a Deus \u00e9 atrav\u00e9s da ora\u00e7\u00e3o. A ora\u00e7\u00e3o \u00e9 um ato de conversa com Deus, onde expressamos nossos pensamentos, sentimentos e desejos para Ele. A B\u00edblia nos ensina a orar em todo o tempo, sem cessar (1 Tessalonicenses 5:17), o que significa que devemos estar constantemente em comunh\u00e3o com Deus, conversando com Ele sobre nossas preocupa\u00e7\u00f5es, necessidades e desejos.<\/p>\n\n\n\n<h3 class=\"wp-block-heading\">Pri\u00e8re<\/h3>\n\n\n\n<p class=\"wp-block-paragraph\">Para buscar a Deus atrav\u00e9s da ora\u00e7\u00e3o, \u00e9 importante estabelecer um tempo regular para esse momento de conversa com Ele. Pode ser logo pela manh\u00e3, antes de come\u00e7ar o dia, ou \u00e0 noite, antes de dormir. Mas o importante \u00e9 que seja um momento de dedica\u00e7\u00e3o exclusiva para buscar a presen\u00e7a de Deus e conversar com Ele. Durante a ora\u00e7\u00e3o, podemos agradecer por todas as b\u00ean\u00e7\u00e3os recebidas, pedir por orienta\u00e7\u00e3o e sabedoria para as decis\u00f5es que precisamos tomar, interceder pelas pessoas que amamos e confessar nossos pecados e fraquezas diante de Deus.<\/p>\n\n\n\n<p class=\"wp-block-paragraph\">Outra maneira de buscar a Deus todos os dias \u00e9 atrav\u00e9s da leitura da B\u00edblia. A B\u00edblia \u00e9 a Palavra de Deus, que nos ensina sobre a Sua natureza, Sua vontade e Sua obra na hist\u00f3ria da humanidade. Atrav\u00e9s da leitura da B\u00edblia, podemos conhecer melhor a Deus e Sua vontade para nossas vidas, al\u00e9m de encontrar conforto, sabedoria e dire\u00e7\u00e3o para os desafios que enfrentamos.<\/p>\n\n\n\n<h3 class=\"wp-block-heading\">Bible<\/h3>\n\n\n\n<p class=\"wp-block-paragraph\">Para buscar a Deus atrav\u00e9s da leitura da B\u00edblia, \u00e9 importante estabelecer um tempo regular para essa pr\u00e1tica. Pode ser logo pela manh\u00e3, antes de come\u00e7ar o dia, ou \u00e0 noite, antes de dormir. Mas o importante \u00e9 que seja um momento de dedica\u00e7\u00e3o exclusiva para buscar o conhecimento e a sabedoria da Palavra de Deus. Durante a leitura, podemos meditar nas passagens que mais nos impactam, fazer anota\u00e7\u00f5es e reflex\u00f5es sobre o que Deus est\u00e1 nos ensinando e buscar aplicar esses ensinamentos em nossas vidas.<\/p>\n\n\n\n<h3 class=\"wp-block-heading\">Adora\u00e7\u00e3o<\/h3>\n\n\n\n<p class=\"wp-block-paragraph\">Outra maneira de buscar a Deus \u00e9 atrav\u00e9s da adora\u00e7\u00e3o. A adora\u00e7\u00e3o \u00e9 um ato de reconhecimento da grandeza e da bondade de Deus, onde expressamos nossa gratid\u00e3o e amor por Ele. A adora\u00e7\u00e3o pode ser feita atrav\u00e9s de m\u00fasicas, hinos, dan\u00e7as, ou qualquer outra forma de express\u00e3o que nos permita louvar a Deus de todo o cora\u00e7\u00e3o.<\/p>\n\n\n\n<p class=\"wp-block-paragraph\"><strong>Voir aussi\u00a0: <a href=\"https:\/\/www.oracaoefe.com\/fr\/oracao-para-comecar-bem-o-dia-pratique-a-compaixao\/\">Ora\u00e7\u00e3o para come\u00e7ar bem o dia: Pratique a compaix\u00e3o<\/a><\/strong><\/p>\n\n\n\n<p class=\"wp-block-paragraph\">5 de mar\u00e7o de 2023<\/p>","protected":false},"excerpt":{"rendered":"<p>Come\u00e7ar o dia orando \u00e9 uma maneira poderosa de estabelecer um relacionamento mais profundo com Deus e colocar nossa mente e cora\u00e7\u00e3o no caminho certo. Para come\u00e7ar, escolha um lugar calmo e livre de distra\u00e7\u00f5es, defina um hor\u00e1rio regular para suas ora\u00e7\u00f5es e use esse momento para expressar gratid\u00e3o a Deus, pedir orienta\u00e7\u00e3o e for\u00e7a&hellip;&nbsp;<\/p>","protected":false},"author":3,"featured_media":1947,"comment_status":"closed","ping_status":"closed","sticky":false,"template":"","format":"standard","meta":{"neve_meta_sidebar":"","neve_meta_container":"","neve_meta_enable_content_width":"","neve_meta_content_width":0,"neve_meta_title_alignment":"","neve_meta_author_avatar":"","neve_post_elements_order":"","neve_meta_disable_header":"","neve_meta_disable_footer":"","neve_meta_disable_title":"","footnotes":""},"categories":[2],"tags":[160,163],"class_list":["post-1946","post","type-post","status-publish","format-standard","has-post-thumbnail","hentry","category-oracao","tag-oracao-do-dia","tag-prece-do-dia"],"yoast_head":"<!-- This site is optimized with the Yoast SEO plugin v28.4 - https:\/\/yoast.com\/product\/yoast-seo-wordpress\/ -->\n<title>Ora\u00e7\u00e3o para come\u00e7ar bem o dia: Busque a Deus em todos os momentos - Ora\u00e7\u00e3o e F\u00e9<\/title>\n<meta name=\"description\" content=\"Deus tem pra voc\u00ea uma palavra de vida!\" \/>\n<meta name=\"robots\" content=\"index, follow, max-snippet:-1, max-image-preview:large, max-video-preview:-1\" \/>\n<link rel=\"canonical\" href=\"https:\/\/www.oracaoefe.com\/fr\/oracao-para-comecar-bem-o-dia-busque-a-deus-em-todos-os-momentos\/\" \/>\n<meta property=\"og:locale\" content=\"fr_FR\" \/>\n<meta property=\"og:type\" content=\"article\" \/>\n<meta property=\"og:title\" content=\"Ora\u00e7\u00e3o para come\u00e7ar bem o dia: Busque a Deus em todos os momentos - Ora\u00e7\u00e3o e F\u00e9\" \/>\n<meta property=\"og:description\" content=\"Deus tem pra voc\u00ea uma palavra de vida!\" \/>\n<meta property=\"og:url\" content=\"https:\/\/www.oracaoefe.com\/fr\/oracao-para-comecar-bem-o-dia-busque-a-deus-em-todos-os-momentos\/\" \/>\n<meta property=\"og:site_name\" content=\"Ora\u00e7\u00e3o e F\u00e9\" \/>\n<meta property=\"article:published_time\" content=\"2023-03-05T09:00:00+00:00\" \/>\n<meta property=\"og:image\" content=\"https:\/\/www.oracaoefe.com\/wp-content\/uploads\/2023\/02\/image-9.png\" \/>\n\t<meta property=\"og:image:width\" content=\"1280\" \/>\n\t<meta property=\"og:image:height\" content=\"853\" \/>\n\t<meta property=\"og:image:type\" content=\"image\/png\" \/>\n<meta name=\"author\" content=\"Michele Azevedo\" \/>\n<meta name=\"twitter:card\" content=\"summary_large_image\" \/>\n<meta name=\"twitter:label1\" content=\"\u00c9crit par\" \/>\n\t<meta name=\"twitter:data1\" content=\"Michele Azevedo\" \/>\n\t<meta name=\"twitter:label2\" content=\"Dur\u00e9e de lecture estim\u00e9e\" \/>\n\t<meta name=\"twitter:data2\" content=\"5 minutes\" \/>\n<script type=\"application\/ld+json\" class=\"yoast-schema-graph\">{\"@context\":\"https:\\\/\\\/schema.org\",\"@graph\":[{\"@type\":\"Article\",\"@id\":\"https:\\\/\\\/www.oracaoefe.com\\\/oracao-para-comecar-bem-o-dia-busque-a-deus-em-todos-os-momentos\\\/#article\",\"isPartOf\":{\"@id\":\"https:\\\/\\\/www.oracaoefe.com\\\/oracao-para-comecar-bem-o-dia-busque-a-deus-em-todos-os-momentos\\\/\"},\"author\":{\"name\":\"Michele Azevedo\",\"@id\":\"https:\\\/\\\/www.oracaoefe.com\\\/#\\\/schema\\\/person\\\/17283c669442cf005c4d5bb58adfb7f5\"},\"headline\":\"Ora\u00e7\u00e3o para come\u00e7ar bem o dia: Busque a Deus em todos os momentos\",\"datePublished\":\"2023-03-05T09:00:00+00:00\",\"mainEntityOfPage\":{\"@id\":\"https:\\\/\\\/www.oracaoefe.com\\\/oracao-para-comecar-bem-o-dia-busque-a-deus-em-todos-os-momentos\\\/\"},\"wordCount\":1061,\"image\":{\"@id\":\"https:\\\/\\\/www.oracaoefe.com\\\/oracao-para-comecar-bem-o-dia-busque-a-deus-em-todos-os-momentos\\\/#primaryimage\"},\"thumbnailUrl\":\"https:\\\/\\\/www.oracaoefe.com\\\/wp-content\\\/uploads\\\/2023\\\/02\\\/image-9.png\",\"keywords\":[\"ora\u00e7\u00e3o do dia\",\"prece do dia\"],\"articleSection\":[\"Ora\u00e7\u00e3o\"],\"inLanguage\":\"fr-FR\"},{\"@type\":\"WebPage\",\"@id\":\"https:\\\/\\\/www.oracaoefe.com\\\/oracao-para-comecar-bem-o-dia-busque-a-deus-em-todos-os-momentos\\\/\",\"url\":\"https:\\\/\\\/www.oracaoefe.com\\\/oracao-para-comecar-bem-o-dia-busque-a-deus-em-todos-os-momentos\\\/\",\"name\":\"Ora\u00e7\u00e3o para come\u00e7ar bem o dia: Busque a Deus em todos os momentos - Ora\u00e7\u00e3o e F\u00e9\",\"isPartOf\":{\"@id\":\"https:\\\/\\\/www.oracaoefe.com\\\/#website\"},\"primaryImageOfPage\":{\"@id\":\"https:\\\/\\\/www.oracaoefe.com\\\/oracao-para-comecar-bem-o-dia-busque-a-deus-em-todos-os-momentos\\\/#primaryimage\"},\"image\":{\"@id\":\"https:\\\/\\\/www.oracaoefe.com\\\/oracao-para-comecar-bem-o-dia-busque-a-deus-em-todos-os-momentos\\\/#primaryimage\"},\"thumbnailUrl\":\"https:\\\/\\\/www.oracaoefe.com\\\/wp-content\\\/uploads\\\/2023\\\/02\\\/image-9.png\",\"datePublished\":\"2023-03-05T09:00:00+00:00\",\"author\":{\"@id\":\"https:\\\/\\\/www.oracaoefe.com\\\/#\\\/schema\\\/person\\\/17283c669442cf005c4d5bb58adfb7f5\"},\"description\":\"Deus tem pra voc\u00ea uma palavra de vida!\",\"breadcrumb\":{\"@id\":\"https:\\\/\\\/www.oracaoefe.com\\\/oracao-para-comecar-bem-o-dia-busque-a-deus-em-todos-os-momentos\\\/#breadcrumb\"},\"inLanguage\":\"fr-FR\",\"potentialAction\":[{\"@type\":\"ReadAction\",\"target\":[\"https:\\\/\\\/www.oracaoefe.com\\\/oracao-para-comecar-bem-o-dia-busque-a-deus-em-todos-os-momentos\\\/\"]}]},{\"@type\":\"ImageObject\",\"inLanguage\":\"fr-FR\",\"@id\":\"https:\\\/\\\/www.oracaoefe.com\\\/oracao-para-comecar-bem-o-dia-busque-a-deus-em-todos-os-momentos\\\/#primaryimage\",\"url\":\"https:\\\/\\\/www.oracaoefe.com\\\/wp-content\\\/uploads\\\/2023\\\/02\\\/image-9.png\",\"contentUrl\":\"https:\\\/\\\/www.oracaoefe.com\\\/wp-content\\\/uploads\\\/2023\\\/02\\\/image-9.png\",\"width\":1280,\"height\":853},{\"@type\":\"BreadcrumbList\",\"@id\":\"https:\\\/\\\/www.oracaoefe.com\\\/oracao-para-comecar-bem-o-dia-busque-a-deus-em-todos-os-momentos\\\/#breadcrumb\",\"itemListElement\":[{\"@type\":\"ListItem\",\"position\":1,\"name\":\"Home\",\"item\":\"https:\\\/\\\/www.oracaoefe.com\\\/\"},{\"@type\":\"ListItem\",\"position\":2,\"name\":\"Ora\u00e7\u00e3o\",\"item\":\"https:\\\/\\\/www.oracaoefe.com\\\/category\\\/oracao\\\/\"},{\"@type\":\"ListItem\",\"position\":3,\"name\":\"Ora\u00e7\u00e3o para come\u00e7ar bem o dia: Busque a Deus em todos os momentos\"}]},{\"@type\":\"WebSite\",\"@id\":\"https:\\\/\\\/www.oracaoefe.com\\\/#website\",\"url\":\"https:\\\/\\\/www.oracaoefe.com\\\/\",\"name\":\"Ora\u00e7\u00e3o e F\u00e9\",\"description\":\"\",\"potentialAction\":[{\"@type\":\"SearchAction\",\"target\":{\"@type\":\"EntryPoint\",\"urlTemplate\":\"https:\\\/\\\/www.oracaoefe.com\\\/?s={search_term_string}\"},\"query-input\":{\"@type\":\"PropertyValueSpecification\",\"valueRequired\":true,\"valueName\":\"search_term_string\"}}],\"inLanguage\":\"fr-FR\"},{\"@type\":\"Person\",\"@id\":\"https:\\\/\\\/www.oracaoefe.com\\\/#\\\/schema\\\/person\\\/17283c669442cf005c4d5bb58adfb7f5\",\"name\":\"Michele Azevedo\",\"image\":{\"@type\":\"ImageObject\",\"inLanguage\":\"fr-FR\",\"@id\":\"https:\\\/\\\/secure.gravatar.com\\\/avatar\\\/6b0eb9d22841282815e2cd856a0061c45e1761cd54b22e952d98c4746939aa85?s=96&d=mm&r=g\",\"url\":\"https:\\\/\\\/secure.gravatar.com\\\/avatar\\\/6b0eb9d22841282815e2cd856a0061c45e1761cd54b22e952d98c4746939aa85?s=96&d=mm&r=g\",\"contentUrl\":\"https:\\\/\\\/secure.gravatar.com\\\/avatar\\\/6b0eb9d22841282815e2cd856a0061c45e1761cd54b22e952d98c4746939aa85?s=96&d=mm&r=g\",\"caption\":\"Michele Azevedo\"},\"description\":\"Formada em Letras - Portugu\u00eas\\\/ Ingl\u00eas pela Universidade Estadual de Ponta Grossa (UEPG), p\u00f3s-graduada em Arte na Educa\u00e7\u00e3o (FAPI) e Psicopedagogia Escolar (FAPI), idealizadora e propriet\u00e1ria do site Escritora de Sucesso, possui experi\u00eancia em escrita para blogs em geral e atua como redatora e revisora dos conte\u00fados do Ora\u00e7\u00e3o e F\u00e9.\",\"url\":\"https:\\\/\\\/www.oracaoefe.com\\\/fr\\\/author\\\/michele-azevedo\\\/\"}]}<\/script>\n<!-- \/ Yoast SEO plugin. -->","yoast_head_json":{"title":"Ora\u00e7\u00e3o para come\u00e7ar bem o dia: Busque a Deus em todos os momentos - Ora\u00e7\u00e3o e F\u00e9","description":"Dieu a une parole de vie pour vous !","robots":{"index":"index","follow":"follow","max-snippet":"max-snippet:-1","max-image-preview":"max-image-preview:large","max-video-preview":"max-video-preview:-1"},"canonical":"https:\/\/www.oracaoefe.com\/fr\/oracao-para-comecar-bem-o-dia-busque-a-deus-em-todos-os-momentos\/","og_locale":"fr_FR","og_type":"article","og_title":"Ora\u00e7\u00e3o para come\u00e7ar bem o dia: Busque a Deus em todos os momentos - Ora\u00e7\u00e3o e F\u00e9","og_description":"Deus tem pra voc\u00ea uma palavra de vida!","og_url":"https:\/\/www.oracaoefe.com\/fr\/oracao-para-comecar-bem-o-dia-busque-a-deus-em-todos-os-momentos\/","og_site_name":"Ora\u00e7\u00e3o e F\u00e9","article_published_time":"2023-03-05T09:00:00+00:00","og_image":[{"width":1280,"height":853,"url":"https:\/\/www.oracaoefe.com\/wp-content\/uploads\/2023\/02\/image-9.png","type":"image\/png"}],"author":"Michele Azevedo","twitter_card":"summary_large_image","twitter_misc":{"\u00c9crit par":"Michele Azevedo","Dur\u00e9e de lecture estim\u00e9e":"5 minutes"},"schema":{"@context":"https:\/\/schema.org","@graph":[{"@type":"Article","@id":"https:\/\/www.oracaoefe.com\/oracao-para-comecar-bem-o-dia-busque-a-deus-em-todos-os-momentos\/#article","isPartOf":{"@id":"https:\/\/www.oracaoefe.com\/oracao-para-comecar-bem-o-dia-busque-a-deus-em-todos-os-momentos\/"},"author":{"name":"Michele Azevedo","@id":"https:\/\/www.oracaoefe.com\/#\/schema\/person\/17283c669442cf005c4d5bb58adfb7f5"},"headline":"Ora\u00e7\u00e3o para come\u00e7ar bem o dia: Busque a Deus em todos os momentos","datePublished":"2023-03-05T09:00:00+00:00","mainEntityOfPage":{"@id":"https:\/\/www.oracaoefe.com\/oracao-para-comecar-bem-o-dia-busque-a-deus-em-todos-os-momentos\/"},"wordCount":1061,"image":{"@id":"https:\/\/www.oracaoefe.com\/oracao-para-comecar-bem-o-dia-busque-a-deus-em-todos-os-momentos\/#primaryimage"},"thumbnailUrl":"https:\/\/www.oracaoefe.com\/wp-content\/uploads\/2023\/02\/image-9.png","keywords":["ora\u00e7\u00e3o do dia","prece do dia"],"articleSection":["Ora\u00e7\u00e3o"],"inLanguage":"fr-FR"},{"@type":"WebPage","@id":"https:\/\/www.oracaoefe.com\/oracao-para-comecar-bem-o-dia-busque-a-deus-em-todos-os-momentos\/","url":"https:\/\/www.oracaoefe.com\/oracao-para-comecar-bem-o-dia-busque-a-deus-em-todos-os-momentos\/","name":"Ora\u00e7\u00e3o para come\u00e7ar bem o dia: Busque a Deus em todos os momentos - Ora\u00e7\u00e3o e F\u00e9","isPartOf":{"@id":"https:\/\/www.oracaoefe.com\/#website"},"primaryImageOfPage":{"@id":"https:\/\/www.oracaoefe.com\/oracao-para-comecar-bem-o-dia-busque-a-deus-em-todos-os-momentos\/#primaryimage"},"image":{"@id":"https:\/\/www.oracaoefe.com\/oracao-para-comecar-bem-o-dia-busque-a-deus-em-todos-os-momentos\/#primaryimage"},"thumbnailUrl":"https:\/\/www.oracaoefe.com\/wp-content\/uploads\/2023\/02\/image-9.png","datePublished":"2023-03-05T09:00:00+00:00","author":{"@id":"https:\/\/www.oracaoefe.com\/#\/schema\/person\/17283c669442cf005c4d5bb58adfb7f5"},"description":"Dieu a une parole de vie pour vous !","breadcrumb":{"@id":"https:\/\/www.oracaoefe.com\/oracao-para-comecar-bem-o-dia-busque-a-deus-em-todos-os-momentos\/#breadcrumb"},"inLanguage":"fr-FR","potentialAction":[{"@type":"ReadAction","target":["https:\/\/www.oracaoefe.com\/oracao-para-comecar-bem-o-dia-busque-a-deus-em-todos-os-momentos\/"]}]},{"@type":"ImageObject","inLanguage":"fr-FR","@id":"https:\/\/www.oracaoefe.com\/oracao-para-comecar-bem-o-dia-busque-a-deus-em-todos-os-momentos\/#primaryimage","url":"https:\/\/www.oracaoefe.com\/wp-content\/uploads\/2023\/02\/image-9.png","contentUrl":"https:\/\/www.oracaoefe.com\/wp-content\/uploads\/2023\/02\/image-9.png","width":1280,"height":853},{"@type":"BreadcrumbList","@id":"https:\/\/www.oracaoefe.com\/oracao-para-comecar-bem-o-dia-busque-a-deus-em-todos-os-momentos\/#breadcrumb","itemListElement":[{"@type":"ListItem","position":1,"name":"Home","item":"https:\/\/www.oracaoefe.com\/"},{"@type":"ListItem","position":2,"name":"Ora\u00e7\u00e3o","item":"https:\/\/www.oracaoefe.com\/category\/oracao\/"},{"@type":"ListItem","position":3,"name":"Ora\u00e7\u00e3o para come\u00e7ar bem o dia: Busque a Deus em todos os momentos"}]},{"@type":"WebSite","@id":"https:\/\/www.oracaoefe.com\/#website","url":"https:\/\/www.oracaoefe.com\/","name":"Pri\u00e8re et foi","description":"","potentialAction":[{"@type":"SearchAction","target":{"@type":"EntryPoint","urlTemplate":"https:\/\/www.oracaoefe.com\/?s={search_term_string}"},"query-input":{"@type":"PropertyValueSpecification","valueRequired":true,"valueName":"search_term_string"}}],"inLanguage":"fr-FR"},{"@type":"Person","@id":"https:\/\/www.oracaoefe.com\/#\/schema\/person\/17283c669442cf005c4d5bb58adfb7f5","name":"Michele Azevedo","image":{"@type":"ImageObject","inLanguage":"fr-FR","@id":"https:\/\/secure.gravatar.com\/avatar\/6b0eb9d22841282815e2cd856a0061c45e1761cd54b22e952d98c4746939aa85?s=96&d=mm&r=g","url":"https:\/\/secure.gravatar.com\/avatar\/6b0eb9d22841282815e2cd856a0061c45e1761cd54b22e952d98c4746939aa85?s=96&d=mm&r=g","contentUrl":"https:\/\/secure.gravatar.com\/avatar\/6b0eb9d22841282815e2cd856a0061c45e1761cd54b22e952d98c4746939aa85?s=96&d=mm&r=g","caption":"Michele Azevedo"},"description":"Dipl\u00f4m\u00e9e en litt\u00e9rature portugaise\/anglaise de l&#039;Universit\u00e9 d&#039;\u00c9tat de Ponta Grossa (UEPG), avec des dipl\u00f4mes de troisi\u00e8me cycle en art dans l&#039;\u00e9ducation (FAPI) et en psychop\u00e9dagogie scolaire (FAPI), elle est la cr\u00e9atrice et propri\u00e9taire du site web Escritora de Sucesso, a de l&#039;exp\u00e9rience dans l&#039;\u00e9criture pour les blogs en g\u00e9n\u00e9ral et travaille comme r\u00e9dactrice et \u00e9ditrice du contenu pour Ora\u00e7\u00e3o e F\u00e9.","url":"https:\/\/www.oracaoefe.com\/fr\/author\/michele-azevedo\/"}]}},"_links":{"self":[{"href":"https:\/\/www.oracaoefe.com\/fr\/wp-json\/wp\/v2\/posts\/1946","targetHints":{"allow":["GET"]}}],"collection":[{"href":"https:\/\/www.oracaoefe.com\/fr\/wp-json\/wp\/v2\/posts"}],"about":[{"href":"https:\/\/www.oracaoefe.com\/fr\/wp-json\/wp\/v2\/types\/post"}],"author":[{"embeddable":true,"href":"https:\/\/www.oracaoefe.com\/fr\/wp-json\/wp\/v2\/users\/3"}],"replies":[{"embeddable":true,"href":"https:\/\/www.oracaoefe.com\/fr\/wp-json\/wp\/v2\/comments?post=1946"}],"version-history":[{"count":1,"href":"https:\/\/www.oracaoefe.com\/fr\/wp-json\/wp\/v2\/posts\/1946\/revisions"}],"predecessor-version":[{"id":1948,"href":"https:\/\/www.oracaoefe.com\/fr\/wp-json\/wp\/v2\/posts\/1946\/revisions\/1948"}],"wp:featuredmedia":[{"embeddable":true,"href":"https:\/\/www.oracaoefe.com\/fr\/wp-json\/wp\/v2\/media\/1947"}],"wp:attachment":[{"href":"https:\/\/www.oracaoefe.com\/fr\/wp-json\/wp\/v2\/media?parent=1946"}],"wp:term":[{"taxonomy":"category","embeddable":true,"href":"https:\/\/www.oracaoefe.com\/fr\/wp-json\/wp\/v2\/categories?post=1946"},{"taxonomy":"post_tag","embeddable":true,"href":"https:\/\/www.oracaoefe.com\/fr\/wp-json\/wp\/v2\/tags?post=1946"}],"curies":[{"name":"wp","href":"https:\/\/api.w.org\/{rel}","templated":true}]}}