{"id":1943,"date":"2023-03-03T06:00:00","date_gmt":"2023-03-03T09:00:00","guid":{"rendered":"https:\/\/www.oracaoefe.com\/?p=1943"},"modified":"2023-02-28T16:03:25","modified_gmt":"2023-02-28T19:03:25","slug":"oracao-para-comecar-bem-o-dia-mantenha-o-pensamento-sempre-positivo","status":"publish","type":"post","link":"https:\/\/www.oracaoefe.com\/fr\/oracao-para-comecar-bem-o-dia-mantenha-o-pensamento-sempre-positivo\/","title":{"rendered":"Ora\u00e7\u00e3o para come\u00e7ar bem o dia: Mantenha o pensamento sempre positivo"},"content":{"rendered":"<p class=\"wp-block-paragraph\">Muitas pessoas escolhem come\u00e7ar o dia orando porque isso pode ajud\u00e1-las a se conectar com o divino e a encontrar paz interior. A ora\u00e7\u00e3o pode oferecer uma sensa\u00e7\u00e3o de orienta\u00e7\u00e3o e prop\u00f3sito, al\u00e9m de fornecer um espa\u00e7o para reflex\u00e3o e gratid\u00e3o. Come\u00e7ar o dia com a ora\u00e7\u00e3o pode ajudar a estabelecer uma mentalidade positiva e a enfrentar os desafios do dia com uma perspectiva renovada. Al\u00e9m disso, para aqueles que seguem uma religi\u00e3o, a ora\u00e7\u00e3o matinal pode ser um importante aspecto da sua pr\u00e1tica espiritual di\u00e1ria.<\/p>\n\n\n\n<figure class=\"wp-block-image size-large\"><img loading=\"lazy\" decoding=\"async\" width=\"1024\" height=\"642\" src=\"https:\/\/www.oracaoefe.com\/wp-content\/uploads\/2023\/02\/image-8-1024x642.png\" alt=\"\" class=\"wp-image-1944\" srcset=\"https:\/\/www.oracaoefe.com\/wp-content\/uploads\/2023\/02\/image-8-1024x642.png 1024w, https:\/\/www.oracaoefe.com\/wp-content\/uploads\/2023\/02\/image-8-300x188.png 300w, https:\/\/www.oracaoefe.com\/wp-content\/uploads\/2023\/02\/image-8-768x482.png 768w, https:\/\/www.oracaoefe.com\/wp-content\/uploads\/2023\/02\/image-8-18x12.png 18w, https:\/\/www.oracaoefe.com\/wp-content\/uploads\/2023\/02\/image-8.png 1280w\" sizes=\"auto, (max-width: 1024px) 100vw, 1024px\" \/><figcaption class=\"wp-element-caption\">Image : Pixabay - Reproduction<\/figcaption><\/figure>\n\n\n\n<h2 class=\"wp-block-heading\">Ora\u00e7\u00e3o para come\u00e7ar bem o dia<\/h2>\n\n\n\n<p class=\"wp-block-paragraph\"><em>\u201cAmado Deus, eu me volto a Ti com humildade e gratid\u00e3o neste momento, pedindo que me conceda a b\u00ean\u00e7\u00e3o da positividade da mente. Muitas vezes, sinto-me oprimido pelos desafios da vida, pela incerteza do futuro, pelas preocupa\u00e7\u00f5es do presente, e tudo isso pode me levar a um estado de negatividade e des\u00e2nimo. Por isso, pe\u00e7o a Tua ajuda para mudar minha perspectiva e encontrar a luz na escurid\u00e3o.<\/em><\/p>\n\n\n\n<p class=\"wp-block-paragraph\"><em>Deus, Tu \u00e9s a fonte de toda a sabedoria e de toda a for\u00e7a. Por isso, pe\u00e7o que me d\u00ea a sabedoria para compreender que a positividade n\u00e3o \u00e9 apenas uma escolha, mas sim uma atitude que preciso cultivar todos os dias. Que eu possa compreender que sou o criador da minha realidade, e que as minhas escolhas e atitudes podem fazer toda a diferen\u00e7a na forma como vejo o mundo e como ele me afeta.<\/em><\/p>\n\n\n\n<p class=\"wp-block-paragraph\"><em>Ajuda-me, Deus, a abandonar os pensamentos negativos que me assombram, os medos que me paralisam e as d\u00favidas que me impedem de avan\u00e7ar. Que eu possa me concentrar no que \u00e9 bom e no que \u00e9 positivo em minha vida, e que eu possa encontrar a beleza em todas as coisas, mesmo nas mais dif\u00edceis.<\/em><\/p>\n\n\n\n<p class=\"wp-block-paragraph\"><em>Que a minha mente esteja sempre aberta para as possibilidades, e que eu possa encontrar solu\u00e7\u00f5es criativas para os desafios que aparecem. Que eu possa ter a coragem de enfrentar os meus medos e de tomar as decis\u00f5es que preciso tomar para seguir em frente.<\/em><\/p>\n\n\n\n<p class=\"wp-block-paragraph\"><em>Deus, pe\u00e7o que me conceda a gra\u00e7a da paci\u00eancia e da compreens\u00e3o, para que eu possa lidar com os outros de forma positiva e construtiva. Que eu possa ver al\u00e9m das apar\u00eancias e encontrar a luz dentro de cada pessoa que cruzar o meu caminho.<\/em><\/p>\n\n\n\n<p class=\"wp-block-paragraph\"><em>Finalmente, Deus, pe\u00e7o que me d\u00ea a for\u00e7a para manter a positividade da mente todos os dias, mesmo quando a vida parecer mais dif\u00edcil. Que eu possa encontrar a paz em Ti e a confian\u00e7a em mim mesmo, e que eu possa ser uma fonte de inspira\u00e7\u00e3o e de positividade para todos ao meu redor.<\/em><\/p>\n\n\n\n<p class=\"wp-block-paragraph\"><em>Eu Te agrade\u00e7o, Deus, por todas as b\u00ean\u00e7\u00e3os que me concedes e por me guiares em todos os momentos da minha vida. Que eu possa ser digno da Tua bondade e da Tua luz, e que a positividade da minha mente seja uma express\u00e3o do Teu amor e da Tua sabedoria. Am\u00e9m.\u201d<\/em><\/p>\n\n\n\n<h2 class=\"wp-block-heading\">Mensagem do dia para manter o pensamento sempre positivo<\/h2>\n\n\n\n<p class=\"wp-block-paragraph\">A B\u00edblia ensina muitos princ\u00edpios que podem ser aplicados para cultivar uma mentalidade positiva. Aqui est\u00e3o alguns exemplos:<\/p>\n\n\n\n<h3 class=\"wp-block-heading\">Gratid\u00e3o<\/h3>\n\n\n\n<p class=\"wp-block-paragraph\">Em Filipenses 4:6-7, Paulo escreve: &#8220;N\u00e3o se preocupem com nada, mas em tudo, pela ora\u00e7\u00e3o e s\u00faplica com a\u00e7\u00f5es de gra\u00e7as, apresentem seus pedidos a Deus. E a paz de Deus, que excede todo o entendimento, guardar\u00e1 os seus cora\u00e7\u00f5es e as suas mentes em Cristo Jesus&#8221;. A gratid\u00e3o \u00e9 um ant\u00eddoto poderoso contra o negativismo e a ansiedade, pois nos lembra das b\u00ean\u00e7\u00e3os que recebemos de Deus.<\/p>\n\n\n\n<h3 class=\"wp-block-heading\">Foco nas coisas boas<\/h3>\n\n\n\n<p class=\"wp-block-paragraph\">Em Filipenses 4:8, Paulo tamb\u00e9m escreve: &#8220;Quanto ao mais, irm\u00e3os, pensem em tudo o que \u00e9 verdadeiro, tudo o que \u00e9 nobre, tudo o que \u00e9 justo, tudo o que \u00e9 puro, tudo o que \u00e9 am\u00e1vel, tudo o que \u00e9 de boa fama, se h\u00e1 alguma virtude e se h\u00e1 algum louvor, pensem nessas coisas&#8221;. Essa passagem incentiva a concentrar a mente em coisas positivas e edificantes, ao inv\u00e9s de se fixar no negativo.<\/p>\n\n\n\n<h3 class=\"wp-block-heading\">Confian\u00e7a em Deus<\/h3>\n\n\n\n<p class=\"wp-block-paragraph\">Em Prov\u00e9rbios 3:5-6, lemos: &#8220;Confie no Senhor de todo o seu cora\u00e7\u00e3o e n\u00e3o se ap\u00f3ie em seu pr\u00f3prio entendimento; reconhe\u00e7a o Senhor em todos os seus caminhos, e ele endireitar\u00e1 as suas veredas&#8221;. Quando confiamos em Deus e reconhecemos que Ele est\u00e1 no controle de todas as coisas, podemos ter paz e seguran\u00e7a em meio \u00e0s incertezas da vida.<\/p>\n\n\n\n<h3 class=\"wp-block-heading\">Renova\u00e7\u00e3o da mente<\/h3>\n\n\n\n<p class=\"wp-block-paragraph\">Em Romanos 12:2, Paulo escreve: &#8220;N\u00e3o se amoldem ao padr\u00e3o deste mundo, mas transformem-se pela renova\u00e7\u00e3o da sua mente, para que sejam capazes de experimentar e comprovar a boa, agrad\u00e1vel e perfeita vontade de Deus&#8221;. Essa passagem nos incentiva a n\u00e3o nos conformarmos com o pensamento negativo e limitante do mundo, mas sim a buscar a renova\u00e7\u00e3o da mente por meio da Palavra de Deus.<\/p>\n\n\n\n<h3 class=\"wp-block-heading\">O poder da Palavra<\/h3>\n\n\n\n<p class=\"wp-block-paragraph\">Em Prov\u00e9rbios 18:21, lemos: &#8220;A l\u00edngua tem poder sobre a vida e sobre a morte; os que gostam de us\u00e1-la comer\u00e3o do seu fruto&#8221;. Essa passagem nos lembra da import\u00e2ncia das palavras que falamos e pensamos. Quando escolhemos falar e pensar palavras positivas e edificantes, colhemos os frutos dessa escolha em nossa vida.<\/p>\n\n\n\n<p class=\"wp-block-paragraph\">Esses s\u00e3o apenas alguns exemplos de como a B\u00edblia ensina princ\u00edpios que podem nos ajudar a cultivar uma mentalidade positiva. Ao coloc\u00e1-los em pr\u00e1tica, podemos experimentar a paz, alegria e esperan\u00e7a que v\u00eam de Deus.<\/p>\n\n\n\n<p class=\"wp-block-paragraph\"><strong>Voir aussi\u00a0: <a href=\"https:\/\/www.oracaoefe.com\/fr\/oracao-para-comecar-bem-o-dia-pratique-a-compaixao\/\">Ora\u00e7\u00e3o para come\u00e7ar bem o dia: Pratique a compaix\u00e3o<\/a><\/strong><\/p>\n\n\n\n<p class=\"wp-block-paragraph\">3 de mar\u00e7o de 2023<\/p>","protected":false},"excerpt":{"rendered":"<p>Muitas pessoas escolhem come\u00e7ar o dia orando porque isso pode ajud\u00e1-las a se conectar com o divino e a encontrar paz interior. A ora\u00e7\u00e3o pode oferecer uma sensa\u00e7\u00e3o de orienta\u00e7\u00e3o e prop\u00f3sito, al\u00e9m de fornecer um espa\u00e7o para reflex\u00e3o e gratid\u00e3o. Come\u00e7ar o dia com a ora\u00e7\u00e3o pode ajudar a estabelecer uma mentalidade positiva e&hellip;&nbsp;<\/p>","protected":false},"author":3,"featured_media":1944,"comment_status":"closed","ping_status":"closed","sticky":false,"template":"","format":"standard","meta":{"neve_meta_sidebar":"","neve_meta_container":"","neve_meta_enable_content_width":"","neve_meta_content_width":0,"neve_meta_title_alignment":"","neve_meta_author_avatar":"","neve_post_elements_order":"","neve_meta_disable_header":"","neve_meta_disable_footer":"","neve_meta_disable_title":"","footnotes":""},"categories":[2],"tags":[160,163],"class_list":["post-1943","post","type-post","status-publish","format-standard","has-post-thumbnail","hentry","category-oracao","tag-oracao-do-dia","tag-prece-do-dia"],"yoast_head":"<!-- This site is optimized with the Yoast SEO plugin v28.4 - https:\/\/yoast.com\/product\/yoast-seo-wordpress\/ -->\n<title>Ora\u00e7\u00e3o para come\u00e7ar bem o dia: Mantenha o pensamento sempre positivo - Ora\u00e7\u00e3o e F\u00e9<\/title>\n<meta name=\"description\" content=\"Deus tem pra voc\u00ea uma palavra de vida!\" \/>\n<meta name=\"robots\" content=\"index, follow, max-snippet:-1, max-image-preview:large, max-video-preview:-1\" \/>\n<link rel=\"canonical\" href=\"https:\/\/www.oracaoefe.com\/fr\/oracao-para-comecar-bem-o-dia-mantenha-o-pensamento-sempre-positivo\/\" \/>\n<meta property=\"og:locale\" content=\"fr_FR\" \/>\n<meta property=\"og:type\" content=\"article\" \/>\n<meta property=\"og:title\" content=\"Ora\u00e7\u00e3o para come\u00e7ar bem o dia: Mantenha o pensamento sempre positivo - Ora\u00e7\u00e3o e F\u00e9\" \/>\n<meta property=\"og:description\" content=\"Deus tem pra voc\u00ea uma palavra de vida!\" \/>\n<meta property=\"og:url\" content=\"https:\/\/www.oracaoefe.com\/fr\/oracao-para-comecar-bem-o-dia-mantenha-o-pensamento-sempre-positivo\/\" \/>\n<meta property=\"og:site_name\" content=\"Ora\u00e7\u00e3o e F\u00e9\" \/>\n<meta property=\"article:published_time\" content=\"2023-03-03T09:00:00+00:00\" \/>\n<meta property=\"og:image\" content=\"https:\/\/www.oracaoefe.com\/wp-content\/uploads\/2023\/02\/image-8.png\" \/>\n\t<meta property=\"og:image:width\" content=\"1280\" \/>\n\t<meta property=\"og:image:height\" content=\"803\" \/>\n\t<meta property=\"og:image:type\" content=\"image\/png\" \/>\n<meta name=\"author\" content=\"Michele Azevedo\" \/>\n<meta name=\"twitter:card\" content=\"summary_large_image\" \/>\n<meta name=\"twitter:label1\" content=\"\u00c9crit par\" \/>\n\t<meta name=\"twitter:data1\" content=\"Michele Azevedo\" \/>\n\t<meta name=\"twitter:label2\" content=\"Dur\u00e9e de lecture estim\u00e9e\" \/>\n\t<meta name=\"twitter:data2\" content=\"5 minutes\" \/>\n<script type=\"application\/ld+json\" class=\"yoast-schema-graph\">{\"@context\":\"https:\\\/\\\/schema.org\",\"@graph\":[{\"@type\":\"Article\",\"@id\":\"https:\\\/\\\/www.oracaoefe.com\\\/oracao-para-comecar-bem-o-dia-mantenha-o-pensamento-sempre-positivo\\\/#article\",\"isPartOf\":{\"@id\":\"https:\\\/\\\/www.oracaoefe.com\\\/oracao-para-comecar-bem-o-dia-mantenha-o-pensamento-sempre-positivo\\\/\"},\"author\":{\"name\":\"Michele Azevedo\",\"@id\":\"https:\\\/\\\/www.oracaoefe.com\\\/#\\\/schema\\\/person\\\/17283c669442cf005c4d5bb58adfb7f5\"},\"headline\":\"Ora\u00e7\u00e3o para come\u00e7ar bem o dia: Mantenha o pensamento sempre positivo\",\"datePublished\":\"2023-03-03T09:00:00+00:00\",\"mainEntityOfPage\":{\"@id\":\"https:\\\/\\\/www.oracaoefe.com\\\/oracao-para-comecar-bem-o-dia-mantenha-o-pensamento-sempre-positivo\\\/\"},\"wordCount\":1006,\"image\":{\"@id\":\"https:\\\/\\\/www.oracaoefe.com\\\/oracao-para-comecar-bem-o-dia-mantenha-o-pensamento-sempre-positivo\\\/#primaryimage\"},\"thumbnailUrl\":\"https:\\\/\\\/www.oracaoefe.com\\\/wp-content\\\/uploads\\\/2023\\\/02\\\/image-8.png\",\"keywords\":[\"ora\u00e7\u00e3o do dia\",\"prece do dia\"],\"articleSection\":[\"Ora\u00e7\u00e3o\"],\"inLanguage\":\"fr-FR\"},{\"@type\":\"WebPage\",\"@id\":\"https:\\\/\\\/www.oracaoefe.com\\\/oracao-para-comecar-bem-o-dia-mantenha-o-pensamento-sempre-positivo\\\/\",\"url\":\"https:\\\/\\\/www.oracaoefe.com\\\/oracao-para-comecar-bem-o-dia-mantenha-o-pensamento-sempre-positivo\\\/\",\"name\":\"Ora\u00e7\u00e3o para come\u00e7ar bem o dia: Mantenha o pensamento sempre positivo - Ora\u00e7\u00e3o e F\u00e9\",\"isPartOf\":{\"@id\":\"https:\\\/\\\/www.oracaoefe.com\\\/#website\"},\"primaryImageOfPage\":{\"@id\":\"https:\\\/\\\/www.oracaoefe.com\\\/oracao-para-comecar-bem-o-dia-mantenha-o-pensamento-sempre-positivo\\\/#primaryimage\"},\"image\":{\"@id\":\"https:\\\/\\\/www.oracaoefe.com\\\/oracao-para-comecar-bem-o-dia-mantenha-o-pensamento-sempre-positivo\\\/#primaryimage\"},\"thumbnailUrl\":\"https:\\\/\\\/www.oracaoefe.com\\\/wp-content\\\/uploads\\\/2023\\\/02\\\/image-8.png\",\"datePublished\":\"2023-03-03T09:00:00+00:00\",\"author\":{\"@id\":\"https:\\\/\\\/www.oracaoefe.com\\\/#\\\/schema\\\/person\\\/17283c669442cf005c4d5bb58adfb7f5\"},\"description\":\"Deus tem pra voc\u00ea uma palavra de vida!\",\"breadcrumb\":{\"@id\":\"https:\\\/\\\/www.oracaoefe.com\\\/oracao-para-comecar-bem-o-dia-mantenha-o-pensamento-sempre-positivo\\\/#breadcrumb\"},\"inLanguage\":\"fr-FR\",\"potentialAction\":[{\"@type\":\"ReadAction\",\"target\":[\"https:\\\/\\\/www.oracaoefe.com\\\/oracao-para-comecar-bem-o-dia-mantenha-o-pensamento-sempre-positivo\\\/\"]}]},{\"@type\":\"ImageObject\",\"inLanguage\":\"fr-FR\",\"@id\":\"https:\\\/\\\/www.oracaoefe.com\\\/oracao-para-comecar-bem-o-dia-mantenha-o-pensamento-sempre-positivo\\\/#primaryimage\",\"url\":\"https:\\\/\\\/www.oracaoefe.com\\\/wp-content\\\/uploads\\\/2023\\\/02\\\/image-8.png\",\"contentUrl\":\"https:\\\/\\\/www.oracaoefe.com\\\/wp-content\\\/uploads\\\/2023\\\/02\\\/image-8.png\",\"width\":1280,\"height\":803},{\"@type\":\"BreadcrumbList\",\"@id\":\"https:\\\/\\\/www.oracaoefe.com\\\/oracao-para-comecar-bem-o-dia-mantenha-o-pensamento-sempre-positivo\\\/#breadcrumb\",\"itemListElement\":[{\"@type\":\"ListItem\",\"position\":1,\"name\":\"Home\",\"item\":\"https:\\\/\\\/www.oracaoefe.com\\\/\"},{\"@type\":\"ListItem\",\"position\":2,\"name\":\"Ora\u00e7\u00e3o\",\"item\":\"https:\\\/\\\/www.oracaoefe.com\\\/category\\\/oracao\\\/\"},{\"@type\":\"ListItem\",\"position\":3,\"name\":\"Ora\u00e7\u00e3o para come\u00e7ar bem o dia: Mantenha o pensamento sempre positivo\"}]},{\"@type\":\"WebSite\",\"@id\":\"https:\\\/\\\/www.oracaoefe.com\\\/#website\",\"url\":\"https:\\\/\\\/www.oracaoefe.com\\\/\",\"name\":\"Ora\u00e7\u00e3o e F\u00e9\",\"description\":\"\",\"potentialAction\":[{\"@type\":\"SearchAction\",\"target\":{\"@type\":\"EntryPoint\",\"urlTemplate\":\"https:\\\/\\\/www.oracaoefe.com\\\/?s={search_term_string}\"},\"query-input\":{\"@type\":\"PropertyValueSpecification\",\"valueRequired\":true,\"valueName\":\"search_term_string\"}}],\"inLanguage\":\"fr-FR\"},{\"@type\":\"Person\",\"@id\":\"https:\\\/\\\/www.oracaoefe.com\\\/#\\\/schema\\\/person\\\/17283c669442cf005c4d5bb58adfb7f5\",\"name\":\"Michele Azevedo\",\"image\":{\"@type\":\"ImageObject\",\"inLanguage\":\"fr-FR\",\"@id\":\"https:\\\/\\\/secure.gravatar.com\\\/avatar\\\/6b0eb9d22841282815e2cd856a0061c45e1761cd54b22e952d98c4746939aa85?s=96&d=mm&r=g\",\"url\":\"https:\\\/\\\/secure.gravatar.com\\\/avatar\\\/6b0eb9d22841282815e2cd856a0061c45e1761cd54b22e952d98c4746939aa85?s=96&d=mm&r=g\",\"contentUrl\":\"https:\\\/\\\/secure.gravatar.com\\\/avatar\\\/6b0eb9d22841282815e2cd856a0061c45e1761cd54b22e952d98c4746939aa85?s=96&d=mm&r=g\",\"caption\":\"Michele Azevedo\"},\"description\":\"Formada em Letras - Portugu\u00eas\\\/ Ingl\u00eas pela Universidade Estadual de Ponta Grossa (UEPG), p\u00f3s-graduada em Arte na Educa\u00e7\u00e3o (FAPI) e Psicopedagogia Escolar (FAPI), idealizadora e propriet\u00e1ria do site Escritora de Sucesso, possui experi\u00eancia em escrita para blogs em geral e atua como redatora e revisora dos conte\u00fados do Ora\u00e7\u00e3o e F\u00e9.\",\"url\":\"https:\\\/\\\/www.oracaoefe.com\\\/fr\\\/author\\\/michele-azevedo\\\/\"}]}<\/script>\n<!-- \/ Yoast SEO plugin. -->","yoast_head_json":{"title":"Ora\u00e7\u00e3o para come\u00e7ar bem o dia: Mantenha o pensamento sempre positivo - Ora\u00e7\u00e3o e F\u00e9","description":"Dieu a une parole de vie pour vous !","robots":{"index":"index","follow":"follow","max-snippet":"max-snippet:-1","max-image-preview":"max-image-preview:large","max-video-preview":"max-video-preview:-1"},"canonical":"https:\/\/www.oracaoefe.com\/fr\/oracao-para-comecar-bem-o-dia-mantenha-o-pensamento-sempre-positivo\/","og_locale":"fr_FR","og_type":"article","og_title":"Ora\u00e7\u00e3o para come\u00e7ar bem o dia: Mantenha o pensamento sempre positivo - Ora\u00e7\u00e3o e F\u00e9","og_description":"Deus tem pra voc\u00ea uma palavra de vida!","og_url":"https:\/\/www.oracaoefe.com\/fr\/oracao-para-comecar-bem-o-dia-mantenha-o-pensamento-sempre-positivo\/","og_site_name":"Ora\u00e7\u00e3o e F\u00e9","article_published_time":"2023-03-03T09:00:00+00:00","og_image":[{"width":1280,"height":803,"url":"https:\/\/www.oracaoefe.com\/wp-content\/uploads\/2023\/02\/image-8.png","type":"image\/png"}],"author":"Michele Azevedo","twitter_card":"summary_large_image","twitter_misc":{"\u00c9crit par":"Michele Azevedo","Dur\u00e9e de lecture estim\u00e9e":"5 minutes"},"schema":{"@context":"https:\/\/schema.org","@graph":[{"@type":"Article","@id":"https:\/\/www.oracaoefe.com\/oracao-para-comecar-bem-o-dia-mantenha-o-pensamento-sempre-positivo\/#article","isPartOf":{"@id":"https:\/\/www.oracaoefe.com\/oracao-para-comecar-bem-o-dia-mantenha-o-pensamento-sempre-positivo\/"},"author":{"name":"Michele Azevedo","@id":"https:\/\/www.oracaoefe.com\/#\/schema\/person\/17283c669442cf005c4d5bb58adfb7f5"},"headline":"Ora\u00e7\u00e3o para come\u00e7ar bem o dia: Mantenha o pensamento sempre positivo","datePublished":"2023-03-03T09:00:00+00:00","mainEntityOfPage":{"@id":"https:\/\/www.oracaoefe.com\/oracao-para-comecar-bem-o-dia-mantenha-o-pensamento-sempre-positivo\/"},"wordCount":1006,"image":{"@id":"https:\/\/www.oracaoefe.com\/oracao-para-comecar-bem-o-dia-mantenha-o-pensamento-sempre-positivo\/#primaryimage"},"thumbnailUrl":"https:\/\/www.oracaoefe.com\/wp-content\/uploads\/2023\/02\/image-8.png","keywords":["ora\u00e7\u00e3o do dia","prece do dia"],"articleSection":["Ora\u00e7\u00e3o"],"inLanguage":"fr-FR"},{"@type":"WebPage","@id":"https:\/\/www.oracaoefe.com\/oracao-para-comecar-bem-o-dia-mantenha-o-pensamento-sempre-positivo\/","url":"https:\/\/www.oracaoefe.com\/oracao-para-comecar-bem-o-dia-mantenha-o-pensamento-sempre-positivo\/","name":"Ora\u00e7\u00e3o para come\u00e7ar bem o dia: Mantenha o pensamento sempre positivo - Ora\u00e7\u00e3o e F\u00e9","isPartOf":{"@id":"https:\/\/www.oracaoefe.com\/#website"},"primaryImageOfPage":{"@id":"https:\/\/www.oracaoefe.com\/oracao-para-comecar-bem-o-dia-mantenha-o-pensamento-sempre-positivo\/#primaryimage"},"image":{"@id":"https:\/\/www.oracaoefe.com\/oracao-para-comecar-bem-o-dia-mantenha-o-pensamento-sempre-positivo\/#primaryimage"},"thumbnailUrl":"https:\/\/www.oracaoefe.com\/wp-content\/uploads\/2023\/02\/image-8.png","datePublished":"2023-03-03T09:00:00+00:00","author":{"@id":"https:\/\/www.oracaoefe.com\/#\/schema\/person\/17283c669442cf005c4d5bb58adfb7f5"},"description":"Dieu a une parole de vie pour vous !","breadcrumb":{"@id":"https:\/\/www.oracaoefe.com\/oracao-para-comecar-bem-o-dia-mantenha-o-pensamento-sempre-positivo\/#breadcrumb"},"inLanguage":"fr-FR","potentialAction":[{"@type":"ReadAction","target":["https:\/\/www.oracaoefe.com\/oracao-para-comecar-bem-o-dia-mantenha-o-pensamento-sempre-positivo\/"]}]},{"@type":"ImageObject","inLanguage":"fr-FR","@id":"https:\/\/www.oracaoefe.com\/oracao-para-comecar-bem-o-dia-mantenha-o-pensamento-sempre-positivo\/#primaryimage","url":"https:\/\/www.oracaoefe.com\/wp-content\/uploads\/2023\/02\/image-8.png","contentUrl":"https:\/\/www.oracaoefe.com\/wp-content\/uploads\/2023\/02\/image-8.png","width":1280,"height":803},{"@type":"BreadcrumbList","@id":"https:\/\/www.oracaoefe.com\/oracao-para-comecar-bem-o-dia-mantenha-o-pensamento-sempre-positivo\/#breadcrumb","itemListElement":[{"@type":"ListItem","position":1,"name":"Home","item":"https:\/\/www.oracaoefe.com\/"},{"@type":"ListItem","position":2,"name":"Ora\u00e7\u00e3o","item":"https:\/\/www.oracaoefe.com\/category\/oracao\/"},{"@type":"ListItem","position":3,"name":"Ora\u00e7\u00e3o para come\u00e7ar bem o dia: Mantenha o pensamento sempre positivo"}]},{"@type":"WebSite","@id":"https:\/\/www.oracaoefe.com\/#website","url":"https:\/\/www.oracaoefe.com\/","name":"Pri\u00e8re et foi","description":"","potentialAction":[{"@type":"SearchAction","target":{"@type":"EntryPoint","urlTemplate":"https:\/\/www.oracaoefe.com\/?s={search_term_string}"},"query-input":{"@type":"PropertyValueSpecification","valueRequired":true,"valueName":"search_term_string"}}],"inLanguage":"fr-FR"},{"@type":"Person","@id":"https:\/\/www.oracaoefe.com\/#\/schema\/person\/17283c669442cf005c4d5bb58adfb7f5","name":"Michele Azevedo","image":{"@type":"ImageObject","inLanguage":"fr-FR","@id":"https:\/\/secure.gravatar.com\/avatar\/6b0eb9d22841282815e2cd856a0061c45e1761cd54b22e952d98c4746939aa85?s=96&d=mm&r=g","url":"https:\/\/secure.gravatar.com\/avatar\/6b0eb9d22841282815e2cd856a0061c45e1761cd54b22e952d98c4746939aa85?s=96&d=mm&r=g","contentUrl":"https:\/\/secure.gravatar.com\/avatar\/6b0eb9d22841282815e2cd856a0061c45e1761cd54b22e952d98c4746939aa85?s=96&d=mm&r=g","caption":"Michele Azevedo"},"description":"Dipl\u00f4m\u00e9e en litt\u00e9rature portugaise\/anglaise de l&#039;Universit\u00e9 d&#039;\u00c9tat de Ponta Grossa (UEPG), avec des dipl\u00f4mes de troisi\u00e8me cycle en art dans l&#039;\u00e9ducation (FAPI) et en psychop\u00e9dagogie scolaire (FAPI), elle est la cr\u00e9atrice et propri\u00e9taire du site web Escritora de Sucesso, a de l&#039;exp\u00e9rience dans l&#039;\u00e9criture pour les blogs en g\u00e9n\u00e9ral et travaille comme r\u00e9dactrice et \u00e9ditrice du contenu pour Ora\u00e7\u00e3o e F\u00e9.","url":"https:\/\/www.oracaoefe.com\/fr\/author\/michele-azevedo\/"}]}},"_links":{"self":[{"href":"https:\/\/www.oracaoefe.com\/fr\/wp-json\/wp\/v2\/posts\/1943","targetHints":{"allow":["GET"]}}],"collection":[{"href":"https:\/\/www.oracaoefe.com\/fr\/wp-json\/wp\/v2\/posts"}],"about":[{"href":"https:\/\/www.oracaoefe.com\/fr\/wp-json\/wp\/v2\/types\/post"}],"author":[{"embeddable":true,"href":"https:\/\/www.oracaoefe.com\/fr\/wp-json\/wp\/v2\/users\/3"}],"replies":[{"embeddable":true,"href":"https:\/\/www.oracaoefe.com\/fr\/wp-json\/wp\/v2\/comments?post=1943"}],"version-history":[{"count":1,"href":"https:\/\/www.oracaoefe.com\/fr\/wp-json\/wp\/v2\/posts\/1943\/revisions"}],"predecessor-version":[{"id":1945,"href":"https:\/\/www.oracaoefe.com\/fr\/wp-json\/wp\/v2\/posts\/1943\/revisions\/1945"}],"wp:featuredmedia":[{"embeddable":true,"href":"https:\/\/www.oracaoefe.com\/fr\/wp-json\/wp\/v2\/media\/1944"}],"wp:attachment":[{"href":"https:\/\/www.oracaoefe.com\/fr\/wp-json\/wp\/v2\/media?parent=1943"}],"wp:term":[{"taxonomy":"category","embeddable":true,"href":"https:\/\/www.oracaoefe.com\/fr\/wp-json\/wp\/v2\/categories?post=1943"},{"taxonomy":"post_tag","embeddable":true,"href":"https:\/\/www.oracaoefe.com\/fr\/wp-json\/wp\/v2\/tags?post=1943"}],"curies":[{"name":"wp","href":"https:\/\/api.w.org\/{rel}","templated":true}]}}