{"id":1940,"date":"2023-03-01T06:00:00","date_gmt":"2023-03-01T09:00:00","guid":{"rendered":"https:\/\/www.oracaoefe.com\/?p=1940"},"modified":"2023-02-28T15:46:20","modified_gmt":"2023-02-28T18:46:20","slug":"oracao-para-comecar-bem-o-dia-evite-a-procrastinacao","status":"publish","type":"post","link":"https:\/\/www.oracaoefe.com\/fr\/oracao-para-comecar-bem-o-dia-evite-a-procrastinacao\/","title":{"rendered":"Ora\u00e7\u00e3o para come\u00e7ar bem o dia: Evite a procrastina\u00e7\u00e3o"},"content":{"rendered":"<p class=\"wp-block-paragraph\">A <strong>ora\u00e7\u00e3o para come\u00e7ar bem o dia<\/strong> pode solucionar muitos problemas. Orar de manh\u00e3 pode ajudar a evitar a procrastina\u00e7\u00e3o, pois \u00e9 um momento de conex\u00e3o com Deus e de estabelecimento de prioridades. Ao dedicar os primeiros momentos do dia para orar e buscar orienta\u00e7\u00e3o divina, \u00e9 poss\u00edvel focar no que realmente importa e estabelecer metas claras para o dia.&nbsp;<\/p>\n\n\n\n<p class=\"wp-block-paragraph\">Al\u00e9m disso, a ora\u00e7\u00e3o pode trazer paz e serenidade, ajudando a manter a motiva\u00e7\u00e3o e a disciplina necess\u00e1rias para enfrentar as tarefas do dia com determina\u00e7\u00e3o. Assim, a ora\u00e7\u00e3o de manh\u00e3 pode ser uma ferramenta poderosa para evitar a procrastina\u00e7\u00e3o e para buscar a realiza\u00e7\u00e3o dos nossos objetivos com sucesso.<\/p>\n\n\n\n<figure class=\"wp-block-image size-large\"><img loading=\"lazy\" decoding=\"async\" width=\"1024\" height=\"682\" src=\"https:\/\/www.oracaoefe.com\/wp-content\/uploads\/2023\/02\/image-7-1024x682.png\" alt=\"\" class=\"wp-image-1941\" srcset=\"https:\/\/www.oracaoefe.com\/wp-content\/uploads\/2023\/02\/image-7-1024x682.png 1024w, https:\/\/www.oracaoefe.com\/wp-content\/uploads\/2023\/02\/image-7-300x200.png 300w, https:\/\/www.oracaoefe.com\/wp-content\/uploads\/2023\/02\/image-7-768x512.png 768w, https:\/\/www.oracaoefe.com\/wp-content\/uploads\/2023\/02\/image-7-18x12.png 18w, https:\/\/www.oracaoefe.com\/wp-content\/uploads\/2023\/02\/image-7.png 1280w\" sizes=\"auto, (max-width: 1024px) 100vw, 1024px\" \/><figcaption class=\"wp-element-caption\">Image : Pixabay - Reproduction<\/figcaption><\/figure>\n\n\n\n<h2 class=\"wp-block-heading\">Ora\u00e7\u00e3o para come\u00e7ar bem o dia&nbsp;<\/h2>\n\n\n\n<p class=\"wp-block-paragraph\">\"<em>Querido Deus, eu me aproximo de Ti humildemente, sabendo que \u00e9s um Deus de amor e bondade, que sempre nos acolhe com miseric\u00f3rdia e gra\u00e7a. Venho a Ti hoje para pedir ajuda na minha luta contra a procrastina\u00e7\u00e3o. \u00c0s vezes, sinto-me sobrecarregado pelas tarefas do dia a dia e acabo adiando o que \u00e9 importante, deixando para depois o que deveria ser feito agora.<\/em><\/p>\n\n\n\n<p class=\"wp-block-paragraph\"><em>Senhor, sei que a procrastina\u00e7\u00e3o \u00e9 um h\u00e1bito prejudicial que pode me impedir de alcan\u00e7ar meus objetivos e realizar meu prop\u00f3sito neste mundo. Pe\u00e7o que me ajude a reconhecer as armadilhas da procrastina\u00e7\u00e3o e a superar a tenta\u00e7\u00e3o de adiar as coisas importantes que preciso fazer.<\/em><\/p>\n\n\n\n<p class=\"wp-block-paragraph\"><em>Ajude-me a ser disciplinado e a ter a coragem de enfrentar os desafios que se apresentam em meu caminho. D\u00ea-me for\u00e7a e energia para realizar as tarefas que preciso realizar, mesmo quando elas parecem dif\u00edceis ou cansativas.<\/em><\/p>\n\n\n\n<p class=\"wp-block-paragraph\"><em>Ajude-me a ter foco e clareza, para que eu possa estabelecer prioridades claras e trabalhar com dilig\u00eancia para alcan\u00e7ar meus objetivos. Pe\u00e7o que me d\u00ea sabedoria e discernimento para escolher as melhores op\u00e7\u00f5es e para aproveitar as oportunidades que se apresentam em minha vida.<\/em><\/p>\n\n\n\n<p class=\"wp-block-paragraph\"><em>Senhor, ajude-me a ser organizado e a gerenciar meu tempo de forma eficaz, para que eu possa ser produtivo e alcan\u00e7ar o sucesso em todas as \u00e1reas da minha vida. Que a procrastina\u00e7\u00e3o n\u00e3o seja mais um obst\u00e1culo para mim, mas que eu seja capaz de avan\u00e7ar com confian\u00e7a e determina\u00e7\u00e3o em dire\u00e7\u00e3o aos meus sonhos e objetivos.<\/em><\/p>\n\n\n\n<p class=\"wp-block-paragraph\"><em>Pe\u00e7o que Tu me ajude a confiar em Ti em todos os momentos, sabendo que sempre estar\u00e1s comigo e me guiar\u00e1s para o melhor caminho. Que eu possa sentir a Tua presen\u00e7a em cada etapa da minha jornada e que possa confiar na Tua provid\u00eancia e cuidado.<\/em><\/p>\n\n\n\n<p class=\"wp-block-paragraph\"><em>Em nome de Jesus, eu oro. Am\u00e9m.\u201d<\/em><\/p>\n\n\n\n<h2 class=\"wp-block-heading\">Mensagem do dia sobre procrastina\u00e7\u00e3o<\/h2>\n\n\n\n<p class=\"wp-block-paragraph\">A procrastina\u00e7\u00e3o \u00e9 um problema que afeta muitas pessoas, e pode trazer consequ\u00eancias negativas tanto na vida pessoal quanto na profissional. De acordo com a B\u00edblia, a procrastina\u00e7\u00e3o \u00e9 um comportamento que deve ser evitado, pois pode levar \u00e0 pregui\u00e7a e \u00e0 falta de responsabilidade. Al\u00e9m disso, a B\u00edblia incentiva a busca pela sabedoria e a pr\u00e1tica da dilig\u00eancia para alcan\u00e7ar o sucesso.<\/p>\n\n\n\n<p class=\"wp-block-paragraph\">Um dos exemplos b\u00edblicos mais conhecidos sobre a procrastina\u00e7\u00e3o \u00e9 a hist\u00f3ria do servo pregui\u00e7oso narrada em Mateus 25:14-30. Nessa par\u00e1bola, um homem confia a seus servos uma quantia de dinheiro para que cuidem enquanto ele viaja. Um dos servos, por\u00e9m, tem medo de arriscar e esconde o dinheiro em vez de investi-lo. Quando o homem retorna, ele elogia os outros dois servos que multiplicaram a quantia, mas repreende o servo pregui\u00e7oso por n\u00e3o ter feito nada com o dinheiro. Isso mostra que a procrastina\u00e7\u00e3o pode levar \u00e0 falta de progresso e at\u00e9 mesmo a perda de oportunidades.<\/p>\n\n\n\n<p class=\"wp-block-paragraph\">A B\u00edblia tamb\u00e9m incentiva a busca pela sabedoria e a pr\u00e1tica da dilig\u00eancia para alcan\u00e7ar o sucesso. Prov\u00e9rbios 6:6-8 afirma que os formigas s\u00e3o um exemplo de dilig\u00eancia, pois trabalham duro durante todo o ver\u00e3o para se prepararem para o inverno. Esse ensinamento nos mostra que a procrastina\u00e7\u00e3o pode ser um obst\u00e1culo para o sucesso e que devemos trabalhar com dilig\u00eancia e sabedoria para alcan\u00e7ar nossos objetivos.<\/p>\n\n\n\n<p class=\"wp-block-paragraph\">Em resumo, a B\u00edblia nos ensina a evitar a procrastina\u00e7\u00e3o por diversos motivos. Ela pode levar \u00e0 pregui\u00e7a e \u00e0 falta de responsabilidade, pode resultar em perda de oportunidades e falta de progresso, al\u00e9m de ser um obst\u00e1culo para alcan\u00e7ar o sucesso. Portanto, \u00e9 importante cultivar a dilig\u00eancia e a busca pela sabedoria para evitar a procrastina\u00e7\u00e3o e alcan\u00e7ar nossos objetivos.<\/p>\n\n\n\n<p class=\"wp-block-paragraph\"><strong>Voir aussi\u00a0: <a href=\"https:\/\/www.oracaoefe.com\/fr\/oracao-para-comecar-bem-o-dia-liberte-se-da-vaidade\/\">Ora\u00e7\u00e3o para come\u00e7ar bem o dia: Liberte-se da vaidade<\/a><\/strong><\/p>\n\n\n\n<p class=\"wp-block-paragraph\">1 de mar\u00e7o de 2023<\/p>","protected":false},"excerpt":{"rendered":"<p>A ora\u00e7\u00e3o para come\u00e7ar bem o dia pode solucionar muitos problemas. Orar de manh\u00e3 pode ajudar a evitar a procrastina\u00e7\u00e3o, pois \u00e9 um momento de conex\u00e3o com Deus e de estabelecimento de prioridades. Ao dedicar os primeiros momentos do dia para orar e buscar orienta\u00e7\u00e3o divina, \u00e9 poss\u00edvel focar no que realmente importa e estabelecer&hellip;&nbsp;<\/p>","protected":false},"author":3,"featured_media":1941,"comment_status":"closed","ping_status":"closed","sticky":false,"template":"","format":"standard","meta":{"neve_meta_sidebar":"","neve_meta_container":"","neve_meta_enable_content_width":"","neve_meta_content_width":0,"neve_meta_title_alignment":"","neve_meta_author_avatar":"","neve_post_elements_order":"","neve_meta_disable_header":"","neve_meta_disable_footer":"","neve_meta_disable_title":"","footnotes":""},"categories":[2],"tags":[160,163],"class_list":["post-1940","post","type-post","status-publish","format-standard","has-post-thumbnail","hentry","category-oracao","tag-oracao-do-dia","tag-prece-do-dia"],"yoast_head":"<!-- This site is optimized with the Yoast SEO plugin v28.4 - https:\/\/yoast.com\/product\/yoast-seo-wordpress\/ -->\n<title>Ora\u00e7\u00e3o para come\u00e7ar bem o dia: Evite a procrastina\u00e7\u00e3o - Ora\u00e7\u00e3o e F\u00e9<\/title>\n<meta name=\"description\" content=\"Deus tem pra voc\u00ea uma palavra de vida!\" \/>\n<meta name=\"robots\" content=\"index, follow, max-snippet:-1, max-image-preview:large, max-video-preview:-1\" \/>\n<link rel=\"canonical\" href=\"https:\/\/www.oracaoefe.com\/fr\/oracao-para-comecar-bem-o-dia-evite-a-procrastinacao\/\" \/>\n<meta property=\"og:locale\" content=\"fr_FR\" \/>\n<meta property=\"og:type\" content=\"article\" \/>\n<meta property=\"og:title\" content=\"Ora\u00e7\u00e3o para come\u00e7ar bem o dia: Evite a procrastina\u00e7\u00e3o - Ora\u00e7\u00e3o e F\u00e9\" \/>\n<meta property=\"og:description\" content=\"Deus tem pra voc\u00ea uma palavra de vida!\" \/>\n<meta property=\"og:url\" content=\"https:\/\/www.oracaoefe.com\/fr\/oracao-para-comecar-bem-o-dia-evite-a-procrastinacao\/\" \/>\n<meta property=\"og:site_name\" content=\"Ora\u00e7\u00e3o e F\u00e9\" \/>\n<meta property=\"article:published_time\" content=\"2023-03-01T09:00:00+00:00\" \/>\n<meta property=\"og:image\" content=\"https:\/\/www.oracaoefe.com\/wp-content\/uploads\/2023\/02\/image-7.png\" \/>\n\t<meta property=\"og:image:width\" content=\"1280\" \/>\n\t<meta property=\"og:image:height\" content=\"853\" \/>\n\t<meta property=\"og:image:type\" content=\"image\/png\" \/>\n<meta name=\"author\" content=\"Michele Azevedo\" \/>\n<meta name=\"twitter:card\" content=\"summary_large_image\" \/>\n<meta name=\"twitter:label1\" content=\"\u00c9crit par\" \/>\n\t<meta name=\"twitter:data1\" content=\"Michele Azevedo\" \/>\n\t<meta name=\"twitter:label2\" content=\"Dur\u00e9e de lecture estim\u00e9e\" \/>\n\t<meta name=\"twitter:data2\" content=\"4 minutes\" \/>\n<script type=\"application\/ld+json\" class=\"yoast-schema-graph\">{\"@context\":\"https:\\\/\\\/schema.org\",\"@graph\":[{\"@type\":\"Article\",\"@id\":\"https:\\\/\\\/www.oracaoefe.com\\\/oracao-para-comecar-bem-o-dia-evite-a-procrastinacao\\\/#article\",\"isPartOf\":{\"@id\":\"https:\\\/\\\/www.oracaoefe.com\\\/oracao-para-comecar-bem-o-dia-evite-a-procrastinacao\\\/\"},\"author\":{\"name\":\"Michele Azevedo\",\"@id\":\"https:\\\/\\\/www.oracaoefe.com\\\/#\\\/schema\\\/person\\\/17283c669442cf005c4d5bb58adfb7f5\"},\"headline\":\"Ora\u00e7\u00e3o para come\u00e7ar bem o dia: Evite a procrastina\u00e7\u00e3o\",\"datePublished\":\"2023-03-01T09:00:00+00:00\",\"mainEntityOfPage\":{\"@id\":\"https:\\\/\\\/www.oracaoefe.com\\\/oracao-para-comecar-bem-o-dia-evite-a-procrastinacao\\\/\"},\"wordCount\":826,\"image\":{\"@id\":\"https:\\\/\\\/www.oracaoefe.com\\\/oracao-para-comecar-bem-o-dia-evite-a-procrastinacao\\\/#primaryimage\"},\"thumbnailUrl\":\"https:\\\/\\\/www.oracaoefe.com\\\/wp-content\\\/uploads\\\/2023\\\/02\\\/image-7.png\",\"keywords\":[\"ora\u00e7\u00e3o do dia\",\"prece do dia\"],\"articleSection\":[\"Ora\u00e7\u00e3o\"],\"inLanguage\":\"fr-FR\"},{\"@type\":\"WebPage\",\"@id\":\"https:\\\/\\\/www.oracaoefe.com\\\/oracao-para-comecar-bem-o-dia-evite-a-procrastinacao\\\/\",\"url\":\"https:\\\/\\\/www.oracaoefe.com\\\/oracao-para-comecar-bem-o-dia-evite-a-procrastinacao\\\/\",\"name\":\"Ora\u00e7\u00e3o para come\u00e7ar bem o dia: Evite a procrastina\u00e7\u00e3o - Ora\u00e7\u00e3o e F\u00e9\",\"isPartOf\":{\"@id\":\"https:\\\/\\\/www.oracaoefe.com\\\/#website\"},\"primaryImageOfPage\":{\"@id\":\"https:\\\/\\\/www.oracaoefe.com\\\/oracao-para-comecar-bem-o-dia-evite-a-procrastinacao\\\/#primaryimage\"},\"image\":{\"@id\":\"https:\\\/\\\/www.oracaoefe.com\\\/oracao-para-comecar-bem-o-dia-evite-a-procrastinacao\\\/#primaryimage\"},\"thumbnailUrl\":\"https:\\\/\\\/www.oracaoefe.com\\\/wp-content\\\/uploads\\\/2023\\\/02\\\/image-7.png\",\"datePublished\":\"2023-03-01T09:00:00+00:00\",\"author\":{\"@id\":\"https:\\\/\\\/www.oracaoefe.com\\\/#\\\/schema\\\/person\\\/17283c669442cf005c4d5bb58adfb7f5\"},\"description\":\"Deus tem pra voc\u00ea uma palavra de vida!\",\"breadcrumb\":{\"@id\":\"https:\\\/\\\/www.oracaoefe.com\\\/oracao-para-comecar-bem-o-dia-evite-a-procrastinacao\\\/#breadcrumb\"},\"inLanguage\":\"fr-FR\",\"potentialAction\":[{\"@type\":\"ReadAction\",\"target\":[\"https:\\\/\\\/www.oracaoefe.com\\\/oracao-para-comecar-bem-o-dia-evite-a-procrastinacao\\\/\"]}]},{\"@type\":\"ImageObject\",\"inLanguage\":\"fr-FR\",\"@id\":\"https:\\\/\\\/www.oracaoefe.com\\\/oracao-para-comecar-bem-o-dia-evite-a-procrastinacao\\\/#primaryimage\",\"url\":\"https:\\\/\\\/www.oracaoefe.com\\\/wp-content\\\/uploads\\\/2023\\\/02\\\/image-7.png\",\"contentUrl\":\"https:\\\/\\\/www.oracaoefe.com\\\/wp-content\\\/uploads\\\/2023\\\/02\\\/image-7.png\",\"width\":1280,\"height\":853},{\"@type\":\"BreadcrumbList\",\"@id\":\"https:\\\/\\\/www.oracaoefe.com\\\/oracao-para-comecar-bem-o-dia-evite-a-procrastinacao\\\/#breadcrumb\",\"itemListElement\":[{\"@type\":\"ListItem\",\"position\":1,\"name\":\"Home\",\"item\":\"https:\\\/\\\/www.oracaoefe.com\\\/\"},{\"@type\":\"ListItem\",\"position\":2,\"name\":\"Ora\u00e7\u00e3o\",\"item\":\"https:\\\/\\\/www.oracaoefe.com\\\/category\\\/oracao\\\/\"},{\"@type\":\"ListItem\",\"position\":3,\"name\":\"Ora\u00e7\u00e3o para come\u00e7ar bem o dia: Evite a procrastina\u00e7\u00e3o\"}]},{\"@type\":\"WebSite\",\"@id\":\"https:\\\/\\\/www.oracaoefe.com\\\/#website\",\"url\":\"https:\\\/\\\/www.oracaoefe.com\\\/\",\"name\":\"Ora\u00e7\u00e3o e F\u00e9\",\"description\":\"\",\"potentialAction\":[{\"@type\":\"SearchAction\",\"target\":{\"@type\":\"EntryPoint\",\"urlTemplate\":\"https:\\\/\\\/www.oracaoefe.com\\\/?s={search_term_string}\"},\"query-input\":{\"@type\":\"PropertyValueSpecification\",\"valueRequired\":true,\"valueName\":\"search_term_string\"}}],\"inLanguage\":\"fr-FR\"},{\"@type\":\"Person\",\"@id\":\"https:\\\/\\\/www.oracaoefe.com\\\/#\\\/schema\\\/person\\\/17283c669442cf005c4d5bb58adfb7f5\",\"name\":\"Michele Azevedo\",\"image\":{\"@type\":\"ImageObject\",\"inLanguage\":\"fr-FR\",\"@id\":\"https:\\\/\\\/secure.gravatar.com\\\/avatar\\\/6b0eb9d22841282815e2cd856a0061c45e1761cd54b22e952d98c4746939aa85?s=96&d=mm&r=g\",\"url\":\"https:\\\/\\\/secure.gravatar.com\\\/avatar\\\/6b0eb9d22841282815e2cd856a0061c45e1761cd54b22e952d98c4746939aa85?s=96&d=mm&r=g\",\"contentUrl\":\"https:\\\/\\\/secure.gravatar.com\\\/avatar\\\/6b0eb9d22841282815e2cd856a0061c45e1761cd54b22e952d98c4746939aa85?s=96&d=mm&r=g\",\"caption\":\"Michele Azevedo\"},\"description\":\"Formada em Letras - Portugu\u00eas\\\/ Ingl\u00eas pela Universidade Estadual de Ponta Grossa (UEPG), p\u00f3s-graduada em Arte na Educa\u00e7\u00e3o (FAPI) e Psicopedagogia Escolar (FAPI), idealizadora e propriet\u00e1ria do site Escritora de Sucesso, possui experi\u00eancia em escrita para blogs em geral e atua como redatora e revisora dos conte\u00fados do Ora\u00e7\u00e3o e F\u00e9.\",\"url\":\"https:\\\/\\\/www.oracaoefe.com\\\/fr\\\/author\\\/michele-azevedo\\\/\"}]}<\/script>\n<!-- \/ Yoast SEO plugin. -->","yoast_head_json":{"title":"Ora\u00e7\u00e3o para come\u00e7ar bem o dia: Evite a procrastina\u00e7\u00e3o - Ora\u00e7\u00e3o e F\u00e9","description":"Dieu a une parole de vie pour vous !","robots":{"index":"index","follow":"follow","max-snippet":"max-snippet:-1","max-image-preview":"max-image-preview:large","max-video-preview":"max-video-preview:-1"},"canonical":"https:\/\/www.oracaoefe.com\/fr\/oracao-para-comecar-bem-o-dia-evite-a-procrastinacao\/","og_locale":"fr_FR","og_type":"article","og_title":"Ora\u00e7\u00e3o para come\u00e7ar bem o dia: Evite a procrastina\u00e7\u00e3o - Ora\u00e7\u00e3o e F\u00e9","og_description":"Deus tem pra voc\u00ea uma palavra de vida!","og_url":"https:\/\/www.oracaoefe.com\/fr\/oracao-para-comecar-bem-o-dia-evite-a-procrastinacao\/","og_site_name":"Ora\u00e7\u00e3o e F\u00e9","article_published_time":"2023-03-01T09:00:00+00:00","og_image":[{"width":1280,"height":853,"url":"https:\/\/www.oracaoefe.com\/wp-content\/uploads\/2023\/02\/image-7.png","type":"image\/png"}],"author":"Michele Azevedo","twitter_card":"summary_large_image","twitter_misc":{"\u00c9crit par":"Michele Azevedo","Dur\u00e9e de lecture estim\u00e9e":"4 minutes"},"schema":{"@context":"https:\/\/schema.org","@graph":[{"@type":"Article","@id":"https:\/\/www.oracaoefe.com\/oracao-para-comecar-bem-o-dia-evite-a-procrastinacao\/#article","isPartOf":{"@id":"https:\/\/www.oracaoefe.com\/oracao-para-comecar-bem-o-dia-evite-a-procrastinacao\/"},"author":{"name":"Michele Azevedo","@id":"https:\/\/www.oracaoefe.com\/#\/schema\/person\/17283c669442cf005c4d5bb58adfb7f5"},"headline":"Ora\u00e7\u00e3o para come\u00e7ar bem o dia: Evite a procrastina\u00e7\u00e3o","datePublished":"2023-03-01T09:00:00+00:00","mainEntityOfPage":{"@id":"https:\/\/www.oracaoefe.com\/oracao-para-comecar-bem-o-dia-evite-a-procrastinacao\/"},"wordCount":826,"image":{"@id":"https:\/\/www.oracaoefe.com\/oracao-para-comecar-bem-o-dia-evite-a-procrastinacao\/#primaryimage"},"thumbnailUrl":"https:\/\/www.oracaoefe.com\/wp-content\/uploads\/2023\/02\/image-7.png","keywords":["ora\u00e7\u00e3o do dia","prece do dia"],"articleSection":["Ora\u00e7\u00e3o"],"inLanguage":"fr-FR"},{"@type":"WebPage","@id":"https:\/\/www.oracaoefe.com\/oracao-para-comecar-bem-o-dia-evite-a-procrastinacao\/","url":"https:\/\/www.oracaoefe.com\/oracao-para-comecar-bem-o-dia-evite-a-procrastinacao\/","name":"Ora\u00e7\u00e3o para come\u00e7ar bem o dia: Evite a procrastina\u00e7\u00e3o - Ora\u00e7\u00e3o e F\u00e9","isPartOf":{"@id":"https:\/\/www.oracaoefe.com\/#website"},"primaryImageOfPage":{"@id":"https:\/\/www.oracaoefe.com\/oracao-para-comecar-bem-o-dia-evite-a-procrastinacao\/#primaryimage"},"image":{"@id":"https:\/\/www.oracaoefe.com\/oracao-para-comecar-bem-o-dia-evite-a-procrastinacao\/#primaryimage"},"thumbnailUrl":"https:\/\/www.oracaoefe.com\/wp-content\/uploads\/2023\/02\/image-7.png","datePublished":"2023-03-01T09:00:00+00:00","author":{"@id":"https:\/\/www.oracaoefe.com\/#\/schema\/person\/17283c669442cf005c4d5bb58adfb7f5"},"description":"Dieu a une parole de vie pour vous !","breadcrumb":{"@id":"https:\/\/www.oracaoefe.com\/oracao-para-comecar-bem-o-dia-evite-a-procrastinacao\/#breadcrumb"},"inLanguage":"fr-FR","potentialAction":[{"@type":"ReadAction","target":["https:\/\/www.oracaoefe.com\/oracao-para-comecar-bem-o-dia-evite-a-procrastinacao\/"]}]},{"@type":"ImageObject","inLanguage":"fr-FR","@id":"https:\/\/www.oracaoefe.com\/oracao-para-comecar-bem-o-dia-evite-a-procrastinacao\/#primaryimage","url":"https:\/\/www.oracaoefe.com\/wp-content\/uploads\/2023\/02\/image-7.png","contentUrl":"https:\/\/www.oracaoefe.com\/wp-content\/uploads\/2023\/02\/image-7.png","width":1280,"height":853},{"@type":"BreadcrumbList","@id":"https:\/\/www.oracaoefe.com\/oracao-para-comecar-bem-o-dia-evite-a-procrastinacao\/#breadcrumb","itemListElement":[{"@type":"ListItem","position":1,"name":"Home","item":"https:\/\/www.oracaoefe.com\/"},{"@type":"ListItem","position":2,"name":"Ora\u00e7\u00e3o","item":"https:\/\/www.oracaoefe.com\/category\/oracao\/"},{"@type":"ListItem","position":3,"name":"Ora\u00e7\u00e3o para come\u00e7ar bem o dia: Evite a procrastina\u00e7\u00e3o"}]},{"@type":"WebSite","@id":"https:\/\/www.oracaoefe.com\/#website","url":"https:\/\/www.oracaoefe.com\/","name":"Pri\u00e8re et foi","description":"","potentialAction":[{"@type":"SearchAction","target":{"@type":"EntryPoint","urlTemplate":"https:\/\/www.oracaoefe.com\/?s={search_term_string}"},"query-input":{"@type":"PropertyValueSpecification","valueRequired":true,"valueName":"search_term_string"}}],"inLanguage":"fr-FR"},{"@type":"Person","@id":"https:\/\/www.oracaoefe.com\/#\/schema\/person\/17283c669442cf005c4d5bb58adfb7f5","name":"Michele Azevedo","image":{"@type":"ImageObject","inLanguage":"fr-FR","@id":"https:\/\/secure.gravatar.com\/avatar\/6b0eb9d22841282815e2cd856a0061c45e1761cd54b22e952d98c4746939aa85?s=96&d=mm&r=g","url":"https:\/\/secure.gravatar.com\/avatar\/6b0eb9d22841282815e2cd856a0061c45e1761cd54b22e952d98c4746939aa85?s=96&d=mm&r=g","contentUrl":"https:\/\/secure.gravatar.com\/avatar\/6b0eb9d22841282815e2cd856a0061c45e1761cd54b22e952d98c4746939aa85?s=96&d=mm&r=g","caption":"Michele Azevedo"},"description":"Dipl\u00f4m\u00e9e en litt\u00e9rature portugaise\/anglaise de l&#039;Universit\u00e9 d&#039;\u00c9tat de Ponta Grossa (UEPG), avec des dipl\u00f4mes de troisi\u00e8me cycle en art dans l&#039;\u00e9ducation (FAPI) et en psychop\u00e9dagogie scolaire (FAPI), elle est la cr\u00e9atrice et propri\u00e9taire du site web Escritora de Sucesso, a de l&#039;exp\u00e9rience dans l&#039;\u00e9criture pour les blogs en g\u00e9n\u00e9ral et travaille comme r\u00e9dactrice et \u00e9ditrice du contenu pour Ora\u00e7\u00e3o e F\u00e9.","url":"https:\/\/www.oracaoefe.com\/fr\/author\/michele-azevedo\/"}]}},"_links":{"self":[{"href":"https:\/\/www.oracaoefe.com\/fr\/wp-json\/wp\/v2\/posts\/1940","targetHints":{"allow":["GET"]}}],"collection":[{"href":"https:\/\/www.oracaoefe.com\/fr\/wp-json\/wp\/v2\/posts"}],"about":[{"href":"https:\/\/www.oracaoefe.com\/fr\/wp-json\/wp\/v2\/types\/post"}],"author":[{"embeddable":true,"href":"https:\/\/www.oracaoefe.com\/fr\/wp-json\/wp\/v2\/users\/3"}],"replies":[{"embeddable":true,"href":"https:\/\/www.oracaoefe.com\/fr\/wp-json\/wp\/v2\/comments?post=1940"}],"version-history":[{"count":1,"href":"https:\/\/www.oracaoefe.com\/fr\/wp-json\/wp\/v2\/posts\/1940\/revisions"}],"predecessor-version":[{"id":1942,"href":"https:\/\/www.oracaoefe.com\/fr\/wp-json\/wp\/v2\/posts\/1940\/revisions\/1942"}],"wp:featuredmedia":[{"embeddable":true,"href":"https:\/\/www.oracaoefe.com\/fr\/wp-json\/wp\/v2\/media\/1941"}],"wp:attachment":[{"href":"https:\/\/www.oracaoefe.com\/fr\/wp-json\/wp\/v2\/media?parent=1940"}],"wp:term":[{"taxonomy":"category","embeddable":true,"href":"https:\/\/www.oracaoefe.com\/fr\/wp-json\/wp\/v2\/categories?post=1940"},{"taxonomy":"post_tag","embeddable":true,"href":"https:\/\/www.oracaoefe.com\/fr\/wp-json\/wp\/v2\/tags?post=1940"}],"curies":[{"name":"wp","href":"https:\/\/api.w.org\/{rel}","templated":true}]}}