{"id":1933,"date":"2023-02-27T06:00:00","date_gmt":"2023-02-27T09:00:00","guid":{"rendered":"https:\/\/www.oracaoefe.com\/?p=1933"},"modified":"2023-02-26T20:20:37","modified_gmt":"2023-02-26T23:20:37","slug":"oracao-para-comecar-bem-o-dia-pratique-a-compaixao","status":"publish","type":"post","link":"https:\/\/www.oracaoefe.com\/fr\/oracao-para-comecar-bem-o-dia-pratique-a-compaixao\/","title":{"rendered":"Ora\u00e7\u00e3o para come\u00e7ar bem o dia: Pratique a compaix\u00e3o"},"content":{"rendered":"<p class=\"wp-block-paragraph\">Come\u00e7ar o dia orando \u00e9 uma forma poderosa de estabelecer uma conex\u00e3o com Deus e se preparar para enfrentar os desafios que podem surgir ao longo do dia. A ora\u00e7\u00e3o \u00e9 uma oportunidade para expressar gratid\u00e3o por mais um dia de vida, pedir orienta\u00e7\u00e3o e for\u00e7a para superar dificuldades, e pedir prote\u00e7\u00e3o para si e para aqueles que amamos. Ao orarmos, abrimos nossos cora\u00e7\u00f5es para a presen\u00e7a divina e permitimos que ela nos guie e nos fortale\u00e7a, ajudando-nos a enfrentar as adversidades com mais serenidade e confian\u00e7a.<\/p>\n\n\n\n<figure class=\"wp-block-image size-large\"><img loading=\"lazy\" decoding=\"async\" width=\"1024\" height=\"682\" src=\"https:\/\/www.oracaoefe.com\/wp-content\/uploads\/2023\/02\/image-6-1024x682.png\" alt=\"\" class=\"wp-image-1934\" srcset=\"https:\/\/www.oracaoefe.com\/wp-content\/uploads\/2023\/02\/image-6-1024x682.png 1024w, https:\/\/www.oracaoefe.com\/wp-content\/uploads\/2023\/02\/image-6-300x200.png 300w, https:\/\/www.oracaoefe.com\/wp-content\/uploads\/2023\/02\/image-6-768x512.png 768w, https:\/\/www.oracaoefe.com\/wp-content\/uploads\/2023\/02\/image-6-18x12.png 18w, https:\/\/www.oracaoefe.com\/wp-content\/uploads\/2023\/02\/image-6.png 1280w\" sizes=\"auto, (max-width: 1024px) 100vw, 1024px\" \/><figcaption class=\"wp-element-caption\">Image : Pixabay - Reproduction<\/figcaption><\/figure>\n\n\n\n<h2 class=\"wp-block-heading\">Ora\u00e7\u00e3o para come\u00e7ar o dia<\/h2>\n\n\n\n<p class=\"wp-block-paragraph\">&#8220;<em>Meu Deus, neste novo dia que se inicia, venho a Ti com um cora\u00e7\u00e3o aberto, cheio de gratid\u00e3o e humildade. Agrade\u00e7o pela vida e por todas as oportunidades que tenho de ser um ser humano melhor. Pe\u00e7o que me conceda a sabedoria e a compaix\u00e3o necess\u00e1rias para enfrentar os desafios que vir\u00e3o e para ajudar aqueles que precisarem.<\/em><\/p>\n\n\n\n<p class=\"wp-block-paragraph\"><em>Senhor, hoje quero falar sobre a compaix\u00e3o, esse sentimento t\u00e3o importante que muitas vezes esquecemos em nosso cotidiano corrido. A compaix\u00e3o \u00e9 um ato de amor, \u00e9 a capacidade de se colocar no lugar do outro, de sentir sua dor e agir para ameniz\u00e1-la. \u00c9 uma das maiores virtudes que podemos cultivar em nossas vidas, pois \u00e9 atrav\u00e9s dela que podemos fazer a diferen\u00e7a no mundo.<\/em><\/p>\n\n\n\n<p class=\"wp-block-paragraph\"><em>Senhor, ajuda-me a ser compassivo. Que eu possa olhar para as pessoas ao meu redor com olhos de amor e compreens\u00e3o, sem julgamentos ou preconceitos. Que eu possa ser sens\u00edvel \u00e0s suas necessidades e oferecer ajuda e apoio sempre que necess\u00e1rio. Que eu possa ser um exemplo de compaix\u00e3o, inspirando os outros a serem mais gentis e solid\u00e1rios.<\/em><\/p>\n\n\n\n<p class=\"wp-block-paragraph\"><em>Ajuda-me, Senhor, a ver al\u00e9m das apar\u00eancias e compreender as lutas internas que cada pessoa enfrenta. Que eu possa ser um ouvinte atento, capaz de oferecer palavras de conforto e encorajamento. Que eu possa ser um amigo fiel, sempre presente para aqueles que precisam.<\/em><\/p>\n\n\n\n<p class=\"wp-block-paragraph\"><em>Senhor, que a minha compaix\u00e3o n\u00e3o se restrinja apenas \u00e0s pessoas pr\u00f3ximas, mas que eu possa ser compassivo com todos aqueles que cruzam o meu caminho. Que eu possa ser um agente de mudan\u00e7a, lutando por um mundo mais justo e solid\u00e1rio, onde a compaix\u00e3o seja a base das rela\u00e7\u00f5es humanas.<\/em><\/p>\n\n\n\n<p class=\"wp-block-paragraph\"><em>Em nome de Jesus. Am\u00e9m.<\/em>&#8220;<\/p>\n\n\n\n<h2 class=\"wp-block-heading\">Mensagem do dia sobre a compaix\u00e3o<\/h2>\n\n\n\n<p class=\"wp-block-paragraph\">A compaix\u00e3o \u00e9 uma das maiores virtudes que podemos cultivar em nossas vidas. Ela nos permite olhar para as pessoas ao nosso redor com olhos de amor e compreens\u00e3o, sem julgamentos ou preconceitos. Quando somos compassivos, somos capazes de colocar-nos no lugar do outro, de sentir sua dor e agir para ameniz\u00e1-la.<\/p>\n\n\n\n<p class=\"wp-block-paragraph\">Ser compassivo n\u00e3o significa ser fraco ou passivo. Pelo contr\u00e1rio, \u00e9 uma for\u00e7a que nos permite enfrentar os desafios do mundo de maneira mais positiva e construtiva. Quando somos compassivos, somos capazes de ajudar as pessoas a superar suas dificuldades e a encontrar o caminho para a felicidade.<\/p>\n\n\n\n<p class=\"wp-block-paragraph\">A compaix\u00e3o \u00e9 a base das rela\u00e7\u00f5es humanas saud\u00e1veis. Quando somos compassivos com as pessoas ao nosso redor, criamos la\u00e7os mais fortes e duradouros de amizade e amor. A compaix\u00e3o \u00e9 uma for\u00e7a que pode mudar o mundo, pois nos inspira a lutar por um mundo mais justo e solid\u00e1rio.<\/p>\n\n\n\n<p class=\"wp-block-paragraph\">Hoje, fa\u00e7a um esfor\u00e7o para ser mais compassivo com as pessoas ao seu redor. Ofere\u00e7a palavras de conforto e encorajamento. Seja sens\u00edvel \u00e0s suas necessidades e ofere\u00e7a ajuda e apoio sempre que poss\u00edvel. Lembre-se de que todos n\u00f3s enfrentamos nossas pr\u00f3prias lutas internas e que a compaix\u00e3o pode fazer toda a diferen\u00e7a.<\/p>\n\n\n\n<p class=\"wp-block-paragraph\">N\u00e3o deixe que a correria do dia a dia o impe\u00e7a de ser compassivo. Cultive a compaix\u00e3o em seu cora\u00e7\u00e3o e deixe que ela seja a base de suas a\u00e7\u00f5es. Lembre-se de que a compaix\u00e3o \u00e9 uma for\u00e7a poderosa que pode mudar o mundo. Seja um agente de mudan\u00e7a, lutando por um mundo mais justo e solid\u00e1rio, onde a compaix\u00e3o seja a base das rela\u00e7\u00f5es humanas.<\/p>\n\n\n\n<h2 class=\"wp-block-heading\">O que a B\u00edblia diz sobre compaix\u00e3o<\/h2>\n\n\n\n<p class=\"wp-block-paragraph\">A B\u00edblia apresenta diversas passagens que falam sobre a compaix\u00e3o. Algumas delas s\u00e3o:<\/p>\n\n\n\n<p class=\"wp-block-paragraph\"><em>&#8220;Como um pai se compadece de seus filhos, assim o Senhor se compadece daqueles que o temem.&#8221; (Salmo 103:13)<\/em><\/p>\n\n\n\n<p class=\"wp-block-paragraph\">Neste vers\u00edculo, \u00e9 apresentado que a compaix\u00e3o de Deus para com seus filhos \u00e9 comparada com a compaix\u00e3o de um pai para com seus pr\u00f3prios filhos.<\/p>\n\n\n\n<p class=\"wp-block-paragraph\"><em>&#8220;Porque o Senhor consolar\u00e1 a Si\u00e3o; consolar\u00e1 a todos os seus lugares assolados, e far\u00e1 o seu deserto como o \u00c9den, e a sua solid\u00e3o como o jardim do Senhor; gozo e alegria se achar\u00e3o nela, a\u00e7\u00e3o de gra\u00e7as, e voz de melodia.&#8221; (Isa\u00edas 51:3)<\/em><\/p>\n\n\n\n<p class=\"wp-block-paragraph\">Neste vers\u00edculo, \u00e9 apresentado que Deus consolar\u00e1 Si\u00e3o e transformar\u00e1 seu deserto em um lugar f\u00e9rtil, trazendo alegria e melodia ao povo.<\/p>\n\n\n\n<p class=\"wp-block-paragraph\"><em>&#8220;Portanto, como eleitos de Deus, santos e amados, revesti-vos de entranhas de miseric\u00f3rdia, de benignidade, humildade, mansid\u00e3o, longanimidade&#8221; (Colossenses 3:12)<\/em><\/p>\n\n\n\n<p class=\"wp-block-paragraph\">Neste vers\u00edculo, \u00e9 apresentado que devemos nos revestir de compaix\u00e3o, miseric\u00f3rdia, humildade, mansid\u00e3o e longanimidade, ou seja, devemos ser compassivos em nossas atitudes.<\/p>\n\n\n\n<p class=\"wp-block-paragraph\"><em>&#8220;Bem-aventurados os misericordiosos, porque eles alcan\u00e7ar\u00e3o miseric\u00f3rdia.&#8221; (Mateus 5:7)<\/em><\/p>\n\n\n\n<p class=\"wp-block-paragraph\">Neste vers\u00edculo, \u00e9 apresentado que aqueles que s\u00e3o misericordiosos ser\u00e3o aben\u00e7oados e receber\u00e3o miseric\u00f3rdia.<\/p>\n\n\n\n<p class=\"wp-block-paragraph\">Em resumo, a B\u00edblia nos ensina a sermos compassivos e misericordiosos para com as pessoas ao nosso redor, seguindo o exemplo de Deus e de Jesus Cristo. Devemos ser sens\u00edveis \u00e0s necessidades dos outros e oferecer ajuda e apoio sempre que poss\u00edvel. A compaix\u00e3o \u00e9 uma das virtudes mais importantes que podemos cultivar em nossas vidas, pois ela nos permite fazer a diferen\u00e7a no mundo e criar la\u00e7os mais fortes e duradouros de amizade e amor.<\/p>\n\n\n\n<p class=\"wp-block-paragraph\"><strong>Voir aussi\u00a0: <a href=\"https:\/\/www.oracaoefe.com\/fr\/oracao-para-comecar-o-dia-lembre-se-sempre-de-agradecer\/\">Ora\u00e7\u00e3o para come\u00e7ar o dia: Lembre-se sempre de agradecer<\/a><\/strong><\/p>\n\n\n\n<p class=\"wp-block-paragraph\">27 de fevereiro de 2023<\/p>","protected":false},"excerpt":{"rendered":"<p>Come\u00e7ar o dia orando \u00e9 uma forma poderosa de estabelecer uma conex\u00e3o com Deus e se preparar para enfrentar os desafios que podem surgir ao longo do dia. A ora\u00e7\u00e3o \u00e9 uma oportunidade para expressar gratid\u00e3o por mais um dia de vida, pedir orienta\u00e7\u00e3o e for\u00e7a para superar dificuldades, e pedir prote\u00e7\u00e3o para si e&hellip;&nbsp;<\/p>","protected":false},"author":3,"featured_media":1934,"comment_status":"closed","ping_status":"closed","sticky":false,"template":"","format":"standard","meta":{"neve_meta_sidebar":"","neve_meta_container":"","neve_meta_enable_content_width":"","neve_meta_content_width":0,"neve_meta_title_alignment":"","neve_meta_author_avatar":"","neve_post_elements_order":"","neve_meta_disable_header":"","neve_meta_disable_footer":"","neve_meta_disable_title":"","footnotes":""},"categories":[2],"tags":[160,163],"class_list":["post-1933","post","type-post","status-publish","format-standard","has-post-thumbnail","hentry","category-oracao","tag-oracao-do-dia","tag-prece-do-dia"],"yoast_head":"<!-- This site is optimized with the Yoast SEO plugin v28.4 - https:\/\/yoast.com\/product\/yoast-seo-wordpress\/ -->\n<title>Ora\u00e7\u00e3o para come\u00e7ar bem o dia: Pratique a compaix\u00e3o - Ora\u00e7\u00e3o e F\u00e9<\/title>\n<meta name=\"description\" content=\"Deus tem pra voc\u00ea uma palavra de vida!\" \/>\n<meta name=\"robots\" content=\"index, follow, max-snippet:-1, max-image-preview:large, max-video-preview:-1\" \/>\n<link rel=\"canonical\" href=\"https:\/\/www.oracaoefe.com\/fr\/oracao-para-comecar-bem-o-dia-pratique-a-compaixao\/\" \/>\n<meta property=\"og:locale\" content=\"fr_FR\" \/>\n<meta property=\"og:type\" content=\"article\" \/>\n<meta property=\"og:title\" content=\"Ora\u00e7\u00e3o para come\u00e7ar bem o dia: Pratique a compaix\u00e3o - Ora\u00e7\u00e3o e F\u00e9\" \/>\n<meta property=\"og:description\" content=\"Deus tem pra voc\u00ea uma palavra de vida!\" \/>\n<meta property=\"og:url\" content=\"https:\/\/www.oracaoefe.com\/fr\/oracao-para-comecar-bem-o-dia-pratique-a-compaixao\/\" \/>\n<meta property=\"og:site_name\" content=\"Ora\u00e7\u00e3o e F\u00e9\" \/>\n<meta property=\"article:published_time\" content=\"2023-02-27T09:00:00+00:00\" \/>\n<meta property=\"og:image\" content=\"https:\/\/www.oracaoefe.com\/wp-content\/uploads\/2023\/02\/image-6.png\" \/>\n\t<meta property=\"og:image:width\" content=\"1280\" \/>\n\t<meta property=\"og:image:height\" content=\"853\" \/>\n\t<meta property=\"og:image:type\" content=\"image\/png\" \/>\n<meta name=\"author\" content=\"Michele Azevedo\" \/>\n<meta name=\"twitter:card\" content=\"summary_large_image\" \/>\n<meta name=\"twitter:label1\" content=\"\u00c9crit par\" \/>\n\t<meta name=\"twitter:data1\" content=\"Michele Azevedo\" \/>\n\t<meta name=\"twitter:label2\" content=\"Dur\u00e9e de lecture estim\u00e9e\" \/>\n\t<meta name=\"twitter:data2\" content=\"5 minutes\" \/>\n<script type=\"application\/ld+json\" class=\"yoast-schema-graph\">{\"@context\":\"https:\\\/\\\/schema.org\",\"@graph\":[{\"@type\":\"Article\",\"@id\":\"https:\\\/\\\/www.oracaoefe.com\\\/oracao-para-comecar-bem-o-dia-pratique-a-compaixao\\\/#article\",\"isPartOf\":{\"@id\":\"https:\\\/\\\/www.oracaoefe.com\\\/oracao-para-comecar-bem-o-dia-pratique-a-compaixao\\\/\"},\"author\":{\"name\":\"Michele Azevedo\",\"@id\":\"https:\\\/\\\/www.oracaoefe.com\\\/#\\\/schema\\\/person\\\/17283c669442cf005c4d5bb58adfb7f5\"},\"headline\":\"Ora\u00e7\u00e3o para come\u00e7ar bem o dia: Pratique a compaix\u00e3o\",\"datePublished\":\"2023-02-27T09:00:00+00:00\",\"mainEntityOfPage\":{\"@id\":\"https:\\\/\\\/www.oracaoefe.com\\\/oracao-para-comecar-bem-o-dia-pratique-a-compaixao\\\/\"},\"wordCount\":1050,\"image\":{\"@id\":\"https:\\\/\\\/www.oracaoefe.com\\\/oracao-para-comecar-bem-o-dia-pratique-a-compaixao\\\/#primaryimage\"},\"thumbnailUrl\":\"https:\\\/\\\/www.oracaoefe.com\\\/wp-content\\\/uploads\\\/2023\\\/02\\\/image-6.png\",\"keywords\":[\"ora\u00e7\u00e3o do dia\",\"prece do dia\"],\"articleSection\":[\"Ora\u00e7\u00e3o\"],\"inLanguage\":\"fr-FR\"},{\"@type\":\"WebPage\",\"@id\":\"https:\\\/\\\/www.oracaoefe.com\\\/oracao-para-comecar-bem-o-dia-pratique-a-compaixao\\\/\",\"url\":\"https:\\\/\\\/www.oracaoefe.com\\\/oracao-para-comecar-bem-o-dia-pratique-a-compaixao\\\/\",\"name\":\"Ora\u00e7\u00e3o para come\u00e7ar bem o dia: Pratique a compaix\u00e3o - Ora\u00e7\u00e3o e F\u00e9\",\"isPartOf\":{\"@id\":\"https:\\\/\\\/www.oracaoefe.com\\\/#website\"},\"primaryImageOfPage\":{\"@id\":\"https:\\\/\\\/www.oracaoefe.com\\\/oracao-para-comecar-bem-o-dia-pratique-a-compaixao\\\/#primaryimage\"},\"image\":{\"@id\":\"https:\\\/\\\/www.oracaoefe.com\\\/oracao-para-comecar-bem-o-dia-pratique-a-compaixao\\\/#primaryimage\"},\"thumbnailUrl\":\"https:\\\/\\\/www.oracaoefe.com\\\/wp-content\\\/uploads\\\/2023\\\/02\\\/image-6.png\",\"datePublished\":\"2023-02-27T09:00:00+00:00\",\"author\":{\"@id\":\"https:\\\/\\\/www.oracaoefe.com\\\/#\\\/schema\\\/person\\\/17283c669442cf005c4d5bb58adfb7f5\"},\"description\":\"Deus tem pra voc\u00ea uma palavra de vida!\",\"breadcrumb\":{\"@id\":\"https:\\\/\\\/www.oracaoefe.com\\\/oracao-para-comecar-bem-o-dia-pratique-a-compaixao\\\/#breadcrumb\"},\"inLanguage\":\"fr-FR\",\"potentialAction\":[{\"@type\":\"ReadAction\",\"target\":[\"https:\\\/\\\/www.oracaoefe.com\\\/oracao-para-comecar-bem-o-dia-pratique-a-compaixao\\\/\"]}]},{\"@type\":\"ImageObject\",\"inLanguage\":\"fr-FR\",\"@id\":\"https:\\\/\\\/www.oracaoefe.com\\\/oracao-para-comecar-bem-o-dia-pratique-a-compaixao\\\/#primaryimage\",\"url\":\"https:\\\/\\\/www.oracaoefe.com\\\/wp-content\\\/uploads\\\/2023\\\/02\\\/image-6.png\",\"contentUrl\":\"https:\\\/\\\/www.oracaoefe.com\\\/wp-content\\\/uploads\\\/2023\\\/02\\\/image-6.png\",\"width\":1280,\"height\":853},{\"@type\":\"BreadcrumbList\",\"@id\":\"https:\\\/\\\/www.oracaoefe.com\\\/oracao-para-comecar-bem-o-dia-pratique-a-compaixao\\\/#breadcrumb\",\"itemListElement\":[{\"@type\":\"ListItem\",\"position\":1,\"name\":\"Home\",\"item\":\"https:\\\/\\\/www.oracaoefe.com\\\/\"},{\"@type\":\"ListItem\",\"position\":2,\"name\":\"Ora\u00e7\u00e3o\",\"item\":\"https:\\\/\\\/www.oracaoefe.com\\\/category\\\/oracao\\\/\"},{\"@type\":\"ListItem\",\"position\":3,\"name\":\"Ora\u00e7\u00e3o para come\u00e7ar bem o dia: Pratique a compaix\u00e3o\"}]},{\"@type\":\"WebSite\",\"@id\":\"https:\\\/\\\/www.oracaoefe.com\\\/#website\",\"url\":\"https:\\\/\\\/www.oracaoefe.com\\\/\",\"name\":\"Ora\u00e7\u00e3o e F\u00e9\",\"description\":\"\",\"potentialAction\":[{\"@type\":\"SearchAction\",\"target\":{\"@type\":\"EntryPoint\",\"urlTemplate\":\"https:\\\/\\\/www.oracaoefe.com\\\/?s={search_term_string}\"},\"query-input\":{\"@type\":\"PropertyValueSpecification\",\"valueRequired\":true,\"valueName\":\"search_term_string\"}}],\"inLanguage\":\"fr-FR\"},{\"@type\":\"Person\",\"@id\":\"https:\\\/\\\/www.oracaoefe.com\\\/#\\\/schema\\\/person\\\/17283c669442cf005c4d5bb58adfb7f5\",\"name\":\"Michele Azevedo\",\"image\":{\"@type\":\"ImageObject\",\"inLanguage\":\"fr-FR\",\"@id\":\"https:\\\/\\\/secure.gravatar.com\\\/avatar\\\/6b0eb9d22841282815e2cd856a0061c45e1761cd54b22e952d98c4746939aa85?s=96&d=mm&r=g\",\"url\":\"https:\\\/\\\/secure.gravatar.com\\\/avatar\\\/6b0eb9d22841282815e2cd856a0061c45e1761cd54b22e952d98c4746939aa85?s=96&d=mm&r=g\",\"contentUrl\":\"https:\\\/\\\/secure.gravatar.com\\\/avatar\\\/6b0eb9d22841282815e2cd856a0061c45e1761cd54b22e952d98c4746939aa85?s=96&d=mm&r=g\",\"caption\":\"Michele Azevedo\"},\"description\":\"Formada em Letras - Portugu\u00eas\\\/ Ingl\u00eas pela Universidade Estadual de Ponta Grossa (UEPG), p\u00f3s-graduada em Arte na Educa\u00e7\u00e3o (FAPI) e Psicopedagogia Escolar (FAPI), idealizadora e propriet\u00e1ria do site Escritora de Sucesso, possui experi\u00eancia em escrita para blogs em geral e atua como redatora e revisora dos conte\u00fados do Ora\u00e7\u00e3o e F\u00e9.\",\"url\":\"https:\\\/\\\/www.oracaoefe.com\\\/fr\\\/author\\\/michele-azevedo\\\/\"}]}<\/script>\n<!-- \/ Yoast SEO plugin. -->","yoast_head_json":{"title":"Ora\u00e7\u00e3o para come\u00e7ar bem o dia: Pratique a compaix\u00e3o - Ora\u00e7\u00e3o e F\u00e9","description":"Dieu a une parole de vie pour vous !","robots":{"index":"index","follow":"follow","max-snippet":"max-snippet:-1","max-image-preview":"max-image-preview:large","max-video-preview":"max-video-preview:-1"},"canonical":"https:\/\/www.oracaoefe.com\/fr\/oracao-para-comecar-bem-o-dia-pratique-a-compaixao\/","og_locale":"fr_FR","og_type":"article","og_title":"Ora\u00e7\u00e3o para come\u00e7ar bem o dia: Pratique a compaix\u00e3o - Ora\u00e7\u00e3o e F\u00e9","og_description":"Deus tem pra voc\u00ea uma palavra de vida!","og_url":"https:\/\/www.oracaoefe.com\/fr\/oracao-para-comecar-bem-o-dia-pratique-a-compaixao\/","og_site_name":"Ora\u00e7\u00e3o e F\u00e9","article_published_time":"2023-02-27T09:00:00+00:00","og_image":[{"width":1280,"height":853,"url":"https:\/\/www.oracaoefe.com\/wp-content\/uploads\/2023\/02\/image-6.png","type":"image\/png"}],"author":"Michele Azevedo","twitter_card":"summary_large_image","twitter_misc":{"\u00c9crit par":"Michele Azevedo","Dur\u00e9e de lecture estim\u00e9e":"5 minutes"},"schema":{"@context":"https:\/\/schema.org","@graph":[{"@type":"Article","@id":"https:\/\/www.oracaoefe.com\/oracao-para-comecar-bem-o-dia-pratique-a-compaixao\/#article","isPartOf":{"@id":"https:\/\/www.oracaoefe.com\/oracao-para-comecar-bem-o-dia-pratique-a-compaixao\/"},"author":{"name":"Michele Azevedo","@id":"https:\/\/www.oracaoefe.com\/#\/schema\/person\/17283c669442cf005c4d5bb58adfb7f5"},"headline":"Ora\u00e7\u00e3o para come\u00e7ar bem o dia: Pratique a compaix\u00e3o","datePublished":"2023-02-27T09:00:00+00:00","mainEntityOfPage":{"@id":"https:\/\/www.oracaoefe.com\/oracao-para-comecar-bem-o-dia-pratique-a-compaixao\/"},"wordCount":1050,"image":{"@id":"https:\/\/www.oracaoefe.com\/oracao-para-comecar-bem-o-dia-pratique-a-compaixao\/#primaryimage"},"thumbnailUrl":"https:\/\/www.oracaoefe.com\/wp-content\/uploads\/2023\/02\/image-6.png","keywords":["ora\u00e7\u00e3o do dia","prece do dia"],"articleSection":["Ora\u00e7\u00e3o"],"inLanguage":"fr-FR"},{"@type":"WebPage","@id":"https:\/\/www.oracaoefe.com\/oracao-para-comecar-bem-o-dia-pratique-a-compaixao\/","url":"https:\/\/www.oracaoefe.com\/oracao-para-comecar-bem-o-dia-pratique-a-compaixao\/","name":"Ora\u00e7\u00e3o para come\u00e7ar bem o dia: Pratique a compaix\u00e3o - Ora\u00e7\u00e3o e F\u00e9","isPartOf":{"@id":"https:\/\/www.oracaoefe.com\/#website"},"primaryImageOfPage":{"@id":"https:\/\/www.oracaoefe.com\/oracao-para-comecar-bem-o-dia-pratique-a-compaixao\/#primaryimage"},"image":{"@id":"https:\/\/www.oracaoefe.com\/oracao-para-comecar-bem-o-dia-pratique-a-compaixao\/#primaryimage"},"thumbnailUrl":"https:\/\/www.oracaoefe.com\/wp-content\/uploads\/2023\/02\/image-6.png","datePublished":"2023-02-27T09:00:00+00:00","author":{"@id":"https:\/\/www.oracaoefe.com\/#\/schema\/person\/17283c669442cf005c4d5bb58adfb7f5"},"description":"Dieu a une parole de vie pour vous !","breadcrumb":{"@id":"https:\/\/www.oracaoefe.com\/oracao-para-comecar-bem-o-dia-pratique-a-compaixao\/#breadcrumb"},"inLanguage":"fr-FR","potentialAction":[{"@type":"ReadAction","target":["https:\/\/www.oracaoefe.com\/oracao-para-comecar-bem-o-dia-pratique-a-compaixao\/"]}]},{"@type":"ImageObject","inLanguage":"fr-FR","@id":"https:\/\/www.oracaoefe.com\/oracao-para-comecar-bem-o-dia-pratique-a-compaixao\/#primaryimage","url":"https:\/\/www.oracaoefe.com\/wp-content\/uploads\/2023\/02\/image-6.png","contentUrl":"https:\/\/www.oracaoefe.com\/wp-content\/uploads\/2023\/02\/image-6.png","width":1280,"height":853},{"@type":"BreadcrumbList","@id":"https:\/\/www.oracaoefe.com\/oracao-para-comecar-bem-o-dia-pratique-a-compaixao\/#breadcrumb","itemListElement":[{"@type":"ListItem","position":1,"name":"Home","item":"https:\/\/www.oracaoefe.com\/"},{"@type":"ListItem","position":2,"name":"Ora\u00e7\u00e3o","item":"https:\/\/www.oracaoefe.com\/category\/oracao\/"},{"@type":"ListItem","position":3,"name":"Ora\u00e7\u00e3o para come\u00e7ar bem o dia: Pratique a compaix\u00e3o"}]},{"@type":"WebSite","@id":"https:\/\/www.oracaoefe.com\/#website","url":"https:\/\/www.oracaoefe.com\/","name":"Pri\u00e8re et foi","description":"","potentialAction":[{"@type":"SearchAction","target":{"@type":"EntryPoint","urlTemplate":"https:\/\/www.oracaoefe.com\/?s={search_term_string}"},"query-input":{"@type":"PropertyValueSpecification","valueRequired":true,"valueName":"search_term_string"}}],"inLanguage":"fr-FR"},{"@type":"Person","@id":"https:\/\/www.oracaoefe.com\/#\/schema\/person\/17283c669442cf005c4d5bb58adfb7f5","name":"Michele Azevedo","image":{"@type":"ImageObject","inLanguage":"fr-FR","@id":"https:\/\/secure.gravatar.com\/avatar\/6b0eb9d22841282815e2cd856a0061c45e1761cd54b22e952d98c4746939aa85?s=96&d=mm&r=g","url":"https:\/\/secure.gravatar.com\/avatar\/6b0eb9d22841282815e2cd856a0061c45e1761cd54b22e952d98c4746939aa85?s=96&d=mm&r=g","contentUrl":"https:\/\/secure.gravatar.com\/avatar\/6b0eb9d22841282815e2cd856a0061c45e1761cd54b22e952d98c4746939aa85?s=96&d=mm&r=g","caption":"Michele Azevedo"},"description":"Dipl\u00f4m\u00e9e en litt\u00e9rature portugaise\/anglaise de l&#039;Universit\u00e9 d&#039;\u00c9tat de Ponta Grossa (UEPG), avec des dipl\u00f4mes de troisi\u00e8me cycle en art dans l&#039;\u00e9ducation (FAPI) et en psychop\u00e9dagogie scolaire (FAPI), elle est la cr\u00e9atrice et propri\u00e9taire du site web Escritora de Sucesso, a de l&#039;exp\u00e9rience dans l&#039;\u00e9criture pour les blogs en g\u00e9n\u00e9ral et travaille comme r\u00e9dactrice et \u00e9ditrice du contenu pour Ora\u00e7\u00e3o e F\u00e9.","url":"https:\/\/www.oracaoefe.com\/fr\/author\/michele-azevedo\/"}]}},"_links":{"self":[{"href":"https:\/\/www.oracaoefe.com\/fr\/wp-json\/wp\/v2\/posts\/1933","targetHints":{"allow":["GET"]}}],"collection":[{"href":"https:\/\/www.oracaoefe.com\/fr\/wp-json\/wp\/v2\/posts"}],"about":[{"href":"https:\/\/www.oracaoefe.com\/fr\/wp-json\/wp\/v2\/types\/post"}],"author":[{"embeddable":true,"href":"https:\/\/www.oracaoefe.com\/fr\/wp-json\/wp\/v2\/users\/3"}],"replies":[{"embeddable":true,"href":"https:\/\/www.oracaoefe.com\/fr\/wp-json\/wp\/v2\/comments?post=1933"}],"version-history":[{"count":1,"href":"https:\/\/www.oracaoefe.com\/fr\/wp-json\/wp\/v2\/posts\/1933\/revisions"}],"predecessor-version":[{"id":1935,"href":"https:\/\/www.oracaoefe.com\/fr\/wp-json\/wp\/v2\/posts\/1933\/revisions\/1935"}],"wp:featuredmedia":[{"embeddable":true,"href":"https:\/\/www.oracaoefe.com\/fr\/wp-json\/wp\/v2\/media\/1934"}],"wp:attachment":[{"href":"https:\/\/www.oracaoefe.com\/fr\/wp-json\/wp\/v2\/media?parent=1933"}],"wp:term":[{"taxonomy":"category","embeddable":true,"href":"https:\/\/www.oracaoefe.com\/fr\/wp-json\/wp\/v2\/categories?post=1933"},{"taxonomy":"post_tag","embeddable":true,"href":"https:\/\/www.oracaoefe.com\/fr\/wp-json\/wp\/v2\/tags?post=1933"}],"curies":[{"name":"wp","href":"https:\/\/api.w.org\/{rel}","templated":true}]}}